{"id":19219,"date":"2025-03-04T18:43:16","date_gmt":"2025-03-04T16:43:16","guid":{"rendered":"https:\/\/haberkuzey.com\/index.php\/2025\/03\/04\/cumhurbaskani-tatar-secimde-yeniden-aday-olacagim\/"},"modified":"2025-03-04T18:43:16","modified_gmt":"2025-03-04T16:43:16","slug":"cumhurbaskani-tatar-secimde-yeniden-aday-olacagim","status":"publish","type":"post","link":"https:\/\/haberkuzey.com\/index.php\/2025\/03\/04\/cumhurbaskani-tatar-secimde-yeniden-aday-olacagim\/","title":{"rendered":"Cumhurba\u015fkan\u0131 Tatar: Se\u00e7imde yeniden aday olaca\u011f\u0131m"},"content":{"rendered":"<div>\n<div class=\"mariselle-image-container center\">\n                                            <\/div>\n<p>KKTC halk\u0131 5 y\u0131lda bir ger\u00e7ekle\u015ftirilen Cumhurba\u015fkanl\u0131\u011f\u0131 se\u00e7imi i\u00e7in bu y\u0131l sand\u0131k ba\u015f\u0131na gidecek. <\/p>\n<p>Se\u00e7im \u00f6ncesi de\u011ferlendirmelerde bulunan Cumhurba\u015fkan\u0131 Ersin Tatar, 2025 Cumhurba\u015fkanl\u0131\u011f\u0131 se\u00e7iminde yeniden aday olaca\u011f\u0131n\u0131 a\u00e7\u0131klad\u0131.<\/p>\n<p>Cumhurba\u015fkan\u0131 Ersin Tatar, \u00f6zel bir kanala yapt\u0131\u011f\u0131 de\u011ferlendirmede, bu y\u0131l yap\u0131lacak Cumhurba\u015fkanl\u0131\u011f\u0131 se\u00e7iminde yeniden aday olaca\u011f\u0131n\u0131 belirtti.<\/p>\n<p>Cumhurba\u015fkan\u0131 Tatar, \u201c\u0130ki devletli \u00e7\u00f6z\u00fcm siyasetini savunan ve T\u00fcrkiye ile iyi ili\u015fkiler kurulmas\u0131n\u0131 isteyen ki\u015filerin deste\u011fini bekliyorum. Alaca\u011f\u0131m destek \u00f6nemli. Temsil etti\u011fim siyasi duru\u015fum, T\u00fcrkiye ile yurt d\u0131\u015f\u0131 temaslar\u0131m ve ortaya koydu\u011fum iki devletli \u00e7\u00f6z\u00fcm siyasetinin k\u00f6kle\u015fmesi ve kurumsalla\u015fmas\u0131 ortadad\u0131r. T\u00fcrkiye ile yaratt\u0131\u011f\u0131m\u0131z iyi ili\u015fkilerden dolay\u0131 \u00fclkeye gelen \u00f6\u011frenci, turist ve i\u015f insan\u0131 artm\u0131\u015ft\u0131r\u201d ifadelerini kulland\u0131.<\/p>\n<\/p><\/div>\n<p><script async\n                    defer\n                    crossorigin=\"anonymous\"\n                    src=\"https:\/\/connect.facebook.net\/tr_TR\/sdk.js#xfbml=1&#038;version=v3.3\"\n            ><\/script><\/p>\n","protected":false},"excerpt":{"rendered":"<p>KKTC halk\u0131 5 y\u0131lda bir ger\u00e7ekle\u015ftirilen Cumhurba\u015fkanl\u0131\u011f\u0131 se\u00e7imi i\u00e7in bu y\u0131l sand\u0131k ba\u015f\u0131na gidecek. Se\u00e7im \u00f6ncesi de\u011ferlendirmelerde bulunan Cumhurba\u015fkan\u0131 Ersin Tatar, 2025 Cumhurba\u015fkanl\u0131\u011f\u0131 se\u00e7iminde yeniden aday olaca\u011f\u0131n\u0131 a\u00e7\u0131klad\u0131. Cumhurba\u015fkan\u0131 Ersin Tatar, \u00f6zel bir kanala yapt\u0131\u011f\u0131 de\u011ferlendirmede, bu y\u0131l yap\u0131lacak Cumhurba\u015fkanl\u0131\u011f\u0131 se\u00e7iminde yeniden aday olaca\u011f\u0131n\u0131 belirtti. Cumhurba\u015fkan\u0131 Tatar, \u201c\u0130ki devletli \u00e7\u00f6z\u00fcm siyasetini savunan ve T\u00fcrkiye ile [&hellip;]<\/p>\n","protected":false},"author":1,"featured_media":16816,"comment_status":"open","ping_status":"open","sticky":false,"template":"","format":"standard","meta":{"jnews-multi-image_gallery":[],"jnews_single_post":[],"jnews_primary_category":[],"footnotes":""},"categories":[1],"tags":[],"class_list":["post-19219","post","type-post","status-publish","format-standard","has-post-thumbnail","hentry","category-kibris"],"yoast_head":"<!-- This site is optimized with the Yoast SEO plugin v27.4 - https:\/\/yoast.com\/product\/yoast-seo-wordpress\/ -->\n<title>Cumhurba\u015fkan\u0131 Tatar: Se\u00e7imde yeniden aday olaca\u011f\u0131m - Haber Kuzey<\/title>\n<meta name=\"robots\" content=\"index, follow, max-snippet:-1, max-image-preview:large, max-video-preview:-1\" \/>\n<link rel=\"canonical\" href=\"https:\/\/haberkuzey.com\/index.php\/2025\/03\/04\/cumhurbaskani-tatar-secimde-yeniden-aday-olacagim\/\" \/>\n<meta property=\"og:locale\" content=\"tr_TR\" \/>\n<meta property=\"og:type\" content=\"article\" \/>\n<meta property=\"og:title\" content=\"Cumhurba\u015fkan\u0131 Tatar: Se\u00e7imde yeniden aday olaca\u011f\u0131m - Haber Kuzey\" \/>\n<meta property=\"og:description\" content=\"KKTC halk\u0131 5 y\u0131lda bir ger\u00e7ekle\u015ftirilen Cumhurba\u015fkanl\u0131\u011f\u0131 se\u00e7imi i\u00e7in bu y\u0131l sand\u0131k ba\u015f\u0131na gidecek. Se\u00e7im \u00f6ncesi de\u011ferlendirmelerde bulunan Cumhurba\u015fkan\u0131 Ersin Tatar, 2025 Cumhurba\u015fkanl\u0131\u011f\u0131 se\u00e7iminde yeniden aday olaca\u011f\u0131n\u0131 a\u00e7\u0131klad\u0131. Cumhurba\u015fkan\u0131 Ersin Tatar, \u00f6zel bir kanala yapt\u0131\u011f\u0131 de\u011ferlendirmede, bu y\u0131l yap\u0131lacak Cumhurba\u015fkanl\u0131\u011f\u0131 se\u00e7iminde yeniden aday olaca\u011f\u0131n\u0131 belirtti. Cumhurba\u015fkan\u0131 Tatar, \u201c\u0130ki devletli \u00e7\u00f6z\u00fcm siyasetini savunan ve T\u00fcrkiye ile [&hellip;]\" \/>\n<meta property=\"og:url\" content=\"https:\/\/haberkuzey.com\/index.php\/2025\/03\/04\/cumhurbaskani-tatar-secimde-yeniden-aday-olacagim\/\" \/>\n<meta property=\"og:site_name\" content=\"Haber Kuzey\" \/>\n<meta property=\"article:published_time\" content=\"2025-03-04T16:43:16+00:00\" \/>\n<meta property=\"og:image\" content=\"https:\/\/brtk.net\/wp-content\/uploads\/2025\/03\/04\/1741091410927TATAR-KARAR.jpg?ver=5635e1165c56e01000a25410b26ecb12\" \/>\n<meta name=\"author\" content=\"haberkuzey\" \/>\n<meta name=\"twitter:card\" content=\"summary_large_image\" \/>\n<meta name=\"twitter:label1\" content=\"Yazan:\" \/>\n\t<meta name=\"twitter:data1\" content=\"haberkuzey\" \/>\n\t<meta name=\"twitter:label2\" content=\"Tahmini okuma s\u00fcresi\" \/>\n\t<meta name=\"twitter:data2\" content=\"1 dakika\" \/>\n<script type=\"application\/ld+json\" class=\"yoast-schema-graph\">{\"@context\":\"https:\\\/\\\/schema.org\",\"@graph\":[{\"@type\":\"Article\",\"@id\":\"https:\\\/\\\/haberkuzey.com\\\/index.php\\\/2025\\\/03\\\/04\\\/cumhurbaskani-tatar-secimde-yeniden-aday-olacagim\\\/#article\",\"isPartOf\":{\"@id\":\"https:\\\/\\\/haberkuzey.com\\\/index.php\\\/2025\\\/03\\\/04\\\/cumhurbaskani-tatar-secimde-yeniden-aday-olacagim\\\/\"},\"author\":{\"name\":\"haberkuzey\",\"@id\":\"https:\\\/\\\/haberkuzey.com\\\/#\\\/schema\\\/person\\\/3372109ec735f9333f4fa47ebb9605ca\"},\"headline\":\"Cumhurba\u015fkan\u0131 Tatar: Se\u00e7imde yeniden aday olaca\u011f\u0131m\",\"datePublished\":\"2025-03-04T16:43:16+00:00\",\"mainEntityOfPage\":{\"@id\":\"https:\\\/\\\/haberkuzey.com\\\/index.php\\\/2025\\\/03\\\/04\\\/cumhurbaskani-tatar-secimde-yeniden-aday-olacagim\\\/\"},\"wordCount\":155,\"commentCount\":0,\"image\":{\"@id\":\"https:\\\/\\\/haberkuzey.com\\\/index.php\\\/2025\\\/03\\\/04\\\/cumhurbaskani-tatar-secimde-yeniden-aday-olacagim\\\/#primaryimage\"},\"thumbnailUrl\":\"https:\\\/\\\/haberkuzey.com\\\/wp-content\\\/uploads\\\/2025\\\/01\\\/1737379104981CB-TATAR-BASIN-TOPLANTISI-scaled.jpg\",\"articleSection\":[\"K\u0131br\u0131s\"],\"inLanguage\":\"tr\",\"potentialAction\":[{\"@type\":\"CommentAction\",\"name\":\"Comment\",\"target\":[\"https:\\\/\\\/haberkuzey.com\\\/index.php\\\/2025\\\/03\\\/04\\\/cumhurbaskani-tatar-secimde-yeniden-aday-olacagim\\\/#respond\"]}]},{\"@type\":\"WebPage\",\"@id\":\"https:\\\/\\\/haberkuzey.com\\\/index.php\\\/2025\\\/03\\\/04\\\/cumhurbaskani-tatar-secimde-yeniden-aday-olacagim\\\/\",\"url\":\"https:\\\/\\\/haberkuzey.com\\\/index.php\\\/2025\\\/03\\\/04\\\/cumhurbaskani-tatar-secimde-yeniden-aday-olacagim\\\/\",\"name\":\"Cumhurba\u015fkan\u0131 Tatar: Se\u00e7imde yeniden aday olaca\u011f\u0131m - Haber Kuzey\",\"isPartOf\":{\"@id\":\"https:\\\/\\\/haberkuzey.com\\\/#website\"},\"primaryImageOfPage\":{\"@id\":\"https:\\\/\\\/haberkuzey.com\\\/index.php\\\/2025\\\/03\\\/04\\\/cumhurbaskani-tatar-secimde-yeniden-aday-olacagim\\\/#primaryimage\"},\"image\":{\"@id\":\"https:\\\/\\\/haberkuzey.com\\\/index.php\\\/2025\\\/03\\\/04\\\/cumhurbaskani-tatar-secimde-yeniden-aday-olacagim\\\/#primaryimage\"},\"thumbnailUrl\":\"https:\\\/\\\/haberkuzey.com\\\/wp-content\\\/uploads\\\/2025\\\/01\\\/1737379104981CB-TATAR-BASIN-TOPLANTISI-scaled.jpg\",\"datePublished\":\"2025-03-04T16:43:16+00:00\",\"author\":{\"@id\":\"https:\\\/\\\/haberkuzey.com\\\/#\\\/schema\\\/person\\\/3372109ec735f9333f4fa47ebb9605ca\"},\"breadcrumb\":{\"@id\":\"https:\\\/\\\/haberkuzey.com\\\/index.php\\\/2025\\\/03\\\/04\\\/cumhurbaskani-tatar-secimde-yeniden-aday-olacagim\\\/#breadcrumb\"},\"inLanguage\":\"tr\",\"potentialAction\":[{\"@type\":\"ReadAction\",\"target\":[\"https:\\\/\\\/haberkuzey.com\\\/index.php\\\/2025\\\/03\\\/04\\\/cumhurbaskani-tatar-secimde-yeniden-aday-olacagim\\\/\"]}]},{\"@type\":\"ImageObject\",\"inLanguage\":\"tr\",\"@id\":\"https:\\\/\\\/haberkuzey.com\\\/index.php\\\/2025\\\/03\\\/04\\\/cumhurbaskani-tatar-secimde-yeniden-aday-olacagim\\\/#primaryimage\",\"url\":\"https:\\\/\\\/haberkuzey.com\\\/wp-content\\\/uploads\\\/2025\\\/01\\\/1737379104981CB-TATAR-BASIN-TOPLANTISI-scaled.jpg\",\"contentUrl\":\"https:\\\/\\\/haberkuzey.com\\\/wp-content\\\/uploads\\\/2025\\\/01\\\/1737379104981CB-TATAR-BASIN-TOPLANTISI-scaled.jpg\",\"width\":2560,\"height\":1707},{\"@type\":\"BreadcrumbList\",\"@id\":\"https:\\\/\\\/haberkuzey.com\\\/index.php\\\/2025\\\/03\\\/04\\\/cumhurbaskani-tatar-secimde-yeniden-aday-olacagim\\\/#breadcrumb\",\"itemListElement\":[{\"@type\":\"ListItem\",\"position\":1,\"name\":\"Anasayfa\",\"item\":\"https:\\\/\\\/haberkuzey.com\\\/\"},{\"@type\":\"ListItem\",\"position\":2,\"name\":\"Cumhurba\u015fkan\u0131 Tatar: Se\u00e7imde yeniden aday olaca\u011f\u0131m\"}]},{\"@type\":\"WebSite\",\"@id\":\"https:\\\/\\\/haberkuzey.com\\\/#website\",\"url\":\"https:\\\/\\\/haberkuzey.com\\\/\",\"name\":\"Haber Kuzey\",\"description\":\"Do\u011fru Haberin Adresi\",\"potentialAction\":[{\"@type\":\"SearchAction\",\"target\":{\"@type\":\"EntryPoint\",\"urlTemplate\":\"https:\\\/\\\/haberkuzey.com\\\/?s={search_term_string}\"},\"query-input\":{\"@type\":\"PropertyValueSpecification\",\"valueRequired\":true,\"valueName\":\"search_term_string\"}}],\"inLanguage\":\"tr\"},{\"@type\":\"Person\",\"@id\":\"https:\\\/\\\/haberkuzey.com\\\/#\\\/schema\\\/person\\\/3372109ec735f9333f4fa47ebb9605ca\",\"name\":\"haberkuzey\",\"image\":{\"@type\":\"ImageObject\",\"inLanguage\":\"tr\",\"@id\":\"https:\\\/\\\/secure.gravatar.com\\\/avatar\\\/f5fc875574b1575324358c3b9e6a32b8227aa5b74f3fa22e3cadb63e26fcc39c?s=96&d=mm&r=g\",\"url\":\"https:\\\/\\\/secure.gravatar.com\\\/avatar\\\/f5fc875574b1575324358c3b9e6a32b8227aa5b74f3fa22e3cadb63e26fcc39c?s=96&d=mm&r=g\",\"contentUrl\":\"https:\\\/\\\/secure.gravatar.com\\\/avatar\\\/f5fc875574b1575324358c3b9e6a32b8227aa5b74f3fa22e3cadb63e26fcc39c?s=96&d=mm&r=g\",\"caption\":\"haberkuzey\"},\"sameAs\":[\"https:\\\/\\\/haberkuzey.com\"],\"url\":\"https:\\\/\\\/haberkuzey.com\\\/index.php\\\/author\\\/haberkuzey\\\/\"}]}<\/script>\n<!-- \/ Yoast SEO plugin. -->","yoast_head_json":{"title":"Cumhurba\u015fkan\u0131 Tatar: Se\u00e7imde yeniden aday olaca\u011f\u0131m - Haber Kuzey","robots":{"index":"index","follow":"follow","max-snippet":"max-snippet:-1","max-image-preview":"max-image-preview:large","max-video-preview":"max-video-preview:-1"},"canonical":"https:\/\/haberkuzey.com\/index.php\/2025\/03\/04\/cumhurbaskani-tatar-secimde-yeniden-aday-olacagim\/","og_locale":"tr_TR","og_type":"article","og_title":"Cumhurba\u015fkan\u0131 Tatar: Se\u00e7imde yeniden aday olaca\u011f\u0131m - Haber Kuzey","og_description":"KKTC halk\u0131 5 y\u0131lda bir ger\u00e7ekle\u015ftirilen Cumhurba\u015fkanl\u0131\u011f\u0131 se\u00e7imi i\u00e7in bu y\u0131l sand\u0131k ba\u015f\u0131na gidecek. Se\u00e7im \u00f6ncesi de\u011ferlendirmelerde bulunan Cumhurba\u015fkan\u0131 Ersin Tatar, 2025 Cumhurba\u015fkanl\u0131\u011f\u0131 se\u00e7iminde yeniden aday olaca\u011f\u0131n\u0131 a\u00e7\u0131klad\u0131. Cumhurba\u015fkan\u0131 Ersin Tatar, \u00f6zel bir kanala yapt\u0131\u011f\u0131 de\u011ferlendirmede, bu y\u0131l yap\u0131lacak Cumhurba\u015fkanl\u0131\u011f\u0131 se\u00e7iminde yeniden aday olaca\u011f\u0131n\u0131 belirtti. Cumhurba\u015fkan\u0131 Tatar, \u201c\u0130ki devletli \u00e7\u00f6z\u00fcm siyasetini savunan ve T\u00fcrkiye ile [&hellip;]","og_url":"https:\/\/haberkuzey.com\/index.php\/2025\/03\/04\/cumhurbaskani-tatar-secimde-yeniden-aday-olacagim\/","og_site_name":"Haber Kuzey","article_published_time":"2025-03-04T16:43:16+00:00","og_image":[{"url":"https:\/\/brtk.net\/wp-content\/uploads\/2025\/03\/04\/1741091410927TATAR-KARAR.jpg?ver=5635e1165c56e01000a25410b26ecb12","type":"","width":"","height":""}],"author":"haberkuzey","twitter_card":"summary_large_image","twitter_misc":{"Yazan:":"haberkuzey","Tahmini okuma s\u00fcresi":"1 dakika"},"schema":{"@context":"https:\/\/schema.org","@graph":[{"@type":"Article","@id":"https:\/\/haberkuzey.com\/index.php\/2025\/03\/04\/cumhurbaskani-tatar-secimde-yeniden-aday-olacagim\/#article","isPartOf":{"@id":"https:\/\/haberkuzey.com\/index.php\/2025\/03\/04\/cumhurbaskani-tatar-secimde-yeniden-aday-olacagim\/"},"author":{"name":"haberkuzey","@id":"https:\/\/haberkuzey.com\/#\/schema\/person\/3372109ec735f9333f4fa47ebb9605ca"},"headline":"Cumhurba\u015fkan\u0131 Tatar: Se\u00e7imde yeniden aday olaca\u011f\u0131m","datePublished":"2025-03-04T16:43:16+00:00","mainEntityOfPage":{"@id":"https:\/\/haberkuzey.com\/index.php\/2025\/03\/04\/cumhurbaskani-tatar-secimde-yeniden-aday-olacagim\/"},"wordCount":155,"commentCount":0,"image":{"@id":"https:\/\/haberkuzey.com\/index.php\/2025\/03\/04\/cumhurbaskani-tatar-secimde-yeniden-aday-olacagim\/#primaryimage"},"thumbnailUrl":"https:\/\/haberkuzey.com\/wp-content\/uploads\/2025\/01\/1737379104981CB-TATAR-BASIN-TOPLANTISI-scaled.jpg","articleSection":["K\u0131br\u0131s"],"inLanguage":"tr","potentialAction":[{"@type":"CommentAction","name":"Comment","target":["https:\/\/haberkuzey.com\/index.php\/2025\/03\/04\/cumhurbaskani-tatar-secimde-yeniden-aday-olacagim\/#respond"]}]},{"@type":"WebPage","@id":"https:\/\/haberkuzey.com\/index.php\/2025\/03\/04\/cumhurbaskani-tatar-secimde-yeniden-aday-olacagim\/","url":"https:\/\/haberkuzey.com\/index.php\/2025\/03\/04\/cumhurbaskani-tatar-secimde-yeniden-aday-olacagim\/","name":"Cumhurba\u015fkan\u0131 Tatar: Se\u00e7imde yeniden aday olaca\u011f\u0131m - Haber Kuzey","isPartOf":{"@id":"https:\/\/haberkuzey.com\/#website"},"primaryImageOfPage":{"@id":"https:\/\/haberkuzey.com\/index.php\/2025\/03\/04\/cumhurbaskani-tatar-secimde-yeniden-aday-olacagim\/#primaryimage"},"image":{"@id":"https:\/\/haberkuzey.com\/index.php\/2025\/03\/04\/cumhurbaskani-tatar-secimde-yeniden-aday-olacagim\/#primaryimage"},"thumbnailUrl":"https:\/\/haberkuzey.com\/wp-content\/uploads\/2025\/01\/1737379104981CB-TATAR-BASIN-TOPLANTISI-scaled.jpg","datePublished":"2025-03-04T16:43:16+00:00","author":{"@id":"https:\/\/haberkuzey.com\/#\/schema\/person\/3372109ec735f9333f4fa47ebb9605ca"},"breadcrumb":{"@id":"https:\/\/haberkuzey.com\/index.php\/2025\/03\/04\/cumhurbaskani-tatar-secimde-yeniden-aday-olacagim\/#breadcrumb"},"inLanguage":"tr","potentialAction":[{"@type":"ReadAction","target":["https:\/\/haberkuzey.com\/index.php\/2025\/03\/04\/cumhurbaskani-tatar-secimde-yeniden-aday-olacagim\/"]}]},{"@type":"ImageObject","inLanguage":"tr","@id":"https:\/\/haberkuzey.com\/index.php\/2025\/03\/04\/cumhurbaskani-tatar-secimde-yeniden-aday-olacagim\/#primaryimage","url":"https:\/\/haberkuzey.com\/wp-content\/uploads\/2025\/01\/1737379104981CB-TATAR-BASIN-TOPLANTISI-scaled.jpg","contentUrl":"https:\/\/haberkuzey.com\/wp-content\/uploads\/2025\/01\/1737379104981CB-TATAR-BASIN-TOPLANTISI-scaled.jpg","width":2560,"height":1707},{"@type":"BreadcrumbList","@id":"https:\/\/haberkuzey.com\/index.php\/2025\/03\/04\/cumhurbaskani-tatar-secimde-yeniden-aday-olacagim\/#breadcrumb","itemListElement":[{"@type":"ListItem","position":1,"name":"Anasayfa","item":"https:\/\/haberkuzey.com\/"},{"@type":"ListItem","position":2,"name":"Cumhurba\u015fkan\u0131 Tatar: Se\u00e7imde yeniden aday olaca\u011f\u0131m"}]},{"@type":"WebSite","@id":"https:\/\/haberkuzey.com\/#website","url":"https:\/\/haberkuzey.com\/","name":"Haber Kuzey","description":"Do\u011fru Haberin Adresi","potentialAction":[{"@type":"SearchAction","target":{"@type":"EntryPoint","urlTemplate":"https:\/\/haberkuzey.com\/?s={search_term_string}"},"query-input":{"@type":"PropertyValueSpecification","valueRequired":true,"valueName":"search_term_string"}}],"inLanguage":"tr"},{"@type":"Person","@id":"https:\/\/haberkuzey.com\/#\/schema\/person\/3372109ec735f9333f4fa47ebb9605ca","name":"haberkuzey","image":{"@type":"ImageObject","inLanguage":"tr","@id":"https:\/\/secure.gravatar.com\/avatar\/f5fc875574b1575324358c3b9e6a32b8227aa5b74f3fa22e3cadb63e26fcc39c?s=96&d=mm&r=g","url":"https:\/\/secure.gravatar.com\/avatar\/f5fc875574b1575324358c3b9e6a32b8227aa5b74f3fa22e3cadb63e26fcc39c?s=96&d=mm&r=g","contentUrl":"https:\/\/secure.gravatar.com\/avatar\/f5fc875574b1575324358c3b9e6a32b8227aa5b74f3fa22e3cadb63e26fcc39c?s=96&d=mm&r=g","caption":"haberkuzey"},"sameAs":["https:\/\/haberkuzey.com"],"url":"https:\/\/haberkuzey.com\/index.php\/author\/haberkuzey\/"}]}},"_links":{"self":[{"href":"https:\/\/haberkuzey.com\/index.php\/wp-json\/wp\/v2\/posts\/19219","targetHints":{"allow":["GET"]}}],"collection":[{"href":"https:\/\/haberkuzey.com\/index.php\/wp-json\/wp\/v2\/posts"}],"about":[{"href":"https:\/\/haberkuzey.com\/index.php\/wp-json\/wp\/v2\/types\/post"}],"author":[{"embeddable":true,"href":"https:\/\/haberkuzey.com\/index.php\/wp-json\/wp\/v2\/users\/1"}],"replies":[{"embeddable":true,"href":"https:\/\/haberkuzey.com\/index.php\/wp-json\/wp\/v2\/comments?post=19219"}],"version-history":[{"count":0,"href":"https:\/\/haberkuzey.com\/index.php\/wp-json\/wp\/v2\/posts\/19219\/revisions"}],"wp:featuredmedia":[{"embeddable":true,"href":"https:\/\/haberkuzey.com\/index.php\/wp-json\/wp\/v2\/media\/16816"}],"wp:attachment":[{"href":"https:\/\/haberkuzey.com\/index.php\/wp-json\/wp\/v2\/media?parent=19219"}],"wp:term":[{"taxonomy":"category","embeddable":true,"href":"https:\/\/haberkuzey.com\/index.php\/wp-json\/wp\/v2\/categories?post=19219"},{"taxonomy":"post_tag","embeddable":true,"href":"https:\/\/haberkuzey.com\/index.php\/wp-json\/wp\/v2\/tags?post=19219"}],"curies":[{"name":"wp","href":"https:\/\/api.w.org\/{rel}","templated":true}]}}