{"id":19034,"date":"2025-03-01T17:10:00","date_gmt":"2025-03-01T15:10:00","guid":{"rendered":"https:\/\/haberkuzey.com\/index.php\/2025\/03\/01\/cevdet-yilmaz-terorsuz-turkiye-hedefine-yonelik-yeni-bir-asamaya-gecildi\/"},"modified":"2025-03-01T17:10:00","modified_gmt":"2025-03-01T15:10:00","slug":"cevdet-yilmaz-terorsuz-turkiye-hedefine-yonelik-yeni-bir-asamaya-gecildi","status":"publish","type":"post","link":"https:\/\/haberkuzey.com\/index.php\/2025\/03\/01\/cevdet-yilmaz-terorsuz-turkiye-hedefine-yonelik-yeni-bir-asamaya-gecildi\/","title":{"rendered":"Cevdet Y\u0131lmaz: \u201cTer\u00f6rs\u00fcz T\u00fcrkiye hedefine y\u00f6nelik yeni bir a\u015famaya ge\u00e7ildi\u201d"},"content":{"rendered":"<div>\n<div class=\"mariselle-image-container center\">\n                                            <\/div>\n<p>T\u00fcrkiye Cumhurba\u015fkan\u0131 Yard\u0131mc\u0131s\u0131 Cevdet Y\u0131lmaz, \u201cTer\u00f6r \u00f6rg\u00fct\u00fcn\u00fcn hi\u00e7bir pazarl\u0131k s\u00f6z konusu olmadan kendisini feshetmesi, g\u00fcvenlik alan\u0131nda oldu\u011fu kadar, kalk\u0131nma ve demokrasi bak\u0131m\u0131ndan da yeni bir ortam ve d\u00f6nem anlam\u0131 ta\u015f\u0131maktad\u0131r.\u201d ifadesini kulland\u0131.<\/p>\n<p>Y\u0131lmaz, sosyal medya hesab\u0131ndan yapt\u0131\u011f\u0131 payla\u015f\u0131mda, \u201cTer\u00f6rs\u00fcz T\u00fcrkiye\u201d hedefinin \u201cT\u00fcrkiye Y\u00fczy\u0131l\u0131\u201d vizyonunun ayr\u0131lmaz bir par\u00e7as\u0131 oldu\u011funa vurgu yapt\u0131.<\/p>\n<p>Ter\u00f6rs\u00fcz T\u00fcrkiye hedefinin, g\u00fcvenlik bak\u0131m\u0131ndan oldu\u011fu kadar, daha h\u0131zl\u0131 kalk\u0131nma ve demokrasinin standartlar\u0131n\u0131 y\u00fckseltme bak\u0131m\u0131ndan da son derece k\u0131ymetli oldu\u011funu belirten Y\u0131lmaz, \u015f\u00f6yle devam etti:<\/p>\n<p>\u201cTer\u00f6r\u00fcn do\u011frudan verdi\u011fi zararlar\u0131n yan\u0131 s\u0131ra ekonomik ve sosyal kalk\u0131nmaya vurdu\u011fu darbe, yat\u0131r\u0131m ortam\u0131na yapt\u0131\u011f\u0131 olumsuz etki a\u00e7\u0131kt\u0131r. Tar\u0131mdan turizme, enerjiden madencili\u011fi, e\u011fitimden sa\u011fl\u0131\u011fa bir\u00e7ok alanda ter\u00f6r, \u00fclkemizin potansiyelini ve insan\u0131m\u0131z\u0131n refah\u0131n\u0131 a\u015fa\u011f\u0131ya \u00e7ekmi\u015ftir.\u201d<\/p>\n<p>Y\u0131lmaz, ter\u00f6r\u00fcn ekonomiye zarar verdi\u011fi gibi demokrasiyi de zehirledi\u011fine, demokratik standartlar\u0131n y\u00fckselmesine, temel hak ve \u00f6zg\u00fcrl\u00fcklerin alan\u0131n\u0131n geni\u015flemesini zorla\u015ft\u0131rd\u0131\u011f\u0131na dikkati \u00e7ekerek \u201cProvokatif ter\u00f6r eylemleri, k\u00f6k\u00fc d\u0131\u015far\u0131da olan vesayet odaklar\u0131n\u0131n ve darbeci zihniyetlerin de\u011firmenine su ta\u015f\u0131m\u0131\u015ft\u0131r.\u201d de\u011ferlendirmesini yapt\u0131.<\/p>\n<p>\u2013 \u201cAziz milletimiz sivil siyaseti sonuna kadar hak etmektedir\u201d<\/p>\n<p>Son 20 y\u0131lda AK Parti ve Cumhur \u0130ttifak\u0131 olarak kalk\u0131nma ve demokraside ba\u015far\u0131lanlar\u0131n ter\u00f6re ra\u011fmen yap\u0131ld\u0131\u011f\u0131n\u0131, ter\u00f6r\u00fcn istismar etti\u011fi konular\u0131n da b\u00fcy\u00fck oranda \u00fclke g\u00fcndeminden \u00e7\u0131kar\u0131ld\u0131\u011f\u0131n\u0131 vurgulayan Cevdet Y\u0131lmaz, \u015funlar\u0131 kaydetti:<\/p>\n<p>\u201cHer zaman vurgulad\u0131\u011f\u0131m\u0131z \u00fczere, ter\u00f6r ve demokratik sivil siyaset bir arada olmaz, olamaz. D\u00fcnyada hi\u00e7bir demokratik hukuk devleti buna m\u00fcsaade etmez. Tarihi tecr\u00fcbesi ile bir arada ya\u015fama k\u00fclt\u00fcr\u00fcn\u00fc t\u00fcm d\u00fcnyaya \u00f6\u011fretmi\u015f aziz milletimiz; farkl\u0131l\u0131klar\u0131 \u00e7at\u0131\u015fma konusu de\u011fil zenginlik g\u00f6rerek, ter\u00f6r\u00fcn g\u00f6lgesinde olmayan bir demokratik sivil siyaseti sonuna kadar hak etmektedir. \u00d6nce \u00fclkem ve milletim anlay\u0131\u015f\u0131yla Say\u0131n Devlet Bah\u00e7eli\u2019nin \u00e7a\u011fr\u0131s\u0131, Say\u0131n Cumhurba\u015fkan\u0131\u2019m\u0131z Recep Tayyip Erdo\u011fan\u2019\u0131n ortaya koydu\u011fu T\u00fcrkiye Y\u00fczy\u0131l\u0131 vizyonu \u00e7er\u00e7evesinde liderli\u011fi ve kararl\u0131 duru\u015fu, bir \u00e7ok farkl\u0131 siyasi parti ve \u00e7evrenin deste\u011fi ile Ter\u00f6rs\u00fcz T\u00fcrkiye hedefi \u00fclkemizin g\u00fcndemi haline gelmi\u015ftir. Ter\u00f6r \u00f6rg\u00fct\u00fcn\u00fcn hi\u00e7bir pazarl\u0131k s\u00f6z konusu olmadan kendisini feshetmesi, g\u00fcvenlik alan\u0131nda oldu\u011fu kadar, kalk\u0131nma ve demokrasi bak\u0131m\u0131ndan da yeni bir ortam ve d\u00f6nem anlam\u0131 ta\u015f\u0131maktad\u0131r.\u201d<\/p>\n<p>Cevdet Y\u0131lmaz, Ter\u00f6rs\u00fcz T\u00fcrkiye hedefine y\u00f6nelik yeni bir a\u015famaya ge\u00e7ildi\u011fini ve kurucusu taraf\u0131ndan ter\u00f6r \u00f6rg\u00fct\u00fcne feshetme \u00e7a\u011fr\u0131s\u0131 yap\u0131ld\u0131\u011f\u0131n\u0131 hat\u0131rlatarak \u015fu de\u011ferlendirmeyi yapt\u0131:<\/p>\n<p>\u201cBu yeni safhay\u0131 ve bunun sahadaki somut yans\u0131malar\u0131n\u0131 ilgili kurumlar\u0131m\u0131zla birlikte dikkatle takip edece\u011fiz. Temenni ederiz ki, bu f\u0131rsat de\u011ferlendirilsin, bu \u00e7aba h\u0131zl\u0131 bir \u015fekilde ba\u015far\u0131yla sonu\u00e7lans\u0131n ve b\u00f6lgemiz \u00fczerinde emperyal heveslerle plan yapanlar\u0131n tuzaklar\u0131 en k\u0131sa yoldan bozulsun. 85 milyon insan\u0131m\u0131z\u0131n bin y\u0131ll\u0131k karde\u015flik, inan\u00e7 ve kader ortakl\u0131\u011f\u0131 zemininde; Say\u0131n Cumhurba\u015fkan\u0131\u2019m\u0131z\u0131n dirayetli liderli\u011finde T\u00fcrkiye Y\u00fczy\u0131l\u0131 her hal\u00fckarda birli\u011fin, karde\u015fli\u011fin ve huzurun y\u00fczy\u0131l\u0131 olacakt\u0131r. Ay y\u0131ld\u0131zl\u0131 \u015fanl\u0131 bayra\u011f\u0131m\u0131z\u0131n g\u00f6lgesinde, demokratik, g\u00fc\u00e7l\u00fc ve m\u00fcreffeh T\u00fcrkiye Cumhuriyeti Devleti, i\u00e7 cephesini tahkim ederek, b\u00f6lgesinde ve k\u00fcresel d\u00fczeyde mazlumlar\u0131n umudu, adaletin g\u00fcr sesi olarak tarihi y\u00fcr\u00fcy\u00fc\u015f\u00fcn\u00fc s\u00fcrd\u00fcrecektir.\u201d<\/p>\n<\/p><\/div>\n<p><script async\n                    defer\n                    crossorigin=\"anonymous\"\n                    src=\"https:\/\/connect.facebook.net\/tr_TR\/sdk.js#xfbml=1&#038;version=v3.3\"\n            ><\/script><\/p>\n","protected":false},"excerpt":{"rendered":"<p>T\u00fcrkiye Cumhurba\u015fkan\u0131 Yard\u0131mc\u0131s\u0131 Cevdet Y\u0131lmaz, \u201cTer\u00f6r \u00f6rg\u00fct\u00fcn\u00fcn hi\u00e7bir pazarl\u0131k s\u00f6z konusu olmadan kendisini feshetmesi, g\u00fcvenlik alan\u0131nda oldu\u011fu kadar, kalk\u0131nma ve demokrasi bak\u0131m\u0131ndan da yeni bir ortam ve d\u00f6nem anlam\u0131 ta\u015f\u0131maktad\u0131r.\u201d ifadesini kulland\u0131. Y\u0131lmaz, sosyal medya hesab\u0131ndan yapt\u0131\u011f\u0131 payla\u015f\u0131mda, \u201cTer\u00f6rs\u00fcz T\u00fcrkiye\u201d hedefinin \u201cT\u00fcrkiye Y\u00fczy\u0131l\u0131\u201d vizyonunun ayr\u0131lmaz bir par\u00e7as\u0131 oldu\u011funa vurgu yapt\u0131. Ter\u00f6rs\u00fcz T\u00fcrkiye hedefinin, g\u00fcvenlik bak\u0131m\u0131ndan [&hellip;]<\/p>\n","protected":false},"author":1,"featured_media":19035,"comment_status":"open","ping_status":"open","sticky":false,"template":"","format":"standard","meta":{"jnews-multi-image_gallery":[],"jnews_single_post":[],"jnews_primary_category":[],"footnotes":""},"categories":[2],"tags":[],"class_list":["post-19034","post","type-post","status-publish","format-standard","has-post-thumbnail","hentry","category-dunya"],"yoast_head":"<!-- This site is optimized with the Yoast SEO plugin v27.5 - https:\/\/yoast.com\/product\/yoast-seo-wordpress\/ -->\n<title>Cevdet Y\u0131lmaz: \u201cTer\u00f6rs\u00fcz T\u00fcrkiye hedefine y\u00f6nelik yeni bir a\u015famaya ge\u00e7ildi\u201d - Haber Kuzey<\/title>\n<meta name=\"robots\" content=\"index, follow, max-snippet:-1, max-image-preview:large, max-video-preview:-1\" \/>\n<link rel=\"canonical\" href=\"https:\/\/haberkuzey.com\/index.php\/2025\/03\/01\/cevdet-yilmaz-terorsuz-turkiye-hedefine-yonelik-yeni-bir-asamaya-gecildi\/\" \/>\n<meta property=\"og:locale\" content=\"tr_TR\" \/>\n<meta property=\"og:type\" content=\"article\" \/>\n<meta property=\"og:title\" content=\"Cevdet Y\u0131lmaz: \u201cTer\u00f6rs\u00fcz T\u00fcrkiye hedefine y\u00f6nelik yeni bir a\u015famaya ge\u00e7ildi\u201d - Haber Kuzey\" \/>\n<meta property=\"og:description\" content=\"T\u00fcrkiye Cumhurba\u015fkan\u0131 Yard\u0131mc\u0131s\u0131 Cevdet Y\u0131lmaz, \u201cTer\u00f6r \u00f6rg\u00fct\u00fcn\u00fcn hi\u00e7bir pazarl\u0131k s\u00f6z konusu olmadan kendisini feshetmesi, g\u00fcvenlik alan\u0131nda oldu\u011fu kadar, kalk\u0131nma ve demokrasi bak\u0131m\u0131ndan da yeni bir ortam ve d\u00f6nem anlam\u0131 ta\u015f\u0131maktad\u0131r.\u201d ifadesini kulland\u0131. Y\u0131lmaz, sosyal medya hesab\u0131ndan yapt\u0131\u011f\u0131 payla\u015f\u0131mda, \u201cTer\u00f6rs\u00fcz T\u00fcrkiye\u201d hedefinin \u201cT\u00fcrkiye Y\u00fczy\u0131l\u0131\u201d vizyonunun ayr\u0131lmaz bir par\u00e7as\u0131 oldu\u011funa vurgu yapt\u0131. Ter\u00f6rs\u00fcz T\u00fcrkiye hedefinin, g\u00fcvenlik bak\u0131m\u0131ndan [&hellip;]\" \/>\n<meta property=\"og:url\" content=\"https:\/\/haberkuzey.com\/index.php\/2025\/03\/01\/cevdet-yilmaz-terorsuz-turkiye-hedefine-yonelik-yeni-bir-asamaya-gecildi\/\" \/>\n<meta property=\"og:site_name\" content=\"Haber Kuzey\" \/>\n<meta property=\"article:published_time\" content=\"2025-03-01T15:10:00+00:00\" \/>\n<meta property=\"og:image\" content=\"https:\/\/brtk.net\/wp-content\/uploads\/2025\/03\/01\/1740832644608thumbs_b_c_8b263997639e693c27431b0da6e7d7d9.jpg?ver=7de4c78d2090d2757193002d36c93779\" \/>\n<meta name=\"author\" content=\"haberkuzey\" \/>\n<meta name=\"twitter:card\" content=\"summary_large_image\" \/>\n<meta name=\"twitter:label1\" content=\"Yazan:\" \/>\n\t<meta name=\"twitter:data1\" content=\"haberkuzey\" \/>\n\t<meta name=\"twitter:label2\" content=\"Tahmini okuma s\u00fcresi\" \/>\n\t<meta name=\"twitter:data2\" content=\"3 dakika\" \/>\n<script type=\"application\/ld+json\" class=\"yoast-schema-graph\">{\"@context\":\"https:\\\/\\\/schema.org\",\"@graph\":[{\"@type\":\"Article\",\"@id\":\"https:\\\/\\\/haberkuzey.com\\\/index.php\\\/2025\\\/03\\\/01\\\/cevdet-yilmaz-terorsuz-turkiye-hedefine-yonelik-yeni-bir-asamaya-gecildi\\\/#article\",\"isPartOf\":{\"@id\":\"https:\\\/\\\/haberkuzey.com\\\/index.php\\\/2025\\\/03\\\/01\\\/cevdet-yilmaz-terorsuz-turkiye-hedefine-yonelik-yeni-bir-asamaya-gecildi\\\/\"},\"author\":{\"name\":\"haberkuzey\",\"@id\":\"https:\\\/\\\/haberkuzey.com\\\/#\\\/schema\\\/person\\\/3372109ec735f9333f4fa47ebb9605ca\"},\"headline\":\"Cevdet Y\u0131lmaz: \u201cTer\u00f6rs\u00fcz T\u00fcrkiye hedefine y\u00f6nelik yeni bir a\u015famaya ge\u00e7ildi\u201d\",\"datePublished\":\"2025-03-01T15:10:00+00:00\",\"mainEntityOfPage\":{\"@id\":\"https:\\\/\\\/haberkuzey.com\\\/index.php\\\/2025\\\/03\\\/01\\\/cevdet-yilmaz-terorsuz-turkiye-hedefine-yonelik-yeni-bir-asamaya-gecildi\\\/\"},\"wordCount\":687,\"commentCount\":0,\"image\":{\"@id\":\"https:\\\/\\\/haberkuzey.com\\\/index.php\\\/2025\\\/03\\\/01\\\/cevdet-yilmaz-terorsuz-turkiye-hedefine-yonelik-yeni-bir-asamaya-gecildi\\\/#primaryimage\"},\"thumbnailUrl\":\"https:\\\/\\\/haberkuzey.com\\\/wp-content\\\/uploads\\\/2025\\\/03\\\/1740832644608thumbs_b_c_8b263997639e693c27431b0da6e7d7d9.jpg\",\"articleSection\":[\"D\u00fcnya\"],\"inLanguage\":\"tr\",\"potentialAction\":[{\"@type\":\"CommentAction\",\"name\":\"Comment\",\"target\":[\"https:\\\/\\\/haberkuzey.com\\\/index.php\\\/2025\\\/03\\\/01\\\/cevdet-yilmaz-terorsuz-turkiye-hedefine-yonelik-yeni-bir-asamaya-gecildi\\\/#respond\"]}]},{\"@type\":\"WebPage\",\"@id\":\"https:\\\/\\\/haberkuzey.com\\\/index.php\\\/2025\\\/03\\\/01\\\/cevdet-yilmaz-terorsuz-turkiye-hedefine-yonelik-yeni-bir-asamaya-gecildi\\\/\",\"url\":\"https:\\\/\\\/haberkuzey.com\\\/index.php\\\/2025\\\/03\\\/01\\\/cevdet-yilmaz-terorsuz-turkiye-hedefine-yonelik-yeni-bir-asamaya-gecildi\\\/\",\"name\":\"Cevdet Y\u0131lmaz: \u201cTer\u00f6rs\u00fcz T\u00fcrkiye hedefine y\u00f6nelik yeni bir a\u015famaya ge\u00e7ildi\u201d - Haber Kuzey\",\"isPartOf\":{\"@id\":\"https:\\\/\\\/haberkuzey.com\\\/#website\"},\"primaryImageOfPage\":{\"@id\":\"https:\\\/\\\/haberkuzey.com\\\/index.php\\\/2025\\\/03\\\/01\\\/cevdet-yilmaz-terorsuz-turkiye-hedefine-yonelik-yeni-bir-asamaya-gecildi\\\/#primaryimage\"},\"image\":{\"@id\":\"https:\\\/\\\/haberkuzey.com\\\/index.php\\\/2025\\\/03\\\/01\\\/cevdet-yilmaz-terorsuz-turkiye-hedefine-yonelik-yeni-bir-asamaya-gecildi\\\/#primaryimage\"},\"thumbnailUrl\":\"https:\\\/\\\/haberkuzey.com\\\/wp-content\\\/uploads\\\/2025\\\/03\\\/1740832644608thumbs_b_c_8b263997639e693c27431b0da6e7d7d9.jpg\",\"datePublished\":\"2025-03-01T15:10:00+00:00\",\"author\":{\"@id\":\"https:\\\/\\\/haberkuzey.com\\\/#\\\/schema\\\/person\\\/3372109ec735f9333f4fa47ebb9605ca\"},\"breadcrumb\":{\"@id\":\"https:\\\/\\\/haberkuzey.com\\\/index.php\\\/2025\\\/03\\\/01\\\/cevdet-yilmaz-terorsuz-turkiye-hedefine-yonelik-yeni-bir-asamaya-gecildi\\\/#breadcrumb\"},\"inLanguage\":\"tr\",\"potentialAction\":[{\"@type\":\"ReadAction\",\"target\":[\"https:\\\/\\\/haberkuzey.com\\\/index.php\\\/2025\\\/03\\\/01\\\/cevdet-yilmaz-terorsuz-turkiye-hedefine-yonelik-yeni-bir-asamaya-gecildi\\\/\"]}]},{\"@type\":\"ImageObject\",\"inLanguage\":\"tr\",\"@id\":\"https:\\\/\\\/haberkuzey.com\\\/index.php\\\/2025\\\/03\\\/01\\\/cevdet-yilmaz-terorsuz-turkiye-hedefine-yonelik-yeni-bir-asamaya-gecildi\\\/#primaryimage\",\"url\":\"https:\\\/\\\/haberkuzey.com\\\/wp-content\\\/uploads\\\/2025\\\/03\\\/1740832644608thumbs_b_c_8b263997639e693c27431b0da6e7d7d9.jpg\",\"contentUrl\":\"https:\\\/\\\/haberkuzey.com\\\/wp-content\\\/uploads\\\/2025\\\/03\\\/1740832644608thumbs_b_c_8b263997639e693c27431b0da6e7d7d9.jpg\",\"width\":864,\"height\":486},{\"@type\":\"BreadcrumbList\",\"@id\":\"https:\\\/\\\/haberkuzey.com\\\/index.php\\\/2025\\\/03\\\/01\\\/cevdet-yilmaz-terorsuz-turkiye-hedefine-yonelik-yeni-bir-asamaya-gecildi\\\/#breadcrumb\",\"itemListElement\":[{\"@type\":\"ListItem\",\"position\":1,\"name\":\"Anasayfa\",\"item\":\"https:\\\/\\\/haberkuzey.com\\\/\"},{\"@type\":\"ListItem\",\"position\":2,\"name\":\"Cevdet Y\u0131lmaz: \u201cTer\u00f6rs\u00fcz T\u00fcrkiye hedefine y\u00f6nelik yeni bir a\u015famaya ge\u00e7ildi\u201d\"}]},{\"@type\":\"WebSite\",\"@id\":\"https:\\\/\\\/haberkuzey.com\\\/#website\",\"url\":\"https:\\\/\\\/haberkuzey.com\\\/\",\"name\":\"Haber Kuzey\",\"description\":\"Do\u011fru Haberin Adresi\",\"potentialAction\":[{\"@type\":\"SearchAction\",\"target\":{\"@type\":\"EntryPoint\",\"urlTemplate\":\"https:\\\/\\\/haberkuzey.com\\\/?s={search_term_string}\"},\"query-input\":{\"@type\":\"PropertyValueSpecification\",\"valueRequired\":true,\"valueName\":\"search_term_string\"}}],\"inLanguage\":\"tr\"},{\"@type\":\"Person\",\"@id\":\"https:\\\/\\\/haberkuzey.com\\\/#\\\/schema\\\/person\\\/3372109ec735f9333f4fa47ebb9605ca\",\"name\":\"haberkuzey\",\"image\":{\"@type\":\"ImageObject\",\"inLanguage\":\"tr\",\"@id\":\"https:\\\/\\\/secure.gravatar.com\\\/avatar\\\/f5fc875574b1575324358c3b9e6a32b8227aa5b74f3fa22e3cadb63e26fcc39c?s=96&d=mm&r=g\",\"url\":\"https:\\\/\\\/secure.gravatar.com\\\/avatar\\\/f5fc875574b1575324358c3b9e6a32b8227aa5b74f3fa22e3cadb63e26fcc39c?s=96&d=mm&r=g\",\"contentUrl\":\"https:\\\/\\\/secure.gravatar.com\\\/avatar\\\/f5fc875574b1575324358c3b9e6a32b8227aa5b74f3fa22e3cadb63e26fcc39c?s=96&d=mm&r=g\",\"caption\":\"haberkuzey\"},\"sameAs\":[\"https:\\\/\\\/haberkuzey.com\"],\"url\":\"https:\\\/\\\/haberkuzey.com\\\/index.php\\\/author\\\/haberkuzey\\\/\"}]}<\/script>\n<!-- \/ Yoast SEO plugin. -->","yoast_head_json":{"title":"Cevdet Y\u0131lmaz: \u201cTer\u00f6rs\u00fcz T\u00fcrkiye hedefine y\u00f6nelik yeni bir a\u015famaya ge\u00e7ildi\u201d - Haber Kuzey","robots":{"index":"index","follow":"follow","max-snippet":"max-snippet:-1","max-image-preview":"max-image-preview:large","max-video-preview":"max-video-preview:-1"},"canonical":"https:\/\/haberkuzey.com\/index.php\/2025\/03\/01\/cevdet-yilmaz-terorsuz-turkiye-hedefine-yonelik-yeni-bir-asamaya-gecildi\/","og_locale":"tr_TR","og_type":"article","og_title":"Cevdet Y\u0131lmaz: \u201cTer\u00f6rs\u00fcz T\u00fcrkiye hedefine y\u00f6nelik yeni bir a\u015famaya ge\u00e7ildi\u201d - Haber Kuzey","og_description":"T\u00fcrkiye Cumhurba\u015fkan\u0131 Yard\u0131mc\u0131s\u0131 Cevdet Y\u0131lmaz, \u201cTer\u00f6r \u00f6rg\u00fct\u00fcn\u00fcn hi\u00e7bir pazarl\u0131k s\u00f6z konusu olmadan kendisini feshetmesi, g\u00fcvenlik alan\u0131nda oldu\u011fu kadar, kalk\u0131nma ve demokrasi bak\u0131m\u0131ndan da yeni bir ortam ve d\u00f6nem anlam\u0131 ta\u015f\u0131maktad\u0131r.\u201d ifadesini kulland\u0131. Y\u0131lmaz, sosyal medya hesab\u0131ndan yapt\u0131\u011f\u0131 payla\u015f\u0131mda, \u201cTer\u00f6rs\u00fcz T\u00fcrkiye\u201d hedefinin \u201cT\u00fcrkiye Y\u00fczy\u0131l\u0131\u201d vizyonunun ayr\u0131lmaz bir par\u00e7as\u0131 oldu\u011funa vurgu yapt\u0131. Ter\u00f6rs\u00fcz T\u00fcrkiye hedefinin, g\u00fcvenlik bak\u0131m\u0131ndan [&hellip;]","og_url":"https:\/\/haberkuzey.com\/index.php\/2025\/03\/01\/cevdet-yilmaz-terorsuz-turkiye-hedefine-yonelik-yeni-bir-asamaya-gecildi\/","og_site_name":"Haber Kuzey","article_published_time":"2025-03-01T15:10:00+00:00","og_image":[{"url":"https:\/\/brtk.net\/wp-content\/uploads\/2025\/03\/01\/1740832644608thumbs_b_c_8b263997639e693c27431b0da6e7d7d9.jpg?ver=7de4c78d2090d2757193002d36c93779","type":"","width":"","height":""}],"author":"haberkuzey","twitter_card":"summary_large_image","twitter_misc":{"Yazan:":"haberkuzey","Tahmini okuma s\u00fcresi":"3 dakika"},"schema":{"@context":"https:\/\/schema.org","@graph":[{"@type":"Article","@id":"https:\/\/haberkuzey.com\/index.php\/2025\/03\/01\/cevdet-yilmaz-terorsuz-turkiye-hedefine-yonelik-yeni-bir-asamaya-gecildi\/#article","isPartOf":{"@id":"https:\/\/haberkuzey.com\/index.php\/2025\/03\/01\/cevdet-yilmaz-terorsuz-turkiye-hedefine-yonelik-yeni-bir-asamaya-gecildi\/"},"author":{"name":"haberkuzey","@id":"https:\/\/haberkuzey.com\/#\/schema\/person\/3372109ec735f9333f4fa47ebb9605ca"},"headline":"Cevdet Y\u0131lmaz: \u201cTer\u00f6rs\u00fcz T\u00fcrkiye hedefine y\u00f6nelik yeni bir a\u015famaya ge\u00e7ildi\u201d","datePublished":"2025-03-01T15:10:00+00:00","mainEntityOfPage":{"@id":"https:\/\/haberkuzey.com\/index.php\/2025\/03\/01\/cevdet-yilmaz-terorsuz-turkiye-hedefine-yonelik-yeni-bir-asamaya-gecildi\/"},"wordCount":687,"commentCount":0,"image":{"@id":"https:\/\/haberkuzey.com\/index.php\/2025\/03\/01\/cevdet-yilmaz-terorsuz-turkiye-hedefine-yonelik-yeni-bir-asamaya-gecildi\/#primaryimage"},"thumbnailUrl":"https:\/\/haberkuzey.com\/wp-content\/uploads\/2025\/03\/1740832644608thumbs_b_c_8b263997639e693c27431b0da6e7d7d9.jpg","articleSection":["D\u00fcnya"],"inLanguage":"tr","potentialAction":[{"@type":"CommentAction","name":"Comment","target":["https:\/\/haberkuzey.com\/index.php\/2025\/03\/01\/cevdet-yilmaz-terorsuz-turkiye-hedefine-yonelik-yeni-bir-asamaya-gecildi\/#respond"]}]},{"@type":"WebPage","@id":"https:\/\/haberkuzey.com\/index.php\/2025\/03\/01\/cevdet-yilmaz-terorsuz-turkiye-hedefine-yonelik-yeni-bir-asamaya-gecildi\/","url":"https:\/\/haberkuzey.com\/index.php\/2025\/03\/01\/cevdet-yilmaz-terorsuz-turkiye-hedefine-yonelik-yeni-bir-asamaya-gecildi\/","name":"Cevdet Y\u0131lmaz: \u201cTer\u00f6rs\u00fcz T\u00fcrkiye hedefine y\u00f6nelik yeni bir a\u015famaya ge\u00e7ildi\u201d - Haber Kuzey","isPartOf":{"@id":"https:\/\/haberkuzey.com\/#website"},"primaryImageOfPage":{"@id":"https:\/\/haberkuzey.com\/index.php\/2025\/03\/01\/cevdet-yilmaz-terorsuz-turkiye-hedefine-yonelik-yeni-bir-asamaya-gecildi\/#primaryimage"},"image":{"@id":"https:\/\/haberkuzey.com\/index.php\/2025\/03\/01\/cevdet-yilmaz-terorsuz-turkiye-hedefine-yonelik-yeni-bir-asamaya-gecildi\/#primaryimage"},"thumbnailUrl":"https:\/\/haberkuzey.com\/wp-content\/uploads\/2025\/03\/1740832644608thumbs_b_c_8b263997639e693c27431b0da6e7d7d9.jpg","datePublished":"2025-03-01T15:10:00+00:00","author":{"@id":"https:\/\/haberkuzey.com\/#\/schema\/person\/3372109ec735f9333f4fa47ebb9605ca"},"breadcrumb":{"@id":"https:\/\/haberkuzey.com\/index.php\/2025\/03\/01\/cevdet-yilmaz-terorsuz-turkiye-hedefine-yonelik-yeni-bir-asamaya-gecildi\/#breadcrumb"},"inLanguage":"tr","potentialAction":[{"@type":"ReadAction","target":["https:\/\/haberkuzey.com\/index.php\/2025\/03\/01\/cevdet-yilmaz-terorsuz-turkiye-hedefine-yonelik-yeni-bir-asamaya-gecildi\/"]}]},{"@type":"ImageObject","inLanguage":"tr","@id":"https:\/\/haberkuzey.com\/index.php\/2025\/03\/01\/cevdet-yilmaz-terorsuz-turkiye-hedefine-yonelik-yeni-bir-asamaya-gecildi\/#primaryimage","url":"https:\/\/haberkuzey.com\/wp-content\/uploads\/2025\/03\/1740832644608thumbs_b_c_8b263997639e693c27431b0da6e7d7d9.jpg","contentUrl":"https:\/\/haberkuzey.com\/wp-content\/uploads\/2025\/03\/1740832644608thumbs_b_c_8b263997639e693c27431b0da6e7d7d9.jpg","width":864,"height":486},{"@type":"BreadcrumbList","@id":"https:\/\/haberkuzey.com\/index.php\/2025\/03\/01\/cevdet-yilmaz-terorsuz-turkiye-hedefine-yonelik-yeni-bir-asamaya-gecildi\/#breadcrumb","itemListElement":[{"@type":"ListItem","position":1,"name":"Anasayfa","item":"https:\/\/haberkuzey.com\/"},{"@type":"ListItem","position":2,"name":"Cevdet Y\u0131lmaz: \u201cTer\u00f6rs\u00fcz T\u00fcrkiye hedefine y\u00f6nelik yeni bir a\u015famaya ge\u00e7ildi\u201d"}]},{"@type":"WebSite","@id":"https:\/\/haberkuzey.com\/#website","url":"https:\/\/haberkuzey.com\/","name":"Haber Kuzey","description":"Do\u011fru Haberin Adresi","potentialAction":[{"@type":"SearchAction","target":{"@type":"EntryPoint","urlTemplate":"https:\/\/haberkuzey.com\/?s={search_term_string}"},"query-input":{"@type":"PropertyValueSpecification","valueRequired":true,"valueName":"search_term_string"}}],"inLanguage":"tr"},{"@type":"Person","@id":"https:\/\/haberkuzey.com\/#\/schema\/person\/3372109ec735f9333f4fa47ebb9605ca","name":"haberkuzey","image":{"@type":"ImageObject","inLanguage":"tr","@id":"https:\/\/secure.gravatar.com\/avatar\/f5fc875574b1575324358c3b9e6a32b8227aa5b74f3fa22e3cadb63e26fcc39c?s=96&d=mm&r=g","url":"https:\/\/secure.gravatar.com\/avatar\/f5fc875574b1575324358c3b9e6a32b8227aa5b74f3fa22e3cadb63e26fcc39c?s=96&d=mm&r=g","contentUrl":"https:\/\/secure.gravatar.com\/avatar\/f5fc875574b1575324358c3b9e6a32b8227aa5b74f3fa22e3cadb63e26fcc39c?s=96&d=mm&r=g","caption":"haberkuzey"},"sameAs":["https:\/\/haberkuzey.com"],"url":"https:\/\/haberkuzey.com\/index.php\/author\/haberkuzey\/"}]}},"_links":{"self":[{"href":"https:\/\/haberkuzey.com\/index.php\/wp-json\/wp\/v2\/posts\/19034","targetHints":{"allow":["GET"]}}],"collection":[{"href":"https:\/\/haberkuzey.com\/index.php\/wp-json\/wp\/v2\/posts"}],"about":[{"href":"https:\/\/haberkuzey.com\/index.php\/wp-json\/wp\/v2\/types\/post"}],"author":[{"embeddable":true,"href":"https:\/\/haberkuzey.com\/index.php\/wp-json\/wp\/v2\/users\/1"}],"replies":[{"embeddable":true,"href":"https:\/\/haberkuzey.com\/index.php\/wp-json\/wp\/v2\/comments?post=19034"}],"version-history":[{"count":0,"href":"https:\/\/haberkuzey.com\/index.php\/wp-json\/wp\/v2\/posts\/19034\/revisions"}],"wp:featuredmedia":[{"embeddable":true,"href":"https:\/\/haberkuzey.com\/index.php\/wp-json\/wp\/v2\/media\/19035"}],"wp:attachment":[{"href":"https:\/\/haberkuzey.com\/index.php\/wp-json\/wp\/v2\/media?parent=19034"}],"wp:term":[{"taxonomy":"category","embeddable":true,"href":"https:\/\/haberkuzey.com\/index.php\/wp-json\/wp\/v2\/categories?post=19034"},{"taxonomy":"post_tag","embeddable":true,"href":"https:\/\/haberkuzey.com\/index.php\/wp-json\/wp\/v2\/tags?post=19034"}],"curies":[{"name":"wp","href":"https:\/\/api.w.org\/{rel}","templated":true}]}}