{"id":19007,"date":"2025-03-01T11:04:29","date_gmt":"2025-03-01T09:04:29","guid":{"rendered":"https:\/\/haberkuzey.com\/index.php\/2025\/03\/01\/erdogan-terorsuz-turkiye-cabalarinda-artik-yeni-bir-safhaya-gecilmistir\/"},"modified":"2025-03-01T11:04:29","modified_gmt":"2025-03-01T09:04:29","slug":"erdogan-terorsuz-turkiye-cabalarinda-artik-yeni-bir-safhaya-gecilmistir","status":"publish","type":"post","link":"https:\/\/haberkuzey.com\/index.php\/2025\/03\/01\/erdogan-terorsuz-turkiye-cabalarinda-artik-yeni-bir-safhaya-gecilmistir\/","title":{"rendered":"Erdo\u011fan: Ter\u00f6rs\u00fcz T\u00fcrkiye \u00e7abalar\u0131nda art\u0131k yeni bir safhaya ge\u00e7ilmi\u015ftir"},"content":{"rendered":"<div>\n<div class=\"mariselle-image-container center\">\n                                            <\/div>\n<p> \u201cTer\u00f6rs\u00fcz T\u00fcrkiye hedefiyle\u201d Milliyet\u00e7i Hareket Partisi Ba\u015fkan\u0131 Devlet Bah\u00e7eli\u2019nin \u00e7a\u011fr\u0131s\u0131yla ba\u015flayan s\u00fcre\u00e7te, \u00d6calan\u2019\u0131n PKK\u2019ya silah b\u0131rak\u0131n \u00e7a\u011fr\u0131s\u0131nda bulunmas\u0131 s\u00fcreci ileri bir a\u015famaya ta\u015f\u0131d\u0131.  <\/p>\n<p>T\u00fcrkiye Cumhurba\u015fkan\u0131 Recep Tayyip Erdo\u011fan, gelinen kontay\u0131 \u201cTer\u00f6rs\u00fcz T\u00fcrkiye \u00e7abalar\u0131nda art\u0131k yeni bir safhaya ge\u00e7ilmi\u015ftir\u201d s\u00f6zleriyle de\u011ferlendirdi. <\/p>\n<p>\u201c\u00d6n\u00fcm\u00fczde tarihi ad\u0131m f\u0131rsat\u0131 var\u201d ifadelerini kullanan  Erdo\u011fan, \u201c\u0130kircikli s\u00f6ylemlerle s\u00fcreci zor sokan kimseyi T\u00fcrkiye affetmeyecektir\u201d dedi. \u0130\u015fte detaylar.<\/p>\n<p>T\u00fcrkiye Cumhurba\u015fkan\u0131 Recep Tayyip Erdo\u011fan, \u0130mral\u0131\u2019n\u0131n PKK\u2019ya silah b\u0131rakma ve kendini la\u011fvetme \u00e7a\u011fr\u0131s\u0131yla ilgili de\u011ferlendirmelerde bulundu. <\/p>\n<p>Hali\u00e7 Kongre Merkezi\u2019nde kat\u0131ld\u0131\u011f\u0131 programda a\u00e7\u0131klamalarda bulunan Erdo\u011fan , \u201c\u00d6n\u00fcm\u00fczde tarihi ad\u0131m f\u0131rsat\u0131 var\u201d dedi. <\/p>\n<p>Yeni bir safhaya ge\u00e7ildi\u011fini belirten Erdo\u011fan, \u201c\u0130kircikli s\u00f6ylemlerle s\u00fcreci zor sokan kimseyi T\u00fcrkiye affetmeyecektir.\u201d diye konu\u015ftu. <\/p>\n<p>Erdo\u011fan, \u201cT\u00fcrkiye\u2019nin 40 y\u0131ll\u0131k ter\u00f6rle imtihan\u0131nda \u00e7ok ciddi zorluklarla kar\u015f\u0131la\u015ft\u0131k. Ter\u00f6r tehdidi \u00fclkemizde uzun y\u0131llar siyaseti bi\u00e7imlendirmek, siyaset\u00e7ileri dar bir alan hapsetmek i\u00e7in bir sopa olarak kullan\u0131ld\u0131. Bu topraklardaki ezeli ve ebedi karde\u015fli\u011fimize g\u00f6lge d\u00fc\u015f\u00fcrmedik. Ter\u00f6r \u00f6rg\u00fct\u00fcn\u00fcn bahaneleri ortadan kalkt\u0131. Say\u0131n devlet Bah\u00e7eli\u2019nin cesur inisiyatifi ile ba\u015flayan ter\u00f6rs\u00fcz T\u00fcrkiye i\u00e7in art\u0131k yeni bir safhaya ge\u00e7ilmi\u015ftir. S\u00fcreci \u00e7\u0131kmaza sokan hi\u00e7 kimseyi affetmeyecektir. Ba\u015flayan s\u00fcrecin b\u00fct\u00fcn unsurlar\u0131yla yerine getirilip getirilmedi\u011fini titizlikle takip edece\u011fiz. Silah ve ter\u00f6r bask\u0131s\u0131 ortadan kalk\u0131nca siyasetin demokratik alan\u0131 daha geni\u015fleyecektir.\u201d dedi. <\/p>\n<p>Cumhurba\u015fkan\u0131 Erdo\u011fan, konu\u015fmas\u0131n\u0131n sonunda millete seslenerek, \u201cMilletimiz m\u00fcsterih olsun, g\u00f6nl\u00fcn\u00fc ferah tutsun. \u2018Ter\u00f6rs\u00fcz T\u00fcrkiye\u2019nin kazanan\u0131 Allah\u2019\u0131n izniyle T\u00fcrk, K\u00fcrt, Arap, Alevi, S\u00fcnni ay\u0131rt etmeksizin 85 milyonun tamam\u0131 olacak\u201d dedi.<\/p>\n<\/p><\/div>\n<p><script async\n                    defer\n                    crossorigin=\"anonymous\"\n                    src=\"https:\/\/connect.facebook.net\/tr_TR\/sdk.js#xfbml=1&#038;version=v3.3\"\n            ><\/script><\/p>\n","protected":false},"excerpt":{"rendered":"<p>\u201cTer\u00f6rs\u00fcz T\u00fcrkiye hedefiyle\u201d Milliyet\u00e7i Hareket Partisi Ba\u015fkan\u0131 Devlet Bah\u00e7eli\u2019nin \u00e7a\u011fr\u0131s\u0131yla ba\u015flayan s\u00fcre\u00e7te, \u00d6calan\u2019\u0131n PKK\u2019ya silah b\u0131rak\u0131n \u00e7a\u011fr\u0131s\u0131nda bulunmas\u0131 s\u00fcreci ileri bir a\u015famaya ta\u015f\u0131d\u0131. T\u00fcrkiye Cumhurba\u015fkan\u0131 Recep Tayyip Erdo\u011fan, gelinen kontay\u0131 \u201cTer\u00f6rs\u00fcz T\u00fcrkiye \u00e7abalar\u0131nda art\u0131k yeni bir safhaya ge\u00e7ilmi\u015ftir\u201d s\u00f6zleriyle de\u011ferlendirdi. \u201c\u00d6n\u00fcm\u00fczde tarihi ad\u0131m f\u0131rsat\u0131 var\u201d ifadelerini kullanan Erdo\u011fan, \u201c\u0130kircikli s\u00f6ylemlerle s\u00fcreci zor sokan kimseyi T\u00fcrkiye [&hellip;]<\/p>\n","protected":false},"author":1,"featured_media":19008,"comment_status":"open","ping_status":"open","sticky":false,"template":"","format":"standard","meta":{"jnews-multi-image_gallery":[],"jnews_single_post":[],"jnews_primary_category":[],"footnotes":""},"categories":[2],"tags":[],"class_list":["post-19007","post","type-post","status-publish","format-standard","has-post-thumbnail","hentry","category-dunya"],"yoast_head":"<!-- This site is optimized with the Yoast SEO plugin v27.5 - https:\/\/yoast.com\/product\/yoast-seo-wordpress\/ -->\n<title>Erdo\u011fan: Ter\u00f6rs\u00fcz T\u00fcrkiye \u00e7abalar\u0131nda art\u0131k yeni bir safhaya ge\u00e7ilmi\u015ftir - Haber Kuzey<\/title>\n<meta name=\"robots\" content=\"index, follow, max-snippet:-1, max-image-preview:large, max-video-preview:-1\" \/>\n<link rel=\"canonical\" href=\"https:\/\/haberkuzey.com\/index.php\/2025\/03\/01\/erdogan-terorsuz-turkiye-cabalarinda-artik-yeni-bir-safhaya-gecilmistir\/\" \/>\n<meta property=\"og:locale\" content=\"tr_TR\" \/>\n<meta property=\"og:type\" content=\"article\" \/>\n<meta property=\"og:title\" content=\"Erdo\u011fan: Ter\u00f6rs\u00fcz T\u00fcrkiye \u00e7abalar\u0131nda art\u0131k yeni bir safhaya ge\u00e7ilmi\u015ftir - Haber Kuzey\" \/>\n<meta property=\"og:description\" content=\"\u201cTer\u00f6rs\u00fcz T\u00fcrkiye hedefiyle\u201d Milliyet\u00e7i Hareket Partisi Ba\u015fkan\u0131 Devlet Bah\u00e7eli\u2019nin \u00e7a\u011fr\u0131s\u0131yla ba\u015flayan s\u00fcre\u00e7te, \u00d6calan\u2019\u0131n PKK\u2019ya silah b\u0131rak\u0131n \u00e7a\u011fr\u0131s\u0131nda bulunmas\u0131 s\u00fcreci ileri bir a\u015famaya ta\u015f\u0131d\u0131. T\u00fcrkiye Cumhurba\u015fkan\u0131 Recep Tayyip Erdo\u011fan, gelinen kontay\u0131 \u201cTer\u00f6rs\u00fcz T\u00fcrkiye \u00e7abalar\u0131nda art\u0131k yeni bir safhaya ge\u00e7ilmi\u015ftir\u201d s\u00f6zleriyle de\u011ferlendirdi. \u201c\u00d6n\u00fcm\u00fczde tarihi ad\u0131m f\u0131rsat\u0131 var\u201d ifadelerini kullanan Erdo\u011fan, \u201c\u0130kircikli s\u00f6ylemlerle s\u00fcreci zor sokan kimseyi T\u00fcrkiye [&hellip;]\" \/>\n<meta property=\"og:url\" content=\"https:\/\/haberkuzey.com\/index.php\/2025\/03\/01\/erdogan-terorsuz-turkiye-cabalarinda-artik-yeni-bir-safhaya-gecilmistir\/\" \/>\n<meta property=\"og:site_name\" content=\"Haber Kuzey\" \/>\n<meta property=\"article:published_time\" content=\"2025-03-01T09:04:29+00:00\" \/>\n<meta property=\"og:image\" content=\"https:\/\/brtk.net\/wp-content\/uploads\/2025\/03\/01\/in-shot-20250228-210327367.webp?ver=2d9f1409b1dda7f16b71b8273b1cd1ce\" \/>\n<meta name=\"author\" content=\"haberkuzey\" \/>\n<meta name=\"twitter:card\" content=\"summary_large_image\" \/>\n<meta name=\"twitter:label1\" content=\"Yazan:\" \/>\n\t<meta name=\"twitter:data1\" content=\"haberkuzey\" \/>\n\t<meta name=\"twitter:label2\" content=\"Tahmini okuma s\u00fcresi\" \/>\n\t<meta name=\"twitter:data2\" content=\"2 dakika\" \/>\n<script type=\"application\/ld+json\" class=\"yoast-schema-graph\">{\"@context\":\"https:\\\/\\\/schema.org\",\"@graph\":[{\"@type\":\"Article\",\"@id\":\"https:\\\/\\\/haberkuzey.com\\\/index.php\\\/2025\\\/03\\\/01\\\/erdogan-terorsuz-turkiye-cabalarinda-artik-yeni-bir-safhaya-gecilmistir\\\/#article\",\"isPartOf\":{\"@id\":\"https:\\\/\\\/haberkuzey.com\\\/index.php\\\/2025\\\/03\\\/01\\\/erdogan-terorsuz-turkiye-cabalarinda-artik-yeni-bir-safhaya-gecilmistir\\\/\"},\"author\":{\"name\":\"haberkuzey\",\"@id\":\"https:\\\/\\\/haberkuzey.com\\\/#\\\/schema\\\/person\\\/3372109ec735f9333f4fa47ebb9605ca\"},\"headline\":\"Erdo\u011fan: Ter\u00f6rs\u00fcz T\u00fcrkiye \u00e7abalar\u0131nda art\u0131k yeni bir safhaya ge\u00e7ilmi\u015ftir\",\"datePublished\":\"2025-03-01T09:04:29+00:00\",\"mainEntityOfPage\":{\"@id\":\"https:\\\/\\\/haberkuzey.com\\\/index.php\\\/2025\\\/03\\\/01\\\/erdogan-terorsuz-turkiye-cabalarinda-artik-yeni-bir-safhaya-gecilmistir\\\/\"},\"wordCount\":366,\"commentCount\":0,\"image\":{\"@id\":\"https:\\\/\\\/haberkuzey.com\\\/index.php\\\/2025\\\/03\\\/01\\\/erdogan-terorsuz-turkiye-cabalarinda-artik-yeni-bir-safhaya-gecilmistir\\\/#primaryimage\"},\"thumbnailUrl\":\"https:\\\/\\\/haberkuzey.com\\\/wp-content\\\/uploads\\\/2025\\\/03\\\/in-shot-20250228-210327367.webp.webp\",\"articleSection\":[\"D\u00fcnya\"],\"inLanguage\":\"tr\",\"potentialAction\":[{\"@type\":\"CommentAction\",\"name\":\"Comment\",\"target\":[\"https:\\\/\\\/haberkuzey.com\\\/index.php\\\/2025\\\/03\\\/01\\\/erdogan-terorsuz-turkiye-cabalarinda-artik-yeni-bir-safhaya-gecilmistir\\\/#respond\"]}]},{\"@type\":\"WebPage\",\"@id\":\"https:\\\/\\\/haberkuzey.com\\\/index.php\\\/2025\\\/03\\\/01\\\/erdogan-terorsuz-turkiye-cabalarinda-artik-yeni-bir-safhaya-gecilmistir\\\/\",\"url\":\"https:\\\/\\\/haberkuzey.com\\\/index.php\\\/2025\\\/03\\\/01\\\/erdogan-terorsuz-turkiye-cabalarinda-artik-yeni-bir-safhaya-gecilmistir\\\/\",\"name\":\"Erdo\u011fan: Ter\u00f6rs\u00fcz T\u00fcrkiye \u00e7abalar\u0131nda art\u0131k yeni bir safhaya ge\u00e7ilmi\u015ftir - Haber Kuzey\",\"isPartOf\":{\"@id\":\"https:\\\/\\\/haberkuzey.com\\\/#website\"},\"primaryImageOfPage\":{\"@id\":\"https:\\\/\\\/haberkuzey.com\\\/index.php\\\/2025\\\/03\\\/01\\\/erdogan-terorsuz-turkiye-cabalarinda-artik-yeni-bir-safhaya-gecilmistir\\\/#primaryimage\"},\"image\":{\"@id\":\"https:\\\/\\\/haberkuzey.com\\\/index.php\\\/2025\\\/03\\\/01\\\/erdogan-terorsuz-turkiye-cabalarinda-artik-yeni-bir-safhaya-gecilmistir\\\/#primaryimage\"},\"thumbnailUrl\":\"https:\\\/\\\/haberkuzey.com\\\/wp-content\\\/uploads\\\/2025\\\/03\\\/in-shot-20250228-210327367.webp.webp\",\"datePublished\":\"2025-03-01T09:04:29+00:00\",\"author\":{\"@id\":\"https:\\\/\\\/haberkuzey.com\\\/#\\\/schema\\\/person\\\/3372109ec735f9333f4fa47ebb9605ca\"},\"breadcrumb\":{\"@id\":\"https:\\\/\\\/haberkuzey.com\\\/index.php\\\/2025\\\/03\\\/01\\\/erdogan-terorsuz-turkiye-cabalarinda-artik-yeni-bir-safhaya-gecilmistir\\\/#breadcrumb\"},\"inLanguage\":\"tr\",\"potentialAction\":[{\"@type\":\"ReadAction\",\"target\":[\"https:\\\/\\\/haberkuzey.com\\\/index.php\\\/2025\\\/03\\\/01\\\/erdogan-terorsuz-turkiye-cabalarinda-artik-yeni-bir-safhaya-gecilmistir\\\/\"]}]},{\"@type\":\"ImageObject\",\"inLanguage\":\"tr\",\"@id\":\"https:\\\/\\\/haberkuzey.com\\\/index.php\\\/2025\\\/03\\\/01\\\/erdogan-terorsuz-turkiye-cabalarinda-artik-yeni-bir-safhaya-gecilmistir\\\/#primaryimage\",\"url\":\"https:\\\/\\\/haberkuzey.com\\\/wp-content\\\/uploads\\\/2025\\\/03\\\/in-shot-20250228-210327367.webp.webp\",\"contentUrl\":\"https:\\\/\\\/haberkuzey.com\\\/wp-content\\\/uploads\\\/2025\\\/03\\\/in-shot-20250228-210327367.webp.webp\",\"width\":1280,\"height\":720},{\"@type\":\"BreadcrumbList\",\"@id\":\"https:\\\/\\\/haberkuzey.com\\\/index.php\\\/2025\\\/03\\\/01\\\/erdogan-terorsuz-turkiye-cabalarinda-artik-yeni-bir-safhaya-gecilmistir\\\/#breadcrumb\",\"itemListElement\":[{\"@type\":\"ListItem\",\"position\":1,\"name\":\"Anasayfa\",\"item\":\"https:\\\/\\\/haberkuzey.com\\\/\"},{\"@type\":\"ListItem\",\"position\":2,\"name\":\"Erdo\u011fan: Ter\u00f6rs\u00fcz T\u00fcrkiye \u00e7abalar\u0131nda art\u0131k yeni bir safhaya ge\u00e7ilmi\u015ftir\"}]},{\"@type\":\"WebSite\",\"@id\":\"https:\\\/\\\/haberkuzey.com\\\/#website\",\"url\":\"https:\\\/\\\/haberkuzey.com\\\/\",\"name\":\"Haber Kuzey\",\"description\":\"Do\u011fru Haberin Adresi\",\"potentialAction\":[{\"@type\":\"SearchAction\",\"target\":{\"@type\":\"EntryPoint\",\"urlTemplate\":\"https:\\\/\\\/haberkuzey.com\\\/?s={search_term_string}\"},\"query-input\":{\"@type\":\"PropertyValueSpecification\",\"valueRequired\":true,\"valueName\":\"search_term_string\"}}],\"inLanguage\":\"tr\"},{\"@type\":\"Person\",\"@id\":\"https:\\\/\\\/haberkuzey.com\\\/#\\\/schema\\\/person\\\/3372109ec735f9333f4fa47ebb9605ca\",\"name\":\"haberkuzey\",\"image\":{\"@type\":\"ImageObject\",\"inLanguage\":\"tr\",\"@id\":\"https:\\\/\\\/secure.gravatar.com\\\/avatar\\\/f5fc875574b1575324358c3b9e6a32b8227aa5b74f3fa22e3cadb63e26fcc39c?s=96&d=mm&r=g\",\"url\":\"https:\\\/\\\/secure.gravatar.com\\\/avatar\\\/f5fc875574b1575324358c3b9e6a32b8227aa5b74f3fa22e3cadb63e26fcc39c?s=96&d=mm&r=g\",\"contentUrl\":\"https:\\\/\\\/secure.gravatar.com\\\/avatar\\\/f5fc875574b1575324358c3b9e6a32b8227aa5b74f3fa22e3cadb63e26fcc39c?s=96&d=mm&r=g\",\"caption\":\"haberkuzey\"},\"sameAs\":[\"https:\\\/\\\/haberkuzey.com\"],\"url\":\"https:\\\/\\\/haberkuzey.com\\\/index.php\\\/author\\\/haberkuzey\\\/\"}]}<\/script>\n<!-- \/ Yoast SEO plugin. -->","yoast_head_json":{"title":"Erdo\u011fan: Ter\u00f6rs\u00fcz T\u00fcrkiye \u00e7abalar\u0131nda art\u0131k yeni bir safhaya ge\u00e7ilmi\u015ftir - Haber Kuzey","robots":{"index":"index","follow":"follow","max-snippet":"max-snippet:-1","max-image-preview":"max-image-preview:large","max-video-preview":"max-video-preview:-1"},"canonical":"https:\/\/haberkuzey.com\/index.php\/2025\/03\/01\/erdogan-terorsuz-turkiye-cabalarinda-artik-yeni-bir-safhaya-gecilmistir\/","og_locale":"tr_TR","og_type":"article","og_title":"Erdo\u011fan: Ter\u00f6rs\u00fcz T\u00fcrkiye \u00e7abalar\u0131nda art\u0131k yeni bir safhaya ge\u00e7ilmi\u015ftir - Haber Kuzey","og_description":"\u201cTer\u00f6rs\u00fcz T\u00fcrkiye hedefiyle\u201d Milliyet\u00e7i Hareket Partisi Ba\u015fkan\u0131 Devlet Bah\u00e7eli\u2019nin \u00e7a\u011fr\u0131s\u0131yla ba\u015flayan s\u00fcre\u00e7te, \u00d6calan\u2019\u0131n PKK\u2019ya silah b\u0131rak\u0131n \u00e7a\u011fr\u0131s\u0131nda bulunmas\u0131 s\u00fcreci ileri bir a\u015famaya ta\u015f\u0131d\u0131. T\u00fcrkiye Cumhurba\u015fkan\u0131 Recep Tayyip Erdo\u011fan, gelinen kontay\u0131 \u201cTer\u00f6rs\u00fcz T\u00fcrkiye \u00e7abalar\u0131nda art\u0131k yeni bir safhaya ge\u00e7ilmi\u015ftir\u201d s\u00f6zleriyle de\u011ferlendirdi. \u201c\u00d6n\u00fcm\u00fczde tarihi ad\u0131m f\u0131rsat\u0131 var\u201d ifadelerini kullanan Erdo\u011fan, \u201c\u0130kircikli s\u00f6ylemlerle s\u00fcreci zor sokan kimseyi T\u00fcrkiye [&hellip;]","og_url":"https:\/\/haberkuzey.com\/index.php\/2025\/03\/01\/erdogan-terorsuz-turkiye-cabalarinda-artik-yeni-bir-safhaya-gecilmistir\/","og_site_name":"Haber Kuzey","article_published_time":"2025-03-01T09:04:29+00:00","og_image":[{"url":"https:\/\/brtk.net\/wp-content\/uploads\/2025\/03\/01\/in-shot-20250228-210327367.webp?ver=2d9f1409b1dda7f16b71b8273b1cd1ce","type":"","width":"","height":""}],"author":"haberkuzey","twitter_card":"summary_large_image","twitter_misc":{"Yazan:":"haberkuzey","Tahmini okuma s\u00fcresi":"2 dakika"},"schema":{"@context":"https:\/\/schema.org","@graph":[{"@type":"Article","@id":"https:\/\/haberkuzey.com\/index.php\/2025\/03\/01\/erdogan-terorsuz-turkiye-cabalarinda-artik-yeni-bir-safhaya-gecilmistir\/#article","isPartOf":{"@id":"https:\/\/haberkuzey.com\/index.php\/2025\/03\/01\/erdogan-terorsuz-turkiye-cabalarinda-artik-yeni-bir-safhaya-gecilmistir\/"},"author":{"name":"haberkuzey","@id":"https:\/\/haberkuzey.com\/#\/schema\/person\/3372109ec735f9333f4fa47ebb9605ca"},"headline":"Erdo\u011fan: Ter\u00f6rs\u00fcz T\u00fcrkiye \u00e7abalar\u0131nda art\u0131k yeni bir safhaya ge\u00e7ilmi\u015ftir","datePublished":"2025-03-01T09:04:29+00:00","mainEntityOfPage":{"@id":"https:\/\/haberkuzey.com\/index.php\/2025\/03\/01\/erdogan-terorsuz-turkiye-cabalarinda-artik-yeni-bir-safhaya-gecilmistir\/"},"wordCount":366,"commentCount":0,"image":{"@id":"https:\/\/haberkuzey.com\/index.php\/2025\/03\/01\/erdogan-terorsuz-turkiye-cabalarinda-artik-yeni-bir-safhaya-gecilmistir\/#primaryimage"},"thumbnailUrl":"https:\/\/haberkuzey.com\/wp-content\/uploads\/2025\/03\/in-shot-20250228-210327367.webp.webp","articleSection":["D\u00fcnya"],"inLanguage":"tr","potentialAction":[{"@type":"CommentAction","name":"Comment","target":["https:\/\/haberkuzey.com\/index.php\/2025\/03\/01\/erdogan-terorsuz-turkiye-cabalarinda-artik-yeni-bir-safhaya-gecilmistir\/#respond"]}]},{"@type":"WebPage","@id":"https:\/\/haberkuzey.com\/index.php\/2025\/03\/01\/erdogan-terorsuz-turkiye-cabalarinda-artik-yeni-bir-safhaya-gecilmistir\/","url":"https:\/\/haberkuzey.com\/index.php\/2025\/03\/01\/erdogan-terorsuz-turkiye-cabalarinda-artik-yeni-bir-safhaya-gecilmistir\/","name":"Erdo\u011fan: Ter\u00f6rs\u00fcz T\u00fcrkiye \u00e7abalar\u0131nda art\u0131k yeni bir safhaya ge\u00e7ilmi\u015ftir - Haber Kuzey","isPartOf":{"@id":"https:\/\/haberkuzey.com\/#website"},"primaryImageOfPage":{"@id":"https:\/\/haberkuzey.com\/index.php\/2025\/03\/01\/erdogan-terorsuz-turkiye-cabalarinda-artik-yeni-bir-safhaya-gecilmistir\/#primaryimage"},"image":{"@id":"https:\/\/haberkuzey.com\/index.php\/2025\/03\/01\/erdogan-terorsuz-turkiye-cabalarinda-artik-yeni-bir-safhaya-gecilmistir\/#primaryimage"},"thumbnailUrl":"https:\/\/haberkuzey.com\/wp-content\/uploads\/2025\/03\/in-shot-20250228-210327367.webp.webp","datePublished":"2025-03-01T09:04:29+00:00","author":{"@id":"https:\/\/haberkuzey.com\/#\/schema\/person\/3372109ec735f9333f4fa47ebb9605ca"},"breadcrumb":{"@id":"https:\/\/haberkuzey.com\/index.php\/2025\/03\/01\/erdogan-terorsuz-turkiye-cabalarinda-artik-yeni-bir-safhaya-gecilmistir\/#breadcrumb"},"inLanguage":"tr","potentialAction":[{"@type":"ReadAction","target":["https:\/\/haberkuzey.com\/index.php\/2025\/03\/01\/erdogan-terorsuz-turkiye-cabalarinda-artik-yeni-bir-safhaya-gecilmistir\/"]}]},{"@type":"ImageObject","inLanguage":"tr","@id":"https:\/\/haberkuzey.com\/index.php\/2025\/03\/01\/erdogan-terorsuz-turkiye-cabalarinda-artik-yeni-bir-safhaya-gecilmistir\/#primaryimage","url":"https:\/\/haberkuzey.com\/wp-content\/uploads\/2025\/03\/in-shot-20250228-210327367.webp.webp","contentUrl":"https:\/\/haberkuzey.com\/wp-content\/uploads\/2025\/03\/in-shot-20250228-210327367.webp.webp","width":1280,"height":720},{"@type":"BreadcrumbList","@id":"https:\/\/haberkuzey.com\/index.php\/2025\/03\/01\/erdogan-terorsuz-turkiye-cabalarinda-artik-yeni-bir-safhaya-gecilmistir\/#breadcrumb","itemListElement":[{"@type":"ListItem","position":1,"name":"Anasayfa","item":"https:\/\/haberkuzey.com\/"},{"@type":"ListItem","position":2,"name":"Erdo\u011fan: Ter\u00f6rs\u00fcz T\u00fcrkiye \u00e7abalar\u0131nda art\u0131k yeni bir safhaya ge\u00e7ilmi\u015ftir"}]},{"@type":"WebSite","@id":"https:\/\/haberkuzey.com\/#website","url":"https:\/\/haberkuzey.com\/","name":"Haber Kuzey","description":"Do\u011fru Haberin Adresi","potentialAction":[{"@type":"SearchAction","target":{"@type":"EntryPoint","urlTemplate":"https:\/\/haberkuzey.com\/?s={search_term_string}"},"query-input":{"@type":"PropertyValueSpecification","valueRequired":true,"valueName":"search_term_string"}}],"inLanguage":"tr"},{"@type":"Person","@id":"https:\/\/haberkuzey.com\/#\/schema\/person\/3372109ec735f9333f4fa47ebb9605ca","name":"haberkuzey","image":{"@type":"ImageObject","inLanguage":"tr","@id":"https:\/\/secure.gravatar.com\/avatar\/f5fc875574b1575324358c3b9e6a32b8227aa5b74f3fa22e3cadb63e26fcc39c?s=96&d=mm&r=g","url":"https:\/\/secure.gravatar.com\/avatar\/f5fc875574b1575324358c3b9e6a32b8227aa5b74f3fa22e3cadb63e26fcc39c?s=96&d=mm&r=g","contentUrl":"https:\/\/secure.gravatar.com\/avatar\/f5fc875574b1575324358c3b9e6a32b8227aa5b74f3fa22e3cadb63e26fcc39c?s=96&d=mm&r=g","caption":"haberkuzey"},"sameAs":["https:\/\/haberkuzey.com"],"url":"https:\/\/haberkuzey.com\/index.php\/author\/haberkuzey\/"}]}},"_links":{"self":[{"href":"https:\/\/haberkuzey.com\/index.php\/wp-json\/wp\/v2\/posts\/19007","targetHints":{"allow":["GET"]}}],"collection":[{"href":"https:\/\/haberkuzey.com\/index.php\/wp-json\/wp\/v2\/posts"}],"about":[{"href":"https:\/\/haberkuzey.com\/index.php\/wp-json\/wp\/v2\/types\/post"}],"author":[{"embeddable":true,"href":"https:\/\/haberkuzey.com\/index.php\/wp-json\/wp\/v2\/users\/1"}],"replies":[{"embeddable":true,"href":"https:\/\/haberkuzey.com\/index.php\/wp-json\/wp\/v2\/comments?post=19007"}],"version-history":[{"count":0,"href":"https:\/\/haberkuzey.com\/index.php\/wp-json\/wp\/v2\/posts\/19007\/revisions"}],"wp:featuredmedia":[{"embeddable":true,"href":"https:\/\/haberkuzey.com\/index.php\/wp-json\/wp\/v2\/media\/19008"}],"wp:attachment":[{"href":"https:\/\/haberkuzey.com\/index.php\/wp-json\/wp\/v2\/media?parent=19007"}],"wp:term":[{"taxonomy":"category","embeddable":true,"href":"https:\/\/haberkuzey.com\/index.php\/wp-json\/wp\/v2\/categories?post=19007"},{"taxonomy":"post_tag","embeddable":true,"href":"https:\/\/haberkuzey.com\/index.php\/wp-json\/wp\/v2\/tags?post=19007"}],"curies":[{"name":"wp","href":"https:\/\/api.w.org\/{rel}","templated":true}]}}