{"id":1895,"date":"2024-05-09T19:20:00","date_gmt":"2024-05-09T16:20:00","guid":{"rendered":"https:\/\/haberkuzey.com\/index.php\/2024\/05\/09\/maliye-bakani-berova-kibris-turk-armatorler-birligi-heyetini-kabul-etti\/"},"modified":"2024-05-09T19:20:00","modified_gmt":"2024-05-09T16:20:00","slug":"maliye-bakani-berova-kibris-turk-armatorler-birligi-heyetini-kabul-etti","status":"publish","type":"post","link":"https:\/\/haberkuzey.com\/index.php\/2024\/05\/09\/maliye-bakani-berova-kibris-turk-armatorler-birligi-heyetini-kabul-etti\/","title":{"rendered":"Maliye Bakan\u0131 Berova, K\u0131br\u0131s T\u00fcrk Armat\u00f6rler Birli\u011fi heyetini kabul etti"},"content":{"rendered":"<div>\n<div class=\"mariselle-image-container center\">\n                                            <\/div>\n<p>Maliye Bakan\u0131 \u00d6zdemir Berova, K\u0131br\u0131s T\u00fcrk Armat\u00f6rler Birli\u011fi heyetini kabul etti.<\/p>\n<p>Bakanl\u0131ktan verilen bilgiye g\u00f6re, K\u0131br\u0131s T\u00fcrk Armat\u00f6rler Birli\u011fi Ba\u015fkan\u0131 Y\u0131ltan \u00d6zk\u0131ra\u00e7, sekt\u00f6r\u00fcn \u00e7al\u0131\u015fmalar\u0131n\u0131, s\u0131k\u0131nt\u0131lar\u0131n\u0131 ve beklentilerini dile getirdi.<\/p>\n<p>Maliye Bakan\u0131 \u00d6zdemir Berova da, K\u0131br\u0131s T\u00fcrk Armat\u00f6rler Birli\u011fi heyetinin talep ve beklentilerini inceleyeceklerini, imk\u00e2nlar d\u00e2hilinde yap\u0131labilecek ne varsa katk\u0131 koymaya haz\u0131r olduklar\u0131n\u0131 s\u00f6yledi.<\/p>\n<\/p><\/div>\n<p><script async\n                    defer\n                    crossorigin=\"anonymous\"\n                    src=\"https:\/\/connect.facebook.net\/tr_TR\/sdk.js#xfbml=1&#038;version=v3.3\"\n            ><\/script><\/p>\n","protected":false},"excerpt":{"rendered":"<p>Maliye Bakan\u0131 \u00d6zdemir Berova, K\u0131br\u0131s T\u00fcrk Armat\u00f6rler Birli\u011fi heyetini kabul etti. Bakanl\u0131ktan verilen bilgiye g\u00f6re, K\u0131br\u0131s T\u00fcrk Armat\u00f6rler Birli\u011fi Ba\u015fkan\u0131 Y\u0131ltan \u00d6zk\u0131ra\u00e7, sekt\u00f6r\u00fcn \u00e7al\u0131\u015fmalar\u0131n\u0131, s\u0131k\u0131nt\u0131lar\u0131n\u0131 ve beklentilerini dile getirdi. Maliye Bakan\u0131 \u00d6zdemir Berova da, K\u0131br\u0131s T\u00fcrk Armat\u00f6rler Birli\u011fi heyetinin talep ve beklentilerini inceleyeceklerini, imk\u00e2nlar d\u00e2hilinde yap\u0131labilecek ne varsa katk\u0131 koymaya haz\u0131r olduklar\u0131n\u0131 s\u00f6yledi.<\/p>\n","protected":false},"author":1,"featured_media":1896,"comment_status":"open","ping_status":"open","sticky":false,"template":"","format":"standard","meta":{"jnews-multi-image_gallery":[],"jnews_single_post":[],"jnews_primary_category":[],"footnotes":""},"categories":[1],"tags":[],"class_list":["post-1895","post","type-post","status-publish","format-standard","has-post-thumbnail","hentry","category-kibris"],"yoast_head":"<!-- This site is optimized with the Yoast SEO plugin v27.5 - https:\/\/yoast.com\/product\/yoast-seo-wordpress\/ -->\n<title>Maliye Bakan\u0131 Berova, K\u0131br\u0131s T\u00fcrk Armat\u00f6rler Birli\u011fi heyetini kabul etti - Haber Kuzey<\/title>\n<meta name=\"robots\" content=\"index, follow, max-snippet:-1, max-image-preview:large, max-video-preview:-1\" \/>\n<link rel=\"canonical\" href=\"https:\/\/haberkuzey.com\/index.php\/2024\/05\/09\/maliye-bakani-berova-kibris-turk-armatorler-birligi-heyetini-kabul-etti\/\" \/>\n<meta property=\"og:locale\" content=\"tr_TR\" \/>\n<meta property=\"og:type\" content=\"article\" \/>\n<meta property=\"og:title\" content=\"Maliye Bakan\u0131 Berova, K\u0131br\u0131s T\u00fcrk Armat\u00f6rler Birli\u011fi heyetini kabul etti - Haber Kuzey\" \/>\n<meta property=\"og:description\" content=\"Maliye Bakan\u0131 \u00d6zdemir Berova, K\u0131br\u0131s T\u00fcrk Armat\u00f6rler Birli\u011fi heyetini kabul etti. Bakanl\u0131ktan verilen bilgiye g\u00f6re, K\u0131br\u0131s T\u00fcrk Armat\u00f6rler Birli\u011fi Ba\u015fkan\u0131 Y\u0131ltan \u00d6zk\u0131ra\u00e7, sekt\u00f6r\u00fcn \u00e7al\u0131\u015fmalar\u0131n\u0131, s\u0131k\u0131nt\u0131lar\u0131n\u0131 ve beklentilerini dile getirdi. Maliye Bakan\u0131 \u00d6zdemir Berova da, K\u0131br\u0131s T\u00fcrk Armat\u00f6rler Birli\u011fi heyetinin talep ve beklentilerini inceleyeceklerini, imk\u00e2nlar d\u00e2hilinde yap\u0131labilecek ne varsa katk\u0131 koymaya haz\u0131r olduklar\u0131n\u0131 s\u00f6yledi.\" \/>\n<meta property=\"og:url\" content=\"https:\/\/haberkuzey.com\/index.php\/2024\/05\/09\/maliye-bakani-berova-kibris-turk-armatorler-birligi-heyetini-kabul-etti\/\" \/>\n<meta property=\"og:site_name\" content=\"Haber Kuzey\" \/>\n<meta property=\"article:published_time\" content=\"2024-05-09T16:20:00+00:00\" \/>\n<meta property=\"og:image\" content=\"https:\/\/brtk.net\/wp-content\/uploads\/2024\/05\/09\/maliye-bakani-berova-kibris-turk-armatorler-birligi-heyetini-kabul-etti.jpg?ver=d86f82b09df23da300b88dc93bf60048\" \/>\n<meta name=\"author\" content=\"haberkuzey\" \/>\n<meta name=\"twitter:card\" content=\"summary_large_image\" \/>\n<meta name=\"twitter:label1\" content=\"Yazan:\" \/>\n\t<meta name=\"twitter:data1\" content=\"haberkuzey\" \/>\n<script type=\"application\/ld+json\" class=\"yoast-schema-graph\">{\"@context\":\"https:\\\/\\\/schema.org\",\"@graph\":[{\"@type\":\"Article\",\"@id\":\"https:\\\/\\\/haberkuzey.com\\\/index.php\\\/2024\\\/05\\\/09\\\/maliye-bakani-berova-kibris-turk-armatorler-birligi-heyetini-kabul-etti\\\/#article\",\"isPartOf\":{\"@id\":\"https:\\\/\\\/haberkuzey.com\\\/index.php\\\/2024\\\/05\\\/09\\\/maliye-bakani-berova-kibris-turk-armatorler-birligi-heyetini-kabul-etti\\\/\"},\"author\":{\"name\":\"haberkuzey\",\"@id\":\"https:\\\/\\\/haberkuzey.com\\\/#\\\/schema\\\/person\\\/3372109ec735f9333f4fa47ebb9605ca\"},\"headline\":\"Maliye Bakan\u0131 Berova, K\u0131br\u0131s T\u00fcrk Armat\u00f6rler Birli\u011fi heyetini kabul etti\",\"datePublished\":\"2024-05-09T16:20:00+00:00\",\"mainEntityOfPage\":{\"@id\":\"https:\\\/\\\/haberkuzey.com\\\/index.php\\\/2024\\\/05\\\/09\\\/maliye-bakani-berova-kibris-turk-armatorler-birligi-heyetini-kabul-etti\\\/\"},\"wordCount\":102,\"commentCount\":0,\"image\":{\"@id\":\"https:\\\/\\\/haberkuzey.com\\\/index.php\\\/2024\\\/05\\\/09\\\/maliye-bakani-berova-kibris-turk-armatorler-birligi-heyetini-kabul-etti\\\/#primaryimage\"},\"thumbnailUrl\":\"https:\\\/\\\/haberkuzey.com\\\/wp-content\\\/uploads\\\/2024\\\/05\\\/maliye-bakani-berova-kibris-turk-armatorler-birligi-heyetini-kabul-etti.jpg\",\"articleSection\":[\"K\u0131br\u0131s\"],\"inLanguage\":\"tr\",\"potentialAction\":[{\"@type\":\"CommentAction\",\"name\":\"Comment\",\"target\":[\"https:\\\/\\\/haberkuzey.com\\\/index.php\\\/2024\\\/05\\\/09\\\/maliye-bakani-berova-kibris-turk-armatorler-birligi-heyetini-kabul-etti\\\/#respond\"]}]},{\"@type\":\"WebPage\",\"@id\":\"https:\\\/\\\/haberkuzey.com\\\/index.php\\\/2024\\\/05\\\/09\\\/maliye-bakani-berova-kibris-turk-armatorler-birligi-heyetini-kabul-etti\\\/\",\"url\":\"https:\\\/\\\/haberkuzey.com\\\/index.php\\\/2024\\\/05\\\/09\\\/maliye-bakani-berova-kibris-turk-armatorler-birligi-heyetini-kabul-etti\\\/\",\"name\":\"Maliye Bakan\u0131 Berova, K\u0131br\u0131s T\u00fcrk Armat\u00f6rler Birli\u011fi heyetini kabul etti - Haber Kuzey\",\"isPartOf\":{\"@id\":\"https:\\\/\\\/haberkuzey.com\\\/#website\"},\"primaryImageOfPage\":{\"@id\":\"https:\\\/\\\/haberkuzey.com\\\/index.php\\\/2024\\\/05\\\/09\\\/maliye-bakani-berova-kibris-turk-armatorler-birligi-heyetini-kabul-etti\\\/#primaryimage\"},\"image\":{\"@id\":\"https:\\\/\\\/haberkuzey.com\\\/index.php\\\/2024\\\/05\\\/09\\\/maliye-bakani-berova-kibris-turk-armatorler-birligi-heyetini-kabul-etti\\\/#primaryimage\"},\"thumbnailUrl\":\"https:\\\/\\\/haberkuzey.com\\\/wp-content\\\/uploads\\\/2024\\\/05\\\/maliye-bakani-berova-kibris-turk-armatorler-birligi-heyetini-kabul-etti.jpg\",\"datePublished\":\"2024-05-09T16:20:00+00:00\",\"author\":{\"@id\":\"https:\\\/\\\/haberkuzey.com\\\/#\\\/schema\\\/person\\\/3372109ec735f9333f4fa47ebb9605ca\"},\"breadcrumb\":{\"@id\":\"https:\\\/\\\/haberkuzey.com\\\/index.php\\\/2024\\\/05\\\/09\\\/maliye-bakani-berova-kibris-turk-armatorler-birligi-heyetini-kabul-etti\\\/#breadcrumb\"},\"inLanguage\":\"tr\",\"potentialAction\":[{\"@type\":\"ReadAction\",\"target\":[\"https:\\\/\\\/haberkuzey.com\\\/index.php\\\/2024\\\/05\\\/09\\\/maliye-bakani-berova-kibris-turk-armatorler-birligi-heyetini-kabul-etti\\\/\"]}]},{\"@type\":\"ImageObject\",\"inLanguage\":\"tr\",\"@id\":\"https:\\\/\\\/haberkuzey.com\\\/index.php\\\/2024\\\/05\\\/09\\\/maliye-bakani-berova-kibris-turk-armatorler-birligi-heyetini-kabul-etti\\\/#primaryimage\",\"url\":\"https:\\\/\\\/haberkuzey.com\\\/wp-content\\\/uploads\\\/2024\\\/05\\\/maliye-bakani-berova-kibris-turk-armatorler-birligi-heyetini-kabul-etti.jpg\",\"contentUrl\":\"https:\\\/\\\/haberkuzey.com\\\/wp-content\\\/uploads\\\/2024\\\/05\\\/maliye-bakani-berova-kibris-turk-armatorler-birligi-heyetini-kabul-etti.jpg\",\"width\":1024,\"height\":584},{\"@type\":\"BreadcrumbList\",\"@id\":\"https:\\\/\\\/haberkuzey.com\\\/index.php\\\/2024\\\/05\\\/09\\\/maliye-bakani-berova-kibris-turk-armatorler-birligi-heyetini-kabul-etti\\\/#breadcrumb\",\"itemListElement\":[{\"@type\":\"ListItem\",\"position\":1,\"name\":\"Anasayfa\",\"item\":\"https:\\\/\\\/haberkuzey.com\\\/\"},{\"@type\":\"ListItem\",\"position\":2,\"name\":\"Maliye Bakan\u0131 Berova, K\u0131br\u0131s T\u00fcrk Armat\u00f6rler Birli\u011fi heyetini kabul etti\"}]},{\"@type\":\"WebSite\",\"@id\":\"https:\\\/\\\/haberkuzey.com\\\/#website\",\"url\":\"https:\\\/\\\/haberkuzey.com\\\/\",\"name\":\"Haber Kuzey\",\"description\":\"Do\u011fru Haberin Adresi\",\"potentialAction\":[{\"@type\":\"SearchAction\",\"target\":{\"@type\":\"EntryPoint\",\"urlTemplate\":\"https:\\\/\\\/haberkuzey.com\\\/?s={search_term_string}\"},\"query-input\":{\"@type\":\"PropertyValueSpecification\",\"valueRequired\":true,\"valueName\":\"search_term_string\"}}],\"inLanguage\":\"tr\"},{\"@type\":\"Person\",\"@id\":\"https:\\\/\\\/haberkuzey.com\\\/#\\\/schema\\\/person\\\/3372109ec735f9333f4fa47ebb9605ca\",\"name\":\"haberkuzey\",\"image\":{\"@type\":\"ImageObject\",\"inLanguage\":\"tr\",\"@id\":\"https:\\\/\\\/secure.gravatar.com\\\/avatar\\\/f5fc875574b1575324358c3b9e6a32b8227aa5b74f3fa22e3cadb63e26fcc39c?s=96&d=mm&r=g\",\"url\":\"https:\\\/\\\/secure.gravatar.com\\\/avatar\\\/f5fc875574b1575324358c3b9e6a32b8227aa5b74f3fa22e3cadb63e26fcc39c?s=96&d=mm&r=g\",\"contentUrl\":\"https:\\\/\\\/secure.gravatar.com\\\/avatar\\\/f5fc875574b1575324358c3b9e6a32b8227aa5b74f3fa22e3cadb63e26fcc39c?s=96&d=mm&r=g\",\"caption\":\"haberkuzey\"},\"sameAs\":[\"https:\\\/\\\/haberkuzey.com\"],\"url\":\"https:\\\/\\\/haberkuzey.com\\\/index.php\\\/author\\\/haberkuzey\\\/\"}]}<\/script>\n<!-- \/ Yoast SEO plugin. -->","yoast_head_json":{"title":"Maliye Bakan\u0131 Berova, K\u0131br\u0131s T\u00fcrk Armat\u00f6rler Birli\u011fi heyetini kabul etti - Haber Kuzey","robots":{"index":"index","follow":"follow","max-snippet":"max-snippet:-1","max-image-preview":"max-image-preview:large","max-video-preview":"max-video-preview:-1"},"canonical":"https:\/\/haberkuzey.com\/index.php\/2024\/05\/09\/maliye-bakani-berova-kibris-turk-armatorler-birligi-heyetini-kabul-etti\/","og_locale":"tr_TR","og_type":"article","og_title":"Maliye Bakan\u0131 Berova, K\u0131br\u0131s T\u00fcrk Armat\u00f6rler Birli\u011fi heyetini kabul etti - Haber Kuzey","og_description":"Maliye Bakan\u0131 \u00d6zdemir Berova, K\u0131br\u0131s T\u00fcrk Armat\u00f6rler Birli\u011fi heyetini kabul etti. Bakanl\u0131ktan verilen bilgiye g\u00f6re, K\u0131br\u0131s T\u00fcrk Armat\u00f6rler Birli\u011fi Ba\u015fkan\u0131 Y\u0131ltan \u00d6zk\u0131ra\u00e7, sekt\u00f6r\u00fcn \u00e7al\u0131\u015fmalar\u0131n\u0131, s\u0131k\u0131nt\u0131lar\u0131n\u0131 ve beklentilerini dile getirdi. Maliye Bakan\u0131 \u00d6zdemir Berova da, K\u0131br\u0131s T\u00fcrk Armat\u00f6rler Birli\u011fi heyetinin talep ve beklentilerini inceleyeceklerini, imk\u00e2nlar d\u00e2hilinde yap\u0131labilecek ne varsa katk\u0131 koymaya haz\u0131r olduklar\u0131n\u0131 s\u00f6yledi.","og_url":"https:\/\/haberkuzey.com\/index.php\/2024\/05\/09\/maliye-bakani-berova-kibris-turk-armatorler-birligi-heyetini-kabul-etti\/","og_site_name":"Haber Kuzey","article_published_time":"2024-05-09T16:20:00+00:00","og_image":[{"url":"https:\/\/brtk.net\/wp-content\/uploads\/2024\/05\/09\/maliye-bakani-berova-kibris-turk-armatorler-birligi-heyetini-kabul-etti.jpg?ver=d86f82b09df23da300b88dc93bf60048","type":"","width":"","height":""}],"author":"haberkuzey","twitter_card":"summary_large_image","twitter_misc":{"Yazan:":"haberkuzey"},"schema":{"@context":"https:\/\/schema.org","@graph":[{"@type":"Article","@id":"https:\/\/haberkuzey.com\/index.php\/2024\/05\/09\/maliye-bakani-berova-kibris-turk-armatorler-birligi-heyetini-kabul-etti\/#article","isPartOf":{"@id":"https:\/\/haberkuzey.com\/index.php\/2024\/05\/09\/maliye-bakani-berova-kibris-turk-armatorler-birligi-heyetini-kabul-etti\/"},"author":{"name":"haberkuzey","@id":"https:\/\/haberkuzey.com\/#\/schema\/person\/3372109ec735f9333f4fa47ebb9605ca"},"headline":"Maliye Bakan\u0131 Berova, K\u0131br\u0131s T\u00fcrk Armat\u00f6rler Birli\u011fi heyetini kabul etti","datePublished":"2024-05-09T16:20:00+00:00","mainEntityOfPage":{"@id":"https:\/\/haberkuzey.com\/index.php\/2024\/05\/09\/maliye-bakani-berova-kibris-turk-armatorler-birligi-heyetini-kabul-etti\/"},"wordCount":102,"commentCount":0,"image":{"@id":"https:\/\/haberkuzey.com\/index.php\/2024\/05\/09\/maliye-bakani-berova-kibris-turk-armatorler-birligi-heyetini-kabul-etti\/#primaryimage"},"thumbnailUrl":"https:\/\/haberkuzey.com\/wp-content\/uploads\/2024\/05\/maliye-bakani-berova-kibris-turk-armatorler-birligi-heyetini-kabul-etti.jpg","articleSection":["K\u0131br\u0131s"],"inLanguage":"tr","potentialAction":[{"@type":"CommentAction","name":"Comment","target":["https:\/\/haberkuzey.com\/index.php\/2024\/05\/09\/maliye-bakani-berova-kibris-turk-armatorler-birligi-heyetini-kabul-etti\/#respond"]}]},{"@type":"WebPage","@id":"https:\/\/haberkuzey.com\/index.php\/2024\/05\/09\/maliye-bakani-berova-kibris-turk-armatorler-birligi-heyetini-kabul-etti\/","url":"https:\/\/haberkuzey.com\/index.php\/2024\/05\/09\/maliye-bakani-berova-kibris-turk-armatorler-birligi-heyetini-kabul-etti\/","name":"Maliye Bakan\u0131 Berova, K\u0131br\u0131s T\u00fcrk Armat\u00f6rler Birli\u011fi heyetini kabul etti - Haber Kuzey","isPartOf":{"@id":"https:\/\/haberkuzey.com\/#website"},"primaryImageOfPage":{"@id":"https:\/\/haberkuzey.com\/index.php\/2024\/05\/09\/maliye-bakani-berova-kibris-turk-armatorler-birligi-heyetini-kabul-etti\/#primaryimage"},"image":{"@id":"https:\/\/haberkuzey.com\/index.php\/2024\/05\/09\/maliye-bakani-berova-kibris-turk-armatorler-birligi-heyetini-kabul-etti\/#primaryimage"},"thumbnailUrl":"https:\/\/haberkuzey.com\/wp-content\/uploads\/2024\/05\/maliye-bakani-berova-kibris-turk-armatorler-birligi-heyetini-kabul-etti.jpg","datePublished":"2024-05-09T16:20:00+00:00","author":{"@id":"https:\/\/haberkuzey.com\/#\/schema\/person\/3372109ec735f9333f4fa47ebb9605ca"},"breadcrumb":{"@id":"https:\/\/haberkuzey.com\/index.php\/2024\/05\/09\/maliye-bakani-berova-kibris-turk-armatorler-birligi-heyetini-kabul-etti\/#breadcrumb"},"inLanguage":"tr","potentialAction":[{"@type":"ReadAction","target":["https:\/\/haberkuzey.com\/index.php\/2024\/05\/09\/maliye-bakani-berova-kibris-turk-armatorler-birligi-heyetini-kabul-etti\/"]}]},{"@type":"ImageObject","inLanguage":"tr","@id":"https:\/\/haberkuzey.com\/index.php\/2024\/05\/09\/maliye-bakani-berova-kibris-turk-armatorler-birligi-heyetini-kabul-etti\/#primaryimage","url":"https:\/\/haberkuzey.com\/wp-content\/uploads\/2024\/05\/maliye-bakani-berova-kibris-turk-armatorler-birligi-heyetini-kabul-etti.jpg","contentUrl":"https:\/\/haberkuzey.com\/wp-content\/uploads\/2024\/05\/maliye-bakani-berova-kibris-turk-armatorler-birligi-heyetini-kabul-etti.jpg","width":1024,"height":584},{"@type":"BreadcrumbList","@id":"https:\/\/haberkuzey.com\/index.php\/2024\/05\/09\/maliye-bakani-berova-kibris-turk-armatorler-birligi-heyetini-kabul-etti\/#breadcrumb","itemListElement":[{"@type":"ListItem","position":1,"name":"Anasayfa","item":"https:\/\/haberkuzey.com\/"},{"@type":"ListItem","position":2,"name":"Maliye Bakan\u0131 Berova, K\u0131br\u0131s T\u00fcrk Armat\u00f6rler Birli\u011fi heyetini kabul etti"}]},{"@type":"WebSite","@id":"https:\/\/haberkuzey.com\/#website","url":"https:\/\/haberkuzey.com\/","name":"Haber Kuzey","description":"Do\u011fru Haberin Adresi","potentialAction":[{"@type":"SearchAction","target":{"@type":"EntryPoint","urlTemplate":"https:\/\/haberkuzey.com\/?s={search_term_string}"},"query-input":{"@type":"PropertyValueSpecification","valueRequired":true,"valueName":"search_term_string"}}],"inLanguage":"tr"},{"@type":"Person","@id":"https:\/\/haberkuzey.com\/#\/schema\/person\/3372109ec735f9333f4fa47ebb9605ca","name":"haberkuzey","image":{"@type":"ImageObject","inLanguage":"tr","@id":"https:\/\/secure.gravatar.com\/avatar\/f5fc875574b1575324358c3b9e6a32b8227aa5b74f3fa22e3cadb63e26fcc39c?s=96&d=mm&r=g","url":"https:\/\/secure.gravatar.com\/avatar\/f5fc875574b1575324358c3b9e6a32b8227aa5b74f3fa22e3cadb63e26fcc39c?s=96&d=mm&r=g","contentUrl":"https:\/\/secure.gravatar.com\/avatar\/f5fc875574b1575324358c3b9e6a32b8227aa5b74f3fa22e3cadb63e26fcc39c?s=96&d=mm&r=g","caption":"haberkuzey"},"sameAs":["https:\/\/haberkuzey.com"],"url":"https:\/\/haberkuzey.com\/index.php\/author\/haberkuzey\/"}]}},"_links":{"self":[{"href":"https:\/\/haberkuzey.com\/index.php\/wp-json\/wp\/v2\/posts\/1895","targetHints":{"allow":["GET"]}}],"collection":[{"href":"https:\/\/haberkuzey.com\/index.php\/wp-json\/wp\/v2\/posts"}],"about":[{"href":"https:\/\/haberkuzey.com\/index.php\/wp-json\/wp\/v2\/types\/post"}],"author":[{"embeddable":true,"href":"https:\/\/haberkuzey.com\/index.php\/wp-json\/wp\/v2\/users\/1"}],"replies":[{"embeddable":true,"href":"https:\/\/haberkuzey.com\/index.php\/wp-json\/wp\/v2\/comments?post=1895"}],"version-history":[{"count":0,"href":"https:\/\/haberkuzey.com\/index.php\/wp-json\/wp\/v2\/posts\/1895\/revisions"}],"wp:featuredmedia":[{"embeddable":true,"href":"https:\/\/haberkuzey.com\/index.php\/wp-json\/wp\/v2\/media\/1896"}],"wp:attachment":[{"href":"https:\/\/haberkuzey.com\/index.php\/wp-json\/wp\/v2\/media?parent=1895"}],"wp:term":[{"taxonomy":"category","embeddable":true,"href":"https:\/\/haberkuzey.com\/index.php\/wp-json\/wp\/v2\/categories?post=1895"},{"taxonomy":"post_tag","embeddable":true,"href":"https:\/\/haberkuzey.com\/index.php\/wp-json\/wp\/v2\/tags?post=1895"}],"curies":[{"name":"wp","href":"https:\/\/api.w.org\/{rel}","templated":true}]}}