{"id":18921,"date":"2025-02-27T18:35:18","date_gmt":"2025-02-27T16:35:18","guid":{"rendered":"https:\/\/haberkuzey.com\/index.php\/2025\/02\/27\/ocalan-orgutu-feshedin\/"},"modified":"2025-02-27T18:35:18","modified_gmt":"2025-02-27T16:35:18","slug":"ocalan-orgutu-feshedin","status":"publish","type":"post","link":"https:\/\/haberkuzey.com\/index.php\/2025\/02\/27\/ocalan-orgutu-feshedin\/","title":{"rendered":"\u00d6calan: \u00d6rg\u00fct\u00fc feshedin"},"content":{"rendered":"<div>\n<div class=\"mariselle-image-container center\">\n                                            <\/div>\n<p>\tDEM Parti heyeti \u00fc\u00e7\u00fcnc\u00fc kez \u0130mral\u0131\u2019y\u0131 ziyaret etti.<br \/>Heyet, \u0130mral\u0131\u2019daki ziyaretin ard\u0131ndan \u0130stanbul\u2019da bas\u0131n toplant\u0131s\u0131 d\u00fczenleyerek, \u0130mral\u0131\u2019daki ter\u00f6r \u00f6rg\u00fct\u00fc eleba\u015f\u0131 Abdullah \u00d6calan\u2019\u0131n \u00e7a\u011fr\u0131s\u0131n\u0131 okundu.<br \/>\u00c7a\u011fr\u0131da, \u201cT\u00fcm gruplar silah b\u0131rakmal\u0131, PKK kendini feshetmeli\u201d ifadelerine yer verildi.<br \/>\u00d6calan\u2019\u0131n mektubunda PKK\u2019n\u0131n \u00f6mr\u00fcn\u00fc tamamlad\u0131\u011f\u0131 vurgulan\u0131rken, \u015fu ifadelere yer verildi.<br \/>\u201cMilliyet\u00e7i Hareket Partisi Genel Ba\u015fkan\u0131 Devlet Bah\u00e7eli\u2019nin yapt\u0131\u011f\u0131 \u00e7a\u011fr\u0131, Cumhurba\u015fkan\u0131 Recep Tayyip Erdo\u011fan\u2019\u0131n ortaya koydu\u011fu iradeyle di\u011fer siyasi partilerin malum \u00e7a\u011fr\u0131ya d\u00f6n\u00fck olumlu yakla\u015f\u0131mlar\u0131yla olu\u015fan bu iklimde silah b\u0131rakma \u00e7a\u011fr\u0131s\u0131nda bulunuyor ve bu \u00e7a\u011fr\u0131n\u0131n tarihi sorumlulu\u011funu \u00fcstleniyorum.<br \/>Varl\u0131\u011f\u0131 zorla sona erdirilmemi\u015f her \u00e7a\u011fda\u015f cemiyet ve partinin g\u00f6n\u00fcll\u00fc olarak yapaca\u011f\u0131 gibi devlet ve toplumla b\u00fct\u00fcnle\u015fme i\u00e7in kongrenizi toplay\u0131n ve karar al\u0131n; t\u00fcm gruplar silah b\u0131rakmal\u0131 ve PKK kendini feshetmelidir.<br \/>Ortak ya\u015fama inanan ve \u00e7a\u011fr\u0131ma kulak veren t\u00fcm kesimlere selamlar\u0131m\u0131 iletirim.\u201d<br \/>\u00d6te yandan \u0130mral\u0131\u2019n\u0131n \u00e7a\u011fr\u0131s\u0131na kar\u015f\u0131l\u0131k AK Parti de ilk de\u011ferlendirmesini yapt\u0131.<br \/>AK Parti Genel Ba\u015fkanvekili Efkan Ala, \u201cBu \u00e7a\u011fr\u0131n\u0131n \u00f6zeti ter\u00f6r \u00f6rg\u00fct\u00fcn\u00fcn kendisini la\u011fvetmesidir ve bu sonucun elde edilmesi i\u00e7in herkesin gayret sarf etmesi laz\u0131m. Bu \u00e7a\u011fr\u0131n\u0131n muhatab\u0131 ter\u00f6r \u00f6rg\u00fct\u00fcd\u00fcr. Muhatab\u0131n bu \u00e7a\u011fr\u0131ya nas\u0131l yan\u0131t verece\u011fini g\u00f6rece\u011fiz. Biz ter\u00f6rle m\u00fccadeleyi devam ettirece\u011fiz. Ter\u00f6r devam ederse biz ter\u00f6rle m\u00fccadele etmeye kararl\u0131y\u0131z\u201d dedi.<\/p>\n<\/p><\/div>\n<p><script async\n                    defer\n                    crossorigin=\"anonymous\"\n                    src=\"https:\/\/connect.facebook.net\/tr_TR\/sdk.js#xfbml=1&#038;version=v3.3\"\n            ><\/script><\/p>\n","protected":false},"excerpt":{"rendered":"<p>DEM Parti heyeti \u00fc\u00e7\u00fcnc\u00fc kez \u0130mral\u0131\u2019y\u0131 ziyaret etti.Heyet, \u0130mral\u0131\u2019daki ziyaretin ard\u0131ndan \u0130stanbul\u2019da bas\u0131n toplant\u0131s\u0131 d\u00fczenleyerek, \u0130mral\u0131\u2019daki ter\u00f6r \u00f6rg\u00fct\u00fc eleba\u015f\u0131 Abdullah \u00d6calan\u2019\u0131n \u00e7a\u011fr\u0131s\u0131n\u0131 okundu.\u00c7a\u011fr\u0131da, \u201cT\u00fcm gruplar silah b\u0131rakmal\u0131, PKK kendini feshetmeli\u201d ifadelerine yer verildi.\u00d6calan\u2019\u0131n mektubunda PKK\u2019n\u0131n \u00f6mr\u00fcn\u00fc tamamlad\u0131\u011f\u0131 vurgulan\u0131rken, \u015fu ifadelere yer verildi.\u201cMilliyet\u00e7i Hareket Partisi Genel Ba\u015fkan\u0131 Devlet Bah\u00e7eli\u2019nin yapt\u0131\u011f\u0131 \u00e7a\u011fr\u0131, Cumhurba\u015fkan\u0131 Recep Tayyip Erdo\u011fan\u2019\u0131n ortaya [&hellip;]<\/p>\n","protected":false},"author":1,"featured_media":18922,"comment_status":"open","ping_status":"open","sticky":false,"template":"","format":"standard","meta":{"jnews-multi-image_gallery":[],"jnews_single_post":[],"jnews_primary_category":[],"footnotes":""},"categories":[2],"tags":[],"class_list":["post-18921","post","type-post","status-publish","format-standard","has-post-thumbnail","hentry","category-dunya"],"yoast_head":"<!-- This site is optimized with the Yoast SEO plugin v27.5 - https:\/\/yoast.com\/product\/yoast-seo-wordpress\/ -->\n<title>\u00d6calan: \u00d6rg\u00fct\u00fc feshedin - Haber Kuzey<\/title>\n<meta name=\"robots\" content=\"index, follow, max-snippet:-1, max-image-preview:large, max-video-preview:-1\" \/>\n<link rel=\"canonical\" href=\"https:\/\/haberkuzey.com\/index.php\/2025\/02\/27\/ocalan-orgutu-feshedin\/\" \/>\n<meta property=\"og:locale\" content=\"tr_TR\" \/>\n<meta property=\"og:type\" content=\"article\" \/>\n<meta property=\"og:title\" content=\"\u00d6calan: \u00d6rg\u00fct\u00fc feshedin - Haber Kuzey\" \/>\n<meta property=\"og:description\" content=\"DEM Parti heyeti \u00fc\u00e7\u00fcnc\u00fc kez \u0130mral\u0131\u2019y\u0131 ziyaret etti.Heyet, \u0130mral\u0131\u2019daki ziyaretin ard\u0131ndan \u0130stanbul\u2019da bas\u0131n toplant\u0131s\u0131 d\u00fczenleyerek, \u0130mral\u0131\u2019daki ter\u00f6r \u00f6rg\u00fct\u00fc eleba\u015f\u0131 Abdullah \u00d6calan\u2019\u0131n \u00e7a\u011fr\u0131s\u0131n\u0131 okundu.\u00c7a\u011fr\u0131da, \u201cT\u00fcm gruplar silah b\u0131rakmal\u0131, PKK kendini feshetmeli\u201d ifadelerine yer verildi.\u00d6calan\u2019\u0131n mektubunda PKK\u2019n\u0131n \u00f6mr\u00fcn\u00fc tamamlad\u0131\u011f\u0131 vurgulan\u0131rken, \u015fu ifadelere yer verildi.\u201cMilliyet\u00e7i Hareket Partisi Genel Ba\u015fkan\u0131 Devlet Bah\u00e7eli\u2019nin yapt\u0131\u011f\u0131 \u00e7a\u011fr\u0131, Cumhurba\u015fkan\u0131 Recep Tayyip Erdo\u011fan\u2019\u0131n ortaya [&hellip;]\" \/>\n<meta property=\"og:url\" content=\"https:\/\/haberkuzey.com\/index.php\/2025\/02\/27\/ocalan-orgutu-feshedin\/\" \/>\n<meta property=\"og:site_name\" content=\"Haber Kuzey\" \/>\n<meta property=\"article:published_time\" content=\"2025-02-27T16:35:18+00:00\" \/>\n<meta property=\"og:image\" content=\"https:\/\/brtk.net\/wp-content\/uploads\/2025\/02\/27\/lsls-scaled.jpg?ver=1e930687db1dc742293b3a967f6f3e06\" \/>\n<meta name=\"author\" content=\"haberkuzey\" \/>\n<meta name=\"twitter:card\" content=\"summary_large_image\" \/>\n<meta name=\"twitter:label1\" content=\"Yazan:\" \/>\n\t<meta name=\"twitter:data1\" content=\"haberkuzey\" \/>\n\t<meta name=\"twitter:label2\" content=\"Tahmini okuma s\u00fcresi\" \/>\n\t<meta name=\"twitter:data2\" content=\"1 dakika\" \/>\n<script type=\"application\/ld+json\" class=\"yoast-schema-graph\">{\"@context\":\"https:\\\/\\\/schema.org\",\"@graph\":[{\"@type\":\"Article\",\"@id\":\"https:\\\/\\\/haberkuzey.com\\\/index.php\\\/2025\\\/02\\\/27\\\/ocalan-orgutu-feshedin\\\/#article\",\"isPartOf\":{\"@id\":\"https:\\\/\\\/haberkuzey.com\\\/index.php\\\/2025\\\/02\\\/27\\\/ocalan-orgutu-feshedin\\\/\"},\"author\":{\"name\":\"haberkuzey\",\"@id\":\"https:\\\/\\\/haberkuzey.com\\\/#\\\/schema\\\/person\\\/3372109ec735f9333f4fa47ebb9605ca\"},\"headline\":\"\u00d6calan: \u00d6rg\u00fct\u00fc feshedin\",\"datePublished\":\"2025-02-27T16:35:18+00:00\",\"mainEntityOfPage\":{\"@id\":\"https:\\\/\\\/haberkuzey.com\\\/index.php\\\/2025\\\/02\\\/27\\\/ocalan-orgutu-feshedin\\\/\"},\"wordCount\":295,\"commentCount\":0,\"image\":{\"@id\":\"https:\\\/\\\/haberkuzey.com\\\/index.php\\\/2025\\\/02\\\/27\\\/ocalan-orgutu-feshedin\\\/#primaryimage\"},\"thumbnailUrl\":\"https:\\\/\\\/haberkuzey.com\\\/wp-content\\\/uploads\\\/2025\\\/02\\\/lsls-scaled.jpg\",\"articleSection\":[\"D\u00fcnya\"],\"inLanguage\":\"tr\",\"potentialAction\":[{\"@type\":\"CommentAction\",\"name\":\"Comment\",\"target\":[\"https:\\\/\\\/haberkuzey.com\\\/index.php\\\/2025\\\/02\\\/27\\\/ocalan-orgutu-feshedin\\\/#respond\"]}]},{\"@type\":\"WebPage\",\"@id\":\"https:\\\/\\\/haberkuzey.com\\\/index.php\\\/2025\\\/02\\\/27\\\/ocalan-orgutu-feshedin\\\/\",\"url\":\"https:\\\/\\\/haberkuzey.com\\\/index.php\\\/2025\\\/02\\\/27\\\/ocalan-orgutu-feshedin\\\/\",\"name\":\"\u00d6calan: \u00d6rg\u00fct\u00fc feshedin - Haber Kuzey\",\"isPartOf\":{\"@id\":\"https:\\\/\\\/haberkuzey.com\\\/#website\"},\"primaryImageOfPage\":{\"@id\":\"https:\\\/\\\/haberkuzey.com\\\/index.php\\\/2025\\\/02\\\/27\\\/ocalan-orgutu-feshedin\\\/#primaryimage\"},\"image\":{\"@id\":\"https:\\\/\\\/haberkuzey.com\\\/index.php\\\/2025\\\/02\\\/27\\\/ocalan-orgutu-feshedin\\\/#primaryimage\"},\"thumbnailUrl\":\"https:\\\/\\\/haberkuzey.com\\\/wp-content\\\/uploads\\\/2025\\\/02\\\/lsls-scaled.jpg\",\"datePublished\":\"2025-02-27T16:35:18+00:00\",\"author\":{\"@id\":\"https:\\\/\\\/haberkuzey.com\\\/#\\\/schema\\\/person\\\/3372109ec735f9333f4fa47ebb9605ca\"},\"breadcrumb\":{\"@id\":\"https:\\\/\\\/haberkuzey.com\\\/index.php\\\/2025\\\/02\\\/27\\\/ocalan-orgutu-feshedin\\\/#breadcrumb\"},\"inLanguage\":\"tr\",\"potentialAction\":[{\"@type\":\"ReadAction\",\"target\":[\"https:\\\/\\\/haberkuzey.com\\\/index.php\\\/2025\\\/02\\\/27\\\/ocalan-orgutu-feshedin\\\/\"]}]},{\"@type\":\"ImageObject\",\"inLanguage\":\"tr\",\"@id\":\"https:\\\/\\\/haberkuzey.com\\\/index.php\\\/2025\\\/02\\\/27\\\/ocalan-orgutu-feshedin\\\/#primaryimage\",\"url\":\"https:\\\/\\\/haberkuzey.com\\\/wp-content\\\/uploads\\\/2025\\\/02\\\/lsls-scaled.jpg\",\"contentUrl\":\"https:\\\/\\\/haberkuzey.com\\\/wp-content\\\/uploads\\\/2025\\\/02\\\/lsls-scaled.jpg\",\"width\":2560,\"height\":1707},{\"@type\":\"BreadcrumbList\",\"@id\":\"https:\\\/\\\/haberkuzey.com\\\/index.php\\\/2025\\\/02\\\/27\\\/ocalan-orgutu-feshedin\\\/#breadcrumb\",\"itemListElement\":[{\"@type\":\"ListItem\",\"position\":1,\"name\":\"Anasayfa\",\"item\":\"https:\\\/\\\/haberkuzey.com\\\/\"},{\"@type\":\"ListItem\",\"position\":2,\"name\":\"\u00d6calan: \u00d6rg\u00fct\u00fc feshedin\"}]},{\"@type\":\"WebSite\",\"@id\":\"https:\\\/\\\/haberkuzey.com\\\/#website\",\"url\":\"https:\\\/\\\/haberkuzey.com\\\/\",\"name\":\"Haber Kuzey\",\"description\":\"Do\u011fru Haberin Adresi\",\"potentialAction\":[{\"@type\":\"SearchAction\",\"target\":{\"@type\":\"EntryPoint\",\"urlTemplate\":\"https:\\\/\\\/haberkuzey.com\\\/?s={search_term_string}\"},\"query-input\":{\"@type\":\"PropertyValueSpecification\",\"valueRequired\":true,\"valueName\":\"search_term_string\"}}],\"inLanguage\":\"tr\"},{\"@type\":\"Person\",\"@id\":\"https:\\\/\\\/haberkuzey.com\\\/#\\\/schema\\\/person\\\/3372109ec735f9333f4fa47ebb9605ca\",\"name\":\"haberkuzey\",\"image\":{\"@type\":\"ImageObject\",\"inLanguage\":\"tr\",\"@id\":\"https:\\\/\\\/secure.gravatar.com\\\/avatar\\\/f5fc875574b1575324358c3b9e6a32b8227aa5b74f3fa22e3cadb63e26fcc39c?s=96&d=mm&r=g\",\"url\":\"https:\\\/\\\/secure.gravatar.com\\\/avatar\\\/f5fc875574b1575324358c3b9e6a32b8227aa5b74f3fa22e3cadb63e26fcc39c?s=96&d=mm&r=g\",\"contentUrl\":\"https:\\\/\\\/secure.gravatar.com\\\/avatar\\\/f5fc875574b1575324358c3b9e6a32b8227aa5b74f3fa22e3cadb63e26fcc39c?s=96&d=mm&r=g\",\"caption\":\"haberkuzey\"},\"sameAs\":[\"https:\\\/\\\/haberkuzey.com\"],\"url\":\"https:\\\/\\\/haberkuzey.com\\\/index.php\\\/author\\\/haberkuzey\\\/\"}]}<\/script>\n<!-- \/ Yoast SEO plugin. -->","yoast_head_json":{"title":"\u00d6calan: \u00d6rg\u00fct\u00fc feshedin - Haber Kuzey","robots":{"index":"index","follow":"follow","max-snippet":"max-snippet:-1","max-image-preview":"max-image-preview:large","max-video-preview":"max-video-preview:-1"},"canonical":"https:\/\/haberkuzey.com\/index.php\/2025\/02\/27\/ocalan-orgutu-feshedin\/","og_locale":"tr_TR","og_type":"article","og_title":"\u00d6calan: \u00d6rg\u00fct\u00fc feshedin - Haber Kuzey","og_description":"DEM Parti heyeti \u00fc\u00e7\u00fcnc\u00fc kez \u0130mral\u0131\u2019y\u0131 ziyaret etti.Heyet, \u0130mral\u0131\u2019daki ziyaretin ard\u0131ndan \u0130stanbul\u2019da bas\u0131n toplant\u0131s\u0131 d\u00fczenleyerek, \u0130mral\u0131\u2019daki ter\u00f6r \u00f6rg\u00fct\u00fc eleba\u015f\u0131 Abdullah \u00d6calan\u2019\u0131n \u00e7a\u011fr\u0131s\u0131n\u0131 okundu.\u00c7a\u011fr\u0131da, \u201cT\u00fcm gruplar silah b\u0131rakmal\u0131, PKK kendini feshetmeli\u201d ifadelerine yer verildi.\u00d6calan\u2019\u0131n mektubunda PKK\u2019n\u0131n \u00f6mr\u00fcn\u00fc tamamlad\u0131\u011f\u0131 vurgulan\u0131rken, \u015fu ifadelere yer verildi.\u201cMilliyet\u00e7i Hareket Partisi Genel Ba\u015fkan\u0131 Devlet Bah\u00e7eli\u2019nin yapt\u0131\u011f\u0131 \u00e7a\u011fr\u0131, Cumhurba\u015fkan\u0131 Recep Tayyip Erdo\u011fan\u2019\u0131n ortaya [&hellip;]","og_url":"https:\/\/haberkuzey.com\/index.php\/2025\/02\/27\/ocalan-orgutu-feshedin\/","og_site_name":"Haber Kuzey","article_published_time":"2025-02-27T16:35:18+00:00","og_image":[{"url":"https:\/\/brtk.net\/wp-content\/uploads\/2025\/02\/27\/lsls-scaled.jpg?ver=1e930687db1dc742293b3a967f6f3e06","type":"","width":"","height":""}],"author":"haberkuzey","twitter_card":"summary_large_image","twitter_misc":{"Yazan:":"haberkuzey","Tahmini okuma s\u00fcresi":"1 dakika"},"schema":{"@context":"https:\/\/schema.org","@graph":[{"@type":"Article","@id":"https:\/\/haberkuzey.com\/index.php\/2025\/02\/27\/ocalan-orgutu-feshedin\/#article","isPartOf":{"@id":"https:\/\/haberkuzey.com\/index.php\/2025\/02\/27\/ocalan-orgutu-feshedin\/"},"author":{"name":"haberkuzey","@id":"https:\/\/haberkuzey.com\/#\/schema\/person\/3372109ec735f9333f4fa47ebb9605ca"},"headline":"\u00d6calan: \u00d6rg\u00fct\u00fc feshedin","datePublished":"2025-02-27T16:35:18+00:00","mainEntityOfPage":{"@id":"https:\/\/haberkuzey.com\/index.php\/2025\/02\/27\/ocalan-orgutu-feshedin\/"},"wordCount":295,"commentCount":0,"image":{"@id":"https:\/\/haberkuzey.com\/index.php\/2025\/02\/27\/ocalan-orgutu-feshedin\/#primaryimage"},"thumbnailUrl":"https:\/\/haberkuzey.com\/wp-content\/uploads\/2025\/02\/lsls-scaled.jpg","articleSection":["D\u00fcnya"],"inLanguage":"tr","potentialAction":[{"@type":"CommentAction","name":"Comment","target":["https:\/\/haberkuzey.com\/index.php\/2025\/02\/27\/ocalan-orgutu-feshedin\/#respond"]}]},{"@type":"WebPage","@id":"https:\/\/haberkuzey.com\/index.php\/2025\/02\/27\/ocalan-orgutu-feshedin\/","url":"https:\/\/haberkuzey.com\/index.php\/2025\/02\/27\/ocalan-orgutu-feshedin\/","name":"\u00d6calan: \u00d6rg\u00fct\u00fc feshedin - Haber Kuzey","isPartOf":{"@id":"https:\/\/haberkuzey.com\/#website"},"primaryImageOfPage":{"@id":"https:\/\/haberkuzey.com\/index.php\/2025\/02\/27\/ocalan-orgutu-feshedin\/#primaryimage"},"image":{"@id":"https:\/\/haberkuzey.com\/index.php\/2025\/02\/27\/ocalan-orgutu-feshedin\/#primaryimage"},"thumbnailUrl":"https:\/\/haberkuzey.com\/wp-content\/uploads\/2025\/02\/lsls-scaled.jpg","datePublished":"2025-02-27T16:35:18+00:00","author":{"@id":"https:\/\/haberkuzey.com\/#\/schema\/person\/3372109ec735f9333f4fa47ebb9605ca"},"breadcrumb":{"@id":"https:\/\/haberkuzey.com\/index.php\/2025\/02\/27\/ocalan-orgutu-feshedin\/#breadcrumb"},"inLanguage":"tr","potentialAction":[{"@type":"ReadAction","target":["https:\/\/haberkuzey.com\/index.php\/2025\/02\/27\/ocalan-orgutu-feshedin\/"]}]},{"@type":"ImageObject","inLanguage":"tr","@id":"https:\/\/haberkuzey.com\/index.php\/2025\/02\/27\/ocalan-orgutu-feshedin\/#primaryimage","url":"https:\/\/haberkuzey.com\/wp-content\/uploads\/2025\/02\/lsls-scaled.jpg","contentUrl":"https:\/\/haberkuzey.com\/wp-content\/uploads\/2025\/02\/lsls-scaled.jpg","width":2560,"height":1707},{"@type":"BreadcrumbList","@id":"https:\/\/haberkuzey.com\/index.php\/2025\/02\/27\/ocalan-orgutu-feshedin\/#breadcrumb","itemListElement":[{"@type":"ListItem","position":1,"name":"Anasayfa","item":"https:\/\/haberkuzey.com\/"},{"@type":"ListItem","position":2,"name":"\u00d6calan: \u00d6rg\u00fct\u00fc feshedin"}]},{"@type":"WebSite","@id":"https:\/\/haberkuzey.com\/#website","url":"https:\/\/haberkuzey.com\/","name":"Haber Kuzey","description":"Do\u011fru Haberin Adresi","potentialAction":[{"@type":"SearchAction","target":{"@type":"EntryPoint","urlTemplate":"https:\/\/haberkuzey.com\/?s={search_term_string}"},"query-input":{"@type":"PropertyValueSpecification","valueRequired":true,"valueName":"search_term_string"}}],"inLanguage":"tr"},{"@type":"Person","@id":"https:\/\/haberkuzey.com\/#\/schema\/person\/3372109ec735f9333f4fa47ebb9605ca","name":"haberkuzey","image":{"@type":"ImageObject","inLanguage":"tr","@id":"https:\/\/secure.gravatar.com\/avatar\/f5fc875574b1575324358c3b9e6a32b8227aa5b74f3fa22e3cadb63e26fcc39c?s=96&d=mm&r=g","url":"https:\/\/secure.gravatar.com\/avatar\/f5fc875574b1575324358c3b9e6a32b8227aa5b74f3fa22e3cadb63e26fcc39c?s=96&d=mm&r=g","contentUrl":"https:\/\/secure.gravatar.com\/avatar\/f5fc875574b1575324358c3b9e6a32b8227aa5b74f3fa22e3cadb63e26fcc39c?s=96&d=mm&r=g","caption":"haberkuzey"},"sameAs":["https:\/\/haberkuzey.com"],"url":"https:\/\/haberkuzey.com\/index.php\/author\/haberkuzey\/"}]}},"_links":{"self":[{"href":"https:\/\/haberkuzey.com\/index.php\/wp-json\/wp\/v2\/posts\/18921","targetHints":{"allow":["GET"]}}],"collection":[{"href":"https:\/\/haberkuzey.com\/index.php\/wp-json\/wp\/v2\/posts"}],"about":[{"href":"https:\/\/haberkuzey.com\/index.php\/wp-json\/wp\/v2\/types\/post"}],"author":[{"embeddable":true,"href":"https:\/\/haberkuzey.com\/index.php\/wp-json\/wp\/v2\/users\/1"}],"replies":[{"embeddable":true,"href":"https:\/\/haberkuzey.com\/index.php\/wp-json\/wp\/v2\/comments?post=18921"}],"version-history":[{"count":0,"href":"https:\/\/haberkuzey.com\/index.php\/wp-json\/wp\/v2\/posts\/18921\/revisions"}],"wp:featuredmedia":[{"embeddable":true,"href":"https:\/\/haberkuzey.com\/index.php\/wp-json\/wp\/v2\/media\/18922"}],"wp:attachment":[{"href":"https:\/\/haberkuzey.com\/index.php\/wp-json\/wp\/v2\/media?parent=18921"}],"wp:term":[{"taxonomy":"category","embeddable":true,"href":"https:\/\/haberkuzey.com\/index.php\/wp-json\/wp\/v2\/categories?post=18921"},{"taxonomy":"post_tag","embeddable":true,"href":"https:\/\/haberkuzey.com\/index.php\/wp-json\/wp\/v2\/tags?post=18921"}],"curies":[{"name":"wp","href":"https:\/\/api.w.org\/{rel}","templated":true}]}}