{"id":1884,"date":"2024-05-09T17:05:00","date_gmt":"2024-05-09T14:05:00","guid":{"rendered":"https:\/\/haberkuzey.com\/index.php\/2024\/05\/09\/meclis-baskani-tore-guzelyurt-meslek-lisesinde-ogrenci-ve-ogretmenlerle-bir-araya-geldi\/"},"modified":"2024-05-09T17:05:00","modified_gmt":"2024-05-09T14:05:00","slug":"meclis-baskani-tore-guzelyurt-meslek-lisesinde-ogrenci-ve-ogretmenlerle-bir-araya-geldi","status":"publish","type":"post","link":"https:\/\/haberkuzey.com\/index.php\/2024\/05\/09\/meclis-baskani-tore-guzelyurt-meslek-lisesinde-ogrenci-ve-ogretmenlerle-bir-araya-geldi\/","title":{"rendered":"Meclis Ba\u015fkan\u0131 T\u00f6re, G\u00fczelyurt Meslek Lisesi\u2019nde \u00f6\u011frenci ve \u00f6\u011fretmenlerle bir araya geldi"},"content":{"rendered":"<div>\n<div class=\"mariselle-image-container center\">\n                                            <\/div>\n<p>Cumhuriyet Meclisi Ba\u015fkan\u0131 Zorlu T\u00f6re, G\u00fczelyurt Meslek Lisesi\u2019ni ziyaret ederek okul y\u00f6netimi ve \u00f6\u011frencilerle bir araya geldi.<\/p>\n<p>Meclisten verilen bilgiye g\u00f6re, Okul M\u00fcd\u00fcr\u00fc R\u00fcstem Kal, Ba\u015fkan T\u00f6re\u2019ye \u00f6\u011frenci say\u0131s\u0131 ve e\u011fitim verilen bran\u015flar hakk\u0131nda bilgi verdi.<\/p>\n<p>T\u00f6re, d\u00fcz bir liseden mezun olanlara g\u00f6re meslek lisesi mezunlar\u0131n\u0131n daha kolay i\u015f bulabilece\u011fini hatta giri\u015fimci olarak kendi i\u015flerini bile kurabilece\u011fini s\u00f6yledi.<\/p>\n<p>T\u00f6re, n\u00fcfusun her ge\u00e7en artt\u0131\u011f\u0131n\u0131, bu t\u00fcr alanlarda \u00e7al\u0131\u015facak yerli i\u015f g\u00fcc\u00fcne de ihtiya\u00e7 duyuldu\u011funu, G\u00fczelyurt Meslek Lisesi\u2019nin kendileri ve b\u00f6lge a\u00e7\u0131s\u0131ndan \u00f6nemli bir okul oldu\u011funu ifade etti.<\/p>\n<p>Ba\u015fkan T\u00f6re, okulda \u00f6\u011frenim g\u00f6ren 285 \u00f6\u011frencinin ciddi bir say\u0131 oldu\u011funu ve G\u00fczelyurt Meslek Lisesi \u00f6\u011frencilerinin ba\u015far\u0131lar\u0131yla gurur duyduklar\u0131n\u0131 kaydetti.<\/p>\n<p>Cumhuriyet Meclisi Ba\u015fkan\u0131 Zorlu T\u00f6re, ziyareti s\u0131ras\u0131nda \u00f6\u011frencilerle s\u00f6yle\u015fide de bir araya geldi.<\/p>\n<p>\u00d6\u011frenci ve \u00f6\u011fretmenlerden alanlar\u0131 hakk\u0131nda bilgi alan T\u00f6re, kendisine y\u00f6neltilen sorular\u0131 da yan\u0131tlad\u0131.<\/p>\n<p>T\u00f6re, \u00f6\u011frencilere hitaben yapt\u0131\u011f\u0131 konu\u015fmada K\u0131br\u0131s T\u00fcrk halk\u0131n\u0131n iki bayram\u0131 oldu\u011funu bunlar\u0131n da 20 Temmuz  Bar\u0131\u015f Harekat\u0131 ve Cumhuriyet\u2019in ilan\u0131 oldu\u011funu ifade etti.<\/p>\n<p>S\u00f6yle\u015fide G\u00fczelyurt Meslek Lisesi \u00f6\u011frencisi S\u00fcheyla K\u0131z\u0131ly\u00fcrek \u201cBenim \u0130ki Bayra\u011f\u0131m Var\u201d \u015fiirini okudu.<\/p>\n<p>Etkinlik toplu an\u0131 foto\u011fraf\u0131n\u0131n \u00e7ekilmesinin ard\u0131ndan son buldu.<\/p>\n<\/p><\/div>\n<p><script async\n                    defer\n                    crossorigin=\"anonymous\"\n                    src=\"https:\/\/connect.facebook.net\/tr_TR\/sdk.js#xfbml=1&#038;version=v3.3\"\n            ><\/script><\/p>\n","protected":false},"excerpt":{"rendered":"<p>Cumhuriyet Meclisi Ba\u015fkan\u0131 Zorlu T\u00f6re, G\u00fczelyurt Meslek Lisesi\u2019ni ziyaret ederek okul y\u00f6netimi ve \u00f6\u011frencilerle bir araya geldi. Meclisten verilen bilgiye g\u00f6re, Okul M\u00fcd\u00fcr\u00fc R\u00fcstem Kal, Ba\u015fkan T\u00f6re\u2019ye \u00f6\u011frenci say\u0131s\u0131 ve e\u011fitim verilen bran\u015flar hakk\u0131nda bilgi verdi. T\u00f6re, d\u00fcz bir liseden mezun olanlara g\u00f6re meslek lisesi mezunlar\u0131n\u0131n daha kolay i\u015f bulabilece\u011fini hatta giri\u015fimci olarak kendi i\u015flerini [&hellip;]<\/p>\n","protected":false},"author":1,"featured_media":1885,"comment_status":"open","ping_status":"open","sticky":false,"template":"","format":"standard","meta":{"jnews-multi-image_gallery":[],"jnews_single_post":[],"jnews_primary_category":[],"footnotes":""},"categories":[1],"tags":[],"class_list":["post-1884","post","type-post","status-publish","format-standard","has-post-thumbnail","hentry","category-kibris"],"yoast_head":"<!-- This site is optimized with the Yoast SEO plugin v27.5 - https:\/\/yoast.com\/product\/yoast-seo-wordpress\/ -->\n<title>Meclis Ba\u015fkan\u0131 T\u00f6re, G\u00fczelyurt Meslek Lisesi\u2019nde \u00f6\u011frenci ve \u00f6\u011fretmenlerle bir araya geldi - Haber Kuzey<\/title>\n<meta name=\"robots\" content=\"index, follow, max-snippet:-1, max-image-preview:large, max-video-preview:-1\" \/>\n<link rel=\"canonical\" href=\"https:\/\/haberkuzey.com\/index.php\/2024\/05\/09\/meclis-baskani-tore-guzelyurt-meslek-lisesinde-ogrenci-ve-ogretmenlerle-bir-araya-geldi\/\" \/>\n<meta property=\"og:locale\" content=\"tr_TR\" \/>\n<meta property=\"og:type\" content=\"article\" \/>\n<meta property=\"og:title\" content=\"Meclis Ba\u015fkan\u0131 T\u00f6re, G\u00fczelyurt Meslek Lisesi\u2019nde \u00f6\u011frenci ve \u00f6\u011fretmenlerle bir araya geldi - Haber Kuzey\" \/>\n<meta property=\"og:description\" content=\"Cumhuriyet Meclisi Ba\u015fkan\u0131 Zorlu T\u00f6re, G\u00fczelyurt Meslek Lisesi\u2019ni ziyaret ederek okul y\u00f6netimi ve \u00f6\u011frencilerle bir araya geldi. Meclisten verilen bilgiye g\u00f6re, Okul M\u00fcd\u00fcr\u00fc R\u00fcstem Kal, Ba\u015fkan T\u00f6re\u2019ye \u00f6\u011frenci say\u0131s\u0131 ve e\u011fitim verilen bran\u015flar hakk\u0131nda bilgi verdi. T\u00f6re, d\u00fcz bir liseden mezun olanlara g\u00f6re meslek lisesi mezunlar\u0131n\u0131n daha kolay i\u015f bulabilece\u011fini hatta giri\u015fimci olarak kendi i\u015flerini [&hellip;]\" \/>\n<meta property=\"og:url\" content=\"https:\/\/haberkuzey.com\/index.php\/2024\/05\/09\/meclis-baskani-tore-guzelyurt-meslek-lisesinde-ogrenci-ve-ogretmenlerle-bir-araya-geldi\/\" \/>\n<meta property=\"og:site_name\" content=\"Haber Kuzey\" \/>\n<meta property=\"article:published_time\" content=\"2024-05-09T14:05:00+00:00\" \/>\n<meta property=\"og:image\" content=\"https:\/\/brtk.net\/wp-content\/uploads\/2024\/05\/09\/qogq-scaled.jpg?ver=33521c208ee07e5cc8e702dc18139808\" \/>\n<meta name=\"author\" content=\"haberkuzey\" \/>\n<meta name=\"twitter:card\" content=\"summary_large_image\" \/>\n<meta name=\"twitter:label1\" content=\"Yazan:\" \/>\n\t<meta name=\"twitter:data1\" content=\"haberkuzey\" \/>\n\t<meta name=\"twitter:label2\" content=\"Tahmini okuma s\u00fcresi\" \/>\n\t<meta name=\"twitter:data2\" content=\"1 dakika\" \/>\n<script type=\"application\/ld+json\" class=\"yoast-schema-graph\">{\"@context\":\"https:\\\/\\\/schema.org\",\"@graph\":[{\"@type\":\"Article\",\"@id\":\"https:\\\/\\\/haberkuzey.com\\\/index.php\\\/2024\\\/05\\\/09\\\/meclis-baskani-tore-guzelyurt-meslek-lisesinde-ogrenci-ve-ogretmenlerle-bir-araya-geldi\\\/#article\",\"isPartOf\":{\"@id\":\"https:\\\/\\\/haberkuzey.com\\\/index.php\\\/2024\\\/05\\\/09\\\/meclis-baskani-tore-guzelyurt-meslek-lisesinde-ogrenci-ve-ogretmenlerle-bir-araya-geldi\\\/\"},\"author\":{\"name\":\"haberkuzey\",\"@id\":\"https:\\\/\\\/haberkuzey.com\\\/#\\\/schema\\\/person\\\/3372109ec735f9333f4fa47ebb9605ca\"},\"headline\":\"Meclis Ba\u015fkan\u0131 T\u00f6re, G\u00fczelyurt Meslek Lisesi\u2019nde \u00f6\u011frenci ve \u00f6\u011fretmenlerle bir araya geldi\",\"datePublished\":\"2024-05-09T14:05:00+00:00\",\"mainEntityOfPage\":{\"@id\":\"https:\\\/\\\/haberkuzey.com\\\/index.php\\\/2024\\\/05\\\/09\\\/meclis-baskani-tore-guzelyurt-meslek-lisesinde-ogrenci-ve-ogretmenlerle-bir-araya-geldi\\\/\"},\"wordCount\":273,\"commentCount\":0,\"image\":{\"@id\":\"https:\\\/\\\/haberkuzey.com\\\/index.php\\\/2024\\\/05\\\/09\\\/meclis-baskani-tore-guzelyurt-meslek-lisesinde-ogrenci-ve-ogretmenlerle-bir-araya-geldi\\\/#primaryimage\"},\"thumbnailUrl\":\"https:\\\/\\\/haberkuzey.com\\\/wp-content\\\/uploads\\\/2024\\\/05\\\/qogq-scaled.jpg\",\"articleSection\":[\"K\u0131br\u0131s\"],\"inLanguage\":\"tr\",\"potentialAction\":[{\"@type\":\"CommentAction\",\"name\":\"Comment\",\"target\":[\"https:\\\/\\\/haberkuzey.com\\\/index.php\\\/2024\\\/05\\\/09\\\/meclis-baskani-tore-guzelyurt-meslek-lisesinde-ogrenci-ve-ogretmenlerle-bir-araya-geldi\\\/#respond\"]}]},{\"@type\":\"WebPage\",\"@id\":\"https:\\\/\\\/haberkuzey.com\\\/index.php\\\/2024\\\/05\\\/09\\\/meclis-baskani-tore-guzelyurt-meslek-lisesinde-ogrenci-ve-ogretmenlerle-bir-araya-geldi\\\/\",\"url\":\"https:\\\/\\\/haberkuzey.com\\\/index.php\\\/2024\\\/05\\\/09\\\/meclis-baskani-tore-guzelyurt-meslek-lisesinde-ogrenci-ve-ogretmenlerle-bir-araya-geldi\\\/\",\"name\":\"Meclis Ba\u015fkan\u0131 T\u00f6re, G\u00fczelyurt Meslek Lisesi\u2019nde \u00f6\u011frenci ve \u00f6\u011fretmenlerle bir araya geldi - Haber Kuzey\",\"isPartOf\":{\"@id\":\"https:\\\/\\\/haberkuzey.com\\\/#website\"},\"primaryImageOfPage\":{\"@id\":\"https:\\\/\\\/haberkuzey.com\\\/index.php\\\/2024\\\/05\\\/09\\\/meclis-baskani-tore-guzelyurt-meslek-lisesinde-ogrenci-ve-ogretmenlerle-bir-araya-geldi\\\/#primaryimage\"},\"image\":{\"@id\":\"https:\\\/\\\/haberkuzey.com\\\/index.php\\\/2024\\\/05\\\/09\\\/meclis-baskani-tore-guzelyurt-meslek-lisesinde-ogrenci-ve-ogretmenlerle-bir-araya-geldi\\\/#primaryimage\"},\"thumbnailUrl\":\"https:\\\/\\\/haberkuzey.com\\\/wp-content\\\/uploads\\\/2024\\\/05\\\/qogq-scaled.jpg\",\"datePublished\":\"2024-05-09T14:05:00+00:00\",\"author\":{\"@id\":\"https:\\\/\\\/haberkuzey.com\\\/#\\\/schema\\\/person\\\/3372109ec735f9333f4fa47ebb9605ca\"},\"breadcrumb\":{\"@id\":\"https:\\\/\\\/haberkuzey.com\\\/index.php\\\/2024\\\/05\\\/09\\\/meclis-baskani-tore-guzelyurt-meslek-lisesinde-ogrenci-ve-ogretmenlerle-bir-araya-geldi\\\/#breadcrumb\"},\"inLanguage\":\"tr\",\"potentialAction\":[{\"@type\":\"ReadAction\",\"target\":[\"https:\\\/\\\/haberkuzey.com\\\/index.php\\\/2024\\\/05\\\/09\\\/meclis-baskani-tore-guzelyurt-meslek-lisesinde-ogrenci-ve-ogretmenlerle-bir-araya-geldi\\\/\"]}]},{\"@type\":\"ImageObject\",\"inLanguage\":\"tr\",\"@id\":\"https:\\\/\\\/haberkuzey.com\\\/index.php\\\/2024\\\/05\\\/09\\\/meclis-baskani-tore-guzelyurt-meslek-lisesinde-ogrenci-ve-ogretmenlerle-bir-araya-geldi\\\/#primaryimage\",\"url\":\"https:\\\/\\\/haberkuzey.com\\\/wp-content\\\/uploads\\\/2024\\\/05\\\/qogq-scaled.jpg\",\"contentUrl\":\"https:\\\/\\\/haberkuzey.com\\\/wp-content\\\/uploads\\\/2024\\\/05\\\/qogq-scaled.jpg\",\"width\":2560,\"height\":1706},{\"@type\":\"BreadcrumbList\",\"@id\":\"https:\\\/\\\/haberkuzey.com\\\/index.php\\\/2024\\\/05\\\/09\\\/meclis-baskani-tore-guzelyurt-meslek-lisesinde-ogrenci-ve-ogretmenlerle-bir-araya-geldi\\\/#breadcrumb\",\"itemListElement\":[{\"@type\":\"ListItem\",\"position\":1,\"name\":\"Anasayfa\",\"item\":\"https:\\\/\\\/haberkuzey.com\\\/\"},{\"@type\":\"ListItem\",\"position\":2,\"name\":\"Meclis Ba\u015fkan\u0131 T\u00f6re, G\u00fczelyurt Meslek Lisesi\u2019nde \u00f6\u011frenci ve \u00f6\u011fretmenlerle bir araya geldi\"}]},{\"@type\":\"WebSite\",\"@id\":\"https:\\\/\\\/haberkuzey.com\\\/#website\",\"url\":\"https:\\\/\\\/haberkuzey.com\\\/\",\"name\":\"Haber Kuzey\",\"description\":\"Do\u011fru Haberin Adresi\",\"potentialAction\":[{\"@type\":\"SearchAction\",\"target\":{\"@type\":\"EntryPoint\",\"urlTemplate\":\"https:\\\/\\\/haberkuzey.com\\\/?s={search_term_string}\"},\"query-input\":{\"@type\":\"PropertyValueSpecification\",\"valueRequired\":true,\"valueName\":\"search_term_string\"}}],\"inLanguage\":\"tr\"},{\"@type\":\"Person\",\"@id\":\"https:\\\/\\\/haberkuzey.com\\\/#\\\/schema\\\/person\\\/3372109ec735f9333f4fa47ebb9605ca\",\"name\":\"haberkuzey\",\"image\":{\"@type\":\"ImageObject\",\"inLanguage\":\"tr\",\"@id\":\"https:\\\/\\\/secure.gravatar.com\\\/avatar\\\/f5fc875574b1575324358c3b9e6a32b8227aa5b74f3fa22e3cadb63e26fcc39c?s=96&d=mm&r=g\",\"url\":\"https:\\\/\\\/secure.gravatar.com\\\/avatar\\\/f5fc875574b1575324358c3b9e6a32b8227aa5b74f3fa22e3cadb63e26fcc39c?s=96&d=mm&r=g\",\"contentUrl\":\"https:\\\/\\\/secure.gravatar.com\\\/avatar\\\/f5fc875574b1575324358c3b9e6a32b8227aa5b74f3fa22e3cadb63e26fcc39c?s=96&d=mm&r=g\",\"caption\":\"haberkuzey\"},\"sameAs\":[\"https:\\\/\\\/haberkuzey.com\"],\"url\":\"https:\\\/\\\/haberkuzey.com\\\/index.php\\\/author\\\/haberkuzey\\\/\"}]}<\/script>\n<!-- \/ Yoast SEO plugin. -->","yoast_head_json":{"title":"Meclis Ba\u015fkan\u0131 T\u00f6re, G\u00fczelyurt Meslek Lisesi\u2019nde \u00f6\u011frenci ve \u00f6\u011fretmenlerle bir araya geldi - Haber Kuzey","robots":{"index":"index","follow":"follow","max-snippet":"max-snippet:-1","max-image-preview":"max-image-preview:large","max-video-preview":"max-video-preview:-1"},"canonical":"https:\/\/haberkuzey.com\/index.php\/2024\/05\/09\/meclis-baskani-tore-guzelyurt-meslek-lisesinde-ogrenci-ve-ogretmenlerle-bir-araya-geldi\/","og_locale":"tr_TR","og_type":"article","og_title":"Meclis Ba\u015fkan\u0131 T\u00f6re, G\u00fczelyurt Meslek Lisesi\u2019nde \u00f6\u011frenci ve \u00f6\u011fretmenlerle bir araya geldi - Haber Kuzey","og_description":"Cumhuriyet Meclisi Ba\u015fkan\u0131 Zorlu T\u00f6re, G\u00fczelyurt Meslek Lisesi\u2019ni ziyaret ederek okul y\u00f6netimi ve \u00f6\u011frencilerle bir araya geldi. Meclisten verilen bilgiye g\u00f6re, Okul M\u00fcd\u00fcr\u00fc R\u00fcstem Kal, Ba\u015fkan T\u00f6re\u2019ye \u00f6\u011frenci say\u0131s\u0131 ve e\u011fitim verilen bran\u015flar hakk\u0131nda bilgi verdi. T\u00f6re, d\u00fcz bir liseden mezun olanlara g\u00f6re meslek lisesi mezunlar\u0131n\u0131n daha kolay i\u015f bulabilece\u011fini hatta giri\u015fimci olarak kendi i\u015flerini [&hellip;]","og_url":"https:\/\/haberkuzey.com\/index.php\/2024\/05\/09\/meclis-baskani-tore-guzelyurt-meslek-lisesinde-ogrenci-ve-ogretmenlerle-bir-araya-geldi\/","og_site_name":"Haber Kuzey","article_published_time":"2024-05-09T14:05:00+00:00","og_image":[{"url":"https:\/\/brtk.net\/wp-content\/uploads\/2024\/05\/09\/qogq-scaled.jpg?ver=33521c208ee07e5cc8e702dc18139808","type":"","width":"","height":""}],"author":"haberkuzey","twitter_card":"summary_large_image","twitter_misc":{"Yazan:":"haberkuzey","Tahmini okuma s\u00fcresi":"1 dakika"},"schema":{"@context":"https:\/\/schema.org","@graph":[{"@type":"Article","@id":"https:\/\/haberkuzey.com\/index.php\/2024\/05\/09\/meclis-baskani-tore-guzelyurt-meslek-lisesinde-ogrenci-ve-ogretmenlerle-bir-araya-geldi\/#article","isPartOf":{"@id":"https:\/\/haberkuzey.com\/index.php\/2024\/05\/09\/meclis-baskani-tore-guzelyurt-meslek-lisesinde-ogrenci-ve-ogretmenlerle-bir-araya-geldi\/"},"author":{"name":"haberkuzey","@id":"https:\/\/haberkuzey.com\/#\/schema\/person\/3372109ec735f9333f4fa47ebb9605ca"},"headline":"Meclis Ba\u015fkan\u0131 T\u00f6re, G\u00fczelyurt Meslek Lisesi\u2019nde \u00f6\u011frenci ve \u00f6\u011fretmenlerle bir araya geldi","datePublished":"2024-05-09T14:05:00+00:00","mainEntityOfPage":{"@id":"https:\/\/haberkuzey.com\/index.php\/2024\/05\/09\/meclis-baskani-tore-guzelyurt-meslek-lisesinde-ogrenci-ve-ogretmenlerle-bir-araya-geldi\/"},"wordCount":273,"commentCount":0,"image":{"@id":"https:\/\/haberkuzey.com\/index.php\/2024\/05\/09\/meclis-baskani-tore-guzelyurt-meslek-lisesinde-ogrenci-ve-ogretmenlerle-bir-araya-geldi\/#primaryimage"},"thumbnailUrl":"https:\/\/haberkuzey.com\/wp-content\/uploads\/2024\/05\/qogq-scaled.jpg","articleSection":["K\u0131br\u0131s"],"inLanguage":"tr","potentialAction":[{"@type":"CommentAction","name":"Comment","target":["https:\/\/haberkuzey.com\/index.php\/2024\/05\/09\/meclis-baskani-tore-guzelyurt-meslek-lisesinde-ogrenci-ve-ogretmenlerle-bir-araya-geldi\/#respond"]}]},{"@type":"WebPage","@id":"https:\/\/haberkuzey.com\/index.php\/2024\/05\/09\/meclis-baskani-tore-guzelyurt-meslek-lisesinde-ogrenci-ve-ogretmenlerle-bir-araya-geldi\/","url":"https:\/\/haberkuzey.com\/index.php\/2024\/05\/09\/meclis-baskani-tore-guzelyurt-meslek-lisesinde-ogrenci-ve-ogretmenlerle-bir-araya-geldi\/","name":"Meclis Ba\u015fkan\u0131 T\u00f6re, G\u00fczelyurt Meslek Lisesi\u2019nde \u00f6\u011frenci ve \u00f6\u011fretmenlerle bir araya geldi - Haber Kuzey","isPartOf":{"@id":"https:\/\/haberkuzey.com\/#website"},"primaryImageOfPage":{"@id":"https:\/\/haberkuzey.com\/index.php\/2024\/05\/09\/meclis-baskani-tore-guzelyurt-meslek-lisesinde-ogrenci-ve-ogretmenlerle-bir-araya-geldi\/#primaryimage"},"image":{"@id":"https:\/\/haberkuzey.com\/index.php\/2024\/05\/09\/meclis-baskani-tore-guzelyurt-meslek-lisesinde-ogrenci-ve-ogretmenlerle-bir-araya-geldi\/#primaryimage"},"thumbnailUrl":"https:\/\/haberkuzey.com\/wp-content\/uploads\/2024\/05\/qogq-scaled.jpg","datePublished":"2024-05-09T14:05:00+00:00","author":{"@id":"https:\/\/haberkuzey.com\/#\/schema\/person\/3372109ec735f9333f4fa47ebb9605ca"},"breadcrumb":{"@id":"https:\/\/haberkuzey.com\/index.php\/2024\/05\/09\/meclis-baskani-tore-guzelyurt-meslek-lisesinde-ogrenci-ve-ogretmenlerle-bir-araya-geldi\/#breadcrumb"},"inLanguage":"tr","potentialAction":[{"@type":"ReadAction","target":["https:\/\/haberkuzey.com\/index.php\/2024\/05\/09\/meclis-baskani-tore-guzelyurt-meslek-lisesinde-ogrenci-ve-ogretmenlerle-bir-araya-geldi\/"]}]},{"@type":"ImageObject","inLanguage":"tr","@id":"https:\/\/haberkuzey.com\/index.php\/2024\/05\/09\/meclis-baskani-tore-guzelyurt-meslek-lisesinde-ogrenci-ve-ogretmenlerle-bir-araya-geldi\/#primaryimage","url":"https:\/\/haberkuzey.com\/wp-content\/uploads\/2024\/05\/qogq-scaled.jpg","contentUrl":"https:\/\/haberkuzey.com\/wp-content\/uploads\/2024\/05\/qogq-scaled.jpg","width":2560,"height":1706},{"@type":"BreadcrumbList","@id":"https:\/\/haberkuzey.com\/index.php\/2024\/05\/09\/meclis-baskani-tore-guzelyurt-meslek-lisesinde-ogrenci-ve-ogretmenlerle-bir-araya-geldi\/#breadcrumb","itemListElement":[{"@type":"ListItem","position":1,"name":"Anasayfa","item":"https:\/\/haberkuzey.com\/"},{"@type":"ListItem","position":2,"name":"Meclis Ba\u015fkan\u0131 T\u00f6re, G\u00fczelyurt Meslek Lisesi\u2019nde \u00f6\u011frenci ve \u00f6\u011fretmenlerle bir araya geldi"}]},{"@type":"WebSite","@id":"https:\/\/haberkuzey.com\/#website","url":"https:\/\/haberkuzey.com\/","name":"Haber Kuzey","description":"Do\u011fru Haberin Adresi","potentialAction":[{"@type":"SearchAction","target":{"@type":"EntryPoint","urlTemplate":"https:\/\/haberkuzey.com\/?s={search_term_string}"},"query-input":{"@type":"PropertyValueSpecification","valueRequired":true,"valueName":"search_term_string"}}],"inLanguage":"tr"},{"@type":"Person","@id":"https:\/\/haberkuzey.com\/#\/schema\/person\/3372109ec735f9333f4fa47ebb9605ca","name":"haberkuzey","image":{"@type":"ImageObject","inLanguage":"tr","@id":"https:\/\/secure.gravatar.com\/avatar\/f5fc875574b1575324358c3b9e6a32b8227aa5b74f3fa22e3cadb63e26fcc39c?s=96&d=mm&r=g","url":"https:\/\/secure.gravatar.com\/avatar\/f5fc875574b1575324358c3b9e6a32b8227aa5b74f3fa22e3cadb63e26fcc39c?s=96&d=mm&r=g","contentUrl":"https:\/\/secure.gravatar.com\/avatar\/f5fc875574b1575324358c3b9e6a32b8227aa5b74f3fa22e3cadb63e26fcc39c?s=96&d=mm&r=g","caption":"haberkuzey"},"sameAs":["https:\/\/haberkuzey.com"],"url":"https:\/\/haberkuzey.com\/index.php\/author\/haberkuzey\/"}]}},"_links":{"self":[{"href":"https:\/\/haberkuzey.com\/index.php\/wp-json\/wp\/v2\/posts\/1884","targetHints":{"allow":["GET"]}}],"collection":[{"href":"https:\/\/haberkuzey.com\/index.php\/wp-json\/wp\/v2\/posts"}],"about":[{"href":"https:\/\/haberkuzey.com\/index.php\/wp-json\/wp\/v2\/types\/post"}],"author":[{"embeddable":true,"href":"https:\/\/haberkuzey.com\/index.php\/wp-json\/wp\/v2\/users\/1"}],"replies":[{"embeddable":true,"href":"https:\/\/haberkuzey.com\/index.php\/wp-json\/wp\/v2\/comments?post=1884"}],"version-history":[{"count":0,"href":"https:\/\/haberkuzey.com\/index.php\/wp-json\/wp\/v2\/posts\/1884\/revisions"}],"wp:featuredmedia":[{"embeddable":true,"href":"https:\/\/haberkuzey.com\/index.php\/wp-json\/wp\/v2\/media\/1885"}],"wp:attachment":[{"href":"https:\/\/haberkuzey.com\/index.php\/wp-json\/wp\/v2\/media?parent=1884"}],"wp:term":[{"taxonomy":"category","embeddable":true,"href":"https:\/\/haberkuzey.com\/index.php\/wp-json\/wp\/v2\/categories?post=1884"},{"taxonomy":"post_tag","embeddable":true,"href":"https:\/\/haberkuzey.com\/index.php\/wp-json\/wp\/v2\/tags?post=1884"}],"curies":[{"name":"wp","href":"https:\/\/api.w.org\/{rel}","templated":true}]}}