{"id":18794,"date":"2025-02-26T09:28:24","date_gmt":"2025-02-26T07:28:24","guid":{"rendered":"https:\/\/haberkuzey.com\/index.php\/2025\/02\/26\/cumhurbaskani-tatar-turkiye-cumhurbaskani-erdoganin-dogum-gununu-kutladi\/"},"modified":"2025-02-26T09:28:24","modified_gmt":"2025-02-26T07:28:24","slug":"cumhurbaskani-tatar-turkiye-cumhurbaskani-erdoganin-dogum-gununu-kutladi","status":"publish","type":"post","link":"https:\/\/haberkuzey.com\/index.php\/2025\/02\/26\/cumhurbaskani-tatar-turkiye-cumhurbaskani-erdoganin-dogum-gununu-kutladi\/","title":{"rendered":"Cumhurba\u015fkan\u0131 Tatar, T\u00fcrkiye Cumhurba\u015fkan\u0131 Erdo\u011fan\u2019\u0131n do\u011fum g\u00fcn\u00fcn\u00fc kutlad\u0131"},"content":{"rendered":"<div>\n<div class=\"mariselle-image-container center\">\n                                            <\/div>\n<p>Cumhurba\u015fkan\u0131 Ersin Tatar, T\u00fcrkiye Cumhuriyeti Cumhurba\u015fkan\u0131 Recep Tayyip Erdo\u011fan\u2019\u0131n do\u011fum g\u00fcn\u00fcn\u00fc kutlad\u0131.<\/p>\n<p>Cumhurba\u015fkan\u0131 Tatar, kutlama mesaj\u0131nda \u015fu ifadelere yer verdi:<\/p>\n<p>\u201cSay\u0131n Cumhurba\u015fkan\u0131,<\/p>\n<p>Do\u011fum g\u00fcn\u00fcn\u00fcz\u00fc en i\u00e7ten dileklerimle kutluyor, ailenizle, sevdiklerinizle, sa\u011fl\u0131k, ba\u015far\u0131 ve huzur i\u00e7inde ge\u00e7irece\u011finiz daha nice yeni ya\u015flar diliyorum. Bu vesileyle, KKTC\u2019ye, K\u0131br\u0131s T\u00fcrk Halk\u0131\u2019na, Milli Davam\u0131za ve iki Devletli \u00e7\u00f6z\u00fcm vizyonumuza vermekte oldu\u011funuz g\u00fc\u00e7l\u00fc destekten dolay\u0131 da te\u015fekk\u00fcrlerimi sunmak istiyorum. Biz biliyoruz ki, Anavatan T\u00fcrkiye yan\u0131m\u0131zdaysa, T\u00fcrk Halk\u0131n\u0131n deste\u011fi bizimleyse s\u0131rt\u0131m\u0131z asla yere gelmez. Bu duygularla, Zat-\u0131 Devletlerinin 71. Ya\u015f\u0131n\u0131 bir kez daha tebrik ediyor, Y\u00fcce T\u00fcrk Milletine esenlik ve refah dileklerimi iletiyorum.\u201d<\/p>\n<\/p><\/div>\n<p><script async\n                    defer\n                    crossorigin=\"anonymous\"\n                    src=\"https:\/\/connect.facebook.net\/tr_TR\/sdk.js#xfbml=1&#038;version=v3.3\"\n            ><\/script><\/p>\n","protected":false},"excerpt":{"rendered":"<p>Cumhurba\u015fkan\u0131 Ersin Tatar, T\u00fcrkiye Cumhuriyeti Cumhurba\u015fkan\u0131 Recep Tayyip Erdo\u011fan\u2019\u0131n do\u011fum g\u00fcn\u00fcn\u00fc kutlad\u0131. Cumhurba\u015fkan\u0131 Tatar, kutlama mesaj\u0131nda \u015fu ifadelere yer verdi: \u201cSay\u0131n Cumhurba\u015fkan\u0131, Do\u011fum g\u00fcn\u00fcn\u00fcz\u00fc en i\u00e7ten dileklerimle kutluyor, ailenizle, sevdiklerinizle, sa\u011fl\u0131k, ba\u015far\u0131 ve huzur i\u00e7inde ge\u00e7irece\u011finiz daha nice yeni ya\u015flar diliyorum. Bu vesileyle, KKTC\u2019ye, K\u0131br\u0131s T\u00fcrk Halk\u0131\u2019na, Milli Davam\u0131za ve iki Devletli \u00e7\u00f6z\u00fcm vizyonumuza vermekte [&hellip;]<\/p>\n","protected":false},"author":1,"featured_media":18795,"comment_status":"open","ping_status":"open","sticky":false,"template":"","format":"standard","meta":{"jnews-multi-image_gallery":[],"jnews_single_post":[],"jnews_primary_category":[],"footnotes":""},"categories":[2],"tags":[],"class_list":["post-18794","post","type-post","status-publish","format-standard","has-post-thumbnail","hentry","category-dunya"],"yoast_head":"<!-- This site is optimized with the Yoast SEO plugin v27.5 - https:\/\/yoast.com\/product\/yoast-seo-wordpress\/ -->\n<title>Cumhurba\u015fkan\u0131 Tatar, T\u00fcrkiye Cumhurba\u015fkan\u0131 Erdo\u011fan\u2019\u0131n do\u011fum g\u00fcn\u00fcn\u00fc kutlad\u0131 - Haber Kuzey<\/title>\n<meta name=\"robots\" content=\"index, follow, max-snippet:-1, max-image-preview:large, max-video-preview:-1\" \/>\n<link rel=\"canonical\" href=\"https:\/\/haberkuzey.com\/index.php\/2025\/02\/26\/cumhurbaskani-tatar-turkiye-cumhurbaskani-erdoganin-dogum-gununu-kutladi\/\" \/>\n<meta property=\"og:locale\" content=\"tr_TR\" \/>\n<meta property=\"og:type\" content=\"article\" \/>\n<meta property=\"og:title\" content=\"Cumhurba\u015fkan\u0131 Tatar, T\u00fcrkiye Cumhurba\u015fkan\u0131 Erdo\u011fan\u2019\u0131n do\u011fum g\u00fcn\u00fcn\u00fc kutlad\u0131 - Haber Kuzey\" \/>\n<meta property=\"og:description\" content=\"Cumhurba\u015fkan\u0131 Ersin Tatar, T\u00fcrkiye Cumhuriyeti Cumhurba\u015fkan\u0131 Recep Tayyip Erdo\u011fan\u2019\u0131n do\u011fum g\u00fcn\u00fcn\u00fc kutlad\u0131. Cumhurba\u015fkan\u0131 Tatar, kutlama mesaj\u0131nda \u015fu ifadelere yer verdi: \u201cSay\u0131n Cumhurba\u015fkan\u0131, Do\u011fum g\u00fcn\u00fcn\u00fcz\u00fc en i\u00e7ten dileklerimle kutluyor, ailenizle, sevdiklerinizle, sa\u011fl\u0131k, ba\u015far\u0131 ve huzur i\u00e7inde ge\u00e7irece\u011finiz daha nice yeni ya\u015flar diliyorum. Bu vesileyle, KKTC\u2019ye, K\u0131br\u0131s T\u00fcrk Halk\u0131\u2019na, Milli Davam\u0131za ve iki Devletli \u00e7\u00f6z\u00fcm vizyonumuza vermekte [&hellip;]\" \/>\n<meta property=\"og:url\" content=\"https:\/\/haberkuzey.com\/index.php\/2025\/02\/26\/cumhurbaskani-tatar-turkiye-cumhurbaskani-erdoganin-dogum-gununu-kutladi\/\" \/>\n<meta property=\"og:site_name\" content=\"Haber Kuzey\" \/>\n<meta property=\"article:published_time\" content=\"2025-02-26T07:28:24+00:00\" \/>\n<meta property=\"og:image\" content=\"https:\/\/brtk.net\/wp-content\/uploads\/2025\/02\/26\/1740552274437tatar-erdogan.jpg?ver=ea67241e30eb0df6defd0b9b72bf51c2\" \/>\n<meta name=\"author\" content=\"haberkuzey\" \/>\n<meta name=\"twitter:card\" content=\"summary_large_image\" \/>\n<meta name=\"twitter:label1\" content=\"Yazan:\" \/>\n\t<meta name=\"twitter:data1\" content=\"haberkuzey\" \/>\n\t<meta name=\"twitter:label2\" content=\"Tahmini okuma s\u00fcresi\" \/>\n\t<meta name=\"twitter:data2\" content=\"1 dakika\" \/>\n<script type=\"application\/ld+json\" class=\"yoast-schema-graph\">{\"@context\":\"https:\\\/\\\/schema.org\",\"@graph\":[{\"@type\":\"Article\",\"@id\":\"https:\\\/\\\/haberkuzey.com\\\/index.php\\\/2025\\\/02\\\/26\\\/cumhurbaskani-tatar-turkiye-cumhurbaskani-erdoganin-dogum-gununu-kutladi\\\/#article\",\"isPartOf\":{\"@id\":\"https:\\\/\\\/haberkuzey.com\\\/index.php\\\/2025\\\/02\\\/26\\\/cumhurbaskani-tatar-turkiye-cumhurbaskani-erdoganin-dogum-gununu-kutladi\\\/\"},\"author\":{\"name\":\"haberkuzey\",\"@id\":\"https:\\\/\\\/haberkuzey.com\\\/#\\\/schema\\\/person\\\/3372109ec735f9333f4fa47ebb9605ca\"},\"headline\":\"Cumhurba\u015fkan\u0131 Tatar, T\u00fcrkiye Cumhurba\u015fkan\u0131 Erdo\u011fan\u2019\u0131n do\u011fum g\u00fcn\u00fcn\u00fc kutlad\u0131\",\"datePublished\":\"2025-02-26T07:28:24+00:00\",\"mainEntityOfPage\":{\"@id\":\"https:\\\/\\\/haberkuzey.com\\\/index.php\\\/2025\\\/02\\\/26\\\/cumhurbaskani-tatar-turkiye-cumhurbaskani-erdoganin-dogum-gununu-kutladi\\\/\"},\"wordCount\":159,\"commentCount\":0,\"image\":{\"@id\":\"https:\\\/\\\/haberkuzey.com\\\/index.php\\\/2025\\\/02\\\/26\\\/cumhurbaskani-tatar-turkiye-cumhurbaskani-erdoganin-dogum-gununu-kutladi\\\/#primaryimage\"},\"thumbnailUrl\":\"https:\\\/\\\/haberkuzey.com\\\/wp-content\\\/uploads\\\/2025\\\/02\\\/1740552274437tatar-erdogan.jpg\",\"articleSection\":[\"D\u00fcnya\"],\"inLanguage\":\"tr\",\"potentialAction\":[{\"@type\":\"CommentAction\",\"name\":\"Comment\",\"target\":[\"https:\\\/\\\/haberkuzey.com\\\/index.php\\\/2025\\\/02\\\/26\\\/cumhurbaskani-tatar-turkiye-cumhurbaskani-erdoganin-dogum-gununu-kutladi\\\/#respond\"]}]},{\"@type\":\"WebPage\",\"@id\":\"https:\\\/\\\/haberkuzey.com\\\/index.php\\\/2025\\\/02\\\/26\\\/cumhurbaskani-tatar-turkiye-cumhurbaskani-erdoganin-dogum-gununu-kutladi\\\/\",\"url\":\"https:\\\/\\\/haberkuzey.com\\\/index.php\\\/2025\\\/02\\\/26\\\/cumhurbaskani-tatar-turkiye-cumhurbaskani-erdoganin-dogum-gununu-kutladi\\\/\",\"name\":\"Cumhurba\u015fkan\u0131 Tatar, T\u00fcrkiye Cumhurba\u015fkan\u0131 Erdo\u011fan\u2019\u0131n do\u011fum g\u00fcn\u00fcn\u00fc kutlad\u0131 - Haber Kuzey\",\"isPartOf\":{\"@id\":\"https:\\\/\\\/haberkuzey.com\\\/#website\"},\"primaryImageOfPage\":{\"@id\":\"https:\\\/\\\/haberkuzey.com\\\/index.php\\\/2025\\\/02\\\/26\\\/cumhurbaskani-tatar-turkiye-cumhurbaskani-erdoganin-dogum-gununu-kutladi\\\/#primaryimage\"},\"image\":{\"@id\":\"https:\\\/\\\/haberkuzey.com\\\/index.php\\\/2025\\\/02\\\/26\\\/cumhurbaskani-tatar-turkiye-cumhurbaskani-erdoganin-dogum-gununu-kutladi\\\/#primaryimage\"},\"thumbnailUrl\":\"https:\\\/\\\/haberkuzey.com\\\/wp-content\\\/uploads\\\/2025\\\/02\\\/1740552274437tatar-erdogan.jpg\",\"datePublished\":\"2025-02-26T07:28:24+00:00\",\"author\":{\"@id\":\"https:\\\/\\\/haberkuzey.com\\\/#\\\/schema\\\/person\\\/3372109ec735f9333f4fa47ebb9605ca\"},\"breadcrumb\":{\"@id\":\"https:\\\/\\\/haberkuzey.com\\\/index.php\\\/2025\\\/02\\\/26\\\/cumhurbaskani-tatar-turkiye-cumhurbaskani-erdoganin-dogum-gununu-kutladi\\\/#breadcrumb\"},\"inLanguage\":\"tr\",\"potentialAction\":[{\"@type\":\"ReadAction\",\"target\":[\"https:\\\/\\\/haberkuzey.com\\\/index.php\\\/2025\\\/02\\\/26\\\/cumhurbaskani-tatar-turkiye-cumhurbaskani-erdoganin-dogum-gununu-kutladi\\\/\"]}]},{\"@type\":\"ImageObject\",\"inLanguage\":\"tr\",\"@id\":\"https:\\\/\\\/haberkuzey.com\\\/index.php\\\/2025\\\/02\\\/26\\\/cumhurbaskani-tatar-turkiye-cumhurbaskani-erdoganin-dogum-gununu-kutladi\\\/#primaryimage\",\"url\":\"https:\\\/\\\/haberkuzey.com\\\/wp-content\\\/uploads\\\/2025\\\/02\\\/1740552274437tatar-erdogan.jpg\",\"contentUrl\":\"https:\\\/\\\/haberkuzey.com\\\/wp-content\\\/uploads\\\/2025\\\/02\\\/1740552274437tatar-erdogan.jpg\",\"width\":1600,\"height\":1129},{\"@type\":\"BreadcrumbList\",\"@id\":\"https:\\\/\\\/haberkuzey.com\\\/index.php\\\/2025\\\/02\\\/26\\\/cumhurbaskani-tatar-turkiye-cumhurbaskani-erdoganin-dogum-gununu-kutladi\\\/#breadcrumb\",\"itemListElement\":[{\"@type\":\"ListItem\",\"position\":1,\"name\":\"Anasayfa\",\"item\":\"https:\\\/\\\/haberkuzey.com\\\/\"},{\"@type\":\"ListItem\",\"position\":2,\"name\":\"Cumhurba\u015fkan\u0131 Tatar, T\u00fcrkiye Cumhurba\u015fkan\u0131 Erdo\u011fan\u2019\u0131n do\u011fum g\u00fcn\u00fcn\u00fc kutlad\u0131\"}]},{\"@type\":\"WebSite\",\"@id\":\"https:\\\/\\\/haberkuzey.com\\\/#website\",\"url\":\"https:\\\/\\\/haberkuzey.com\\\/\",\"name\":\"Haber Kuzey\",\"description\":\"Do\u011fru Haberin Adresi\",\"potentialAction\":[{\"@type\":\"SearchAction\",\"target\":{\"@type\":\"EntryPoint\",\"urlTemplate\":\"https:\\\/\\\/haberkuzey.com\\\/?s={search_term_string}\"},\"query-input\":{\"@type\":\"PropertyValueSpecification\",\"valueRequired\":true,\"valueName\":\"search_term_string\"}}],\"inLanguage\":\"tr\"},{\"@type\":\"Person\",\"@id\":\"https:\\\/\\\/haberkuzey.com\\\/#\\\/schema\\\/person\\\/3372109ec735f9333f4fa47ebb9605ca\",\"name\":\"haberkuzey\",\"image\":{\"@type\":\"ImageObject\",\"inLanguage\":\"tr\",\"@id\":\"https:\\\/\\\/secure.gravatar.com\\\/avatar\\\/f5fc875574b1575324358c3b9e6a32b8227aa5b74f3fa22e3cadb63e26fcc39c?s=96&d=mm&r=g\",\"url\":\"https:\\\/\\\/secure.gravatar.com\\\/avatar\\\/f5fc875574b1575324358c3b9e6a32b8227aa5b74f3fa22e3cadb63e26fcc39c?s=96&d=mm&r=g\",\"contentUrl\":\"https:\\\/\\\/secure.gravatar.com\\\/avatar\\\/f5fc875574b1575324358c3b9e6a32b8227aa5b74f3fa22e3cadb63e26fcc39c?s=96&d=mm&r=g\",\"caption\":\"haberkuzey\"},\"sameAs\":[\"https:\\\/\\\/haberkuzey.com\"],\"url\":\"https:\\\/\\\/haberkuzey.com\\\/index.php\\\/author\\\/haberkuzey\\\/\"}]}<\/script>\n<!-- \/ Yoast SEO plugin. -->","yoast_head_json":{"title":"Cumhurba\u015fkan\u0131 Tatar, T\u00fcrkiye Cumhurba\u015fkan\u0131 Erdo\u011fan\u2019\u0131n do\u011fum g\u00fcn\u00fcn\u00fc kutlad\u0131 - Haber Kuzey","robots":{"index":"index","follow":"follow","max-snippet":"max-snippet:-1","max-image-preview":"max-image-preview:large","max-video-preview":"max-video-preview:-1"},"canonical":"https:\/\/haberkuzey.com\/index.php\/2025\/02\/26\/cumhurbaskani-tatar-turkiye-cumhurbaskani-erdoganin-dogum-gununu-kutladi\/","og_locale":"tr_TR","og_type":"article","og_title":"Cumhurba\u015fkan\u0131 Tatar, T\u00fcrkiye Cumhurba\u015fkan\u0131 Erdo\u011fan\u2019\u0131n do\u011fum g\u00fcn\u00fcn\u00fc kutlad\u0131 - Haber Kuzey","og_description":"Cumhurba\u015fkan\u0131 Ersin Tatar, T\u00fcrkiye Cumhuriyeti Cumhurba\u015fkan\u0131 Recep Tayyip Erdo\u011fan\u2019\u0131n do\u011fum g\u00fcn\u00fcn\u00fc kutlad\u0131. Cumhurba\u015fkan\u0131 Tatar, kutlama mesaj\u0131nda \u015fu ifadelere yer verdi: \u201cSay\u0131n Cumhurba\u015fkan\u0131, Do\u011fum g\u00fcn\u00fcn\u00fcz\u00fc en i\u00e7ten dileklerimle kutluyor, ailenizle, sevdiklerinizle, sa\u011fl\u0131k, ba\u015far\u0131 ve huzur i\u00e7inde ge\u00e7irece\u011finiz daha nice yeni ya\u015flar diliyorum. Bu vesileyle, KKTC\u2019ye, K\u0131br\u0131s T\u00fcrk Halk\u0131\u2019na, Milli Davam\u0131za ve iki Devletli \u00e7\u00f6z\u00fcm vizyonumuza vermekte [&hellip;]","og_url":"https:\/\/haberkuzey.com\/index.php\/2025\/02\/26\/cumhurbaskani-tatar-turkiye-cumhurbaskani-erdoganin-dogum-gununu-kutladi\/","og_site_name":"Haber Kuzey","article_published_time":"2025-02-26T07:28:24+00:00","og_image":[{"url":"https:\/\/brtk.net\/wp-content\/uploads\/2025\/02\/26\/1740552274437tatar-erdogan.jpg?ver=ea67241e30eb0df6defd0b9b72bf51c2","type":"","width":"","height":""}],"author":"haberkuzey","twitter_card":"summary_large_image","twitter_misc":{"Yazan:":"haberkuzey","Tahmini okuma s\u00fcresi":"1 dakika"},"schema":{"@context":"https:\/\/schema.org","@graph":[{"@type":"Article","@id":"https:\/\/haberkuzey.com\/index.php\/2025\/02\/26\/cumhurbaskani-tatar-turkiye-cumhurbaskani-erdoganin-dogum-gununu-kutladi\/#article","isPartOf":{"@id":"https:\/\/haberkuzey.com\/index.php\/2025\/02\/26\/cumhurbaskani-tatar-turkiye-cumhurbaskani-erdoganin-dogum-gununu-kutladi\/"},"author":{"name":"haberkuzey","@id":"https:\/\/haberkuzey.com\/#\/schema\/person\/3372109ec735f9333f4fa47ebb9605ca"},"headline":"Cumhurba\u015fkan\u0131 Tatar, T\u00fcrkiye Cumhurba\u015fkan\u0131 Erdo\u011fan\u2019\u0131n do\u011fum g\u00fcn\u00fcn\u00fc kutlad\u0131","datePublished":"2025-02-26T07:28:24+00:00","mainEntityOfPage":{"@id":"https:\/\/haberkuzey.com\/index.php\/2025\/02\/26\/cumhurbaskani-tatar-turkiye-cumhurbaskani-erdoganin-dogum-gununu-kutladi\/"},"wordCount":159,"commentCount":0,"image":{"@id":"https:\/\/haberkuzey.com\/index.php\/2025\/02\/26\/cumhurbaskani-tatar-turkiye-cumhurbaskani-erdoganin-dogum-gununu-kutladi\/#primaryimage"},"thumbnailUrl":"https:\/\/haberkuzey.com\/wp-content\/uploads\/2025\/02\/1740552274437tatar-erdogan.jpg","articleSection":["D\u00fcnya"],"inLanguage":"tr","potentialAction":[{"@type":"CommentAction","name":"Comment","target":["https:\/\/haberkuzey.com\/index.php\/2025\/02\/26\/cumhurbaskani-tatar-turkiye-cumhurbaskani-erdoganin-dogum-gununu-kutladi\/#respond"]}]},{"@type":"WebPage","@id":"https:\/\/haberkuzey.com\/index.php\/2025\/02\/26\/cumhurbaskani-tatar-turkiye-cumhurbaskani-erdoganin-dogum-gununu-kutladi\/","url":"https:\/\/haberkuzey.com\/index.php\/2025\/02\/26\/cumhurbaskani-tatar-turkiye-cumhurbaskani-erdoganin-dogum-gununu-kutladi\/","name":"Cumhurba\u015fkan\u0131 Tatar, T\u00fcrkiye Cumhurba\u015fkan\u0131 Erdo\u011fan\u2019\u0131n do\u011fum g\u00fcn\u00fcn\u00fc kutlad\u0131 - Haber Kuzey","isPartOf":{"@id":"https:\/\/haberkuzey.com\/#website"},"primaryImageOfPage":{"@id":"https:\/\/haberkuzey.com\/index.php\/2025\/02\/26\/cumhurbaskani-tatar-turkiye-cumhurbaskani-erdoganin-dogum-gununu-kutladi\/#primaryimage"},"image":{"@id":"https:\/\/haberkuzey.com\/index.php\/2025\/02\/26\/cumhurbaskani-tatar-turkiye-cumhurbaskani-erdoganin-dogum-gununu-kutladi\/#primaryimage"},"thumbnailUrl":"https:\/\/haberkuzey.com\/wp-content\/uploads\/2025\/02\/1740552274437tatar-erdogan.jpg","datePublished":"2025-02-26T07:28:24+00:00","author":{"@id":"https:\/\/haberkuzey.com\/#\/schema\/person\/3372109ec735f9333f4fa47ebb9605ca"},"breadcrumb":{"@id":"https:\/\/haberkuzey.com\/index.php\/2025\/02\/26\/cumhurbaskani-tatar-turkiye-cumhurbaskani-erdoganin-dogum-gununu-kutladi\/#breadcrumb"},"inLanguage":"tr","potentialAction":[{"@type":"ReadAction","target":["https:\/\/haberkuzey.com\/index.php\/2025\/02\/26\/cumhurbaskani-tatar-turkiye-cumhurbaskani-erdoganin-dogum-gununu-kutladi\/"]}]},{"@type":"ImageObject","inLanguage":"tr","@id":"https:\/\/haberkuzey.com\/index.php\/2025\/02\/26\/cumhurbaskani-tatar-turkiye-cumhurbaskani-erdoganin-dogum-gununu-kutladi\/#primaryimage","url":"https:\/\/haberkuzey.com\/wp-content\/uploads\/2025\/02\/1740552274437tatar-erdogan.jpg","contentUrl":"https:\/\/haberkuzey.com\/wp-content\/uploads\/2025\/02\/1740552274437tatar-erdogan.jpg","width":1600,"height":1129},{"@type":"BreadcrumbList","@id":"https:\/\/haberkuzey.com\/index.php\/2025\/02\/26\/cumhurbaskani-tatar-turkiye-cumhurbaskani-erdoganin-dogum-gununu-kutladi\/#breadcrumb","itemListElement":[{"@type":"ListItem","position":1,"name":"Anasayfa","item":"https:\/\/haberkuzey.com\/"},{"@type":"ListItem","position":2,"name":"Cumhurba\u015fkan\u0131 Tatar, T\u00fcrkiye Cumhurba\u015fkan\u0131 Erdo\u011fan\u2019\u0131n do\u011fum g\u00fcn\u00fcn\u00fc kutlad\u0131"}]},{"@type":"WebSite","@id":"https:\/\/haberkuzey.com\/#website","url":"https:\/\/haberkuzey.com\/","name":"Haber Kuzey","description":"Do\u011fru Haberin Adresi","potentialAction":[{"@type":"SearchAction","target":{"@type":"EntryPoint","urlTemplate":"https:\/\/haberkuzey.com\/?s={search_term_string}"},"query-input":{"@type":"PropertyValueSpecification","valueRequired":true,"valueName":"search_term_string"}}],"inLanguage":"tr"},{"@type":"Person","@id":"https:\/\/haberkuzey.com\/#\/schema\/person\/3372109ec735f9333f4fa47ebb9605ca","name":"haberkuzey","image":{"@type":"ImageObject","inLanguage":"tr","@id":"https:\/\/secure.gravatar.com\/avatar\/f5fc875574b1575324358c3b9e6a32b8227aa5b74f3fa22e3cadb63e26fcc39c?s=96&d=mm&r=g","url":"https:\/\/secure.gravatar.com\/avatar\/f5fc875574b1575324358c3b9e6a32b8227aa5b74f3fa22e3cadb63e26fcc39c?s=96&d=mm&r=g","contentUrl":"https:\/\/secure.gravatar.com\/avatar\/f5fc875574b1575324358c3b9e6a32b8227aa5b74f3fa22e3cadb63e26fcc39c?s=96&d=mm&r=g","caption":"haberkuzey"},"sameAs":["https:\/\/haberkuzey.com"],"url":"https:\/\/haberkuzey.com\/index.php\/author\/haberkuzey\/"}]}},"_links":{"self":[{"href":"https:\/\/haberkuzey.com\/index.php\/wp-json\/wp\/v2\/posts\/18794","targetHints":{"allow":["GET"]}}],"collection":[{"href":"https:\/\/haberkuzey.com\/index.php\/wp-json\/wp\/v2\/posts"}],"about":[{"href":"https:\/\/haberkuzey.com\/index.php\/wp-json\/wp\/v2\/types\/post"}],"author":[{"embeddable":true,"href":"https:\/\/haberkuzey.com\/index.php\/wp-json\/wp\/v2\/users\/1"}],"replies":[{"embeddable":true,"href":"https:\/\/haberkuzey.com\/index.php\/wp-json\/wp\/v2\/comments?post=18794"}],"version-history":[{"count":0,"href":"https:\/\/haberkuzey.com\/index.php\/wp-json\/wp\/v2\/posts\/18794\/revisions"}],"wp:featuredmedia":[{"embeddable":true,"href":"https:\/\/haberkuzey.com\/index.php\/wp-json\/wp\/v2\/media\/18795"}],"wp:attachment":[{"href":"https:\/\/haberkuzey.com\/index.php\/wp-json\/wp\/v2\/media?parent=18794"}],"wp:term":[{"taxonomy":"category","embeddable":true,"href":"https:\/\/haberkuzey.com\/index.php\/wp-json\/wp\/v2\/categories?post=18794"},{"taxonomy":"post_tag","embeddable":true,"href":"https:\/\/haberkuzey.com\/index.php\/wp-json\/wp\/v2\/tags?post=18794"}],"curies":[{"name":"wp","href":"https:\/\/api.w.org\/{rel}","templated":true}]}}