{"id":18648,"date":"2025-02-23T16:35:50","date_gmt":"2025-02-23T14:35:50","guid":{"rendered":"https:\/\/haberkuzey.com\/index.php\/2025\/02\/23\/rusya-disisleri-bakani-lavrov-yarin-ankarayi-ziyaret-edecek\/"},"modified":"2025-02-23T16:35:50","modified_gmt":"2025-02-23T14:35:50","slug":"rusya-disisleri-bakani-lavrov-yarin-ankarayi-ziyaret-edecek","status":"publish","type":"post","link":"https:\/\/haberkuzey.com\/index.php\/2025\/02\/23\/rusya-disisleri-bakani-lavrov-yarin-ankarayi-ziyaret-edecek\/","title":{"rendered":"Rusya D\u0131\u015fi\u015fleri Bakan\u0131 Lavrov, yar\u0131n Ankara\u2019y\u0131 ziyaret edecek"},"content":{"rendered":"<div>\n<div class=\"mariselle-image-container center\">\n                                            <\/div>\n<p>Rusya D\u0131\u015fi\u015fleri Bakan\u0131 Sergey Lavrov, yar\u0131n Ankara\u2019y\u0131 ziyaret edecek.<\/p>\n<p>Diplomatik kaynaklardan edinilen bilgiye g\u00f6re Lavrov, D\u0131\u015fi\u015fleri Bakan\u0131 Hakan Fidan ile yar\u0131n ba\u015fkent Ankara\u2019da bir araya gelecek.<\/p>\n<p>Fidan\u2019\u0131n Rus mevkida\u015f\u0131yla yapaca\u011f\u0131 g\u00f6r\u00fc\u015fmede, ba\u015fta ticaret, enerji ve turizm olmak \u00fczere ikili i\u015fbirli\u011fi konular\u0131 kapsaml\u0131 \u015fekilde ele al\u0131nacak.<\/p>\n<p>G\u00f6r\u00fc\u015fmede, Ukrayna\u2019daki sava\u015f\u0131n diplomatik \u00e7abalar vas\u0131tas\u0131yla adil ve kal\u0131c\u0131 bir bar\u0131\u015fla sona erdirilmesine dair fikir teatisinde bulunulacak, ABD ile Rusya aras\u0131nda ger\u00e7ekle\u015ftirilen son temaslar ve T\u00fcrkiye\u2019nin s\u00fcrece sunabilece\u011fi katk\u0131lar de\u011ferlendirilecek ve Mart 2022\u2019de Rusya ile Ukrayna aras\u0131nda do\u011frudan m\u00fczakerelere ev sahipli\u011fi yapan T\u00fcrkiye\u2019nin, ilerleyen g\u00fcnlerde de bu rol\u00fc \u00fcstlenmeye haz\u0131r oldu\u011funun alt\u0131 \u00e7izilecek.<\/p>\n<p>Suriye ve Orta Do\u011fu dahil b\u00f6lgesel ve uluslararas\u0131 meselelerin de kapsaml\u0131 \u015fekilde ele al\u0131nmas\u0131 beklenen g\u00f6r\u00fc\u015fmede, bu \u00e7er\u00e7evede, bakan Fidan\u2019\u0131n, Suriye\u2019nin ter\u00f6r unsurlar\u0131ndan tamamen ar\u0131nd\u0131r\u0131lmas\u0131 konusunda T\u00fcrkiye\u2019nin kararl\u0131l\u0131\u011f\u0131n\u0131 vurgulamas\u0131n\u0131n, Suriye\u2019nin toprak b\u00fct\u00fcnl\u00fc\u011f\u00fc ve siyasi birli\u011finin korunmas\u0131n\u0131n \u015fart oldu\u011funun alt\u0131n\u0131 \u00e7izmesi \u00f6ng\u00f6r\u00fcl\u00fcyor.<\/p>\n<p>Fidan\u2019\u0131n, \u0130srail\u2019in Suriye\u2019nin toprak b\u00fct\u00fcnl\u00fc\u011f\u00fcn\u00fc tehdit eden sald\u0131rgan yakla\u015f\u0131m\u0131n\u0131n kabul edilemez oldu\u011funu ifade etmesi ve Suriye\u2019de istikrar\u0131n tesisi i\u00e7in yeniden imar \u00e7al\u0131\u015fmalar\u0131n\u0131n ba\u015flat\u0131lmas\u0131n\u0131n gereklili\u011fine dikkati \u00e7ekmesi bekleniyor.<\/p>\n<p>Bakan Fidan\u2019\u0131n ayr\u0131ca Gazze\u2019de sa\u011flanan ate\u015fkesin kal\u0131c\u0131 hale getirilmesi ve Gazze\u2019ye ula\u015ft\u0131r\u0131lan insani yard\u0131mlar\u0131n art\u0131r\u0131lmas\u0131 gerekti\u011fini belirtmesi, Filistinlilerin ana yurtlar\u0131ndan zorla g\u00f6\u00e7 ettirilmesinin kabul edilemez oldu\u011funu kaydetmesi ve Orta Do\u011fu\u2019da bar\u0131\u015f\u0131n ancak iki devletli \u00e7\u00f6z\u00fcm temelinde sa\u011flanabilece\u011fini vurgulamas\u0131 \u00f6ng\u00f6r\u00fcl\u00fcyor.<\/p>\n<p>Lavrov, T\u00fcrkiye\u2019ye son ziyaretini 18 Ekim 2024\u2019te, 3+3 B\u00f6lgesel \u0130\u015fbirli\u011fi Platformu toplant\u0131s\u0131 \u00e7er\u00e7evesinde yapm\u0131\u015ft\u0131.<\/p>\n<p>Bakan Fidan, Lavrov\u2019la en son 20 \u015eubat\u2019ta G20 D\u0131\u015fi\u015fleri Bakanlar\u0131 Toplant\u0131s\u0131 kapsam\u0131nda Johannesburg\u2019da g\u00f6r\u00fc\u015fm\u00fc\u015ft\u00fc.<\/p>\n<\/p><\/div>\n<p><script async\n                    defer\n                    crossorigin=\"anonymous\"\n                    src=\"https:\/\/connect.facebook.net\/tr_TR\/sdk.js#xfbml=1&#038;version=v3.3\"\n            ><\/script><\/p>\n","protected":false},"excerpt":{"rendered":"<p>Rusya D\u0131\u015fi\u015fleri Bakan\u0131 Sergey Lavrov, yar\u0131n Ankara\u2019y\u0131 ziyaret edecek. Diplomatik kaynaklardan edinilen bilgiye g\u00f6re Lavrov, D\u0131\u015fi\u015fleri Bakan\u0131 Hakan Fidan ile yar\u0131n ba\u015fkent Ankara\u2019da bir araya gelecek. Fidan\u2019\u0131n Rus mevkida\u015f\u0131yla yapaca\u011f\u0131 g\u00f6r\u00fc\u015fmede, ba\u015fta ticaret, enerji ve turizm olmak \u00fczere ikili i\u015fbirli\u011fi konular\u0131 kapsaml\u0131 \u015fekilde ele al\u0131nacak. G\u00f6r\u00fc\u015fmede, Ukrayna\u2019daki sava\u015f\u0131n diplomatik \u00e7abalar vas\u0131tas\u0131yla adil ve kal\u0131c\u0131 bir [&hellip;]<\/p>\n","protected":false},"author":1,"featured_media":18649,"comment_status":"open","ping_status":"open","sticky":false,"template":"","format":"standard","meta":{"jnews-multi-image_gallery":[],"jnews_single_post":[],"jnews_primary_category":[],"footnotes":""},"categories":[2],"tags":[],"class_list":["post-18648","post","type-post","status-publish","format-standard","has-post-thumbnail","hentry","category-dunya"],"yoast_head":"<!-- This site is optimized with the Yoast SEO plugin v27.5 - https:\/\/yoast.com\/product\/yoast-seo-wordpress\/ -->\n<title>Rusya D\u0131\u015fi\u015fleri Bakan\u0131 Lavrov, yar\u0131n Ankara\u2019y\u0131 ziyaret edecek - Haber Kuzey<\/title>\n<meta name=\"robots\" content=\"index, follow, max-snippet:-1, max-image-preview:large, max-video-preview:-1\" \/>\n<link rel=\"canonical\" href=\"https:\/\/haberkuzey.com\/index.php\/2025\/02\/23\/rusya-disisleri-bakani-lavrov-yarin-ankarayi-ziyaret-edecek\/\" \/>\n<meta property=\"og:locale\" content=\"tr_TR\" \/>\n<meta property=\"og:type\" content=\"article\" \/>\n<meta property=\"og:title\" content=\"Rusya D\u0131\u015fi\u015fleri Bakan\u0131 Lavrov, yar\u0131n Ankara\u2019y\u0131 ziyaret edecek - Haber Kuzey\" \/>\n<meta property=\"og:description\" content=\"Rusya D\u0131\u015fi\u015fleri Bakan\u0131 Sergey Lavrov, yar\u0131n Ankara\u2019y\u0131 ziyaret edecek. Diplomatik kaynaklardan edinilen bilgiye g\u00f6re Lavrov, D\u0131\u015fi\u015fleri Bakan\u0131 Hakan Fidan ile yar\u0131n ba\u015fkent Ankara\u2019da bir araya gelecek. Fidan\u2019\u0131n Rus mevkida\u015f\u0131yla yapaca\u011f\u0131 g\u00f6r\u00fc\u015fmede, ba\u015fta ticaret, enerji ve turizm olmak \u00fczere ikili i\u015fbirli\u011fi konular\u0131 kapsaml\u0131 \u015fekilde ele al\u0131nacak. G\u00f6r\u00fc\u015fmede, Ukrayna\u2019daki sava\u015f\u0131n diplomatik \u00e7abalar vas\u0131tas\u0131yla adil ve kal\u0131c\u0131 bir [&hellip;]\" \/>\n<meta property=\"og:url\" content=\"https:\/\/haberkuzey.com\/index.php\/2025\/02\/23\/rusya-disisleri-bakani-lavrov-yarin-ankarayi-ziyaret-edecek\/\" \/>\n<meta property=\"og:site_name\" content=\"Haber Kuzey\" \/>\n<meta property=\"article:published_time\" content=\"2025-02-23T14:35:50+00:00\" \/>\n<meta property=\"og:image\" content=\"https:\/\/brtk.net\/wp-content\/uploads\/2025\/02\/23\/1740311314533thumbs_b_c_da9cc9f2eb70495c418ceefca1dc505d.jpg?ver=a3b2b77482280dabdfd2c6fff0719b52\" \/>\n<meta name=\"author\" content=\"haberkuzey\" \/>\n<meta name=\"twitter:card\" content=\"summary_large_image\" \/>\n<meta name=\"twitter:label1\" content=\"Yazan:\" \/>\n\t<meta name=\"twitter:data1\" content=\"haberkuzey\" \/>\n\t<meta name=\"twitter:label2\" content=\"Tahmini okuma s\u00fcresi\" \/>\n\t<meta name=\"twitter:data2\" content=\"2 dakika\" \/>\n<script type=\"application\/ld+json\" class=\"yoast-schema-graph\">{\"@context\":\"https:\\\/\\\/schema.org\",\"@graph\":[{\"@type\":\"Article\",\"@id\":\"https:\\\/\\\/haberkuzey.com\\\/index.php\\\/2025\\\/02\\\/23\\\/rusya-disisleri-bakani-lavrov-yarin-ankarayi-ziyaret-edecek\\\/#article\",\"isPartOf\":{\"@id\":\"https:\\\/\\\/haberkuzey.com\\\/index.php\\\/2025\\\/02\\\/23\\\/rusya-disisleri-bakani-lavrov-yarin-ankarayi-ziyaret-edecek\\\/\"},\"author\":{\"name\":\"haberkuzey\",\"@id\":\"https:\\\/\\\/haberkuzey.com\\\/#\\\/schema\\\/person\\\/3372109ec735f9333f4fa47ebb9605ca\"},\"headline\":\"Rusya D\u0131\u015fi\u015fleri Bakan\u0131 Lavrov, yar\u0131n Ankara\u2019y\u0131 ziyaret edecek\",\"datePublished\":\"2025-02-23T14:35:50+00:00\",\"mainEntityOfPage\":{\"@id\":\"https:\\\/\\\/haberkuzey.com\\\/index.php\\\/2025\\\/02\\\/23\\\/rusya-disisleri-bakani-lavrov-yarin-ankarayi-ziyaret-edecek\\\/\"},\"wordCount\":381,\"commentCount\":0,\"image\":{\"@id\":\"https:\\\/\\\/haberkuzey.com\\\/index.php\\\/2025\\\/02\\\/23\\\/rusya-disisleri-bakani-lavrov-yarin-ankarayi-ziyaret-edecek\\\/#primaryimage\"},\"thumbnailUrl\":\"https:\\\/\\\/haberkuzey.com\\\/wp-content\\\/uploads\\\/2025\\\/02\\\/1740311314533thumbs_b_c_da9cc9f2eb70495c418ceefca1dc505d.jpg\",\"articleSection\":[\"D\u00fcnya\"],\"inLanguage\":\"tr\",\"potentialAction\":[{\"@type\":\"CommentAction\",\"name\":\"Comment\",\"target\":[\"https:\\\/\\\/haberkuzey.com\\\/index.php\\\/2025\\\/02\\\/23\\\/rusya-disisleri-bakani-lavrov-yarin-ankarayi-ziyaret-edecek\\\/#respond\"]}]},{\"@type\":\"WebPage\",\"@id\":\"https:\\\/\\\/haberkuzey.com\\\/index.php\\\/2025\\\/02\\\/23\\\/rusya-disisleri-bakani-lavrov-yarin-ankarayi-ziyaret-edecek\\\/\",\"url\":\"https:\\\/\\\/haberkuzey.com\\\/index.php\\\/2025\\\/02\\\/23\\\/rusya-disisleri-bakani-lavrov-yarin-ankarayi-ziyaret-edecek\\\/\",\"name\":\"Rusya D\u0131\u015fi\u015fleri Bakan\u0131 Lavrov, yar\u0131n Ankara\u2019y\u0131 ziyaret edecek - Haber Kuzey\",\"isPartOf\":{\"@id\":\"https:\\\/\\\/haberkuzey.com\\\/#website\"},\"primaryImageOfPage\":{\"@id\":\"https:\\\/\\\/haberkuzey.com\\\/index.php\\\/2025\\\/02\\\/23\\\/rusya-disisleri-bakani-lavrov-yarin-ankarayi-ziyaret-edecek\\\/#primaryimage\"},\"image\":{\"@id\":\"https:\\\/\\\/haberkuzey.com\\\/index.php\\\/2025\\\/02\\\/23\\\/rusya-disisleri-bakani-lavrov-yarin-ankarayi-ziyaret-edecek\\\/#primaryimage\"},\"thumbnailUrl\":\"https:\\\/\\\/haberkuzey.com\\\/wp-content\\\/uploads\\\/2025\\\/02\\\/1740311314533thumbs_b_c_da9cc9f2eb70495c418ceefca1dc505d.jpg\",\"datePublished\":\"2025-02-23T14:35:50+00:00\",\"author\":{\"@id\":\"https:\\\/\\\/haberkuzey.com\\\/#\\\/schema\\\/person\\\/3372109ec735f9333f4fa47ebb9605ca\"},\"breadcrumb\":{\"@id\":\"https:\\\/\\\/haberkuzey.com\\\/index.php\\\/2025\\\/02\\\/23\\\/rusya-disisleri-bakani-lavrov-yarin-ankarayi-ziyaret-edecek\\\/#breadcrumb\"},\"inLanguage\":\"tr\",\"potentialAction\":[{\"@type\":\"ReadAction\",\"target\":[\"https:\\\/\\\/haberkuzey.com\\\/index.php\\\/2025\\\/02\\\/23\\\/rusya-disisleri-bakani-lavrov-yarin-ankarayi-ziyaret-edecek\\\/\"]}]},{\"@type\":\"ImageObject\",\"inLanguage\":\"tr\",\"@id\":\"https:\\\/\\\/haberkuzey.com\\\/index.php\\\/2025\\\/02\\\/23\\\/rusya-disisleri-bakani-lavrov-yarin-ankarayi-ziyaret-edecek\\\/#primaryimage\",\"url\":\"https:\\\/\\\/haberkuzey.com\\\/wp-content\\\/uploads\\\/2025\\\/02\\\/1740311314533thumbs_b_c_da9cc9f2eb70495c418ceefca1dc505d.jpg\",\"contentUrl\":\"https:\\\/\\\/haberkuzey.com\\\/wp-content\\\/uploads\\\/2025\\\/02\\\/1740311314533thumbs_b_c_da9cc9f2eb70495c418ceefca1dc505d.jpg\",\"width\":864,\"height\":486},{\"@type\":\"BreadcrumbList\",\"@id\":\"https:\\\/\\\/haberkuzey.com\\\/index.php\\\/2025\\\/02\\\/23\\\/rusya-disisleri-bakani-lavrov-yarin-ankarayi-ziyaret-edecek\\\/#breadcrumb\",\"itemListElement\":[{\"@type\":\"ListItem\",\"position\":1,\"name\":\"Anasayfa\",\"item\":\"https:\\\/\\\/haberkuzey.com\\\/\"},{\"@type\":\"ListItem\",\"position\":2,\"name\":\"Rusya D\u0131\u015fi\u015fleri Bakan\u0131 Lavrov, yar\u0131n Ankara\u2019y\u0131 ziyaret edecek\"}]},{\"@type\":\"WebSite\",\"@id\":\"https:\\\/\\\/haberkuzey.com\\\/#website\",\"url\":\"https:\\\/\\\/haberkuzey.com\\\/\",\"name\":\"Haber Kuzey\",\"description\":\"Do\u011fru Haberin Adresi\",\"potentialAction\":[{\"@type\":\"SearchAction\",\"target\":{\"@type\":\"EntryPoint\",\"urlTemplate\":\"https:\\\/\\\/haberkuzey.com\\\/?s={search_term_string}\"},\"query-input\":{\"@type\":\"PropertyValueSpecification\",\"valueRequired\":true,\"valueName\":\"search_term_string\"}}],\"inLanguage\":\"tr\"},{\"@type\":\"Person\",\"@id\":\"https:\\\/\\\/haberkuzey.com\\\/#\\\/schema\\\/person\\\/3372109ec735f9333f4fa47ebb9605ca\",\"name\":\"haberkuzey\",\"image\":{\"@type\":\"ImageObject\",\"inLanguage\":\"tr\",\"@id\":\"https:\\\/\\\/secure.gravatar.com\\\/avatar\\\/f5fc875574b1575324358c3b9e6a32b8227aa5b74f3fa22e3cadb63e26fcc39c?s=96&d=mm&r=g\",\"url\":\"https:\\\/\\\/secure.gravatar.com\\\/avatar\\\/f5fc875574b1575324358c3b9e6a32b8227aa5b74f3fa22e3cadb63e26fcc39c?s=96&d=mm&r=g\",\"contentUrl\":\"https:\\\/\\\/secure.gravatar.com\\\/avatar\\\/f5fc875574b1575324358c3b9e6a32b8227aa5b74f3fa22e3cadb63e26fcc39c?s=96&d=mm&r=g\",\"caption\":\"haberkuzey\"},\"sameAs\":[\"https:\\\/\\\/haberkuzey.com\"],\"url\":\"https:\\\/\\\/haberkuzey.com\\\/index.php\\\/author\\\/haberkuzey\\\/\"}]}<\/script>\n<!-- \/ Yoast SEO plugin. -->","yoast_head_json":{"title":"Rusya D\u0131\u015fi\u015fleri Bakan\u0131 Lavrov, yar\u0131n Ankara\u2019y\u0131 ziyaret edecek - Haber Kuzey","robots":{"index":"index","follow":"follow","max-snippet":"max-snippet:-1","max-image-preview":"max-image-preview:large","max-video-preview":"max-video-preview:-1"},"canonical":"https:\/\/haberkuzey.com\/index.php\/2025\/02\/23\/rusya-disisleri-bakani-lavrov-yarin-ankarayi-ziyaret-edecek\/","og_locale":"tr_TR","og_type":"article","og_title":"Rusya D\u0131\u015fi\u015fleri Bakan\u0131 Lavrov, yar\u0131n Ankara\u2019y\u0131 ziyaret edecek - Haber Kuzey","og_description":"Rusya D\u0131\u015fi\u015fleri Bakan\u0131 Sergey Lavrov, yar\u0131n Ankara\u2019y\u0131 ziyaret edecek. Diplomatik kaynaklardan edinilen bilgiye g\u00f6re Lavrov, D\u0131\u015fi\u015fleri Bakan\u0131 Hakan Fidan ile yar\u0131n ba\u015fkent Ankara\u2019da bir araya gelecek. Fidan\u2019\u0131n Rus mevkida\u015f\u0131yla yapaca\u011f\u0131 g\u00f6r\u00fc\u015fmede, ba\u015fta ticaret, enerji ve turizm olmak \u00fczere ikili i\u015fbirli\u011fi konular\u0131 kapsaml\u0131 \u015fekilde ele al\u0131nacak. G\u00f6r\u00fc\u015fmede, Ukrayna\u2019daki sava\u015f\u0131n diplomatik \u00e7abalar vas\u0131tas\u0131yla adil ve kal\u0131c\u0131 bir [&hellip;]","og_url":"https:\/\/haberkuzey.com\/index.php\/2025\/02\/23\/rusya-disisleri-bakani-lavrov-yarin-ankarayi-ziyaret-edecek\/","og_site_name":"Haber Kuzey","article_published_time":"2025-02-23T14:35:50+00:00","og_image":[{"url":"https:\/\/brtk.net\/wp-content\/uploads\/2025\/02\/23\/1740311314533thumbs_b_c_da9cc9f2eb70495c418ceefca1dc505d.jpg?ver=a3b2b77482280dabdfd2c6fff0719b52","type":"","width":"","height":""}],"author":"haberkuzey","twitter_card":"summary_large_image","twitter_misc":{"Yazan:":"haberkuzey","Tahmini okuma s\u00fcresi":"2 dakika"},"schema":{"@context":"https:\/\/schema.org","@graph":[{"@type":"Article","@id":"https:\/\/haberkuzey.com\/index.php\/2025\/02\/23\/rusya-disisleri-bakani-lavrov-yarin-ankarayi-ziyaret-edecek\/#article","isPartOf":{"@id":"https:\/\/haberkuzey.com\/index.php\/2025\/02\/23\/rusya-disisleri-bakani-lavrov-yarin-ankarayi-ziyaret-edecek\/"},"author":{"name":"haberkuzey","@id":"https:\/\/haberkuzey.com\/#\/schema\/person\/3372109ec735f9333f4fa47ebb9605ca"},"headline":"Rusya D\u0131\u015fi\u015fleri Bakan\u0131 Lavrov, yar\u0131n Ankara\u2019y\u0131 ziyaret edecek","datePublished":"2025-02-23T14:35:50+00:00","mainEntityOfPage":{"@id":"https:\/\/haberkuzey.com\/index.php\/2025\/02\/23\/rusya-disisleri-bakani-lavrov-yarin-ankarayi-ziyaret-edecek\/"},"wordCount":381,"commentCount":0,"image":{"@id":"https:\/\/haberkuzey.com\/index.php\/2025\/02\/23\/rusya-disisleri-bakani-lavrov-yarin-ankarayi-ziyaret-edecek\/#primaryimage"},"thumbnailUrl":"https:\/\/haberkuzey.com\/wp-content\/uploads\/2025\/02\/1740311314533thumbs_b_c_da9cc9f2eb70495c418ceefca1dc505d.jpg","articleSection":["D\u00fcnya"],"inLanguage":"tr","potentialAction":[{"@type":"CommentAction","name":"Comment","target":["https:\/\/haberkuzey.com\/index.php\/2025\/02\/23\/rusya-disisleri-bakani-lavrov-yarin-ankarayi-ziyaret-edecek\/#respond"]}]},{"@type":"WebPage","@id":"https:\/\/haberkuzey.com\/index.php\/2025\/02\/23\/rusya-disisleri-bakani-lavrov-yarin-ankarayi-ziyaret-edecek\/","url":"https:\/\/haberkuzey.com\/index.php\/2025\/02\/23\/rusya-disisleri-bakani-lavrov-yarin-ankarayi-ziyaret-edecek\/","name":"Rusya D\u0131\u015fi\u015fleri Bakan\u0131 Lavrov, yar\u0131n Ankara\u2019y\u0131 ziyaret edecek - Haber Kuzey","isPartOf":{"@id":"https:\/\/haberkuzey.com\/#website"},"primaryImageOfPage":{"@id":"https:\/\/haberkuzey.com\/index.php\/2025\/02\/23\/rusya-disisleri-bakani-lavrov-yarin-ankarayi-ziyaret-edecek\/#primaryimage"},"image":{"@id":"https:\/\/haberkuzey.com\/index.php\/2025\/02\/23\/rusya-disisleri-bakani-lavrov-yarin-ankarayi-ziyaret-edecek\/#primaryimage"},"thumbnailUrl":"https:\/\/haberkuzey.com\/wp-content\/uploads\/2025\/02\/1740311314533thumbs_b_c_da9cc9f2eb70495c418ceefca1dc505d.jpg","datePublished":"2025-02-23T14:35:50+00:00","author":{"@id":"https:\/\/haberkuzey.com\/#\/schema\/person\/3372109ec735f9333f4fa47ebb9605ca"},"breadcrumb":{"@id":"https:\/\/haberkuzey.com\/index.php\/2025\/02\/23\/rusya-disisleri-bakani-lavrov-yarin-ankarayi-ziyaret-edecek\/#breadcrumb"},"inLanguage":"tr","potentialAction":[{"@type":"ReadAction","target":["https:\/\/haberkuzey.com\/index.php\/2025\/02\/23\/rusya-disisleri-bakani-lavrov-yarin-ankarayi-ziyaret-edecek\/"]}]},{"@type":"ImageObject","inLanguage":"tr","@id":"https:\/\/haberkuzey.com\/index.php\/2025\/02\/23\/rusya-disisleri-bakani-lavrov-yarin-ankarayi-ziyaret-edecek\/#primaryimage","url":"https:\/\/haberkuzey.com\/wp-content\/uploads\/2025\/02\/1740311314533thumbs_b_c_da9cc9f2eb70495c418ceefca1dc505d.jpg","contentUrl":"https:\/\/haberkuzey.com\/wp-content\/uploads\/2025\/02\/1740311314533thumbs_b_c_da9cc9f2eb70495c418ceefca1dc505d.jpg","width":864,"height":486},{"@type":"BreadcrumbList","@id":"https:\/\/haberkuzey.com\/index.php\/2025\/02\/23\/rusya-disisleri-bakani-lavrov-yarin-ankarayi-ziyaret-edecek\/#breadcrumb","itemListElement":[{"@type":"ListItem","position":1,"name":"Anasayfa","item":"https:\/\/haberkuzey.com\/"},{"@type":"ListItem","position":2,"name":"Rusya D\u0131\u015fi\u015fleri Bakan\u0131 Lavrov, yar\u0131n Ankara\u2019y\u0131 ziyaret edecek"}]},{"@type":"WebSite","@id":"https:\/\/haberkuzey.com\/#website","url":"https:\/\/haberkuzey.com\/","name":"Haber Kuzey","description":"Do\u011fru Haberin Adresi","potentialAction":[{"@type":"SearchAction","target":{"@type":"EntryPoint","urlTemplate":"https:\/\/haberkuzey.com\/?s={search_term_string}"},"query-input":{"@type":"PropertyValueSpecification","valueRequired":true,"valueName":"search_term_string"}}],"inLanguage":"tr"},{"@type":"Person","@id":"https:\/\/haberkuzey.com\/#\/schema\/person\/3372109ec735f9333f4fa47ebb9605ca","name":"haberkuzey","image":{"@type":"ImageObject","inLanguage":"tr","@id":"https:\/\/secure.gravatar.com\/avatar\/f5fc875574b1575324358c3b9e6a32b8227aa5b74f3fa22e3cadb63e26fcc39c?s=96&d=mm&r=g","url":"https:\/\/secure.gravatar.com\/avatar\/f5fc875574b1575324358c3b9e6a32b8227aa5b74f3fa22e3cadb63e26fcc39c?s=96&d=mm&r=g","contentUrl":"https:\/\/secure.gravatar.com\/avatar\/f5fc875574b1575324358c3b9e6a32b8227aa5b74f3fa22e3cadb63e26fcc39c?s=96&d=mm&r=g","caption":"haberkuzey"},"sameAs":["https:\/\/haberkuzey.com"],"url":"https:\/\/haberkuzey.com\/index.php\/author\/haberkuzey\/"}]}},"_links":{"self":[{"href":"https:\/\/haberkuzey.com\/index.php\/wp-json\/wp\/v2\/posts\/18648","targetHints":{"allow":["GET"]}}],"collection":[{"href":"https:\/\/haberkuzey.com\/index.php\/wp-json\/wp\/v2\/posts"}],"about":[{"href":"https:\/\/haberkuzey.com\/index.php\/wp-json\/wp\/v2\/types\/post"}],"author":[{"embeddable":true,"href":"https:\/\/haberkuzey.com\/index.php\/wp-json\/wp\/v2\/users\/1"}],"replies":[{"embeddable":true,"href":"https:\/\/haberkuzey.com\/index.php\/wp-json\/wp\/v2\/comments?post=18648"}],"version-history":[{"count":0,"href":"https:\/\/haberkuzey.com\/index.php\/wp-json\/wp\/v2\/posts\/18648\/revisions"}],"wp:featuredmedia":[{"embeddable":true,"href":"https:\/\/haberkuzey.com\/index.php\/wp-json\/wp\/v2\/media\/18649"}],"wp:attachment":[{"href":"https:\/\/haberkuzey.com\/index.php\/wp-json\/wp\/v2\/media?parent=18648"}],"wp:term":[{"taxonomy":"category","embeddable":true,"href":"https:\/\/haberkuzey.com\/index.php\/wp-json\/wp\/v2\/categories?post=18648"},{"taxonomy":"post_tag","embeddable":true,"href":"https:\/\/haberkuzey.com\/index.php\/wp-json\/wp\/v2\/tags?post=18648"}],"curies":[{"name":"wp","href":"https:\/\/api.w.org\/{rel}","templated":true}]}}