{"id":18646,"date":"2025-02-23T16:24:30","date_gmt":"2025-02-23T14:24:30","guid":{"rendered":"https:\/\/haberkuzey.com\/index.php\/2025\/02\/23\/cumhurbaskani-erdogan-yeniden-ak-parti-genel-baskani-secildi\/"},"modified":"2025-02-23T16:24:30","modified_gmt":"2025-02-23T14:24:30","slug":"cumhurbaskani-erdogan-yeniden-ak-parti-genel-baskani-secildi","status":"publish","type":"post","link":"https:\/\/haberkuzey.com\/index.php\/2025\/02\/23\/cumhurbaskani-erdogan-yeniden-ak-parti-genel-baskani-secildi\/","title":{"rendered":"Cumhurba\u015fkan\u0131 Erdo\u011fan, yeniden AK Parti Genel Ba\u015fkan\u0131 se\u00e7ildi"},"content":{"rendered":"<div>\n<div class=\"mariselle-image-container center\">\n                                            <\/div>\n<p>Cumhurba\u015fkan\u0131 ve AK Parti Genel Ba\u015fkan\u0131 Recep Tayyip Erdo\u011fan, partisinin 8. Ola\u011fan B\u00fcy\u00fck Kongresi\u2019nde, 1547 oyun tamam\u0131n\u0131 alarak, partisinin genel ba\u015fkanl\u0131\u011f\u0131na yeniden se\u00e7ildi.<\/p>\n<p>AK Parti\u2019nin, Ankara Spor Salonu\u2019nda yap\u0131lan 8. Ola\u011fan B\u00fcy\u00fck Kongresi\u2019nde genel ba\u015fkanl\u0131k se\u00e7imi sonu\u00e7land\u0131.<\/p>\n<p>Kongre Divan Ba\u015fkan\u0131 Abdullah G\u00fcler, se\u00e7im sonu\u00e7lar\u0131na g\u00f6re, 1607 delegenin 1547\u2019sinin oy kulland\u0131\u011f\u0131n\u0131, t\u00fcm oylar\u0131n ge\u00e7erli oldu\u011funu bildirdi.<\/p>\n<p>G\u00fcler, Erdo\u011fan\u2019\u0131n, 1547 oyun tamam\u0131n\u0131 alarak, yeniden AK Parti Genel Ba\u015fkanl\u0131\u011f\u0131na se\u00e7ildi\u011fini duyurdu.<\/p>\n<p>Partinin 75 \u00fcyeden olu\u015fan Merkez Karar ve Y\u00f6netim Kurulu da ayn\u0131 oylamayla belirlendi.<\/p>\n<\/p><\/div>\n<p><script async\n                    defer\n                    crossorigin=\"anonymous\"\n                    src=\"https:\/\/connect.facebook.net\/tr_TR\/sdk.js#xfbml=1&#038;version=v3.3\"\n            ><\/script><\/p>\n","protected":false},"excerpt":{"rendered":"<p>Cumhurba\u015fkan\u0131 ve AK Parti Genel Ba\u015fkan\u0131 Recep Tayyip Erdo\u011fan, partisinin 8. Ola\u011fan B\u00fcy\u00fck Kongresi\u2019nde, 1547 oyun tamam\u0131n\u0131 alarak, partisinin genel ba\u015fkanl\u0131\u011f\u0131na yeniden se\u00e7ildi. AK Parti\u2019nin, Ankara Spor Salonu\u2019nda yap\u0131lan 8. Ola\u011fan B\u00fcy\u00fck Kongresi\u2019nde genel ba\u015fkanl\u0131k se\u00e7imi sonu\u00e7land\u0131. Kongre Divan Ba\u015fkan\u0131 Abdullah G\u00fcler, se\u00e7im sonu\u00e7lar\u0131na g\u00f6re, 1607 delegenin 1547\u2019sinin oy kulland\u0131\u011f\u0131n\u0131, t\u00fcm oylar\u0131n ge\u00e7erli oldu\u011funu bildirdi. [&hellip;]<\/p>\n","protected":false},"author":1,"featured_media":18647,"comment_status":"open","ping_status":"open","sticky":false,"template":"","format":"standard","meta":{"jnews-multi-image_gallery":[],"jnews_single_post":[],"jnews_primary_category":[],"footnotes":""},"categories":[2],"tags":[],"class_list":["post-18646","post","type-post","status-publish","format-standard","has-post-thumbnail","hentry","category-dunya"],"yoast_head":"<!-- This site is optimized with the Yoast SEO plugin v27.5 - https:\/\/yoast.com\/product\/yoast-seo-wordpress\/ -->\n<title>Cumhurba\u015fkan\u0131 Erdo\u011fan, yeniden AK Parti Genel Ba\u015fkan\u0131 se\u00e7ildi - Haber Kuzey<\/title>\n<meta name=\"robots\" content=\"index, follow, max-snippet:-1, max-image-preview:large, max-video-preview:-1\" \/>\n<link rel=\"canonical\" href=\"https:\/\/haberkuzey.com\/index.php\/2025\/02\/23\/cumhurbaskani-erdogan-yeniden-ak-parti-genel-baskani-secildi\/\" \/>\n<meta property=\"og:locale\" content=\"tr_TR\" \/>\n<meta property=\"og:type\" content=\"article\" \/>\n<meta property=\"og:title\" content=\"Cumhurba\u015fkan\u0131 Erdo\u011fan, yeniden AK Parti Genel Ba\u015fkan\u0131 se\u00e7ildi - Haber Kuzey\" \/>\n<meta property=\"og:description\" content=\"Cumhurba\u015fkan\u0131 ve AK Parti Genel Ba\u015fkan\u0131 Recep Tayyip Erdo\u011fan, partisinin 8. Ola\u011fan B\u00fcy\u00fck Kongresi\u2019nde, 1547 oyun tamam\u0131n\u0131 alarak, partisinin genel ba\u015fkanl\u0131\u011f\u0131na yeniden se\u00e7ildi. AK Parti\u2019nin, Ankara Spor Salonu\u2019nda yap\u0131lan 8. Ola\u011fan B\u00fcy\u00fck Kongresi\u2019nde genel ba\u015fkanl\u0131k se\u00e7imi sonu\u00e7land\u0131. Kongre Divan Ba\u015fkan\u0131 Abdullah G\u00fcler, se\u00e7im sonu\u00e7lar\u0131na g\u00f6re, 1607 delegenin 1547\u2019sinin oy kulland\u0131\u011f\u0131n\u0131, t\u00fcm oylar\u0131n ge\u00e7erli oldu\u011funu bildirdi. [&hellip;]\" \/>\n<meta property=\"og:url\" content=\"https:\/\/haberkuzey.com\/index.php\/2025\/02\/23\/cumhurbaskani-erdogan-yeniden-ak-parti-genel-baskani-secildi\/\" \/>\n<meta property=\"og:site_name\" content=\"Haber Kuzey\" \/>\n<meta property=\"article:published_time\" content=\"2025-02-23T14:24:30+00:00\" \/>\n<meta property=\"og:image\" content=\"https:\/\/brtk.net\/wp-content\/uploads\/2025\/02\/23\/1740317903826thumbs_b_c_1e2d3e3db9e75f1f7866c916436a4e22.jpg?ver=4695bdeb18299f0635814bd3e089d9cd\" \/>\n<meta name=\"author\" content=\"haberkuzey\" \/>\n<meta name=\"twitter:card\" content=\"summary_large_image\" \/>\n<meta name=\"twitter:label1\" content=\"Yazan:\" \/>\n\t<meta name=\"twitter:data1\" content=\"haberkuzey\" \/>\n\t<meta name=\"twitter:label2\" content=\"Tahmini okuma s\u00fcresi\" \/>\n\t<meta name=\"twitter:data2\" content=\"1 dakika\" \/>\n<script type=\"application\/ld+json\" class=\"yoast-schema-graph\">{\"@context\":\"https:\\\/\\\/schema.org\",\"@graph\":[{\"@type\":\"Article\",\"@id\":\"https:\\\/\\\/haberkuzey.com\\\/index.php\\\/2025\\\/02\\\/23\\\/cumhurbaskani-erdogan-yeniden-ak-parti-genel-baskani-secildi\\\/#article\",\"isPartOf\":{\"@id\":\"https:\\\/\\\/haberkuzey.com\\\/index.php\\\/2025\\\/02\\\/23\\\/cumhurbaskani-erdogan-yeniden-ak-parti-genel-baskani-secildi\\\/\"},\"author\":{\"name\":\"haberkuzey\",\"@id\":\"https:\\\/\\\/haberkuzey.com\\\/#\\\/schema\\\/person\\\/3372109ec735f9333f4fa47ebb9605ca\"},\"headline\":\"Cumhurba\u015fkan\u0131 Erdo\u011fan, yeniden AK Parti Genel Ba\u015fkan\u0131 se\u00e7ildi\",\"datePublished\":\"2025-02-23T14:24:30+00:00\",\"mainEntityOfPage\":{\"@id\":\"https:\\\/\\\/haberkuzey.com\\\/index.php\\\/2025\\\/02\\\/23\\\/cumhurbaskani-erdogan-yeniden-ak-parti-genel-baskani-secildi\\\/\"},\"wordCount\":130,\"commentCount\":0,\"image\":{\"@id\":\"https:\\\/\\\/haberkuzey.com\\\/index.php\\\/2025\\\/02\\\/23\\\/cumhurbaskani-erdogan-yeniden-ak-parti-genel-baskani-secildi\\\/#primaryimage\"},\"thumbnailUrl\":\"https:\\\/\\\/haberkuzey.com\\\/wp-content\\\/uploads\\\/2025\\\/02\\\/1740317903826thumbs_b_c_1e2d3e3db9e75f1f7866c916436a4e22.jpg\",\"articleSection\":[\"D\u00fcnya\"],\"inLanguage\":\"tr\",\"potentialAction\":[{\"@type\":\"CommentAction\",\"name\":\"Comment\",\"target\":[\"https:\\\/\\\/haberkuzey.com\\\/index.php\\\/2025\\\/02\\\/23\\\/cumhurbaskani-erdogan-yeniden-ak-parti-genel-baskani-secildi\\\/#respond\"]}]},{\"@type\":\"WebPage\",\"@id\":\"https:\\\/\\\/haberkuzey.com\\\/index.php\\\/2025\\\/02\\\/23\\\/cumhurbaskani-erdogan-yeniden-ak-parti-genel-baskani-secildi\\\/\",\"url\":\"https:\\\/\\\/haberkuzey.com\\\/index.php\\\/2025\\\/02\\\/23\\\/cumhurbaskani-erdogan-yeniden-ak-parti-genel-baskani-secildi\\\/\",\"name\":\"Cumhurba\u015fkan\u0131 Erdo\u011fan, yeniden AK Parti Genel Ba\u015fkan\u0131 se\u00e7ildi - Haber Kuzey\",\"isPartOf\":{\"@id\":\"https:\\\/\\\/haberkuzey.com\\\/#website\"},\"primaryImageOfPage\":{\"@id\":\"https:\\\/\\\/haberkuzey.com\\\/index.php\\\/2025\\\/02\\\/23\\\/cumhurbaskani-erdogan-yeniden-ak-parti-genel-baskani-secildi\\\/#primaryimage\"},\"image\":{\"@id\":\"https:\\\/\\\/haberkuzey.com\\\/index.php\\\/2025\\\/02\\\/23\\\/cumhurbaskani-erdogan-yeniden-ak-parti-genel-baskani-secildi\\\/#primaryimage\"},\"thumbnailUrl\":\"https:\\\/\\\/haberkuzey.com\\\/wp-content\\\/uploads\\\/2025\\\/02\\\/1740317903826thumbs_b_c_1e2d3e3db9e75f1f7866c916436a4e22.jpg\",\"datePublished\":\"2025-02-23T14:24:30+00:00\",\"author\":{\"@id\":\"https:\\\/\\\/haberkuzey.com\\\/#\\\/schema\\\/person\\\/3372109ec735f9333f4fa47ebb9605ca\"},\"breadcrumb\":{\"@id\":\"https:\\\/\\\/haberkuzey.com\\\/index.php\\\/2025\\\/02\\\/23\\\/cumhurbaskani-erdogan-yeniden-ak-parti-genel-baskani-secildi\\\/#breadcrumb\"},\"inLanguage\":\"tr\",\"potentialAction\":[{\"@type\":\"ReadAction\",\"target\":[\"https:\\\/\\\/haberkuzey.com\\\/index.php\\\/2025\\\/02\\\/23\\\/cumhurbaskani-erdogan-yeniden-ak-parti-genel-baskani-secildi\\\/\"]}]},{\"@type\":\"ImageObject\",\"inLanguage\":\"tr\",\"@id\":\"https:\\\/\\\/haberkuzey.com\\\/index.php\\\/2025\\\/02\\\/23\\\/cumhurbaskani-erdogan-yeniden-ak-parti-genel-baskani-secildi\\\/#primaryimage\",\"url\":\"https:\\\/\\\/haberkuzey.com\\\/wp-content\\\/uploads\\\/2025\\\/02\\\/1740317903826thumbs_b_c_1e2d3e3db9e75f1f7866c916436a4e22.jpg\",\"contentUrl\":\"https:\\\/\\\/haberkuzey.com\\\/wp-content\\\/uploads\\\/2025\\\/02\\\/1740317903826thumbs_b_c_1e2d3e3db9e75f1f7866c916436a4e22.jpg\",\"width\":864,\"height\":486},{\"@type\":\"BreadcrumbList\",\"@id\":\"https:\\\/\\\/haberkuzey.com\\\/index.php\\\/2025\\\/02\\\/23\\\/cumhurbaskani-erdogan-yeniden-ak-parti-genel-baskani-secildi\\\/#breadcrumb\",\"itemListElement\":[{\"@type\":\"ListItem\",\"position\":1,\"name\":\"Anasayfa\",\"item\":\"https:\\\/\\\/haberkuzey.com\\\/\"},{\"@type\":\"ListItem\",\"position\":2,\"name\":\"Cumhurba\u015fkan\u0131 Erdo\u011fan, yeniden AK Parti Genel Ba\u015fkan\u0131 se\u00e7ildi\"}]},{\"@type\":\"WebSite\",\"@id\":\"https:\\\/\\\/haberkuzey.com\\\/#website\",\"url\":\"https:\\\/\\\/haberkuzey.com\\\/\",\"name\":\"Haber Kuzey\",\"description\":\"Do\u011fru Haberin Adresi\",\"potentialAction\":[{\"@type\":\"SearchAction\",\"target\":{\"@type\":\"EntryPoint\",\"urlTemplate\":\"https:\\\/\\\/haberkuzey.com\\\/?s={search_term_string}\"},\"query-input\":{\"@type\":\"PropertyValueSpecification\",\"valueRequired\":true,\"valueName\":\"search_term_string\"}}],\"inLanguage\":\"tr\"},{\"@type\":\"Person\",\"@id\":\"https:\\\/\\\/haberkuzey.com\\\/#\\\/schema\\\/person\\\/3372109ec735f9333f4fa47ebb9605ca\",\"name\":\"haberkuzey\",\"image\":{\"@type\":\"ImageObject\",\"inLanguage\":\"tr\",\"@id\":\"https:\\\/\\\/secure.gravatar.com\\\/avatar\\\/f5fc875574b1575324358c3b9e6a32b8227aa5b74f3fa22e3cadb63e26fcc39c?s=96&d=mm&r=g\",\"url\":\"https:\\\/\\\/secure.gravatar.com\\\/avatar\\\/f5fc875574b1575324358c3b9e6a32b8227aa5b74f3fa22e3cadb63e26fcc39c?s=96&d=mm&r=g\",\"contentUrl\":\"https:\\\/\\\/secure.gravatar.com\\\/avatar\\\/f5fc875574b1575324358c3b9e6a32b8227aa5b74f3fa22e3cadb63e26fcc39c?s=96&d=mm&r=g\",\"caption\":\"haberkuzey\"},\"sameAs\":[\"https:\\\/\\\/haberkuzey.com\"],\"url\":\"https:\\\/\\\/haberkuzey.com\\\/index.php\\\/author\\\/haberkuzey\\\/\"}]}<\/script>\n<!-- \/ Yoast SEO plugin. -->","yoast_head_json":{"title":"Cumhurba\u015fkan\u0131 Erdo\u011fan, yeniden AK Parti Genel Ba\u015fkan\u0131 se\u00e7ildi - Haber Kuzey","robots":{"index":"index","follow":"follow","max-snippet":"max-snippet:-1","max-image-preview":"max-image-preview:large","max-video-preview":"max-video-preview:-1"},"canonical":"https:\/\/haberkuzey.com\/index.php\/2025\/02\/23\/cumhurbaskani-erdogan-yeniden-ak-parti-genel-baskani-secildi\/","og_locale":"tr_TR","og_type":"article","og_title":"Cumhurba\u015fkan\u0131 Erdo\u011fan, yeniden AK Parti Genel Ba\u015fkan\u0131 se\u00e7ildi - Haber Kuzey","og_description":"Cumhurba\u015fkan\u0131 ve AK Parti Genel Ba\u015fkan\u0131 Recep Tayyip Erdo\u011fan, partisinin 8. Ola\u011fan B\u00fcy\u00fck Kongresi\u2019nde, 1547 oyun tamam\u0131n\u0131 alarak, partisinin genel ba\u015fkanl\u0131\u011f\u0131na yeniden se\u00e7ildi. AK Parti\u2019nin, Ankara Spor Salonu\u2019nda yap\u0131lan 8. Ola\u011fan B\u00fcy\u00fck Kongresi\u2019nde genel ba\u015fkanl\u0131k se\u00e7imi sonu\u00e7land\u0131. Kongre Divan Ba\u015fkan\u0131 Abdullah G\u00fcler, se\u00e7im sonu\u00e7lar\u0131na g\u00f6re, 1607 delegenin 1547\u2019sinin oy kulland\u0131\u011f\u0131n\u0131, t\u00fcm oylar\u0131n ge\u00e7erli oldu\u011funu bildirdi. [&hellip;]","og_url":"https:\/\/haberkuzey.com\/index.php\/2025\/02\/23\/cumhurbaskani-erdogan-yeniden-ak-parti-genel-baskani-secildi\/","og_site_name":"Haber Kuzey","article_published_time":"2025-02-23T14:24:30+00:00","og_image":[{"url":"https:\/\/brtk.net\/wp-content\/uploads\/2025\/02\/23\/1740317903826thumbs_b_c_1e2d3e3db9e75f1f7866c916436a4e22.jpg?ver=4695bdeb18299f0635814bd3e089d9cd","type":"","width":"","height":""}],"author":"haberkuzey","twitter_card":"summary_large_image","twitter_misc":{"Yazan:":"haberkuzey","Tahmini okuma s\u00fcresi":"1 dakika"},"schema":{"@context":"https:\/\/schema.org","@graph":[{"@type":"Article","@id":"https:\/\/haberkuzey.com\/index.php\/2025\/02\/23\/cumhurbaskani-erdogan-yeniden-ak-parti-genel-baskani-secildi\/#article","isPartOf":{"@id":"https:\/\/haberkuzey.com\/index.php\/2025\/02\/23\/cumhurbaskani-erdogan-yeniden-ak-parti-genel-baskani-secildi\/"},"author":{"name":"haberkuzey","@id":"https:\/\/haberkuzey.com\/#\/schema\/person\/3372109ec735f9333f4fa47ebb9605ca"},"headline":"Cumhurba\u015fkan\u0131 Erdo\u011fan, yeniden AK Parti Genel Ba\u015fkan\u0131 se\u00e7ildi","datePublished":"2025-02-23T14:24:30+00:00","mainEntityOfPage":{"@id":"https:\/\/haberkuzey.com\/index.php\/2025\/02\/23\/cumhurbaskani-erdogan-yeniden-ak-parti-genel-baskani-secildi\/"},"wordCount":130,"commentCount":0,"image":{"@id":"https:\/\/haberkuzey.com\/index.php\/2025\/02\/23\/cumhurbaskani-erdogan-yeniden-ak-parti-genel-baskani-secildi\/#primaryimage"},"thumbnailUrl":"https:\/\/haberkuzey.com\/wp-content\/uploads\/2025\/02\/1740317903826thumbs_b_c_1e2d3e3db9e75f1f7866c916436a4e22.jpg","articleSection":["D\u00fcnya"],"inLanguage":"tr","potentialAction":[{"@type":"CommentAction","name":"Comment","target":["https:\/\/haberkuzey.com\/index.php\/2025\/02\/23\/cumhurbaskani-erdogan-yeniden-ak-parti-genel-baskani-secildi\/#respond"]}]},{"@type":"WebPage","@id":"https:\/\/haberkuzey.com\/index.php\/2025\/02\/23\/cumhurbaskani-erdogan-yeniden-ak-parti-genel-baskani-secildi\/","url":"https:\/\/haberkuzey.com\/index.php\/2025\/02\/23\/cumhurbaskani-erdogan-yeniden-ak-parti-genel-baskani-secildi\/","name":"Cumhurba\u015fkan\u0131 Erdo\u011fan, yeniden AK Parti Genel Ba\u015fkan\u0131 se\u00e7ildi - Haber Kuzey","isPartOf":{"@id":"https:\/\/haberkuzey.com\/#website"},"primaryImageOfPage":{"@id":"https:\/\/haberkuzey.com\/index.php\/2025\/02\/23\/cumhurbaskani-erdogan-yeniden-ak-parti-genel-baskani-secildi\/#primaryimage"},"image":{"@id":"https:\/\/haberkuzey.com\/index.php\/2025\/02\/23\/cumhurbaskani-erdogan-yeniden-ak-parti-genel-baskani-secildi\/#primaryimage"},"thumbnailUrl":"https:\/\/haberkuzey.com\/wp-content\/uploads\/2025\/02\/1740317903826thumbs_b_c_1e2d3e3db9e75f1f7866c916436a4e22.jpg","datePublished":"2025-02-23T14:24:30+00:00","author":{"@id":"https:\/\/haberkuzey.com\/#\/schema\/person\/3372109ec735f9333f4fa47ebb9605ca"},"breadcrumb":{"@id":"https:\/\/haberkuzey.com\/index.php\/2025\/02\/23\/cumhurbaskani-erdogan-yeniden-ak-parti-genel-baskani-secildi\/#breadcrumb"},"inLanguage":"tr","potentialAction":[{"@type":"ReadAction","target":["https:\/\/haberkuzey.com\/index.php\/2025\/02\/23\/cumhurbaskani-erdogan-yeniden-ak-parti-genel-baskani-secildi\/"]}]},{"@type":"ImageObject","inLanguage":"tr","@id":"https:\/\/haberkuzey.com\/index.php\/2025\/02\/23\/cumhurbaskani-erdogan-yeniden-ak-parti-genel-baskani-secildi\/#primaryimage","url":"https:\/\/haberkuzey.com\/wp-content\/uploads\/2025\/02\/1740317903826thumbs_b_c_1e2d3e3db9e75f1f7866c916436a4e22.jpg","contentUrl":"https:\/\/haberkuzey.com\/wp-content\/uploads\/2025\/02\/1740317903826thumbs_b_c_1e2d3e3db9e75f1f7866c916436a4e22.jpg","width":864,"height":486},{"@type":"BreadcrumbList","@id":"https:\/\/haberkuzey.com\/index.php\/2025\/02\/23\/cumhurbaskani-erdogan-yeniden-ak-parti-genel-baskani-secildi\/#breadcrumb","itemListElement":[{"@type":"ListItem","position":1,"name":"Anasayfa","item":"https:\/\/haberkuzey.com\/"},{"@type":"ListItem","position":2,"name":"Cumhurba\u015fkan\u0131 Erdo\u011fan, yeniden AK Parti Genel Ba\u015fkan\u0131 se\u00e7ildi"}]},{"@type":"WebSite","@id":"https:\/\/haberkuzey.com\/#website","url":"https:\/\/haberkuzey.com\/","name":"Haber Kuzey","description":"Do\u011fru Haberin Adresi","potentialAction":[{"@type":"SearchAction","target":{"@type":"EntryPoint","urlTemplate":"https:\/\/haberkuzey.com\/?s={search_term_string}"},"query-input":{"@type":"PropertyValueSpecification","valueRequired":true,"valueName":"search_term_string"}}],"inLanguage":"tr"},{"@type":"Person","@id":"https:\/\/haberkuzey.com\/#\/schema\/person\/3372109ec735f9333f4fa47ebb9605ca","name":"haberkuzey","image":{"@type":"ImageObject","inLanguage":"tr","@id":"https:\/\/secure.gravatar.com\/avatar\/f5fc875574b1575324358c3b9e6a32b8227aa5b74f3fa22e3cadb63e26fcc39c?s=96&d=mm&r=g","url":"https:\/\/secure.gravatar.com\/avatar\/f5fc875574b1575324358c3b9e6a32b8227aa5b74f3fa22e3cadb63e26fcc39c?s=96&d=mm&r=g","contentUrl":"https:\/\/secure.gravatar.com\/avatar\/f5fc875574b1575324358c3b9e6a32b8227aa5b74f3fa22e3cadb63e26fcc39c?s=96&d=mm&r=g","caption":"haberkuzey"},"sameAs":["https:\/\/haberkuzey.com"],"url":"https:\/\/haberkuzey.com\/index.php\/author\/haberkuzey\/"}]}},"_links":{"self":[{"href":"https:\/\/haberkuzey.com\/index.php\/wp-json\/wp\/v2\/posts\/18646","targetHints":{"allow":["GET"]}}],"collection":[{"href":"https:\/\/haberkuzey.com\/index.php\/wp-json\/wp\/v2\/posts"}],"about":[{"href":"https:\/\/haberkuzey.com\/index.php\/wp-json\/wp\/v2\/types\/post"}],"author":[{"embeddable":true,"href":"https:\/\/haberkuzey.com\/index.php\/wp-json\/wp\/v2\/users\/1"}],"replies":[{"embeddable":true,"href":"https:\/\/haberkuzey.com\/index.php\/wp-json\/wp\/v2\/comments?post=18646"}],"version-history":[{"count":0,"href":"https:\/\/haberkuzey.com\/index.php\/wp-json\/wp\/v2\/posts\/18646\/revisions"}],"wp:featuredmedia":[{"embeddable":true,"href":"https:\/\/haberkuzey.com\/index.php\/wp-json\/wp\/v2\/media\/18647"}],"wp:attachment":[{"href":"https:\/\/haberkuzey.com\/index.php\/wp-json\/wp\/v2\/media?parent=18646"}],"wp:term":[{"taxonomy":"category","embeddable":true,"href":"https:\/\/haberkuzey.com\/index.php\/wp-json\/wp\/v2\/categories?post=18646"},{"taxonomy":"post_tag","embeddable":true,"href":"https:\/\/haberkuzey.com\/index.php\/wp-json\/wp\/v2\/tags?post=18646"}],"curies":[{"name":"wp","href":"https:\/\/api.w.org\/{rel}","templated":true}]}}