{"id":18644,"date":"2025-02-23T15:16:10","date_gmt":"2025-02-23T13:16:10","guid":{"rendered":"https:\/\/haberkuzey.com\/index.php\/2025\/02\/23\/erdogan-uye-sayisiyla-dunyanin-en-buyuk-partileri-siralamasinda-ilk-5te-yer-alan-bir-siyasi-kurulusuz\/"},"modified":"2025-02-23T15:16:10","modified_gmt":"2025-02-23T13:16:10","slug":"erdogan-uye-sayisiyla-dunyanin-en-buyuk-partileri-siralamasinda-ilk-5te-yer-alan-bir-siyasi-kurulusuz","status":"publish","type":"post","link":"https:\/\/haberkuzey.com\/index.php\/2025\/02\/23\/erdogan-uye-sayisiyla-dunyanin-en-buyuk-partileri-siralamasinda-ilk-5te-yer-alan-bir-siyasi-kurulusuz\/","title":{"rendered":"Erdo\u011fan: \u00dcye say\u0131s\u0131yla d\u00fcnyan\u0131n en b\u00fcy\u00fck partileri s\u0131ralamas\u0131nda ilk 5\u2019te yer alan bir siyasi kurulu\u015fuz"},"content":{"rendered":"<div>\n<div class=\"mariselle-image-container center\">\n                                            <\/div>\n<p> AK Parti 8\u2019inci Ola\u011fan B\u00fcy\u00fck Kongresi Ankara\u2019da yap\u0131l\u0131yor. <\/p>\n<p>Ankara Spor Salonu\u2019nda bug\u00fcn 10.00 itibar\u0131yla ba\u015flayan Kongre\u2019ye T\u00fcrkiye Cumhurba\u015fkan\u0131 ve AK Parti Genel Ba\u015fkan\u0131 Recep Tayyip Erdo\u011fan kat\u0131larak, partililere hitap etti.<\/p>\n<p>Kongreye, Cumhurba\u015fkan\u0131 Ersin Tatar ve KKTC\u2019nin Ankara B\u00fcy\u00fckel\u00e7isi \u0130smet Koruko\u011flu, 18 \u00fclkeden 22 siyasi parti temsilcisi, 62 b\u00fcy\u00fckel\u00e7i, 34 misyon temsilcisi, \u0130slam \u0130\u015fbirli\u011fi Gen\u00e7lik Forumu, \u0130slam \u00dclkeleri \u0130statistik, Ekonomik ve Sosyal Ara\u015ft\u0131rma ve E\u011fitim Merkezi, Friedrich Naumann Vakf\u0131, Friedrich Ebert Vakf\u0131, Konrad Adenauer Vakf\u0131, BM Uluslararas\u0131 \u00c7al\u0131\u015fma \u00d6rg\u00fct\u00fc Temsilcili\u011fi ve Uluslararas\u0131 Demokratlar Birli\u011fi temsilcileri de kat\u0131ld\u0131.<\/p>\n<p>Kongre\u2019de Divan ba\u015fkanl\u0131\u011f\u0131n\u0131n se\u00e7iminin ard\u0131ndan, AK Parti Genel Ba\u015fkan Yard\u0131mc\u0131s\u0131 Erkan Kandemir bir konu\u015fma yapt\u0131. Kandemir, \u201cT\u00fcrkiye Y\u00fczy\u0131l\u0131\u2019n\u0131n ilk b\u00fcy\u00fck kongresi Genel Ba\u015fkan\u0131m\u0131z\u0131n liderli\u011finde yeni bir \u015fahlan\u0131\u015f\u0131n g\u00fcn\u00fc olacak.\u201d dedi.<\/p>\n<p>\u2013 Erdo\u011fan: \u201c\u0130ktidardaki 22 y\u0131l\u0131m\u0131z\u0131 \u015fanla, \u015ferefle, d\u00fcnya siyaset literat\u00fcr\u00fcne ge\u00e7en muazzam bir ba\u015far\u0131yla tamamlad\u0131k\u201d<\/p>\n<p>Cumhurba\u015fkan\u0131 ve AK Parti Genel Ba\u015fkan\u0131 Recep Tayyip Erdo\u011fan, kongrede yapt\u0131\u011f\u0131 konu\u015fmada, \u201cAK Parti kuruldu\u011fu g\u00fcnden bu yana 24 y\u0131ld\u0131r, kendini s\u00fcrekli yenilemeyi, de\u011fi\u015ftirmeyi, geli\u015ftirmeyi, y\u00fckseltmeyi ba\u015faran bir siyasi te\u015fekk\u00fcld\u00fcr.\u201d dedi.<\/p>\n<p>Erdo\u011fan, \u015f\u00f6yle konu\u015ftu:<br \/>\u201cBizim ram olaca\u011f\u0131m\u0131z tek merci T\u00fcrk milletidir. Bizim i\u00e7inde ya\u015famaktan \u015feref duyaca\u011f\u0131m\u0131z tek devlet T\u00fcrkiyemizdir. Bizim okuyaca\u011f\u0131m\u0131z tek mar\u015f \u0130stiklal Mar\u015f\u0131\u2019d\u0131r. Bizim g\u00f6lgesinde g\u00fcven bulaca\u011f\u0131m\u0131z tek bayrak, rengini \u015fehitlerimizin m\u00fcbarek kan\u0131ndan alan ay y\u0131ld\u0131zl\u0131 al bayra\u011f\u0131m\u0131zd\u0131r. Bizim hayattayken \u00fcst\u00fcnde, \u00f6ld\u00fckten sonra alt\u0131nda huzurla yataca\u011f\u0131m\u0131z tek yer, \u015fehit kanlar\u0131yla yo\u011frulmu\u015f kutsal vatan topraklar\u0131m\u0131zd\u0131r. Bizim u\u011fruna varl\u0131\u011f\u0131m\u0131z\u0131 feda etmekte bir an bile teredd\u00fct etmeyece\u011fimiz tek de\u011ferimiz itikad\u0131m\u0131zd\u0131r, iman\u0131m\u0131zd\u0131r, inanc\u0131m\u0131zd\u0131r. Bizim d\u00fcnyan\u0131n her bir k\u00f6\u015fesine ta\u015f\u0131mak i\u00e7in ko\u015fturaca\u011f\u0131m\u0131z tek \u00fclk\u00fcm\u00fcz adalettir, hakkaniyettir, insanl\u0131kt\u0131r. Gerisi g\u00fcnl\u00fck hayat\u0131n gaileleri i\u00e7inde hepimizin ya\u015fad\u0131\u011f\u0131, ya\u015fayaca\u011f\u0131 teferruatt\u0131r.\u201d<br \/>Erdo\u011fan, d\u00fcnyada ba\u015fka hi\u00e7bir topluma nasip olmayan sa\u011flam bir temele sahip olduklar\u0131n\u0131 unutmadan, y\u00f6nleri hep gelece\u011fe, ba\u015flar\u0131 hep yukar\u0131ya d\u00f6n\u00fck \u015fekilde yollar\u0131nda kararl\u0131l\u0131kla y\u00fcr\u00fcmeye devam edeceklerini vurgulad\u0131, \u015funlar\u0131 s\u00f6yledi:<\/p>\n<p>\u201c\u00dcye say\u0131s\u0131yla, d\u00fcnyan\u0131n en b\u00fcy\u00fck partileri s\u0131ralamas\u0131nda ilk 5\u2019te yer alan bir siyasi kurulu\u015fuz. Bundan 4 ay \u00f6nce, iktidardaki 22 y\u0131l\u0131m\u0131z\u0131 \u015fanla, \u015ferefle, d\u00fcnya siyaset literat\u00fcr\u00fcne ge\u00e7en muazzam bir ba\u015far\u0131yla tamamlad\u0131k. Bu e\u015fsiz ba\u015far\u0131ya, \u00f6yle \u00e7ilingir sofralar\u0131nda kadeh toku\u015fturarak, kayna\u011f\u0131 belirsiz balya balya paralardan kuleler yaparak ula\u015fmad\u0131k. Bu tarihi ba\u015far\u0131y\u0131 aziz milletimizin umutlar\u0131n\u0131, beklentilerini, hayallerini siyasete ta\u015f\u0131yarak yakalad\u0131k.\u201d<br \/>Erdo\u011fan, millete hizmet yolculu\u011funa ba\u015flarken, \u201cArt\u0131k T\u00fcrkiye\u2019de hi\u00e7bir \u015fey eskisi gibi olmayacak\u201d dediklerini ve bunda da muvaffak olduklar\u0131n\u0131 dile getirerek, sadece se\u00e7imleri kazanarak de\u011fil, g\u00f6n\u00fclleri kazanarak 22 y\u0131ld\u0131r iktidarda olduklar\u0131n\u0131 kaydetti.<br \/>\u2013 \u201cDemokrasiyi, \u00fczerine ter\u00f6r ve h\u0131rs\u0131zl\u0131k g\u00f6lgesi d\u00fc\u015f\u00fcrerek zehirleyen, iftiray\u0131 ve \u00e7arp\u0131tmay\u0131 siyasal ileti\u015fimin merkezine yerle\u015ftiren, hakikatle ili\u015fkisi her ge\u00e7en g\u00fcn daha da kopan bir muhalefet sorunumuz vard\u0131r\u201d<br \/>Erdo\u011fan, \u201cDemokrasiyi, \u00fczerine ter\u00f6r ve h\u0131rs\u0131zl\u0131k g\u00f6lgesi d\u00fc\u015f\u00fcrerek zehirleyen, iftiray\u0131 ve \u00e7arp\u0131tmay\u0131 siyasal ileti\u015fimin merkezine yerle\u015ftiren, hakikatle ili\u015fkisi her ge\u00e7en g\u00fcn daha da kopan bir muhalefet sorunumuz vard\u0131r.\u201d dedi.<\/p>\n<p>Erdo\u011fan, demokrasinin tepesinde on y\u0131llar boyunca kara bulutlar\u0131n dola\u015ft\u0131\u011f\u0131n\u0131 hat\u0131rlatarak, T\u00fcrkiye B\u00fcy\u00fck Millet Meclisi\u2019nin iradesinin \u00f6zellikle belli d\u00f6nemlerde gasbedildi\u011fini, yok say\u0131ld\u0131\u011f\u0131n\u0131 \u201cmilletin egemenli\u011fi\u201d ilkesinin sadece lafta kald\u0131\u011f\u0131n\u0131 anlatt\u0131.<\/p>\n<p>Se\u00e7imle gelen h\u00fck\u00fcmetlerin kimi zaman darbeyle, kimi zaman bask\u0131yla, kimi zaman gazete man\u015fetleriyle g\u00f6revden uzakla\u015ft\u0131r\u0131ld\u0131\u011f\u0131n\u0131 aktaran Erdo\u011fan, 27 May\u0131s\u2019tan 12 Mart\u2019a, 12 Eyl\u00fcl\u2019den 28 \u015eubat\u2019a hep bunun ya\u015fand\u0131\u011f\u0131n\u0131 kaydetti.<br \/>Erdo\u011fan, \u00fclkenin se\u00e7ilmi\u015f ba\u015fbakan\u0131n\u0131n, bakanlar\u0131n\u0131n idam edildi\u011fi g\u00fcnlerin g\u00f6r\u00fcld\u00fc\u011f\u00fcn\u00fc, fidan gibi delikanl\u0131lar\u0131n son nefeslerini idam sehpalar\u0131nda verdi\u011fini, sa\u011f-sol, Alevi-S\u00fcnni denilerek sokaklar\u0131n kan g\u00f6l\u00fcne \u00e7evrildi\u011fi kapkara g\u00fcnlerin g\u00f6r\u00fcld\u00fc\u011f\u00fcn\u00fc belirtti.<\/p>\n<p>Siyasi istikrars\u0131zl\u0131\u011f\u0131n besledi\u011fi ekonomik krizlerle milletin fakirle\u015ftirildi\u011fini, \u00fclkenin zay\u0131flat\u0131ld\u0131\u011f\u0131n\u0131, b\u00f6ylece T\u00fcrkiye\u2019nin k\u00fcresel rekabetin d\u0131\u015f\u0131nda tutuldu\u011funu ifade eden Erdo\u011fan, her 10 y\u0131lda bir i\u015fletilen darbe mekani\u011fiyle milli irade \u00e7al\u0131n\u0131rken T\u00fcrkiye\u2019nin ayn\u0131 zamanda alt\u0131n de\u011ferinde y\u0131llar\u0131n\u0131 kaybetti\u011fini vurgulad\u0131.<\/p>\n<p>Cumhurba\u015fkan\u0131 Erdo\u011fan, \u201cBizi y\u0131llarca \u00fc\u00e7\u00fcnc\u00fc s\u0131n\u0131f demokrasiye, \u00fc\u00e7\u00fcnc\u00fc s\u0131n\u0131f ekonomiye mahkum ve mecbur ettiler. \u2018Yeter, s\u00f6z de, karar da milletindir\u2019 diyerek, T\u00fcrkiye\u2019ye a\u011f\u0131r bedeller \u00f6deten i\u015fte bu s\u00f6m\u00fcr\u00fc d\u00fczenine son verdik. Att\u0131\u011f\u0131m\u0131z kararl\u0131 ad\u0131mlarla, reform \u00e7al\u0131\u015fmalar\u0131m\u0131zla, i\u00e7 ve d\u0131\u015f vesayet odaklar\u0131na kar\u015f\u0131 can\u0131m\u0131z pahas\u0131na verdi\u011fimiz m\u00fccadeleyle T\u00fcrkiye\u2019ye politik ve ekonomik ba\u011f\u0131ms\u0131zl\u0131\u011f\u0131n\u0131 kazand\u0131rd\u0131k.\u201d ifadesini kulland\u0131.<\/p>\n<p>\u2013 \u201cT\u00fcrkiye Y\u00fczy\u0131l\u0131\u2019n\u0131 in\u015fa ederken, muhalefeti d\u00f6n\u00fc\u015ft\u00fcrme g\u00f6revimizi yerine getirmekten ka\u00e7\u0131nmayaca\u011f\u0131z\u201d<br \/>T\u00fcrk demokrasisinin \u00e7evresindeki kirli ve yo\u011fun ku\u015fatman\u0131n \u00e7ok partili hayata ge\u00e7ildi\u011fi g\u00fcnden beri tam manas\u0131yla k\u0131r\u0131lmad\u0131\u011f\u0131na i\u015faret eden Erdo\u011fan, bunun da en b\u00fcy\u00fck sebebinin iktidara gelebilmek i\u00e7in her yolu mubah, her y\u00f6ntemi me\u015fru g\u00f6ren \u00e7arp\u0131k muhalefet anlay\u0131\u015f\u0131 oldu\u011funa dikkati \u00e7ekti.<\/p>\n<p>Erdo\u011fan, \u201c\u00dclkemizde muhalefet, maalesef, s\u00fcrekli demokrasi krizi \u00e7\u0131kartarak, sand\u0131kta alamad\u0131\u011f\u0131 yetkiyi i\u00e7 ve d\u0131\u015f g\u00fc\u00e7lerden dev\u015firme hevesinden hi\u00e7 vazge\u00e7memi\u015ftir. \u00d6yle ki bu tav\u0131r, demokrasiyle taban tabana z\u0131t \u015fekilde muhalefetin asli ve tam zamanl\u0131 mesaisine d\u00f6n\u00fc\u015fm\u00fc\u015ft\u00fcr. Muhalefetin se\u00e7im kazanmak i\u00e7in ter\u00f6r \u00f6rg\u00fctleriyle, antidemokratik g\u00fc\u00e7 merkezleriyle i\u015fbirli\u011fi yapacak kadar g\u00f6z\u00fcn\u00fc karartmas\u0131, \u00fclkemizi \u2018toksik demokrasi\u2019 sorunuyla kar\u015f\u0131 kar\u015f\u0131ya getirmi\u015ftir. Bu sorunla \u00f6zellikle son iki se\u00e7imde ciddi bi\u00e7imde muhatap olduk.\u201d dedi.<\/p>\n<p>S\u00f6zde ittifak ve uzla\u015f\u0131 s\u00fcre\u00e7lerinin \u015feffaf olarak de\u011fil, kapal\u0131 kap\u0131lar ard\u0131nda kurulan pazarl\u0131k masalar\u0131nda y\u00fcr\u00fct\u00fcld\u00fc\u011f\u00fcn\u00fc hat\u0131rlatan Erdo\u011fan, devletin stratejik kurumlar\u0131, bakanl\u0131klar\u0131, belediye ba\u015fkanl\u0131klar\u0131, belediye meclis \u00fcyeliklerinin pazar tezgah\u0131ndaki bir \u00fcr\u00fcn gibi al\u0131n\u0131p sat\u0131ld\u0131\u011f\u0131n\u0131 kaydetti.<\/p>\n<p>Demokrasinin sa\u011flad\u0131\u011f\u0131 imkanlar\u0131n, kariyerist menfaatperestler taraf\u0131ndan demokrasiyi zehirlemek, milletin iradesine pusu kurmak i\u00e7in kullan\u0131ld\u0131\u011f\u0131n\u0131 ifade eden Erdo\u011fan, daha iki sene \u00f6ncesinde \u00fclkeyi beraber y\u00f6netmeye talip olanlar\u0131n daha sonra g\u0131rtlak g\u0131rtla\u011fa kavgaya tutu\u015ftu\u011funun hep beraber takip edildi\u011fini dile getirdi.<br \/>Cumhurba\u015fkan\u0131 Erdo\u011fan, demokrasi eti\u011fiyle ba\u011fda\u015fmayan bu d\u00fczenbazl\u0131klar\u0131n siyaset kurumunda yol a\u00e7t\u0131\u011f\u0131 g\u00fcven bunal\u0131m\u0131n\u0131n menfi etkilerinin halen hissedildi\u011fini belirtti.<\/p>\n<p>\u2013 \u201cKaos baronlar\u0131na diyoruz ki, bu devlet ve millet, sizin r\u00fcyalar\u0131n\u0131z\u0131 kabusa d\u00f6n\u00fc\u015ft\u00fcrme iradesine, g\u00fcc\u00fcne, kudretine sahiptir\u201d<br \/>Erdo\u011fan, hi\u00e7bir demokratik \u00fclkenin, ter\u00f6r\u00fcn silah\u0131na da siyasi \u00f6rg\u00fctlenmesine de sivil toplum g\u00f6r\u00fcn\u00fcml\u00fc uzant\u0131lar\u0131na da tolerans g\u00f6stermeyece\u011fini belirterek, \u015funlar\u0131 s\u00f6yledi: <\/p>\n<p>\u201cT\u00fcrkiye\u2019nin ekonomide, d\u0131\u015f politikada ve siyasette itici g\u00fcc\u00fc, unutmay\u0131n, demokrasidir. \u2018\u0130\u00e7 cephe\u2019 olarak tarif etti\u011fimiz karde\u015flik hatt\u0131m\u0131z\u0131 tahkim edecek olan da yine 85 milyonun tamam\u0131n\u0131 saran ku\u015fat\u0131c\u0131 bir demokrasidir. Bunun i\u00e7in \u00f6n\u00fcm\u00fczdeki f\u0131rsatlar\u0131 de\u011ferlendirerek, en iyisini \u00fcmit edip en k\u00f6t\u00fcs\u00fcne haz\u0131r olarak, \u2018Ter\u00f6rs\u00fcz T\u00fcrkiye\u2019 hedefimizi ger\u00e7ekle\u015ftirece\u011fiz. Hi\u00e7 \u015f\u00fcphesiz bundan en \u00e7ok ter\u00f6r \u00f6rg\u00fct\u00fcn\u00fcn ideolojik bah\u00e7esinde otlan\u0131p, devletimize ve milletimize d\u00fc\u015fmanl\u0131k edenler rahats\u0131z olacakt\u0131r. Ne yaparlarsa yaps\u0131nlar bunun \u00f6n\u00fcne ge\u00e7emeyecekler. T\u00fcrkiye\u2019yi, girdi\u011fi ayd\u0131nl\u0131k yoldan geri \u00e7eviremeyecekler.\u201d<\/p>\n<p>\u2013 \u201cBat\u0131l\u0131 g\u00fc\u00e7lerle kurduklar\u0131 asimetrik ili\u015fkilere g\u00fcvenenler\u201d<\/p>\n<p>Son tart\u0131\u015fmalar\u0131n, baz\u0131 hastal\u0131klar\u0131n devam etti\u011fini g\u00f6sterdi\u011fini ifade eden Erdo\u011fan, s\u00f6zlerini \u015f\u00f6yle s\u00fcrd\u00fcrd\u00fc:<br \/>\u201c\u0130mtiyazlar\u0131n\u0131 kaybetmek istemeyenler, eski vesayet\u00e7i s\u00f6ylemlerle siyasete ve h\u00fck\u00fcmete ayar vermeye \u00e7al\u0131\u015f\u0131yor. Bat\u0131l\u0131 g\u00fc\u00e7lerle kurduklar\u0131 asimetrik ili\u015fkilere g\u00fcvenenler, T\u00fcrkiye\u2019nin de\u011fi\u015fti\u011fini, eski T\u00fcrkiye\u2019nin art\u0131k olmad\u0131\u011f\u0131n\u0131 kabullenemiyorlar. AK Parti d\u00f6neminde sermayelerine sermaye katan i\u015f d\u00fcnyas\u0131n\u0131n i\u00e7indeki bir grup, kirli muhalefet anlay\u0131\u015f\u0131n\u0131 yeniden devreye alma \u00e7abas\u0131ndad\u0131r. Ge\u00e7mi\u015fte man\u015fetler ve ellerindeki finans-kapital \u00fczerinden siyaset\u00e7ileri tehdit eden bu ekibin tek derdi, kay\u0131plar\u0131n\u0131 devlet hazinesinden yeniden tazmin etmektir.\u201d<br \/>Erdo\u011fan, bu gruplara, \u00fclkeyi b\u00fcy\u00fcterek, geli\u015ftirerek zincirlerinden kurtulma, k\u00fcresel d\u00fczeyde e\u015fit \u015fartlarda rekabet etme \u015fans\u0131 verdiklerini kaydederek, \u015funlar\u0131 s\u00f6yledi:<\/p>\n<p>\u201cAma demek ki zihinler temizlenmeden, sadece zincirlerden kurtulmak insanlar\u0131 ve kurumlar\u0131 \u00f6zg\u00fcr k\u0131lmaya yetmiyor. Kaos baronlar\u0131na diyoruz ki, bu devlet ve millet, sizin r\u00fcyalar\u0131n\u0131z\u0131 kabusa d\u00f6n\u00fc\u015ft\u00fcrme iradesine, g\u00fcc\u00fcne, kudretine sahiptir. \u0130\u015finizi d\u00fczg\u00fcn yapt\u0131\u011f\u0131n\u0131z s\u00fcrece, \u00fclkemize de\u011fer katt\u0131\u011f\u0131n\u0131z, milletimize istihdam sa\u011flad\u0131\u011f\u0131n\u0131z m\u00fcddet\u00e7e hep yan\u0131n\u0131zda olduk, olmay\u0131 da s\u00fcrd\u00fcr\u00fcr\u00fcz. Ancak eski k\u00f6t\u00fc al\u0131\u015fkanl\u0131klar\u0131n\u0131zda \u0131srar ederseniz, biz de size buna g\u00f6re muamele ederiz.\u201d<\/p>\n<p>\u2013 \u201cKay\u0131t d\u0131\u015f\u0131 siyaset yapma d\u00f6nemi art\u0131k kapanm\u0131\u015ft\u0131r\u201d<\/p>\n<p>\u201cSiyaset yapmak istiyorsan\u0131z, i\u015fte er meydan\u0131.\u201d diyen Erdo\u011fan, T\u00fcrkiye\u2019de 170\u2019in \u00fczerinde siyasi parti oldu\u011funu, bunlara bir tane daha eklenirse demokrasinin daha da zenginle\u015fece\u011fini s\u00f6yledi. Erdo\u011fan, \u015funlar\u0131 kaydetti:<br \/>\u201cAma \u2018kay\u0131t d\u0131\u015f\u0131 siyaset\u2019 yapma d\u00f6nemi art\u0131k kapanm\u0131\u015ft\u0131r. Yeni T\u00fcrkiye\u2019de kay\u0131t d\u0131\u015f\u0131 ekonomiye de kay\u0131t d\u0131\u015f\u0131 siyasete de yer yoktur. Bu s\u00f6zlerim sadece siyaset heveslisi sermaye temsilcilerine de\u011fil, ayn\u0131 zamanda \u2018komprador burjuvazinin\u2019 g\u00f6n\u00fcll\u00fc ta\u015feronlu\u011funa soyunan muhalefet partilerinedir. Unutmay\u0131n, T\u00fcrkiye de\u011fi\u015fmi\u015ftir. Siz de eskiyi hortlatmaya \u00e7al\u0131\u015fmak yerine, bu yeni T\u00fcrkiye\u2019ye al\u0131\u015fmak, politikalar\u0131n\u0131z\u0131 buna g\u00f6re belirlemek zorundas\u0131n\u0131z.\u201d<\/p>\n<p>\u2013 \u201cT\u00fcrkiye, b\u00fcy\u00fck bir d\u00f6n\u00fc\u015f\u00fcm\u00fcn ve heyecan verici bir ekonomik at\u0131l\u0131m\u0131n e\u015fi\u011findedir. B\u00f6lgemizdeki geli\u015fmeler, bu s\u00fcreci kolayla\u015ft\u0131racak ve h\u0131zland\u0131racakt\u0131r\u201d<\/p>\n<p>Erdo\u011fan, \u201cT\u00fcrkiye, b\u00fcy\u00fck bir d\u00f6n\u00fc\u015f\u00fcm\u00fcn ve heyecan verici bir ekonomik at\u0131l\u0131m\u0131n e\u015fi\u011findedir. B\u00f6lgemizdeki geli\u015fmeler, bu s\u00fcreci kolayla\u015ft\u0131racak ve h\u0131zland\u0131racakt\u0131r.\u201d dedi.<\/p>\n<p>Son 22 y\u0131lda kendilerinden \u00f6nce yap\u0131lanlar\u0131 her alanda 3\u2019e, 5\u2019e, 10\u2019a katlad\u0131klar\u0131n\u0131 dile getiren Erdo\u011fan, derslik say\u0131s\u0131n\u0131 343 binden 622 bine, \u00fcniversite say\u0131s\u0131n\u0131 76\u2019dan 208\u2019e, y\u00fcksek\u00f6\u011frenim yurt yatak kapasitesini 182 binden 995 bine, gen\u00e7lik merkezi say\u0131s\u0131n\u0131 9\u2019dan 469\u2019a, spor tesisi say\u0131s\u0131n\u0131 1575\u2019ten 4 bin 469\u2019a \u00e7\u0131kard\u0131klar\u0131n\u0131 s\u00f6yledi.<\/p>\n<p>Erdo\u011fan, yerli elektrikli otomobil TOGG\u2019un \u00fcretiminde 52 bini a\u015ft\u0131klar\u0131n\u0131 belirterek, s\u00f6zlerini \u015f\u00f6yle s\u00fcrd\u00fcrd\u00fc:<\/p>\n<p>\u201cEnerjide kurulu g\u00fcc\u00fcm\u00fcz\u00fc 31 bin 846 megavattan 115 bin 975 megavata \u00e7\u0131kard\u0131k. Karadeniz\u2019de 710 milyar metrek\u00fcp do\u011fal gaz rezervi ke\u015ffettik. Gabar\u2019daki petrol \u00fcretiminde g\u00fcnl\u00fck 76 bin varili ge\u00e7tik. Tabii bunlar sadece \u00f6zet rakamlar. Hepsini anlatmaya kalksak de\u011fil saatler, g\u00fcnler yetmez. Tek tek \u015fehirlerimize ve \u00fclkemiz geneline hangi hizmetleri ve yat\u0131r\u0131mlar\u0131 kazand\u0131rd\u0131\u011f\u0131m\u0131z\u0131, bunlardan faydalanan karde\u015flerim zaten \u00e7ok iyi biliyor. Allah \u00f6m\u00fcr, milletimiz de destek verdik\u00e7e \u00e7ok daha fazlas\u0131n\u0131 yapaca\u011f\u0131z. Daha fazla yat\u0131r\u0131m, \u00fcretim ve ihracat prensibiyle dolar cinsi milli gelirimizi 6 kat art\u0131rd\u0131k. T\u00fcrkiye\u2019yi trilyon dolarl\u0131k ekonomiler ligine ta\u015f\u0131d\u0131k. D\u00fcnya ekonomisinden ald\u0131\u011f\u0131m\u0131z pay y\u00fczde 0,7\u2019den y\u00fczde 1,1\u2019e y\u00fckseldi. Ki\u015fi ba\u015f\u0131 gelirimiz 3 bin 600 dolardan 2023 itibar\u0131yla 13 bin 243 dolara \u00e7\u0131kt\u0131. Ge\u00e7en y\u0131l\u0131n verileri a\u00e7\u0131kland\u0131\u011f\u0131nda in\u015fallah 15 bin dolar\u0131 a\u015faca\u011f\u0131z. Sanayide katma de\u011fer \u00fcretimimizi 95 milyar dolardan 320 milyar dolara getirdik. Sat\u0131n alma g\u00fcc\u00fc paritesine g\u00f6re, 2023 y\u0131l\u0131nda d\u00fcnyan\u0131n en b\u00fcy\u00fck 11\u2019inci, Avrupa\u2019n\u0131n ise 4\u2019\u00fcnc\u00fc b\u00fcy\u00fck ekonomisi olduk.\u201d<\/p>\n<p>\u2013 \u201cD\u00fcnyada 11\u2019inci s\u0131raday\u0131z\u201d<\/p>\n<p>Savunma sanayisinden otomotive, tar\u0131mdan turizme kadar her sekt\u00f6rde T\u00fcrkiye\u2019nin g\u00fcc\u00fcn\u00fc tahkim ettiklerini vurgulayan Cumhurba\u015fkan\u0131 Erdo\u011fan, \u201cBug\u00fcn, insans\u0131z hava arac\u0131 \u00fcretiminde d\u00fcnyada birinciyiz. Savunma sanayii ihracat\u0131nda ise d\u00fcnyada 11\u2019inci s\u0131raday\u0131z.\u201d dedi.<\/p>\n<p>Uluslararas\u0131 sermayeli firma say\u0131s\u0131n\u0131n 83 bini a\u015ft\u0131\u011f\u0131n\u0131 belirten Cumhurba\u015fkan\u0131 Erdo\u011fan, \u015funlar\u0131 kaydetti:<br \/>\u201cDeprem ve salg\u0131n ba\u015fta olmak \u00fczere \u00e7e\u015fitli sebeplerle maruz kald\u0131\u011f\u0131m\u0131z konjonkt\u00fcrel s\u0131k\u0131nt\u0131lar ge\u00e7icidir. T\u00fcrkiye, b\u00fcy\u00fck bir d\u00f6n\u00fc\u015f\u00fcm\u00fcn ve heyecan verici bir ekonomik at\u0131l\u0131m\u0131n e\u015fi\u011findedir. B\u00f6lgemizdeki geli\u015fmeler, bu s\u00fcreci kolayla\u015ft\u0131racak ve h\u0131zland\u0131racakt\u0131r. Yakla\u015f\u0131k 2 y\u0131ld\u0131r uygulad\u0131\u011f\u0131m\u0131z yeni ekonomi politikalar\u0131n\u0131n etkisini g\u00f6rmeye ba\u015flad\u0131k. Merkez Bankam\u0131z\u0131n rezervleri 173 milyar dolar\u0131 a\u015farak Cumhuriyet tarihimizin en y\u00fcksek seviyesine ula\u015ft\u0131. Bu rakam, biz g\u00f6reve geldi\u011fimizde sadece 27,5 milyar dolard\u0131. \u00dcretim ve ihracatla birlikte istihdam oran\u0131m\u0131z da h\u0131zla art\u0131yor. Sadece son bir y\u0131lda 1,1 milyonun \u00fczerinde ilave istihdam sa\u011flad\u0131k. \u0130\u015fsizlik oran\u0131m\u0131z\u0131 y\u00fczde 8,5 seviyesine indirdik. Asr\u0131n felaketi 6 \u015eubat depremlerinin yaralar\u0131n\u0131 sarmak i\u00e7in son 2 y\u0131lda yakla\u015f\u0131k 75 milyar dolarl\u0131k kaynak kulland\u0131k.\u201d<\/p>\n<p>Erdo\u011fan, ge\u00e7en haftalarda 201 bininci konutun anahtarlar\u0131n\u0131 hak sahiplerine teslim ettiklerini, kalan 252 bin konutun in\u015fas\u0131n\u0131 da y\u0131lba\u015f\u0131na kadar bitireceklerini bildirdi.<\/p>\n<p>Depremin sebep oldu\u011fu a\u011f\u0131r faturaya ra\u011fmen b\u00fct\u00e7eyi kontrol alt\u0131nda tuttuklar\u0131n\u0131, mali disiplinden taviz vermediklerini vurgulayan Erdo\u011fan, \u201cEnflasyondaki d\u00fc\u015f\u00fc\u015f h\u0131zlanarak devam edecek. Enflasyon d\u00fc\u015ft\u00fck\u00e7e al\u0131m g\u00fcc\u00fc daha artacak, bunun olumlu etkisini de emeklimizden i\u015f\u00e7imize, memurumuzdan \u00f6\u011frencimize, 85 milyonun hepsi bizzat hissedecek, g\u00f6recek, bundan istifade edecek. \u0130n\u015fallah biraz daha sabredecek ve hedeflerimize ula\u015faca\u011f\u0131z.\u201d diye konu\u015ftu.<\/p>\n<p>\u2013 \u201cT\u00fcrkiye Y\u00fczy\u0131l\u0131 Reform Program\u0131\u2019n\u0131 haz\u0131rlad\u0131k. Kapsaml\u0131 reform plan\u0131m\u0131z sayesinde \u00fclkemizin b\u00fcy\u00fcme potansiyelini ve verimlili\u011fini art\u0131raca\u011f\u0131z\u201d<\/p>\n<p>Erdo\u011fan, \u201cT\u00fcrkiye Y\u00fczy\u0131l\u0131 Reform Program\u0131\u2019n\u0131 haz\u0131rlad\u0131k. Kapsaml\u0131 reform plan\u0131m\u0131z sayesinde \u00fclkemizin b\u00fcy\u00fcme potansiyelini ve verimlili\u011fini art\u0131raca\u011f\u0131z.\u201d dedi.<br \/>\u00dclkenin ve d\u00fcnyan\u0131n i\u00e7inde bulundu\u011fu \u015fartlar ne olursa olsun, reform iradelerini daima canl\u0131 tuttuklar\u0131n\u0131 belirten Erdo\u011fan, reform \u00e7al\u0131\u015fmalar\u0131n\u0131 ayn\u0131 zamanda kendilerini yenilemenin, millete yeni \u015feyler s\u00f6ylemenin, \u00fclkenin \u00f6n\u00fcne yeni hedefler koyman\u0131n temel zemini olarak g\u00f6rd\u00fcklerini ifade etti.<br \/>Erdo\u011fan, 22 y\u0131l\u0131 a\u015fk\u0131n s\u00fcredir iktidarda bulunan kadro olarak en b\u00fcy\u00fck korkular\u0131n\u0131n kendi stat\u00fckolar\u0131na teslim olmak oldu\u011funa dikkati \u00e7ekerek, s\u00f6zlerini \u015f\u00f6yle s\u00fcrd\u00fcrd\u00fc:<\/p>\n<p>\u201cBu anlay\u0131\u015fla \u2018T\u00fcrkiye Y\u00fczy\u0131l\u0131 Reform Program\u0131\u2019n\u0131\u2019 haz\u0131rlad\u0131k. Kapsaml\u0131 reform plan\u0131m\u0131z sayesinde, \u00fclkemizin b\u00fcy\u00fcme potansiyelini ve verimlili\u011fini art\u0131raca\u011f\u0131z. D\u00fcnya Bankas\u0131\u2019n\u0131n orta gelir grubunda yer alan T\u00fcrkiye, b\u00f6ylelikle y\u00fcksek gelirli \u00fclkeler ligine y\u00fckselecektir. Reform Program\u0131 ile \u00fclkemiz i\u00e7in \u00f6ncelikli olarak belirledi\u011fimiz alanlarda \u00f6nemli at\u0131l\u0131mlar yapaca\u011f\u0131z. Ekonomik D\u00f6n\u00fc\u015f\u00fcm, Ye\u015fil ve Dijital D\u00f6n\u00fc\u015f\u00fcm, Sosyal Politikalar, Yarg\u0131 ve Temel Haklar, Siyasi ve \u0130dari D\u00fczenlemeler olmak \u00fczere 5 s\u00fctun \u00fczerine in\u015fa etti\u011fimiz reform program\u0131m\u0131z\u0131 \u00fclkemizin ve milletimizin beklentilerine cevap verecek bir anlay\u0131\u015fla haz\u0131rlad\u0131k.\u201d<\/p>\n<p>\u2013 \u201cAnayasa \u00e7al\u0131\u015fmalar\u0131nda \u00f6nemli bir e\u015fi\u011fi geride b\u0131rakt\u0131k\u201d<\/p>\n<p>Eri\u015filebilir ve kaliteli sa\u011fl\u0131k hizmetlerini daha da geli\u015ftirdiklerini belirten Erdo\u011fan, \u015funlar\u0131 kaydetti:<\/p>\n<p>\u201cYenilik\u00e7i sa\u011fl\u0131k end\u00fcstrileri ve ila\u00e7 sekt\u00f6r\u00fcn\u00fcn yerli ve milli imkanlarla geli\u015ftirilmesini destekleyece\u011fiz. Yarg\u0131da ihtisasla\u015fmay\u0131 sa\u011flayacak, bilirki\u015filik m\u00fcessesesini revize ederek, makul s\u00fcrede yarg\u0131lanma hakk\u0131n\u0131 g\u00fc\u00e7lendirece\u011fiz. Ceza \u0130nfaz Sistemi\u2019nde de\u011fi\u015fikli\u011fe giderek su\u00e7-yapt\u0131r\u0131m-infaz dengesini iyile\u015ftirece\u011fiz. Demokrasimizi yeni, sivil, ku\u015fat\u0131c\u0131 bir anayasayla ta\u00e7land\u0131rma hedefimizi muhafaza ediyoruz. Anayasa konusunda, gerek kendi b\u00fcnyemizde gerekse toplumun \u00e7e\u015fitli kesimleriyle y\u00fcr\u00fctt\u00fc\u011f\u00fcm\u00fcz \u00e7al\u0131\u015fmalarda \u00f6nemli bir e\u015fi\u011fi geride b\u0131rakt\u0131k.\u201d<\/p>\n<p>Cumhurba\u015fkan\u0131 Erdo\u011fan, salondakilerle birlikte \u201cTek millet, tek bayrak, tek devlet, tek vatan.\u201d, \u201cBir olaca\u011f\u0131z, iri olaca\u011f\u0131z, diri olaca\u011f\u0131z, karde\u015f olaca\u011f\u0131z, hep birlikte T\u00fcrkiye olaca\u011f\u0131z.\u201d diyerek s\u00f6zlerine son verdi.<\/p>\n<p>Erdo\u011fan\u2019\u0131n konu\u015fmas\u0131n\u0131n ard\u0131ndan AK Parti 8. Ola\u011fan B\u00fcy\u00fck Kongresi\u2019nde genel ba\u015fkan ve y\u00f6netim organlar\u0131 i\u00e7in oylama ba\u015flad\u0131. Cumhurba\u015fkan\u0131 ve AK Parti Genel Ba\u015fkan\u0131 Recep Tayyip Erdo\u011fan, Genel Ba\u015fkanl\u0131k i\u00e7in yeniden aday g\u00f6sterildi. Oylanan MKYK listesi 75 as\u0131l, 35 yedek \u00fcyeden olu\u015fuyor.<\/p>\n<\/p><\/div>\n<p><script async\n                    defer\n                    crossorigin=\"anonymous\"\n                    src=\"https:\/\/connect.facebook.net\/tr_TR\/sdk.js#xfbml=1&#038;version=v3.3\"\n            ><\/script><\/p>\n","protected":false},"excerpt":{"rendered":"<p>AK Parti 8\u2019inci Ola\u011fan B\u00fcy\u00fck Kongresi Ankara\u2019da yap\u0131l\u0131yor. Ankara Spor Salonu\u2019nda bug\u00fcn 10.00 itibar\u0131yla ba\u015flayan Kongre\u2019ye T\u00fcrkiye Cumhurba\u015fkan\u0131 ve AK Parti Genel Ba\u015fkan\u0131 Recep Tayyip Erdo\u011fan kat\u0131larak, partililere hitap etti. Kongreye, Cumhurba\u015fkan\u0131 Ersin Tatar ve KKTC\u2019nin Ankara B\u00fcy\u00fckel\u00e7isi \u0130smet Koruko\u011flu, 18 \u00fclkeden 22 siyasi parti temsilcisi, 62 b\u00fcy\u00fckel\u00e7i, 34 misyon temsilcisi, \u0130slam \u0130\u015fbirli\u011fi Gen\u00e7lik Forumu, [&hellip;]<\/p>\n","protected":false},"author":1,"featured_media":18645,"comment_status":"open","ping_status":"open","sticky":false,"template":"","format":"standard","meta":{"jnews-multi-image_gallery":[],"jnews_single_post":[],"jnews_primary_category":[],"footnotes":""},"categories":[2],"tags":[],"class_list":["post-18644","post","type-post","status-publish","format-standard","has-post-thumbnail","hentry","category-dunya"],"yoast_head":"<!-- This site is optimized with the Yoast SEO plugin v27.5 - https:\/\/yoast.com\/product\/yoast-seo-wordpress\/ -->\n<title>Erdo\u011fan: \u00dcye say\u0131s\u0131yla d\u00fcnyan\u0131n en b\u00fcy\u00fck partileri s\u0131ralamas\u0131nda ilk 5\u2019te yer alan bir siyasi kurulu\u015fuz - Haber Kuzey<\/title>\n<meta name=\"robots\" content=\"index, follow, max-snippet:-1, max-image-preview:large, max-video-preview:-1\" \/>\n<link rel=\"canonical\" href=\"https:\/\/haberkuzey.com\/index.php\/2025\/02\/23\/erdogan-uye-sayisiyla-dunyanin-en-buyuk-partileri-siralamasinda-ilk-5te-yer-alan-bir-siyasi-kurulusuz\/\" \/>\n<meta property=\"og:locale\" content=\"tr_TR\" \/>\n<meta property=\"og:type\" content=\"article\" \/>\n<meta property=\"og:title\" content=\"Erdo\u011fan: \u00dcye say\u0131s\u0131yla d\u00fcnyan\u0131n en b\u00fcy\u00fck partileri s\u0131ralamas\u0131nda ilk 5\u2019te yer alan bir siyasi kurulu\u015fuz - Haber Kuzey\" \/>\n<meta property=\"og:description\" content=\"AK Parti 8\u2019inci Ola\u011fan B\u00fcy\u00fck Kongresi Ankara\u2019da yap\u0131l\u0131yor. Ankara Spor Salonu\u2019nda bug\u00fcn 10.00 itibar\u0131yla ba\u015flayan Kongre\u2019ye T\u00fcrkiye Cumhurba\u015fkan\u0131 ve AK Parti Genel Ba\u015fkan\u0131 Recep Tayyip Erdo\u011fan kat\u0131larak, partililere hitap etti. Kongreye, Cumhurba\u015fkan\u0131 Ersin Tatar ve KKTC\u2019nin Ankara B\u00fcy\u00fckel\u00e7isi \u0130smet Koruko\u011flu, 18 \u00fclkeden 22 siyasi parti temsilcisi, 62 b\u00fcy\u00fckel\u00e7i, 34 misyon temsilcisi, \u0130slam \u0130\u015fbirli\u011fi Gen\u00e7lik Forumu, [&hellip;]\" \/>\n<meta property=\"og:url\" content=\"https:\/\/haberkuzey.com\/index.php\/2025\/02\/23\/erdogan-uye-sayisiyla-dunyanin-en-buyuk-partileri-siralamasinda-ilk-5te-yer-alan-bir-siyasi-kurulusuz\/\" \/>\n<meta property=\"og:site_name\" content=\"Haber Kuzey\" \/>\n<meta property=\"article:published_time\" content=\"2025-02-23T13:16:10+00:00\" \/>\n<meta property=\"og:image\" content=\"https:\/\/brtk.net\/wp-content\/uploads\/2025\/02\/23\/109481-scaled.jpg?ver=f7c827ee216249b67439b9fdedc06142\" \/>\n<meta name=\"author\" content=\"haberkuzey\" \/>\n<meta name=\"twitter:card\" content=\"summary_large_image\" \/>\n<meta name=\"twitter:label1\" content=\"Yazan:\" \/>\n\t<meta name=\"twitter:data1\" content=\"haberkuzey\" \/>\n\t<meta name=\"twitter:label2\" content=\"Tahmini okuma s\u00fcresi\" \/>\n\t<meta name=\"twitter:data2\" content=\"15 dakika\" \/>\n<script type=\"application\/ld+json\" class=\"yoast-schema-graph\">{\"@context\":\"https:\\\/\\\/schema.org\",\"@graph\":[{\"@type\":\"Article\",\"@id\":\"https:\\\/\\\/haberkuzey.com\\\/index.php\\\/2025\\\/02\\\/23\\\/erdogan-uye-sayisiyla-dunyanin-en-buyuk-partileri-siralamasinda-ilk-5te-yer-alan-bir-siyasi-kurulusuz\\\/#article\",\"isPartOf\":{\"@id\":\"https:\\\/\\\/haberkuzey.com\\\/index.php\\\/2025\\\/02\\\/23\\\/erdogan-uye-sayisiyla-dunyanin-en-buyuk-partileri-siralamasinda-ilk-5te-yer-alan-bir-siyasi-kurulusuz\\\/\"},\"author\":{\"name\":\"haberkuzey\",\"@id\":\"https:\\\/\\\/haberkuzey.com\\\/#\\\/schema\\\/person\\\/3372109ec735f9333f4fa47ebb9605ca\"},\"headline\":\"Erdo\u011fan: \u00dcye say\u0131s\u0131yla d\u00fcnyan\u0131n en b\u00fcy\u00fck partileri s\u0131ralamas\u0131nda ilk 5\u2019te yer alan bir siyasi kurulu\u015fuz\",\"datePublished\":\"2025-02-23T13:16:10+00:00\",\"mainEntityOfPage\":{\"@id\":\"https:\\\/\\\/haberkuzey.com\\\/index.php\\\/2025\\\/02\\\/23\\\/erdogan-uye-sayisiyla-dunyanin-en-buyuk-partileri-siralamasinda-ilk-5te-yer-alan-bir-siyasi-kurulusuz\\\/\"},\"wordCount\":3027,\"commentCount\":0,\"image\":{\"@id\":\"https:\\\/\\\/haberkuzey.com\\\/index.php\\\/2025\\\/02\\\/23\\\/erdogan-uye-sayisiyla-dunyanin-en-buyuk-partileri-siralamasinda-ilk-5te-yer-alan-bir-siyasi-kurulusuz\\\/#primaryimage\"},\"thumbnailUrl\":\"https:\\\/\\\/haberkuzey.com\\\/wp-content\\\/uploads\\\/2025\\\/02\\\/109481-scaled.jpg\",\"articleSection\":[\"D\u00fcnya\"],\"inLanguage\":\"tr\",\"potentialAction\":[{\"@type\":\"CommentAction\",\"name\":\"Comment\",\"target\":[\"https:\\\/\\\/haberkuzey.com\\\/index.php\\\/2025\\\/02\\\/23\\\/erdogan-uye-sayisiyla-dunyanin-en-buyuk-partileri-siralamasinda-ilk-5te-yer-alan-bir-siyasi-kurulusuz\\\/#respond\"]}]},{\"@type\":\"WebPage\",\"@id\":\"https:\\\/\\\/haberkuzey.com\\\/index.php\\\/2025\\\/02\\\/23\\\/erdogan-uye-sayisiyla-dunyanin-en-buyuk-partileri-siralamasinda-ilk-5te-yer-alan-bir-siyasi-kurulusuz\\\/\",\"url\":\"https:\\\/\\\/haberkuzey.com\\\/index.php\\\/2025\\\/02\\\/23\\\/erdogan-uye-sayisiyla-dunyanin-en-buyuk-partileri-siralamasinda-ilk-5te-yer-alan-bir-siyasi-kurulusuz\\\/\",\"name\":\"Erdo\u011fan: \u00dcye say\u0131s\u0131yla d\u00fcnyan\u0131n en b\u00fcy\u00fck partileri s\u0131ralamas\u0131nda ilk 5\u2019te yer alan bir siyasi kurulu\u015fuz - Haber Kuzey\",\"isPartOf\":{\"@id\":\"https:\\\/\\\/haberkuzey.com\\\/#website\"},\"primaryImageOfPage\":{\"@id\":\"https:\\\/\\\/haberkuzey.com\\\/index.php\\\/2025\\\/02\\\/23\\\/erdogan-uye-sayisiyla-dunyanin-en-buyuk-partileri-siralamasinda-ilk-5te-yer-alan-bir-siyasi-kurulusuz\\\/#primaryimage\"},\"image\":{\"@id\":\"https:\\\/\\\/haberkuzey.com\\\/index.php\\\/2025\\\/02\\\/23\\\/erdogan-uye-sayisiyla-dunyanin-en-buyuk-partileri-siralamasinda-ilk-5te-yer-alan-bir-siyasi-kurulusuz\\\/#primaryimage\"},\"thumbnailUrl\":\"https:\\\/\\\/haberkuzey.com\\\/wp-content\\\/uploads\\\/2025\\\/02\\\/109481-scaled.jpg\",\"datePublished\":\"2025-02-23T13:16:10+00:00\",\"author\":{\"@id\":\"https:\\\/\\\/haberkuzey.com\\\/#\\\/schema\\\/person\\\/3372109ec735f9333f4fa47ebb9605ca\"},\"breadcrumb\":{\"@id\":\"https:\\\/\\\/haberkuzey.com\\\/index.php\\\/2025\\\/02\\\/23\\\/erdogan-uye-sayisiyla-dunyanin-en-buyuk-partileri-siralamasinda-ilk-5te-yer-alan-bir-siyasi-kurulusuz\\\/#breadcrumb\"},\"inLanguage\":\"tr\",\"potentialAction\":[{\"@type\":\"ReadAction\",\"target\":[\"https:\\\/\\\/haberkuzey.com\\\/index.php\\\/2025\\\/02\\\/23\\\/erdogan-uye-sayisiyla-dunyanin-en-buyuk-partileri-siralamasinda-ilk-5te-yer-alan-bir-siyasi-kurulusuz\\\/\"]}]},{\"@type\":\"ImageObject\",\"inLanguage\":\"tr\",\"@id\":\"https:\\\/\\\/haberkuzey.com\\\/index.php\\\/2025\\\/02\\\/23\\\/erdogan-uye-sayisiyla-dunyanin-en-buyuk-partileri-siralamasinda-ilk-5te-yer-alan-bir-siyasi-kurulusuz\\\/#primaryimage\",\"url\":\"https:\\\/\\\/haberkuzey.com\\\/wp-content\\\/uploads\\\/2025\\\/02\\\/109481-scaled.jpg\",\"contentUrl\":\"https:\\\/\\\/haberkuzey.com\\\/wp-content\\\/uploads\\\/2025\\\/02\\\/109481-scaled.jpg\",\"width\":2560,\"height\":1811},{\"@type\":\"BreadcrumbList\",\"@id\":\"https:\\\/\\\/haberkuzey.com\\\/index.php\\\/2025\\\/02\\\/23\\\/erdogan-uye-sayisiyla-dunyanin-en-buyuk-partileri-siralamasinda-ilk-5te-yer-alan-bir-siyasi-kurulusuz\\\/#breadcrumb\",\"itemListElement\":[{\"@type\":\"ListItem\",\"position\":1,\"name\":\"Anasayfa\",\"item\":\"https:\\\/\\\/haberkuzey.com\\\/\"},{\"@type\":\"ListItem\",\"position\":2,\"name\":\"Erdo\u011fan: \u00dcye say\u0131s\u0131yla d\u00fcnyan\u0131n en b\u00fcy\u00fck partileri s\u0131ralamas\u0131nda ilk 5\u2019te yer alan bir siyasi kurulu\u015fuz\"}]},{\"@type\":\"WebSite\",\"@id\":\"https:\\\/\\\/haberkuzey.com\\\/#website\",\"url\":\"https:\\\/\\\/haberkuzey.com\\\/\",\"name\":\"Haber Kuzey\",\"description\":\"Do\u011fru Haberin Adresi\",\"potentialAction\":[{\"@type\":\"SearchAction\",\"target\":{\"@type\":\"EntryPoint\",\"urlTemplate\":\"https:\\\/\\\/haberkuzey.com\\\/?s={search_term_string}\"},\"query-input\":{\"@type\":\"PropertyValueSpecification\",\"valueRequired\":true,\"valueName\":\"search_term_string\"}}],\"inLanguage\":\"tr\"},{\"@type\":\"Person\",\"@id\":\"https:\\\/\\\/haberkuzey.com\\\/#\\\/schema\\\/person\\\/3372109ec735f9333f4fa47ebb9605ca\",\"name\":\"haberkuzey\",\"image\":{\"@type\":\"ImageObject\",\"inLanguage\":\"tr\",\"@id\":\"https:\\\/\\\/secure.gravatar.com\\\/avatar\\\/f5fc875574b1575324358c3b9e6a32b8227aa5b74f3fa22e3cadb63e26fcc39c?s=96&d=mm&r=g\",\"url\":\"https:\\\/\\\/secure.gravatar.com\\\/avatar\\\/f5fc875574b1575324358c3b9e6a32b8227aa5b74f3fa22e3cadb63e26fcc39c?s=96&d=mm&r=g\",\"contentUrl\":\"https:\\\/\\\/secure.gravatar.com\\\/avatar\\\/f5fc875574b1575324358c3b9e6a32b8227aa5b74f3fa22e3cadb63e26fcc39c?s=96&d=mm&r=g\",\"caption\":\"haberkuzey\"},\"sameAs\":[\"https:\\\/\\\/haberkuzey.com\"],\"url\":\"https:\\\/\\\/haberkuzey.com\\\/index.php\\\/author\\\/haberkuzey\\\/\"}]}<\/script>\n<!-- \/ Yoast SEO plugin. -->","yoast_head_json":{"title":"Erdo\u011fan: \u00dcye say\u0131s\u0131yla d\u00fcnyan\u0131n en b\u00fcy\u00fck partileri s\u0131ralamas\u0131nda ilk 5\u2019te yer alan bir siyasi kurulu\u015fuz - Haber Kuzey","robots":{"index":"index","follow":"follow","max-snippet":"max-snippet:-1","max-image-preview":"max-image-preview:large","max-video-preview":"max-video-preview:-1"},"canonical":"https:\/\/haberkuzey.com\/index.php\/2025\/02\/23\/erdogan-uye-sayisiyla-dunyanin-en-buyuk-partileri-siralamasinda-ilk-5te-yer-alan-bir-siyasi-kurulusuz\/","og_locale":"tr_TR","og_type":"article","og_title":"Erdo\u011fan: \u00dcye say\u0131s\u0131yla d\u00fcnyan\u0131n en b\u00fcy\u00fck partileri s\u0131ralamas\u0131nda ilk 5\u2019te yer alan bir siyasi kurulu\u015fuz - Haber Kuzey","og_description":"AK Parti 8\u2019inci Ola\u011fan B\u00fcy\u00fck Kongresi Ankara\u2019da yap\u0131l\u0131yor. Ankara Spor Salonu\u2019nda bug\u00fcn 10.00 itibar\u0131yla ba\u015flayan Kongre\u2019ye T\u00fcrkiye Cumhurba\u015fkan\u0131 ve AK Parti Genel Ba\u015fkan\u0131 Recep Tayyip Erdo\u011fan kat\u0131larak, partililere hitap etti. Kongreye, Cumhurba\u015fkan\u0131 Ersin Tatar ve KKTC\u2019nin Ankara B\u00fcy\u00fckel\u00e7isi \u0130smet Koruko\u011flu, 18 \u00fclkeden 22 siyasi parti temsilcisi, 62 b\u00fcy\u00fckel\u00e7i, 34 misyon temsilcisi, \u0130slam \u0130\u015fbirli\u011fi Gen\u00e7lik Forumu, [&hellip;]","og_url":"https:\/\/haberkuzey.com\/index.php\/2025\/02\/23\/erdogan-uye-sayisiyla-dunyanin-en-buyuk-partileri-siralamasinda-ilk-5te-yer-alan-bir-siyasi-kurulusuz\/","og_site_name":"Haber Kuzey","article_published_time":"2025-02-23T13:16:10+00:00","og_image":[{"url":"https:\/\/brtk.net\/wp-content\/uploads\/2025\/02\/23\/109481-scaled.jpg?ver=f7c827ee216249b67439b9fdedc06142","type":"","width":"","height":""}],"author":"haberkuzey","twitter_card":"summary_large_image","twitter_misc":{"Yazan:":"haberkuzey","Tahmini okuma s\u00fcresi":"15 dakika"},"schema":{"@context":"https:\/\/schema.org","@graph":[{"@type":"Article","@id":"https:\/\/haberkuzey.com\/index.php\/2025\/02\/23\/erdogan-uye-sayisiyla-dunyanin-en-buyuk-partileri-siralamasinda-ilk-5te-yer-alan-bir-siyasi-kurulusuz\/#article","isPartOf":{"@id":"https:\/\/haberkuzey.com\/index.php\/2025\/02\/23\/erdogan-uye-sayisiyla-dunyanin-en-buyuk-partileri-siralamasinda-ilk-5te-yer-alan-bir-siyasi-kurulusuz\/"},"author":{"name":"haberkuzey","@id":"https:\/\/haberkuzey.com\/#\/schema\/person\/3372109ec735f9333f4fa47ebb9605ca"},"headline":"Erdo\u011fan: \u00dcye say\u0131s\u0131yla d\u00fcnyan\u0131n en b\u00fcy\u00fck partileri s\u0131ralamas\u0131nda ilk 5\u2019te yer alan bir siyasi kurulu\u015fuz","datePublished":"2025-02-23T13:16:10+00:00","mainEntityOfPage":{"@id":"https:\/\/haberkuzey.com\/index.php\/2025\/02\/23\/erdogan-uye-sayisiyla-dunyanin-en-buyuk-partileri-siralamasinda-ilk-5te-yer-alan-bir-siyasi-kurulusuz\/"},"wordCount":3027,"commentCount":0,"image":{"@id":"https:\/\/haberkuzey.com\/index.php\/2025\/02\/23\/erdogan-uye-sayisiyla-dunyanin-en-buyuk-partileri-siralamasinda-ilk-5te-yer-alan-bir-siyasi-kurulusuz\/#primaryimage"},"thumbnailUrl":"https:\/\/haberkuzey.com\/wp-content\/uploads\/2025\/02\/109481-scaled.jpg","articleSection":["D\u00fcnya"],"inLanguage":"tr","potentialAction":[{"@type":"CommentAction","name":"Comment","target":["https:\/\/haberkuzey.com\/index.php\/2025\/02\/23\/erdogan-uye-sayisiyla-dunyanin-en-buyuk-partileri-siralamasinda-ilk-5te-yer-alan-bir-siyasi-kurulusuz\/#respond"]}]},{"@type":"WebPage","@id":"https:\/\/haberkuzey.com\/index.php\/2025\/02\/23\/erdogan-uye-sayisiyla-dunyanin-en-buyuk-partileri-siralamasinda-ilk-5te-yer-alan-bir-siyasi-kurulusuz\/","url":"https:\/\/haberkuzey.com\/index.php\/2025\/02\/23\/erdogan-uye-sayisiyla-dunyanin-en-buyuk-partileri-siralamasinda-ilk-5te-yer-alan-bir-siyasi-kurulusuz\/","name":"Erdo\u011fan: \u00dcye say\u0131s\u0131yla d\u00fcnyan\u0131n en b\u00fcy\u00fck partileri s\u0131ralamas\u0131nda ilk 5\u2019te yer alan bir siyasi kurulu\u015fuz - Haber Kuzey","isPartOf":{"@id":"https:\/\/haberkuzey.com\/#website"},"primaryImageOfPage":{"@id":"https:\/\/haberkuzey.com\/index.php\/2025\/02\/23\/erdogan-uye-sayisiyla-dunyanin-en-buyuk-partileri-siralamasinda-ilk-5te-yer-alan-bir-siyasi-kurulusuz\/#primaryimage"},"image":{"@id":"https:\/\/haberkuzey.com\/index.php\/2025\/02\/23\/erdogan-uye-sayisiyla-dunyanin-en-buyuk-partileri-siralamasinda-ilk-5te-yer-alan-bir-siyasi-kurulusuz\/#primaryimage"},"thumbnailUrl":"https:\/\/haberkuzey.com\/wp-content\/uploads\/2025\/02\/109481-scaled.jpg","datePublished":"2025-02-23T13:16:10+00:00","author":{"@id":"https:\/\/haberkuzey.com\/#\/schema\/person\/3372109ec735f9333f4fa47ebb9605ca"},"breadcrumb":{"@id":"https:\/\/haberkuzey.com\/index.php\/2025\/02\/23\/erdogan-uye-sayisiyla-dunyanin-en-buyuk-partileri-siralamasinda-ilk-5te-yer-alan-bir-siyasi-kurulusuz\/#breadcrumb"},"inLanguage":"tr","potentialAction":[{"@type":"ReadAction","target":["https:\/\/haberkuzey.com\/index.php\/2025\/02\/23\/erdogan-uye-sayisiyla-dunyanin-en-buyuk-partileri-siralamasinda-ilk-5te-yer-alan-bir-siyasi-kurulusuz\/"]}]},{"@type":"ImageObject","inLanguage":"tr","@id":"https:\/\/haberkuzey.com\/index.php\/2025\/02\/23\/erdogan-uye-sayisiyla-dunyanin-en-buyuk-partileri-siralamasinda-ilk-5te-yer-alan-bir-siyasi-kurulusuz\/#primaryimage","url":"https:\/\/haberkuzey.com\/wp-content\/uploads\/2025\/02\/109481-scaled.jpg","contentUrl":"https:\/\/haberkuzey.com\/wp-content\/uploads\/2025\/02\/109481-scaled.jpg","width":2560,"height":1811},{"@type":"BreadcrumbList","@id":"https:\/\/haberkuzey.com\/index.php\/2025\/02\/23\/erdogan-uye-sayisiyla-dunyanin-en-buyuk-partileri-siralamasinda-ilk-5te-yer-alan-bir-siyasi-kurulusuz\/#breadcrumb","itemListElement":[{"@type":"ListItem","position":1,"name":"Anasayfa","item":"https:\/\/haberkuzey.com\/"},{"@type":"ListItem","position":2,"name":"Erdo\u011fan: \u00dcye say\u0131s\u0131yla d\u00fcnyan\u0131n en b\u00fcy\u00fck partileri s\u0131ralamas\u0131nda ilk 5\u2019te yer alan bir siyasi kurulu\u015fuz"}]},{"@type":"WebSite","@id":"https:\/\/haberkuzey.com\/#website","url":"https:\/\/haberkuzey.com\/","name":"Haber Kuzey","description":"Do\u011fru Haberin Adresi","potentialAction":[{"@type":"SearchAction","target":{"@type":"EntryPoint","urlTemplate":"https:\/\/haberkuzey.com\/?s={search_term_string}"},"query-input":{"@type":"PropertyValueSpecification","valueRequired":true,"valueName":"search_term_string"}}],"inLanguage":"tr"},{"@type":"Person","@id":"https:\/\/haberkuzey.com\/#\/schema\/person\/3372109ec735f9333f4fa47ebb9605ca","name":"haberkuzey","image":{"@type":"ImageObject","inLanguage":"tr","@id":"https:\/\/secure.gravatar.com\/avatar\/f5fc875574b1575324358c3b9e6a32b8227aa5b74f3fa22e3cadb63e26fcc39c?s=96&d=mm&r=g","url":"https:\/\/secure.gravatar.com\/avatar\/f5fc875574b1575324358c3b9e6a32b8227aa5b74f3fa22e3cadb63e26fcc39c?s=96&d=mm&r=g","contentUrl":"https:\/\/secure.gravatar.com\/avatar\/f5fc875574b1575324358c3b9e6a32b8227aa5b74f3fa22e3cadb63e26fcc39c?s=96&d=mm&r=g","caption":"haberkuzey"},"sameAs":["https:\/\/haberkuzey.com"],"url":"https:\/\/haberkuzey.com\/index.php\/author\/haberkuzey\/"}]}},"_links":{"self":[{"href":"https:\/\/haberkuzey.com\/index.php\/wp-json\/wp\/v2\/posts\/18644","targetHints":{"allow":["GET"]}}],"collection":[{"href":"https:\/\/haberkuzey.com\/index.php\/wp-json\/wp\/v2\/posts"}],"about":[{"href":"https:\/\/haberkuzey.com\/index.php\/wp-json\/wp\/v2\/types\/post"}],"author":[{"embeddable":true,"href":"https:\/\/haberkuzey.com\/index.php\/wp-json\/wp\/v2\/users\/1"}],"replies":[{"embeddable":true,"href":"https:\/\/haberkuzey.com\/index.php\/wp-json\/wp\/v2\/comments?post=18644"}],"version-history":[{"count":0,"href":"https:\/\/haberkuzey.com\/index.php\/wp-json\/wp\/v2\/posts\/18644\/revisions"}],"wp:featuredmedia":[{"embeddable":true,"href":"https:\/\/haberkuzey.com\/index.php\/wp-json\/wp\/v2\/media\/18645"}],"wp:attachment":[{"href":"https:\/\/haberkuzey.com\/index.php\/wp-json\/wp\/v2\/media?parent=18644"}],"wp:term":[{"taxonomy":"category","embeddable":true,"href":"https:\/\/haberkuzey.com\/index.php\/wp-json\/wp\/v2\/categories?post=18644"},{"taxonomy":"post_tag","embeddable":true,"href":"https:\/\/haberkuzey.com\/index.php\/wp-json\/wp\/v2\/tags?post=18644"}],"curies":[{"name":"wp","href":"https:\/\/api.w.org\/{rel}","templated":true}]}}