{"id":18642,"date":"2025-02-23T15:04:42","date_gmt":"2025-02-23T13:04:42","guid":{"rendered":"https:\/\/haberkuzey.com\/index.php\/2025\/02\/23\/ak-parti-8-olagan-buyuk-kongresi-gerceklestiriliyor\/"},"modified":"2025-02-23T15:04:42","modified_gmt":"2025-02-23T13:04:42","slug":"ak-parti-8-olagan-buyuk-kongresi-gerceklestiriliyor","status":"publish","type":"post","link":"https:\/\/haberkuzey.com\/index.php\/2025\/02\/23\/ak-parti-8-olagan-buyuk-kongresi-gerceklestiriliyor\/","title":{"rendered":"AK Parti, 8. Ola\u011fan B\u00fcy\u00fck Kongresi ger\u00e7ekle\u015ftiriliyor"},"content":{"rendered":"<div>\n<div class=\"mariselle-image-container center\">\n                                            <\/div>\n<p>AK Parti\u2019nin 8. Ola\u011fan B\u00fcy\u00fck Kongresi yap\u0131l\u0131yor.<\/p>\n<p>Ankara Spor Salonu\u2019ndaki kongreye Cumhurba\u015fkan\u0131 Ersin Tatar ve Ba\u015fbakan \u00dcnal \u00dcstel de kat\u0131l\u0131yor.<\/p>\n<p>Ankara Spor Salonu\u2019nda \u201cAd\u0131nda AK, I\u015f\u0131\u011f\u0131nda \u0130stikbal\u201d ana slogan\u0131 ile ger\u00e7ekle\u015ftirilen kongrede, bin 607 delegenin oy kullanmas\u0131 bekleniyor. <\/p>\n<p>T\u00fcrkiye Cumhurba\u015fkan\u0131 Recep Tayyip Erdo\u011fan, kongre alan\u0131na giri\u015finde, kavgas\u0131z ve \u015faibesiz \u015fekilde T\u00fcrk halk\u0131n\u0131n kar\u015f\u0131s\u0131nda olduklar\u0131n\u0131 dile getirerek, yenilenmi\u015f, soluklanm\u0131\u015f ve g\u00fc\u00e7 toplam\u0131\u015f olarak yeni bir d\u00f6neme girilece\u011fini belirtti.<\/p>\n<p>Bu arada Cumhurba\u015fkan\u0131 Ersin Tatar ve Ba\u015fbakan \u00dcnal \u00dcstel de AK Parti 8. Ola\u011fan B\u00fcy\u00fck Kongresi\u2019ne kat\u0131lmak \u00fczere Ankara\u2019ya gitti.<\/p>\n<\/p><\/div>\n<p><script async\n                    defer\n                    crossorigin=\"anonymous\"\n                    src=\"https:\/\/connect.facebook.net\/tr_TR\/sdk.js#xfbml=1&#038;version=v3.3\"\n            ><\/script><\/p>\n","protected":false},"excerpt":{"rendered":"<p>AK Parti\u2019nin 8. Ola\u011fan B\u00fcy\u00fck Kongresi yap\u0131l\u0131yor. Ankara Spor Salonu\u2019ndaki kongreye Cumhurba\u015fkan\u0131 Ersin Tatar ve Ba\u015fbakan \u00dcnal \u00dcstel de kat\u0131l\u0131yor. Ankara Spor Salonu\u2019nda \u201cAd\u0131nda AK, I\u015f\u0131\u011f\u0131nda \u0130stikbal\u201d ana slogan\u0131 ile ger\u00e7ekle\u015ftirilen kongrede, bin 607 delegenin oy kullanmas\u0131 bekleniyor. T\u00fcrkiye Cumhurba\u015fkan\u0131 Recep Tayyip Erdo\u011fan, kongre alan\u0131na giri\u015finde, kavgas\u0131z ve \u015faibesiz \u015fekilde T\u00fcrk halk\u0131n\u0131n kar\u015f\u0131s\u0131nda olduklar\u0131n\u0131 dile [&hellip;]<\/p>\n","protected":false},"author":1,"featured_media":18643,"comment_status":"open","ping_status":"open","sticky":false,"template":"","format":"standard","meta":{"jnews-multi-image_gallery":[],"jnews_single_post":[],"jnews_primary_category":[],"footnotes":""},"categories":[2],"tags":[],"class_list":["post-18642","post","type-post","status-publish","format-standard","has-post-thumbnail","hentry","category-dunya"],"yoast_head":"<!-- This site is optimized with the Yoast SEO plugin v27.5 - https:\/\/yoast.com\/product\/yoast-seo-wordpress\/ -->\n<title>AK Parti, 8. Ola\u011fan B\u00fcy\u00fck Kongresi ger\u00e7ekle\u015ftiriliyor - Haber Kuzey<\/title>\n<meta name=\"robots\" content=\"index, follow, max-snippet:-1, max-image-preview:large, max-video-preview:-1\" \/>\n<link rel=\"canonical\" href=\"https:\/\/haberkuzey.com\/index.php\/2025\/02\/23\/ak-parti-8-olagan-buyuk-kongresi-gerceklestiriliyor\/\" \/>\n<meta property=\"og:locale\" content=\"tr_TR\" \/>\n<meta property=\"og:type\" content=\"article\" \/>\n<meta property=\"og:title\" content=\"AK Parti, 8. Ola\u011fan B\u00fcy\u00fck Kongresi ger\u00e7ekle\u015ftiriliyor - Haber Kuzey\" \/>\n<meta property=\"og:description\" content=\"AK Parti\u2019nin 8. Ola\u011fan B\u00fcy\u00fck Kongresi yap\u0131l\u0131yor. Ankara Spor Salonu\u2019ndaki kongreye Cumhurba\u015fkan\u0131 Ersin Tatar ve Ba\u015fbakan \u00dcnal \u00dcstel de kat\u0131l\u0131yor. Ankara Spor Salonu\u2019nda \u201cAd\u0131nda AK, I\u015f\u0131\u011f\u0131nda \u0130stikbal\u201d ana slogan\u0131 ile ger\u00e7ekle\u015ftirilen kongrede, bin 607 delegenin oy kullanmas\u0131 bekleniyor. T\u00fcrkiye Cumhurba\u015fkan\u0131 Recep Tayyip Erdo\u011fan, kongre alan\u0131na giri\u015finde, kavgas\u0131z ve \u015faibesiz \u015fekilde T\u00fcrk halk\u0131n\u0131n kar\u015f\u0131s\u0131nda olduklar\u0131n\u0131 dile [&hellip;]\" \/>\n<meta property=\"og:url\" content=\"https:\/\/haberkuzey.com\/index.php\/2025\/02\/23\/ak-parti-8-olagan-buyuk-kongresi-gerceklestiriliyor\/\" \/>\n<meta property=\"og:site_name\" content=\"Haber Kuzey\" \/>\n<meta property=\"article:published_time\" content=\"2025-02-23T13:04:42+00:00\" \/>\n<meta property=\"og:image\" content=\"https:\/\/brtk.net\/wp-content\/uploads\/2025\/02\/23\/thumbs_b_c_a5976a9553d7e3eb8bad922664d3aea7.jpg?ver=f14d08c6b671fa836ff8f6afcdd9e573\" \/>\n<meta name=\"author\" content=\"haberkuzey\" \/>\n<meta name=\"twitter:card\" content=\"summary_large_image\" \/>\n<meta name=\"twitter:label1\" content=\"Yazan:\" \/>\n\t<meta name=\"twitter:data1\" content=\"haberkuzey\" \/>\n\t<meta name=\"twitter:label2\" content=\"Tahmini okuma s\u00fcresi\" \/>\n\t<meta name=\"twitter:data2\" content=\"1 dakika\" \/>\n<script type=\"application\/ld+json\" class=\"yoast-schema-graph\">{\"@context\":\"https:\\\/\\\/schema.org\",\"@graph\":[{\"@type\":\"Article\",\"@id\":\"https:\\\/\\\/haberkuzey.com\\\/index.php\\\/2025\\\/02\\\/23\\\/ak-parti-8-olagan-buyuk-kongresi-gerceklestiriliyor\\\/#article\",\"isPartOf\":{\"@id\":\"https:\\\/\\\/haberkuzey.com\\\/index.php\\\/2025\\\/02\\\/23\\\/ak-parti-8-olagan-buyuk-kongresi-gerceklestiriliyor\\\/\"},\"author\":{\"name\":\"haberkuzey\",\"@id\":\"https:\\\/\\\/haberkuzey.com\\\/#\\\/schema\\\/person\\\/3372109ec735f9333f4fa47ebb9605ca\"},\"headline\":\"AK Parti, 8. Ola\u011fan B\u00fcy\u00fck Kongresi ger\u00e7ekle\u015ftiriliyor\",\"datePublished\":\"2025-02-23T13:04:42+00:00\",\"mainEntityOfPage\":{\"@id\":\"https:\\\/\\\/haberkuzey.com\\\/index.php\\\/2025\\\/02\\\/23\\\/ak-parti-8-olagan-buyuk-kongresi-gerceklestiriliyor\\\/\"},\"wordCount\":133,\"commentCount\":0,\"image\":{\"@id\":\"https:\\\/\\\/haberkuzey.com\\\/index.php\\\/2025\\\/02\\\/23\\\/ak-parti-8-olagan-buyuk-kongresi-gerceklestiriliyor\\\/#primaryimage\"},\"thumbnailUrl\":\"https:\\\/\\\/haberkuzey.com\\\/wp-content\\\/uploads\\\/2025\\\/02\\\/thumbs_b_c_a5976a9553d7e3eb8bad922664d3aea7.jpg\",\"articleSection\":[\"D\u00fcnya\"],\"inLanguage\":\"tr\",\"potentialAction\":[{\"@type\":\"CommentAction\",\"name\":\"Comment\",\"target\":[\"https:\\\/\\\/haberkuzey.com\\\/index.php\\\/2025\\\/02\\\/23\\\/ak-parti-8-olagan-buyuk-kongresi-gerceklestiriliyor\\\/#respond\"]}]},{\"@type\":\"WebPage\",\"@id\":\"https:\\\/\\\/haberkuzey.com\\\/index.php\\\/2025\\\/02\\\/23\\\/ak-parti-8-olagan-buyuk-kongresi-gerceklestiriliyor\\\/\",\"url\":\"https:\\\/\\\/haberkuzey.com\\\/index.php\\\/2025\\\/02\\\/23\\\/ak-parti-8-olagan-buyuk-kongresi-gerceklestiriliyor\\\/\",\"name\":\"AK Parti, 8. Ola\u011fan B\u00fcy\u00fck Kongresi ger\u00e7ekle\u015ftiriliyor - Haber Kuzey\",\"isPartOf\":{\"@id\":\"https:\\\/\\\/haberkuzey.com\\\/#website\"},\"primaryImageOfPage\":{\"@id\":\"https:\\\/\\\/haberkuzey.com\\\/index.php\\\/2025\\\/02\\\/23\\\/ak-parti-8-olagan-buyuk-kongresi-gerceklestiriliyor\\\/#primaryimage\"},\"image\":{\"@id\":\"https:\\\/\\\/haberkuzey.com\\\/index.php\\\/2025\\\/02\\\/23\\\/ak-parti-8-olagan-buyuk-kongresi-gerceklestiriliyor\\\/#primaryimage\"},\"thumbnailUrl\":\"https:\\\/\\\/haberkuzey.com\\\/wp-content\\\/uploads\\\/2025\\\/02\\\/thumbs_b_c_a5976a9553d7e3eb8bad922664d3aea7.jpg\",\"datePublished\":\"2025-02-23T13:04:42+00:00\",\"author\":{\"@id\":\"https:\\\/\\\/haberkuzey.com\\\/#\\\/schema\\\/person\\\/3372109ec735f9333f4fa47ebb9605ca\"},\"breadcrumb\":{\"@id\":\"https:\\\/\\\/haberkuzey.com\\\/index.php\\\/2025\\\/02\\\/23\\\/ak-parti-8-olagan-buyuk-kongresi-gerceklestiriliyor\\\/#breadcrumb\"},\"inLanguage\":\"tr\",\"potentialAction\":[{\"@type\":\"ReadAction\",\"target\":[\"https:\\\/\\\/haberkuzey.com\\\/index.php\\\/2025\\\/02\\\/23\\\/ak-parti-8-olagan-buyuk-kongresi-gerceklestiriliyor\\\/\"]}]},{\"@type\":\"ImageObject\",\"inLanguage\":\"tr\",\"@id\":\"https:\\\/\\\/haberkuzey.com\\\/index.php\\\/2025\\\/02\\\/23\\\/ak-parti-8-olagan-buyuk-kongresi-gerceklestiriliyor\\\/#primaryimage\",\"url\":\"https:\\\/\\\/haberkuzey.com\\\/wp-content\\\/uploads\\\/2025\\\/02\\\/thumbs_b_c_a5976a9553d7e3eb8bad922664d3aea7.jpg\",\"contentUrl\":\"https:\\\/\\\/haberkuzey.com\\\/wp-content\\\/uploads\\\/2025\\\/02\\\/thumbs_b_c_a5976a9553d7e3eb8bad922664d3aea7.jpg\",\"width\":864,\"height\":486},{\"@type\":\"BreadcrumbList\",\"@id\":\"https:\\\/\\\/haberkuzey.com\\\/index.php\\\/2025\\\/02\\\/23\\\/ak-parti-8-olagan-buyuk-kongresi-gerceklestiriliyor\\\/#breadcrumb\",\"itemListElement\":[{\"@type\":\"ListItem\",\"position\":1,\"name\":\"Anasayfa\",\"item\":\"https:\\\/\\\/haberkuzey.com\\\/\"},{\"@type\":\"ListItem\",\"position\":2,\"name\":\"AK Parti, 8. Ola\u011fan B\u00fcy\u00fck Kongresi ger\u00e7ekle\u015ftiriliyor\"}]},{\"@type\":\"WebSite\",\"@id\":\"https:\\\/\\\/haberkuzey.com\\\/#website\",\"url\":\"https:\\\/\\\/haberkuzey.com\\\/\",\"name\":\"Haber Kuzey\",\"description\":\"Do\u011fru Haberin Adresi\",\"potentialAction\":[{\"@type\":\"SearchAction\",\"target\":{\"@type\":\"EntryPoint\",\"urlTemplate\":\"https:\\\/\\\/haberkuzey.com\\\/?s={search_term_string}\"},\"query-input\":{\"@type\":\"PropertyValueSpecification\",\"valueRequired\":true,\"valueName\":\"search_term_string\"}}],\"inLanguage\":\"tr\"},{\"@type\":\"Person\",\"@id\":\"https:\\\/\\\/haberkuzey.com\\\/#\\\/schema\\\/person\\\/3372109ec735f9333f4fa47ebb9605ca\",\"name\":\"haberkuzey\",\"image\":{\"@type\":\"ImageObject\",\"inLanguage\":\"tr\",\"@id\":\"https:\\\/\\\/secure.gravatar.com\\\/avatar\\\/f5fc875574b1575324358c3b9e6a32b8227aa5b74f3fa22e3cadb63e26fcc39c?s=96&d=mm&r=g\",\"url\":\"https:\\\/\\\/secure.gravatar.com\\\/avatar\\\/f5fc875574b1575324358c3b9e6a32b8227aa5b74f3fa22e3cadb63e26fcc39c?s=96&d=mm&r=g\",\"contentUrl\":\"https:\\\/\\\/secure.gravatar.com\\\/avatar\\\/f5fc875574b1575324358c3b9e6a32b8227aa5b74f3fa22e3cadb63e26fcc39c?s=96&d=mm&r=g\",\"caption\":\"haberkuzey\"},\"sameAs\":[\"https:\\\/\\\/haberkuzey.com\"],\"url\":\"https:\\\/\\\/haberkuzey.com\\\/index.php\\\/author\\\/haberkuzey\\\/\"}]}<\/script>\n<!-- \/ Yoast SEO plugin. -->","yoast_head_json":{"title":"AK Parti, 8. Ola\u011fan B\u00fcy\u00fck Kongresi ger\u00e7ekle\u015ftiriliyor - Haber Kuzey","robots":{"index":"index","follow":"follow","max-snippet":"max-snippet:-1","max-image-preview":"max-image-preview:large","max-video-preview":"max-video-preview:-1"},"canonical":"https:\/\/haberkuzey.com\/index.php\/2025\/02\/23\/ak-parti-8-olagan-buyuk-kongresi-gerceklestiriliyor\/","og_locale":"tr_TR","og_type":"article","og_title":"AK Parti, 8. Ola\u011fan B\u00fcy\u00fck Kongresi ger\u00e7ekle\u015ftiriliyor - Haber Kuzey","og_description":"AK Parti\u2019nin 8. Ola\u011fan B\u00fcy\u00fck Kongresi yap\u0131l\u0131yor. Ankara Spor Salonu\u2019ndaki kongreye Cumhurba\u015fkan\u0131 Ersin Tatar ve Ba\u015fbakan \u00dcnal \u00dcstel de kat\u0131l\u0131yor. Ankara Spor Salonu\u2019nda \u201cAd\u0131nda AK, I\u015f\u0131\u011f\u0131nda \u0130stikbal\u201d ana slogan\u0131 ile ger\u00e7ekle\u015ftirilen kongrede, bin 607 delegenin oy kullanmas\u0131 bekleniyor. T\u00fcrkiye Cumhurba\u015fkan\u0131 Recep Tayyip Erdo\u011fan, kongre alan\u0131na giri\u015finde, kavgas\u0131z ve \u015faibesiz \u015fekilde T\u00fcrk halk\u0131n\u0131n kar\u015f\u0131s\u0131nda olduklar\u0131n\u0131 dile [&hellip;]","og_url":"https:\/\/haberkuzey.com\/index.php\/2025\/02\/23\/ak-parti-8-olagan-buyuk-kongresi-gerceklestiriliyor\/","og_site_name":"Haber Kuzey","article_published_time":"2025-02-23T13:04:42+00:00","og_image":[{"url":"https:\/\/brtk.net\/wp-content\/uploads\/2025\/02\/23\/thumbs_b_c_a5976a9553d7e3eb8bad922664d3aea7.jpg?ver=f14d08c6b671fa836ff8f6afcdd9e573","type":"","width":"","height":""}],"author":"haberkuzey","twitter_card":"summary_large_image","twitter_misc":{"Yazan:":"haberkuzey","Tahmini okuma s\u00fcresi":"1 dakika"},"schema":{"@context":"https:\/\/schema.org","@graph":[{"@type":"Article","@id":"https:\/\/haberkuzey.com\/index.php\/2025\/02\/23\/ak-parti-8-olagan-buyuk-kongresi-gerceklestiriliyor\/#article","isPartOf":{"@id":"https:\/\/haberkuzey.com\/index.php\/2025\/02\/23\/ak-parti-8-olagan-buyuk-kongresi-gerceklestiriliyor\/"},"author":{"name":"haberkuzey","@id":"https:\/\/haberkuzey.com\/#\/schema\/person\/3372109ec735f9333f4fa47ebb9605ca"},"headline":"AK Parti, 8. Ola\u011fan B\u00fcy\u00fck Kongresi ger\u00e7ekle\u015ftiriliyor","datePublished":"2025-02-23T13:04:42+00:00","mainEntityOfPage":{"@id":"https:\/\/haberkuzey.com\/index.php\/2025\/02\/23\/ak-parti-8-olagan-buyuk-kongresi-gerceklestiriliyor\/"},"wordCount":133,"commentCount":0,"image":{"@id":"https:\/\/haberkuzey.com\/index.php\/2025\/02\/23\/ak-parti-8-olagan-buyuk-kongresi-gerceklestiriliyor\/#primaryimage"},"thumbnailUrl":"https:\/\/haberkuzey.com\/wp-content\/uploads\/2025\/02\/thumbs_b_c_a5976a9553d7e3eb8bad922664d3aea7.jpg","articleSection":["D\u00fcnya"],"inLanguage":"tr","potentialAction":[{"@type":"CommentAction","name":"Comment","target":["https:\/\/haberkuzey.com\/index.php\/2025\/02\/23\/ak-parti-8-olagan-buyuk-kongresi-gerceklestiriliyor\/#respond"]}]},{"@type":"WebPage","@id":"https:\/\/haberkuzey.com\/index.php\/2025\/02\/23\/ak-parti-8-olagan-buyuk-kongresi-gerceklestiriliyor\/","url":"https:\/\/haberkuzey.com\/index.php\/2025\/02\/23\/ak-parti-8-olagan-buyuk-kongresi-gerceklestiriliyor\/","name":"AK Parti, 8. Ola\u011fan B\u00fcy\u00fck Kongresi ger\u00e7ekle\u015ftiriliyor - Haber Kuzey","isPartOf":{"@id":"https:\/\/haberkuzey.com\/#website"},"primaryImageOfPage":{"@id":"https:\/\/haberkuzey.com\/index.php\/2025\/02\/23\/ak-parti-8-olagan-buyuk-kongresi-gerceklestiriliyor\/#primaryimage"},"image":{"@id":"https:\/\/haberkuzey.com\/index.php\/2025\/02\/23\/ak-parti-8-olagan-buyuk-kongresi-gerceklestiriliyor\/#primaryimage"},"thumbnailUrl":"https:\/\/haberkuzey.com\/wp-content\/uploads\/2025\/02\/thumbs_b_c_a5976a9553d7e3eb8bad922664d3aea7.jpg","datePublished":"2025-02-23T13:04:42+00:00","author":{"@id":"https:\/\/haberkuzey.com\/#\/schema\/person\/3372109ec735f9333f4fa47ebb9605ca"},"breadcrumb":{"@id":"https:\/\/haberkuzey.com\/index.php\/2025\/02\/23\/ak-parti-8-olagan-buyuk-kongresi-gerceklestiriliyor\/#breadcrumb"},"inLanguage":"tr","potentialAction":[{"@type":"ReadAction","target":["https:\/\/haberkuzey.com\/index.php\/2025\/02\/23\/ak-parti-8-olagan-buyuk-kongresi-gerceklestiriliyor\/"]}]},{"@type":"ImageObject","inLanguage":"tr","@id":"https:\/\/haberkuzey.com\/index.php\/2025\/02\/23\/ak-parti-8-olagan-buyuk-kongresi-gerceklestiriliyor\/#primaryimage","url":"https:\/\/haberkuzey.com\/wp-content\/uploads\/2025\/02\/thumbs_b_c_a5976a9553d7e3eb8bad922664d3aea7.jpg","contentUrl":"https:\/\/haberkuzey.com\/wp-content\/uploads\/2025\/02\/thumbs_b_c_a5976a9553d7e3eb8bad922664d3aea7.jpg","width":864,"height":486},{"@type":"BreadcrumbList","@id":"https:\/\/haberkuzey.com\/index.php\/2025\/02\/23\/ak-parti-8-olagan-buyuk-kongresi-gerceklestiriliyor\/#breadcrumb","itemListElement":[{"@type":"ListItem","position":1,"name":"Anasayfa","item":"https:\/\/haberkuzey.com\/"},{"@type":"ListItem","position":2,"name":"AK Parti, 8. Ola\u011fan B\u00fcy\u00fck Kongresi ger\u00e7ekle\u015ftiriliyor"}]},{"@type":"WebSite","@id":"https:\/\/haberkuzey.com\/#website","url":"https:\/\/haberkuzey.com\/","name":"Haber Kuzey","description":"Do\u011fru Haberin Adresi","potentialAction":[{"@type":"SearchAction","target":{"@type":"EntryPoint","urlTemplate":"https:\/\/haberkuzey.com\/?s={search_term_string}"},"query-input":{"@type":"PropertyValueSpecification","valueRequired":true,"valueName":"search_term_string"}}],"inLanguage":"tr"},{"@type":"Person","@id":"https:\/\/haberkuzey.com\/#\/schema\/person\/3372109ec735f9333f4fa47ebb9605ca","name":"haberkuzey","image":{"@type":"ImageObject","inLanguage":"tr","@id":"https:\/\/secure.gravatar.com\/avatar\/f5fc875574b1575324358c3b9e6a32b8227aa5b74f3fa22e3cadb63e26fcc39c?s=96&d=mm&r=g","url":"https:\/\/secure.gravatar.com\/avatar\/f5fc875574b1575324358c3b9e6a32b8227aa5b74f3fa22e3cadb63e26fcc39c?s=96&d=mm&r=g","contentUrl":"https:\/\/secure.gravatar.com\/avatar\/f5fc875574b1575324358c3b9e6a32b8227aa5b74f3fa22e3cadb63e26fcc39c?s=96&d=mm&r=g","caption":"haberkuzey"},"sameAs":["https:\/\/haberkuzey.com"],"url":"https:\/\/haberkuzey.com\/index.php\/author\/haberkuzey\/"}]}},"_links":{"self":[{"href":"https:\/\/haberkuzey.com\/index.php\/wp-json\/wp\/v2\/posts\/18642","targetHints":{"allow":["GET"]}}],"collection":[{"href":"https:\/\/haberkuzey.com\/index.php\/wp-json\/wp\/v2\/posts"}],"about":[{"href":"https:\/\/haberkuzey.com\/index.php\/wp-json\/wp\/v2\/types\/post"}],"author":[{"embeddable":true,"href":"https:\/\/haberkuzey.com\/index.php\/wp-json\/wp\/v2\/users\/1"}],"replies":[{"embeddable":true,"href":"https:\/\/haberkuzey.com\/index.php\/wp-json\/wp\/v2\/comments?post=18642"}],"version-history":[{"count":0,"href":"https:\/\/haberkuzey.com\/index.php\/wp-json\/wp\/v2\/posts\/18642\/revisions"}],"wp:featuredmedia":[{"embeddable":true,"href":"https:\/\/haberkuzey.com\/index.php\/wp-json\/wp\/v2\/media\/18643"}],"wp:attachment":[{"href":"https:\/\/haberkuzey.com\/index.php\/wp-json\/wp\/v2\/media?parent=18642"}],"wp:term":[{"taxonomy":"category","embeddable":true,"href":"https:\/\/haberkuzey.com\/index.php\/wp-json\/wp\/v2\/categories?post=18642"},{"taxonomy":"post_tag","embeddable":true,"href":"https:\/\/haberkuzey.com\/index.php\/wp-json\/wp\/v2\/tags?post=18642"}],"curies":[{"name":"wp","href":"https:\/\/api.w.org\/{rel}","templated":true}]}}