{"id":18618,"date":"2025-02-23T11:24:50","date_gmt":"2025-02-23T09:24:50","guid":{"rendered":"https:\/\/haberkuzey.com\/index.php\/2025\/02\/23\/istanbulda-kar-yagisi-araliklarla-suruyor\/"},"modified":"2025-02-23T11:24:50","modified_gmt":"2025-02-23T09:24:50","slug":"istanbulda-kar-yagisi-araliklarla-suruyor","status":"publish","type":"post","link":"https:\/\/haberkuzey.com\/index.php\/2025\/02\/23\/istanbulda-kar-yagisi-araliklarla-suruyor\/","title":{"rendered":"\u0130stanbul\u2019da kar ya\u011f\u0131\u015f\u0131 aral\u0131klarla s\u00fcr\u00fcyor"},"content":{"rendered":"<div>\n<div class=\"mariselle-image-container center\">\n                                            <\/div>\n<p>\u0130stanbul\u2019da gece saatlerinde aral\u0131klarla ya\u011fan kar baz\u0131 il\u00e7elerde \u015fiddetini art\u0131r\u0131rken, so\u011fuk nedeniyle buzlanmalar meydana geldi.<\/p>\n<p>B\u00fcy\u00fck\u00e7ekmece, K\u00fc\u00e7\u00fck\u00e7ekmece, Esenyurt, Avc\u0131lar, Beylikd\u00fcz\u00fc ve \u015ei\u015fli\u2019de kar aral\u0131klarla etkisini s\u00fcrd\u00fcrd\u00fc.<\/p>\n<p>Ya\u011f\u0131\u015f\u0131n yo\u011fun oldu\u011fu Sultangazi\u2019de kar kal\u0131nl\u0131\u011f\u0131 yer yer 10 santimetreyi buldu.<\/p>\n<p>Beyaza b\u00fcr\u00fcnen kentte, gece saatlerinde vatanda\u015flar kar alt\u0131nda y\u00fcr\u00fcy\u00fc\u015f yap\u0131p, kar topu oynad\u0131.<\/p>\n<p>Hava s\u0131cakl\u0131\u011f\u0131n\u0131n s\u0131f\u0131r\u0131n alt\u0131na d\u00fc\u015fmesiyle \u00f6zellikle y\u00fcksek kesimlerde meydana gelen buzlanmalar s\u00fcr\u00fcc\u00fclere zor anlar ya\u015fatt\u0131.<\/p>\n<p>B\u00fcy\u00fck\u00e7ekmece G\u00fcrp\u0131nar Mahallesi\u2019nde s\u00fcr\u00fcc\u00fcler rampa \u00e7\u0131kmakta g\u00fc\u00e7l\u00fck \u00e7ekti.<\/p>\n<p>Y\u00fcksek kesimlerdeki evlerin \u00e7at\u0131lar\u0131nda k\u00fc\u00e7\u00fck sark\u0131tlar olu\u015ftu.<\/p>\n<p>Yoku\u015f a\u015fa\u011f\u0131 yollarda ise belediye ekipleri tuzlama yaparak buzlanmay\u0131 \u00f6nlemeye \u00e7al\u0131\u015ft\u0131.<\/p>\n<\/p><\/div>\n<p><script async\n                    defer\n                    crossorigin=\"anonymous\"\n                    src=\"https:\/\/connect.facebook.net\/tr_TR\/sdk.js#xfbml=1&#038;version=v3.3\"\n            ><\/script><\/p>\n","protected":false},"excerpt":{"rendered":"<p>\u0130stanbul\u2019da gece saatlerinde aral\u0131klarla ya\u011fan kar baz\u0131 il\u00e7elerde \u015fiddetini art\u0131r\u0131rken, so\u011fuk nedeniyle buzlanmalar meydana geldi. B\u00fcy\u00fck\u00e7ekmece, K\u00fc\u00e7\u00fck\u00e7ekmece, Esenyurt, Avc\u0131lar, Beylikd\u00fcz\u00fc ve \u015ei\u015fli\u2019de kar aral\u0131klarla etkisini s\u00fcrd\u00fcrd\u00fc. Ya\u011f\u0131\u015f\u0131n yo\u011fun oldu\u011fu Sultangazi\u2019de kar kal\u0131nl\u0131\u011f\u0131 yer yer 10 santimetreyi buldu. Beyaza b\u00fcr\u00fcnen kentte, gece saatlerinde vatanda\u015flar kar alt\u0131nda y\u00fcr\u00fcy\u00fc\u015f yap\u0131p, kar topu oynad\u0131. Hava s\u0131cakl\u0131\u011f\u0131n\u0131n s\u0131f\u0131r\u0131n alt\u0131na d\u00fc\u015fmesiyle [&hellip;]<\/p>\n","protected":false},"author":1,"featured_media":18619,"comment_status":"open","ping_status":"open","sticky":false,"template":"","format":"standard","meta":{"jnews-multi-image_gallery":[],"jnews_single_post":[],"jnews_primary_category":[],"footnotes":""},"categories":[2],"tags":[],"class_list":["post-18618","post","type-post","status-publish","format-standard","has-post-thumbnail","hentry","category-dunya"],"yoast_head":"<!-- This site is optimized with the Yoast SEO plugin v27.5 - https:\/\/yoast.com\/product\/yoast-seo-wordpress\/ -->\n<title>\u0130stanbul\u2019da kar ya\u011f\u0131\u015f\u0131 aral\u0131klarla s\u00fcr\u00fcyor - Haber Kuzey<\/title>\n<meta name=\"robots\" content=\"index, follow, max-snippet:-1, max-image-preview:large, max-video-preview:-1\" \/>\n<link rel=\"canonical\" href=\"https:\/\/haberkuzey.com\/index.php\/2025\/02\/23\/istanbulda-kar-yagisi-araliklarla-suruyor\/\" \/>\n<meta property=\"og:locale\" content=\"tr_TR\" \/>\n<meta property=\"og:type\" content=\"article\" \/>\n<meta property=\"og:title\" content=\"\u0130stanbul\u2019da kar ya\u011f\u0131\u015f\u0131 aral\u0131klarla s\u00fcr\u00fcyor - Haber Kuzey\" \/>\n<meta property=\"og:description\" content=\"\u0130stanbul\u2019da gece saatlerinde aral\u0131klarla ya\u011fan kar baz\u0131 il\u00e7elerde \u015fiddetini art\u0131r\u0131rken, so\u011fuk nedeniyle buzlanmalar meydana geldi. B\u00fcy\u00fck\u00e7ekmece, K\u00fc\u00e7\u00fck\u00e7ekmece, Esenyurt, Avc\u0131lar, Beylikd\u00fcz\u00fc ve \u015ei\u015fli\u2019de kar aral\u0131klarla etkisini s\u00fcrd\u00fcrd\u00fc. Ya\u011f\u0131\u015f\u0131n yo\u011fun oldu\u011fu Sultangazi\u2019de kar kal\u0131nl\u0131\u011f\u0131 yer yer 10 santimetreyi buldu. Beyaza b\u00fcr\u00fcnen kentte, gece saatlerinde vatanda\u015flar kar alt\u0131nda y\u00fcr\u00fcy\u00fc\u015f yap\u0131p, kar topu oynad\u0131. Hava s\u0131cakl\u0131\u011f\u0131n\u0131n s\u0131f\u0131r\u0131n alt\u0131na d\u00fc\u015fmesiyle [&hellip;]\" \/>\n<meta property=\"og:url\" content=\"https:\/\/haberkuzey.com\/index.php\/2025\/02\/23\/istanbulda-kar-yagisi-araliklarla-suruyor\/\" \/>\n<meta property=\"og:site_name\" content=\"Haber Kuzey\" \/>\n<meta property=\"article:published_time\" content=\"2025-02-23T09:24:50+00:00\" \/>\n<meta property=\"og:image\" content=\"https:\/\/brtk.net\/wp-content\/uploads\/2025\/02\/23\/1740296556876AA-20250223-37138378-37138374-ISTANBULDA_KAR_YAGISI_ARALIKLARLA_SURUYOR-scaled.jpg?ver=4dc203538804da661d3239365a7f7fe2\" \/>\n<meta name=\"author\" content=\"haberkuzey\" \/>\n<meta name=\"twitter:card\" content=\"summary_large_image\" \/>\n<meta name=\"twitter:label1\" content=\"Yazan:\" \/>\n\t<meta name=\"twitter:data1\" content=\"haberkuzey\" \/>\n\t<meta name=\"twitter:label2\" content=\"Tahmini okuma s\u00fcresi\" \/>\n\t<meta name=\"twitter:data2\" content=\"1 dakika\" \/>\n<script type=\"application\/ld+json\" class=\"yoast-schema-graph\">{\"@context\":\"https:\\\/\\\/schema.org\",\"@graph\":[{\"@type\":\"Article\",\"@id\":\"https:\\\/\\\/haberkuzey.com\\\/index.php\\\/2025\\\/02\\\/23\\\/istanbulda-kar-yagisi-araliklarla-suruyor\\\/#article\",\"isPartOf\":{\"@id\":\"https:\\\/\\\/haberkuzey.com\\\/index.php\\\/2025\\\/02\\\/23\\\/istanbulda-kar-yagisi-araliklarla-suruyor\\\/\"},\"author\":{\"name\":\"haberkuzey\",\"@id\":\"https:\\\/\\\/haberkuzey.com\\\/#\\\/schema\\\/person\\\/3372109ec735f9333f4fa47ebb9605ca\"},\"headline\":\"\u0130stanbul\u2019da kar ya\u011f\u0131\u015f\u0131 aral\u0131klarla s\u00fcr\u00fcyor\",\"datePublished\":\"2025-02-23T09:24:50+00:00\",\"mainEntityOfPage\":{\"@id\":\"https:\\\/\\\/haberkuzey.com\\\/index.php\\\/2025\\\/02\\\/23\\\/istanbulda-kar-yagisi-araliklarla-suruyor\\\/\"},\"wordCount\":162,\"commentCount\":0,\"image\":{\"@id\":\"https:\\\/\\\/haberkuzey.com\\\/index.php\\\/2025\\\/02\\\/23\\\/istanbulda-kar-yagisi-araliklarla-suruyor\\\/#primaryimage\"},\"thumbnailUrl\":\"https:\\\/\\\/haberkuzey.com\\\/wp-content\\\/uploads\\\/2025\\\/02\\\/1740296556876AA-20250223-37138378-37138374-ISTANBULDA_KAR_YAGISI_ARALIKLARLA_SURUYOR-scaled.jpg\",\"articleSection\":[\"D\u00fcnya\"],\"inLanguage\":\"tr\",\"potentialAction\":[{\"@type\":\"CommentAction\",\"name\":\"Comment\",\"target\":[\"https:\\\/\\\/haberkuzey.com\\\/index.php\\\/2025\\\/02\\\/23\\\/istanbulda-kar-yagisi-araliklarla-suruyor\\\/#respond\"]}]},{\"@type\":\"WebPage\",\"@id\":\"https:\\\/\\\/haberkuzey.com\\\/index.php\\\/2025\\\/02\\\/23\\\/istanbulda-kar-yagisi-araliklarla-suruyor\\\/\",\"url\":\"https:\\\/\\\/haberkuzey.com\\\/index.php\\\/2025\\\/02\\\/23\\\/istanbulda-kar-yagisi-araliklarla-suruyor\\\/\",\"name\":\"\u0130stanbul\u2019da kar ya\u011f\u0131\u015f\u0131 aral\u0131klarla s\u00fcr\u00fcyor - Haber Kuzey\",\"isPartOf\":{\"@id\":\"https:\\\/\\\/haberkuzey.com\\\/#website\"},\"primaryImageOfPage\":{\"@id\":\"https:\\\/\\\/haberkuzey.com\\\/index.php\\\/2025\\\/02\\\/23\\\/istanbulda-kar-yagisi-araliklarla-suruyor\\\/#primaryimage\"},\"image\":{\"@id\":\"https:\\\/\\\/haberkuzey.com\\\/index.php\\\/2025\\\/02\\\/23\\\/istanbulda-kar-yagisi-araliklarla-suruyor\\\/#primaryimage\"},\"thumbnailUrl\":\"https:\\\/\\\/haberkuzey.com\\\/wp-content\\\/uploads\\\/2025\\\/02\\\/1740296556876AA-20250223-37138378-37138374-ISTANBULDA_KAR_YAGISI_ARALIKLARLA_SURUYOR-scaled.jpg\",\"datePublished\":\"2025-02-23T09:24:50+00:00\",\"author\":{\"@id\":\"https:\\\/\\\/haberkuzey.com\\\/#\\\/schema\\\/person\\\/3372109ec735f9333f4fa47ebb9605ca\"},\"breadcrumb\":{\"@id\":\"https:\\\/\\\/haberkuzey.com\\\/index.php\\\/2025\\\/02\\\/23\\\/istanbulda-kar-yagisi-araliklarla-suruyor\\\/#breadcrumb\"},\"inLanguage\":\"tr\",\"potentialAction\":[{\"@type\":\"ReadAction\",\"target\":[\"https:\\\/\\\/haberkuzey.com\\\/index.php\\\/2025\\\/02\\\/23\\\/istanbulda-kar-yagisi-araliklarla-suruyor\\\/\"]}]},{\"@type\":\"ImageObject\",\"inLanguage\":\"tr\",\"@id\":\"https:\\\/\\\/haberkuzey.com\\\/index.php\\\/2025\\\/02\\\/23\\\/istanbulda-kar-yagisi-araliklarla-suruyor\\\/#primaryimage\",\"url\":\"https:\\\/\\\/haberkuzey.com\\\/wp-content\\\/uploads\\\/2025\\\/02\\\/1740296556876AA-20250223-37138378-37138374-ISTANBULDA_KAR_YAGISI_ARALIKLARLA_SURUYOR-scaled.jpg\",\"contentUrl\":\"https:\\\/\\\/haberkuzey.com\\\/wp-content\\\/uploads\\\/2025\\\/02\\\/1740296556876AA-20250223-37138378-37138374-ISTANBULDA_KAR_YAGISI_ARALIKLARLA_SURUYOR-scaled.jpg\",\"width\":2560,\"height\":1920},{\"@type\":\"BreadcrumbList\",\"@id\":\"https:\\\/\\\/haberkuzey.com\\\/index.php\\\/2025\\\/02\\\/23\\\/istanbulda-kar-yagisi-araliklarla-suruyor\\\/#breadcrumb\",\"itemListElement\":[{\"@type\":\"ListItem\",\"position\":1,\"name\":\"Anasayfa\",\"item\":\"https:\\\/\\\/haberkuzey.com\\\/\"},{\"@type\":\"ListItem\",\"position\":2,\"name\":\"\u0130stanbul\u2019da kar ya\u011f\u0131\u015f\u0131 aral\u0131klarla s\u00fcr\u00fcyor\"}]},{\"@type\":\"WebSite\",\"@id\":\"https:\\\/\\\/haberkuzey.com\\\/#website\",\"url\":\"https:\\\/\\\/haberkuzey.com\\\/\",\"name\":\"Haber Kuzey\",\"description\":\"Do\u011fru Haberin Adresi\",\"potentialAction\":[{\"@type\":\"SearchAction\",\"target\":{\"@type\":\"EntryPoint\",\"urlTemplate\":\"https:\\\/\\\/haberkuzey.com\\\/?s={search_term_string}\"},\"query-input\":{\"@type\":\"PropertyValueSpecification\",\"valueRequired\":true,\"valueName\":\"search_term_string\"}}],\"inLanguage\":\"tr\"},{\"@type\":\"Person\",\"@id\":\"https:\\\/\\\/haberkuzey.com\\\/#\\\/schema\\\/person\\\/3372109ec735f9333f4fa47ebb9605ca\",\"name\":\"haberkuzey\",\"image\":{\"@type\":\"ImageObject\",\"inLanguage\":\"tr\",\"@id\":\"https:\\\/\\\/secure.gravatar.com\\\/avatar\\\/f5fc875574b1575324358c3b9e6a32b8227aa5b74f3fa22e3cadb63e26fcc39c?s=96&d=mm&r=g\",\"url\":\"https:\\\/\\\/secure.gravatar.com\\\/avatar\\\/f5fc875574b1575324358c3b9e6a32b8227aa5b74f3fa22e3cadb63e26fcc39c?s=96&d=mm&r=g\",\"contentUrl\":\"https:\\\/\\\/secure.gravatar.com\\\/avatar\\\/f5fc875574b1575324358c3b9e6a32b8227aa5b74f3fa22e3cadb63e26fcc39c?s=96&d=mm&r=g\",\"caption\":\"haberkuzey\"},\"sameAs\":[\"https:\\\/\\\/haberkuzey.com\"],\"url\":\"https:\\\/\\\/haberkuzey.com\\\/index.php\\\/author\\\/haberkuzey\\\/\"}]}<\/script>\n<!-- \/ Yoast SEO plugin. -->","yoast_head_json":{"title":"\u0130stanbul\u2019da kar ya\u011f\u0131\u015f\u0131 aral\u0131klarla s\u00fcr\u00fcyor - Haber Kuzey","robots":{"index":"index","follow":"follow","max-snippet":"max-snippet:-1","max-image-preview":"max-image-preview:large","max-video-preview":"max-video-preview:-1"},"canonical":"https:\/\/haberkuzey.com\/index.php\/2025\/02\/23\/istanbulda-kar-yagisi-araliklarla-suruyor\/","og_locale":"tr_TR","og_type":"article","og_title":"\u0130stanbul\u2019da kar ya\u011f\u0131\u015f\u0131 aral\u0131klarla s\u00fcr\u00fcyor - Haber Kuzey","og_description":"\u0130stanbul\u2019da gece saatlerinde aral\u0131klarla ya\u011fan kar baz\u0131 il\u00e7elerde \u015fiddetini art\u0131r\u0131rken, so\u011fuk nedeniyle buzlanmalar meydana geldi. B\u00fcy\u00fck\u00e7ekmece, K\u00fc\u00e7\u00fck\u00e7ekmece, Esenyurt, Avc\u0131lar, Beylikd\u00fcz\u00fc ve \u015ei\u015fli\u2019de kar aral\u0131klarla etkisini s\u00fcrd\u00fcrd\u00fc. Ya\u011f\u0131\u015f\u0131n yo\u011fun oldu\u011fu Sultangazi\u2019de kar kal\u0131nl\u0131\u011f\u0131 yer yer 10 santimetreyi buldu. Beyaza b\u00fcr\u00fcnen kentte, gece saatlerinde vatanda\u015flar kar alt\u0131nda y\u00fcr\u00fcy\u00fc\u015f yap\u0131p, kar topu oynad\u0131. Hava s\u0131cakl\u0131\u011f\u0131n\u0131n s\u0131f\u0131r\u0131n alt\u0131na d\u00fc\u015fmesiyle [&hellip;]","og_url":"https:\/\/haberkuzey.com\/index.php\/2025\/02\/23\/istanbulda-kar-yagisi-araliklarla-suruyor\/","og_site_name":"Haber Kuzey","article_published_time":"2025-02-23T09:24:50+00:00","og_image":[{"url":"https:\/\/brtk.net\/wp-content\/uploads\/2025\/02\/23\/1740296556876AA-20250223-37138378-37138374-ISTANBULDA_KAR_YAGISI_ARALIKLARLA_SURUYOR-scaled.jpg?ver=4dc203538804da661d3239365a7f7fe2","type":"","width":"","height":""}],"author":"haberkuzey","twitter_card":"summary_large_image","twitter_misc":{"Yazan:":"haberkuzey","Tahmini okuma s\u00fcresi":"1 dakika"},"schema":{"@context":"https:\/\/schema.org","@graph":[{"@type":"Article","@id":"https:\/\/haberkuzey.com\/index.php\/2025\/02\/23\/istanbulda-kar-yagisi-araliklarla-suruyor\/#article","isPartOf":{"@id":"https:\/\/haberkuzey.com\/index.php\/2025\/02\/23\/istanbulda-kar-yagisi-araliklarla-suruyor\/"},"author":{"name":"haberkuzey","@id":"https:\/\/haberkuzey.com\/#\/schema\/person\/3372109ec735f9333f4fa47ebb9605ca"},"headline":"\u0130stanbul\u2019da kar ya\u011f\u0131\u015f\u0131 aral\u0131klarla s\u00fcr\u00fcyor","datePublished":"2025-02-23T09:24:50+00:00","mainEntityOfPage":{"@id":"https:\/\/haberkuzey.com\/index.php\/2025\/02\/23\/istanbulda-kar-yagisi-araliklarla-suruyor\/"},"wordCount":162,"commentCount":0,"image":{"@id":"https:\/\/haberkuzey.com\/index.php\/2025\/02\/23\/istanbulda-kar-yagisi-araliklarla-suruyor\/#primaryimage"},"thumbnailUrl":"https:\/\/haberkuzey.com\/wp-content\/uploads\/2025\/02\/1740296556876AA-20250223-37138378-37138374-ISTANBULDA_KAR_YAGISI_ARALIKLARLA_SURUYOR-scaled.jpg","articleSection":["D\u00fcnya"],"inLanguage":"tr","potentialAction":[{"@type":"CommentAction","name":"Comment","target":["https:\/\/haberkuzey.com\/index.php\/2025\/02\/23\/istanbulda-kar-yagisi-araliklarla-suruyor\/#respond"]}]},{"@type":"WebPage","@id":"https:\/\/haberkuzey.com\/index.php\/2025\/02\/23\/istanbulda-kar-yagisi-araliklarla-suruyor\/","url":"https:\/\/haberkuzey.com\/index.php\/2025\/02\/23\/istanbulda-kar-yagisi-araliklarla-suruyor\/","name":"\u0130stanbul\u2019da kar ya\u011f\u0131\u015f\u0131 aral\u0131klarla s\u00fcr\u00fcyor - Haber Kuzey","isPartOf":{"@id":"https:\/\/haberkuzey.com\/#website"},"primaryImageOfPage":{"@id":"https:\/\/haberkuzey.com\/index.php\/2025\/02\/23\/istanbulda-kar-yagisi-araliklarla-suruyor\/#primaryimage"},"image":{"@id":"https:\/\/haberkuzey.com\/index.php\/2025\/02\/23\/istanbulda-kar-yagisi-araliklarla-suruyor\/#primaryimage"},"thumbnailUrl":"https:\/\/haberkuzey.com\/wp-content\/uploads\/2025\/02\/1740296556876AA-20250223-37138378-37138374-ISTANBULDA_KAR_YAGISI_ARALIKLARLA_SURUYOR-scaled.jpg","datePublished":"2025-02-23T09:24:50+00:00","author":{"@id":"https:\/\/haberkuzey.com\/#\/schema\/person\/3372109ec735f9333f4fa47ebb9605ca"},"breadcrumb":{"@id":"https:\/\/haberkuzey.com\/index.php\/2025\/02\/23\/istanbulda-kar-yagisi-araliklarla-suruyor\/#breadcrumb"},"inLanguage":"tr","potentialAction":[{"@type":"ReadAction","target":["https:\/\/haberkuzey.com\/index.php\/2025\/02\/23\/istanbulda-kar-yagisi-araliklarla-suruyor\/"]}]},{"@type":"ImageObject","inLanguage":"tr","@id":"https:\/\/haberkuzey.com\/index.php\/2025\/02\/23\/istanbulda-kar-yagisi-araliklarla-suruyor\/#primaryimage","url":"https:\/\/haberkuzey.com\/wp-content\/uploads\/2025\/02\/1740296556876AA-20250223-37138378-37138374-ISTANBULDA_KAR_YAGISI_ARALIKLARLA_SURUYOR-scaled.jpg","contentUrl":"https:\/\/haberkuzey.com\/wp-content\/uploads\/2025\/02\/1740296556876AA-20250223-37138378-37138374-ISTANBULDA_KAR_YAGISI_ARALIKLARLA_SURUYOR-scaled.jpg","width":2560,"height":1920},{"@type":"BreadcrumbList","@id":"https:\/\/haberkuzey.com\/index.php\/2025\/02\/23\/istanbulda-kar-yagisi-araliklarla-suruyor\/#breadcrumb","itemListElement":[{"@type":"ListItem","position":1,"name":"Anasayfa","item":"https:\/\/haberkuzey.com\/"},{"@type":"ListItem","position":2,"name":"\u0130stanbul\u2019da kar ya\u011f\u0131\u015f\u0131 aral\u0131klarla s\u00fcr\u00fcyor"}]},{"@type":"WebSite","@id":"https:\/\/haberkuzey.com\/#website","url":"https:\/\/haberkuzey.com\/","name":"Haber Kuzey","description":"Do\u011fru Haberin Adresi","potentialAction":[{"@type":"SearchAction","target":{"@type":"EntryPoint","urlTemplate":"https:\/\/haberkuzey.com\/?s={search_term_string}"},"query-input":{"@type":"PropertyValueSpecification","valueRequired":true,"valueName":"search_term_string"}}],"inLanguage":"tr"},{"@type":"Person","@id":"https:\/\/haberkuzey.com\/#\/schema\/person\/3372109ec735f9333f4fa47ebb9605ca","name":"haberkuzey","image":{"@type":"ImageObject","inLanguage":"tr","@id":"https:\/\/secure.gravatar.com\/avatar\/f5fc875574b1575324358c3b9e6a32b8227aa5b74f3fa22e3cadb63e26fcc39c?s=96&d=mm&r=g","url":"https:\/\/secure.gravatar.com\/avatar\/f5fc875574b1575324358c3b9e6a32b8227aa5b74f3fa22e3cadb63e26fcc39c?s=96&d=mm&r=g","contentUrl":"https:\/\/secure.gravatar.com\/avatar\/f5fc875574b1575324358c3b9e6a32b8227aa5b74f3fa22e3cadb63e26fcc39c?s=96&d=mm&r=g","caption":"haberkuzey"},"sameAs":["https:\/\/haberkuzey.com"],"url":"https:\/\/haberkuzey.com\/index.php\/author\/haberkuzey\/"}]}},"_links":{"self":[{"href":"https:\/\/haberkuzey.com\/index.php\/wp-json\/wp\/v2\/posts\/18618","targetHints":{"allow":["GET"]}}],"collection":[{"href":"https:\/\/haberkuzey.com\/index.php\/wp-json\/wp\/v2\/posts"}],"about":[{"href":"https:\/\/haberkuzey.com\/index.php\/wp-json\/wp\/v2\/types\/post"}],"author":[{"embeddable":true,"href":"https:\/\/haberkuzey.com\/index.php\/wp-json\/wp\/v2\/users\/1"}],"replies":[{"embeddable":true,"href":"https:\/\/haberkuzey.com\/index.php\/wp-json\/wp\/v2\/comments?post=18618"}],"version-history":[{"count":0,"href":"https:\/\/haberkuzey.com\/index.php\/wp-json\/wp\/v2\/posts\/18618\/revisions"}],"wp:featuredmedia":[{"embeddable":true,"href":"https:\/\/haberkuzey.com\/index.php\/wp-json\/wp\/v2\/media\/18619"}],"wp:attachment":[{"href":"https:\/\/haberkuzey.com\/index.php\/wp-json\/wp\/v2\/media?parent=18618"}],"wp:term":[{"taxonomy":"category","embeddable":true,"href":"https:\/\/haberkuzey.com\/index.php\/wp-json\/wp\/v2\/categories?post=18618"},{"taxonomy":"post_tag","embeddable":true,"href":"https:\/\/haberkuzey.com\/index.php\/wp-json\/wp\/v2\/tags?post=18618"}],"curies":[{"name":"wp","href":"https:\/\/api.w.org\/{rel}","templated":true}]}}