{"id":1861,"date":"2024-05-09T15:45:59","date_gmt":"2024-05-09T12:45:59","guid":{"rendered":"https:\/\/haberkuzey.com\/index.php\/2024\/05\/09\/erhurman-yuruttugumuz-mucadelenin-temel-hedefi-esit-uluslararasi-statumuzun-teyididir\/"},"modified":"2024-05-09T15:45:59","modified_gmt":"2024-05-09T12:45:59","slug":"erhurman-yuruttugumuz-mucadelenin-temel-hedefi-esit-uluslararasi-statumuzun-teyididir","status":"publish","type":"post","link":"https:\/\/haberkuzey.com\/index.php\/2024\/05\/09\/erhurman-yuruttugumuz-mucadelenin-temel-hedefi-esit-uluslararasi-statumuzun-teyididir\/","title":{"rendered":"Erh\u00fcrman: \u201cY\u00fcr\u00fctt\u00fc\u011f\u00fcm\u00fcz m\u00fccadelenin temel hedefi, e\u015fit uluslararas\u0131 stat\u00fcm\u00fcz\u00fcn teyididir\u201d"},"content":{"rendered":"<div>\n<div class=\"mariselle-image-container center\">\n                                            <\/div>\n<p>Cumhuriyet\u00e7i T\u00fcrk Partisi (CTP) Genel Ba\u015fkan\u0131 Tufan Erh\u00fcrman, K\u0131br\u0131s T\u00fcrk halk\u0131n\u0131n y\u00fcr\u00fctt\u00fc\u011f\u00fc m\u00fccadelenin temel hedefinin e\u015fit uluslararas\u0131 stat\u00fcs\u00fcn\u00fcn teyidi oldu\u011funu, bunun da \u00e7\u00f6z\u00fcmle gelece\u011fini vurgulad\u0131.<\/p>\n<p>Bunun, K\u0131br\u0131s T\u00fcrk halk\u0131n\u0131 adadaki iki e\u015fit kurucu ortaktan biri olarak uluslararas\u0131 toplumla ve hukukla bulu\u015fturaca\u011f\u0131n\u0131 kaydeden Erh\u00fcrman, \u201cKurulacak yeni bir m\u00fczakere masas\u0131n\u0131n bir kez daha K\u0131br\u0131sl\u0131 Rum liderli\u011finin ayak s\u00fcr\u00fcmesi nedeniyle bozulmas\u0131 durumunda stat\u00fckoya d\u00f6n\u00fc\u015f olmayaca\u011f\u0131n\u0131n \u00f6nceden netle\u015ftirilmesini istememizin temelinde de bu var\u201d diye konu\u015ftu.<\/p>\n<p>Erh\u00fcrman, bug\u00fcn \u201ce\u015fit uluslararas\u0131 stat\u00fc\u201dn\u00fcn, m\u00fczakerelerin ba\u015flamas\u0131n\u0131n \u00f6n ko\u015fulu olarak ileri s\u00fcr\u00fcld\u00fc\u011f\u00fcn\u00fc, bunun KKTC\u2019nin tan\u0131nmas\u0131 talebi anlam\u0131na gelmedi\u011finin de belirtildi\u011fini kaydederek K\u0131br\u0131s T\u00fcrk halk\u0131n\u0131n \u00e7\u00f6z\u00fcm istemeyen taraf konumuna d\u00fc\u015f\u00fcr\u00fcld\u00fc\u011f\u00fcn\u00fc belirtti. <\/p>\n<p>Ana muhalefet CTP Genel Ba\u015fkan\u0131 Erh\u00fcrman, \u201cBM g\u00f6zetiminde liderler aras\u0131 diyalo\u011fu dahi reddeden\u201d K\u0131br\u0131s T\u00fcrk taraf\u0131n\u0131n bug\u00fcnk\u00fc tavr\u0131n\u0131n \u201ce\u015fit uluslararas\u0131 stat\u00fc\u201d m\u00fccadelesinde halk\u0131 ileriye ta\u015f\u0131mad\u0131\u011f\u0131n\u0131, iradesi ve talepleriyle de ba\u011fda\u015fmad\u0131\u011f\u0131n\u0131 kaydederek bu tavr\u0131n derhal terk edilmesi gerekti\u011fini savundu.<\/p>\n<p>CTP Genel Ba\u015fkan\u0131 Tufan Erh\u00fcrman \u201cE\u015fit Uluslararas\u0131 Stat\u00fc ve \u00dc\u00e7l\u00fc G\u00f6r\u00fc\u015fmenin Reddi\u201d ba\u015fl\u0131kl\u0131 yaz\u0131l\u0131 bir a\u00e7\u0131klama yapt\u0131.<\/p>\n<p>Erh\u00fcrman, K\u0131br\u0131s T\u00fcrk halk\u0131n\u0131n bu adadaki iki e\u015fit kurucu ortaktan biri oldu\u011funu kaydederek, \u201cBu, 1960\u2019ta iki toplumlu K\u0131br\u0131s Cumhuriyeti kurulurken b\u00f6yledir\u201d dedi.<\/p>\n<p>Uluslararas\u0131 alanda bunu teyit eden en \u00f6nemli tarihsel olay\u0131n, iki toplumlu, iki b\u00f6lgeli, siyasi e\u015fitli\u011fe dayanan federasyon zemininde ger\u00e7ekle\u015ftirilen 2004 referandumlar\u0131 oldu\u011funu kaydeden Erh\u00fcrman, \u015funlar\u0131 da belirtti:<\/p>\n<p>\u201cK\u0131br\u0131sl\u0131 T\u00fcrkler referandumu KKTC hukukuna g\u00f6re, KKTC se\u00e7menleriyle ger\u00e7ekle\u015ftirmi\u015fler ve \u00e7\u00f6z\u00fcm y\u00f6n\u00fcndeki iradelerini ortaya koymu\u015flard\u0131r. \u0130ki kurucu ortaktan biri olarak K\u0131br\u0131s T\u00fcrk halk\u0131n\u0131n bu iradesi BM\u2019nin ve uluslararas\u0131 toplumun kay\u0131tlar\u0131ndad\u0131r. Buna kar\u015f\u0131n bug\u00fcn adada iki e\u015fit kurucu ortak e\u015fit uluslararas\u0131 stat\u00fcye sahip midir? Yan\u0131t \u2018hay\u0131r\u2019d\u0131r. Bir yanda tan\u0131nm\u0131\u015f, BM ve AB \u00fcyesi \u2018K\u0131br\u0131s Cumhuriyeti\u2019 var. Di\u011fer yanda ise yaln\u0131zca T\u00fcrkiye Cumhuriyeti\u2019nin tan\u0131d\u0131\u011f\u0131 KKTC.<\/p>\n<p>BM \u00e7er\u00e7evesindeki t\u00fcm m\u00fczakere ve diyalog masalar\u0131nda iki e\u015fit toplum lideri var. Ama masada olunmad\u0131\u011f\u0131 zamanlarda e\u015fit uluslararas\u0131 stat\u00fc yok. K\u0131br\u0131s Rum halk\u0131 uluslararas\u0131 toplumla her t\u00fcrl\u00fc ili\u015fkiyi kurabilir, uluslararas\u0131 alanda her ortamda temsil edilirken, K\u0131br\u0131s T\u00fcrk halk\u0131 bu olanaklardan yoksun. O nedenle K\u0131br\u0131s T\u00fcrk halk\u0131 olarak y\u00fcr\u00fctt\u00fc\u011f\u00fcm\u00fcz m\u00fccadelenin temel hedefi, evet e\u015fit uluslararas\u0131 stat\u00fcm\u00fcz\u00fcn teyididir.\u201d<\/p>\n<p>-Pazarl\u0131\u011fa a\u00e7\u0131k olmayacak konular\u2026<\/p>\n<p>\u201cFederasyonda e\u015fit uluslararas\u0131 stat\u00fc var m\u0131d\u0131r?\u201d sorusuna Tufan Erh\u00fcrman, \u015fu yan\u0131t\u0131 verdi:<\/p>\n<p>\u201cEgemenlik iki kurucu ortak olan K\u0131br\u0131sl\u0131 T\u00fcrklerden ve K\u0131br\u0131sl\u0131 Rumlardan kaynaklanacakt\u0131r. \u0130ki e\u015fit kurucu devlet olacakt\u0131r. Federal devlette yetkiler, siyasi e\u015fitlik temelinde K\u0131br\u0131sl\u0131 T\u00fcrkler ve K\u0131br\u0131sl\u0131 Rumlar taraf\u0131ndan payla\u015f\u0131lacakt\u0131r. Bu d\u00fczlemde d\u00f6n\u00fc\u015f\u00fcml\u00fc ba\u015fkanl\u0131k olacak, K\u0131br\u0131sl\u0131 T\u00fcrklerin iradesini yok sayan hi\u00e7bir karar al\u0131namayacakt\u0131r. Bunlar, e\u015fit uluslararas\u0131 stat\u00fcs\u00fcn\u00fcn teyidini talep eden K\u0131br\u0131sl\u0131 T\u00fcrklerin vazge\u00e7emeyecekleri unsurlard\u0131r. O nedenle CTP, yeni bir m\u00fczakere s\u00fcreci ba\u015flayacaksa bunlardan herhangi birinin pazarl\u0131\u011fa a\u00e7\u0131k olmamas\u0131n\u0131, BM\u2019nin kendi s\u00f6z\u00fcne sahip \u00e7\u0131kmas\u0131n\u0131 istemektedir. \u2018Sonu\u00e7 odakl\u0131\u2019 ve \u2018siyasi e\u015fitli\u011fin pazarl\u0131k konusu edilmedi\u011fi\u2019 bir metodoloji talebimizin temelinde bu yatmaktad\u0131r.\u201d<\/p>\n<p>Yani \u00e7\u00f6z\u00fcm y\u00f6n\u00fcndeki m\u00fccadelenin oda\u011f\u0131nda asl\u0131nda e\u015fit uluslararas\u0131 stat\u00fcn\u00fcn teyidi talebi oldu\u011funu s\u00f6yleyen Erh\u00fcrman, \u201cBu \u00e7\u00f6z\u00fcmle birlikte gelecek, K\u0131br\u0131s T\u00fcrk halk\u0131n\u0131 bu adadaki iki e\u015fit kurucu ortaktan biri olarak uluslararas\u0131 toplumla ve hukukla bulu\u015fturacakt\u0131r. Kurulacak yeni bir m\u00fczakere masas\u0131n\u0131n bir kez daha K\u0131br\u0131sl\u0131 Rum liderli\u011finin ayak s\u00fcr\u00fcmesi nedeniyle bozulmas\u0131 durumunda stat\u00fckoya d\u00f6n\u00fc\u015f olmayaca\u011f\u0131n\u0131n \u00f6nceden netle\u015ftirilmesini istememizin temelinde de bu vard\u0131r.\u201d ifadelerine yer verdi.<\/p>\n<p>-\u201cK\u0131br\u0131s T\u00fcrk halk\u0131 \u00e7\u00f6z\u00fcm istemeyen taraf konumuna d\u00fc\u015f\u00fcr\u00fcld\u00fc\u201d<\/p>\n<p>Erh\u00fcrman, a\u00e7\u0131klamas\u0131nda \u015funlar\u0131 da ifade etti:<\/p>\n<p>\u201cOysa bug\u00fcn \u2018e\u015fit uluslararas\u0131 stat\u00fc\u2019, m\u00fczakerelerin ba\u015flamas\u0131n\u0131n \u00f6n ko\u015fulu olarak ileri s\u00fcr\u00fclmekte, bunun KKTC\u2019nin tan\u0131nmas\u0131 talebi anlam\u0131na gelmedi\u011fi de belirtilmekte, sonu\u00e7 olarak b\u0131rak\u0131n ger\u00e7ek\u00e7i olmay\u0131, ne oldu\u011fu dahi anla\u015f\u0131lamayan bir \u2018\u00f6n \u015fart\u2019 ileri s\u00fcr\u00fclmektedir. Bunun sonucunda, K\u0131br\u0131s T\u00fcrk halk\u0131 uluslararas\u0131 toplum nezdinde, bug\u00fcne kadar sergiledi\u011fi iradeye ters bi\u00e7imde, \u2018\u00e7\u00f6z\u00fcm istemeyen taraf\u2019 konumuna d\u00fc\u015f\u00fcr\u00fclmektedir.<\/p>\n<p>Hatta daha da ileri gidilerek, iki e\u015fit \u2018lider\u2019 aras\u0131nda ger\u00e7ekle\u015ftirilmesi \u00f6nerilen \u2018BM g\u00f6zetiminde liderler aras\u0131\u2019 diyalog dahi reddedilmekte ve bu konum daha da \u2018g\u00fc\u00e7lendirilmektedir\u2019. Bu, \u00e7\u00f6z\u00fcm iradesi a\u00e7\u0131k olan K\u0131br\u0131s T\u00fcrk halk\u0131n\u0131 olumlu anlamda hak etmedi\u011fi \u2018\u00e7\u00f6z\u00fcm istemeyen taraf\u2019 stat\u00fcs\u00fcne indirgemekle kalmamakta, Annan Plan\u0131\u2019ndan Crans Montana\u2019ya kadar \u00e7\u00f6z\u00fcme kar\u015f\u0131 ayak s\u00fcr\u00fcyen K\u0131br\u0131s Rum liderli\u011fini de olumsuz anlamda hak etmedi\u011fi \u2018\u00e7\u00f6z\u00fcm isteyen taraf\u2019 stat\u00fcs\u00fcne \u00e7\u0131karmaktad\u0131r.<\/p>\n<p>Bu tavr\u0131n, \u2018e\u015fit uluslararas\u0131 stat\u00fc\u2019 m\u00fccadelesinde bizi ileriye ta\u015f\u0131mad\u0131\u011f\u0131 ve halk\u0131m\u0131z\u0131n iradesiyle, hak ve \u00e7\u0131karlar\u0131yla, uluslararas\u0131 toplum ve hukukla entegre olma talebiyle ba\u011fda\u015fmad\u0131\u011f\u0131 son derece a\u00e7\u0131kt\u0131r ve derhal terk edilmesi gerekmektedir.\u201d<\/p>\n<p>TAK<\/p>\n<\/p><\/div>\n<p><script async\n                    defer\n                    crossorigin=\"anonymous\"\n                    src=\"https:\/\/connect.facebook.net\/tr_TR\/sdk.js#xfbml=1&#038;version=v3.3\"\n            ><\/script><\/p>\n","protected":false},"excerpt":{"rendered":"<p>Cumhuriyet\u00e7i T\u00fcrk Partisi (CTP) Genel Ba\u015fkan\u0131 Tufan Erh\u00fcrman, K\u0131br\u0131s T\u00fcrk halk\u0131n\u0131n y\u00fcr\u00fctt\u00fc\u011f\u00fc m\u00fccadelenin temel hedefinin e\u015fit uluslararas\u0131 stat\u00fcs\u00fcn\u00fcn teyidi oldu\u011funu, bunun da \u00e7\u00f6z\u00fcmle gelece\u011fini vurgulad\u0131. Bunun, K\u0131br\u0131s T\u00fcrk halk\u0131n\u0131 adadaki iki e\u015fit kurucu ortaktan biri olarak uluslararas\u0131 toplumla ve hukukla bulu\u015fturaca\u011f\u0131n\u0131 kaydeden Erh\u00fcrman, \u201cKurulacak yeni bir m\u00fczakere masas\u0131n\u0131n bir kez daha K\u0131br\u0131sl\u0131 Rum liderli\u011finin ayak [&hellip;]<\/p>\n","protected":false},"author":1,"featured_media":1862,"comment_status":"open","ping_status":"open","sticky":false,"template":"","format":"standard","meta":{"jnews-multi-image_gallery":[],"jnews_single_post":[],"jnews_primary_category":[],"footnotes":""},"categories":[1],"tags":[],"class_list":["post-1861","post","type-post","status-publish","format-standard","has-post-thumbnail","hentry","category-kibris"],"yoast_head":"<!-- This site is optimized with the Yoast SEO plugin v27.5 - https:\/\/yoast.com\/product\/yoast-seo-wordpress\/ -->\n<title>Erh\u00fcrman: \u201cY\u00fcr\u00fctt\u00fc\u011f\u00fcm\u00fcz m\u00fccadelenin temel hedefi, e\u015fit uluslararas\u0131 stat\u00fcm\u00fcz\u00fcn teyididir\u201d - Haber Kuzey<\/title>\n<meta name=\"robots\" content=\"index, follow, max-snippet:-1, max-image-preview:large, max-video-preview:-1\" \/>\n<link rel=\"canonical\" href=\"https:\/\/haberkuzey.com\/index.php\/2024\/05\/09\/erhurman-yuruttugumuz-mucadelenin-temel-hedefi-esit-uluslararasi-statumuzun-teyididir\/\" \/>\n<meta property=\"og:locale\" content=\"tr_TR\" \/>\n<meta property=\"og:type\" content=\"article\" \/>\n<meta property=\"og:title\" content=\"Erh\u00fcrman: \u201cY\u00fcr\u00fctt\u00fc\u011f\u00fcm\u00fcz m\u00fccadelenin temel hedefi, e\u015fit uluslararas\u0131 stat\u00fcm\u00fcz\u00fcn teyididir\u201d - Haber Kuzey\" \/>\n<meta property=\"og:description\" content=\"Cumhuriyet\u00e7i T\u00fcrk Partisi (CTP) Genel Ba\u015fkan\u0131 Tufan Erh\u00fcrman, K\u0131br\u0131s T\u00fcrk halk\u0131n\u0131n y\u00fcr\u00fctt\u00fc\u011f\u00fc m\u00fccadelenin temel hedefinin e\u015fit uluslararas\u0131 stat\u00fcs\u00fcn\u00fcn teyidi oldu\u011funu, bunun da \u00e7\u00f6z\u00fcmle gelece\u011fini vurgulad\u0131. Bunun, K\u0131br\u0131s T\u00fcrk halk\u0131n\u0131 adadaki iki e\u015fit kurucu ortaktan biri olarak uluslararas\u0131 toplumla ve hukukla bulu\u015fturaca\u011f\u0131n\u0131 kaydeden Erh\u00fcrman, \u201cKurulacak yeni bir m\u00fczakere masas\u0131n\u0131n bir kez daha K\u0131br\u0131sl\u0131 Rum liderli\u011finin ayak [&hellip;]\" \/>\n<meta property=\"og:url\" content=\"https:\/\/haberkuzey.com\/index.php\/2024\/05\/09\/erhurman-yuruttugumuz-mucadelenin-temel-hedefi-esit-uluslararasi-statumuzun-teyididir\/\" \/>\n<meta property=\"og:site_name\" content=\"Haber Kuzey\" \/>\n<meta property=\"article:published_time\" content=\"2024-05-09T12:45:59+00:00\" \/>\n<meta property=\"og:image\" content=\"https:\/\/brtk.net\/wp-content\/uploads\/2024\/05\/09\/tufan-erhurman31.jpg?ver=c26147574e75160e94072f74d1597f42\" \/>\n<meta name=\"author\" content=\"haberkuzey\" \/>\n<meta name=\"twitter:card\" content=\"summary_large_image\" \/>\n<meta name=\"twitter:label1\" content=\"Yazan:\" \/>\n\t<meta name=\"twitter:data1\" content=\"haberkuzey\" \/>\n\t<meta name=\"twitter:label2\" content=\"Tahmini okuma s\u00fcresi\" \/>\n\t<meta name=\"twitter:data2\" content=\"5 dakika\" \/>\n<script type=\"application\/ld+json\" class=\"yoast-schema-graph\">{\"@context\":\"https:\\\/\\\/schema.org\",\"@graph\":[{\"@type\":\"Article\",\"@id\":\"https:\\\/\\\/haberkuzey.com\\\/index.php\\\/2024\\\/05\\\/09\\\/erhurman-yuruttugumuz-mucadelenin-temel-hedefi-esit-uluslararasi-statumuzun-teyididir\\\/#article\",\"isPartOf\":{\"@id\":\"https:\\\/\\\/haberkuzey.com\\\/index.php\\\/2024\\\/05\\\/09\\\/erhurman-yuruttugumuz-mucadelenin-temel-hedefi-esit-uluslararasi-statumuzun-teyididir\\\/\"},\"author\":{\"name\":\"haberkuzey\",\"@id\":\"https:\\\/\\\/haberkuzey.com\\\/#\\\/schema\\\/person\\\/3372109ec735f9333f4fa47ebb9605ca\"},\"headline\":\"Erh\u00fcrman: \u201cY\u00fcr\u00fctt\u00fc\u011f\u00fcm\u00fcz m\u00fccadelenin temel hedefi, e\u015fit uluslararas\u0131 stat\u00fcm\u00fcz\u00fcn teyididir\u201d\",\"datePublished\":\"2024-05-09T12:45:59+00:00\",\"mainEntityOfPage\":{\"@id\":\"https:\\\/\\\/haberkuzey.com\\\/index.php\\\/2024\\\/05\\\/09\\\/erhurman-yuruttugumuz-mucadelenin-temel-hedefi-esit-uluslararasi-statumuzun-teyididir\\\/\"},\"wordCount\":1026,\"commentCount\":0,\"image\":{\"@id\":\"https:\\\/\\\/haberkuzey.com\\\/index.php\\\/2024\\\/05\\\/09\\\/erhurman-yuruttugumuz-mucadelenin-temel-hedefi-esit-uluslararasi-statumuzun-teyididir\\\/#primaryimage\"},\"thumbnailUrl\":\"https:\\\/\\\/haberkuzey.com\\\/wp-content\\\/uploads\\\/2024\\\/05\\\/tufan-erhurman31.jpg\",\"articleSection\":[\"K\u0131br\u0131s\"],\"inLanguage\":\"tr\",\"potentialAction\":[{\"@type\":\"CommentAction\",\"name\":\"Comment\",\"target\":[\"https:\\\/\\\/haberkuzey.com\\\/index.php\\\/2024\\\/05\\\/09\\\/erhurman-yuruttugumuz-mucadelenin-temel-hedefi-esit-uluslararasi-statumuzun-teyididir\\\/#respond\"]}]},{\"@type\":\"WebPage\",\"@id\":\"https:\\\/\\\/haberkuzey.com\\\/index.php\\\/2024\\\/05\\\/09\\\/erhurman-yuruttugumuz-mucadelenin-temel-hedefi-esit-uluslararasi-statumuzun-teyididir\\\/\",\"url\":\"https:\\\/\\\/haberkuzey.com\\\/index.php\\\/2024\\\/05\\\/09\\\/erhurman-yuruttugumuz-mucadelenin-temel-hedefi-esit-uluslararasi-statumuzun-teyididir\\\/\",\"name\":\"Erh\u00fcrman: \u201cY\u00fcr\u00fctt\u00fc\u011f\u00fcm\u00fcz m\u00fccadelenin temel hedefi, e\u015fit uluslararas\u0131 stat\u00fcm\u00fcz\u00fcn teyididir\u201d - Haber Kuzey\",\"isPartOf\":{\"@id\":\"https:\\\/\\\/haberkuzey.com\\\/#website\"},\"primaryImageOfPage\":{\"@id\":\"https:\\\/\\\/haberkuzey.com\\\/index.php\\\/2024\\\/05\\\/09\\\/erhurman-yuruttugumuz-mucadelenin-temel-hedefi-esit-uluslararasi-statumuzun-teyididir\\\/#primaryimage\"},\"image\":{\"@id\":\"https:\\\/\\\/haberkuzey.com\\\/index.php\\\/2024\\\/05\\\/09\\\/erhurman-yuruttugumuz-mucadelenin-temel-hedefi-esit-uluslararasi-statumuzun-teyididir\\\/#primaryimage\"},\"thumbnailUrl\":\"https:\\\/\\\/haberkuzey.com\\\/wp-content\\\/uploads\\\/2024\\\/05\\\/tufan-erhurman31.jpg\",\"datePublished\":\"2024-05-09T12:45:59+00:00\",\"author\":{\"@id\":\"https:\\\/\\\/haberkuzey.com\\\/#\\\/schema\\\/person\\\/3372109ec735f9333f4fa47ebb9605ca\"},\"breadcrumb\":{\"@id\":\"https:\\\/\\\/haberkuzey.com\\\/index.php\\\/2024\\\/05\\\/09\\\/erhurman-yuruttugumuz-mucadelenin-temel-hedefi-esit-uluslararasi-statumuzun-teyididir\\\/#breadcrumb\"},\"inLanguage\":\"tr\",\"potentialAction\":[{\"@type\":\"ReadAction\",\"target\":[\"https:\\\/\\\/haberkuzey.com\\\/index.php\\\/2024\\\/05\\\/09\\\/erhurman-yuruttugumuz-mucadelenin-temel-hedefi-esit-uluslararasi-statumuzun-teyididir\\\/\"]}]},{\"@type\":\"ImageObject\",\"inLanguage\":\"tr\",\"@id\":\"https:\\\/\\\/haberkuzey.com\\\/index.php\\\/2024\\\/05\\\/09\\\/erhurman-yuruttugumuz-mucadelenin-temel-hedefi-esit-uluslararasi-statumuzun-teyididir\\\/#primaryimage\",\"url\":\"https:\\\/\\\/haberkuzey.com\\\/wp-content\\\/uploads\\\/2024\\\/05\\\/tufan-erhurman31.jpg\",\"contentUrl\":\"https:\\\/\\\/haberkuzey.com\\\/wp-content\\\/uploads\\\/2024\\\/05\\\/tufan-erhurman31.jpg\",\"width\":1024,\"height\":750},{\"@type\":\"BreadcrumbList\",\"@id\":\"https:\\\/\\\/haberkuzey.com\\\/index.php\\\/2024\\\/05\\\/09\\\/erhurman-yuruttugumuz-mucadelenin-temel-hedefi-esit-uluslararasi-statumuzun-teyididir\\\/#breadcrumb\",\"itemListElement\":[{\"@type\":\"ListItem\",\"position\":1,\"name\":\"Anasayfa\",\"item\":\"https:\\\/\\\/haberkuzey.com\\\/\"},{\"@type\":\"ListItem\",\"position\":2,\"name\":\"Erh\u00fcrman: \u201cY\u00fcr\u00fctt\u00fc\u011f\u00fcm\u00fcz m\u00fccadelenin temel hedefi, e\u015fit uluslararas\u0131 stat\u00fcm\u00fcz\u00fcn teyididir\u201d\"}]},{\"@type\":\"WebSite\",\"@id\":\"https:\\\/\\\/haberkuzey.com\\\/#website\",\"url\":\"https:\\\/\\\/haberkuzey.com\\\/\",\"name\":\"Haber Kuzey\",\"description\":\"Do\u011fru Haberin Adresi\",\"potentialAction\":[{\"@type\":\"SearchAction\",\"target\":{\"@type\":\"EntryPoint\",\"urlTemplate\":\"https:\\\/\\\/haberkuzey.com\\\/?s={search_term_string}\"},\"query-input\":{\"@type\":\"PropertyValueSpecification\",\"valueRequired\":true,\"valueName\":\"search_term_string\"}}],\"inLanguage\":\"tr\"},{\"@type\":\"Person\",\"@id\":\"https:\\\/\\\/haberkuzey.com\\\/#\\\/schema\\\/person\\\/3372109ec735f9333f4fa47ebb9605ca\",\"name\":\"haberkuzey\",\"image\":{\"@type\":\"ImageObject\",\"inLanguage\":\"tr\",\"@id\":\"https:\\\/\\\/secure.gravatar.com\\\/avatar\\\/f5fc875574b1575324358c3b9e6a32b8227aa5b74f3fa22e3cadb63e26fcc39c?s=96&d=mm&r=g\",\"url\":\"https:\\\/\\\/secure.gravatar.com\\\/avatar\\\/f5fc875574b1575324358c3b9e6a32b8227aa5b74f3fa22e3cadb63e26fcc39c?s=96&d=mm&r=g\",\"contentUrl\":\"https:\\\/\\\/secure.gravatar.com\\\/avatar\\\/f5fc875574b1575324358c3b9e6a32b8227aa5b74f3fa22e3cadb63e26fcc39c?s=96&d=mm&r=g\",\"caption\":\"haberkuzey\"},\"sameAs\":[\"https:\\\/\\\/haberkuzey.com\"],\"url\":\"https:\\\/\\\/haberkuzey.com\\\/index.php\\\/author\\\/haberkuzey\\\/\"}]}<\/script>\n<!-- \/ Yoast SEO plugin. -->","yoast_head_json":{"title":"Erh\u00fcrman: \u201cY\u00fcr\u00fctt\u00fc\u011f\u00fcm\u00fcz m\u00fccadelenin temel hedefi, e\u015fit uluslararas\u0131 stat\u00fcm\u00fcz\u00fcn teyididir\u201d - Haber Kuzey","robots":{"index":"index","follow":"follow","max-snippet":"max-snippet:-1","max-image-preview":"max-image-preview:large","max-video-preview":"max-video-preview:-1"},"canonical":"https:\/\/haberkuzey.com\/index.php\/2024\/05\/09\/erhurman-yuruttugumuz-mucadelenin-temel-hedefi-esit-uluslararasi-statumuzun-teyididir\/","og_locale":"tr_TR","og_type":"article","og_title":"Erh\u00fcrman: \u201cY\u00fcr\u00fctt\u00fc\u011f\u00fcm\u00fcz m\u00fccadelenin temel hedefi, e\u015fit uluslararas\u0131 stat\u00fcm\u00fcz\u00fcn teyididir\u201d - Haber Kuzey","og_description":"Cumhuriyet\u00e7i T\u00fcrk Partisi (CTP) Genel Ba\u015fkan\u0131 Tufan Erh\u00fcrman, K\u0131br\u0131s T\u00fcrk halk\u0131n\u0131n y\u00fcr\u00fctt\u00fc\u011f\u00fc m\u00fccadelenin temel hedefinin e\u015fit uluslararas\u0131 stat\u00fcs\u00fcn\u00fcn teyidi oldu\u011funu, bunun da \u00e7\u00f6z\u00fcmle gelece\u011fini vurgulad\u0131. Bunun, K\u0131br\u0131s T\u00fcrk halk\u0131n\u0131 adadaki iki e\u015fit kurucu ortaktan biri olarak uluslararas\u0131 toplumla ve hukukla bulu\u015fturaca\u011f\u0131n\u0131 kaydeden Erh\u00fcrman, \u201cKurulacak yeni bir m\u00fczakere masas\u0131n\u0131n bir kez daha K\u0131br\u0131sl\u0131 Rum liderli\u011finin ayak [&hellip;]","og_url":"https:\/\/haberkuzey.com\/index.php\/2024\/05\/09\/erhurman-yuruttugumuz-mucadelenin-temel-hedefi-esit-uluslararasi-statumuzun-teyididir\/","og_site_name":"Haber Kuzey","article_published_time":"2024-05-09T12:45:59+00:00","og_image":[{"url":"https:\/\/brtk.net\/wp-content\/uploads\/2024\/05\/09\/tufan-erhurman31.jpg?ver=c26147574e75160e94072f74d1597f42","type":"","width":"","height":""}],"author":"haberkuzey","twitter_card":"summary_large_image","twitter_misc":{"Yazan:":"haberkuzey","Tahmini okuma s\u00fcresi":"5 dakika"},"schema":{"@context":"https:\/\/schema.org","@graph":[{"@type":"Article","@id":"https:\/\/haberkuzey.com\/index.php\/2024\/05\/09\/erhurman-yuruttugumuz-mucadelenin-temel-hedefi-esit-uluslararasi-statumuzun-teyididir\/#article","isPartOf":{"@id":"https:\/\/haberkuzey.com\/index.php\/2024\/05\/09\/erhurman-yuruttugumuz-mucadelenin-temel-hedefi-esit-uluslararasi-statumuzun-teyididir\/"},"author":{"name":"haberkuzey","@id":"https:\/\/haberkuzey.com\/#\/schema\/person\/3372109ec735f9333f4fa47ebb9605ca"},"headline":"Erh\u00fcrman: \u201cY\u00fcr\u00fctt\u00fc\u011f\u00fcm\u00fcz m\u00fccadelenin temel hedefi, e\u015fit uluslararas\u0131 stat\u00fcm\u00fcz\u00fcn teyididir\u201d","datePublished":"2024-05-09T12:45:59+00:00","mainEntityOfPage":{"@id":"https:\/\/haberkuzey.com\/index.php\/2024\/05\/09\/erhurman-yuruttugumuz-mucadelenin-temel-hedefi-esit-uluslararasi-statumuzun-teyididir\/"},"wordCount":1026,"commentCount":0,"image":{"@id":"https:\/\/haberkuzey.com\/index.php\/2024\/05\/09\/erhurman-yuruttugumuz-mucadelenin-temel-hedefi-esit-uluslararasi-statumuzun-teyididir\/#primaryimage"},"thumbnailUrl":"https:\/\/haberkuzey.com\/wp-content\/uploads\/2024\/05\/tufan-erhurman31.jpg","articleSection":["K\u0131br\u0131s"],"inLanguage":"tr","potentialAction":[{"@type":"CommentAction","name":"Comment","target":["https:\/\/haberkuzey.com\/index.php\/2024\/05\/09\/erhurman-yuruttugumuz-mucadelenin-temel-hedefi-esit-uluslararasi-statumuzun-teyididir\/#respond"]}]},{"@type":"WebPage","@id":"https:\/\/haberkuzey.com\/index.php\/2024\/05\/09\/erhurman-yuruttugumuz-mucadelenin-temel-hedefi-esit-uluslararasi-statumuzun-teyididir\/","url":"https:\/\/haberkuzey.com\/index.php\/2024\/05\/09\/erhurman-yuruttugumuz-mucadelenin-temel-hedefi-esit-uluslararasi-statumuzun-teyididir\/","name":"Erh\u00fcrman: \u201cY\u00fcr\u00fctt\u00fc\u011f\u00fcm\u00fcz m\u00fccadelenin temel hedefi, e\u015fit uluslararas\u0131 stat\u00fcm\u00fcz\u00fcn teyididir\u201d - Haber Kuzey","isPartOf":{"@id":"https:\/\/haberkuzey.com\/#website"},"primaryImageOfPage":{"@id":"https:\/\/haberkuzey.com\/index.php\/2024\/05\/09\/erhurman-yuruttugumuz-mucadelenin-temel-hedefi-esit-uluslararasi-statumuzun-teyididir\/#primaryimage"},"image":{"@id":"https:\/\/haberkuzey.com\/index.php\/2024\/05\/09\/erhurman-yuruttugumuz-mucadelenin-temel-hedefi-esit-uluslararasi-statumuzun-teyididir\/#primaryimage"},"thumbnailUrl":"https:\/\/haberkuzey.com\/wp-content\/uploads\/2024\/05\/tufan-erhurman31.jpg","datePublished":"2024-05-09T12:45:59+00:00","author":{"@id":"https:\/\/haberkuzey.com\/#\/schema\/person\/3372109ec735f9333f4fa47ebb9605ca"},"breadcrumb":{"@id":"https:\/\/haberkuzey.com\/index.php\/2024\/05\/09\/erhurman-yuruttugumuz-mucadelenin-temel-hedefi-esit-uluslararasi-statumuzun-teyididir\/#breadcrumb"},"inLanguage":"tr","potentialAction":[{"@type":"ReadAction","target":["https:\/\/haberkuzey.com\/index.php\/2024\/05\/09\/erhurman-yuruttugumuz-mucadelenin-temel-hedefi-esit-uluslararasi-statumuzun-teyididir\/"]}]},{"@type":"ImageObject","inLanguage":"tr","@id":"https:\/\/haberkuzey.com\/index.php\/2024\/05\/09\/erhurman-yuruttugumuz-mucadelenin-temel-hedefi-esit-uluslararasi-statumuzun-teyididir\/#primaryimage","url":"https:\/\/haberkuzey.com\/wp-content\/uploads\/2024\/05\/tufan-erhurman31.jpg","contentUrl":"https:\/\/haberkuzey.com\/wp-content\/uploads\/2024\/05\/tufan-erhurman31.jpg","width":1024,"height":750},{"@type":"BreadcrumbList","@id":"https:\/\/haberkuzey.com\/index.php\/2024\/05\/09\/erhurman-yuruttugumuz-mucadelenin-temel-hedefi-esit-uluslararasi-statumuzun-teyididir\/#breadcrumb","itemListElement":[{"@type":"ListItem","position":1,"name":"Anasayfa","item":"https:\/\/haberkuzey.com\/"},{"@type":"ListItem","position":2,"name":"Erh\u00fcrman: \u201cY\u00fcr\u00fctt\u00fc\u011f\u00fcm\u00fcz m\u00fccadelenin temel hedefi, e\u015fit uluslararas\u0131 stat\u00fcm\u00fcz\u00fcn teyididir\u201d"}]},{"@type":"WebSite","@id":"https:\/\/haberkuzey.com\/#website","url":"https:\/\/haberkuzey.com\/","name":"Haber Kuzey","description":"Do\u011fru Haberin Adresi","potentialAction":[{"@type":"SearchAction","target":{"@type":"EntryPoint","urlTemplate":"https:\/\/haberkuzey.com\/?s={search_term_string}"},"query-input":{"@type":"PropertyValueSpecification","valueRequired":true,"valueName":"search_term_string"}}],"inLanguage":"tr"},{"@type":"Person","@id":"https:\/\/haberkuzey.com\/#\/schema\/person\/3372109ec735f9333f4fa47ebb9605ca","name":"haberkuzey","image":{"@type":"ImageObject","inLanguage":"tr","@id":"https:\/\/secure.gravatar.com\/avatar\/f5fc875574b1575324358c3b9e6a32b8227aa5b74f3fa22e3cadb63e26fcc39c?s=96&d=mm&r=g","url":"https:\/\/secure.gravatar.com\/avatar\/f5fc875574b1575324358c3b9e6a32b8227aa5b74f3fa22e3cadb63e26fcc39c?s=96&d=mm&r=g","contentUrl":"https:\/\/secure.gravatar.com\/avatar\/f5fc875574b1575324358c3b9e6a32b8227aa5b74f3fa22e3cadb63e26fcc39c?s=96&d=mm&r=g","caption":"haberkuzey"},"sameAs":["https:\/\/haberkuzey.com"],"url":"https:\/\/haberkuzey.com\/index.php\/author\/haberkuzey\/"}]}},"_links":{"self":[{"href":"https:\/\/haberkuzey.com\/index.php\/wp-json\/wp\/v2\/posts\/1861","targetHints":{"allow":["GET"]}}],"collection":[{"href":"https:\/\/haberkuzey.com\/index.php\/wp-json\/wp\/v2\/posts"}],"about":[{"href":"https:\/\/haberkuzey.com\/index.php\/wp-json\/wp\/v2\/types\/post"}],"author":[{"embeddable":true,"href":"https:\/\/haberkuzey.com\/index.php\/wp-json\/wp\/v2\/users\/1"}],"replies":[{"embeddable":true,"href":"https:\/\/haberkuzey.com\/index.php\/wp-json\/wp\/v2\/comments?post=1861"}],"version-history":[{"count":0,"href":"https:\/\/haberkuzey.com\/index.php\/wp-json\/wp\/v2\/posts\/1861\/revisions"}],"wp:featuredmedia":[{"embeddable":true,"href":"https:\/\/haberkuzey.com\/index.php\/wp-json\/wp\/v2\/media\/1862"}],"wp:attachment":[{"href":"https:\/\/haberkuzey.com\/index.php\/wp-json\/wp\/v2\/media?parent=1861"}],"wp:term":[{"taxonomy":"category","embeddable":true,"href":"https:\/\/haberkuzey.com\/index.php\/wp-json\/wp\/v2\/categories?post=1861"},{"taxonomy":"post_tag","embeddable":true,"href":"https:\/\/haberkuzey.com\/index.php\/wp-json\/wp\/v2\/tags?post=1861"}],"curies":[{"name":"wp","href":"https:\/\/api.w.org\/{rel}","templated":true}]}}