{"id":18463,"date":"2025-02-20T20:58:37","date_gmt":"2025-02-20T18:58:37","guid":{"rendered":"https:\/\/haberkuzey.com\/index.php\/2025\/02\/20\/istanbulda-kar-alarmi-tum-ilceler-icin-sari-kod-uyarisi-verildi-kar-yagisi-uc-gun-surecek\/"},"modified":"2025-02-20T20:58:37","modified_gmt":"2025-02-20T18:58:37","slug":"istanbulda-kar-alarmi-tum-ilceler-icin-sari-kod-uyarisi-verildi-kar-yagisi-uc-gun-surecek","status":"publish","type":"post","link":"https:\/\/haberkuzey.com\/index.php\/2025\/02\/20\/istanbulda-kar-alarmi-tum-ilceler-icin-sari-kod-uyarisi-verildi-kar-yagisi-uc-gun-surecek\/","title":{"rendered":"\u0130stanbul\u2019da kar alarm\u0131: T\u00fcm il\u00e7eler i\u00e7in \u201csar\u0131 kod\u201d uyar\u0131s\u0131 verildi, kar ya\u011f\u0131\u015f\u0131 \u00fc\u00e7 g\u00fcn s\u00fcrecek"},"content":{"rendered":"<div>\n<div class=\"mariselle-image-container center\">\n                                            <\/div>\n<p>Sibirya k\u00f6kenli so\u011fuk hava dalgas\u0131n\u0131n  megakent \u0130stanbul\u2019a ula\u015ft\u0131\u011f\u0131, \u0130stanbul\u2019un kar ya\u011f\u0131\u015f\u0131 etkisi alt\u0131na girdi\u011fi belirtildi.<\/p>\n<p>\u0130stanbul\u2019da bir haftad\u0131r beklenen kar ya\u011f\u0131\u015f\u0131 d\u00fcnden bu yana aral\u0131klarla etkili oluyor. Sabah saatlerinde kentin baz\u0131 noktalar\u0131 aniden bast\u0131ran karla bir kez daha beyaza b\u00fcr\u00fcnd\u00fc.<\/p>\n<p>\u0130stanbul genelinde bug\u00fcn okullar tatil. Baz\u0131 \u00fcniversiteler de e\u011fitime ara verdi.<\/p>\n<p>Kar ya\u011f\u0131\u015f\u0131n\u0131n bug\u00fcn ve yar\u0131n daha da \u015fiddetlenmesi, pazar g\u00fcn\u00fc de etkisini s\u00fcrd\u00fcrmesi bekleniyor.<\/p>\n<p>Meteoroloji taraf\u0131ndan yay\u0131mlanan g\u00fcnl\u00fck raporda \u0130stanbul\u2019un t\u00fcm il\u00e7eleri i\u00e7in sar\u0131 kodlu kar ya\u011f\u0131\u015f\u0131 uyar\u0131s\u0131 yap\u0131ld\u0131.<\/p>\n<p>T\u00fcrkiye MGM\u2019den yap\u0131lan a\u00e7\u0131klamada, bug\u00fcn sabah saatlerinden itibaren il genelinde g\u00f6r\u00fclecek kar ya\u011f\u0131\u015flar\u0131n\u0131n, cuma ve cumartesi g\u00fcnleri kuvvetli ve yer yer yo\u011fun olmak \u00fczere pazar \u00f6\u011fle saatlerine kadar devam edece\u011fi, buzlanma ve don olay\u0131n\u0131n ise pazartesi g\u00fcn\u00fc sabah saatlerine kadar il genelinde etkili olaca\u011f\u0131 belirtildi.<\/p>\n<p>-AKOM: Kar ya\u011f\u0131\u015f\u0131 \u00fc\u00e7 g\u00fcn s\u00fcrecek<\/p>\n<p>\u0130stanbul B\u00fcy\u00fck\u015fehir Belediyesi Afet Koordinasyon Merkezi\u2019nden (AKOM) yap\u0131lan son de\u011ferlendirmede bug\u00fcn g\u00f6r\u00fclecek hafif kar ya\u011f\u0131\u015f\u0131n\u0131n yar\u0131n etkisini daha da art\u0131raca\u011f\u0131 ifade edildi.<\/p>\n<p>\u00dc\u00e7 g\u00fcn boyunca s\u00fcrecek kuvvetli kar ya\u011f\u0131\u015f\u0131n\u0131n, pazartesi g\u00fcn\u00fc etkisini yitirece\u011fi, sal\u0131 g\u00fcn\u00fc ise sabah saatlerinde \u0130stanbul\u2019da buzlanma beklendi\u011fine dikkat \u00e7ekildi.<\/p>\n<p>-\u0130stanbul Havaliman\u0131\u2019nda u\u00e7u\u015flar azalt\u0131ld\u0131, Sabiha G\u00f6k\u00e7en\u2019de iptaller artt\u0131<\/p>\n<p>Al\u0131nan karar do\u011frultusunda \u0130stanbul Havaliman\u0131\u2019ndan bug\u00fcn yap\u0131lmas\u0131 planlanan seferlerin y\u00fczde 10\u2019nun iptal edildi\u011fi a\u00e7\u0131kland\u0131.<\/p>\n<p>Kar ya\u011f\u0131\u015f\u0131n\u0131n etkisini art\u0131raca\u011f\u0131 cuma g\u00fcn\u00fc ise u\u00e7u\u015flar\u0131n y\u00fczde 20\u2019sinin iptal edilece\u011fi belirtildi.<\/p>\n<p>\u00d6te yandan Sabiha G\u00f6k\u00e7en Uluslararas\u0131 Havaliman\u0131 Meydan Otoritesi HEA\u015e, Meteorolojik Acil Durum Komitesinin (MADKOM) toplant\u0131s\u0131n\u0131n ard\u0131ndan konuya ili\u015fkin a\u00e7\u0131klama yapt\u0131.<\/p>\n<p>A\u00e7\u0131klamada, \u201cSabiha G\u00f6k\u00e7en Havaliman\u0131\u2019nda beklenen olumsuz meteorolojik ko\u015fullar nedeniyle bug\u00fcn i\u00e7in yap\u0131lan y\u00fczde 10 u\u00e7u\u015f iptaline ilave olarak kalan u\u00e7u\u015flar\u0131n y\u00fczde 15\u2019i, 21 \u015eubat i\u00e7in yap\u0131lan y\u00fczde 15 u\u00e7u\u015f iptaline ilave olarak kalan u\u00e7u\u015flar\u0131n y\u00fczde 15\u2019i ve 22 \u015eubat\u2019taki u\u00e7u\u015flar y\u00fczde 30 oran\u0131nda iptal edilecektir.\u201d ifadelerine yer verildi.<\/p>\n<p>Yolcular\u0131n u\u00e7u\u015flar\u0131na ili\u015fkin son durumu hava yolu \u015firketlerinin internet siteleri ve \u00e7a\u011fr\u0131 merkezlerinden takip etmesi istendi.<\/p>\n<p>D\u00fcn yap\u0131lan a\u00e7\u0131klamada, kentte beklenen olumsuz hava ko\u015fullar\u0131 nedeniyle Sabiha G\u00f6k\u00e7en Havaliman\u0131 i\u00e7in bug\u00fcn y\u00fczde 10 ve 21 \u015eubat\u2019ta y\u00fczde 15 u\u00e7u\u015f azaltma karar\u0131 al\u0131nd\u0131\u011f\u0131 bildirilmi\u015fti.<\/p>\n<p> -\u0130stanbul Bo\u011faz\u0131\u2019nda gemi trafi\u011fi sis nedeniyle ge\u00e7ici olarak durduruldu<\/p>\n<p>\u0130stanbul Bo\u011faz\u0131\u2019nda gemi trafi\u011fi sis nedeniyle \u00e7ift y\u00f6nde ve ge\u00e7ici olarak ask\u0131ya al\u0131nd\u0131.<\/p>\n<p>T\u00fcrkiye Ula\u015ft\u0131rma ve Altyap\u0131 Bakanl\u0131\u011f\u0131ndan yap\u0131lan a\u00e7\u0131klamada, \u201c\u0130stanbul Bo\u011faz\u0131 gemi trafi\u011fi, k\u0131s\u0131tl\u0131 g\u00f6r\u00fc\u015f (sis) nedeniyle \u00e7ift y\u00f6nde ve ge\u00e7ici olarak ask\u0131ya al\u0131nd\u0131.\u201d bilgisi verildi.<\/p>\n<\/p><\/div>\n<p><script async\n                    defer\n                    crossorigin=\"anonymous\"\n                    src=\"https:\/\/connect.facebook.net\/tr_TR\/sdk.js#xfbml=1&#038;version=v3.3\"\n            ><\/script><\/p>\n","protected":false},"excerpt":{"rendered":"<p>Sibirya k\u00f6kenli so\u011fuk hava dalgas\u0131n\u0131n megakent \u0130stanbul\u2019a ula\u015ft\u0131\u011f\u0131, \u0130stanbul\u2019un kar ya\u011f\u0131\u015f\u0131 etkisi alt\u0131na girdi\u011fi belirtildi. \u0130stanbul\u2019da bir haftad\u0131r beklenen kar ya\u011f\u0131\u015f\u0131 d\u00fcnden bu yana aral\u0131klarla etkili oluyor. Sabah saatlerinde kentin baz\u0131 noktalar\u0131 aniden bast\u0131ran karla bir kez daha beyaza b\u00fcr\u00fcnd\u00fc. \u0130stanbul genelinde bug\u00fcn okullar tatil. Baz\u0131 \u00fcniversiteler de e\u011fitime ara verdi. Kar ya\u011f\u0131\u015f\u0131n\u0131n bug\u00fcn ve [&hellip;]<\/p>\n","protected":false},"author":1,"featured_media":18464,"comment_status":"open","ping_status":"open","sticky":false,"template":"","format":"standard","meta":{"jnews-multi-image_gallery":[],"jnews_single_post":[],"jnews_primary_category":[],"footnotes":""},"categories":[2],"tags":[],"class_list":["post-18463","post","type-post","status-publish","format-standard","has-post-thumbnail","hentry","category-dunya"],"yoast_head":"<!-- This site is optimized with the Yoast SEO plugin v27.5 - https:\/\/yoast.com\/product\/yoast-seo-wordpress\/ -->\n<title>\u0130stanbul\u2019da kar alarm\u0131: T\u00fcm il\u00e7eler i\u00e7in \u201csar\u0131 kod\u201d uyar\u0131s\u0131 verildi, kar ya\u011f\u0131\u015f\u0131 \u00fc\u00e7 g\u00fcn s\u00fcrecek - Haber Kuzey<\/title>\n<meta name=\"robots\" content=\"index, follow, max-snippet:-1, max-image-preview:large, max-video-preview:-1\" \/>\n<link rel=\"canonical\" href=\"https:\/\/haberkuzey.com\/index.php\/2025\/02\/20\/istanbulda-kar-alarmi-tum-ilceler-icin-sari-kod-uyarisi-verildi-kar-yagisi-uc-gun-surecek\/\" \/>\n<meta property=\"og:locale\" content=\"tr_TR\" \/>\n<meta property=\"og:type\" content=\"article\" \/>\n<meta property=\"og:title\" content=\"\u0130stanbul\u2019da kar alarm\u0131: T\u00fcm il\u00e7eler i\u00e7in \u201csar\u0131 kod\u201d uyar\u0131s\u0131 verildi, kar ya\u011f\u0131\u015f\u0131 \u00fc\u00e7 g\u00fcn s\u00fcrecek - Haber Kuzey\" \/>\n<meta property=\"og:description\" content=\"Sibirya k\u00f6kenli so\u011fuk hava dalgas\u0131n\u0131n megakent \u0130stanbul\u2019a ula\u015ft\u0131\u011f\u0131, \u0130stanbul\u2019un kar ya\u011f\u0131\u015f\u0131 etkisi alt\u0131na girdi\u011fi belirtildi. \u0130stanbul\u2019da bir haftad\u0131r beklenen kar ya\u011f\u0131\u015f\u0131 d\u00fcnden bu yana aral\u0131klarla etkili oluyor. Sabah saatlerinde kentin baz\u0131 noktalar\u0131 aniden bast\u0131ran karla bir kez daha beyaza b\u00fcr\u00fcnd\u00fc. \u0130stanbul genelinde bug\u00fcn okullar tatil. Baz\u0131 \u00fcniversiteler de e\u011fitime ara verdi. Kar ya\u011f\u0131\u015f\u0131n\u0131n bug\u00fcn ve [&hellip;]\" \/>\n<meta property=\"og:url\" content=\"https:\/\/haberkuzey.com\/index.php\/2025\/02\/20\/istanbulda-kar-alarmi-tum-ilceler-icin-sari-kod-uyarisi-verildi-kar-yagisi-uc-gun-surecek\/\" \/>\n<meta property=\"og:site_name\" content=\"Haber Kuzey\" \/>\n<meta property=\"article:published_time\" content=\"2025-02-20T18:58:37+00:00\" \/>\n<meta property=\"og:image\" content=\"https:\/\/brtk.net\/wp-content\/uploads\/2025\/02\/20\/1740042191885AA-20250219-37100137-37100136-ISTANBULUN_BAZI_BOLGELERINDE_KAR_YAGISI_ETKISINI_ARTIRDI-scaled.jpg?ver=e9d4e4d215e78733f5cd0508e8f196ac\" \/>\n<meta name=\"author\" content=\"haberkuzey\" \/>\n<meta name=\"twitter:card\" content=\"summary_large_image\" \/>\n<meta name=\"twitter:label1\" content=\"Yazan:\" \/>\n\t<meta name=\"twitter:data1\" content=\"haberkuzey\" \/>\n\t<meta name=\"twitter:label2\" content=\"Tahmini okuma s\u00fcresi\" \/>\n\t<meta name=\"twitter:data2\" content=\"3 dakika\" \/>\n<script type=\"application\/ld+json\" class=\"yoast-schema-graph\">{\"@context\":\"https:\\\/\\\/schema.org\",\"@graph\":[{\"@type\":\"Article\",\"@id\":\"https:\\\/\\\/haberkuzey.com\\\/index.php\\\/2025\\\/02\\\/20\\\/istanbulda-kar-alarmi-tum-ilceler-icin-sari-kod-uyarisi-verildi-kar-yagisi-uc-gun-surecek\\\/#article\",\"isPartOf\":{\"@id\":\"https:\\\/\\\/haberkuzey.com\\\/index.php\\\/2025\\\/02\\\/20\\\/istanbulda-kar-alarmi-tum-ilceler-icin-sari-kod-uyarisi-verildi-kar-yagisi-uc-gun-surecek\\\/\"},\"author\":{\"name\":\"haberkuzey\",\"@id\":\"https:\\\/\\\/haberkuzey.com\\\/#\\\/schema\\\/person\\\/3372109ec735f9333f4fa47ebb9605ca\"},\"headline\":\"\u0130stanbul\u2019da kar alarm\u0131: T\u00fcm il\u00e7eler i\u00e7in \u201csar\u0131 kod\u201d uyar\u0131s\u0131 verildi, kar ya\u011f\u0131\u015f\u0131 \u00fc\u00e7 g\u00fcn s\u00fcrecek\",\"datePublished\":\"2025-02-20T18:58:37+00:00\",\"mainEntityOfPage\":{\"@id\":\"https:\\\/\\\/haberkuzey.com\\\/index.php\\\/2025\\\/02\\\/20\\\/istanbulda-kar-alarmi-tum-ilceler-icin-sari-kod-uyarisi-verildi-kar-yagisi-uc-gun-surecek\\\/\"},\"wordCount\":558,\"commentCount\":0,\"image\":{\"@id\":\"https:\\\/\\\/haberkuzey.com\\\/index.php\\\/2025\\\/02\\\/20\\\/istanbulda-kar-alarmi-tum-ilceler-icin-sari-kod-uyarisi-verildi-kar-yagisi-uc-gun-surecek\\\/#primaryimage\"},\"thumbnailUrl\":\"https:\\\/\\\/haberkuzey.com\\\/wp-content\\\/uploads\\\/2025\\\/02\\\/1740042191885AA-20250219-37100137-37100136-ISTANBULUN_BAZI_BOLGELERINDE_KAR_YAGISI_ETKISINI_ARTIRDI.jpeg\",\"articleSection\":[\"D\u00fcnya\"],\"inLanguage\":\"tr\",\"potentialAction\":[{\"@type\":\"CommentAction\",\"name\":\"Comment\",\"target\":[\"https:\\\/\\\/haberkuzey.com\\\/index.php\\\/2025\\\/02\\\/20\\\/istanbulda-kar-alarmi-tum-ilceler-icin-sari-kod-uyarisi-verildi-kar-yagisi-uc-gun-surecek\\\/#respond\"]}]},{\"@type\":\"WebPage\",\"@id\":\"https:\\\/\\\/haberkuzey.com\\\/index.php\\\/2025\\\/02\\\/20\\\/istanbulda-kar-alarmi-tum-ilceler-icin-sari-kod-uyarisi-verildi-kar-yagisi-uc-gun-surecek\\\/\",\"url\":\"https:\\\/\\\/haberkuzey.com\\\/index.php\\\/2025\\\/02\\\/20\\\/istanbulda-kar-alarmi-tum-ilceler-icin-sari-kod-uyarisi-verildi-kar-yagisi-uc-gun-surecek\\\/\",\"name\":\"\u0130stanbul\u2019da kar alarm\u0131: T\u00fcm il\u00e7eler i\u00e7in \u201csar\u0131 kod\u201d uyar\u0131s\u0131 verildi, kar ya\u011f\u0131\u015f\u0131 \u00fc\u00e7 g\u00fcn s\u00fcrecek - Haber Kuzey\",\"isPartOf\":{\"@id\":\"https:\\\/\\\/haberkuzey.com\\\/#website\"},\"primaryImageOfPage\":{\"@id\":\"https:\\\/\\\/haberkuzey.com\\\/index.php\\\/2025\\\/02\\\/20\\\/istanbulda-kar-alarmi-tum-ilceler-icin-sari-kod-uyarisi-verildi-kar-yagisi-uc-gun-surecek\\\/#primaryimage\"},\"image\":{\"@id\":\"https:\\\/\\\/haberkuzey.com\\\/index.php\\\/2025\\\/02\\\/20\\\/istanbulda-kar-alarmi-tum-ilceler-icin-sari-kod-uyarisi-verildi-kar-yagisi-uc-gun-surecek\\\/#primaryimage\"},\"thumbnailUrl\":\"https:\\\/\\\/haberkuzey.com\\\/wp-content\\\/uploads\\\/2025\\\/02\\\/1740042191885AA-20250219-37100137-37100136-ISTANBULUN_BAZI_BOLGELERINDE_KAR_YAGISI_ETKISINI_ARTIRDI.jpeg\",\"datePublished\":\"2025-02-20T18:58:37+00:00\",\"author\":{\"@id\":\"https:\\\/\\\/haberkuzey.com\\\/#\\\/schema\\\/person\\\/3372109ec735f9333f4fa47ebb9605ca\"},\"breadcrumb\":{\"@id\":\"https:\\\/\\\/haberkuzey.com\\\/index.php\\\/2025\\\/02\\\/20\\\/istanbulda-kar-alarmi-tum-ilceler-icin-sari-kod-uyarisi-verildi-kar-yagisi-uc-gun-surecek\\\/#breadcrumb\"},\"inLanguage\":\"tr\",\"potentialAction\":[{\"@type\":\"ReadAction\",\"target\":[\"https:\\\/\\\/haberkuzey.com\\\/index.php\\\/2025\\\/02\\\/20\\\/istanbulda-kar-alarmi-tum-ilceler-icin-sari-kod-uyarisi-verildi-kar-yagisi-uc-gun-surecek\\\/\"]}]},{\"@type\":\"ImageObject\",\"inLanguage\":\"tr\",\"@id\":\"https:\\\/\\\/haberkuzey.com\\\/index.php\\\/2025\\\/02\\\/20\\\/istanbulda-kar-alarmi-tum-ilceler-icin-sari-kod-uyarisi-verildi-kar-yagisi-uc-gun-surecek\\\/#primaryimage\",\"url\":\"https:\\\/\\\/haberkuzey.com\\\/wp-content\\\/uploads\\\/2025\\\/02\\\/1740042191885AA-20250219-37100137-37100136-ISTANBULUN_BAZI_BOLGELERINDE_KAR_YAGISI_ETKISINI_ARTIRDI.jpeg\",\"contentUrl\":\"https:\\\/\\\/haberkuzey.com\\\/wp-content\\\/uploads\\\/2025\\\/02\\\/1740042191885AA-20250219-37100137-37100136-ISTANBULUN_BAZI_BOLGELERINDE_KAR_YAGISI_ETKISINI_ARTIRDI.jpeg\",\"width\":2560,\"height\":1661},{\"@type\":\"BreadcrumbList\",\"@id\":\"https:\\\/\\\/haberkuzey.com\\\/index.php\\\/2025\\\/02\\\/20\\\/istanbulda-kar-alarmi-tum-ilceler-icin-sari-kod-uyarisi-verildi-kar-yagisi-uc-gun-surecek\\\/#breadcrumb\",\"itemListElement\":[{\"@type\":\"ListItem\",\"position\":1,\"name\":\"Anasayfa\",\"item\":\"https:\\\/\\\/haberkuzey.com\\\/\"},{\"@type\":\"ListItem\",\"position\":2,\"name\":\"\u0130stanbul\u2019da kar alarm\u0131: T\u00fcm il\u00e7eler i\u00e7in \u201csar\u0131 kod\u201d uyar\u0131s\u0131 verildi, kar ya\u011f\u0131\u015f\u0131 \u00fc\u00e7 g\u00fcn s\u00fcrecek\"}]},{\"@type\":\"WebSite\",\"@id\":\"https:\\\/\\\/haberkuzey.com\\\/#website\",\"url\":\"https:\\\/\\\/haberkuzey.com\\\/\",\"name\":\"Haber Kuzey\",\"description\":\"Do\u011fru Haberin Adresi\",\"potentialAction\":[{\"@type\":\"SearchAction\",\"target\":{\"@type\":\"EntryPoint\",\"urlTemplate\":\"https:\\\/\\\/haberkuzey.com\\\/?s={search_term_string}\"},\"query-input\":{\"@type\":\"PropertyValueSpecification\",\"valueRequired\":true,\"valueName\":\"search_term_string\"}}],\"inLanguage\":\"tr\"},{\"@type\":\"Person\",\"@id\":\"https:\\\/\\\/haberkuzey.com\\\/#\\\/schema\\\/person\\\/3372109ec735f9333f4fa47ebb9605ca\",\"name\":\"haberkuzey\",\"image\":{\"@type\":\"ImageObject\",\"inLanguage\":\"tr\",\"@id\":\"https:\\\/\\\/secure.gravatar.com\\\/avatar\\\/f5fc875574b1575324358c3b9e6a32b8227aa5b74f3fa22e3cadb63e26fcc39c?s=96&d=mm&r=g\",\"url\":\"https:\\\/\\\/secure.gravatar.com\\\/avatar\\\/f5fc875574b1575324358c3b9e6a32b8227aa5b74f3fa22e3cadb63e26fcc39c?s=96&d=mm&r=g\",\"contentUrl\":\"https:\\\/\\\/secure.gravatar.com\\\/avatar\\\/f5fc875574b1575324358c3b9e6a32b8227aa5b74f3fa22e3cadb63e26fcc39c?s=96&d=mm&r=g\",\"caption\":\"haberkuzey\"},\"sameAs\":[\"https:\\\/\\\/haberkuzey.com\"],\"url\":\"https:\\\/\\\/haberkuzey.com\\\/index.php\\\/author\\\/haberkuzey\\\/\"}]}<\/script>\n<!-- \/ Yoast SEO plugin. -->","yoast_head_json":{"title":"\u0130stanbul\u2019da kar alarm\u0131: T\u00fcm il\u00e7eler i\u00e7in \u201csar\u0131 kod\u201d uyar\u0131s\u0131 verildi, kar ya\u011f\u0131\u015f\u0131 \u00fc\u00e7 g\u00fcn s\u00fcrecek - Haber Kuzey","robots":{"index":"index","follow":"follow","max-snippet":"max-snippet:-1","max-image-preview":"max-image-preview:large","max-video-preview":"max-video-preview:-1"},"canonical":"https:\/\/haberkuzey.com\/index.php\/2025\/02\/20\/istanbulda-kar-alarmi-tum-ilceler-icin-sari-kod-uyarisi-verildi-kar-yagisi-uc-gun-surecek\/","og_locale":"tr_TR","og_type":"article","og_title":"\u0130stanbul\u2019da kar alarm\u0131: T\u00fcm il\u00e7eler i\u00e7in \u201csar\u0131 kod\u201d uyar\u0131s\u0131 verildi, kar ya\u011f\u0131\u015f\u0131 \u00fc\u00e7 g\u00fcn s\u00fcrecek - Haber Kuzey","og_description":"Sibirya k\u00f6kenli so\u011fuk hava dalgas\u0131n\u0131n megakent \u0130stanbul\u2019a ula\u015ft\u0131\u011f\u0131, \u0130stanbul\u2019un kar ya\u011f\u0131\u015f\u0131 etkisi alt\u0131na girdi\u011fi belirtildi. \u0130stanbul\u2019da bir haftad\u0131r beklenen kar ya\u011f\u0131\u015f\u0131 d\u00fcnden bu yana aral\u0131klarla etkili oluyor. Sabah saatlerinde kentin baz\u0131 noktalar\u0131 aniden bast\u0131ran karla bir kez daha beyaza b\u00fcr\u00fcnd\u00fc. \u0130stanbul genelinde bug\u00fcn okullar tatil. Baz\u0131 \u00fcniversiteler de e\u011fitime ara verdi. Kar ya\u011f\u0131\u015f\u0131n\u0131n bug\u00fcn ve [&hellip;]","og_url":"https:\/\/haberkuzey.com\/index.php\/2025\/02\/20\/istanbulda-kar-alarmi-tum-ilceler-icin-sari-kod-uyarisi-verildi-kar-yagisi-uc-gun-surecek\/","og_site_name":"Haber Kuzey","article_published_time":"2025-02-20T18:58:37+00:00","og_image":[{"url":"https:\/\/brtk.net\/wp-content\/uploads\/2025\/02\/20\/1740042191885AA-20250219-37100137-37100136-ISTANBULUN_BAZI_BOLGELERINDE_KAR_YAGISI_ETKISINI_ARTIRDI-scaled.jpg?ver=e9d4e4d215e78733f5cd0508e8f196ac","type":"","width":"","height":""}],"author":"haberkuzey","twitter_card":"summary_large_image","twitter_misc":{"Yazan:":"haberkuzey","Tahmini okuma s\u00fcresi":"3 dakika"},"schema":{"@context":"https:\/\/schema.org","@graph":[{"@type":"Article","@id":"https:\/\/haberkuzey.com\/index.php\/2025\/02\/20\/istanbulda-kar-alarmi-tum-ilceler-icin-sari-kod-uyarisi-verildi-kar-yagisi-uc-gun-surecek\/#article","isPartOf":{"@id":"https:\/\/haberkuzey.com\/index.php\/2025\/02\/20\/istanbulda-kar-alarmi-tum-ilceler-icin-sari-kod-uyarisi-verildi-kar-yagisi-uc-gun-surecek\/"},"author":{"name":"haberkuzey","@id":"https:\/\/haberkuzey.com\/#\/schema\/person\/3372109ec735f9333f4fa47ebb9605ca"},"headline":"\u0130stanbul\u2019da kar alarm\u0131: T\u00fcm il\u00e7eler i\u00e7in \u201csar\u0131 kod\u201d uyar\u0131s\u0131 verildi, kar ya\u011f\u0131\u015f\u0131 \u00fc\u00e7 g\u00fcn s\u00fcrecek","datePublished":"2025-02-20T18:58:37+00:00","mainEntityOfPage":{"@id":"https:\/\/haberkuzey.com\/index.php\/2025\/02\/20\/istanbulda-kar-alarmi-tum-ilceler-icin-sari-kod-uyarisi-verildi-kar-yagisi-uc-gun-surecek\/"},"wordCount":558,"commentCount":0,"image":{"@id":"https:\/\/haberkuzey.com\/index.php\/2025\/02\/20\/istanbulda-kar-alarmi-tum-ilceler-icin-sari-kod-uyarisi-verildi-kar-yagisi-uc-gun-surecek\/#primaryimage"},"thumbnailUrl":"https:\/\/haberkuzey.com\/wp-content\/uploads\/2025\/02\/1740042191885AA-20250219-37100137-37100136-ISTANBULUN_BAZI_BOLGELERINDE_KAR_YAGISI_ETKISINI_ARTIRDI.jpeg","articleSection":["D\u00fcnya"],"inLanguage":"tr","potentialAction":[{"@type":"CommentAction","name":"Comment","target":["https:\/\/haberkuzey.com\/index.php\/2025\/02\/20\/istanbulda-kar-alarmi-tum-ilceler-icin-sari-kod-uyarisi-verildi-kar-yagisi-uc-gun-surecek\/#respond"]}]},{"@type":"WebPage","@id":"https:\/\/haberkuzey.com\/index.php\/2025\/02\/20\/istanbulda-kar-alarmi-tum-ilceler-icin-sari-kod-uyarisi-verildi-kar-yagisi-uc-gun-surecek\/","url":"https:\/\/haberkuzey.com\/index.php\/2025\/02\/20\/istanbulda-kar-alarmi-tum-ilceler-icin-sari-kod-uyarisi-verildi-kar-yagisi-uc-gun-surecek\/","name":"\u0130stanbul\u2019da kar alarm\u0131: T\u00fcm il\u00e7eler i\u00e7in \u201csar\u0131 kod\u201d uyar\u0131s\u0131 verildi, kar ya\u011f\u0131\u015f\u0131 \u00fc\u00e7 g\u00fcn s\u00fcrecek - Haber Kuzey","isPartOf":{"@id":"https:\/\/haberkuzey.com\/#website"},"primaryImageOfPage":{"@id":"https:\/\/haberkuzey.com\/index.php\/2025\/02\/20\/istanbulda-kar-alarmi-tum-ilceler-icin-sari-kod-uyarisi-verildi-kar-yagisi-uc-gun-surecek\/#primaryimage"},"image":{"@id":"https:\/\/haberkuzey.com\/index.php\/2025\/02\/20\/istanbulda-kar-alarmi-tum-ilceler-icin-sari-kod-uyarisi-verildi-kar-yagisi-uc-gun-surecek\/#primaryimage"},"thumbnailUrl":"https:\/\/haberkuzey.com\/wp-content\/uploads\/2025\/02\/1740042191885AA-20250219-37100137-37100136-ISTANBULUN_BAZI_BOLGELERINDE_KAR_YAGISI_ETKISINI_ARTIRDI.jpeg","datePublished":"2025-02-20T18:58:37+00:00","author":{"@id":"https:\/\/haberkuzey.com\/#\/schema\/person\/3372109ec735f9333f4fa47ebb9605ca"},"breadcrumb":{"@id":"https:\/\/haberkuzey.com\/index.php\/2025\/02\/20\/istanbulda-kar-alarmi-tum-ilceler-icin-sari-kod-uyarisi-verildi-kar-yagisi-uc-gun-surecek\/#breadcrumb"},"inLanguage":"tr","potentialAction":[{"@type":"ReadAction","target":["https:\/\/haberkuzey.com\/index.php\/2025\/02\/20\/istanbulda-kar-alarmi-tum-ilceler-icin-sari-kod-uyarisi-verildi-kar-yagisi-uc-gun-surecek\/"]}]},{"@type":"ImageObject","inLanguage":"tr","@id":"https:\/\/haberkuzey.com\/index.php\/2025\/02\/20\/istanbulda-kar-alarmi-tum-ilceler-icin-sari-kod-uyarisi-verildi-kar-yagisi-uc-gun-surecek\/#primaryimage","url":"https:\/\/haberkuzey.com\/wp-content\/uploads\/2025\/02\/1740042191885AA-20250219-37100137-37100136-ISTANBULUN_BAZI_BOLGELERINDE_KAR_YAGISI_ETKISINI_ARTIRDI.jpeg","contentUrl":"https:\/\/haberkuzey.com\/wp-content\/uploads\/2025\/02\/1740042191885AA-20250219-37100137-37100136-ISTANBULUN_BAZI_BOLGELERINDE_KAR_YAGISI_ETKISINI_ARTIRDI.jpeg","width":2560,"height":1661},{"@type":"BreadcrumbList","@id":"https:\/\/haberkuzey.com\/index.php\/2025\/02\/20\/istanbulda-kar-alarmi-tum-ilceler-icin-sari-kod-uyarisi-verildi-kar-yagisi-uc-gun-surecek\/#breadcrumb","itemListElement":[{"@type":"ListItem","position":1,"name":"Anasayfa","item":"https:\/\/haberkuzey.com\/"},{"@type":"ListItem","position":2,"name":"\u0130stanbul\u2019da kar alarm\u0131: T\u00fcm il\u00e7eler i\u00e7in \u201csar\u0131 kod\u201d uyar\u0131s\u0131 verildi, kar ya\u011f\u0131\u015f\u0131 \u00fc\u00e7 g\u00fcn s\u00fcrecek"}]},{"@type":"WebSite","@id":"https:\/\/haberkuzey.com\/#website","url":"https:\/\/haberkuzey.com\/","name":"Haber Kuzey","description":"Do\u011fru Haberin Adresi","potentialAction":[{"@type":"SearchAction","target":{"@type":"EntryPoint","urlTemplate":"https:\/\/haberkuzey.com\/?s={search_term_string}"},"query-input":{"@type":"PropertyValueSpecification","valueRequired":true,"valueName":"search_term_string"}}],"inLanguage":"tr"},{"@type":"Person","@id":"https:\/\/haberkuzey.com\/#\/schema\/person\/3372109ec735f9333f4fa47ebb9605ca","name":"haberkuzey","image":{"@type":"ImageObject","inLanguage":"tr","@id":"https:\/\/secure.gravatar.com\/avatar\/f5fc875574b1575324358c3b9e6a32b8227aa5b74f3fa22e3cadb63e26fcc39c?s=96&d=mm&r=g","url":"https:\/\/secure.gravatar.com\/avatar\/f5fc875574b1575324358c3b9e6a32b8227aa5b74f3fa22e3cadb63e26fcc39c?s=96&d=mm&r=g","contentUrl":"https:\/\/secure.gravatar.com\/avatar\/f5fc875574b1575324358c3b9e6a32b8227aa5b74f3fa22e3cadb63e26fcc39c?s=96&d=mm&r=g","caption":"haberkuzey"},"sameAs":["https:\/\/haberkuzey.com"],"url":"https:\/\/haberkuzey.com\/index.php\/author\/haberkuzey\/"}]}},"_links":{"self":[{"href":"https:\/\/haberkuzey.com\/index.php\/wp-json\/wp\/v2\/posts\/18463","targetHints":{"allow":["GET"]}}],"collection":[{"href":"https:\/\/haberkuzey.com\/index.php\/wp-json\/wp\/v2\/posts"}],"about":[{"href":"https:\/\/haberkuzey.com\/index.php\/wp-json\/wp\/v2\/types\/post"}],"author":[{"embeddable":true,"href":"https:\/\/haberkuzey.com\/index.php\/wp-json\/wp\/v2\/users\/1"}],"replies":[{"embeddable":true,"href":"https:\/\/haberkuzey.com\/index.php\/wp-json\/wp\/v2\/comments?post=18463"}],"version-history":[{"count":0,"href":"https:\/\/haberkuzey.com\/index.php\/wp-json\/wp\/v2\/posts\/18463\/revisions"}],"wp:featuredmedia":[{"embeddable":true,"href":"https:\/\/haberkuzey.com\/index.php\/wp-json\/wp\/v2\/media\/18464"}],"wp:attachment":[{"href":"https:\/\/haberkuzey.com\/index.php\/wp-json\/wp\/v2\/media?parent=18463"}],"wp:term":[{"taxonomy":"category","embeddable":true,"href":"https:\/\/haberkuzey.com\/index.php\/wp-json\/wp\/v2\/categories?post=18463"},{"taxonomy":"post_tag","embeddable":true,"href":"https:\/\/haberkuzey.com\/index.php\/wp-json\/wp\/v2\/tags?post=18463"}],"curies":[{"name":"wp","href":"https:\/\/api.w.org\/{rel}","templated":true}]}}