{"id":1828,"date":"2024-05-09T13:25:56","date_gmt":"2024-05-09T10:25:56","guid":{"rendered":"https:\/\/haberkuzey.com\/index.php\/2024\/05\/09\/kktc-izci-liderleri-dernegi-kurulusunun-1-yilini-cadirli-kamp-etkinligi-ile-kutluyor\/"},"modified":"2024-05-09T13:25:56","modified_gmt":"2024-05-09T10:25:56","slug":"kktc-izci-liderleri-dernegi-kurulusunun-1-yilini-cadirli-kamp-etkinligi-ile-kutluyor","status":"publish","type":"post","link":"https:\/\/haberkuzey.com\/index.php\/2024\/05\/09\/kktc-izci-liderleri-dernegi-kurulusunun-1-yilini-cadirli-kamp-etkinligi-ile-kutluyor\/","title":{"rendered":"KKTC \u0130zci Liderleri Derne\u011fi kurulu\u015funun 1. y\u0131l\u0131n\u0131 \u201c\u00e7ad\u0131rl\u0131 kamp\u201d etkinli\u011fi ile kutluyor."},"content":{"rendered":"<div>\n<div class=\"mariselle-image-container center\">\n                                            <\/div>\n<p>KKTC \u0130zci Liderleri Derne\u011fi (\u0130LDER)kurulu\u015funun 1. y\u0131l\u0131n\u0131 \u201c\u00e7ad\u0131rl\u0131 kamp\u201d etkinli\u011fi ile kutluyor.<\/p>\n<p>\u0130LDER\u2019den verilen bilgiye g\u00f6re, 10-11 May\u0131s tarihlerinde, Bo\u011faz Piknik Alan\u0131\u2019nda, 40 izci liderinin kat\u0131l\u0131m\u0131yla ger\u00e7ekle\u015fecek birinci y\u0131l etkinli\u011fi \u00e7er\u00e7evesinde yap\u0131lacak kampta saat 20.30\u2019da kutlama etkinlikleri ba\u015flayacak.<\/p>\n<p>Atat\u00fcrk ilkelerine ba\u011fl\u0131, Kuzey K\u0131br\u0131s T\u00fcrk Cumhuriyeti\u2019nin k\u00fclt\u00fcrel, manevi de\u011ferlerini ya\u015fatmak ilkesiyle; ba\u015fta izci liderleri olmak \u00fczere yeti\u015fkin, gen\u00e7, \u00e7ocuk ay\u0131rt etmeksizin herkesin \u00fcreten, ara\u015ft\u0131ran, geli\u015fen ve toplumun geli\u015fimine her alanda katk\u0131 sa\u011flayan bireyler  amac\u0131yla kurulan \u0130LDER\u2019in geride b\u0131rakti\u011f\u0131  bir y\u0131l boyunca bir\u00e7ok etkinli\u011fe imza att\u0131\u011f\u0131 kaydedildi.<\/p>\n<p>Dernek Ba\u015fkan\u0131  L\u00fctfiye Fedai Kuzey K\u0131br\u0131s T\u00fcrk Cumhuriyet\u2019 inde izcilik faaliyetlerine g\u00f6n\u00fcl vermi\u015f, izcilik ate\u015fini y\u00fcreklerinde ta\u015f\u0131yan izci liderlerinden olu\u015fan Derne\u011fin dolu dolu ge\u00e7en bir y\u0131l\u0131nda Y\u00f6netim Kurulu, Denetleme ve Disiplin kurullar\u0131n\u0131n yan\u0131 s\u0131ra t\u00fcm \u00fcyelerin destek ve aktif kat\u0131l\u0131m\u0131 oldu\u011funu belirterek t\u00fcm \u00fcyelere birlikteli\u011fin getirmi\u015f oldu\u011fu ba\u015far\u0131dan dolay\u0131 te\u015fekk\u00fcrlerini ifade ederken \u201c1Derne\u011fimize bug\u00fcne kadar katk\u0131da bulunan gerek \u015fah\u0131s gerekse kurum ve kurulu\u015flara da bu vesile ile bir kez daha te\u015fekk\u00fcr ederim.\u201d dedi.<\/p>\n<\/p><\/div>\n<p><script async\n                    defer\n                    crossorigin=\"anonymous\"\n                    src=\"https:\/\/connect.facebook.net\/tr_TR\/sdk.js#xfbml=1&#038;version=v3.3\"\n            ><\/script><\/p>\n","protected":false},"excerpt":{"rendered":"<p>KKTC \u0130zci Liderleri Derne\u011fi (\u0130LDER)kurulu\u015funun 1. y\u0131l\u0131n\u0131 \u201c\u00e7ad\u0131rl\u0131 kamp\u201d etkinli\u011fi ile kutluyor. \u0130LDER\u2019den verilen bilgiye g\u00f6re, 10-11 May\u0131s tarihlerinde, Bo\u011faz Piknik Alan\u0131\u2019nda, 40 izci liderinin kat\u0131l\u0131m\u0131yla ger\u00e7ekle\u015fecek birinci y\u0131l etkinli\u011fi \u00e7er\u00e7evesinde yap\u0131lacak kampta saat 20.30\u2019da kutlama etkinlikleri ba\u015flayacak. Atat\u00fcrk ilkelerine ba\u011fl\u0131, Kuzey K\u0131br\u0131s T\u00fcrk Cumhuriyeti\u2019nin k\u00fclt\u00fcrel, manevi de\u011ferlerini ya\u015fatmak ilkesiyle; ba\u015fta izci liderleri olmak \u00fczere [&hellip;]<\/p>\n","protected":false},"author":1,"featured_media":1829,"comment_status":"open","ping_status":"open","sticky":false,"template":"","format":"standard","meta":{"jnews-multi-image_gallery":[],"jnews_single_post":[],"jnews_primary_category":[],"footnotes":""},"categories":[1],"tags":[],"class_list":["post-1828","post","type-post","status-publish","format-standard","has-post-thumbnail","hentry","category-kibris"],"yoast_head":"<!-- This site is optimized with the Yoast SEO plugin v27.5 - https:\/\/yoast.com\/product\/yoast-seo-wordpress\/ -->\n<title>KKTC \u0130zci Liderleri Derne\u011fi kurulu\u015funun 1. y\u0131l\u0131n\u0131 \u201c\u00e7ad\u0131rl\u0131 kamp\u201d etkinli\u011fi ile kutluyor. - Haber Kuzey<\/title>\n<meta name=\"robots\" content=\"index, follow, max-snippet:-1, max-image-preview:large, max-video-preview:-1\" \/>\n<link rel=\"canonical\" href=\"https:\/\/haberkuzey.com\/index.php\/2024\/05\/09\/kktc-izci-liderleri-dernegi-kurulusunun-1-yilini-cadirli-kamp-etkinligi-ile-kutluyor\/\" \/>\n<meta property=\"og:locale\" content=\"tr_TR\" \/>\n<meta property=\"og:type\" content=\"article\" \/>\n<meta property=\"og:title\" content=\"KKTC \u0130zci Liderleri Derne\u011fi kurulu\u015funun 1. y\u0131l\u0131n\u0131 \u201c\u00e7ad\u0131rl\u0131 kamp\u201d etkinli\u011fi ile kutluyor. - Haber Kuzey\" \/>\n<meta property=\"og:description\" content=\"KKTC \u0130zci Liderleri Derne\u011fi (\u0130LDER)kurulu\u015funun 1. y\u0131l\u0131n\u0131 \u201c\u00e7ad\u0131rl\u0131 kamp\u201d etkinli\u011fi ile kutluyor. \u0130LDER\u2019den verilen bilgiye g\u00f6re, 10-11 May\u0131s tarihlerinde, Bo\u011faz Piknik Alan\u0131\u2019nda, 40 izci liderinin kat\u0131l\u0131m\u0131yla ger\u00e7ekle\u015fecek birinci y\u0131l etkinli\u011fi \u00e7er\u00e7evesinde yap\u0131lacak kampta saat 20.30\u2019da kutlama etkinlikleri ba\u015flayacak. Atat\u00fcrk ilkelerine ba\u011fl\u0131, Kuzey K\u0131br\u0131s T\u00fcrk Cumhuriyeti\u2019nin k\u00fclt\u00fcrel, manevi de\u011ferlerini ya\u015fatmak ilkesiyle; ba\u015fta izci liderleri olmak \u00fczere [&hellip;]\" \/>\n<meta property=\"og:url\" content=\"https:\/\/haberkuzey.com\/index.php\/2024\/05\/09\/kktc-izci-liderleri-dernegi-kurulusunun-1-yilini-cadirli-kamp-etkinligi-ile-kutluyor\/\" \/>\n<meta property=\"og:site_name\" content=\"Haber Kuzey\" \/>\n<meta property=\"article:published_time\" content=\"2024-05-09T10:25:56+00:00\" \/>\n<meta property=\"og:image\" content=\"https:\/\/brtk.net\/wp-content\/uploads\/2024\/05\/09\/izci-ilder-1-.jpeg?ver=7fe7ff1e681a7efe4ff9eaa4f1f71068\" \/>\n<meta name=\"author\" content=\"haberkuzey\" \/>\n<meta name=\"twitter:card\" content=\"summary_large_image\" \/>\n<meta name=\"twitter:label1\" content=\"Yazan:\" \/>\n\t<meta name=\"twitter:data1\" content=\"haberkuzey\" \/>\n\t<meta name=\"twitter:label2\" content=\"Tahmini okuma s\u00fcresi\" \/>\n\t<meta name=\"twitter:data2\" content=\"1 dakika\" \/>\n<script type=\"application\/ld+json\" class=\"yoast-schema-graph\">{\"@context\":\"https:\\\/\\\/schema.org\",\"@graph\":[{\"@type\":\"Article\",\"@id\":\"https:\\\/\\\/haberkuzey.com\\\/index.php\\\/2024\\\/05\\\/09\\\/kktc-izci-liderleri-dernegi-kurulusunun-1-yilini-cadirli-kamp-etkinligi-ile-kutluyor\\\/#article\",\"isPartOf\":{\"@id\":\"https:\\\/\\\/haberkuzey.com\\\/index.php\\\/2024\\\/05\\\/09\\\/kktc-izci-liderleri-dernegi-kurulusunun-1-yilini-cadirli-kamp-etkinligi-ile-kutluyor\\\/\"},\"author\":{\"name\":\"haberkuzey\",\"@id\":\"https:\\\/\\\/haberkuzey.com\\\/#\\\/schema\\\/person\\\/3372109ec735f9333f4fa47ebb9605ca\"},\"headline\":\"KKTC \u0130zci Liderleri Derne\u011fi kurulu\u015funun 1. y\u0131l\u0131n\u0131 \u201c\u00e7ad\u0131rl\u0131 kamp\u201d etkinli\u011fi ile kutluyor.\",\"datePublished\":\"2024-05-09T10:25:56+00:00\",\"mainEntityOfPage\":{\"@id\":\"https:\\\/\\\/haberkuzey.com\\\/index.php\\\/2024\\\/05\\\/09\\\/kktc-izci-liderleri-dernegi-kurulusunun-1-yilini-cadirli-kamp-etkinligi-ile-kutluyor\\\/\"},\"wordCount\":256,\"commentCount\":0,\"image\":{\"@id\":\"https:\\\/\\\/haberkuzey.com\\\/index.php\\\/2024\\\/05\\\/09\\\/kktc-izci-liderleri-dernegi-kurulusunun-1-yilini-cadirli-kamp-etkinligi-ile-kutluyor\\\/#primaryimage\"},\"thumbnailUrl\":\"https:\\\/\\\/haberkuzey.com\\\/wp-content\\\/uploads\\\/2024\\\/05\\\/izci-ilder-1-.jpeg\",\"articleSection\":[\"K\u0131br\u0131s\"],\"inLanguage\":\"tr\",\"potentialAction\":[{\"@type\":\"CommentAction\",\"name\":\"Comment\",\"target\":[\"https:\\\/\\\/haberkuzey.com\\\/index.php\\\/2024\\\/05\\\/09\\\/kktc-izci-liderleri-dernegi-kurulusunun-1-yilini-cadirli-kamp-etkinligi-ile-kutluyor\\\/#respond\"]}]},{\"@type\":\"WebPage\",\"@id\":\"https:\\\/\\\/haberkuzey.com\\\/index.php\\\/2024\\\/05\\\/09\\\/kktc-izci-liderleri-dernegi-kurulusunun-1-yilini-cadirli-kamp-etkinligi-ile-kutluyor\\\/\",\"url\":\"https:\\\/\\\/haberkuzey.com\\\/index.php\\\/2024\\\/05\\\/09\\\/kktc-izci-liderleri-dernegi-kurulusunun-1-yilini-cadirli-kamp-etkinligi-ile-kutluyor\\\/\",\"name\":\"KKTC \u0130zci Liderleri Derne\u011fi kurulu\u015funun 1. y\u0131l\u0131n\u0131 \u201c\u00e7ad\u0131rl\u0131 kamp\u201d etkinli\u011fi ile kutluyor. - Haber Kuzey\",\"isPartOf\":{\"@id\":\"https:\\\/\\\/haberkuzey.com\\\/#website\"},\"primaryImageOfPage\":{\"@id\":\"https:\\\/\\\/haberkuzey.com\\\/index.php\\\/2024\\\/05\\\/09\\\/kktc-izci-liderleri-dernegi-kurulusunun-1-yilini-cadirli-kamp-etkinligi-ile-kutluyor\\\/#primaryimage\"},\"image\":{\"@id\":\"https:\\\/\\\/haberkuzey.com\\\/index.php\\\/2024\\\/05\\\/09\\\/kktc-izci-liderleri-dernegi-kurulusunun-1-yilini-cadirli-kamp-etkinligi-ile-kutluyor\\\/#primaryimage\"},\"thumbnailUrl\":\"https:\\\/\\\/haberkuzey.com\\\/wp-content\\\/uploads\\\/2024\\\/05\\\/izci-ilder-1-.jpeg\",\"datePublished\":\"2024-05-09T10:25:56+00:00\",\"author\":{\"@id\":\"https:\\\/\\\/haberkuzey.com\\\/#\\\/schema\\\/person\\\/3372109ec735f9333f4fa47ebb9605ca\"},\"breadcrumb\":{\"@id\":\"https:\\\/\\\/haberkuzey.com\\\/index.php\\\/2024\\\/05\\\/09\\\/kktc-izci-liderleri-dernegi-kurulusunun-1-yilini-cadirli-kamp-etkinligi-ile-kutluyor\\\/#breadcrumb\"},\"inLanguage\":\"tr\",\"potentialAction\":[{\"@type\":\"ReadAction\",\"target\":[\"https:\\\/\\\/haberkuzey.com\\\/index.php\\\/2024\\\/05\\\/09\\\/kktc-izci-liderleri-dernegi-kurulusunun-1-yilini-cadirli-kamp-etkinligi-ile-kutluyor\\\/\"]}]},{\"@type\":\"ImageObject\",\"inLanguage\":\"tr\",\"@id\":\"https:\\\/\\\/haberkuzey.com\\\/index.php\\\/2024\\\/05\\\/09\\\/kktc-izci-liderleri-dernegi-kurulusunun-1-yilini-cadirli-kamp-etkinligi-ile-kutluyor\\\/#primaryimage\",\"url\":\"https:\\\/\\\/haberkuzey.com\\\/wp-content\\\/uploads\\\/2024\\\/05\\\/izci-ilder-1-.jpeg\",\"contentUrl\":\"https:\\\/\\\/haberkuzey.com\\\/wp-content\\\/uploads\\\/2024\\\/05\\\/izci-ilder-1-.jpeg\",\"width\":898,\"height\":1600},{\"@type\":\"BreadcrumbList\",\"@id\":\"https:\\\/\\\/haberkuzey.com\\\/index.php\\\/2024\\\/05\\\/09\\\/kktc-izci-liderleri-dernegi-kurulusunun-1-yilini-cadirli-kamp-etkinligi-ile-kutluyor\\\/#breadcrumb\",\"itemListElement\":[{\"@type\":\"ListItem\",\"position\":1,\"name\":\"Anasayfa\",\"item\":\"https:\\\/\\\/haberkuzey.com\\\/\"},{\"@type\":\"ListItem\",\"position\":2,\"name\":\"KKTC \u0130zci Liderleri Derne\u011fi kurulu\u015funun 1. y\u0131l\u0131n\u0131 \u201c\u00e7ad\u0131rl\u0131 kamp\u201d etkinli\u011fi ile kutluyor.\"}]},{\"@type\":\"WebSite\",\"@id\":\"https:\\\/\\\/haberkuzey.com\\\/#website\",\"url\":\"https:\\\/\\\/haberkuzey.com\\\/\",\"name\":\"Haber Kuzey\",\"description\":\"Do\u011fru Haberin Adresi\",\"potentialAction\":[{\"@type\":\"SearchAction\",\"target\":{\"@type\":\"EntryPoint\",\"urlTemplate\":\"https:\\\/\\\/haberkuzey.com\\\/?s={search_term_string}\"},\"query-input\":{\"@type\":\"PropertyValueSpecification\",\"valueRequired\":true,\"valueName\":\"search_term_string\"}}],\"inLanguage\":\"tr\"},{\"@type\":\"Person\",\"@id\":\"https:\\\/\\\/haberkuzey.com\\\/#\\\/schema\\\/person\\\/3372109ec735f9333f4fa47ebb9605ca\",\"name\":\"haberkuzey\",\"image\":{\"@type\":\"ImageObject\",\"inLanguage\":\"tr\",\"@id\":\"https:\\\/\\\/secure.gravatar.com\\\/avatar\\\/f5fc875574b1575324358c3b9e6a32b8227aa5b74f3fa22e3cadb63e26fcc39c?s=96&d=mm&r=g\",\"url\":\"https:\\\/\\\/secure.gravatar.com\\\/avatar\\\/f5fc875574b1575324358c3b9e6a32b8227aa5b74f3fa22e3cadb63e26fcc39c?s=96&d=mm&r=g\",\"contentUrl\":\"https:\\\/\\\/secure.gravatar.com\\\/avatar\\\/f5fc875574b1575324358c3b9e6a32b8227aa5b74f3fa22e3cadb63e26fcc39c?s=96&d=mm&r=g\",\"caption\":\"haberkuzey\"},\"sameAs\":[\"https:\\\/\\\/haberkuzey.com\"],\"url\":\"https:\\\/\\\/haberkuzey.com\\\/index.php\\\/author\\\/haberkuzey\\\/\"}]}<\/script>\n<!-- \/ Yoast SEO plugin. -->","yoast_head_json":{"title":"KKTC \u0130zci Liderleri Derne\u011fi kurulu\u015funun 1. y\u0131l\u0131n\u0131 \u201c\u00e7ad\u0131rl\u0131 kamp\u201d etkinli\u011fi ile kutluyor. - Haber Kuzey","robots":{"index":"index","follow":"follow","max-snippet":"max-snippet:-1","max-image-preview":"max-image-preview:large","max-video-preview":"max-video-preview:-1"},"canonical":"https:\/\/haberkuzey.com\/index.php\/2024\/05\/09\/kktc-izci-liderleri-dernegi-kurulusunun-1-yilini-cadirli-kamp-etkinligi-ile-kutluyor\/","og_locale":"tr_TR","og_type":"article","og_title":"KKTC \u0130zci Liderleri Derne\u011fi kurulu\u015funun 1. y\u0131l\u0131n\u0131 \u201c\u00e7ad\u0131rl\u0131 kamp\u201d etkinli\u011fi ile kutluyor. - Haber Kuzey","og_description":"KKTC \u0130zci Liderleri Derne\u011fi (\u0130LDER)kurulu\u015funun 1. y\u0131l\u0131n\u0131 \u201c\u00e7ad\u0131rl\u0131 kamp\u201d etkinli\u011fi ile kutluyor. \u0130LDER\u2019den verilen bilgiye g\u00f6re, 10-11 May\u0131s tarihlerinde, Bo\u011faz Piknik Alan\u0131\u2019nda, 40 izci liderinin kat\u0131l\u0131m\u0131yla ger\u00e7ekle\u015fecek birinci y\u0131l etkinli\u011fi \u00e7er\u00e7evesinde yap\u0131lacak kampta saat 20.30\u2019da kutlama etkinlikleri ba\u015flayacak. Atat\u00fcrk ilkelerine ba\u011fl\u0131, Kuzey K\u0131br\u0131s T\u00fcrk Cumhuriyeti\u2019nin k\u00fclt\u00fcrel, manevi de\u011ferlerini ya\u015fatmak ilkesiyle; ba\u015fta izci liderleri olmak \u00fczere [&hellip;]","og_url":"https:\/\/haberkuzey.com\/index.php\/2024\/05\/09\/kktc-izci-liderleri-dernegi-kurulusunun-1-yilini-cadirli-kamp-etkinligi-ile-kutluyor\/","og_site_name":"Haber Kuzey","article_published_time":"2024-05-09T10:25:56+00:00","og_image":[{"url":"https:\/\/brtk.net\/wp-content\/uploads\/2024\/05\/09\/izci-ilder-1-.jpeg?ver=7fe7ff1e681a7efe4ff9eaa4f1f71068","type":"","width":"","height":""}],"author":"haberkuzey","twitter_card":"summary_large_image","twitter_misc":{"Yazan:":"haberkuzey","Tahmini okuma s\u00fcresi":"1 dakika"},"schema":{"@context":"https:\/\/schema.org","@graph":[{"@type":"Article","@id":"https:\/\/haberkuzey.com\/index.php\/2024\/05\/09\/kktc-izci-liderleri-dernegi-kurulusunun-1-yilini-cadirli-kamp-etkinligi-ile-kutluyor\/#article","isPartOf":{"@id":"https:\/\/haberkuzey.com\/index.php\/2024\/05\/09\/kktc-izci-liderleri-dernegi-kurulusunun-1-yilini-cadirli-kamp-etkinligi-ile-kutluyor\/"},"author":{"name":"haberkuzey","@id":"https:\/\/haberkuzey.com\/#\/schema\/person\/3372109ec735f9333f4fa47ebb9605ca"},"headline":"KKTC \u0130zci Liderleri Derne\u011fi kurulu\u015funun 1. y\u0131l\u0131n\u0131 \u201c\u00e7ad\u0131rl\u0131 kamp\u201d etkinli\u011fi ile kutluyor.","datePublished":"2024-05-09T10:25:56+00:00","mainEntityOfPage":{"@id":"https:\/\/haberkuzey.com\/index.php\/2024\/05\/09\/kktc-izci-liderleri-dernegi-kurulusunun-1-yilini-cadirli-kamp-etkinligi-ile-kutluyor\/"},"wordCount":256,"commentCount":0,"image":{"@id":"https:\/\/haberkuzey.com\/index.php\/2024\/05\/09\/kktc-izci-liderleri-dernegi-kurulusunun-1-yilini-cadirli-kamp-etkinligi-ile-kutluyor\/#primaryimage"},"thumbnailUrl":"https:\/\/haberkuzey.com\/wp-content\/uploads\/2024\/05\/izci-ilder-1-.jpeg","articleSection":["K\u0131br\u0131s"],"inLanguage":"tr","potentialAction":[{"@type":"CommentAction","name":"Comment","target":["https:\/\/haberkuzey.com\/index.php\/2024\/05\/09\/kktc-izci-liderleri-dernegi-kurulusunun-1-yilini-cadirli-kamp-etkinligi-ile-kutluyor\/#respond"]}]},{"@type":"WebPage","@id":"https:\/\/haberkuzey.com\/index.php\/2024\/05\/09\/kktc-izci-liderleri-dernegi-kurulusunun-1-yilini-cadirli-kamp-etkinligi-ile-kutluyor\/","url":"https:\/\/haberkuzey.com\/index.php\/2024\/05\/09\/kktc-izci-liderleri-dernegi-kurulusunun-1-yilini-cadirli-kamp-etkinligi-ile-kutluyor\/","name":"KKTC \u0130zci Liderleri Derne\u011fi kurulu\u015funun 1. y\u0131l\u0131n\u0131 \u201c\u00e7ad\u0131rl\u0131 kamp\u201d etkinli\u011fi ile kutluyor. - Haber Kuzey","isPartOf":{"@id":"https:\/\/haberkuzey.com\/#website"},"primaryImageOfPage":{"@id":"https:\/\/haberkuzey.com\/index.php\/2024\/05\/09\/kktc-izci-liderleri-dernegi-kurulusunun-1-yilini-cadirli-kamp-etkinligi-ile-kutluyor\/#primaryimage"},"image":{"@id":"https:\/\/haberkuzey.com\/index.php\/2024\/05\/09\/kktc-izci-liderleri-dernegi-kurulusunun-1-yilini-cadirli-kamp-etkinligi-ile-kutluyor\/#primaryimage"},"thumbnailUrl":"https:\/\/haberkuzey.com\/wp-content\/uploads\/2024\/05\/izci-ilder-1-.jpeg","datePublished":"2024-05-09T10:25:56+00:00","author":{"@id":"https:\/\/haberkuzey.com\/#\/schema\/person\/3372109ec735f9333f4fa47ebb9605ca"},"breadcrumb":{"@id":"https:\/\/haberkuzey.com\/index.php\/2024\/05\/09\/kktc-izci-liderleri-dernegi-kurulusunun-1-yilini-cadirli-kamp-etkinligi-ile-kutluyor\/#breadcrumb"},"inLanguage":"tr","potentialAction":[{"@type":"ReadAction","target":["https:\/\/haberkuzey.com\/index.php\/2024\/05\/09\/kktc-izci-liderleri-dernegi-kurulusunun-1-yilini-cadirli-kamp-etkinligi-ile-kutluyor\/"]}]},{"@type":"ImageObject","inLanguage":"tr","@id":"https:\/\/haberkuzey.com\/index.php\/2024\/05\/09\/kktc-izci-liderleri-dernegi-kurulusunun-1-yilini-cadirli-kamp-etkinligi-ile-kutluyor\/#primaryimage","url":"https:\/\/haberkuzey.com\/wp-content\/uploads\/2024\/05\/izci-ilder-1-.jpeg","contentUrl":"https:\/\/haberkuzey.com\/wp-content\/uploads\/2024\/05\/izci-ilder-1-.jpeg","width":898,"height":1600},{"@type":"BreadcrumbList","@id":"https:\/\/haberkuzey.com\/index.php\/2024\/05\/09\/kktc-izci-liderleri-dernegi-kurulusunun-1-yilini-cadirli-kamp-etkinligi-ile-kutluyor\/#breadcrumb","itemListElement":[{"@type":"ListItem","position":1,"name":"Anasayfa","item":"https:\/\/haberkuzey.com\/"},{"@type":"ListItem","position":2,"name":"KKTC \u0130zci Liderleri Derne\u011fi kurulu\u015funun 1. y\u0131l\u0131n\u0131 \u201c\u00e7ad\u0131rl\u0131 kamp\u201d etkinli\u011fi ile kutluyor."}]},{"@type":"WebSite","@id":"https:\/\/haberkuzey.com\/#website","url":"https:\/\/haberkuzey.com\/","name":"Haber Kuzey","description":"Do\u011fru Haberin Adresi","potentialAction":[{"@type":"SearchAction","target":{"@type":"EntryPoint","urlTemplate":"https:\/\/haberkuzey.com\/?s={search_term_string}"},"query-input":{"@type":"PropertyValueSpecification","valueRequired":true,"valueName":"search_term_string"}}],"inLanguage":"tr"},{"@type":"Person","@id":"https:\/\/haberkuzey.com\/#\/schema\/person\/3372109ec735f9333f4fa47ebb9605ca","name":"haberkuzey","image":{"@type":"ImageObject","inLanguage":"tr","@id":"https:\/\/secure.gravatar.com\/avatar\/f5fc875574b1575324358c3b9e6a32b8227aa5b74f3fa22e3cadb63e26fcc39c?s=96&d=mm&r=g","url":"https:\/\/secure.gravatar.com\/avatar\/f5fc875574b1575324358c3b9e6a32b8227aa5b74f3fa22e3cadb63e26fcc39c?s=96&d=mm&r=g","contentUrl":"https:\/\/secure.gravatar.com\/avatar\/f5fc875574b1575324358c3b9e6a32b8227aa5b74f3fa22e3cadb63e26fcc39c?s=96&d=mm&r=g","caption":"haberkuzey"},"sameAs":["https:\/\/haberkuzey.com"],"url":"https:\/\/haberkuzey.com\/index.php\/author\/haberkuzey\/"}]}},"_links":{"self":[{"href":"https:\/\/haberkuzey.com\/index.php\/wp-json\/wp\/v2\/posts\/1828","targetHints":{"allow":["GET"]}}],"collection":[{"href":"https:\/\/haberkuzey.com\/index.php\/wp-json\/wp\/v2\/posts"}],"about":[{"href":"https:\/\/haberkuzey.com\/index.php\/wp-json\/wp\/v2\/types\/post"}],"author":[{"embeddable":true,"href":"https:\/\/haberkuzey.com\/index.php\/wp-json\/wp\/v2\/users\/1"}],"replies":[{"embeddable":true,"href":"https:\/\/haberkuzey.com\/index.php\/wp-json\/wp\/v2\/comments?post=1828"}],"version-history":[{"count":0,"href":"https:\/\/haberkuzey.com\/index.php\/wp-json\/wp\/v2\/posts\/1828\/revisions"}],"wp:featuredmedia":[{"embeddable":true,"href":"https:\/\/haberkuzey.com\/index.php\/wp-json\/wp\/v2\/media\/1829"}],"wp:attachment":[{"href":"https:\/\/haberkuzey.com\/index.php\/wp-json\/wp\/v2\/media?parent=1828"}],"wp:term":[{"taxonomy":"category","embeddable":true,"href":"https:\/\/haberkuzey.com\/index.php\/wp-json\/wp\/v2\/categories?post=1828"},{"taxonomy":"post_tag","embeddable":true,"href":"https:\/\/haberkuzey.com\/index.php\/wp-json\/wp\/v2\/tags?post=1828"}],"curies":[{"name":"wp","href":"https:\/\/api.w.org\/{rel}","templated":true}]}}