{"id":18177,"date":"2025-02-15T12:04:10","date_gmt":"2025-02-15T10:04:10","guid":{"rendered":"https:\/\/haberkuzey.com\/index.php\/2025\/02\/15\/gaziantepte-51-kisinin-oldugu-apartmana-iliskin-kolon-kesilmesine-yonelik-yeni-iddianame\/"},"modified":"2025-02-15T12:04:10","modified_gmt":"2025-02-15T10:04:10","slug":"gaziantepte-51-kisinin-oldugu-apartmana-iliskin-kolon-kesilmesine-yonelik-yeni-iddianame","status":"publish","type":"post","link":"https:\/\/haberkuzey.com\/index.php\/2025\/02\/15\/gaziantepte-51-kisinin-oldugu-apartmana-iliskin-kolon-kesilmesine-yonelik-yeni-iddianame\/","title":{"rendered":"Gaziantep\u2019te 51 ki\u015finin \u00f6ld\u00fc\u011f\u00fc apartmana ili\u015fkin kolon kesilmesine y\u00f6nelik yeni iddianame"},"content":{"rendered":"<div>\n<div class=\"mariselle-image-container center\">\n                                            <\/div>\n<p> Gaziantep\u2019in Nizip il\u00e7esinde 51 ki\u015finin hayat\u0131n\u0131 kaybetti\u011fi Furkan Apartman\u0131\u2019na ili\u015fkin kolon kesilmesiyle ilgili yeni iddianame haz\u0131rland\u0131.<\/p>\n<p>Nizip A\u011f\u0131r Ceza Mahkemesince, Kahramanmara\u015f merkezli depremlerde 51 ki\u015finin hayat\u0131n\u0131 kaybetti\u011fi Furkan Apartman\u0131\u2019na ili\u015fkin 19 Temmuz 2024\u2019te g\u00f6r\u00fclen karar duru\u015fmas\u0131nda, m\u00fchendis Y\u0131lmaz \u015eahin Yurtyapan\u2019a 16 y\u0131l 8 ay hapis cezas\u0131 verilmi\u015f ve kolon kesilmesine ili\u015fkin su\u00e7 duyurusunda bulunmu\u015ftu.<\/p>\n<p>Nizip Cumhuriyet Ba\u015fsavc\u0131l\u0131\u011f\u0131nca apartman\u0131n giri\u015f kat\u0131nda otomobil bayisinde \u00e7al\u0131\u015fan Co\u015fkun \u015eahin ve karde\u015fi \u00d6mer \u015eahin hakk\u0131nda y\u00fcr\u00fct\u00fclen soru\u015fturma tamamland\u0131.<\/p>\n<p>Tutuksuz san\u0131klar hakk\u0131nda \u201cbilin\u00e7li taksirle birden fazla ki\u015finin \u00f6l\u00fcm\u00fcne ve yaralanmas\u0131na neden olma\u201d su\u00e7undan 22 y\u0131l 6\u2019\u015far aya kadar hapis cezas\u0131 talep edilen iddianame, Nizip A\u011f\u0131r Ceza Mahkemesince kabul edildi.<\/p>\n<p>\u00d6ncedeki dava dosyas\u0131nda yer alan bilirki\u015fi raporunda S11 kolonunun bodrum kattan kesildi\u011fine dair bilginin yer ald\u0131\u011f\u0131 hat\u0131rlat\u0131lan iddianamede, tan\u0131k M.S.\u00c7\u2019nin ifadelerine yer verildi.<\/p>\n<p>Kolon kesme olay\u0131na \u015fahit oldu\u011funu ifade eden tan\u0131k, \u201c2001 y\u0131l\u0131nda Co\u015fkun \u015eahin servisin i\u00e7erisinde in\u015faat yapt\u0131\u011f\u0131n\u0131 g\u00f6rd\u00fcm. Ben sat\u0131\u015f m\u00fcd\u00fcr\u00fc oldu\u011fumdan dolay\u0131 servise gelen ara\u00e7lar\u0131n bak\u0131m i\u015fi ile de ilgileniyordum. Co\u015fkun Sahin\u2019i kolon kestirirken g\u00f6rd\u00fcm ve kendisini uyard\u0131m. Bunun \u00fczerine kendisi ile tart\u0131\u015ft\u0131k. Tekrar tekrar uyarmama ra\u011fmen kolonu kesip servis alan\u0131n\u0131 geni\u015fletece\u011fini s\u00f6yleyince, durumu kendi patronum Nejdet Alpay\u2019a aktard\u0131m ancak o da bir \u015fey yapmay\u0131nca ben de mecburen sessiz kald\u0131m.\u201d ifadeleri yer ald\u0131.<\/p>\n<p>Bilirki\u015fi raporu ile tan\u0131k ifadelerinin uyu\u015ftu\u011fu ifade edilen iddianamede, \u201cNejdet Alpay hakk\u0131nda daha evvel ayn\u0131 konu ile ilgili iddianame d\u00fczenlendi\u011finden yeniden iddianame d\u00fczenlenmemi\u015f, di\u011fer \u015f\u00fcpheliler hakk\u0131nda ise kolon kesmek suretiyle binan\u0131n y\u0131k\u0131lmas\u0131na sebep olduklar\u0131 ve neticesinde \u00fczerlerine at\u0131l\u0131 su\u00e7u i\u015fledikleri hususunda iddianame haz\u0131rlanmas\u0131 i\u00e7in yeterli delil elde edildi\u011fi anla\u015f\u0131lm\u0131\u015ft\u0131r.\u201d denildi.<\/p>\n<p><em>\u2013 Dava ge\u00e7mi\u015fi<\/em><\/p>\n<p>Nizip Cumhuriyet Ba\u015fsavc\u0131l\u0131\u011f\u0131nca, 6 \u015eubat 2023\u2019teki depremlerde y\u0131k\u0131lan ve 51 ki\u015finin hayat\u0131n\u0131 kaybetti\u011fi, \u00e7ok say\u0131da ki\u015finin yaraland\u0131\u011f\u0131 Mustafa K\u00f6kmen Bulvar\u0131\u2019ndaki Furkan Apartman\u0131\u2019na ili\u015fkin 6 san\u0131k hakk\u0131nda dava a\u00e7\u0131lm\u0131\u015f, Nizip A\u011f\u0131r Ceza Mahkemesince, 19 Temmuz\u2019da g\u00f6r\u00fclen karar duru\u015fmas\u0131nda m\u00fchendis Y\u0131lmaz \u015eahin Yurtyapan\u2019a 16 y\u0131l 8 ay hapis cezas\u0131 verilmi\u015f, di\u011fer san\u0131klar ise beraat etmi\u015fti.<\/p>\n<\/p><\/div>\n<p><script async\n                    defer\n                    crossorigin=\"anonymous\"\n                    src=\"https:\/\/connect.facebook.net\/tr_TR\/sdk.js#xfbml=1&#038;version=v3.3\"\n            ><\/script><\/p>\n","protected":false},"excerpt":{"rendered":"<p>Gaziantep\u2019in Nizip il\u00e7esinde 51 ki\u015finin hayat\u0131n\u0131 kaybetti\u011fi Furkan Apartman\u0131\u2019na ili\u015fkin kolon kesilmesiyle ilgili yeni iddianame haz\u0131rland\u0131. Nizip A\u011f\u0131r Ceza Mahkemesince, Kahramanmara\u015f merkezli depremlerde 51 ki\u015finin hayat\u0131n\u0131 kaybetti\u011fi Furkan Apartman\u0131\u2019na ili\u015fkin 19 Temmuz 2024\u2019te g\u00f6r\u00fclen karar duru\u015fmas\u0131nda, m\u00fchendis Y\u0131lmaz \u015eahin Yurtyapan\u2019a 16 y\u0131l 8 ay hapis cezas\u0131 verilmi\u015f ve kolon kesilmesine ili\u015fkin su\u00e7 duyurusunda bulunmu\u015ftu. Nizip [&hellip;]<\/p>\n","protected":false},"author":1,"featured_media":18178,"comment_status":"open","ping_status":"open","sticky":false,"template":"","format":"standard","meta":{"jnews-multi-image_gallery":[],"jnews_single_post":[],"jnews_primary_category":[],"footnotes":""},"categories":[2],"tags":[],"class_list":["post-18177","post","type-post","status-publish","format-standard","has-post-thumbnail","hentry","category-dunya"],"yoast_head":"<!-- This site is optimized with the Yoast SEO plugin v27.5 - https:\/\/yoast.com\/product\/yoast-seo-wordpress\/ -->\n<title>Gaziantep\u2019te 51 ki\u015finin \u00f6ld\u00fc\u011f\u00fc apartmana ili\u015fkin kolon kesilmesine y\u00f6nelik yeni iddianame - Haber Kuzey<\/title>\n<meta name=\"robots\" content=\"index, follow, max-snippet:-1, max-image-preview:large, max-video-preview:-1\" \/>\n<link rel=\"canonical\" href=\"https:\/\/haberkuzey.com\/index.php\/2025\/02\/15\/gaziantepte-51-kisinin-oldugu-apartmana-iliskin-kolon-kesilmesine-yonelik-yeni-iddianame\/\" \/>\n<meta property=\"og:locale\" content=\"tr_TR\" \/>\n<meta property=\"og:type\" content=\"article\" \/>\n<meta property=\"og:title\" content=\"Gaziantep\u2019te 51 ki\u015finin \u00f6ld\u00fc\u011f\u00fc apartmana ili\u015fkin kolon kesilmesine y\u00f6nelik yeni iddianame - Haber Kuzey\" \/>\n<meta property=\"og:description\" content=\"Gaziantep\u2019in Nizip il\u00e7esinde 51 ki\u015finin hayat\u0131n\u0131 kaybetti\u011fi Furkan Apartman\u0131\u2019na ili\u015fkin kolon kesilmesiyle ilgili yeni iddianame haz\u0131rland\u0131. Nizip A\u011f\u0131r Ceza Mahkemesince, Kahramanmara\u015f merkezli depremlerde 51 ki\u015finin hayat\u0131n\u0131 kaybetti\u011fi Furkan Apartman\u0131\u2019na ili\u015fkin 19 Temmuz 2024\u2019te g\u00f6r\u00fclen karar duru\u015fmas\u0131nda, m\u00fchendis Y\u0131lmaz \u015eahin Yurtyapan\u2019a 16 y\u0131l 8 ay hapis cezas\u0131 verilmi\u015f ve kolon kesilmesine ili\u015fkin su\u00e7 duyurusunda bulunmu\u015ftu. Nizip [&hellip;]\" \/>\n<meta property=\"og:url\" content=\"https:\/\/haberkuzey.com\/index.php\/2025\/02\/15\/gaziantepte-51-kisinin-oldugu-apartmana-iliskin-kolon-kesilmesine-yonelik-yeni-iddianame\/\" \/>\n<meta property=\"og:site_name\" content=\"Haber Kuzey\" \/>\n<meta property=\"article:published_time\" content=\"2025-02-15T10:04:10+00:00\" \/>\n<meta property=\"og:image\" content=\"https:\/\/brtk.net\/wp-content\/uploads\/2025\/02\/15\/979797.jpg?ver=4d3a84d433637232294a0d0cac7411b1\" \/>\n<meta name=\"author\" content=\"haberkuzey\" \/>\n<meta name=\"twitter:card\" content=\"summary_large_image\" \/>\n<meta name=\"twitter:label1\" content=\"Yazan:\" \/>\n\t<meta name=\"twitter:data1\" content=\"haberkuzey\" \/>\n\t<meta name=\"twitter:label2\" content=\"Tahmini okuma s\u00fcresi\" \/>\n\t<meta name=\"twitter:data2\" content=\"2 dakika\" \/>\n<script type=\"application\/ld+json\" class=\"yoast-schema-graph\">{\"@context\":\"https:\\\/\\\/schema.org\",\"@graph\":[{\"@type\":\"Article\",\"@id\":\"https:\\\/\\\/haberkuzey.com\\\/index.php\\\/2025\\\/02\\\/15\\\/gaziantepte-51-kisinin-oldugu-apartmana-iliskin-kolon-kesilmesine-yonelik-yeni-iddianame\\\/#article\",\"isPartOf\":{\"@id\":\"https:\\\/\\\/haberkuzey.com\\\/index.php\\\/2025\\\/02\\\/15\\\/gaziantepte-51-kisinin-oldugu-apartmana-iliskin-kolon-kesilmesine-yonelik-yeni-iddianame\\\/\"},\"author\":{\"name\":\"haberkuzey\",\"@id\":\"https:\\\/\\\/haberkuzey.com\\\/#\\\/schema\\\/person\\\/3372109ec735f9333f4fa47ebb9605ca\"},\"headline\":\"Gaziantep\u2019te 51 ki\u015finin \u00f6ld\u00fc\u011f\u00fc apartmana ili\u015fkin kolon kesilmesine y\u00f6nelik yeni iddianame\",\"datePublished\":\"2025-02-15T10:04:10+00:00\",\"mainEntityOfPage\":{\"@id\":\"https:\\\/\\\/haberkuzey.com\\\/index.php\\\/2025\\\/02\\\/15\\\/gaziantepte-51-kisinin-oldugu-apartmana-iliskin-kolon-kesilmesine-yonelik-yeni-iddianame\\\/\"},\"wordCount\":449,\"commentCount\":0,\"image\":{\"@id\":\"https:\\\/\\\/haberkuzey.com\\\/index.php\\\/2025\\\/02\\\/15\\\/gaziantepte-51-kisinin-oldugu-apartmana-iliskin-kolon-kesilmesine-yonelik-yeni-iddianame\\\/#primaryimage\"},\"thumbnailUrl\":\"https:\\\/\\\/haberkuzey.com\\\/wp-content\\\/uploads\\\/2025\\\/02\\\/979797.jpg\",\"articleSection\":[\"D\u00fcnya\"],\"inLanguage\":\"tr\",\"potentialAction\":[{\"@type\":\"CommentAction\",\"name\":\"Comment\",\"target\":[\"https:\\\/\\\/haberkuzey.com\\\/index.php\\\/2025\\\/02\\\/15\\\/gaziantepte-51-kisinin-oldugu-apartmana-iliskin-kolon-kesilmesine-yonelik-yeni-iddianame\\\/#respond\"]}]},{\"@type\":\"WebPage\",\"@id\":\"https:\\\/\\\/haberkuzey.com\\\/index.php\\\/2025\\\/02\\\/15\\\/gaziantepte-51-kisinin-oldugu-apartmana-iliskin-kolon-kesilmesine-yonelik-yeni-iddianame\\\/\",\"url\":\"https:\\\/\\\/haberkuzey.com\\\/index.php\\\/2025\\\/02\\\/15\\\/gaziantepte-51-kisinin-oldugu-apartmana-iliskin-kolon-kesilmesine-yonelik-yeni-iddianame\\\/\",\"name\":\"Gaziantep\u2019te 51 ki\u015finin \u00f6ld\u00fc\u011f\u00fc apartmana ili\u015fkin kolon kesilmesine y\u00f6nelik yeni iddianame - Haber Kuzey\",\"isPartOf\":{\"@id\":\"https:\\\/\\\/haberkuzey.com\\\/#website\"},\"primaryImageOfPage\":{\"@id\":\"https:\\\/\\\/haberkuzey.com\\\/index.php\\\/2025\\\/02\\\/15\\\/gaziantepte-51-kisinin-oldugu-apartmana-iliskin-kolon-kesilmesine-yonelik-yeni-iddianame\\\/#primaryimage\"},\"image\":{\"@id\":\"https:\\\/\\\/haberkuzey.com\\\/index.php\\\/2025\\\/02\\\/15\\\/gaziantepte-51-kisinin-oldugu-apartmana-iliskin-kolon-kesilmesine-yonelik-yeni-iddianame\\\/#primaryimage\"},\"thumbnailUrl\":\"https:\\\/\\\/haberkuzey.com\\\/wp-content\\\/uploads\\\/2025\\\/02\\\/979797.jpg\",\"datePublished\":\"2025-02-15T10:04:10+00:00\",\"author\":{\"@id\":\"https:\\\/\\\/haberkuzey.com\\\/#\\\/schema\\\/person\\\/3372109ec735f9333f4fa47ebb9605ca\"},\"breadcrumb\":{\"@id\":\"https:\\\/\\\/haberkuzey.com\\\/index.php\\\/2025\\\/02\\\/15\\\/gaziantepte-51-kisinin-oldugu-apartmana-iliskin-kolon-kesilmesine-yonelik-yeni-iddianame\\\/#breadcrumb\"},\"inLanguage\":\"tr\",\"potentialAction\":[{\"@type\":\"ReadAction\",\"target\":[\"https:\\\/\\\/haberkuzey.com\\\/index.php\\\/2025\\\/02\\\/15\\\/gaziantepte-51-kisinin-oldugu-apartmana-iliskin-kolon-kesilmesine-yonelik-yeni-iddianame\\\/\"]}]},{\"@type\":\"ImageObject\",\"inLanguage\":\"tr\",\"@id\":\"https:\\\/\\\/haberkuzey.com\\\/index.php\\\/2025\\\/02\\\/15\\\/gaziantepte-51-kisinin-oldugu-apartmana-iliskin-kolon-kesilmesine-yonelik-yeni-iddianame\\\/#primaryimage\",\"url\":\"https:\\\/\\\/haberkuzey.com\\\/wp-content\\\/uploads\\\/2025\\\/02\\\/979797.jpg\",\"contentUrl\":\"https:\\\/\\\/haberkuzey.com\\\/wp-content\\\/uploads\\\/2025\\\/02\\\/979797.jpg\",\"width\":864,\"height\":486},{\"@type\":\"BreadcrumbList\",\"@id\":\"https:\\\/\\\/haberkuzey.com\\\/index.php\\\/2025\\\/02\\\/15\\\/gaziantepte-51-kisinin-oldugu-apartmana-iliskin-kolon-kesilmesine-yonelik-yeni-iddianame\\\/#breadcrumb\",\"itemListElement\":[{\"@type\":\"ListItem\",\"position\":1,\"name\":\"Anasayfa\",\"item\":\"https:\\\/\\\/haberkuzey.com\\\/\"},{\"@type\":\"ListItem\",\"position\":2,\"name\":\"Gaziantep\u2019te 51 ki\u015finin \u00f6ld\u00fc\u011f\u00fc apartmana ili\u015fkin kolon kesilmesine y\u00f6nelik yeni iddianame\"}]},{\"@type\":\"WebSite\",\"@id\":\"https:\\\/\\\/haberkuzey.com\\\/#website\",\"url\":\"https:\\\/\\\/haberkuzey.com\\\/\",\"name\":\"Haber Kuzey\",\"description\":\"Do\u011fru Haberin Adresi\",\"potentialAction\":[{\"@type\":\"SearchAction\",\"target\":{\"@type\":\"EntryPoint\",\"urlTemplate\":\"https:\\\/\\\/haberkuzey.com\\\/?s={search_term_string}\"},\"query-input\":{\"@type\":\"PropertyValueSpecification\",\"valueRequired\":true,\"valueName\":\"search_term_string\"}}],\"inLanguage\":\"tr\"},{\"@type\":\"Person\",\"@id\":\"https:\\\/\\\/haberkuzey.com\\\/#\\\/schema\\\/person\\\/3372109ec735f9333f4fa47ebb9605ca\",\"name\":\"haberkuzey\",\"image\":{\"@type\":\"ImageObject\",\"inLanguage\":\"tr\",\"@id\":\"https:\\\/\\\/secure.gravatar.com\\\/avatar\\\/f5fc875574b1575324358c3b9e6a32b8227aa5b74f3fa22e3cadb63e26fcc39c?s=96&d=mm&r=g\",\"url\":\"https:\\\/\\\/secure.gravatar.com\\\/avatar\\\/f5fc875574b1575324358c3b9e6a32b8227aa5b74f3fa22e3cadb63e26fcc39c?s=96&d=mm&r=g\",\"contentUrl\":\"https:\\\/\\\/secure.gravatar.com\\\/avatar\\\/f5fc875574b1575324358c3b9e6a32b8227aa5b74f3fa22e3cadb63e26fcc39c?s=96&d=mm&r=g\",\"caption\":\"haberkuzey\"},\"sameAs\":[\"https:\\\/\\\/haberkuzey.com\"],\"url\":\"https:\\\/\\\/haberkuzey.com\\\/index.php\\\/author\\\/haberkuzey\\\/\"}]}<\/script>\n<!-- \/ Yoast SEO plugin. -->","yoast_head_json":{"title":"Gaziantep\u2019te 51 ki\u015finin \u00f6ld\u00fc\u011f\u00fc apartmana ili\u015fkin kolon kesilmesine y\u00f6nelik yeni iddianame - Haber Kuzey","robots":{"index":"index","follow":"follow","max-snippet":"max-snippet:-1","max-image-preview":"max-image-preview:large","max-video-preview":"max-video-preview:-1"},"canonical":"https:\/\/haberkuzey.com\/index.php\/2025\/02\/15\/gaziantepte-51-kisinin-oldugu-apartmana-iliskin-kolon-kesilmesine-yonelik-yeni-iddianame\/","og_locale":"tr_TR","og_type":"article","og_title":"Gaziantep\u2019te 51 ki\u015finin \u00f6ld\u00fc\u011f\u00fc apartmana ili\u015fkin kolon kesilmesine y\u00f6nelik yeni iddianame - Haber Kuzey","og_description":"Gaziantep\u2019in Nizip il\u00e7esinde 51 ki\u015finin hayat\u0131n\u0131 kaybetti\u011fi Furkan Apartman\u0131\u2019na ili\u015fkin kolon kesilmesiyle ilgili yeni iddianame haz\u0131rland\u0131. Nizip A\u011f\u0131r Ceza Mahkemesince, Kahramanmara\u015f merkezli depremlerde 51 ki\u015finin hayat\u0131n\u0131 kaybetti\u011fi Furkan Apartman\u0131\u2019na ili\u015fkin 19 Temmuz 2024\u2019te g\u00f6r\u00fclen karar duru\u015fmas\u0131nda, m\u00fchendis Y\u0131lmaz \u015eahin Yurtyapan\u2019a 16 y\u0131l 8 ay hapis cezas\u0131 verilmi\u015f ve kolon kesilmesine ili\u015fkin su\u00e7 duyurusunda bulunmu\u015ftu. Nizip [&hellip;]","og_url":"https:\/\/haberkuzey.com\/index.php\/2025\/02\/15\/gaziantepte-51-kisinin-oldugu-apartmana-iliskin-kolon-kesilmesine-yonelik-yeni-iddianame\/","og_site_name":"Haber Kuzey","article_published_time":"2025-02-15T10:04:10+00:00","og_image":[{"url":"https:\/\/brtk.net\/wp-content\/uploads\/2025\/02\/15\/979797.jpg?ver=4d3a84d433637232294a0d0cac7411b1","type":"","width":"","height":""}],"author":"haberkuzey","twitter_card":"summary_large_image","twitter_misc":{"Yazan:":"haberkuzey","Tahmini okuma s\u00fcresi":"2 dakika"},"schema":{"@context":"https:\/\/schema.org","@graph":[{"@type":"Article","@id":"https:\/\/haberkuzey.com\/index.php\/2025\/02\/15\/gaziantepte-51-kisinin-oldugu-apartmana-iliskin-kolon-kesilmesine-yonelik-yeni-iddianame\/#article","isPartOf":{"@id":"https:\/\/haberkuzey.com\/index.php\/2025\/02\/15\/gaziantepte-51-kisinin-oldugu-apartmana-iliskin-kolon-kesilmesine-yonelik-yeni-iddianame\/"},"author":{"name":"haberkuzey","@id":"https:\/\/haberkuzey.com\/#\/schema\/person\/3372109ec735f9333f4fa47ebb9605ca"},"headline":"Gaziantep\u2019te 51 ki\u015finin \u00f6ld\u00fc\u011f\u00fc apartmana ili\u015fkin kolon kesilmesine y\u00f6nelik yeni iddianame","datePublished":"2025-02-15T10:04:10+00:00","mainEntityOfPage":{"@id":"https:\/\/haberkuzey.com\/index.php\/2025\/02\/15\/gaziantepte-51-kisinin-oldugu-apartmana-iliskin-kolon-kesilmesine-yonelik-yeni-iddianame\/"},"wordCount":449,"commentCount":0,"image":{"@id":"https:\/\/haberkuzey.com\/index.php\/2025\/02\/15\/gaziantepte-51-kisinin-oldugu-apartmana-iliskin-kolon-kesilmesine-yonelik-yeni-iddianame\/#primaryimage"},"thumbnailUrl":"https:\/\/haberkuzey.com\/wp-content\/uploads\/2025\/02\/979797.jpg","articleSection":["D\u00fcnya"],"inLanguage":"tr","potentialAction":[{"@type":"CommentAction","name":"Comment","target":["https:\/\/haberkuzey.com\/index.php\/2025\/02\/15\/gaziantepte-51-kisinin-oldugu-apartmana-iliskin-kolon-kesilmesine-yonelik-yeni-iddianame\/#respond"]}]},{"@type":"WebPage","@id":"https:\/\/haberkuzey.com\/index.php\/2025\/02\/15\/gaziantepte-51-kisinin-oldugu-apartmana-iliskin-kolon-kesilmesine-yonelik-yeni-iddianame\/","url":"https:\/\/haberkuzey.com\/index.php\/2025\/02\/15\/gaziantepte-51-kisinin-oldugu-apartmana-iliskin-kolon-kesilmesine-yonelik-yeni-iddianame\/","name":"Gaziantep\u2019te 51 ki\u015finin \u00f6ld\u00fc\u011f\u00fc apartmana ili\u015fkin kolon kesilmesine y\u00f6nelik yeni iddianame - Haber Kuzey","isPartOf":{"@id":"https:\/\/haberkuzey.com\/#website"},"primaryImageOfPage":{"@id":"https:\/\/haberkuzey.com\/index.php\/2025\/02\/15\/gaziantepte-51-kisinin-oldugu-apartmana-iliskin-kolon-kesilmesine-yonelik-yeni-iddianame\/#primaryimage"},"image":{"@id":"https:\/\/haberkuzey.com\/index.php\/2025\/02\/15\/gaziantepte-51-kisinin-oldugu-apartmana-iliskin-kolon-kesilmesine-yonelik-yeni-iddianame\/#primaryimage"},"thumbnailUrl":"https:\/\/haberkuzey.com\/wp-content\/uploads\/2025\/02\/979797.jpg","datePublished":"2025-02-15T10:04:10+00:00","author":{"@id":"https:\/\/haberkuzey.com\/#\/schema\/person\/3372109ec735f9333f4fa47ebb9605ca"},"breadcrumb":{"@id":"https:\/\/haberkuzey.com\/index.php\/2025\/02\/15\/gaziantepte-51-kisinin-oldugu-apartmana-iliskin-kolon-kesilmesine-yonelik-yeni-iddianame\/#breadcrumb"},"inLanguage":"tr","potentialAction":[{"@type":"ReadAction","target":["https:\/\/haberkuzey.com\/index.php\/2025\/02\/15\/gaziantepte-51-kisinin-oldugu-apartmana-iliskin-kolon-kesilmesine-yonelik-yeni-iddianame\/"]}]},{"@type":"ImageObject","inLanguage":"tr","@id":"https:\/\/haberkuzey.com\/index.php\/2025\/02\/15\/gaziantepte-51-kisinin-oldugu-apartmana-iliskin-kolon-kesilmesine-yonelik-yeni-iddianame\/#primaryimage","url":"https:\/\/haberkuzey.com\/wp-content\/uploads\/2025\/02\/979797.jpg","contentUrl":"https:\/\/haberkuzey.com\/wp-content\/uploads\/2025\/02\/979797.jpg","width":864,"height":486},{"@type":"BreadcrumbList","@id":"https:\/\/haberkuzey.com\/index.php\/2025\/02\/15\/gaziantepte-51-kisinin-oldugu-apartmana-iliskin-kolon-kesilmesine-yonelik-yeni-iddianame\/#breadcrumb","itemListElement":[{"@type":"ListItem","position":1,"name":"Anasayfa","item":"https:\/\/haberkuzey.com\/"},{"@type":"ListItem","position":2,"name":"Gaziantep\u2019te 51 ki\u015finin \u00f6ld\u00fc\u011f\u00fc apartmana ili\u015fkin kolon kesilmesine y\u00f6nelik yeni iddianame"}]},{"@type":"WebSite","@id":"https:\/\/haberkuzey.com\/#website","url":"https:\/\/haberkuzey.com\/","name":"Haber Kuzey","description":"Do\u011fru Haberin Adresi","potentialAction":[{"@type":"SearchAction","target":{"@type":"EntryPoint","urlTemplate":"https:\/\/haberkuzey.com\/?s={search_term_string}"},"query-input":{"@type":"PropertyValueSpecification","valueRequired":true,"valueName":"search_term_string"}}],"inLanguage":"tr"},{"@type":"Person","@id":"https:\/\/haberkuzey.com\/#\/schema\/person\/3372109ec735f9333f4fa47ebb9605ca","name":"haberkuzey","image":{"@type":"ImageObject","inLanguage":"tr","@id":"https:\/\/secure.gravatar.com\/avatar\/f5fc875574b1575324358c3b9e6a32b8227aa5b74f3fa22e3cadb63e26fcc39c?s=96&d=mm&r=g","url":"https:\/\/secure.gravatar.com\/avatar\/f5fc875574b1575324358c3b9e6a32b8227aa5b74f3fa22e3cadb63e26fcc39c?s=96&d=mm&r=g","contentUrl":"https:\/\/secure.gravatar.com\/avatar\/f5fc875574b1575324358c3b9e6a32b8227aa5b74f3fa22e3cadb63e26fcc39c?s=96&d=mm&r=g","caption":"haberkuzey"},"sameAs":["https:\/\/haberkuzey.com"],"url":"https:\/\/haberkuzey.com\/index.php\/author\/haberkuzey\/"}]}},"_links":{"self":[{"href":"https:\/\/haberkuzey.com\/index.php\/wp-json\/wp\/v2\/posts\/18177","targetHints":{"allow":["GET"]}}],"collection":[{"href":"https:\/\/haberkuzey.com\/index.php\/wp-json\/wp\/v2\/posts"}],"about":[{"href":"https:\/\/haberkuzey.com\/index.php\/wp-json\/wp\/v2\/types\/post"}],"author":[{"embeddable":true,"href":"https:\/\/haberkuzey.com\/index.php\/wp-json\/wp\/v2\/users\/1"}],"replies":[{"embeddable":true,"href":"https:\/\/haberkuzey.com\/index.php\/wp-json\/wp\/v2\/comments?post=18177"}],"version-history":[{"count":0,"href":"https:\/\/haberkuzey.com\/index.php\/wp-json\/wp\/v2\/posts\/18177\/revisions"}],"wp:featuredmedia":[{"embeddable":true,"href":"https:\/\/haberkuzey.com\/index.php\/wp-json\/wp\/v2\/media\/18178"}],"wp:attachment":[{"href":"https:\/\/haberkuzey.com\/index.php\/wp-json\/wp\/v2\/media?parent=18177"}],"wp:term":[{"taxonomy":"category","embeddable":true,"href":"https:\/\/haberkuzey.com\/index.php\/wp-json\/wp\/v2\/categories?post=18177"},{"taxonomy":"post_tag","embeddable":true,"href":"https:\/\/haberkuzey.com\/index.php\/wp-json\/wp\/v2\/tags?post=18177"}],"curies":[{"name":"wp","href":"https:\/\/api.w.org\/{rel}","templated":true}]}}