{"id":1804,"date":"2024-05-09T09:50:55","date_gmt":"2024-05-09T06:50:55","guid":{"rendered":"https:\/\/haberkuzey.com\/index.php\/2024\/05\/09\/israil-ordusunun-gazze-kentine-yonelik-saldirilarinda-cok-sayida-filistinli-oldu\/"},"modified":"2024-05-09T09:50:55","modified_gmt":"2024-05-09T06:50:55","slug":"israil-ordusunun-gazze-kentine-yonelik-saldirilarinda-cok-sayida-filistinli-oldu","status":"publish","type":"post","link":"https:\/\/haberkuzey.com\/index.php\/2024\/05\/09\/israil-ordusunun-gazze-kentine-yonelik-saldirilarinda-cok-sayida-filistinli-oldu\/","title":{"rendered":"\u0130srail ordusunun Gazze kentine y\u00f6nelik sald\u0131r\u0131lar\u0131nda \u00e7ok say\u0131da Filistinli \u00f6ld\u00fc"},"content":{"rendered":"<p><\/p>\n<div>\n<p>&#13;<br \/>\n\tG\u00f6rg\u00fc tan\u0131klar\u0131, AA muhabirine yapt\u0131\u011f\u0131 a\u00e7\u0131klamada, <a href=\"https:\/\/www.trthaber.com\/etiket\/israil\/\" target=\"_blank\" rel=\"noopener\">\u0130srail<\/a> ordusunun, <a href=\"https:\/\/www.trthaber.com\/etiket\/gazze\/\" target=\"_blank\" rel=\"noopener\">Gazze<\/a> kentindeki Tel el-Heva, ez-Zeytun ve es-Sabra mahallelerine kara sald\u0131r\u0131s\u0131 d\u00fczenledi\u011fini s\u00f6yledi.<\/p>\n<p>&#13;<br \/>\n\tTan\u0131klar, \u0130srail ordusunun kara sald\u0131r\u0131s\u0131yla e\u015f zamanl\u0131 olarak evleri, yollar\u0131 ve bo\u015f arazileri hedef alan yo\u011fun hava sald\u0131r\u0131lar\u0131 nedeniyle \u00e7ok say\u0131da Filistinlinin hayat\u0131n\u0131 kaybetti\u011fini ve bir\u00e7ok ki\u015finin de yaraland\u0131\u011f\u0131n\u0131 belirtti.<\/p>\n<p>&#13;<br \/>\n\tHedef al\u0131nan evlerin &#8220;Davud&#8221;, &#8220;Yasin&#8221;, &#8220;Ebu Hivar&#8221; ve &#8220;Nas\u0131r&#8221; ailelerine ait oldu\u011funu anlatan g\u00f6rg\u00fc tan\u0131klar\u0131, \u0130srail ordusuna ait helikopterler ve tanklar\u0131n Zeytun Mahallesi&#8217;ndeki \u00e7e\u015fitli b\u00f6lgelere yo\u011fun \u015fekilde ate\u015f a\u00e7t\u0131\u011f\u0131n\u0131 aktard\u0131.<\/p>\n<p>&#13;<br \/>\n\tG\u00f6rg\u00fc tan\u0131klar\u0131, \u0130srail ordusunun Zeytun&#8217;daki 8. Cadde ile Musallabe b\u00f6lgesine bask\u0131n yapt\u0131\u011f\u0131n\u0131, baz\u0131 birliklerin de Tel el-Heva Mahallesi&#8217;ne y\u00f6neldi\u011fini ifade etti.<\/p>\n<p>&#13;<br \/>\n\tTan\u0131klar, \u0130srail ordusunun sald\u0131r\u0131lar\u0131 nedeniyle Tel el-Heva ve Zeytun mahallelerinden y\u00fczlerce Filistinlinin Gazze kentinin kuzeyine do\u011fru yerinden edildi\u011fine dikkati \u00e7ekti.<\/p>\n<p>&#13;<br \/>\n\t\u0130srail&#8217;in 7 Ekim&#8217;den bu yana Gazze \u015eeridi&#8217;ne d\u00fczenledi\u011fi sald\u0131r\u0131larda en az 14 bin 944\u2019\u00fc \u00e7ocuk, 9 bin 849&#8217;u kad\u0131n olmak \u00fczere 34 bin 844 Filistinli \u00f6ld\u00fcr\u00fcld\u00fc, 78 bin 404 ki\u015fi yaraland\u0131.<\/p>\n<p>&#13;<br \/>\n\tEnkaz alt\u0131nda halen binlerce \u00f6l\u00fc oldu\u011fu bildirilirken, halk\u0131n s\u0131\u011f\u0131nd\u0131\u011f\u0131 hastane ve <a href=\"https:\/\/www.trthaber.com\/etiket\/egitim\/\" target=\"_blank\" rel=\"noopener\">e\u011fitim<\/a> kurumlar\u0131 hedef al\u0131narak sivil altyap\u0131 da tahrip ediliyor.<\/p>\n<\/p><\/div>\n","protected":false},"excerpt":{"rendered":"<p>&#13; G\u00f6rg\u00fc tan\u0131klar\u0131, AA muhabirine yapt\u0131\u011f\u0131 a\u00e7\u0131klamada, \u0130srail ordusunun, Gazze kentindeki Tel el-Heva, ez-Zeytun ve es-Sabra mahallelerine kara sald\u0131r\u0131s\u0131 d\u00fczenledi\u011fini s\u00f6yledi. &#13; Tan\u0131klar, \u0130srail ordusunun kara sald\u0131r\u0131s\u0131yla e\u015f zamanl\u0131 olarak evleri, yollar\u0131 ve bo\u015f arazileri hedef alan yo\u011fun hava sald\u0131r\u0131lar\u0131 nedeniyle \u00e7ok say\u0131da Filistinlinin hayat\u0131n\u0131 kaybetti\u011fini ve bir\u00e7ok ki\u015finin de yaraland\u0131\u011f\u0131n\u0131 belirtti. &#13; Hedef al\u0131nan [&hellip;]<\/p>\n","protected":false},"author":1,"featured_media":1805,"comment_status":"open","ping_status":"open","sticky":false,"template":"","format":"standard","meta":{"jnews-multi-image_gallery":[],"jnews_single_post":[],"jnews_primary_category":[],"footnotes":""},"categories":[],"tags":[],"class_list":["post-1804","post","type-post","status-publish","format-standard","has-post-thumbnail","hentry"],"yoast_head":"<!-- This site is optimized with the Yoast SEO plugin v27.5 - https:\/\/yoast.com\/product\/yoast-seo-wordpress\/ -->\n<title>\u0130srail ordusunun Gazze kentine y\u00f6nelik sald\u0131r\u0131lar\u0131nda \u00e7ok say\u0131da Filistinli \u00f6ld\u00fc - Haber Kuzey<\/title>\n<meta name=\"robots\" content=\"index, follow, max-snippet:-1, max-image-preview:large, max-video-preview:-1\" \/>\n<link rel=\"canonical\" href=\"https:\/\/haberkuzey.com\/index.php\/2024\/05\/09\/israil-ordusunun-gazze-kentine-yonelik-saldirilarinda-cok-sayida-filistinli-oldu\/\" \/>\n<meta property=\"og:locale\" content=\"tr_TR\" \/>\n<meta property=\"og:type\" content=\"article\" \/>\n<meta property=\"og:title\" content=\"\u0130srail ordusunun Gazze kentine y\u00f6nelik sald\u0131r\u0131lar\u0131nda \u00e7ok say\u0131da Filistinli \u00f6ld\u00fc - Haber Kuzey\" \/>\n<meta property=\"og:description\" content=\"&#013; G\u00f6rg\u00fc tan\u0131klar\u0131, AA muhabirine yapt\u0131\u011f\u0131 a\u00e7\u0131klamada, \u0130srail ordusunun, Gazze kentindeki Tel el-Heva, ez-Zeytun ve es-Sabra mahallelerine kara sald\u0131r\u0131s\u0131 d\u00fczenledi\u011fini s\u00f6yledi. &#013; Tan\u0131klar, \u0130srail ordusunun kara sald\u0131r\u0131s\u0131yla e\u015f zamanl\u0131 olarak evleri, yollar\u0131 ve bo\u015f arazileri hedef alan yo\u011fun hava sald\u0131r\u0131lar\u0131 nedeniyle \u00e7ok say\u0131da Filistinlinin hayat\u0131n\u0131 kaybetti\u011fini ve bir\u00e7ok ki\u015finin de yaraland\u0131\u011f\u0131n\u0131 belirtti. &#013; Hedef al\u0131nan [&hellip;]\" \/>\n<meta property=\"og:url\" content=\"https:\/\/haberkuzey.com\/index.php\/2024\/05\/09\/israil-ordusunun-gazze-kentine-yonelik-saldirilarinda-cok-sayida-filistinli-oldu\/\" \/>\n<meta property=\"og:site_name\" content=\"Haber Kuzey\" \/>\n<meta property=\"article:published_time\" content=\"2024-05-09T06:50:55+00:00\" \/>\n<meta property=\"og:image\" content=\"https:\/\/trthaberstatic.cdn.wp.trt.com.tr\/resimler\/2132000\/ceset-2133957.jpg\" \/>\n<meta name=\"author\" content=\"haberkuzey\" \/>\n<meta name=\"twitter:card\" content=\"summary_large_image\" \/>\n<meta name=\"twitter:label1\" content=\"Yazan:\" \/>\n\t<meta name=\"twitter:data1\" content=\"haberkuzey\" \/>\n\t<meta name=\"twitter:label2\" content=\"Tahmini okuma s\u00fcresi\" \/>\n\t<meta name=\"twitter:data2\" content=\"1 dakika\" \/>\n<script type=\"application\/ld+json\" class=\"yoast-schema-graph\">{\"@context\":\"https:\\\/\\\/schema.org\",\"@graph\":[{\"@type\":\"Article\",\"@id\":\"https:\\\/\\\/haberkuzey.com\\\/index.php\\\/2024\\\/05\\\/09\\\/israil-ordusunun-gazze-kentine-yonelik-saldirilarinda-cok-sayida-filistinli-oldu\\\/#article\",\"isPartOf\":{\"@id\":\"https:\\\/\\\/haberkuzey.com\\\/index.php\\\/2024\\\/05\\\/09\\\/israil-ordusunun-gazze-kentine-yonelik-saldirilarinda-cok-sayida-filistinli-oldu\\\/\"},\"author\":{\"name\":\"haberkuzey\",\"@id\":\"https:\\\/\\\/haberkuzey.com\\\/#\\\/schema\\\/person\\\/3372109ec735f9333f4fa47ebb9605ca\"},\"headline\":\"\u0130srail ordusunun Gazze kentine y\u00f6nelik sald\u0131r\u0131lar\u0131nda \u00e7ok say\u0131da Filistinli \u00f6ld\u00fc\",\"datePublished\":\"2024-05-09T06:50:55+00:00\",\"mainEntityOfPage\":{\"@id\":\"https:\\\/\\\/haberkuzey.com\\\/index.php\\\/2024\\\/05\\\/09\\\/israil-ordusunun-gazze-kentine-yonelik-saldirilarinda-cok-sayida-filistinli-oldu\\\/\"},\"wordCount\":243,\"commentCount\":0,\"image\":{\"@id\":\"https:\\\/\\\/haberkuzey.com\\\/index.php\\\/2024\\\/05\\\/09\\\/israil-ordusunun-gazze-kentine-yonelik-saldirilarinda-cok-sayida-filistinli-oldu\\\/#primaryimage\"},\"thumbnailUrl\":\"https:\\\/\\\/haberkuzey.com\\\/wp-content\\\/uploads\\\/2024\\\/05\\\/ceset-2133957.jpg\",\"inLanguage\":\"tr\",\"potentialAction\":[{\"@type\":\"CommentAction\",\"name\":\"Comment\",\"target\":[\"https:\\\/\\\/haberkuzey.com\\\/index.php\\\/2024\\\/05\\\/09\\\/israil-ordusunun-gazze-kentine-yonelik-saldirilarinda-cok-sayida-filistinli-oldu\\\/#respond\"]}]},{\"@type\":\"WebPage\",\"@id\":\"https:\\\/\\\/haberkuzey.com\\\/index.php\\\/2024\\\/05\\\/09\\\/israil-ordusunun-gazze-kentine-yonelik-saldirilarinda-cok-sayida-filistinli-oldu\\\/\",\"url\":\"https:\\\/\\\/haberkuzey.com\\\/index.php\\\/2024\\\/05\\\/09\\\/israil-ordusunun-gazze-kentine-yonelik-saldirilarinda-cok-sayida-filistinli-oldu\\\/\",\"name\":\"\u0130srail ordusunun Gazze kentine y\u00f6nelik sald\u0131r\u0131lar\u0131nda \u00e7ok say\u0131da Filistinli \u00f6ld\u00fc - Haber Kuzey\",\"isPartOf\":{\"@id\":\"https:\\\/\\\/haberkuzey.com\\\/#website\"},\"primaryImageOfPage\":{\"@id\":\"https:\\\/\\\/haberkuzey.com\\\/index.php\\\/2024\\\/05\\\/09\\\/israil-ordusunun-gazze-kentine-yonelik-saldirilarinda-cok-sayida-filistinli-oldu\\\/#primaryimage\"},\"image\":{\"@id\":\"https:\\\/\\\/haberkuzey.com\\\/index.php\\\/2024\\\/05\\\/09\\\/israil-ordusunun-gazze-kentine-yonelik-saldirilarinda-cok-sayida-filistinli-oldu\\\/#primaryimage\"},\"thumbnailUrl\":\"https:\\\/\\\/haberkuzey.com\\\/wp-content\\\/uploads\\\/2024\\\/05\\\/ceset-2133957.jpg\",\"datePublished\":\"2024-05-09T06:50:55+00:00\",\"author\":{\"@id\":\"https:\\\/\\\/haberkuzey.com\\\/#\\\/schema\\\/person\\\/3372109ec735f9333f4fa47ebb9605ca\"},\"breadcrumb\":{\"@id\":\"https:\\\/\\\/haberkuzey.com\\\/index.php\\\/2024\\\/05\\\/09\\\/israil-ordusunun-gazze-kentine-yonelik-saldirilarinda-cok-sayida-filistinli-oldu\\\/#breadcrumb\"},\"inLanguage\":\"tr\",\"potentialAction\":[{\"@type\":\"ReadAction\",\"target\":[\"https:\\\/\\\/haberkuzey.com\\\/index.php\\\/2024\\\/05\\\/09\\\/israil-ordusunun-gazze-kentine-yonelik-saldirilarinda-cok-sayida-filistinli-oldu\\\/\"]}]},{\"@type\":\"ImageObject\",\"inLanguage\":\"tr\",\"@id\":\"https:\\\/\\\/haberkuzey.com\\\/index.php\\\/2024\\\/05\\\/09\\\/israil-ordusunun-gazze-kentine-yonelik-saldirilarinda-cok-sayida-filistinli-oldu\\\/#primaryimage\",\"url\":\"https:\\\/\\\/haberkuzey.com\\\/wp-content\\\/uploads\\\/2024\\\/05\\\/ceset-2133957.jpg\",\"contentUrl\":\"https:\\\/\\\/haberkuzey.com\\\/wp-content\\\/uploads\\\/2024\\\/05\\\/ceset-2133957.jpg\",\"width\":1280,\"height\":720},{\"@type\":\"BreadcrumbList\",\"@id\":\"https:\\\/\\\/haberkuzey.com\\\/index.php\\\/2024\\\/05\\\/09\\\/israil-ordusunun-gazze-kentine-yonelik-saldirilarinda-cok-sayida-filistinli-oldu\\\/#breadcrumb\",\"itemListElement\":[{\"@type\":\"ListItem\",\"position\":1,\"name\":\"Anasayfa\",\"item\":\"https:\\\/\\\/haberkuzey.com\\\/\"},{\"@type\":\"ListItem\",\"position\":2,\"name\":\"\u0130srail ordusunun Gazze kentine y\u00f6nelik sald\u0131r\u0131lar\u0131nda \u00e7ok say\u0131da Filistinli \u00f6ld\u00fc\"}]},{\"@type\":\"WebSite\",\"@id\":\"https:\\\/\\\/haberkuzey.com\\\/#website\",\"url\":\"https:\\\/\\\/haberkuzey.com\\\/\",\"name\":\"Haber Kuzey\",\"description\":\"Do\u011fru Haberin Adresi\",\"potentialAction\":[{\"@type\":\"SearchAction\",\"target\":{\"@type\":\"EntryPoint\",\"urlTemplate\":\"https:\\\/\\\/haberkuzey.com\\\/?s={search_term_string}\"},\"query-input\":{\"@type\":\"PropertyValueSpecification\",\"valueRequired\":true,\"valueName\":\"search_term_string\"}}],\"inLanguage\":\"tr\"},{\"@type\":\"Person\",\"@id\":\"https:\\\/\\\/haberkuzey.com\\\/#\\\/schema\\\/person\\\/3372109ec735f9333f4fa47ebb9605ca\",\"name\":\"haberkuzey\",\"image\":{\"@type\":\"ImageObject\",\"inLanguage\":\"tr\",\"@id\":\"https:\\\/\\\/secure.gravatar.com\\\/avatar\\\/f5fc875574b1575324358c3b9e6a32b8227aa5b74f3fa22e3cadb63e26fcc39c?s=96&d=mm&r=g\",\"url\":\"https:\\\/\\\/secure.gravatar.com\\\/avatar\\\/f5fc875574b1575324358c3b9e6a32b8227aa5b74f3fa22e3cadb63e26fcc39c?s=96&d=mm&r=g\",\"contentUrl\":\"https:\\\/\\\/secure.gravatar.com\\\/avatar\\\/f5fc875574b1575324358c3b9e6a32b8227aa5b74f3fa22e3cadb63e26fcc39c?s=96&d=mm&r=g\",\"caption\":\"haberkuzey\"},\"sameAs\":[\"https:\\\/\\\/haberkuzey.com\"],\"url\":\"https:\\\/\\\/haberkuzey.com\\\/index.php\\\/author\\\/haberkuzey\\\/\"}]}<\/script>\n<!-- \/ Yoast SEO plugin. -->","yoast_head_json":{"title":"\u0130srail ordusunun Gazze kentine y\u00f6nelik sald\u0131r\u0131lar\u0131nda \u00e7ok say\u0131da Filistinli \u00f6ld\u00fc - Haber Kuzey","robots":{"index":"index","follow":"follow","max-snippet":"max-snippet:-1","max-image-preview":"max-image-preview:large","max-video-preview":"max-video-preview:-1"},"canonical":"https:\/\/haberkuzey.com\/index.php\/2024\/05\/09\/israil-ordusunun-gazze-kentine-yonelik-saldirilarinda-cok-sayida-filistinli-oldu\/","og_locale":"tr_TR","og_type":"article","og_title":"\u0130srail ordusunun Gazze kentine y\u00f6nelik sald\u0131r\u0131lar\u0131nda \u00e7ok say\u0131da Filistinli \u00f6ld\u00fc - Haber Kuzey","og_description":"&#13; G\u00f6rg\u00fc tan\u0131klar\u0131, AA muhabirine yapt\u0131\u011f\u0131 a\u00e7\u0131klamada, \u0130srail ordusunun, Gazze kentindeki Tel el-Heva, ez-Zeytun ve es-Sabra mahallelerine kara sald\u0131r\u0131s\u0131 d\u00fczenledi\u011fini s\u00f6yledi. &#13; Tan\u0131klar, \u0130srail ordusunun kara sald\u0131r\u0131s\u0131yla e\u015f zamanl\u0131 olarak evleri, yollar\u0131 ve bo\u015f arazileri hedef alan yo\u011fun hava sald\u0131r\u0131lar\u0131 nedeniyle \u00e7ok say\u0131da Filistinlinin hayat\u0131n\u0131 kaybetti\u011fini ve bir\u00e7ok ki\u015finin de yaraland\u0131\u011f\u0131n\u0131 belirtti. &#13; Hedef al\u0131nan [&hellip;]","og_url":"https:\/\/haberkuzey.com\/index.php\/2024\/05\/09\/israil-ordusunun-gazze-kentine-yonelik-saldirilarinda-cok-sayida-filistinli-oldu\/","og_site_name":"Haber Kuzey","article_published_time":"2024-05-09T06:50:55+00:00","og_image":[{"url":"https:\/\/trthaberstatic.cdn.wp.trt.com.tr\/resimler\/2132000\/ceset-2133957.jpg","type":"","width":"","height":""}],"author":"haberkuzey","twitter_card":"summary_large_image","twitter_misc":{"Yazan:":"haberkuzey","Tahmini okuma s\u00fcresi":"1 dakika"},"schema":{"@context":"https:\/\/schema.org","@graph":[{"@type":"Article","@id":"https:\/\/haberkuzey.com\/index.php\/2024\/05\/09\/israil-ordusunun-gazze-kentine-yonelik-saldirilarinda-cok-sayida-filistinli-oldu\/#article","isPartOf":{"@id":"https:\/\/haberkuzey.com\/index.php\/2024\/05\/09\/israil-ordusunun-gazze-kentine-yonelik-saldirilarinda-cok-sayida-filistinli-oldu\/"},"author":{"name":"haberkuzey","@id":"https:\/\/haberkuzey.com\/#\/schema\/person\/3372109ec735f9333f4fa47ebb9605ca"},"headline":"\u0130srail ordusunun Gazze kentine y\u00f6nelik sald\u0131r\u0131lar\u0131nda \u00e7ok say\u0131da Filistinli \u00f6ld\u00fc","datePublished":"2024-05-09T06:50:55+00:00","mainEntityOfPage":{"@id":"https:\/\/haberkuzey.com\/index.php\/2024\/05\/09\/israil-ordusunun-gazze-kentine-yonelik-saldirilarinda-cok-sayida-filistinli-oldu\/"},"wordCount":243,"commentCount":0,"image":{"@id":"https:\/\/haberkuzey.com\/index.php\/2024\/05\/09\/israil-ordusunun-gazze-kentine-yonelik-saldirilarinda-cok-sayida-filistinli-oldu\/#primaryimage"},"thumbnailUrl":"https:\/\/haberkuzey.com\/wp-content\/uploads\/2024\/05\/ceset-2133957.jpg","inLanguage":"tr","potentialAction":[{"@type":"CommentAction","name":"Comment","target":["https:\/\/haberkuzey.com\/index.php\/2024\/05\/09\/israil-ordusunun-gazze-kentine-yonelik-saldirilarinda-cok-sayida-filistinli-oldu\/#respond"]}]},{"@type":"WebPage","@id":"https:\/\/haberkuzey.com\/index.php\/2024\/05\/09\/israil-ordusunun-gazze-kentine-yonelik-saldirilarinda-cok-sayida-filistinli-oldu\/","url":"https:\/\/haberkuzey.com\/index.php\/2024\/05\/09\/israil-ordusunun-gazze-kentine-yonelik-saldirilarinda-cok-sayida-filistinli-oldu\/","name":"\u0130srail ordusunun Gazze kentine y\u00f6nelik sald\u0131r\u0131lar\u0131nda \u00e7ok say\u0131da Filistinli \u00f6ld\u00fc - Haber Kuzey","isPartOf":{"@id":"https:\/\/haberkuzey.com\/#website"},"primaryImageOfPage":{"@id":"https:\/\/haberkuzey.com\/index.php\/2024\/05\/09\/israil-ordusunun-gazze-kentine-yonelik-saldirilarinda-cok-sayida-filistinli-oldu\/#primaryimage"},"image":{"@id":"https:\/\/haberkuzey.com\/index.php\/2024\/05\/09\/israil-ordusunun-gazze-kentine-yonelik-saldirilarinda-cok-sayida-filistinli-oldu\/#primaryimage"},"thumbnailUrl":"https:\/\/haberkuzey.com\/wp-content\/uploads\/2024\/05\/ceset-2133957.jpg","datePublished":"2024-05-09T06:50:55+00:00","author":{"@id":"https:\/\/haberkuzey.com\/#\/schema\/person\/3372109ec735f9333f4fa47ebb9605ca"},"breadcrumb":{"@id":"https:\/\/haberkuzey.com\/index.php\/2024\/05\/09\/israil-ordusunun-gazze-kentine-yonelik-saldirilarinda-cok-sayida-filistinli-oldu\/#breadcrumb"},"inLanguage":"tr","potentialAction":[{"@type":"ReadAction","target":["https:\/\/haberkuzey.com\/index.php\/2024\/05\/09\/israil-ordusunun-gazze-kentine-yonelik-saldirilarinda-cok-sayida-filistinli-oldu\/"]}]},{"@type":"ImageObject","inLanguage":"tr","@id":"https:\/\/haberkuzey.com\/index.php\/2024\/05\/09\/israil-ordusunun-gazze-kentine-yonelik-saldirilarinda-cok-sayida-filistinli-oldu\/#primaryimage","url":"https:\/\/haberkuzey.com\/wp-content\/uploads\/2024\/05\/ceset-2133957.jpg","contentUrl":"https:\/\/haberkuzey.com\/wp-content\/uploads\/2024\/05\/ceset-2133957.jpg","width":1280,"height":720},{"@type":"BreadcrumbList","@id":"https:\/\/haberkuzey.com\/index.php\/2024\/05\/09\/israil-ordusunun-gazze-kentine-yonelik-saldirilarinda-cok-sayida-filistinli-oldu\/#breadcrumb","itemListElement":[{"@type":"ListItem","position":1,"name":"Anasayfa","item":"https:\/\/haberkuzey.com\/"},{"@type":"ListItem","position":2,"name":"\u0130srail ordusunun Gazze kentine y\u00f6nelik sald\u0131r\u0131lar\u0131nda \u00e7ok say\u0131da Filistinli \u00f6ld\u00fc"}]},{"@type":"WebSite","@id":"https:\/\/haberkuzey.com\/#website","url":"https:\/\/haberkuzey.com\/","name":"Haber Kuzey","description":"Do\u011fru Haberin Adresi","potentialAction":[{"@type":"SearchAction","target":{"@type":"EntryPoint","urlTemplate":"https:\/\/haberkuzey.com\/?s={search_term_string}"},"query-input":{"@type":"PropertyValueSpecification","valueRequired":true,"valueName":"search_term_string"}}],"inLanguage":"tr"},{"@type":"Person","@id":"https:\/\/haberkuzey.com\/#\/schema\/person\/3372109ec735f9333f4fa47ebb9605ca","name":"haberkuzey","image":{"@type":"ImageObject","inLanguage":"tr","@id":"https:\/\/secure.gravatar.com\/avatar\/f5fc875574b1575324358c3b9e6a32b8227aa5b74f3fa22e3cadb63e26fcc39c?s=96&d=mm&r=g","url":"https:\/\/secure.gravatar.com\/avatar\/f5fc875574b1575324358c3b9e6a32b8227aa5b74f3fa22e3cadb63e26fcc39c?s=96&d=mm&r=g","contentUrl":"https:\/\/secure.gravatar.com\/avatar\/f5fc875574b1575324358c3b9e6a32b8227aa5b74f3fa22e3cadb63e26fcc39c?s=96&d=mm&r=g","caption":"haberkuzey"},"sameAs":["https:\/\/haberkuzey.com"],"url":"https:\/\/haberkuzey.com\/index.php\/author\/haberkuzey\/"}]}},"_links":{"self":[{"href":"https:\/\/haberkuzey.com\/index.php\/wp-json\/wp\/v2\/posts\/1804","targetHints":{"allow":["GET"]}}],"collection":[{"href":"https:\/\/haberkuzey.com\/index.php\/wp-json\/wp\/v2\/posts"}],"about":[{"href":"https:\/\/haberkuzey.com\/index.php\/wp-json\/wp\/v2\/types\/post"}],"author":[{"embeddable":true,"href":"https:\/\/haberkuzey.com\/index.php\/wp-json\/wp\/v2\/users\/1"}],"replies":[{"embeddable":true,"href":"https:\/\/haberkuzey.com\/index.php\/wp-json\/wp\/v2\/comments?post=1804"}],"version-history":[{"count":0,"href":"https:\/\/haberkuzey.com\/index.php\/wp-json\/wp\/v2\/posts\/1804\/revisions"}],"wp:featuredmedia":[{"embeddable":true,"href":"https:\/\/haberkuzey.com\/index.php\/wp-json\/wp\/v2\/media\/1805"}],"wp:attachment":[{"href":"https:\/\/haberkuzey.com\/index.php\/wp-json\/wp\/v2\/media?parent=1804"}],"wp:term":[{"taxonomy":"category","embeddable":true,"href":"https:\/\/haberkuzey.com\/index.php\/wp-json\/wp\/v2\/categories?post=1804"},{"taxonomy":"post_tag","embeddable":true,"href":"https:\/\/haberkuzey.com\/index.php\/wp-json\/wp\/v2\/tags?post=1804"}],"curies":[{"name":"wp","href":"https:\/\/api.w.org\/{rel}","templated":true}]}}