{"id":18034,"date":"2025-02-12T15:40:51","date_gmt":"2025-02-12T13:40:51","guid":{"rendered":"https:\/\/haberkuzey.com\/index.php\/2025\/02\/12\/ege-denizinde-48-ve-47-buyuklugunde-deprem\/"},"modified":"2025-02-12T15:40:51","modified_gmt":"2025-02-12T13:40:51","slug":"ege-denizinde-48-ve-47-buyuklugunde-deprem","status":"publish","type":"post","link":"https:\/\/haberkuzey.com\/index.php\/2025\/02\/12\/ege-denizinde-48-ve-47-buyuklugunde-deprem\/","title":{"rendered":"Ege Denizi\u2019nde 4,8 ve 4,7 b\u00fcy\u00fckl\u00fc\u011f\u00fcnde deprem"},"content":{"rendered":"<div>\n<div class=\"mariselle-image-container none\">\n                                            <\/div>\n<p>Ege Denizi\u2019nde saat 12.14\u2019te 4,8 ve 12.20\u2019de 4,7 b\u00fcy\u00fckl\u00fc\u011f\u00fcnde depremler meydana geldi.<\/p>\n<p>Afet ve Acil Durum Y\u00f6netimi Ba\u015fkanl\u0131\u011f\u0131n\u0131n (AFAD) internet sitesinde yer alan bilgiye g\u00f6re, merkez \u00fcss\u00fc Ege Denizi olan 4,8 ve 4,7 b\u00fcy\u00fckl\u00fc\u011f\u00fcnde sars\u0131nt\u0131lar kaydedildi.<\/p>\n<p>S\u00f6z konusu depremlerin, 7 kilometre derinlikte meydana geldi\u011fi belirlendi.<\/p>\n<\/p><\/div>\n<p><script async\n                    defer\n                    crossorigin=\"anonymous\"\n                    src=\"https:\/\/connect.facebook.net\/tr_TR\/sdk.js#xfbml=1&#038;version=v3.3\"\n            ><\/script><\/p>\n","protected":false},"excerpt":{"rendered":"<p>Ege Denizi\u2019nde saat 12.14\u2019te 4,8 ve 12.20\u2019de 4,7 b\u00fcy\u00fckl\u00fc\u011f\u00fcnde depremler meydana geldi. Afet ve Acil Durum Y\u00f6netimi Ba\u015fkanl\u0131\u011f\u0131n\u0131n (AFAD) internet sitesinde yer alan bilgiye g\u00f6re, merkez \u00fcss\u00fc Ege Denizi olan 4,8 ve 4,7 b\u00fcy\u00fckl\u00fc\u011f\u00fcnde sars\u0131nt\u0131lar kaydedildi. S\u00f6z konusu depremlerin, 7 kilometre derinlikte meydana geldi\u011fi belirlendi.<\/p>\n","protected":false},"author":1,"featured_media":18035,"comment_status":"open","ping_status":"open","sticky":false,"template":"","format":"standard","meta":{"jnews-multi-image_gallery":[],"jnews_single_post":[],"jnews_primary_category":[],"footnotes":""},"categories":[2],"tags":[],"class_list":["post-18034","post","type-post","status-publish","format-standard","has-post-thumbnail","hentry","category-dunya"],"yoast_head":"<!-- This site is optimized with the Yoast SEO plugin v27.5 - https:\/\/yoast.com\/product\/yoast-seo-wordpress\/ -->\n<title>Ege Denizi\u2019nde 4,8 ve 4,7 b\u00fcy\u00fckl\u00fc\u011f\u00fcnde deprem - Haber Kuzey<\/title>\n<meta name=\"robots\" content=\"index, follow, max-snippet:-1, max-image-preview:large, max-video-preview:-1\" \/>\n<link rel=\"canonical\" href=\"https:\/\/haberkuzey.com\/index.php\/2025\/02\/12\/ege-denizinde-48-ve-47-buyuklugunde-deprem\/\" \/>\n<meta property=\"og:locale\" content=\"tr_TR\" \/>\n<meta property=\"og:type\" content=\"article\" \/>\n<meta property=\"og:title\" content=\"Ege Denizi\u2019nde 4,8 ve 4,7 b\u00fcy\u00fckl\u00fc\u011f\u00fcnde deprem - Haber Kuzey\" \/>\n<meta property=\"og:description\" content=\"Ege Denizi\u2019nde saat 12.14\u2019te 4,8 ve 12.20\u2019de 4,7 b\u00fcy\u00fckl\u00fc\u011f\u00fcnde depremler meydana geldi. Afet ve Acil Durum Y\u00f6netimi Ba\u015fkanl\u0131\u011f\u0131n\u0131n (AFAD) internet sitesinde yer alan bilgiye g\u00f6re, merkez \u00fcss\u00fc Ege Denizi olan 4,8 ve 4,7 b\u00fcy\u00fckl\u00fc\u011f\u00fcnde sars\u0131nt\u0131lar kaydedildi. S\u00f6z konusu depremlerin, 7 kilometre derinlikte meydana geldi\u011fi belirlendi.\" \/>\n<meta property=\"og:url\" content=\"https:\/\/haberkuzey.com\/index.php\/2025\/02\/12\/ege-denizinde-48-ve-47-buyuklugunde-deprem\/\" \/>\n<meta property=\"og:site_name\" content=\"Haber Kuzey\" \/>\n<meta property=\"article:published_time\" content=\"2025-02-12T13:40:51+00:00\" \/>\n<meta property=\"og:image\" content=\"https:\/\/brtk.net\/wp-content\/uploads\/2025\/02\/12\/DEPREM.jpg?ver=1999b16b0152a068f0f788096e75c3b2\" \/>\n<meta name=\"author\" content=\"haberkuzey\" \/>\n<meta name=\"twitter:card\" content=\"summary_large_image\" \/>\n<meta name=\"twitter:label1\" content=\"Yazan:\" \/>\n\t<meta name=\"twitter:data1\" content=\"haberkuzey\" \/>\n<script type=\"application\/ld+json\" class=\"yoast-schema-graph\">{\"@context\":\"https:\\\/\\\/schema.org\",\"@graph\":[{\"@type\":\"Article\",\"@id\":\"https:\\\/\\\/haberkuzey.com\\\/index.php\\\/2025\\\/02\\\/12\\\/ege-denizinde-48-ve-47-buyuklugunde-deprem\\\/#article\",\"isPartOf\":{\"@id\":\"https:\\\/\\\/haberkuzey.com\\\/index.php\\\/2025\\\/02\\\/12\\\/ege-denizinde-48-ve-47-buyuklugunde-deprem\\\/\"},\"author\":{\"name\":\"haberkuzey\",\"@id\":\"https:\\\/\\\/haberkuzey.com\\\/#\\\/schema\\\/person\\\/3372109ec735f9333f4fa47ebb9605ca\"},\"headline\":\"Ege Denizi\u2019nde 4,8 ve 4,7 b\u00fcy\u00fckl\u00fc\u011f\u00fcnde deprem\",\"datePublished\":\"2025-02-12T13:40:51+00:00\",\"mainEntityOfPage\":{\"@id\":\"https:\\\/\\\/haberkuzey.com\\\/index.php\\\/2025\\\/02\\\/12\\\/ege-denizinde-48-ve-47-buyuklugunde-deprem\\\/\"},\"wordCount\":65,\"commentCount\":0,\"image\":{\"@id\":\"https:\\\/\\\/haberkuzey.com\\\/index.php\\\/2025\\\/02\\\/12\\\/ege-denizinde-48-ve-47-buyuklugunde-deprem\\\/#primaryimage\"},\"thumbnailUrl\":\"https:\\\/\\\/haberkuzey.com\\\/wp-content\\\/uploads\\\/2025\\\/02\\\/DEPREM.jpg\",\"articleSection\":[\"D\u00fcnya\"],\"inLanguage\":\"tr\",\"potentialAction\":[{\"@type\":\"CommentAction\",\"name\":\"Comment\",\"target\":[\"https:\\\/\\\/haberkuzey.com\\\/index.php\\\/2025\\\/02\\\/12\\\/ege-denizinde-48-ve-47-buyuklugunde-deprem\\\/#respond\"]}]},{\"@type\":\"WebPage\",\"@id\":\"https:\\\/\\\/haberkuzey.com\\\/index.php\\\/2025\\\/02\\\/12\\\/ege-denizinde-48-ve-47-buyuklugunde-deprem\\\/\",\"url\":\"https:\\\/\\\/haberkuzey.com\\\/index.php\\\/2025\\\/02\\\/12\\\/ege-denizinde-48-ve-47-buyuklugunde-deprem\\\/\",\"name\":\"Ege Denizi\u2019nde 4,8 ve 4,7 b\u00fcy\u00fckl\u00fc\u011f\u00fcnde deprem - Haber Kuzey\",\"isPartOf\":{\"@id\":\"https:\\\/\\\/haberkuzey.com\\\/#website\"},\"primaryImageOfPage\":{\"@id\":\"https:\\\/\\\/haberkuzey.com\\\/index.php\\\/2025\\\/02\\\/12\\\/ege-denizinde-48-ve-47-buyuklugunde-deprem\\\/#primaryimage\"},\"image\":{\"@id\":\"https:\\\/\\\/haberkuzey.com\\\/index.php\\\/2025\\\/02\\\/12\\\/ege-denizinde-48-ve-47-buyuklugunde-deprem\\\/#primaryimage\"},\"thumbnailUrl\":\"https:\\\/\\\/haberkuzey.com\\\/wp-content\\\/uploads\\\/2025\\\/02\\\/DEPREM.jpg\",\"datePublished\":\"2025-02-12T13:40:51+00:00\",\"author\":{\"@id\":\"https:\\\/\\\/haberkuzey.com\\\/#\\\/schema\\\/person\\\/3372109ec735f9333f4fa47ebb9605ca\"},\"breadcrumb\":{\"@id\":\"https:\\\/\\\/haberkuzey.com\\\/index.php\\\/2025\\\/02\\\/12\\\/ege-denizinde-48-ve-47-buyuklugunde-deprem\\\/#breadcrumb\"},\"inLanguage\":\"tr\",\"potentialAction\":[{\"@type\":\"ReadAction\",\"target\":[\"https:\\\/\\\/haberkuzey.com\\\/index.php\\\/2025\\\/02\\\/12\\\/ege-denizinde-48-ve-47-buyuklugunde-deprem\\\/\"]}]},{\"@type\":\"ImageObject\",\"inLanguage\":\"tr\",\"@id\":\"https:\\\/\\\/haberkuzey.com\\\/index.php\\\/2025\\\/02\\\/12\\\/ege-denizinde-48-ve-47-buyuklugunde-deprem\\\/#primaryimage\",\"url\":\"https:\\\/\\\/haberkuzey.com\\\/wp-content\\\/uploads\\\/2025\\\/02\\\/DEPREM.jpg\",\"contentUrl\":\"https:\\\/\\\/haberkuzey.com\\\/wp-content\\\/uploads\\\/2025\\\/02\\\/DEPREM.jpg\",\"width\":864,\"height\":486},{\"@type\":\"BreadcrumbList\",\"@id\":\"https:\\\/\\\/haberkuzey.com\\\/index.php\\\/2025\\\/02\\\/12\\\/ege-denizinde-48-ve-47-buyuklugunde-deprem\\\/#breadcrumb\",\"itemListElement\":[{\"@type\":\"ListItem\",\"position\":1,\"name\":\"Anasayfa\",\"item\":\"https:\\\/\\\/haberkuzey.com\\\/\"},{\"@type\":\"ListItem\",\"position\":2,\"name\":\"Ege Denizi\u2019nde 4,8 ve 4,7 b\u00fcy\u00fckl\u00fc\u011f\u00fcnde deprem\"}]},{\"@type\":\"WebSite\",\"@id\":\"https:\\\/\\\/haberkuzey.com\\\/#website\",\"url\":\"https:\\\/\\\/haberkuzey.com\\\/\",\"name\":\"Haber Kuzey\",\"description\":\"Do\u011fru Haberin Adresi\",\"potentialAction\":[{\"@type\":\"SearchAction\",\"target\":{\"@type\":\"EntryPoint\",\"urlTemplate\":\"https:\\\/\\\/haberkuzey.com\\\/?s={search_term_string}\"},\"query-input\":{\"@type\":\"PropertyValueSpecification\",\"valueRequired\":true,\"valueName\":\"search_term_string\"}}],\"inLanguage\":\"tr\"},{\"@type\":\"Person\",\"@id\":\"https:\\\/\\\/haberkuzey.com\\\/#\\\/schema\\\/person\\\/3372109ec735f9333f4fa47ebb9605ca\",\"name\":\"haberkuzey\",\"image\":{\"@type\":\"ImageObject\",\"inLanguage\":\"tr\",\"@id\":\"https:\\\/\\\/secure.gravatar.com\\\/avatar\\\/f5fc875574b1575324358c3b9e6a32b8227aa5b74f3fa22e3cadb63e26fcc39c?s=96&d=mm&r=g\",\"url\":\"https:\\\/\\\/secure.gravatar.com\\\/avatar\\\/f5fc875574b1575324358c3b9e6a32b8227aa5b74f3fa22e3cadb63e26fcc39c?s=96&d=mm&r=g\",\"contentUrl\":\"https:\\\/\\\/secure.gravatar.com\\\/avatar\\\/f5fc875574b1575324358c3b9e6a32b8227aa5b74f3fa22e3cadb63e26fcc39c?s=96&d=mm&r=g\",\"caption\":\"haberkuzey\"},\"sameAs\":[\"https:\\\/\\\/haberkuzey.com\"],\"url\":\"https:\\\/\\\/haberkuzey.com\\\/index.php\\\/author\\\/haberkuzey\\\/\"}]}<\/script>\n<!-- \/ Yoast SEO plugin. -->","yoast_head_json":{"title":"Ege Denizi\u2019nde 4,8 ve 4,7 b\u00fcy\u00fckl\u00fc\u011f\u00fcnde deprem - Haber Kuzey","robots":{"index":"index","follow":"follow","max-snippet":"max-snippet:-1","max-image-preview":"max-image-preview:large","max-video-preview":"max-video-preview:-1"},"canonical":"https:\/\/haberkuzey.com\/index.php\/2025\/02\/12\/ege-denizinde-48-ve-47-buyuklugunde-deprem\/","og_locale":"tr_TR","og_type":"article","og_title":"Ege Denizi\u2019nde 4,8 ve 4,7 b\u00fcy\u00fckl\u00fc\u011f\u00fcnde deprem - Haber Kuzey","og_description":"Ege Denizi\u2019nde saat 12.14\u2019te 4,8 ve 12.20\u2019de 4,7 b\u00fcy\u00fckl\u00fc\u011f\u00fcnde depremler meydana geldi. Afet ve Acil Durum Y\u00f6netimi Ba\u015fkanl\u0131\u011f\u0131n\u0131n (AFAD) internet sitesinde yer alan bilgiye g\u00f6re, merkez \u00fcss\u00fc Ege Denizi olan 4,8 ve 4,7 b\u00fcy\u00fckl\u00fc\u011f\u00fcnde sars\u0131nt\u0131lar kaydedildi. S\u00f6z konusu depremlerin, 7 kilometre derinlikte meydana geldi\u011fi belirlendi.","og_url":"https:\/\/haberkuzey.com\/index.php\/2025\/02\/12\/ege-denizinde-48-ve-47-buyuklugunde-deprem\/","og_site_name":"Haber Kuzey","article_published_time":"2025-02-12T13:40:51+00:00","og_image":[{"url":"https:\/\/brtk.net\/wp-content\/uploads\/2025\/02\/12\/DEPREM.jpg?ver=1999b16b0152a068f0f788096e75c3b2","type":"","width":"","height":""}],"author":"haberkuzey","twitter_card":"summary_large_image","twitter_misc":{"Yazan:":"haberkuzey"},"schema":{"@context":"https:\/\/schema.org","@graph":[{"@type":"Article","@id":"https:\/\/haberkuzey.com\/index.php\/2025\/02\/12\/ege-denizinde-48-ve-47-buyuklugunde-deprem\/#article","isPartOf":{"@id":"https:\/\/haberkuzey.com\/index.php\/2025\/02\/12\/ege-denizinde-48-ve-47-buyuklugunde-deprem\/"},"author":{"name":"haberkuzey","@id":"https:\/\/haberkuzey.com\/#\/schema\/person\/3372109ec735f9333f4fa47ebb9605ca"},"headline":"Ege Denizi\u2019nde 4,8 ve 4,7 b\u00fcy\u00fckl\u00fc\u011f\u00fcnde deprem","datePublished":"2025-02-12T13:40:51+00:00","mainEntityOfPage":{"@id":"https:\/\/haberkuzey.com\/index.php\/2025\/02\/12\/ege-denizinde-48-ve-47-buyuklugunde-deprem\/"},"wordCount":65,"commentCount":0,"image":{"@id":"https:\/\/haberkuzey.com\/index.php\/2025\/02\/12\/ege-denizinde-48-ve-47-buyuklugunde-deprem\/#primaryimage"},"thumbnailUrl":"https:\/\/haberkuzey.com\/wp-content\/uploads\/2025\/02\/DEPREM.jpg","articleSection":["D\u00fcnya"],"inLanguage":"tr","potentialAction":[{"@type":"CommentAction","name":"Comment","target":["https:\/\/haberkuzey.com\/index.php\/2025\/02\/12\/ege-denizinde-48-ve-47-buyuklugunde-deprem\/#respond"]}]},{"@type":"WebPage","@id":"https:\/\/haberkuzey.com\/index.php\/2025\/02\/12\/ege-denizinde-48-ve-47-buyuklugunde-deprem\/","url":"https:\/\/haberkuzey.com\/index.php\/2025\/02\/12\/ege-denizinde-48-ve-47-buyuklugunde-deprem\/","name":"Ege Denizi\u2019nde 4,8 ve 4,7 b\u00fcy\u00fckl\u00fc\u011f\u00fcnde deprem - Haber Kuzey","isPartOf":{"@id":"https:\/\/haberkuzey.com\/#website"},"primaryImageOfPage":{"@id":"https:\/\/haberkuzey.com\/index.php\/2025\/02\/12\/ege-denizinde-48-ve-47-buyuklugunde-deprem\/#primaryimage"},"image":{"@id":"https:\/\/haberkuzey.com\/index.php\/2025\/02\/12\/ege-denizinde-48-ve-47-buyuklugunde-deprem\/#primaryimage"},"thumbnailUrl":"https:\/\/haberkuzey.com\/wp-content\/uploads\/2025\/02\/DEPREM.jpg","datePublished":"2025-02-12T13:40:51+00:00","author":{"@id":"https:\/\/haberkuzey.com\/#\/schema\/person\/3372109ec735f9333f4fa47ebb9605ca"},"breadcrumb":{"@id":"https:\/\/haberkuzey.com\/index.php\/2025\/02\/12\/ege-denizinde-48-ve-47-buyuklugunde-deprem\/#breadcrumb"},"inLanguage":"tr","potentialAction":[{"@type":"ReadAction","target":["https:\/\/haberkuzey.com\/index.php\/2025\/02\/12\/ege-denizinde-48-ve-47-buyuklugunde-deprem\/"]}]},{"@type":"ImageObject","inLanguage":"tr","@id":"https:\/\/haberkuzey.com\/index.php\/2025\/02\/12\/ege-denizinde-48-ve-47-buyuklugunde-deprem\/#primaryimage","url":"https:\/\/haberkuzey.com\/wp-content\/uploads\/2025\/02\/DEPREM.jpg","contentUrl":"https:\/\/haberkuzey.com\/wp-content\/uploads\/2025\/02\/DEPREM.jpg","width":864,"height":486},{"@type":"BreadcrumbList","@id":"https:\/\/haberkuzey.com\/index.php\/2025\/02\/12\/ege-denizinde-48-ve-47-buyuklugunde-deprem\/#breadcrumb","itemListElement":[{"@type":"ListItem","position":1,"name":"Anasayfa","item":"https:\/\/haberkuzey.com\/"},{"@type":"ListItem","position":2,"name":"Ege Denizi\u2019nde 4,8 ve 4,7 b\u00fcy\u00fckl\u00fc\u011f\u00fcnde deprem"}]},{"@type":"WebSite","@id":"https:\/\/haberkuzey.com\/#website","url":"https:\/\/haberkuzey.com\/","name":"Haber Kuzey","description":"Do\u011fru Haberin Adresi","potentialAction":[{"@type":"SearchAction","target":{"@type":"EntryPoint","urlTemplate":"https:\/\/haberkuzey.com\/?s={search_term_string}"},"query-input":{"@type":"PropertyValueSpecification","valueRequired":true,"valueName":"search_term_string"}}],"inLanguage":"tr"},{"@type":"Person","@id":"https:\/\/haberkuzey.com\/#\/schema\/person\/3372109ec735f9333f4fa47ebb9605ca","name":"haberkuzey","image":{"@type":"ImageObject","inLanguage":"tr","@id":"https:\/\/secure.gravatar.com\/avatar\/f5fc875574b1575324358c3b9e6a32b8227aa5b74f3fa22e3cadb63e26fcc39c?s=96&d=mm&r=g","url":"https:\/\/secure.gravatar.com\/avatar\/f5fc875574b1575324358c3b9e6a32b8227aa5b74f3fa22e3cadb63e26fcc39c?s=96&d=mm&r=g","contentUrl":"https:\/\/secure.gravatar.com\/avatar\/f5fc875574b1575324358c3b9e6a32b8227aa5b74f3fa22e3cadb63e26fcc39c?s=96&d=mm&r=g","caption":"haberkuzey"},"sameAs":["https:\/\/haberkuzey.com"],"url":"https:\/\/haberkuzey.com\/index.php\/author\/haberkuzey\/"}]}},"_links":{"self":[{"href":"https:\/\/haberkuzey.com\/index.php\/wp-json\/wp\/v2\/posts\/18034","targetHints":{"allow":["GET"]}}],"collection":[{"href":"https:\/\/haberkuzey.com\/index.php\/wp-json\/wp\/v2\/posts"}],"about":[{"href":"https:\/\/haberkuzey.com\/index.php\/wp-json\/wp\/v2\/types\/post"}],"author":[{"embeddable":true,"href":"https:\/\/haberkuzey.com\/index.php\/wp-json\/wp\/v2\/users\/1"}],"replies":[{"embeddable":true,"href":"https:\/\/haberkuzey.com\/index.php\/wp-json\/wp\/v2\/comments?post=18034"}],"version-history":[{"count":0,"href":"https:\/\/haberkuzey.com\/index.php\/wp-json\/wp\/v2\/posts\/18034\/revisions"}],"wp:featuredmedia":[{"embeddable":true,"href":"https:\/\/haberkuzey.com\/index.php\/wp-json\/wp\/v2\/media\/18035"}],"wp:attachment":[{"href":"https:\/\/haberkuzey.com\/index.php\/wp-json\/wp\/v2\/media?parent=18034"}],"wp:term":[{"taxonomy":"category","embeddable":true,"href":"https:\/\/haberkuzey.com\/index.php\/wp-json\/wp\/v2\/categories?post=18034"},{"taxonomy":"post_tag","embeddable":true,"href":"https:\/\/haberkuzey.com\/index.php\/wp-json\/wp\/v2\/tags?post=18034"}],"curies":[{"name":"wp","href":"https:\/\/api.w.org\/{rel}","templated":true}]}}