{"id":1802,"date":"2024-05-09T08:51:04","date_gmt":"2024-05-09T05:51:04","guid":{"rendered":"https:\/\/haberkuzey.com\/index.php\/2024\/05\/09\/meclis-komitesi-heyeti-tbmm-ab-uyum-komisyonu-ile-gorustu\/"},"modified":"2024-05-09T08:51:04","modified_gmt":"2024-05-09T05:51:04","slug":"meclis-komitesi-heyeti-tbmm-ab-uyum-komisyonu-ile-gorustu","status":"publish","type":"post","link":"https:\/\/haberkuzey.com\/index.php\/2024\/05\/09\/meclis-komitesi-heyeti-tbmm-ab-uyum-komisyonu-ile-gorustu\/","title":{"rendered":"Meclis Komitesi heyeti TBMM AB Uyum Komisyonu ile g\u00f6r\u00fc\u015ft\u00fc"},"content":{"rendered":"<div>\n<div class=\"mariselle-image-container center\">\n                                            <\/div>\n<p>Ankara\u2019da temaslarda bulunan Cumhuriyet Meclisi Ekonomi Maliye B\u00fct\u00e7e ve Plan Komitesi heyeti , T\u00fcrkiye B\u00fcy\u00fck Millet Meclisi Avrupa Birli\u011fi Uyum Komisyonu ile toplant\u0131 ger\u00e7ekle\u015ftirdi.<\/p>\n<p>UBP Milletvekili Resmiye Ero\u011flu Canaltay Ba\u015fkanl\u0131\u011f\u0131ndaki KKTC heyetinde Komite Ba\u015fkan Vekili CTP Milletvekili Erkut \u015eahali, Komite \u00dcyeleri UBP Milletvekilleri Ali\u015fan \u015ean ve Hasan K\u00fc\u00e7\u00fck, CTP Milletvekili Salahi \u015eahiner ile Komite eski \u00fcyesi CTP Milletvekili Fikri Toros ve Meclis Genel Sekreteri Seral F\u0131rat da yer ald\u0131.<\/p>\n<p>TBMM Avrupa Birli\u011fi Uyum Komisyonu Ba\u015fkan\u0131  Burhan Kayat\u00fcrk burada yapt\u0131\u011f\u0131 konu\u015fmada, T\u00fcrkiye\u2019nin adada kal\u0131c\u0131, adil ve s\u00fcrd\u00fcr\u00fclebilir bir \u00e7\u00f6z\u00fcmden yana oldu\u011funu s\u00f6yledi.<\/p>\n<p>Kayat\u00fcrk, art\u0131k iki ayr\u0131 devlete dayanan bir \u00e7\u00f6z\u00fcm\u00fcn olmas\u0131ndan ba\u015fka se\u00e7enek olmad\u0131\u011f\u0131n\u0131n g\u00f6r\u00fcld\u00fc\u011f\u00fcne i\u015faret ederek bu inanc\u0131 b\u00fct\u00fcn platformlarda dile getirdiklerini kaydetti.<\/p>\n<p>KKTC Cumhurba\u015fkan\u0131 Ersin Tatar\u2019\u0131n egemen e\u015fitlik ve e\u015fit uluslararas\u0131 stat\u00fc temelinde bir \u00e7\u00f6z\u00fcme destekleri s\u00fcrd\u00fcrd\u00fcklerini ifade eden Kayat\u00fcrk, T\u00fcrk Devletleri Te\u015fkilat\u0131 ve T\u00dcRKPA\u2019da g\u00f6zlemci \u00fcyeliklerin KKTC i\u00e7in iyi bir ba\u015flang\u0131\u00e7 olu\u015fturdu\u011funa inand\u0131klar\u0131n\u0131 belirtti.<\/p>\n<div class=\"mariselle-image-container center\">\n                <img decoding=\"async\" width=\"1600\" height=\"779\" class=\"lazy-image\" alt=\"\" sizes=\"(max-width: 1600px) 100vw, 1600px\" src=\"https:\/\/brtk.net\/wp-content\/uploads\/2024\/05\/09\/98974.jpg?ver=086bf0a23acabc91e62d5f248148014c\" srcset=\"https:\/\/brtk.net\/wp-content\/uploads\/2024\/05\/09\/98974.jpg?ver=086bf0a23acabc91e62d5f248148014c 1600w, https:\/\/brtk.net\/wp-content\/uploads\/2024\/05\/09\/98974-300x146.jpg?ver=bcad957c5ae541b04b7b52a57d211900 300w, https:\/\/brtk.net\/wp-content\/uploads\/2024\/05\/09\/98974-1024x499.jpg?ver=bcad957c5ae541b04b7b52a57d211900 1024w, https:\/\/brtk.net\/wp-content\/uploads\/2024\/05\/09\/98974-768x374.jpg?ver=bcad957c5ae541b04b7b52a57d211900 768w, https:\/\/brtk.net\/wp-content\/uploads\/2024\/05\/09\/98974-1536x748.jpg?ver=4cfa37068f347089b5f4f7f1742e1451 1536w\"\/>                            <\/div>\n<p>Cumhuriyet Meclisi Ekonomi Maliye B\u00fct\u00e7e ve Plan Komitesi Ba\u015fkan\u0131 Resmiye Ero\u011flu Canaltay da konu\u015fmas\u0131nda, K\u0131br\u0131s T\u00fcrk\u00fcn\u00fcn 1974\u2019ten sonra kalk\u0131nma s\u00fcreci ya\u015fad\u0131\u011f\u0131n\u0131 bu s\u00fcrecin ba\u015f\u0131ndan bug\u00fcne kadar T\u00fcrkiye Cumhuriyeti\u2019nin her zaman yanlar\u0131nda oldu\u011funu s\u00f6yledi.<\/p>\n<p>Canaltay, Avrupa Birli\u011fi ve Uluslararas\u0131 toplumun Annan Plan\u0131 s\u00fcrecinde verdi\u011fi s\u00f6zlerin havada kald\u0131\u011f\u0131n\u0131 vurgulayarak bug\u00fcn K\u0131br\u0131s T\u00fcrk halk\u0131na e\u015fitlikten uzak muamele yap\u0131ld\u0131\u011f\u0131n\u0131 kaydetti.<br \/>En b\u00fcy\u00fck sorunlardan biri olan direk u\u00e7u\u015flar\u0131n olamamas\u0131n\u0131n s\u0131k\u0131nt\u0131s\u0131n\u0131n \u00f6zellikle \u00fclkeye gelen turistlerin ve yabanc\u0131 \u00f6\u011frencilerin pahal\u0131 u\u00e7u\u015flar\u0131na yans\u0131d\u0131\u011f\u0131n\u0131 dile getiren Canaltay, AB\u2019nin t\u00fcm yanl\u0131 tutumlar\u0131na ra\u011fmen m\u00fccadelelerinin s\u00fcrd\u00fc\u011f\u00fcn\u00fc ve y\u0131lmayacaklar\u0131n\u0131 belirtti.<\/p>\n<p>KKTC heyeti g\u00f6r\u00fc\u015fmelerin ard\u0131ndan TBMM\u2019de 15 Temmuz darbe giri\u015fiminde bombalanan yerleri ziyaret ederek karanfiller b\u0131rakt\u0131.<\/p>\n<p>Heyet daha sonra TBMM Genel Kurulu\u2019nu da ziyaret etti. Bu s\u0131rada Genel Kurulda heyetin ad\u0131 anons edilerek TBMM\u2019ne mensup milletvekilleri heyeti selamlad\u0131. <\/p>\n<p>Yap\u0131lan ziyaretlerde heyete TBMM T\u00fcrkiye-KKTC Parlamentolar Aras\u0131 Dostluk Grubu Ba\u015fkan\u0131 AK Parti Konya Milletvekili Orhan Erdem de e\u015flik etti.<\/p>\n<\/p><\/div>\n<p><script async\n                    defer\n                    crossorigin=\"anonymous\"\n                    src=\"https:\/\/connect.facebook.net\/tr_TR\/sdk.js#xfbml=1&#038;version=v3.3\"\n            ><\/script><\/p>\n","protected":false},"excerpt":{"rendered":"<p>Ankara\u2019da temaslarda bulunan Cumhuriyet Meclisi Ekonomi Maliye B\u00fct\u00e7e ve Plan Komitesi heyeti , T\u00fcrkiye B\u00fcy\u00fck Millet Meclisi Avrupa Birli\u011fi Uyum Komisyonu ile toplant\u0131 ger\u00e7ekle\u015ftirdi. UBP Milletvekili Resmiye Ero\u011flu Canaltay Ba\u015fkanl\u0131\u011f\u0131ndaki KKTC heyetinde Komite Ba\u015fkan Vekili CTP Milletvekili Erkut \u015eahali, Komite \u00dcyeleri UBP Milletvekilleri Ali\u015fan \u015ean ve Hasan K\u00fc\u00e7\u00fck, CTP Milletvekili Salahi \u015eahiner ile Komite eski [&hellip;]<\/p>\n","protected":false},"author":1,"featured_media":1803,"comment_status":"open","ping_status":"open","sticky":false,"template":"","format":"standard","meta":{"jnews-multi-image_gallery":[],"jnews_single_post":[],"jnews_primary_category":[],"footnotes":""},"categories":[1],"tags":[],"class_list":["post-1802","post","type-post","status-publish","format-standard","has-post-thumbnail","hentry","category-kibris"],"yoast_head":"<!-- This site is optimized with the Yoast SEO plugin v27.5 - https:\/\/yoast.com\/product\/yoast-seo-wordpress\/ -->\n<title>Meclis Komitesi heyeti TBMM AB Uyum Komisyonu ile g\u00f6r\u00fc\u015ft\u00fc - Haber Kuzey<\/title>\n<meta name=\"robots\" content=\"index, follow, max-snippet:-1, max-image-preview:large, max-video-preview:-1\" \/>\n<link rel=\"canonical\" href=\"https:\/\/haberkuzey.com\/index.php\/2024\/05\/09\/meclis-komitesi-heyeti-tbmm-ab-uyum-komisyonu-ile-gorustu\/\" \/>\n<meta property=\"og:locale\" content=\"tr_TR\" \/>\n<meta property=\"og:type\" content=\"article\" \/>\n<meta property=\"og:title\" content=\"Meclis Komitesi heyeti TBMM AB Uyum Komisyonu ile g\u00f6r\u00fc\u015ft\u00fc - Haber Kuzey\" \/>\n<meta property=\"og:description\" content=\"Ankara\u2019da temaslarda bulunan Cumhuriyet Meclisi Ekonomi Maliye B\u00fct\u00e7e ve Plan Komitesi heyeti , T\u00fcrkiye B\u00fcy\u00fck Millet Meclisi Avrupa Birli\u011fi Uyum Komisyonu ile toplant\u0131 ger\u00e7ekle\u015ftirdi. UBP Milletvekili Resmiye Ero\u011flu Canaltay Ba\u015fkanl\u0131\u011f\u0131ndaki KKTC heyetinde Komite Ba\u015fkan Vekili CTP Milletvekili Erkut \u015eahali, Komite \u00dcyeleri UBP Milletvekilleri Ali\u015fan \u015ean ve Hasan K\u00fc\u00e7\u00fck, CTP Milletvekili Salahi \u015eahiner ile Komite eski [&hellip;]\" \/>\n<meta property=\"og:url\" content=\"https:\/\/haberkuzey.com\/index.php\/2024\/05\/09\/meclis-komitesi-heyeti-tbmm-ab-uyum-komisyonu-ile-gorustu\/\" \/>\n<meta property=\"og:site_name\" content=\"Haber Kuzey\" \/>\n<meta property=\"article:published_time\" content=\"2024-05-09T05:51:04+00:00\" \/>\n<meta property=\"og:image\" content=\"https:\/\/brtk.net\/wp-content\/uploads\/2024\/05\/09\/976.jpg?ver=9248df8c49e1cf4a53c36b7b7d208a5b\" \/>\n<meta name=\"author\" content=\"haberkuzey\" \/>\n<meta name=\"twitter:card\" content=\"summary_large_image\" \/>\n<meta name=\"twitter:label1\" content=\"Yazan:\" \/>\n\t<meta name=\"twitter:data1\" content=\"haberkuzey\" \/>\n\t<meta name=\"twitter:label2\" content=\"Tahmini okuma s\u00fcresi\" \/>\n\t<meta name=\"twitter:data2\" content=\"2 dakika\" \/>\n<script type=\"application\/ld+json\" class=\"yoast-schema-graph\">{\"@context\":\"https:\\\/\\\/schema.org\",\"@graph\":[{\"@type\":\"Article\",\"@id\":\"https:\\\/\\\/haberkuzey.com\\\/index.php\\\/2024\\\/05\\\/09\\\/meclis-komitesi-heyeti-tbmm-ab-uyum-komisyonu-ile-gorustu\\\/#article\",\"isPartOf\":{\"@id\":\"https:\\\/\\\/haberkuzey.com\\\/index.php\\\/2024\\\/05\\\/09\\\/meclis-komitesi-heyeti-tbmm-ab-uyum-komisyonu-ile-gorustu\\\/\"},\"author\":{\"name\":\"haberkuzey\",\"@id\":\"https:\\\/\\\/haberkuzey.com\\\/#\\\/schema\\\/person\\\/3372109ec735f9333f4fa47ebb9605ca\"},\"headline\":\"Meclis Komitesi heyeti TBMM AB Uyum Komisyonu ile g\u00f6r\u00fc\u015ft\u00fc\",\"datePublished\":\"2024-05-09T05:51:04+00:00\",\"mainEntityOfPage\":{\"@id\":\"https:\\\/\\\/haberkuzey.com\\\/index.php\\\/2024\\\/05\\\/09\\\/meclis-komitesi-heyeti-tbmm-ab-uyum-komisyonu-ile-gorustu\\\/\"},\"wordCount\":438,\"commentCount\":0,\"image\":{\"@id\":\"https:\\\/\\\/haberkuzey.com\\\/index.php\\\/2024\\\/05\\\/09\\\/meclis-komitesi-heyeti-tbmm-ab-uyum-komisyonu-ile-gorustu\\\/#primaryimage\"},\"thumbnailUrl\":\"https:\\\/\\\/haberkuzey.com\\\/wp-content\\\/uploads\\\/2024\\\/05\\\/98974.jpg\",\"articleSection\":[\"K\u0131br\u0131s\"],\"inLanguage\":\"tr\",\"potentialAction\":[{\"@type\":\"CommentAction\",\"name\":\"Comment\",\"target\":[\"https:\\\/\\\/haberkuzey.com\\\/index.php\\\/2024\\\/05\\\/09\\\/meclis-komitesi-heyeti-tbmm-ab-uyum-komisyonu-ile-gorustu\\\/#respond\"]}]},{\"@type\":\"WebPage\",\"@id\":\"https:\\\/\\\/haberkuzey.com\\\/index.php\\\/2024\\\/05\\\/09\\\/meclis-komitesi-heyeti-tbmm-ab-uyum-komisyonu-ile-gorustu\\\/\",\"url\":\"https:\\\/\\\/haberkuzey.com\\\/index.php\\\/2024\\\/05\\\/09\\\/meclis-komitesi-heyeti-tbmm-ab-uyum-komisyonu-ile-gorustu\\\/\",\"name\":\"Meclis Komitesi heyeti TBMM AB Uyum Komisyonu ile g\u00f6r\u00fc\u015ft\u00fc - Haber Kuzey\",\"isPartOf\":{\"@id\":\"https:\\\/\\\/haberkuzey.com\\\/#website\"},\"primaryImageOfPage\":{\"@id\":\"https:\\\/\\\/haberkuzey.com\\\/index.php\\\/2024\\\/05\\\/09\\\/meclis-komitesi-heyeti-tbmm-ab-uyum-komisyonu-ile-gorustu\\\/#primaryimage\"},\"image\":{\"@id\":\"https:\\\/\\\/haberkuzey.com\\\/index.php\\\/2024\\\/05\\\/09\\\/meclis-komitesi-heyeti-tbmm-ab-uyum-komisyonu-ile-gorustu\\\/#primaryimage\"},\"thumbnailUrl\":\"https:\\\/\\\/haberkuzey.com\\\/wp-content\\\/uploads\\\/2024\\\/05\\\/98974.jpg\",\"datePublished\":\"2024-05-09T05:51:04+00:00\",\"author\":{\"@id\":\"https:\\\/\\\/haberkuzey.com\\\/#\\\/schema\\\/person\\\/3372109ec735f9333f4fa47ebb9605ca\"},\"breadcrumb\":{\"@id\":\"https:\\\/\\\/haberkuzey.com\\\/index.php\\\/2024\\\/05\\\/09\\\/meclis-komitesi-heyeti-tbmm-ab-uyum-komisyonu-ile-gorustu\\\/#breadcrumb\"},\"inLanguage\":\"tr\",\"potentialAction\":[{\"@type\":\"ReadAction\",\"target\":[\"https:\\\/\\\/haberkuzey.com\\\/index.php\\\/2024\\\/05\\\/09\\\/meclis-komitesi-heyeti-tbmm-ab-uyum-komisyonu-ile-gorustu\\\/\"]}]},{\"@type\":\"ImageObject\",\"inLanguage\":\"tr\",\"@id\":\"https:\\\/\\\/haberkuzey.com\\\/index.php\\\/2024\\\/05\\\/09\\\/meclis-komitesi-heyeti-tbmm-ab-uyum-komisyonu-ile-gorustu\\\/#primaryimage\",\"url\":\"https:\\\/\\\/haberkuzey.com\\\/wp-content\\\/uploads\\\/2024\\\/05\\\/98974.jpg\",\"contentUrl\":\"https:\\\/\\\/haberkuzey.com\\\/wp-content\\\/uploads\\\/2024\\\/05\\\/98974.jpg\",\"width\":1600,\"height\":779},{\"@type\":\"BreadcrumbList\",\"@id\":\"https:\\\/\\\/haberkuzey.com\\\/index.php\\\/2024\\\/05\\\/09\\\/meclis-komitesi-heyeti-tbmm-ab-uyum-komisyonu-ile-gorustu\\\/#breadcrumb\",\"itemListElement\":[{\"@type\":\"ListItem\",\"position\":1,\"name\":\"Anasayfa\",\"item\":\"https:\\\/\\\/haberkuzey.com\\\/\"},{\"@type\":\"ListItem\",\"position\":2,\"name\":\"Meclis Komitesi heyeti TBMM AB Uyum Komisyonu ile g\u00f6r\u00fc\u015ft\u00fc\"}]},{\"@type\":\"WebSite\",\"@id\":\"https:\\\/\\\/haberkuzey.com\\\/#website\",\"url\":\"https:\\\/\\\/haberkuzey.com\\\/\",\"name\":\"Haber Kuzey\",\"description\":\"Do\u011fru Haberin Adresi\",\"potentialAction\":[{\"@type\":\"SearchAction\",\"target\":{\"@type\":\"EntryPoint\",\"urlTemplate\":\"https:\\\/\\\/haberkuzey.com\\\/?s={search_term_string}\"},\"query-input\":{\"@type\":\"PropertyValueSpecification\",\"valueRequired\":true,\"valueName\":\"search_term_string\"}}],\"inLanguage\":\"tr\"},{\"@type\":\"Person\",\"@id\":\"https:\\\/\\\/haberkuzey.com\\\/#\\\/schema\\\/person\\\/3372109ec735f9333f4fa47ebb9605ca\",\"name\":\"haberkuzey\",\"image\":{\"@type\":\"ImageObject\",\"inLanguage\":\"tr\",\"@id\":\"https:\\\/\\\/secure.gravatar.com\\\/avatar\\\/f5fc875574b1575324358c3b9e6a32b8227aa5b74f3fa22e3cadb63e26fcc39c?s=96&d=mm&r=g\",\"url\":\"https:\\\/\\\/secure.gravatar.com\\\/avatar\\\/f5fc875574b1575324358c3b9e6a32b8227aa5b74f3fa22e3cadb63e26fcc39c?s=96&d=mm&r=g\",\"contentUrl\":\"https:\\\/\\\/secure.gravatar.com\\\/avatar\\\/f5fc875574b1575324358c3b9e6a32b8227aa5b74f3fa22e3cadb63e26fcc39c?s=96&d=mm&r=g\",\"caption\":\"haberkuzey\"},\"sameAs\":[\"https:\\\/\\\/haberkuzey.com\"],\"url\":\"https:\\\/\\\/haberkuzey.com\\\/index.php\\\/author\\\/haberkuzey\\\/\"}]}<\/script>\n<!-- \/ Yoast SEO plugin. -->","yoast_head_json":{"title":"Meclis Komitesi heyeti TBMM AB Uyum Komisyonu ile g\u00f6r\u00fc\u015ft\u00fc - Haber Kuzey","robots":{"index":"index","follow":"follow","max-snippet":"max-snippet:-1","max-image-preview":"max-image-preview:large","max-video-preview":"max-video-preview:-1"},"canonical":"https:\/\/haberkuzey.com\/index.php\/2024\/05\/09\/meclis-komitesi-heyeti-tbmm-ab-uyum-komisyonu-ile-gorustu\/","og_locale":"tr_TR","og_type":"article","og_title":"Meclis Komitesi heyeti TBMM AB Uyum Komisyonu ile g\u00f6r\u00fc\u015ft\u00fc - Haber Kuzey","og_description":"Ankara\u2019da temaslarda bulunan Cumhuriyet Meclisi Ekonomi Maliye B\u00fct\u00e7e ve Plan Komitesi heyeti , T\u00fcrkiye B\u00fcy\u00fck Millet Meclisi Avrupa Birli\u011fi Uyum Komisyonu ile toplant\u0131 ger\u00e7ekle\u015ftirdi. UBP Milletvekili Resmiye Ero\u011flu Canaltay Ba\u015fkanl\u0131\u011f\u0131ndaki KKTC heyetinde Komite Ba\u015fkan Vekili CTP Milletvekili Erkut \u015eahali, Komite \u00dcyeleri UBP Milletvekilleri Ali\u015fan \u015ean ve Hasan K\u00fc\u00e7\u00fck, CTP Milletvekili Salahi \u015eahiner ile Komite eski [&hellip;]","og_url":"https:\/\/haberkuzey.com\/index.php\/2024\/05\/09\/meclis-komitesi-heyeti-tbmm-ab-uyum-komisyonu-ile-gorustu\/","og_site_name":"Haber Kuzey","article_published_time":"2024-05-09T05:51:04+00:00","og_image":[{"url":"https:\/\/brtk.net\/wp-content\/uploads\/2024\/05\/09\/976.jpg?ver=9248df8c49e1cf4a53c36b7b7d208a5b","type":"","width":"","height":""}],"author":"haberkuzey","twitter_card":"summary_large_image","twitter_misc":{"Yazan:":"haberkuzey","Tahmini okuma s\u00fcresi":"2 dakika"},"schema":{"@context":"https:\/\/schema.org","@graph":[{"@type":"Article","@id":"https:\/\/haberkuzey.com\/index.php\/2024\/05\/09\/meclis-komitesi-heyeti-tbmm-ab-uyum-komisyonu-ile-gorustu\/#article","isPartOf":{"@id":"https:\/\/haberkuzey.com\/index.php\/2024\/05\/09\/meclis-komitesi-heyeti-tbmm-ab-uyum-komisyonu-ile-gorustu\/"},"author":{"name":"haberkuzey","@id":"https:\/\/haberkuzey.com\/#\/schema\/person\/3372109ec735f9333f4fa47ebb9605ca"},"headline":"Meclis Komitesi heyeti TBMM AB Uyum Komisyonu ile g\u00f6r\u00fc\u015ft\u00fc","datePublished":"2024-05-09T05:51:04+00:00","mainEntityOfPage":{"@id":"https:\/\/haberkuzey.com\/index.php\/2024\/05\/09\/meclis-komitesi-heyeti-tbmm-ab-uyum-komisyonu-ile-gorustu\/"},"wordCount":438,"commentCount":0,"image":{"@id":"https:\/\/haberkuzey.com\/index.php\/2024\/05\/09\/meclis-komitesi-heyeti-tbmm-ab-uyum-komisyonu-ile-gorustu\/#primaryimage"},"thumbnailUrl":"https:\/\/haberkuzey.com\/wp-content\/uploads\/2024\/05\/98974.jpg","articleSection":["K\u0131br\u0131s"],"inLanguage":"tr","potentialAction":[{"@type":"CommentAction","name":"Comment","target":["https:\/\/haberkuzey.com\/index.php\/2024\/05\/09\/meclis-komitesi-heyeti-tbmm-ab-uyum-komisyonu-ile-gorustu\/#respond"]}]},{"@type":"WebPage","@id":"https:\/\/haberkuzey.com\/index.php\/2024\/05\/09\/meclis-komitesi-heyeti-tbmm-ab-uyum-komisyonu-ile-gorustu\/","url":"https:\/\/haberkuzey.com\/index.php\/2024\/05\/09\/meclis-komitesi-heyeti-tbmm-ab-uyum-komisyonu-ile-gorustu\/","name":"Meclis Komitesi heyeti TBMM AB Uyum Komisyonu ile g\u00f6r\u00fc\u015ft\u00fc - Haber Kuzey","isPartOf":{"@id":"https:\/\/haberkuzey.com\/#website"},"primaryImageOfPage":{"@id":"https:\/\/haberkuzey.com\/index.php\/2024\/05\/09\/meclis-komitesi-heyeti-tbmm-ab-uyum-komisyonu-ile-gorustu\/#primaryimage"},"image":{"@id":"https:\/\/haberkuzey.com\/index.php\/2024\/05\/09\/meclis-komitesi-heyeti-tbmm-ab-uyum-komisyonu-ile-gorustu\/#primaryimage"},"thumbnailUrl":"https:\/\/haberkuzey.com\/wp-content\/uploads\/2024\/05\/98974.jpg","datePublished":"2024-05-09T05:51:04+00:00","author":{"@id":"https:\/\/haberkuzey.com\/#\/schema\/person\/3372109ec735f9333f4fa47ebb9605ca"},"breadcrumb":{"@id":"https:\/\/haberkuzey.com\/index.php\/2024\/05\/09\/meclis-komitesi-heyeti-tbmm-ab-uyum-komisyonu-ile-gorustu\/#breadcrumb"},"inLanguage":"tr","potentialAction":[{"@type":"ReadAction","target":["https:\/\/haberkuzey.com\/index.php\/2024\/05\/09\/meclis-komitesi-heyeti-tbmm-ab-uyum-komisyonu-ile-gorustu\/"]}]},{"@type":"ImageObject","inLanguage":"tr","@id":"https:\/\/haberkuzey.com\/index.php\/2024\/05\/09\/meclis-komitesi-heyeti-tbmm-ab-uyum-komisyonu-ile-gorustu\/#primaryimage","url":"https:\/\/haberkuzey.com\/wp-content\/uploads\/2024\/05\/98974.jpg","contentUrl":"https:\/\/haberkuzey.com\/wp-content\/uploads\/2024\/05\/98974.jpg","width":1600,"height":779},{"@type":"BreadcrumbList","@id":"https:\/\/haberkuzey.com\/index.php\/2024\/05\/09\/meclis-komitesi-heyeti-tbmm-ab-uyum-komisyonu-ile-gorustu\/#breadcrumb","itemListElement":[{"@type":"ListItem","position":1,"name":"Anasayfa","item":"https:\/\/haberkuzey.com\/"},{"@type":"ListItem","position":2,"name":"Meclis Komitesi heyeti TBMM AB Uyum Komisyonu ile g\u00f6r\u00fc\u015ft\u00fc"}]},{"@type":"WebSite","@id":"https:\/\/haberkuzey.com\/#website","url":"https:\/\/haberkuzey.com\/","name":"Haber Kuzey","description":"Do\u011fru Haberin Adresi","potentialAction":[{"@type":"SearchAction","target":{"@type":"EntryPoint","urlTemplate":"https:\/\/haberkuzey.com\/?s={search_term_string}"},"query-input":{"@type":"PropertyValueSpecification","valueRequired":true,"valueName":"search_term_string"}}],"inLanguage":"tr"},{"@type":"Person","@id":"https:\/\/haberkuzey.com\/#\/schema\/person\/3372109ec735f9333f4fa47ebb9605ca","name":"haberkuzey","image":{"@type":"ImageObject","inLanguage":"tr","@id":"https:\/\/secure.gravatar.com\/avatar\/f5fc875574b1575324358c3b9e6a32b8227aa5b74f3fa22e3cadb63e26fcc39c?s=96&d=mm&r=g","url":"https:\/\/secure.gravatar.com\/avatar\/f5fc875574b1575324358c3b9e6a32b8227aa5b74f3fa22e3cadb63e26fcc39c?s=96&d=mm&r=g","contentUrl":"https:\/\/secure.gravatar.com\/avatar\/f5fc875574b1575324358c3b9e6a32b8227aa5b74f3fa22e3cadb63e26fcc39c?s=96&d=mm&r=g","caption":"haberkuzey"},"sameAs":["https:\/\/haberkuzey.com"],"url":"https:\/\/haberkuzey.com\/index.php\/author\/haberkuzey\/"}]}},"_links":{"self":[{"href":"https:\/\/haberkuzey.com\/index.php\/wp-json\/wp\/v2\/posts\/1802","targetHints":{"allow":["GET"]}}],"collection":[{"href":"https:\/\/haberkuzey.com\/index.php\/wp-json\/wp\/v2\/posts"}],"about":[{"href":"https:\/\/haberkuzey.com\/index.php\/wp-json\/wp\/v2\/types\/post"}],"author":[{"embeddable":true,"href":"https:\/\/haberkuzey.com\/index.php\/wp-json\/wp\/v2\/users\/1"}],"replies":[{"embeddable":true,"href":"https:\/\/haberkuzey.com\/index.php\/wp-json\/wp\/v2\/comments?post=1802"}],"version-history":[{"count":0,"href":"https:\/\/haberkuzey.com\/index.php\/wp-json\/wp\/v2\/posts\/1802\/revisions"}],"wp:featuredmedia":[{"embeddable":true,"href":"https:\/\/haberkuzey.com\/index.php\/wp-json\/wp\/v2\/media\/1803"}],"wp:attachment":[{"href":"https:\/\/haberkuzey.com\/index.php\/wp-json\/wp\/v2\/media?parent=1802"}],"wp:term":[{"taxonomy":"category","embeddable":true,"href":"https:\/\/haberkuzey.com\/index.php\/wp-json\/wp\/v2\/categories?post=1802"},{"taxonomy":"post_tag","embeddable":true,"href":"https:\/\/haberkuzey.com\/index.php\/wp-json\/wp\/v2\/tags?post=1802"}],"curies":[{"name":"wp","href":"https:\/\/api.w.org\/{rel}","templated":true}]}}