{"id":1794,"date":"2024-05-09T05:46:53","date_gmt":"2024-05-09T02:46:53","guid":{"rendered":"https:\/\/haberkuzey.com\/index.php\/2024\/05\/09\/kuzey-makedonyanin-ilk-kadin-cumhurbaskani-siljanovska-davkova-oldu\/"},"modified":"2024-05-09T05:46:53","modified_gmt":"2024-05-09T02:46:53","slug":"kuzey-makedonyanin-ilk-kadin-cumhurbaskani-siljanovska-davkova-oldu","status":"publish","type":"post","link":"https:\/\/haberkuzey.com\/index.php\/2024\/05\/09\/kuzey-makedonyanin-ilk-kadin-cumhurbaskani-siljanovska-davkova-oldu\/","title":{"rendered":"Kuzey Makedonya&#039;n\u0131n ilk kad\u0131n Cumhurba\u015fkan\u0131 Siljanovska Davkova oldu"},"content":{"rendered":"<p><\/p>\n<div>\n<p>&#13;<br \/>\n\tResmi olmayan ilk sonu\u00e7lara g\u00f6re \u0130\u00e7 Makedon Devrimci \u00d6rg\u00fct\u00fc-Makedonya Ulusal Demokratik Birli\u011fi (VMRO-DPMNE)\u00a0\u00f6nc\u00fcl\u00fc\u011f\u00fcndeki ittifak\u0131n destekledi\u011fi Gordana Siljanovska Davkova <a href=\"https:\/\/www.trthaber.com\/etiket\/cumhurbaskanligi\/\" target=\"_blank\" rel=\"noopener\">cumhurba\u015fkanl\u0131\u011f\u0131<\/a> yar\u0131\u015f\u0131n\u0131 y\u00fczde 65,03 oy oran\u0131 ile \u00f6nde g\u00f6t\u00fcr\u00fcyor.<\/p>\n<p>&#13;<br \/>\n\tMakedonya Sosyal Demokratlar Birli\u011finin (SDSM) \u00f6nc\u00fcl\u00fc\u011f\u00fcndeki ittifak\u0131n destekledi\u011fi mevcut Cumhurba\u015fkan\u0131 Stevo Pendarovski ise oylar\u0131n y\u00fczde 29,30\u2019unu ald\u0131.<\/p>\n<p>&#13;<br \/>\n\tMickoski, ba\u015fkent \u00dcsk\u00fcp&#8217;te parti binas\u0131nda d\u00fczenledi\u011fi bas\u0131n toplant\u0131s\u0131nda, bunun tarihi bir zafer oldu\u011funu belirterek, &#8220;Ba\u015fard\u0131k. Makedonya kazand\u0131. Halk\u0131n tarihi zaferi&#8221; dedi.<\/p>\n<p>&#13;<br \/>\n\tDe\u011ferlere ve umuda dayal\u0131 bir gelece\u011fe sahip yeni sayfa a\u00e7t\u0131klar\u0131n\u0131 kaydeden Mickoski, t\u00fcm vatanda\u015flara te\u015fekk\u00fcr etti.<\/p>\n<p>&#13;<br \/>\n\tEn k\u0131sa zamanda di\u011fer muhalefet partileriyle &#8220;en iyi koalisyon ve h\u00fck\u00fcmeti&#8221; kurmak i\u00e7in g\u00f6r\u00fc\u015fmelere ba\u015flayacaklar\u0131n\u0131 bildiren Mickoski, &#8220;En k\u0131sa s\u00fcrede bu h\u00fck\u00fcmeti kuraca\u011f\u0131m\u0131za ve s\u00fcrecin \u015feffaf olaca\u011f\u0131na eminim. Bu \u00e7ifte zafer. &#8216;Senin Makedonya&#8217;n&#8217; ittifak\u0131 ve VMRO-DPMNE aya\u011fa kalkt\u0131 ve cumhurba\u015fkan\u0131 elde etti, o da profes\u00f6r Gordana Siljanovska Davkova&#8221; diye konu\u015ftu.<\/p>\n<p>&#13;<br \/>\n\tBas\u0131n toplant\u0131s\u0131n\u0131n ard\u0131ndan VMRO-DPMNE taraftarlar\u0131 parti binas\u0131 \u00f6n\u00fcnde ve ba\u015fkentteki Makedonya meydan\u0131nda <a href=\"https:\/\/www.trthaber.com\/etiket\/secim\/\" target=\"_blank\" rel=\"noopener\">se\u00e7im<\/a> zaferini kutlad\u0131.<\/p>\n<div class=\"image-content\"><span class=\"image-spot\">[Foto\u011fraf: AA]<\/span><\/div>\n<h2>&#13;<br \/>\n\tGenel se\u00e7im<\/h2>\n<p>&#13;<br \/>\n\t\u00d6te yandan, genel se\u00e7ime ili\u015fkin Merkez <a href=\"https:\/\/secim.trthaber.com\" class=\"external-tagged-url\" target=\"_blank\" rel=\"noopener\">Se\u00e7im<\/a> Komisyonunun yay\u0131nlad\u0131\u011f\u0131 resmi olmayan ilk sonu\u00e7lara g\u00f6re, VMRO-DPMNE\u2019nin \u00f6nc\u00fcl\u00fc\u011f\u00fcndeki &#8220;Senin Makedonya\u2019n&#8221; ittifak\u0131 59 milletvekili, SDSM\u2019nin \u00f6nc\u00fcl\u00fc\u011f\u00fcndeki &#8220;Avrupa\u2019n\u0131n Gelece\u011fi i\u00e7in Koalisyon&#8221; ittifak\u0131 19 milletvekili, \u00fclkedeki en b\u00fcy\u00fck Arnavut partisi konumundaki Demokratik B\u00fct\u00fcnle\u015fme Birli\u011fi\u2019nin (BD\u0130) \u00f6nc\u00fcl\u00fc\u011f\u00fcndeki &#8220;Avrupa Cephesi&#8221; 18 milletvekili, birka\u00e7 partinin olu\u015fturdu\u011fu VLEN koalisyonu 13 milletvekili, Sol (Levica) Partisi 6 milletvekili ve ZNAM Hareketi &#8211; &#8220;Bizim Makedonya&#8217;m\u0131z \u0130\u00e7in&#8221; 5 milletvekili \u00e7\u0131kard\u0131.<\/p>\n<p>&#13;<br \/>\n\tBu sonu\u00e7lara g\u00f6re 120 koltuklu <a href=\"https:\/\/www.trthaber.com\/etiket\/kuzey-makedonya\/\" target=\"_blank\" rel=\"noopener\">Kuzey Makedonya<\/a> Meclisinde \u00fclkedeki T\u00fcrk toplumunu en az 3 milletvekilinin temsil etmesi bekleniyor.<\/p>\n<p>&#13;<br \/>\n\tCumhurba\u015fkan\u0131 se\u00e7iminde toplam 1 milyon 814 bin 317 kay\u0131tl\u0131 se\u00e7menin yerel saatle 07.00&#8217;de oy kullanmaya ba\u015flad\u0131\u011f\u0131 \u00fclkede, sand\u0131klar yerel saatle 19.00&#8217;da kapand\u0131. Genel se\u00e7imde ise 1 milyon 815 bin 350 kay\u0131tl\u0131 se\u00e7men bulunuyor.<\/p>\n<p>&#13;<br \/>\n\tCumhurba\u015fkan\u0131 se\u00e7iminde kat\u0131l\u0131m y\u00fczde 47, genel se\u00e7imde kat\u0131l\u0131m ise y\u00fczde 54 olarak ger\u00e7ekle\u015fti.<\/p>\n<div class=\"image-content\"><img decoding=\"async\" alt=\"Foto\u011fraf: AA\" src=\"https:\/\/www.trthaber.com\/dosyalar\/images\/aa_picture_20240508_34507047.jpg\"\/><span class=\"image-spot\">[Foto\u011fraf: AA]<\/span><\/div>\n<h2>&#13;<br \/>\n\tGordana Siljanovska Davkova kimdir?<\/h2>\n<p>&#13;<br \/>\n\tOhri \u015fehrinde 1953&#8217;te do\u011fan ve \u00fclkenin ilk kad\u0131n cumhurba\u015fkan\u0131 olmas\u0131 beklenen Siljanovska Davkova, bir d\u00f6nem devlet \u00fcniversitesinin <a href=\"https:\/\/www.trthaber.com\/etiket\/hukuk\/\" target=\"_blank\" rel=\"noopener\">hukuk<\/a> fak\u00fcltesinde <a href=\"https:\/\/www.trthaber.com\/etiket\/anayasa\/\" target=\"_blank\" rel=\"noopener\">anayasa<\/a> hukuku ve siyasi sistem dersleri verdi.<\/p>\n<p>&#13;<br \/>\n\t1992-1994&#8217;te Meclis Anayasa Komisyonu \u00fcyeli\u011fi ve devlet bakanl\u0131\u011f\u0131 yapan Siljanovska Davkova, BM Se\u00e7im Uzman\u0131, Avrupa Konseyi Yerel Y\u00f6netim Uzmanlar Grubu Ba\u015fkan Yard\u0131mc\u0131s\u0131 ve Venedik Komisyonu \u00dcyesi g\u00f6revlerinde bulundu.<\/p>\n<p>&#13;<br \/>\n\t\u00dclkede 2019 y\u0131l\u0131nda ger\u00e7ekle\u015fen cumhurba\u015fkanl\u0131\u011f\u0131 se\u00e7iminde de aday olan Siljanovska Davkova, ikinci turda se\u00e7imi kaybetmi\u015fti.<\/p>\n<p>&#13;<br \/>\n\tSiljanovska Davkova 2020\u2019den beri Kuzey Makedonya Meclisinde milletvekili olarak g\u00f6rev yap\u0131yordu.<\/p>\n<\/p><\/div>\n","protected":false},"excerpt":{"rendered":"<p>&#13; Resmi olmayan ilk sonu\u00e7lara g\u00f6re \u0130\u00e7 Makedon Devrimci \u00d6rg\u00fct\u00fc-Makedonya Ulusal Demokratik Birli\u011fi (VMRO-DPMNE)\u00a0\u00f6nc\u00fcl\u00fc\u011f\u00fcndeki ittifak\u0131n destekledi\u011fi Gordana Siljanovska Davkova cumhurba\u015fkanl\u0131\u011f\u0131 yar\u0131\u015f\u0131n\u0131 y\u00fczde 65,03 oy oran\u0131 ile \u00f6nde g\u00f6t\u00fcr\u00fcyor. &#13; Makedonya Sosyal Demokratlar Birli\u011finin (SDSM) \u00f6nc\u00fcl\u00fc\u011f\u00fcndeki ittifak\u0131n destekledi\u011fi mevcut Cumhurba\u015fkan\u0131 Stevo Pendarovski ise oylar\u0131n y\u00fczde 29,30\u2019unu ald\u0131. &#13; Mickoski, ba\u015fkent \u00dcsk\u00fcp&#8217;te parti binas\u0131nda d\u00fczenledi\u011fi bas\u0131n toplant\u0131s\u0131nda, [&hellip;]<\/p>\n","protected":false},"author":1,"featured_media":1795,"comment_status":"open","ping_status":"open","sticky":false,"template":"","format":"standard","meta":{"jnews-multi-image_gallery":[],"jnews_single_post":[],"jnews_primary_category":[],"footnotes":""},"categories":[],"tags":[],"class_list":["post-1794","post","type-post","status-publish","format-standard","has-post-thumbnail","hentry"],"yoast_head":"<!-- This site is optimized with the Yoast SEO plugin v27.5 - https:\/\/yoast.com\/product\/yoast-seo-wordpress\/ -->\n<title>Kuzey Makedonya&#039;n\u0131n ilk kad\u0131n Cumhurba\u015fkan\u0131 Siljanovska Davkova oldu - Haber Kuzey<\/title>\n<meta name=\"robots\" content=\"index, follow, max-snippet:-1, max-image-preview:large, max-video-preview:-1\" \/>\n<link rel=\"canonical\" href=\"https:\/\/haberkuzey.com\/index.php\/2024\/05\/09\/kuzey-makedonyanin-ilk-kadin-cumhurbaskani-siljanovska-davkova-oldu\/\" \/>\n<meta property=\"og:locale\" content=\"tr_TR\" \/>\n<meta property=\"og:type\" content=\"article\" \/>\n<meta property=\"og:title\" content=\"Kuzey Makedonya&#039;n\u0131n ilk kad\u0131n Cumhurba\u015fkan\u0131 Siljanovska Davkova oldu - Haber Kuzey\" \/>\n<meta property=\"og:description\" content=\"&#013; Resmi olmayan ilk sonu\u00e7lara g\u00f6re \u0130\u00e7 Makedon Devrimci \u00d6rg\u00fct\u00fc-Makedonya Ulusal Demokratik Birli\u011fi (VMRO-DPMNE)\u00a0\u00f6nc\u00fcl\u00fc\u011f\u00fcndeki ittifak\u0131n destekledi\u011fi Gordana Siljanovska Davkova cumhurba\u015fkanl\u0131\u011f\u0131 yar\u0131\u015f\u0131n\u0131 y\u00fczde 65,03 oy oran\u0131 ile \u00f6nde g\u00f6t\u00fcr\u00fcyor. &#013; Makedonya Sosyal Demokratlar Birli\u011finin (SDSM) \u00f6nc\u00fcl\u00fc\u011f\u00fcndeki ittifak\u0131n destekledi\u011fi mevcut Cumhurba\u015fkan\u0131 Stevo Pendarovski ise oylar\u0131n y\u00fczde 29,30\u2019unu ald\u0131. &#013; Mickoski, ba\u015fkent \u00dcsk\u00fcp&#8217;te parti binas\u0131nda d\u00fczenledi\u011fi bas\u0131n toplant\u0131s\u0131nda, [&hellip;]\" \/>\n<meta property=\"og:url\" content=\"https:\/\/haberkuzey.com\/index.php\/2024\/05\/09\/kuzey-makedonyanin-ilk-kadin-cumhurbaskani-siljanovska-davkova-oldu\/\" \/>\n<meta property=\"og:site_name\" content=\"Haber Kuzey\" \/>\n<meta property=\"article:published_time\" content=\"2024-05-09T02:46:53+00:00\" \/>\n<meta property=\"og:image\" content=\"https:\/\/www.trthaber.com\/dosyalar\/images\/aa_picture_20240508_34507042.jpg\" \/>\n<meta name=\"author\" content=\"haberkuzey\" \/>\n<meta name=\"twitter:card\" content=\"summary_large_image\" \/>\n<meta name=\"twitter:label1\" content=\"Yazan:\" \/>\n\t<meta name=\"twitter:data1\" content=\"haberkuzey\" \/>\n\t<meta name=\"twitter:label2\" content=\"Tahmini okuma s\u00fcresi\" \/>\n\t<meta name=\"twitter:data2\" content=\"3 dakika\" \/>\n<script type=\"application\/ld+json\" class=\"yoast-schema-graph\">{\"@context\":\"https:\\\/\\\/schema.org\",\"@graph\":[{\"@type\":\"Article\",\"@id\":\"https:\\\/\\\/haberkuzey.com\\\/index.php\\\/2024\\\/05\\\/09\\\/kuzey-makedonyanin-ilk-kadin-cumhurbaskani-siljanovska-davkova-oldu\\\/#article\",\"isPartOf\":{\"@id\":\"https:\\\/\\\/haberkuzey.com\\\/index.php\\\/2024\\\/05\\\/09\\\/kuzey-makedonyanin-ilk-kadin-cumhurbaskani-siljanovska-davkova-oldu\\\/\"},\"author\":{\"name\":\"haberkuzey\",\"@id\":\"https:\\\/\\\/haberkuzey.com\\\/#\\\/schema\\\/person\\\/3372109ec735f9333f4fa47ebb9605ca\"},\"headline\":\"Kuzey Makedonya&#039;n\u0131n ilk kad\u0131n Cumhurba\u015fkan\u0131 Siljanovska Davkova oldu\",\"datePublished\":\"2024-05-09T02:46:53+00:00\",\"mainEntityOfPage\":{\"@id\":\"https:\\\/\\\/haberkuzey.com\\\/index.php\\\/2024\\\/05\\\/09\\\/kuzey-makedonyanin-ilk-kadin-cumhurbaskani-siljanovska-davkova-oldu\\\/\"},\"wordCount\":516,\"commentCount\":0,\"image\":{\"@id\":\"https:\\\/\\\/haberkuzey.com\\\/index.php\\\/2024\\\/05\\\/09\\\/kuzey-makedonyanin-ilk-kadin-cumhurbaskani-siljanovska-davkova-oldu\\\/#primaryimage\"},\"thumbnailUrl\":\"https:\\\/\\\/haberkuzey.com\\\/wp-content\\\/uploads\\\/2024\\\/05\\\/siljanovska-davkov-aa-2226535.jpg\",\"inLanguage\":\"tr\",\"potentialAction\":[{\"@type\":\"CommentAction\",\"name\":\"Comment\",\"target\":[\"https:\\\/\\\/haberkuzey.com\\\/index.php\\\/2024\\\/05\\\/09\\\/kuzey-makedonyanin-ilk-kadin-cumhurbaskani-siljanovska-davkova-oldu\\\/#respond\"]}]},{\"@type\":\"WebPage\",\"@id\":\"https:\\\/\\\/haberkuzey.com\\\/index.php\\\/2024\\\/05\\\/09\\\/kuzey-makedonyanin-ilk-kadin-cumhurbaskani-siljanovska-davkova-oldu\\\/\",\"url\":\"https:\\\/\\\/haberkuzey.com\\\/index.php\\\/2024\\\/05\\\/09\\\/kuzey-makedonyanin-ilk-kadin-cumhurbaskani-siljanovska-davkova-oldu\\\/\",\"name\":\"Kuzey Makedonya&#039;n\u0131n ilk kad\u0131n Cumhurba\u015fkan\u0131 Siljanovska Davkova oldu - Haber Kuzey\",\"isPartOf\":{\"@id\":\"https:\\\/\\\/haberkuzey.com\\\/#website\"},\"primaryImageOfPage\":{\"@id\":\"https:\\\/\\\/haberkuzey.com\\\/index.php\\\/2024\\\/05\\\/09\\\/kuzey-makedonyanin-ilk-kadin-cumhurbaskani-siljanovska-davkova-oldu\\\/#primaryimage\"},\"image\":{\"@id\":\"https:\\\/\\\/haberkuzey.com\\\/index.php\\\/2024\\\/05\\\/09\\\/kuzey-makedonyanin-ilk-kadin-cumhurbaskani-siljanovska-davkova-oldu\\\/#primaryimage\"},\"thumbnailUrl\":\"https:\\\/\\\/haberkuzey.com\\\/wp-content\\\/uploads\\\/2024\\\/05\\\/siljanovska-davkov-aa-2226535.jpg\",\"datePublished\":\"2024-05-09T02:46:53+00:00\",\"author\":{\"@id\":\"https:\\\/\\\/haberkuzey.com\\\/#\\\/schema\\\/person\\\/3372109ec735f9333f4fa47ebb9605ca\"},\"breadcrumb\":{\"@id\":\"https:\\\/\\\/haberkuzey.com\\\/index.php\\\/2024\\\/05\\\/09\\\/kuzey-makedonyanin-ilk-kadin-cumhurbaskani-siljanovska-davkova-oldu\\\/#breadcrumb\"},\"inLanguage\":\"tr\",\"potentialAction\":[{\"@type\":\"ReadAction\",\"target\":[\"https:\\\/\\\/haberkuzey.com\\\/index.php\\\/2024\\\/05\\\/09\\\/kuzey-makedonyanin-ilk-kadin-cumhurbaskani-siljanovska-davkova-oldu\\\/\"]}]},{\"@type\":\"ImageObject\",\"inLanguage\":\"tr\",\"@id\":\"https:\\\/\\\/haberkuzey.com\\\/index.php\\\/2024\\\/05\\\/09\\\/kuzey-makedonyanin-ilk-kadin-cumhurbaskani-siljanovska-davkova-oldu\\\/#primaryimage\",\"url\":\"https:\\\/\\\/haberkuzey.com\\\/wp-content\\\/uploads\\\/2024\\\/05\\\/siljanovska-davkov-aa-2226535.jpg\",\"contentUrl\":\"https:\\\/\\\/haberkuzey.com\\\/wp-content\\\/uploads\\\/2024\\\/05\\\/siljanovska-davkov-aa-2226535.jpg\",\"width\":1280,\"height\":720},{\"@type\":\"BreadcrumbList\",\"@id\":\"https:\\\/\\\/haberkuzey.com\\\/index.php\\\/2024\\\/05\\\/09\\\/kuzey-makedonyanin-ilk-kadin-cumhurbaskani-siljanovska-davkova-oldu\\\/#breadcrumb\",\"itemListElement\":[{\"@type\":\"ListItem\",\"position\":1,\"name\":\"Anasayfa\",\"item\":\"https:\\\/\\\/haberkuzey.com\\\/\"},{\"@type\":\"ListItem\",\"position\":2,\"name\":\"Kuzey Makedonya&#039;n\u0131n ilk kad\u0131n Cumhurba\u015fkan\u0131 Siljanovska Davkova oldu\"}]},{\"@type\":\"WebSite\",\"@id\":\"https:\\\/\\\/haberkuzey.com\\\/#website\",\"url\":\"https:\\\/\\\/haberkuzey.com\\\/\",\"name\":\"Haber Kuzey\",\"description\":\"Do\u011fru Haberin Adresi\",\"potentialAction\":[{\"@type\":\"SearchAction\",\"target\":{\"@type\":\"EntryPoint\",\"urlTemplate\":\"https:\\\/\\\/haberkuzey.com\\\/?s={search_term_string}\"},\"query-input\":{\"@type\":\"PropertyValueSpecification\",\"valueRequired\":true,\"valueName\":\"search_term_string\"}}],\"inLanguage\":\"tr\"},{\"@type\":\"Person\",\"@id\":\"https:\\\/\\\/haberkuzey.com\\\/#\\\/schema\\\/person\\\/3372109ec735f9333f4fa47ebb9605ca\",\"name\":\"haberkuzey\",\"image\":{\"@type\":\"ImageObject\",\"inLanguage\":\"tr\",\"@id\":\"https:\\\/\\\/secure.gravatar.com\\\/avatar\\\/f5fc875574b1575324358c3b9e6a32b8227aa5b74f3fa22e3cadb63e26fcc39c?s=96&d=mm&r=g\",\"url\":\"https:\\\/\\\/secure.gravatar.com\\\/avatar\\\/f5fc875574b1575324358c3b9e6a32b8227aa5b74f3fa22e3cadb63e26fcc39c?s=96&d=mm&r=g\",\"contentUrl\":\"https:\\\/\\\/secure.gravatar.com\\\/avatar\\\/f5fc875574b1575324358c3b9e6a32b8227aa5b74f3fa22e3cadb63e26fcc39c?s=96&d=mm&r=g\",\"caption\":\"haberkuzey\"},\"sameAs\":[\"https:\\\/\\\/haberkuzey.com\"],\"url\":\"https:\\\/\\\/haberkuzey.com\\\/index.php\\\/author\\\/haberkuzey\\\/\"}]}<\/script>\n<!-- \/ Yoast SEO plugin. -->","yoast_head_json":{"title":"Kuzey Makedonya&#039;n\u0131n ilk kad\u0131n Cumhurba\u015fkan\u0131 Siljanovska Davkova oldu - Haber Kuzey","robots":{"index":"index","follow":"follow","max-snippet":"max-snippet:-1","max-image-preview":"max-image-preview:large","max-video-preview":"max-video-preview:-1"},"canonical":"https:\/\/haberkuzey.com\/index.php\/2024\/05\/09\/kuzey-makedonyanin-ilk-kadin-cumhurbaskani-siljanovska-davkova-oldu\/","og_locale":"tr_TR","og_type":"article","og_title":"Kuzey Makedonya&#039;n\u0131n ilk kad\u0131n Cumhurba\u015fkan\u0131 Siljanovska Davkova oldu - Haber Kuzey","og_description":"&#13; Resmi olmayan ilk sonu\u00e7lara g\u00f6re \u0130\u00e7 Makedon Devrimci \u00d6rg\u00fct\u00fc-Makedonya Ulusal Demokratik Birli\u011fi (VMRO-DPMNE)\u00a0\u00f6nc\u00fcl\u00fc\u011f\u00fcndeki ittifak\u0131n destekledi\u011fi Gordana Siljanovska Davkova cumhurba\u015fkanl\u0131\u011f\u0131 yar\u0131\u015f\u0131n\u0131 y\u00fczde 65,03 oy oran\u0131 ile \u00f6nde g\u00f6t\u00fcr\u00fcyor. &#13; Makedonya Sosyal Demokratlar Birli\u011finin (SDSM) \u00f6nc\u00fcl\u00fc\u011f\u00fcndeki ittifak\u0131n destekledi\u011fi mevcut Cumhurba\u015fkan\u0131 Stevo Pendarovski ise oylar\u0131n y\u00fczde 29,30\u2019unu ald\u0131. &#13; Mickoski, ba\u015fkent \u00dcsk\u00fcp&#8217;te parti binas\u0131nda d\u00fczenledi\u011fi bas\u0131n toplant\u0131s\u0131nda, [&hellip;]","og_url":"https:\/\/haberkuzey.com\/index.php\/2024\/05\/09\/kuzey-makedonyanin-ilk-kadin-cumhurbaskani-siljanovska-davkova-oldu\/","og_site_name":"Haber Kuzey","article_published_time":"2024-05-09T02:46:53+00:00","og_image":[{"url":"https:\/\/www.trthaber.com\/dosyalar\/images\/aa_picture_20240508_34507042.jpg","type":"","width":"","height":""}],"author":"haberkuzey","twitter_card":"summary_large_image","twitter_misc":{"Yazan:":"haberkuzey","Tahmini okuma s\u00fcresi":"3 dakika"},"schema":{"@context":"https:\/\/schema.org","@graph":[{"@type":"Article","@id":"https:\/\/haberkuzey.com\/index.php\/2024\/05\/09\/kuzey-makedonyanin-ilk-kadin-cumhurbaskani-siljanovska-davkova-oldu\/#article","isPartOf":{"@id":"https:\/\/haberkuzey.com\/index.php\/2024\/05\/09\/kuzey-makedonyanin-ilk-kadin-cumhurbaskani-siljanovska-davkova-oldu\/"},"author":{"name":"haberkuzey","@id":"https:\/\/haberkuzey.com\/#\/schema\/person\/3372109ec735f9333f4fa47ebb9605ca"},"headline":"Kuzey Makedonya&#039;n\u0131n ilk kad\u0131n Cumhurba\u015fkan\u0131 Siljanovska Davkova oldu","datePublished":"2024-05-09T02:46:53+00:00","mainEntityOfPage":{"@id":"https:\/\/haberkuzey.com\/index.php\/2024\/05\/09\/kuzey-makedonyanin-ilk-kadin-cumhurbaskani-siljanovska-davkova-oldu\/"},"wordCount":516,"commentCount":0,"image":{"@id":"https:\/\/haberkuzey.com\/index.php\/2024\/05\/09\/kuzey-makedonyanin-ilk-kadin-cumhurbaskani-siljanovska-davkova-oldu\/#primaryimage"},"thumbnailUrl":"https:\/\/haberkuzey.com\/wp-content\/uploads\/2024\/05\/siljanovska-davkov-aa-2226535.jpg","inLanguage":"tr","potentialAction":[{"@type":"CommentAction","name":"Comment","target":["https:\/\/haberkuzey.com\/index.php\/2024\/05\/09\/kuzey-makedonyanin-ilk-kadin-cumhurbaskani-siljanovska-davkova-oldu\/#respond"]}]},{"@type":"WebPage","@id":"https:\/\/haberkuzey.com\/index.php\/2024\/05\/09\/kuzey-makedonyanin-ilk-kadin-cumhurbaskani-siljanovska-davkova-oldu\/","url":"https:\/\/haberkuzey.com\/index.php\/2024\/05\/09\/kuzey-makedonyanin-ilk-kadin-cumhurbaskani-siljanovska-davkova-oldu\/","name":"Kuzey Makedonya&#039;n\u0131n ilk kad\u0131n Cumhurba\u015fkan\u0131 Siljanovska Davkova oldu - Haber Kuzey","isPartOf":{"@id":"https:\/\/haberkuzey.com\/#website"},"primaryImageOfPage":{"@id":"https:\/\/haberkuzey.com\/index.php\/2024\/05\/09\/kuzey-makedonyanin-ilk-kadin-cumhurbaskani-siljanovska-davkova-oldu\/#primaryimage"},"image":{"@id":"https:\/\/haberkuzey.com\/index.php\/2024\/05\/09\/kuzey-makedonyanin-ilk-kadin-cumhurbaskani-siljanovska-davkova-oldu\/#primaryimage"},"thumbnailUrl":"https:\/\/haberkuzey.com\/wp-content\/uploads\/2024\/05\/siljanovska-davkov-aa-2226535.jpg","datePublished":"2024-05-09T02:46:53+00:00","author":{"@id":"https:\/\/haberkuzey.com\/#\/schema\/person\/3372109ec735f9333f4fa47ebb9605ca"},"breadcrumb":{"@id":"https:\/\/haberkuzey.com\/index.php\/2024\/05\/09\/kuzey-makedonyanin-ilk-kadin-cumhurbaskani-siljanovska-davkova-oldu\/#breadcrumb"},"inLanguage":"tr","potentialAction":[{"@type":"ReadAction","target":["https:\/\/haberkuzey.com\/index.php\/2024\/05\/09\/kuzey-makedonyanin-ilk-kadin-cumhurbaskani-siljanovska-davkova-oldu\/"]}]},{"@type":"ImageObject","inLanguage":"tr","@id":"https:\/\/haberkuzey.com\/index.php\/2024\/05\/09\/kuzey-makedonyanin-ilk-kadin-cumhurbaskani-siljanovska-davkova-oldu\/#primaryimage","url":"https:\/\/haberkuzey.com\/wp-content\/uploads\/2024\/05\/siljanovska-davkov-aa-2226535.jpg","contentUrl":"https:\/\/haberkuzey.com\/wp-content\/uploads\/2024\/05\/siljanovska-davkov-aa-2226535.jpg","width":1280,"height":720},{"@type":"BreadcrumbList","@id":"https:\/\/haberkuzey.com\/index.php\/2024\/05\/09\/kuzey-makedonyanin-ilk-kadin-cumhurbaskani-siljanovska-davkova-oldu\/#breadcrumb","itemListElement":[{"@type":"ListItem","position":1,"name":"Anasayfa","item":"https:\/\/haberkuzey.com\/"},{"@type":"ListItem","position":2,"name":"Kuzey Makedonya&#039;n\u0131n ilk kad\u0131n Cumhurba\u015fkan\u0131 Siljanovska Davkova oldu"}]},{"@type":"WebSite","@id":"https:\/\/haberkuzey.com\/#website","url":"https:\/\/haberkuzey.com\/","name":"Haber Kuzey","description":"Do\u011fru Haberin Adresi","potentialAction":[{"@type":"SearchAction","target":{"@type":"EntryPoint","urlTemplate":"https:\/\/haberkuzey.com\/?s={search_term_string}"},"query-input":{"@type":"PropertyValueSpecification","valueRequired":true,"valueName":"search_term_string"}}],"inLanguage":"tr"},{"@type":"Person","@id":"https:\/\/haberkuzey.com\/#\/schema\/person\/3372109ec735f9333f4fa47ebb9605ca","name":"haberkuzey","image":{"@type":"ImageObject","inLanguage":"tr","@id":"https:\/\/secure.gravatar.com\/avatar\/f5fc875574b1575324358c3b9e6a32b8227aa5b74f3fa22e3cadb63e26fcc39c?s=96&d=mm&r=g","url":"https:\/\/secure.gravatar.com\/avatar\/f5fc875574b1575324358c3b9e6a32b8227aa5b74f3fa22e3cadb63e26fcc39c?s=96&d=mm&r=g","contentUrl":"https:\/\/secure.gravatar.com\/avatar\/f5fc875574b1575324358c3b9e6a32b8227aa5b74f3fa22e3cadb63e26fcc39c?s=96&d=mm&r=g","caption":"haberkuzey"},"sameAs":["https:\/\/haberkuzey.com"],"url":"https:\/\/haberkuzey.com\/index.php\/author\/haberkuzey\/"}]}},"_links":{"self":[{"href":"https:\/\/haberkuzey.com\/index.php\/wp-json\/wp\/v2\/posts\/1794","targetHints":{"allow":["GET"]}}],"collection":[{"href":"https:\/\/haberkuzey.com\/index.php\/wp-json\/wp\/v2\/posts"}],"about":[{"href":"https:\/\/haberkuzey.com\/index.php\/wp-json\/wp\/v2\/types\/post"}],"author":[{"embeddable":true,"href":"https:\/\/haberkuzey.com\/index.php\/wp-json\/wp\/v2\/users\/1"}],"replies":[{"embeddable":true,"href":"https:\/\/haberkuzey.com\/index.php\/wp-json\/wp\/v2\/comments?post=1794"}],"version-history":[{"count":0,"href":"https:\/\/haberkuzey.com\/index.php\/wp-json\/wp\/v2\/posts\/1794\/revisions"}],"wp:featuredmedia":[{"embeddable":true,"href":"https:\/\/haberkuzey.com\/index.php\/wp-json\/wp\/v2\/media\/1795"}],"wp:attachment":[{"href":"https:\/\/haberkuzey.com\/index.php\/wp-json\/wp\/v2\/media?parent=1794"}],"wp:term":[{"taxonomy":"category","embeddable":true,"href":"https:\/\/haberkuzey.com\/index.php\/wp-json\/wp\/v2\/categories?post=1794"},{"taxonomy":"post_tag","embeddable":true,"href":"https:\/\/haberkuzey.com\/index.php\/wp-json\/wp\/v2\/tags?post=1794"}],"curies":[{"name":"wp","href":"https:\/\/api.w.org\/{rel}","templated":true}]}}