{"id":17844,"date":"2025-02-08T12:45:21","date_gmt":"2025-02-08T10:45:21","guid":{"rendered":"https:\/\/haberkuzey.com\/index.php\/2025\/02\/08\/turkiyenin-nufusu-artarken-kirsalda-nufus-azaliyor\/"},"modified":"2025-02-08T12:45:21","modified_gmt":"2025-02-08T10:45:21","slug":"turkiyenin-nufusu-artarken-kirsalda-nufus-azaliyor","status":"publish","type":"post","link":"https:\/\/haberkuzey.com\/index.php\/2025\/02\/08\/turkiyenin-nufusu-artarken-kirsalda-nufus-azaliyor\/","title":{"rendered":"T\u00fcrkiye\u2019nin n\u00fcfusu artarken k\u0131rsalda n\u00fcfus azal\u0131yor"},"content":{"rendered":"<div>\n<div class=\"mariselle-image-container center\">\n                                            <\/div>\n<p>T\u00fcrkiye\u2019de n\u00fcfusun y\u00fczde 93,39\u2019u il ve il\u00e7e merkezlerinde ikamet ederken belde ve k\u00f6ylerde ya\u015fayanlar\u0131n oran\u0131 y\u00fczde 6,6\u2019ya geriledi.<\/p>\n<p>AA muhabirinin, T\u00fcrkiye \u0130statistik Kurumu (T\u00dc\u0130K) verilerinden yapt\u0131\u011f\u0131 derlemeye g\u00f6re, \u00fclke n\u00fcfusu 2024\u2019te bir \u00f6nceki y\u0131la k\u0131yasla 292 bin 567 ki\u015fi artarak 85 milyon 664 bin 944 ki\u015fi oldu. \u0130l ve il\u00e7e merkezlerinde ikamet eden ki\u015fi say\u0131s\u0131 80 milyon 7 bin 258 olarak kay\u0131tlara ge\u00e7ti.<\/p>\n<p>Toplam n\u00fcfus i\u00e7inde il ve il\u00e7e merkezlerinde ikamet edenlerin oran\u0131 2023\u2019te y\u00fczde 93 iken 2024\u2019te y\u00fczde 93,4\u2019e y\u00fckseldi. 30 b\u00fcy\u00fck\u015fehir d\u0131\u015f\u0131ndaki illerdeki belde ve k\u00f6ylerde ya\u015fayanlar\u0131n oran\u0131 ise y\u00fczde 7\u2019den y\u00fczde 6,6\u2019ya d\u00fc\u015ft\u00fc.<\/p>\n<p>\u2013 K\u00f6y ve beldede ya\u015fayanlar\u0131n say\u0131s\u0131nda d\u00fc\u015f\u00fc\u015f<\/p>\n<p>Ge\u00e7en y\u0131l belde veya k\u00f6ylerde ya\u015fayanlar\u0131n say\u0131s\u0131 bir \u00f6nceki y\u0131la g\u00f6re yakla\u015f\u0131k y\u00fczde 5,3 azal\u0131\u015fla 5 milyon 657 bin 686 ki\u015fi olarak belirlendi. Bu rakam 2023 itibar\u0131yla 5 milyon 973 bin 85\u2019ti.<\/p>\n<p>\u0130l ve il\u00e7e merkezlerinde ya\u015fayanlar\u0131n en fazla oldu\u011fu il, 15 milyon 701 bin 602 ki\u015fiyle \u00fclkenin toplam n\u00fcfusunun y\u00fczde 18,3\u2019\u00fcn\u00fc bar\u0131nd\u0131ran \u0130stanbul oldu. S\u00f6z konusu n\u00fcfusun en az oldu\u011fu \u015fehir ise 40 bin 456 ile Ardahan olarak belirlendi.<\/p>\n<p>K\u00f6y ve beldelerde ya\u015fayan n\u00fcfusun en y\u00fcksek oldu\u011fu il 286 bin 772 ki\u015fi ile Afyonkarahisar, en d\u00fc\u015f\u00fck oldu\u011fu yer ise 29 bin 44 ki\u015fi ile Tunceli oldu.<\/p>\n<p>\u2013 33 \u015fehirde kad\u0131nlar daha fazla<\/p>\n<p>T\u00fcrkiye\u2019de 15-64 ya\u015f grubunda bulunan (\u00e7al\u0131\u015fma \u00e7a\u011f\u0131) n\u00fcfusun oran\u0131 ge\u00e7en y\u0131l y\u00fczde 68,4 olarak tespit edildi. \u00c7ocuk ya\u015f grubundaki (0-14 ya\u015f) n\u00fcfusun oran\u0131 y\u00fczde 20,9 olarak hesaplan\u0131rken 65 ve daha yukar\u0131 ya\u015ftaki n\u00fcfusun oran\u0131 ise y\u00fczde 10,6 olarak kaydedildi.<\/p>\n<p>K\u00f6y ve beldelerde ya\u015fayan 5,7 milyonluk n\u00fcfusun 938 bini 0-14 ya\u015f, 3,6 milyonu 15-64 ya\u015f, yakla\u015f\u0131k 1,1 milyonu da 65 ve daha yukar\u0131 ya\u015ftaki gruplardan olu\u015ftu.<\/p>\n<p>\u00d6te yandan, 2024 itibar\u0131yla T\u00fcrkiye\u2019nin erkek n\u00fcfusu 42 milyon 853 bin 110, kad\u0131n n\u00fcfusu 42 milyon 811 bin 834 olarak hesapland\u0131.<\/p>\n<p>\u00dclke genelinde 33 \u015fehirde kad\u0131n n\u00fcfusu daha fazla bulunuyor. Kad\u0131n n\u00fcfusunun fazla oldu\u011fu iller aras\u0131nda Ankara, \u0130zmir, Bursa, Konya, Samsun, Bal\u0131kesir, Ayd\u0131n, Denizli, Eski\u015fehir, Erzurum, Sivas ve Trabzon da yer al\u0131yor.<\/p>\n<p>K\u00f6y ve beldelerde ya\u015fayan 5 milyon 657 bin 686 ki\u015fiden 2 milyon 913 bin 301\u2019i erkeklerden, 2 milyon 744 bin 385\u2019i de kad\u0131nlardan olu\u015fuyor.<\/p>\n<\/p><\/div>\n<p><script async\n                    defer\n                    crossorigin=\"anonymous\"\n                    src=\"https:\/\/connect.facebook.net\/tr_TR\/sdk.js#xfbml=1&#038;version=v3.3\"\n            ><\/script><\/p>\n","protected":false},"excerpt":{"rendered":"<p>T\u00fcrkiye\u2019de n\u00fcfusun y\u00fczde 93,39\u2019u il ve il\u00e7e merkezlerinde ikamet ederken belde ve k\u00f6ylerde ya\u015fayanlar\u0131n oran\u0131 y\u00fczde 6,6\u2019ya geriledi. AA muhabirinin, T\u00fcrkiye \u0130statistik Kurumu (T\u00dc\u0130K) verilerinden yapt\u0131\u011f\u0131 derlemeye g\u00f6re, \u00fclke n\u00fcfusu 2024\u2019te bir \u00f6nceki y\u0131la k\u0131yasla 292 bin 567 ki\u015fi artarak 85 milyon 664 bin 944 ki\u015fi oldu. \u0130l ve il\u00e7e merkezlerinde ikamet eden ki\u015fi say\u0131s\u0131 [&hellip;]<\/p>\n","protected":false},"author":1,"featured_media":17845,"comment_status":"open","ping_status":"open","sticky":false,"template":"","format":"standard","meta":{"jnews-multi-image_gallery":[],"jnews_single_post":[],"jnews_primary_category":[],"footnotes":""},"categories":[2],"tags":[],"class_list":["post-17844","post","type-post","status-publish","format-standard","has-post-thumbnail","hentry","category-dunya"],"yoast_head":"<!-- This site is optimized with the Yoast SEO plugin v27.5 - https:\/\/yoast.com\/product\/yoast-seo-wordpress\/ -->\n<title>T\u00fcrkiye\u2019nin n\u00fcfusu artarken k\u0131rsalda n\u00fcfus azal\u0131yor - Haber Kuzey<\/title>\n<meta name=\"robots\" content=\"index, follow, max-snippet:-1, max-image-preview:large, max-video-preview:-1\" \/>\n<link rel=\"canonical\" href=\"https:\/\/haberkuzey.com\/index.php\/2025\/02\/08\/turkiyenin-nufusu-artarken-kirsalda-nufus-azaliyor\/\" \/>\n<meta property=\"og:locale\" content=\"tr_TR\" \/>\n<meta property=\"og:type\" content=\"article\" \/>\n<meta property=\"og:title\" content=\"T\u00fcrkiye\u2019nin n\u00fcfusu artarken k\u0131rsalda n\u00fcfus azal\u0131yor - Haber Kuzey\" \/>\n<meta property=\"og:description\" content=\"T\u00fcrkiye\u2019de n\u00fcfusun y\u00fczde 93,39\u2019u il ve il\u00e7e merkezlerinde ikamet ederken belde ve k\u00f6ylerde ya\u015fayanlar\u0131n oran\u0131 y\u00fczde 6,6\u2019ya geriledi. AA muhabirinin, T\u00fcrkiye \u0130statistik Kurumu (T\u00dc\u0130K) verilerinden yapt\u0131\u011f\u0131 derlemeye g\u00f6re, \u00fclke n\u00fcfusu 2024\u2019te bir \u00f6nceki y\u0131la k\u0131yasla 292 bin 567 ki\u015fi artarak 85 milyon 664 bin 944 ki\u015fi oldu. \u0130l ve il\u00e7e merkezlerinde ikamet eden ki\u015fi say\u0131s\u0131 [&hellip;]\" \/>\n<meta property=\"og:url\" content=\"https:\/\/haberkuzey.com\/index.php\/2025\/02\/08\/turkiyenin-nufusu-artarken-kirsalda-nufus-azaliyor\/\" \/>\n<meta property=\"og:site_name\" content=\"Haber Kuzey\" \/>\n<meta property=\"article:published_time\" content=\"2025-02-08T10:45:21+00:00\" \/>\n<meta property=\"og:image\" content=\"https:\/\/brtk.net\/wp-content\/uploads\/2025\/02\/08\/1739010824411thumbs_b_c_4a8890d72227cf85546ba82d45c630dd.jpg?ver=5de776b7a6062c602e37bbfe0e08e3a1\" \/>\n<meta name=\"author\" content=\"haberkuzey\" \/>\n<meta name=\"twitter:card\" content=\"summary_large_image\" \/>\n<meta name=\"twitter:label1\" content=\"Yazan:\" \/>\n\t<meta name=\"twitter:data1\" content=\"haberkuzey\" \/>\n\t<meta name=\"twitter:label2\" content=\"Tahmini okuma s\u00fcresi\" \/>\n\t<meta name=\"twitter:data2\" content=\"2 dakika\" \/>\n<script type=\"application\/ld+json\" class=\"yoast-schema-graph\">{\"@context\":\"https:\\\/\\\/schema.org\",\"@graph\":[{\"@type\":\"Article\",\"@id\":\"https:\\\/\\\/haberkuzey.com\\\/index.php\\\/2025\\\/02\\\/08\\\/turkiyenin-nufusu-artarken-kirsalda-nufus-azaliyor\\\/#article\",\"isPartOf\":{\"@id\":\"https:\\\/\\\/haberkuzey.com\\\/index.php\\\/2025\\\/02\\\/08\\\/turkiyenin-nufusu-artarken-kirsalda-nufus-azaliyor\\\/\"},\"author\":{\"name\":\"haberkuzey\",\"@id\":\"https:\\\/\\\/haberkuzey.com\\\/#\\\/schema\\\/person\\\/3372109ec735f9333f4fa47ebb9605ca\"},\"headline\":\"T\u00fcrkiye\u2019nin n\u00fcfusu artarken k\u0131rsalda n\u00fcfus azal\u0131yor\",\"datePublished\":\"2025-02-08T10:45:21+00:00\",\"mainEntityOfPage\":{\"@id\":\"https:\\\/\\\/haberkuzey.com\\\/index.php\\\/2025\\\/02\\\/08\\\/turkiyenin-nufusu-artarken-kirsalda-nufus-azaliyor\\\/\"},\"wordCount\":424,\"commentCount\":0,\"image\":{\"@id\":\"https:\\\/\\\/haberkuzey.com\\\/index.php\\\/2025\\\/02\\\/08\\\/turkiyenin-nufusu-artarken-kirsalda-nufus-azaliyor\\\/#primaryimage\"},\"thumbnailUrl\":\"https:\\\/\\\/haberkuzey.com\\\/wp-content\\\/uploads\\\/2025\\\/02\\\/1739010824411thumbs_b_c_4a8890d72227cf85546ba82d45c630dd.jpg\",\"articleSection\":[\"D\u00fcnya\"],\"inLanguage\":\"tr\",\"potentialAction\":[{\"@type\":\"CommentAction\",\"name\":\"Comment\",\"target\":[\"https:\\\/\\\/haberkuzey.com\\\/index.php\\\/2025\\\/02\\\/08\\\/turkiyenin-nufusu-artarken-kirsalda-nufus-azaliyor\\\/#respond\"]}]},{\"@type\":\"WebPage\",\"@id\":\"https:\\\/\\\/haberkuzey.com\\\/index.php\\\/2025\\\/02\\\/08\\\/turkiyenin-nufusu-artarken-kirsalda-nufus-azaliyor\\\/\",\"url\":\"https:\\\/\\\/haberkuzey.com\\\/index.php\\\/2025\\\/02\\\/08\\\/turkiyenin-nufusu-artarken-kirsalda-nufus-azaliyor\\\/\",\"name\":\"T\u00fcrkiye\u2019nin n\u00fcfusu artarken k\u0131rsalda n\u00fcfus azal\u0131yor - Haber Kuzey\",\"isPartOf\":{\"@id\":\"https:\\\/\\\/haberkuzey.com\\\/#website\"},\"primaryImageOfPage\":{\"@id\":\"https:\\\/\\\/haberkuzey.com\\\/index.php\\\/2025\\\/02\\\/08\\\/turkiyenin-nufusu-artarken-kirsalda-nufus-azaliyor\\\/#primaryimage\"},\"image\":{\"@id\":\"https:\\\/\\\/haberkuzey.com\\\/index.php\\\/2025\\\/02\\\/08\\\/turkiyenin-nufusu-artarken-kirsalda-nufus-azaliyor\\\/#primaryimage\"},\"thumbnailUrl\":\"https:\\\/\\\/haberkuzey.com\\\/wp-content\\\/uploads\\\/2025\\\/02\\\/1739010824411thumbs_b_c_4a8890d72227cf85546ba82d45c630dd.jpg\",\"datePublished\":\"2025-02-08T10:45:21+00:00\",\"author\":{\"@id\":\"https:\\\/\\\/haberkuzey.com\\\/#\\\/schema\\\/person\\\/3372109ec735f9333f4fa47ebb9605ca\"},\"breadcrumb\":{\"@id\":\"https:\\\/\\\/haberkuzey.com\\\/index.php\\\/2025\\\/02\\\/08\\\/turkiyenin-nufusu-artarken-kirsalda-nufus-azaliyor\\\/#breadcrumb\"},\"inLanguage\":\"tr\",\"potentialAction\":[{\"@type\":\"ReadAction\",\"target\":[\"https:\\\/\\\/haberkuzey.com\\\/index.php\\\/2025\\\/02\\\/08\\\/turkiyenin-nufusu-artarken-kirsalda-nufus-azaliyor\\\/\"]}]},{\"@type\":\"ImageObject\",\"inLanguage\":\"tr\",\"@id\":\"https:\\\/\\\/haberkuzey.com\\\/index.php\\\/2025\\\/02\\\/08\\\/turkiyenin-nufusu-artarken-kirsalda-nufus-azaliyor\\\/#primaryimage\",\"url\":\"https:\\\/\\\/haberkuzey.com\\\/wp-content\\\/uploads\\\/2025\\\/02\\\/1739010824411thumbs_b_c_4a8890d72227cf85546ba82d45c630dd.jpg\",\"contentUrl\":\"https:\\\/\\\/haberkuzey.com\\\/wp-content\\\/uploads\\\/2025\\\/02\\\/1739010824411thumbs_b_c_4a8890d72227cf85546ba82d45c630dd.jpg\",\"width\":864,\"height\":486},{\"@type\":\"BreadcrumbList\",\"@id\":\"https:\\\/\\\/haberkuzey.com\\\/index.php\\\/2025\\\/02\\\/08\\\/turkiyenin-nufusu-artarken-kirsalda-nufus-azaliyor\\\/#breadcrumb\",\"itemListElement\":[{\"@type\":\"ListItem\",\"position\":1,\"name\":\"Anasayfa\",\"item\":\"https:\\\/\\\/haberkuzey.com\\\/\"},{\"@type\":\"ListItem\",\"position\":2,\"name\":\"T\u00fcrkiye\u2019nin n\u00fcfusu artarken k\u0131rsalda n\u00fcfus azal\u0131yor\"}]},{\"@type\":\"WebSite\",\"@id\":\"https:\\\/\\\/haberkuzey.com\\\/#website\",\"url\":\"https:\\\/\\\/haberkuzey.com\\\/\",\"name\":\"Haber Kuzey\",\"description\":\"Do\u011fru Haberin Adresi\",\"potentialAction\":[{\"@type\":\"SearchAction\",\"target\":{\"@type\":\"EntryPoint\",\"urlTemplate\":\"https:\\\/\\\/haberkuzey.com\\\/?s={search_term_string}\"},\"query-input\":{\"@type\":\"PropertyValueSpecification\",\"valueRequired\":true,\"valueName\":\"search_term_string\"}}],\"inLanguage\":\"tr\"},{\"@type\":\"Person\",\"@id\":\"https:\\\/\\\/haberkuzey.com\\\/#\\\/schema\\\/person\\\/3372109ec735f9333f4fa47ebb9605ca\",\"name\":\"haberkuzey\",\"image\":{\"@type\":\"ImageObject\",\"inLanguage\":\"tr\",\"@id\":\"https:\\\/\\\/secure.gravatar.com\\\/avatar\\\/f5fc875574b1575324358c3b9e6a32b8227aa5b74f3fa22e3cadb63e26fcc39c?s=96&d=mm&r=g\",\"url\":\"https:\\\/\\\/secure.gravatar.com\\\/avatar\\\/f5fc875574b1575324358c3b9e6a32b8227aa5b74f3fa22e3cadb63e26fcc39c?s=96&d=mm&r=g\",\"contentUrl\":\"https:\\\/\\\/secure.gravatar.com\\\/avatar\\\/f5fc875574b1575324358c3b9e6a32b8227aa5b74f3fa22e3cadb63e26fcc39c?s=96&d=mm&r=g\",\"caption\":\"haberkuzey\"},\"sameAs\":[\"https:\\\/\\\/haberkuzey.com\"],\"url\":\"https:\\\/\\\/haberkuzey.com\\\/index.php\\\/author\\\/haberkuzey\\\/\"}]}<\/script>\n<!-- \/ Yoast SEO plugin. -->","yoast_head_json":{"title":"T\u00fcrkiye\u2019nin n\u00fcfusu artarken k\u0131rsalda n\u00fcfus azal\u0131yor - Haber Kuzey","robots":{"index":"index","follow":"follow","max-snippet":"max-snippet:-1","max-image-preview":"max-image-preview:large","max-video-preview":"max-video-preview:-1"},"canonical":"https:\/\/haberkuzey.com\/index.php\/2025\/02\/08\/turkiyenin-nufusu-artarken-kirsalda-nufus-azaliyor\/","og_locale":"tr_TR","og_type":"article","og_title":"T\u00fcrkiye\u2019nin n\u00fcfusu artarken k\u0131rsalda n\u00fcfus azal\u0131yor - Haber Kuzey","og_description":"T\u00fcrkiye\u2019de n\u00fcfusun y\u00fczde 93,39\u2019u il ve il\u00e7e merkezlerinde ikamet ederken belde ve k\u00f6ylerde ya\u015fayanlar\u0131n oran\u0131 y\u00fczde 6,6\u2019ya geriledi. AA muhabirinin, T\u00fcrkiye \u0130statistik Kurumu (T\u00dc\u0130K) verilerinden yapt\u0131\u011f\u0131 derlemeye g\u00f6re, \u00fclke n\u00fcfusu 2024\u2019te bir \u00f6nceki y\u0131la k\u0131yasla 292 bin 567 ki\u015fi artarak 85 milyon 664 bin 944 ki\u015fi oldu. \u0130l ve il\u00e7e merkezlerinde ikamet eden ki\u015fi say\u0131s\u0131 [&hellip;]","og_url":"https:\/\/haberkuzey.com\/index.php\/2025\/02\/08\/turkiyenin-nufusu-artarken-kirsalda-nufus-azaliyor\/","og_site_name":"Haber Kuzey","article_published_time":"2025-02-08T10:45:21+00:00","og_image":[{"url":"https:\/\/brtk.net\/wp-content\/uploads\/2025\/02\/08\/1739010824411thumbs_b_c_4a8890d72227cf85546ba82d45c630dd.jpg?ver=5de776b7a6062c602e37bbfe0e08e3a1","type":"","width":"","height":""}],"author":"haberkuzey","twitter_card":"summary_large_image","twitter_misc":{"Yazan:":"haberkuzey","Tahmini okuma s\u00fcresi":"2 dakika"},"schema":{"@context":"https:\/\/schema.org","@graph":[{"@type":"Article","@id":"https:\/\/haberkuzey.com\/index.php\/2025\/02\/08\/turkiyenin-nufusu-artarken-kirsalda-nufus-azaliyor\/#article","isPartOf":{"@id":"https:\/\/haberkuzey.com\/index.php\/2025\/02\/08\/turkiyenin-nufusu-artarken-kirsalda-nufus-azaliyor\/"},"author":{"name":"haberkuzey","@id":"https:\/\/haberkuzey.com\/#\/schema\/person\/3372109ec735f9333f4fa47ebb9605ca"},"headline":"T\u00fcrkiye\u2019nin n\u00fcfusu artarken k\u0131rsalda n\u00fcfus azal\u0131yor","datePublished":"2025-02-08T10:45:21+00:00","mainEntityOfPage":{"@id":"https:\/\/haberkuzey.com\/index.php\/2025\/02\/08\/turkiyenin-nufusu-artarken-kirsalda-nufus-azaliyor\/"},"wordCount":424,"commentCount":0,"image":{"@id":"https:\/\/haberkuzey.com\/index.php\/2025\/02\/08\/turkiyenin-nufusu-artarken-kirsalda-nufus-azaliyor\/#primaryimage"},"thumbnailUrl":"https:\/\/haberkuzey.com\/wp-content\/uploads\/2025\/02\/1739010824411thumbs_b_c_4a8890d72227cf85546ba82d45c630dd.jpg","articleSection":["D\u00fcnya"],"inLanguage":"tr","potentialAction":[{"@type":"CommentAction","name":"Comment","target":["https:\/\/haberkuzey.com\/index.php\/2025\/02\/08\/turkiyenin-nufusu-artarken-kirsalda-nufus-azaliyor\/#respond"]}]},{"@type":"WebPage","@id":"https:\/\/haberkuzey.com\/index.php\/2025\/02\/08\/turkiyenin-nufusu-artarken-kirsalda-nufus-azaliyor\/","url":"https:\/\/haberkuzey.com\/index.php\/2025\/02\/08\/turkiyenin-nufusu-artarken-kirsalda-nufus-azaliyor\/","name":"T\u00fcrkiye\u2019nin n\u00fcfusu artarken k\u0131rsalda n\u00fcfus azal\u0131yor - Haber Kuzey","isPartOf":{"@id":"https:\/\/haberkuzey.com\/#website"},"primaryImageOfPage":{"@id":"https:\/\/haberkuzey.com\/index.php\/2025\/02\/08\/turkiyenin-nufusu-artarken-kirsalda-nufus-azaliyor\/#primaryimage"},"image":{"@id":"https:\/\/haberkuzey.com\/index.php\/2025\/02\/08\/turkiyenin-nufusu-artarken-kirsalda-nufus-azaliyor\/#primaryimage"},"thumbnailUrl":"https:\/\/haberkuzey.com\/wp-content\/uploads\/2025\/02\/1739010824411thumbs_b_c_4a8890d72227cf85546ba82d45c630dd.jpg","datePublished":"2025-02-08T10:45:21+00:00","author":{"@id":"https:\/\/haberkuzey.com\/#\/schema\/person\/3372109ec735f9333f4fa47ebb9605ca"},"breadcrumb":{"@id":"https:\/\/haberkuzey.com\/index.php\/2025\/02\/08\/turkiyenin-nufusu-artarken-kirsalda-nufus-azaliyor\/#breadcrumb"},"inLanguage":"tr","potentialAction":[{"@type":"ReadAction","target":["https:\/\/haberkuzey.com\/index.php\/2025\/02\/08\/turkiyenin-nufusu-artarken-kirsalda-nufus-azaliyor\/"]}]},{"@type":"ImageObject","inLanguage":"tr","@id":"https:\/\/haberkuzey.com\/index.php\/2025\/02\/08\/turkiyenin-nufusu-artarken-kirsalda-nufus-azaliyor\/#primaryimage","url":"https:\/\/haberkuzey.com\/wp-content\/uploads\/2025\/02\/1739010824411thumbs_b_c_4a8890d72227cf85546ba82d45c630dd.jpg","contentUrl":"https:\/\/haberkuzey.com\/wp-content\/uploads\/2025\/02\/1739010824411thumbs_b_c_4a8890d72227cf85546ba82d45c630dd.jpg","width":864,"height":486},{"@type":"BreadcrumbList","@id":"https:\/\/haberkuzey.com\/index.php\/2025\/02\/08\/turkiyenin-nufusu-artarken-kirsalda-nufus-azaliyor\/#breadcrumb","itemListElement":[{"@type":"ListItem","position":1,"name":"Anasayfa","item":"https:\/\/haberkuzey.com\/"},{"@type":"ListItem","position":2,"name":"T\u00fcrkiye\u2019nin n\u00fcfusu artarken k\u0131rsalda n\u00fcfus azal\u0131yor"}]},{"@type":"WebSite","@id":"https:\/\/haberkuzey.com\/#website","url":"https:\/\/haberkuzey.com\/","name":"Haber Kuzey","description":"Do\u011fru Haberin Adresi","potentialAction":[{"@type":"SearchAction","target":{"@type":"EntryPoint","urlTemplate":"https:\/\/haberkuzey.com\/?s={search_term_string}"},"query-input":{"@type":"PropertyValueSpecification","valueRequired":true,"valueName":"search_term_string"}}],"inLanguage":"tr"},{"@type":"Person","@id":"https:\/\/haberkuzey.com\/#\/schema\/person\/3372109ec735f9333f4fa47ebb9605ca","name":"haberkuzey","image":{"@type":"ImageObject","inLanguage":"tr","@id":"https:\/\/secure.gravatar.com\/avatar\/f5fc875574b1575324358c3b9e6a32b8227aa5b74f3fa22e3cadb63e26fcc39c?s=96&d=mm&r=g","url":"https:\/\/secure.gravatar.com\/avatar\/f5fc875574b1575324358c3b9e6a32b8227aa5b74f3fa22e3cadb63e26fcc39c?s=96&d=mm&r=g","contentUrl":"https:\/\/secure.gravatar.com\/avatar\/f5fc875574b1575324358c3b9e6a32b8227aa5b74f3fa22e3cadb63e26fcc39c?s=96&d=mm&r=g","caption":"haberkuzey"},"sameAs":["https:\/\/haberkuzey.com"],"url":"https:\/\/haberkuzey.com\/index.php\/author\/haberkuzey\/"}]}},"_links":{"self":[{"href":"https:\/\/haberkuzey.com\/index.php\/wp-json\/wp\/v2\/posts\/17844","targetHints":{"allow":["GET"]}}],"collection":[{"href":"https:\/\/haberkuzey.com\/index.php\/wp-json\/wp\/v2\/posts"}],"about":[{"href":"https:\/\/haberkuzey.com\/index.php\/wp-json\/wp\/v2\/types\/post"}],"author":[{"embeddable":true,"href":"https:\/\/haberkuzey.com\/index.php\/wp-json\/wp\/v2\/users\/1"}],"replies":[{"embeddable":true,"href":"https:\/\/haberkuzey.com\/index.php\/wp-json\/wp\/v2\/comments?post=17844"}],"version-history":[{"count":0,"href":"https:\/\/haberkuzey.com\/index.php\/wp-json\/wp\/v2\/posts\/17844\/revisions"}],"wp:featuredmedia":[{"embeddable":true,"href":"https:\/\/haberkuzey.com\/index.php\/wp-json\/wp\/v2\/media\/17845"}],"wp:attachment":[{"href":"https:\/\/haberkuzey.com\/index.php\/wp-json\/wp\/v2\/media?parent=17844"}],"wp:term":[{"taxonomy":"category","embeddable":true,"href":"https:\/\/haberkuzey.com\/index.php\/wp-json\/wp\/v2\/categories?post=17844"},{"taxonomy":"post_tag","embeddable":true,"href":"https:\/\/haberkuzey.com\/index.php\/wp-json\/wp\/v2\/tags?post=17844"}],"curies":[{"name":"wp","href":"https:\/\/api.w.org\/{rel}","templated":true}]}}