{"id":1784,"date":"2024-05-08T23:40:56","date_gmt":"2024-05-08T20:40:56","guid":{"rendered":"https:\/\/haberkuzey.com\/index.php\/2024\/05\/08\/ispanya-krali-6-felipe-gazzedeki-siddet-hayal-edilemeyecek-boyutlara-ulasti\/"},"modified":"2024-05-08T23:40:56","modified_gmt":"2024-05-08T20:40:56","slug":"ispanya-krali-6-felipe-gazzedeki-siddet-hayal-edilemeyecek-boyutlara-ulasti","status":"publish","type":"post","link":"https:\/\/haberkuzey.com\/index.php\/2024\/05\/08\/ispanya-krali-6-felipe-gazzedeki-siddet-hayal-edilemeyecek-boyutlara-ulasti\/","title":{"rendered":"\u0130spanya Kral\u0131 6. Felipe: Gazze&#039;deki \u015fiddet hayal edilemeyecek boyutlara ula\u015ft\u0131"},"content":{"rendered":"<p><\/p>\n<div>\n<p>&#13;<br \/>\n\tKral 6. Felipe, Madrid&#8217;de d\u00fczenlenen bir etkinlikte yapt\u0131\u011f\u0131 konu\u015fmada, &#8220;Gazze \u015eeridi&#8217;ndeki y\u0131k\u0131m ve insani durum herkes i\u00e7in en b\u00fcy\u00fck endi\u015fe kayna\u011f\u0131. Gazze&#8217;deki \u015fiddet hayal bile edilemeyecek boyutlara ula\u015ft\u0131&#8221; dedi.<\/p>\n<p>&#13;<br \/>\n\t\u0130srail&#8217;in sald\u0131r\u0131lar\u0131na devam etti\u011fi Gazze&#8217;deki \u015fiddetin artmas\u0131n\u0131n Orta Do\u011fu&#8217;daki krizde nadiren g\u00f6r\u00fclen bir durum oldu\u011funu ve bunun sonu\u00e7lar\u0131n\u0131n k\u00fcresel olarak bir\u00e7ok belirsizli\u011fe yol a\u00e7t\u0131\u011f\u0131n\u0131 ifade eden <a href=\"https:\/\/www.trthaber.com\/etiket\/ispanya\/\" target=\"_blank\" rel=\"noopener\">\u0130spanya<\/a> Kral\u0131, &#8220;Asl\u0131nda bu 7 Ekim&#8217;de ba\u015flamad\u0131 ancak 7 Ekim&#8217;de \u0130srail&#8217;in u\u011frad\u0131\u011f\u0131 ve Gazze&#8217;den ger\u00e7ekle\u015ftirilen bir dizi korkun\u00e7 ve b\u00fcy\u00fck \u00f6l\u00e7ekli ter\u00f6rist sald\u0131r\u0131yla birlikte \u015fiddet bu korkun\u00e7 t\u0131rman\u0131\u015fa ge\u00e7ti&#8221; diye konu\u015ftu.<\/p>\n<p>&#13;<br \/>\n\tKral 6. Felipe, jeopolitik ve ekonomik sorunlardan, demografik hareketlerden ve dijitalle\u015fme gibi daha bir\u00e7ok fakt\u00f6rden dolay\u0131 d\u00fcnyan\u0131n gittik\u00e7e karma\u015f\u0131k ve \u00f6ng\u00f6r\u00fclemez bir hal ald\u0131\u011f\u0131n\u0131, \u00f6zellikle k\u0131r\u0131lgan sorunlar kar\u015f\u0131s\u0131nda ortak ve e\u015f g\u00fcd\u00fcml\u00fc eylemden ba\u015fka alternatif olmad\u0131\u011f\u0131n\u0131 kaydetti.<\/p>\n<\/p><\/div>\n","protected":false},"excerpt":{"rendered":"<p>&#13; Kral 6. Felipe, Madrid&#8217;de d\u00fczenlenen bir etkinlikte yapt\u0131\u011f\u0131 konu\u015fmada, &#8220;Gazze \u015eeridi&#8217;ndeki y\u0131k\u0131m ve insani durum herkes i\u00e7in en b\u00fcy\u00fck endi\u015fe kayna\u011f\u0131. Gazze&#8217;deki \u015fiddet hayal bile edilemeyecek boyutlara ula\u015ft\u0131&#8221; dedi. &#13; \u0130srail&#8217;in sald\u0131r\u0131lar\u0131na devam etti\u011fi Gazze&#8217;deki \u015fiddetin artmas\u0131n\u0131n Orta Do\u011fu&#8217;daki krizde nadiren g\u00f6r\u00fclen bir durum oldu\u011funu ve bunun sonu\u00e7lar\u0131n\u0131n k\u00fcresel olarak bir\u00e7ok belirsizli\u011fe yol a\u00e7t\u0131\u011f\u0131n\u0131 [&hellip;]<\/p>\n","protected":false},"author":1,"featured_media":1785,"comment_status":"open","ping_status":"open","sticky":false,"template":"","format":"standard","meta":{"jnews-multi-image_gallery":[],"jnews_single_post":[],"jnews_primary_category":[],"footnotes":""},"categories":[],"tags":[],"class_list":["post-1784","post","type-post","status-publish","format-standard","has-post-thumbnail","hentry"],"yoast_head":"<!-- This site is optimized with the Yoast SEO plugin v27.5 - https:\/\/yoast.com\/product\/yoast-seo-wordpress\/ -->\n<title>\u0130spanya Kral\u0131 6. Felipe: Gazze&#039;deki \u015fiddet hayal edilemeyecek boyutlara ula\u015ft\u0131 - Haber Kuzey<\/title>\n<meta name=\"robots\" content=\"index, follow, max-snippet:-1, max-image-preview:large, max-video-preview:-1\" \/>\n<link rel=\"canonical\" href=\"https:\/\/haberkuzey.com\/index.php\/2024\/05\/08\/ispanya-krali-6-felipe-gazzedeki-siddet-hayal-edilemeyecek-boyutlara-ulasti\/\" \/>\n<meta property=\"og:locale\" content=\"tr_TR\" \/>\n<meta property=\"og:type\" content=\"article\" \/>\n<meta property=\"og:title\" content=\"\u0130spanya Kral\u0131 6. Felipe: Gazze&#039;deki \u015fiddet hayal edilemeyecek boyutlara ula\u015ft\u0131 - Haber Kuzey\" \/>\n<meta property=\"og:description\" content=\"&#013; Kral 6. Felipe, Madrid&#8217;de d\u00fczenlenen bir etkinlikte yapt\u0131\u011f\u0131 konu\u015fmada, &#8220;Gazze \u015eeridi&#8217;ndeki y\u0131k\u0131m ve insani durum herkes i\u00e7in en b\u00fcy\u00fck endi\u015fe kayna\u011f\u0131. Gazze&#8217;deki \u015fiddet hayal bile edilemeyecek boyutlara ula\u015ft\u0131&#8221; dedi. &#013; \u0130srail&#8217;in sald\u0131r\u0131lar\u0131na devam etti\u011fi Gazze&#8217;deki \u015fiddetin artmas\u0131n\u0131n Orta Do\u011fu&#8217;daki krizde nadiren g\u00f6r\u00fclen bir durum oldu\u011funu ve bunun sonu\u00e7lar\u0131n\u0131n k\u00fcresel olarak bir\u00e7ok belirsizli\u011fe yol a\u00e7t\u0131\u011f\u0131n\u0131 [&hellip;]\" \/>\n<meta property=\"og:url\" content=\"https:\/\/haberkuzey.com\/index.php\/2024\/05\/08\/ispanya-krali-6-felipe-gazzedeki-siddet-hayal-edilemeyecek-boyutlara-ulasti\/\" \/>\n<meta property=\"og:site_name\" content=\"Haber Kuzey\" \/>\n<meta property=\"article:published_time\" content=\"2024-05-08T20:40:56+00:00\" \/>\n<meta property=\"og:image\" content=\"https:\/\/trthaberstatic.cdn.wp.trt.com.tr\/resimler\/2206000\/gazze-2206610.jpg\" \/>\n<meta name=\"author\" content=\"haberkuzey\" \/>\n<meta name=\"twitter:card\" content=\"summary_large_image\" \/>\n<meta name=\"twitter:label1\" content=\"Yazan:\" \/>\n\t<meta name=\"twitter:data1\" content=\"haberkuzey\" \/>\n\t<meta name=\"twitter:label2\" content=\"Tahmini okuma s\u00fcresi\" \/>\n\t<meta name=\"twitter:data2\" content=\"1 dakika\" \/>\n<script type=\"application\/ld+json\" class=\"yoast-schema-graph\">{\"@context\":\"https:\\\/\\\/schema.org\",\"@graph\":[{\"@type\":\"Article\",\"@id\":\"https:\\\/\\\/haberkuzey.com\\\/index.php\\\/2024\\\/05\\\/08\\\/ispanya-krali-6-felipe-gazzedeki-siddet-hayal-edilemeyecek-boyutlara-ulasti\\\/#article\",\"isPartOf\":{\"@id\":\"https:\\\/\\\/haberkuzey.com\\\/index.php\\\/2024\\\/05\\\/08\\\/ispanya-krali-6-felipe-gazzedeki-siddet-hayal-edilemeyecek-boyutlara-ulasti\\\/\"},\"author\":{\"name\":\"haberkuzey\",\"@id\":\"https:\\\/\\\/haberkuzey.com\\\/#\\\/schema\\\/person\\\/3372109ec735f9333f4fa47ebb9605ca\"},\"headline\":\"\u0130spanya Kral\u0131 6. Felipe: Gazze&#039;deki \u015fiddet hayal edilemeyecek boyutlara ula\u015ft\u0131\",\"datePublished\":\"2024-05-08T20:40:56+00:00\",\"mainEntityOfPage\":{\"@id\":\"https:\\\/\\\/haberkuzey.com\\\/index.php\\\/2024\\\/05\\\/08\\\/ispanya-krali-6-felipe-gazzedeki-siddet-hayal-edilemeyecek-boyutlara-ulasti\\\/\"},\"wordCount\":200,\"commentCount\":0,\"image\":{\"@id\":\"https:\\\/\\\/haberkuzey.com\\\/index.php\\\/2024\\\/05\\\/08\\\/ispanya-krali-6-felipe-gazzedeki-siddet-hayal-edilemeyecek-boyutlara-ulasti\\\/#primaryimage\"},\"thumbnailUrl\":\"https:\\\/\\\/haberkuzey.com\\\/wp-content\\\/uploads\\\/2024\\\/05\\\/gazze-2206610.jpg\",\"inLanguage\":\"tr\",\"potentialAction\":[{\"@type\":\"CommentAction\",\"name\":\"Comment\",\"target\":[\"https:\\\/\\\/haberkuzey.com\\\/index.php\\\/2024\\\/05\\\/08\\\/ispanya-krali-6-felipe-gazzedeki-siddet-hayal-edilemeyecek-boyutlara-ulasti\\\/#respond\"]}]},{\"@type\":\"WebPage\",\"@id\":\"https:\\\/\\\/haberkuzey.com\\\/index.php\\\/2024\\\/05\\\/08\\\/ispanya-krali-6-felipe-gazzedeki-siddet-hayal-edilemeyecek-boyutlara-ulasti\\\/\",\"url\":\"https:\\\/\\\/haberkuzey.com\\\/index.php\\\/2024\\\/05\\\/08\\\/ispanya-krali-6-felipe-gazzedeki-siddet-hayal-edilemeyecek-boyutlara-ulasti\\\/\",\"name\":\"\u0130spanya Kral\u0131 6. Felipe: Gazze&#039;deki \u015fiddet hayal edilemeyecek boyutlara ula\u015ft\u0131 - Haber Kuzey\",\"isPartOf\":{\"@id\":\"https:\\\/\\\/haberkuzey.com\\\/#website\"},\"primaryImageOfPage\":{\"@id\":\"https:\\\/\\\/haberkuzey.com\\\/index.php\\\/2024\\\/05\\\/08\\\/ispanya-krali-6-felipe-gazzedeki-siddet-hayal-edilemeyecek-boyutlara-ulasti\\\/#primaryimage\"},\"image\":{\"@id\":\"https:\\\/\\\/haberkuzey.com\\\/index.php\\\/2024\\\/05\\\/08\\\/ispanya-krali-6-felipe-gazzedeki-siddet-hayal-edilemeyecek-boyutlara-ulasti\\\/#primaryimage\"},\"thumbnailUrl\":\"https:\\\/\\\/haberkuzey.com\\\/wp-content\\\/uploads\\\/2024\\\/05\\\/gazze-2206610.jpg\",\"datePublished\":\"2024-05-08T20:40:56+00:00\",\"author\":{\"@id\":\"https:\\\/\\\/haberkuzey.com\\\/#\\\/schema\\\/person\\\/3372109ec735f9333f4fa47ebb9605ca\"},\"breadcrumb\":{\"@id\":\"https:\\\/\\\/haberkuzey.com\\\/index.php\\\/2024\\\/05\\\/08\\\/ispanya-krali-6-felipe-gazzedeki-siddet-hayal-edilemeyecek-boyutlara-ulasti\\\/#breadcrumb\"},\"inLanguage\":\"tr\",\"potentialAction\":[{\"@type\":\"ReadAction\",\"target\":[\"https:\\\/\\\/haberkuzey.com\\\/index.php\\\/2024\\\/05\\\/08\\\/ispanya-krali-6-felipe-gazzedeki-siddet-hayal-edilemeyecek-boyutlara-ulasti\\\/\"]}]},{\"@type\":\"ImageObject\",\"inLanguage\":\"tr\",\"@id\":\"https:\\\/\\\/haberkuzey.com\\\/index.php\\\/2024\\\/05\\\/08\\\/ispanya-krali-6-felipe-gazzedeki-siddet-hayal-edilemeyecek-boyutlara-ulasti\\\/#primaryimage\",\"url\":\"https:\\\/\\\/haberkuzey.com\\\/wp-content\\\/uploads\\\/2024\\\/05\\\/gazze-2206610.jpg\",\"contentUrl\":\"https:\\\/\\\/haberkuzey.com\\\/wp-content\\\/uploads\\\/2024\\\/05\\\/gazze-2206610.jpg\",\"width\":1280,\"height\":720},{\"@type\":\"BreadcrumbList\",\"@id\":\"https:\\\/\\\/haberkuzey.com\\\/index.php\\\/2024\\\/05\\\/08\\\/ispanya-krali-6-felipe-gazzedeki-siddet-hayal-edilemeyecek-boyutlara-ulasti\\\/#breadcrumb\",\"itemListElement\":[{\"@type\":\"ListItem\",\"position\":1,\"name\":\"Anasayfa\",\"item\":\"https:\\\/\\\/haberkuzey.com\\\/\"},{\"@type\":\"ListItem\",\"position\":2,\"name\":\"\u0130spanya Kral\u0131 6. Felipe: Gazze&#039;deki \u015fiddet hayal edilemeyecek boyutlara ula\u015ft\u0131\"}]},{\"@type\":\"WebSite\",\"@id\":\"https:\\\/\\\/haberkuzey.com\\\/#website\",\"url\":\"https:\\\/\\\/haberkuzey.com\\\/\",\"name\":\"Haber Kuzey\",\"description\":\"Do\u011fru Haberin Adresi\",\"potentialAction\":[{\"@type\":\"SearchAction\",\"target\":{\"@type\":\"EntryPoint\",\"urlTemplate\":\"https:\\\/\\\/haberkuzey.com\\\/?s={search_term_string}\"},\"query-input\":{\"@type\":\"PropertyValueSpecification\",\"valueRequired\":true,\"valueName\":\"search_term_string\"}}],\"inLanguage\":\"tr\"},{\"@type\":\"Person\",\"@id\":\"https:\\\/\\\/haberkuzey.com\\\/#\\\/schema\\\/person\\\/3372109ec735f9333f4fa47ebb9605ca\",\"name\":\"haberkuzey\",\"image\":{\"@type\":\"ImageObject\",\"inLanguage\":\"tr\",\"@id\":\"https:\\\/\\\/secure.gravatar.com\\\/avatar\\\/f5fc875574b1575324358c3b9e6a32b8227aa5b74f3fa22e3cadb63e26fcc39c?s=96&d=mm&r=g\",\"url\":\"https:\\\/\\\/secure.gravatar.com\\\/avatar\\\/f5fc875574b1575324358c3b9e6a32b8227aa5b74f3fa22e3cadb63e26fcc39c?s=96&d=mm&r=g\",\"contentUrl\":\"https:\\\/\\\/secure.gravatar.com\\\/avatar\\\/f5fc875574b1575324358c3b9e6a32b8227aa5b74f3fa22e3cadb63e26fcc39c?s=96&d=mm&r=g\",\"caption\":\"haberkuzey\"},\"sameAs\":[\"https:\\\/\\\/haberkuzey.com\"],\"url\":\"https:\\\/\\\/haberkuzey.com\\\/index.php\\\/author\\\/haberkuzey\\\/\"}]}<\/script>\n<!-- \/ Yoast SEO plugin. -->","yoast_head_json":{"title":"\u0130spanya Kral\u0131 6. Felipe: Gazze&#039;deki \u015fiddet hayal edilemeyecek boyutlara ula\u015ft\u0131 - Haber Kuzey","robots":{"index":"index","follow":"follow","max-snippet":"max-snippet:-1","max-image-preview":"max-image-preview:large","max-video-preview":"max-video-preview:-1"},"canonical":"https:\/\/haberkuzey.com\/index.php\/2024\/05\/08\/ispanya-krali-6-felipe-gazzedeki-siddet-hayal-edilemeyecek-boyutlara-ulasti\/","og_locale":"tr_TR","og_type":"article","og_title":"\u0130spanya Kral\u0131 6. Felipe: Gazze&#039;deki \u015fiddet hayal edilemeyecek boyutlara ula\u015ft\u0131 - Haber Kuzey","og_description":"&#13; Kral 6. Felipe, Madrid&#8217;de d\u00fczenlenen bir etkinlikte yapt\u0131\u011f\u0131 konu\u015fmada, &#8220;Gazze \u015eeridi&#8217;ndeki y\u0131k\u0131m ve insani durum herkes i\u00e7in en b\u00fcy\u00fck endi\u015fe kayna\u011f\u0131. Gazze&#8217;deki \u015fiddet hayal bile edilemeyecek boyutlara ula\u015ft\u0131&#8221; dedi. &#13; \u0130srail&#8217;in sald\u0131r\u0131lar\u0131na devam etti\u011fi Gazze&#8217;deki \u015fiddetin artmas\u0131n\u0131n Orta Do\u011fu&#8217;daki krizde nadiren g\u00f6r\u00fclen bir durum oldu\u011funu ve bunun sonu\u00e7lar\u0131n\u0131n k\u00fcresel olarak bir\u00e7ok belirsizli\u011fe yol a\u00e7t\u0131\u011f\u0131n\u0131 [&hellip;]","og_url":"https:\/\/haberkuzey.com\/index.php\/2024\/05\/08\/ispanya-krali-6-felipe-gazzedeki-siddet-hayal-edilemeyecek-boyutlara-ulasti\/","og_site_name":"Haber Kuzey","article_published_time":"2024-05-08T20:40:56+00:00","og_image":[{"url":"https:\/\/trthaberstatic.cdn.wp.trt.com.tr\/resimler\/2206000\/gazze-2206610.jpg","type":"","width":"","height":""}],"author":"haberkuzey","twitter_card":"summary_large_image","twitter_misc":{"Yazan:":"haberkuzey","Tahmini okuma s\u00fcresi":"1 dakika"},"schema":{"@context":"https:\/\/schema.org","@graph":[{"@type":"Article","@id":"https:\/\/haberkuzey.com\/index.php\/2024\/05\/08\/ispanya-krali-6-felipe-gazzedeki-siddet-hayal-edilemeyecek-boyutlara-ulasti\/#article","isPartOf":{"@id":"https:\/\/haberkuzey.com\/index.php\/2024\/05\/08\/ispanya-krali-6-felipe-gazzedeki-siddet-hayal-edilemeyecek-boyutlara-ulasti\/"},"author":{"name":"haberkuzey","@id":"https:\/\/haberkuzey.com\/#\/schema\/person\/3372109ec735f9333f4fa47ebb9605ca"},"headline":"\u0130spanya Kral\u0131 6. Felipe: Gazze&#039;deki \u015fiddet hayal edilemeyecek boyutlara ula\u015ft\u0131","datePublished":"2024-05-08T20:40:56+00:00","mainEntityOfPage":{"@id":"https:\/\/haberkuzey.com\/index.php\/2024\/05\/08\/ispanya-krali-6-felipe-gazzedeki-siddet-hayal-edilemeyecek-boyutlara-ulasti\/"},"wordCount":200,"commentCount":0,"image":{"@id":"https:\/\/haberkuzey.com\/index.php\/2024\/05\/08\/ispanya-krali-6-felipe-gazzedeki-siddet-hayal-edilemeyecek-boyutlara-ulasti\/#primaryimage"},"thumbnailUrl":"https:\/\/haberkuzey.com\/wp-content\/uploads\/2024\/05\/gazze-2206610.jpg","inLanguage":"tr","potentialAction":[{"@type":"CommentAction","name":"Comment","target":["https:\/\/haberkuzey.com\/index.php\/2024\/05\/08\/ispanya-krali-6-felipe-gazzedeki-siddet-hayal-edilemeyecek-boyutlara-ulasti\/#respond"]}]},{"@type":"WebPage","@id":"https:\/\/haberkuzey.com\/index.php\/2024\/05\/08\/ispanya-krali-6-felipe-gazzedeki-siddet-hayal-edilemeyecek-boyutlara-ulasti\/","url":"https:\/\/haberkuzey.com\/index.php\/2024\/05\/08\/ispanya-krali-6-felipe-gazzedeki-siddet-hayal-edilemeyecek-boyutlara-ulasti\/","name":"\u0130spanya Kral\u0131 6. Felipe: Gazze&#039;deki \u015fiddet hayal edilemeyecek boyutlara ula\u015ft\u0131 - Haber Kuzey","isPartOf":{"@id":"https:\/\/haberkuzey.com\/#website"},"primaryImageOfPage":{"@id":"https:\/\/haberkuzey.com\/index.php\/2024\/05\/08\/ispanya-krali-6-felipe-gazzedeki-siddet-hayal-edilemeyecek-boyutlara-ulasti\/#primaryimage"},"image":{"@id":"https:\/\/haberkuzey.com\/index.php\/2024\/05\/08\/ispanya-krali-6-felipe-gazzedeki-siddet-hayal-edilemeyecek-boyutlara-ulasti\/#primaryimage"},"thumbnailUrl":"https:\/\/haberkuzey.com\/wp-content\/uploads\/2024\/05\/gazze-2206610.jpg","datePublished":"2024-05-08T20:40:56+00:00","author":{"@id":"https:\/\/haberkuzey.com\/#\/schema\/person\/3372109ec735f9333f4fa47ebb9605ca"},"breadcrumb":{"@id":"https:\/\/haberkuzey.com\/index.php\/2024\/05\/08\/ispanya-krali-6-felipe-gazzedeki-siddet-hayal-edilemeyecek-boyutlara-ulasti\/#breadcrumb"},"inLanguage":"tr","potentialAction":[{"@type":"ReadAction","target":["https:\/\/haberkuzey.com\/index.php\/2024\/05\/08\/ispanya-krali-6-felipe-gazzedeki-siddet-hayal-edilemeyecek-boyutlara-ulasti\/"]}]},{"@type":"ImageObject","inLanguage":"tr","@id":"https:\/\/haberkuzey.com\/index.php\/2024\/05\/08\/ispanya-krali-6-felipe-gazzedeki-siddet-hayal-edilemeyecek-boyutlara-ulasti\/#primaryimage","url":"https:\/\/haberkuzey.com\/wp-content\/uploads\/2024\/05\/gazze-2206610.jpg","contentUrl":"https:\/\/haberkuzey.com\/wp-content\/uploads\/2024\/05\/gazze-2206610.jpg","width":1280,"height":720},{"@type":"BreadcrumbList","@id":"https:\/\/haberkuzey.com\/index.php\/2024\/05\/08\/ispanya-krali-6-felipe-gazzedeki-siddet-hayal-edilemeyecek-boyutlara-ulasti\/#breadcrumb","itemListElement":[{"@type":"ListItem","position":1,"name":"Anasayfa","item":"https:\/\/haberkuzey.com\/"},{"@type":"ListItem","position":2,"name":"\u0130spanya Kral\u0131 6. Felipe: Gazze&#039;deki \u015fiddet hayal edilemeyecek boyutlara ula\u015ft\u0131"}]},{"@type":"WebSite","@id":"https:\/\/haberkuzey.com\/#website","url":"https:\/\/haberkuzey.com\/","name":"Haber Kuzey","description":"Do\u011fru Haberin Adresi","potentialAction":[{"@type":"SearchAction","target":{"@type":"EntryPoint","urlTemplate":"https:\/\/haberkuzey.com\/?s={search_term_string}"},"query-input":{"@type":"PropertyValueSpecification","valueRequired":true,"valueName":"search_term_string"}}],"inLanguage":"tr"},{"@type":"Person","@id":"https:\/\/haberkuzey.com\/#\/schema\/person\/3372109ec735f9333f4fa47ebb9605ca","name":"haberkuzey","image":{"@type":"ImageObject","inLanguage":"tr","@id":"https:\/\/secure.gravatar.com\/avatar\/f5fc875574b1575324358c3b9e6a32b8227aa5b74f3fa22e3cadb63e26fcc39c?s=96&d=mm&r=g","url":"https:\/\/secure.gravatar.com\/avatar\/f5fc875574b1575324358c3b9e6a32b8227aa5b74f3fa22e3cadb63e26fcc39c?s=96&d=mm&r=g","contentUrl":"https:\/\/secure.gravatar.com\/avatar\/f5fc875574b1575324358c3b9e6a32b8227aa5b74f3fa22e3cadb63e26fcc39c?s=96&d=mm&r=g","caption":"haberkuzey"},"sameAs":["https:\/\/haberkuzey.com"],"url":"https:\/\/haberkuzey.com\/index.php\/author\/haberkuzey\/"}]}},"_links":{"self":[{"href":"https:\/\/haberkuzey.com\/index.php\/wp-json\/wp\/v2\/posts\/1784","targetHints":{"allow":["GET"]}}],"collection":[{"href":"https:\/\/haberkuzey.com\/index.php\/wp-json\/wp\/v2\/posts"}],"about":[{"href":"https:\/\/haberkuzey.com\/index.php\/wp-json\/wp\/v2\/types\/post"}],"author":[{"embeddable":true,"href":"https:\/\/haberkuzey.com\/index.php\/wp-json\/wp\/v2\/users\/1"}],"replies":[{"embeddable":true,"href":"https:\/\/haberkuzey.com\/index.php\/wp-json\/wp\/v2\/comments?post=1784"}],"version-history":[{"count":0,"href":"https:\/\/haberkuzey.com\/index.php\/wp-json\/wp\/v2\/posts\/1784\/revisions"}],"wp:featuredmedia":[{"embeddable":true,"href":"https:\/\/haberkuzey.com\/index.php\/wp-json\/wp\/v2\/media\/1785"}],"wp:attachment":[{"href":"https:\/\/haberkuzey.com\/index.php\/wp-json\/wp\/v2\/media?parent=1784"}],"wp:term":[{"taxonomy":"category","embeddable":true,"href":"https:\/\/haberkuzey.com\/index.php\/wp-json\/wp\/v2\/categories?post=1784"},{"taxonomy":"post_tag","embeddable":true,"href":"https:\/\/haberkuzey.com\/index.php\/wp-json\/wp\/v2\/tags?post=1784"}],"curies":[{"name":"wp","href":"https:\/\/api.w.org\/{rel}","templated":true}]}}