{"id":17815,"date":"2025-02-07T17:00:20","date_gmt":"2025-02-07T15:00:20","guid":{"rendered":"https:\/\/haberkuzey.com\/index.php\/2025\/02\/07\/ankarada-sahte-ickiden-33-kisi-hayatini-kaybetti-20-kisi-de-yogun-bakimda\/"},"modified":"2025-02-07T17:00:20","modified_gmt":"2025-02-07T15:00:20","slug":"ankarada-sahte-ickiden-33-kisi-hayatini-kaybetti-20-kisi-de-yogun-bakimda","status":"publish","type":"post","link":"https:\/\/haberkuzey.com\/index.php\/2025\/02\/07\/ankarada-sahte-ickiden-33-kisi-hayatini-kaybetti-20-kisi-de-yogun-bakimda\/","title":{"rendered":"Ankara\u2019da sahte i\u00e7kiden 33 ki\u015fi hayat\u0131n\u0131 kaybetti, 20 ki\u015fi de yo\u011fun bak\u0131mda"},"content":{"rendered":"<div>\n<div class=\"mariselle-image-container center\">\n                                            <\/div>\n<p> Ankara\u2019da sahte i\u00e7kiden 33 ki\u015fi hayat\u0131n\u0131 kaybetti, 20 ki\u015fi de yo\u011fun bak\u0131mda.<\/p>\n<p>Ankara Valisi Vasip \u015eahin,  Anafartalar \u015eehit Kamil Arslan Polis Merkezi Amirli\u011finin a\u00e7\u0131l\u0131\u015f\u0131nda yapt\u0131\u011f\u0131 konu\u015fmada, son g\u00fcnlerde Ankara\u2019da sahte i\u00e7kiye ba\u011fl\u0131 ciddi \u00f6l\u00fcm olaylar\u0131n\u0131n g\u00f6r\u00fcld\u00fc\u011f\u00fcn\u00fc belirterek, bu durumun kendilerini derinden \u00fczd\u00fc\u011f\u00fcn\u00fc ve daha fazla teyakkuz haline ge\u00e7irdi\u011fini dile getirdi.<\/p>\n<p>Sahte alkoll\u00fc i\u00e7ecek \u00fcreterek vatanda\u015flar\u0131n hayat\u0131na kasteden ki\u015filerle m\u00fccadelede kolluk kuvvetlerinin gece g\u00fcnd\u00fcz \u00e7al\u0131\u015ft\u0131\u011f\u0131n\u0131 ve denetimlerini s\u00fcrd\u00fcrd\u00fc\u011f\u00fcn\u00fc kaydeden \u015eahin, bu kontrollere g\u0131da denetim birimlerinin de kat\u0131ld\u0131\u011f\u0131n\u0131 bildirdi.<\/p>\n<p>Bu \u00e7al\u0131\u015fmalar sonucu yakla\u015f\u0131k 102 ton etil ve metil alkol\u00fcn ele ge\u00e7irildi\u011fi bilgisini veren \u015eahin, bunun 62 tonunun s\u00fcren operasyonlar ba\u011flam\u0131nda D\u00fczce ve Konya\u2019dan elde edildi\u011fini, yakla\u015f\u0131k 40 tonunun da il s\u0131n\u0131rlar\u0131 i\u00e7inde ele ge\u00e7irildi\u011fini anlatt\u0131.<\/p>\n<p>\u015eahin, \u015fu ifadeleri kulland\u0131:<\/p>\n<p>\u201cBizim i\u00e7in burada dikkat \u00e7ekici ve \u00e7ok \u00fcz\u00fcc\u00fc olan \u015fey ise maalesef bu sahte alkol kullan\u0131m\u0131na ba\u011fl\u0131 olarak 33 vatanda\u015f\u0131m\u0131z vefat etmi\u015ftir. \u015eu anda halihaz\u0131rda 20 ki\u015fi de hastanelerimizde yo\u011fun bak\u0131mda tedavi alt\u0131ndad\u0131r. Bu konuyla ilgili olarak hem ka\u00e7ak alkol \u00fcretimi hem de sat\u0131m\u0131 yapan 32 \u015fahsa y\u00f6nelik i\u015flem yap\u0131lm\u0131\u015f ve bunlar\u0131n 13\u2019\u00fc tutuklanm\u0131\u015f, 17\u2019si ise tutuklama talebiyle sevk edildikleri adli birimlerce adli kontrol \u015fart\u0131yla serbest b\u0131rak\u0131lm\u0131\u015ft\u0131r.\u201d<\/p>\n<p>Vatanda\u015flara alkolden uzak durmalar\u0131 \u00e7a\u011fr\u0131s\u0131nda bulunan \u015eahin, \u201cAlkol hem sa\u011fl\u0131\u011f\u0131m\u0131z hem gelece\u011fimiz a\u00e7\u0131s\u0131ndan uygun olmayan zararl\u0131 bir madde. Hele sahte alkol, hayata kasteden bir madde. Dolay\u0131s\u0131yla alkol kullan\u0131lmamas\u0131n\u0131 ama kullan\u0131lacaksa da mutlaka yetkili sat\u0131c\u0131lardan ve bilinen yerlerden al\u0131nmas\u0131, aksi takdirde \u00fcz\u00fcc\u00fc manzaralarla kar\u015f\u0131la\u015fm\u0131\u015f oluyoruz.\u201d diye konu\u015ftu.<\/p>\n<p>\u015eahin, vatanda\u015flardan sahte alkoll\u00fc i\u00e7ecek satan ki\u015fileri ihbar etmelerini isteyerek bu konuda verecekleri deste\u011fin \u00e7ok k\u0131ymetli olaca\u011f\u0131n\u0131 s\u00f6zlerine ekledi.<\/p>\n<\/p><\/div>\n<p><script async\n                    defer\n                    crossorigin=\"anonymous\"\n                    src=\"https:\/\/connect.facebook.net\/tr_TR\/sdk.js#xfbml=1&#038;version=v3.3\"\n            ><\/script><\/p>\n","protected":false},"excerpt":{"rendered":"<p>Ankara\u2019da sahte i\u00e7kiden 33 ki\u015fi hayat\u0131n\u0131 kaybetti, 20 ki\u015fi de yo\u011fun bak\u0131mda. Ankara Valisi Vasip \u015eahin, Anafartalar \u015eehit Kamil Arslan Polis Merkezi Amirli\u011finin a\u00e7\u0131l\u0131\u015f\u0131nda yapt\u0131\u011f\u0131 konu\u015fmada, son g\u00fcnlerde Ankara\u2019da sahte i\u00e7kiye ba\u011fl\u0131 ciddi \u00f6l\u00fcm olaylar\u0131n\u0131n g\u00f6r\u00fcld\u00fc\u011f\u00fcn\u00fc belirterek, bu durumun kendilerini derinden \u00fczd\u00fc\u011f\u00fcn\u00fc ve daha fazla teyakkuz haline ge\u00e7irdi\u011fini dile getirdi. Sahte alkoll\u00fc i\u00e7ecek \u00fcreterek vatanda\u015flar\u0131n [&hellip;]<\/p>\n","protected":false},"author":1,"featured_media":17816,"comment_status":"open","ping_status":"open","sticky":false,"template":"","format":"standard","meta":{"jnews-multi-image_gallery":[],"jnews_single_post":[],"jnews_primary_category":[],"footnotes":""},"categories":[2],"tags":[],"class_list":["post-17815","post","type-post","status-publish","format-standard","has-post-thumbnail","hentry","category-dunya"],"yoast_head":"<!-- This site is optimized with the Yoast SEO plugin v27.5 - https:\/\/yoast.com\/product\/yoast-seo-wordpress\/ -->\n<title>Ankara\u2019da sahte i\u00e7kiden 33 ki\u015fi hayat\u0131n\u0131 kaybetti, 20 ki\u015fi de yo\u011fun bak\u0131mda - Haber Kuzey<\/title>\n<meta name=\"robots\" content=\"index, follow, max-snippet:-1, max-image-preview:large, max-video-preview:-1\" \/>\n<link rel=\"canonical\" href=\"https:\/\/haberkuzey.com\/index.php\/2025\/02\/07\/ankarada-sahte-ickiden-33-kisi-hayatini-kaybetti-20-kisi-de-yogun-bakimda\/\" \/>\n<meta property=\"og:locale\" content=\"tr_TR\" \/>\n<meta property=\"og:type\" content=\"article\" \/>\n<meta property=\"og:title\" content=\"Ankara\u2019da sahte i\u00e7kiden 33 ki\u015fi hayat\u0131n\u0131 kaybetti, 20 ki\u015fi de yo\u011fun bak\u0131mda - Haber Kuzey\" \/>\n<meta property=\"og:description\" content=\"Ankara\u2019da sahte i\u00e7kiden 33 ki\u015fi hayat\u0131n\u0131 kaybetti, 20 ki\u015fi de yo\u011fun bak\u0131mda. Ankara Valisi Vasip \u015eahin, Anafartalar \u015eehit Kamil Arslan Polis Merkezi Amirli\u011finin a\u00e7\u0131l\u0131\u015f\u0131nda yapt\u0131\u011f\u0131 konu\u015fmada, son g\u00fcnlerde Ankara\u2019da sahte i\u00e7kiye ba\u011fl\u0131 ciddi \u00f6l\u00fcm olaylar\u0131n\u0131n g\u00f6r\u00fcld\u00fc\u011f\u00fcn\u00fc belirterek, bu durumun kendilerini derinden \u00fczd\u00fc\u011f\u00fcn\u00fc ve daha fazla teyakkuz haline ge\u00e7irdi\u011fini dile getirdi. Sahte alkoll\u00fc i\u00e7ecek \u00fcreterek vatanda\u015flar\u0131n [&hellip;]\" \/>\n<meta property=\"og:url\" content=\"https:\/\/haberkuzey.com\/index.php\/2025\/02\/07\/ankarada-sahte-ickiden-33-kisi-hayatini-kaybetti-20-kisi-de-yogun-bakimda\/\" \/>\n<meta property=\"og:site_name\" content=\"Haber Kuzey\" \/>\n<meta property=\"article:published_time\" content=\"2025-02-07T15:00:20+00:00\" \/>\n<meta property=\"og:image\" content=\"https:\/\/brtk.net\/wp-content\/uploads\/2025\/02\/07\/1alsjda.jpg?ver=f009b187c4ae0e0a5be035069c1c7e2f\" \/>\n<meta name=\"author\" content=\"haberkuzey\" \/>\n<meta name=\"twitter:card\" content=\"summary_large_image\" \/>\n<meta name=\"twitter:label1\" content=\"Yazan:\" \/>\n\t<meta name=\"twitter:data1\" content=\"haberkuzey\" \/>\n\t<meta name=\"twitter:label2\" content=\"Tahmini okuma s\u00fcresi\" \/>\n\t<meta name=\"twitter:data2\" content=\"2 dakika\" \/>\n<script type=\"application\/ld+json\" class=\"yoast-schema-graph\">{\"@context\":\"https:\\\/\\\/schema.org\",\"@graph\":[{\"@type\":\"Article\",\"@id\":\"https:\\\/\\\/haberkuzey.com\\\/index.php\\\/2025\\\/02\\\/07\\\/ankarada-sahte-ickiden-33-kisi-hayatini-kaybetti-20-kisi-de-yogun-bakimda\\\/#article\",\"isPartOf\":{\"@id\":\"https:\\\/\\\/haberkuzey.com\\\/index.php\\\/2025\\\/02\\\/07\\\/ankarada-sahte-ickiden-33-kisi-hayatini-kaybetti-20-kisi-de-yogun-bakimda\\\/\"},\"author\":{\"name\":\"haberkuzey\",\"@id\":\"https:\\\/\\\/haberkuzey.com\\\/#\\\/schema\\\/person\\\/3372109ec735f9333f4fa47ebb9605ca\"},\"headline\":\"Ankara\u2019da sahte i\u00e7kiden 33 ki\u015fi hayat\u0131n\u0131 kaybetti, 20 ki\u015fi de yo\u011fun bak\u0131mda\",\"datePublished\":\"2025-02-07T15:00:20+00:00\",\"mainEntityOfPage\":{\"@id\":\"https:\\\/\\\/haberkuzey.com\\\/index.php\\\/2025\\\/02\\\/07\\\/ankarada-sahte-ickiden-33-kisi-hayatini-kaybetti-20-kisi-de-yogun-bakimda\\\/\"},\"wordCount\":368,\"commentCount\":0,\"image\":{\"@id\":\"https:\\\/\\\/haberkuzey.com\\\/index.php\\\/2025\\\/02\\\/07\\\/ankarada-sahte-ickiden-33-kisi-hayatini-kaybetti-20-kisi-de-yogun-bakimda\\\/#primaryimage\"},\"thumbnailUrl\":\"https:\\\/\\\/haberkuzey.com\\\/wp-content\\\/uploads\\\/2025\\\/02\\\/1alsjda.jpg\",\"articleSection\":[\"D\u00fcnya\"],\"inLanguage\":\"tr\",\"potentialAction\":[{\"@type\":\"CommentAction\",\"name\":\"Comment\",\"target\":[\"https:\\\/\\\/haberkuzey.com\\\/index.php\\\/2025\\\/02\\\/07\\\/ankarada-sahte-ickiden-33-kisi-hayatini-kaybetti-20-kisi-de-yogun-bakimda\\\/#respond\"]}]},{\"@type\":\"WebPage\",\"@id\":\"https:\\\/\\\/haberkuzey.com\\\/index.php\\\/2025\\\/02\\\/07\\\/ankarada-sahte-ickiden-33-kisi-hayatini-kaybetti-20-kisi-de-yogun-bakimda\\\/\",\"url\":\"https:\\\/\\\/haberkuzey.com\\\/index.php\\\/2025\\\/02\\\/07\\\/ankarada-sahte-ickiden-33-kisi-hayatini-kaybetti-20-kisi-de-yogun-bakimda\\\/\",\"name\":\"Ankara\u2019da sahte i\u00e7kiden 33 ki\u015fi hayat\u0131n\u0131 kaybetti, 20 ki\u015fi de yo\u011fun bak\u0131mda - Haber Kuzey\",\"isPartOf\":{\"@id\":\"https:\\\/\\\/haberkuzey.com\\\/#website\"},\"primaryImageOfPage\":{\"@id\":\"https:\\\/\\\/haberkuzey.com\\\/index.php\\\/2025\\\/02\\\/07\\\/ankarada-sahte-ickiden-33-kisi-hayatini-kaybetti-20-kisi-de-yogun-bakimda\\\/#primaryimage\"},\"image\":{\"@id\":\"https:\\\/\\\/haberkuzey.com\\\/index.php\\\/2025\\\/02\\\/07\\\/ankarada-sahte-ickiden-33-kisi-hayatini-kaybetti-20-kisi-de-yogun-bakimda\\\/#primaryimage\"},\"thumbnailUrl\":\"https:\\\/\\\/haberkuzey.com\\\/wp-content\\\/uploads\\\/2025\\\/02\\\/1alsjda.jpg\",\"datePublished\":\"2025-02-07T15:00:20+00:00\",\"author\":{\"@id\":\"https:\\\/\\\/haberkuzey.com\\\/#\\\/schema\\\/person\\\/3372109ec735f9333f4fa47ebb9605ca\"},\"breadcrumb\":{\"@id\":\"https:\\\/\\\/haberkuzey.com\\\/index.php\\\/2025\\\/02\\\/07\\\/ankarada-sahte-ickiden-33-kisi-hayatini-kaybetti-20-kisi-de-yogun-bakimda\\\/#breadcrumb\"},\"inLanguage\":\"tr\",\"potentialAction\":[{\"@type\":\"ReadAction\",\"target\":[\"https:\\\/\\\/haberkuzey.com\\\/index.php\\\/2025\\\/02\\\/07\\\/ankarada-sahte-ickiden-33-kisi-hayatini-kaybetti-20-kisi-de-yogun-bakimda\\\/\"]}]},{\"@type\":\"ImageObject\",\"inLanguage\":\"tr\",\"@id\":\"https:\\\/\\\/haberkuzey.com\\\/index.php\\\/2025\\\/02\\\/07\\\/ankarada-sahte-ickiden-33-kisi-hayatini-kaybetti-20-kisi-de-yogun-bakimda\\\/#primaryimage\",\"url\":\"https:\\\/\\\/haberkuzey.com\\\/wp-content\\\/uploads\\\/2025\\\/02\\\/1alsjda.jpg\",\"contentUrl\":\"https:\\\/\\\/haberkuzey.com\\\/wp-content\\\/uploads\\\/2025\\\/02\\\/1alsjda.jpg\",\"width\":864,\"height\":486},{\"@type\":\"BreadcrumbList\",\"@id\":\"https:\\\/\\\/haberkuzey.com\\\/index.php\\\/2025\\\/02\\\/07\\\/ankarada-sahte-ickiden-33-kisi-hayatini-kaybetti-20-kisi-de-yogun-bakimda\\\/#breadcrumb\",\"itemListElement\":[{\"@type\":\"ListItem\",\"position\":1,\"name\":\"Anasayfa\",\"item\":\"https:\\\/\\\/haberkuzey.com\\\/\"},{\"@type\":\"ListItem\",\"position\":2,\"name\":\"Ankara\u2019da sahte i\u00e7kiden 33 ki\u015fi hayat\u0131n\u0131 kaybetti, 20 ki\u015fi de yo\u011fun bak\u0131mda\"}]},{\"@type\":\"WebSite\",\"@id\":\"https:\\\/\\\/haberkuzey.com\\\/#website\",\"url\":\"https:\\\/\\\/haberkuzey.com\\\/\",\"name\":\"Haber Kuzey\",\"description\":\"Do\u011fru Haberin Adresi\",\"potentialAction\":[{\"@type\":\"SearchAction\",\"target\":{\"@type\":\"EntryPoint\",\"urlTemplate\":\"https:\\\/\\\/haberkuzey.com\\\/?s={search_term_string}\"},\"query-input\":{\"@type\":\"PropertyValueSpecification\",\"valueRequired\":true,\"valueName\":\"search_term_string\"}}],\"inLanguage\":\"tr\"},{\"@type\":\"Person\",\"@id\":\"https:\\\/\\\/haberkuzey.com\\\/#\\\/schema\\\/person\\\/3372109ec735f9333f4fa47ebb9605ca\",\"name\":\"haberkuzey\",\"image\":{\"@type\":\"ImageObject\",\"inLanguage\":\"tr\",\"@id\":\"https:\\\/\\\/secure.gravatar.com\\\/avatar\\\/f5fc875574b1575324358c3b9e6a32b8227aa5b74f3fa22e3cadb63e26fcc39c?s=96&d=mm&r=g\",\"url\":\"https:\\\/\\\/secure.gravatar.com\\\/avatar\\\/f5fc875574b1575324358c3b9e6a32b8227aa5b74f3fa22e3cadb63e26fcc39c?s=96&d=mm&r=g\",\"contentUrl\":\"https:\\\/\\\/secure.gravatar.com\\\/avatar\\\/f5fc875574b1575324358c3b9e6a32b8227aa5b74f3fa22e3cadb63e26fcc39c?s=96&d=mm&r=g\",\"caption\":\"haberkuzey\"},\"sameAs\":[\"https:\\\/\\\/haberkuzey.com\"],\"url\":\"https:\\\/\\\/haberkuzey.com\\\/index.php\\\/author\\\/haberkuzey\\\/\"}]}<\/script>\n<!-- \/ Yoast SEO plugin. -->","yoast_head_json":{"title":"Ankara\u2019da sahte i\u00e7kiden 33 ki\u015fi hayat\u0131n\u0131 kaybetti, 20 ki\u015fi de yo\u011fun bak\u0131mda - Haber Kuzey","robots":{"index":"index","follow":"follow","max-snippet":"max-snippet:-1","max-image-preview":"max-image-preview:large","max-video-preview":"max-video-preview:-1"},"canonical":"https:\/\/haberkuzey.com\/index.php\/2025\/02\/07\/ankarada-sahte-ickiden-33-kisi-hayatini-kaybetti-20-kisi-de-yogun-bakimda\/","og_locale":"tr_TR","og_type":"article","og_title":"Ankara\u2019da sahte i\u00e7kiden 33 ki\u015fi hayat\u0131n\u0131 kaybetti, 20 ki\u015fi de yo\u011fun bak\u0131mda - Haber Kuzey","og_description":"Ankara\u2019da sahte i\u00e7kiden 33 ki\u015fi hayat\u0131n\u0131 kaybetti, 20 ki\u015fi de yo\u011fun bak\u0131mda. Ankara Valisi Vasip \u015eahin, Anafartalar \u015eehit Kamil Arslan Polis Merkezi Amirli\u011finin a\u00e7\u0131l\u0131\u015f\u0131nda yapt\u0131\u011f\u0131 konu\u015fmada, son g\u00fcnlerde Ankara\u2019da sahte i\u00e7kiye ba\u011fl\u0131 ciddi \u00f6l\u00fcm olaylar\u0131n\u0131n g\u00f6r\u00fcld\u00fc\u011f\u00fcn\u00fc belirterek, bu durumun kendilerini derinden \u00fczd\u00fc\u011f\u00fcn\u00fc ve daha fazla teyakkuz haline ge\u00e7irdi\u011fini dile getirdi. Sahte alkoll\u00fc i\u00e7ecek \u00fcreterek vatanda\u015flar\u0131n [&hellip;]","og_url":"https:\/\/haberkuzey.com\/index.php\/2025\/02\/07\/ankarada-sahte-ickiden-33-kisi-hayatini-kaybetti-20-kisi-de-yogun-bakimda\/","og_site_name":"Haber Kuzey","article_published_time":"2025-02-07T15:00:20+00:00","og_image":[{"url":"https:\/\/brtk.net\/wp-content\/uploads\/2025\/02\/07\/1alsjda.jpg?ver=f009b187c4ae0e0a5be035069c1c7e2f","type":"","width":"","height":""}],"author":"haberkuzey","twitter_card":"summary_large_image","twitter_misc":{"Yazan:":"haberkuzey","Tahmini okuma s\u00fcresi":"2 dakika"},"schema":{"@context":"https:\/\/schema.org","@graph":[{"@type":"Article","@id":"https:\/\/haberkuzey.com\/index.php\/2025\/02\/07\/ankarada-sahte-ickiden-33-kisi-hayatini-kaybetti-20-kisi-de-yogun-bakimda\/#article","isPartOf":{"@id":"https:\/\/haberkuzey.com\/index.php\/2025\/02\/07\/ankarada-sahte-ickiden-33-kisi-hayatini-kaybetti-20-kisi-de-yogun-bakimda\/"},"author":{"name":"haberkuzey","@id":"https:\/\/haberkuzey.com\/#\/schema\/person\/3372109ec735f9333f4fa47ebb9605ca"},"headline":"Ankara\u2019da sahte i\u00e7kiden 33 ki\u015fi hayat\u0131n\u0131 kaybetti, 20 ki\u015fi de yo\u011fun bak\u0131mda","datePublished":"2025-02-07T15:00:20+00:00","mainEntityOfPage":{"@id":"https:\/\/haberkuzey.com\/index.php\/2025\/02\/07\/ankarada-sahte-ickiden-33-kisi-hayatini-kaybetti-20-kisi-de-yogun-bakimda\/"},"wordCount":368,"commentCount":0,"image":{"@id":"https:\/\/haberkuzey.com\/index.php\/2025\/02\/07\/ankarada-sahte-ickiden-33-kisi-hayatini-kaybetti-20-kisi-de-yogun-bakimda\/#primaryimage"},"thumbnailUrl":"https:\/\/haberkuzey.com\/wp-content\/uploads\/2025\/02\/1alsjda.jpg","articleSection":["D\u00fcnya"],"inLanguage":"tr","potentialAction":[{"@type":"CommentAction","name":"Comment","target":["https:\/\/haberkuzey.com\/index.php\/2025\/02\/07\/ankarada-sahte-ickiden-33-kisi-hayatini-kaybetti-20-kisi-de-yogun-bakimda\/#respond"]}]},{"@type":"WebPage","@id":"https:\/\/haberkuzey.com\/index.php\/2025\/02\/07\/ankarada-sahte-ickiden-33-kisi-hayatini-kaybetti-20-kisi-de-yogun-bakimda\/","url":"https:\/\/haberkuzey.com\/index.php\/2025\/02\/07\/ankarada-sahte-ickiden-33-kisi-hayatini-kaybetti-20-kisi-de-yogun-bakimda\/","name":"Ankara\u2019da sahte i\u00e7kiden 33 ki\u015fi hayat\u0131n\u0131 kaybetti, 20 ki\u015fi de yo\u011fun bak\u0131mda - Haber Kuzey","isPartOf":{"@id":"https:\/\/haberkuzey.com\/#website"},"primaryImageOfPage":{"@id":"https:\/\/haberkuzey.com\/index.php\/2025\/02\/07\/ankarada-sahte-ickiden-33-kisi-hayatini-kaybetti-20-kisi-de-yogun-bakimda\/#primaryimage"},"image":{"@id":"https:\/\/haberkuzey.com\/index.php\/2025\/02\/07\/ankarada-sahte-ickiden-33-kisi-hayatini-kaybetti-20-kisi-de-yogun-bakimda\/#primaryimage"},"thumbnailUrl":"https:\/\/haberkuzey.com\/wp-content\/uploads\/2025\/02\/1alsjda.jpg","datePublished":"2025-02-07T15:00:20+00:00","author":{"@id":"https:\/\/haberkuzey.com\/#\/schema\/person\/3372109ec735f9333f4fa47ebb9605ca"},"breadcrumb":{"@id":"https:\/\/haberkuzey.com\/index.php\/2025\/02\/07\/ankarada-sahte-ickiden-33-kisi-hayatini-kaybetti-20-kisi-de-yogun-bakimda\/#breadcrumb"},"inLanguage":"tr","potentialAction":[{"@type":"ReadAction","target":["https:\/\/haberkuzey.com\/index.php\/2025\/02\/07\/ankarada-sahte-ickiden-33-kisi-hayatini-kaybetti-20-kisi-de-yogun-bakimda\/"]}]},{"@type":"ImageObject","inLanguage":"tr","@id":"https:\/\/haberkuzey.com\/index.php\/2025\/02\/07\/ankarada-sahte-ickiden-33-kisi-hayatini-kaybetti-20-kisi-de-yogun-bakimda\/#primaryimage","url":"https:\/\/haberkuzey.com\/wp-content\/uploads\/2025\/02\/1alsjda.jpg","contentUrl":"https:\/\/haberkuzey.com\/wp-content\/uploads\/2025\/02\/1alsjda.jpg","width":864,"height":486},{"@type":"BreadcrumbList","@id":"https:\/\/haberkuzey.com\/index.php\/2025\/02\/07\/ankarada-sahte-ickiden-33-kisi-hayatini-kaybetti-20-kisi-de-yogun-bakimda\/#breadcrumb","itemListElement":[{"@type":"ListItem","position":1,"name":"Anasayfa","item":"https:\/\/haberkuzey.com\/"},{"@type":"ListItem","position":2,"name":"Ankara\u2019da sahte i\u00e7kiden 33 ki\u015fi hayat\u0131n\u0131 kaybetti, 20 ki\u015fi de yo\u011fun bak\u0131mda"}]},{"@type":"WebSite","@id":"https:\/\/haberkuzey.com\/#website","url":"https:\/\/haberkuzey.com\/","name":"Haber Kuzey","description":"Do\u011fru Haberin Adresi","potentialAction":[{"@type":"SearchAction","target":{"@type":"EntryPoint","urlTemplate":"https:\/\/haberkuzey.com\/?s={search_term_string}"},"query-input":{"@type":"PropertyValueSpecification","valueRequired":true,"valueName":"search_term_string"}}],"inLanguage":"tr"},{"@type":"Person","@id":"https:\/\/haberkuzey.com\/#\/schema\/person\/3372109ec735f9333f4fa47ebb9605ca","name":"haberkuzey","image":{"@type":"ImageObject","inLanguage":"tr","@id":"https:\/\/secure.gravatar.com\/avatar\/f5fc875574b1575324358c3b9e6a32b8227aa5b74f3fa22e3cadb63e26fcc39c?s=96&d=mm&r=g","url":"https:\/\/secure.gravatar.com\/avatar\/f5fc875574b1575324358c3b9e6a32b8227aa5b74f3fa22e3cadb63e26fcc39c?s=96&d=mm&r=g","contentUrl":"https:\/\/secure.gravatar.com\/avatar\/f5fc875574b1575324358c3b9e6a32b8227aa5b74f3fa22e3cadb63e26fcc39c?s=96&d=mm&r=g","caption":"haberkuzey"},"sameAs":["https:\/\/haberkuzey.com"],"url":"https:\/\/haberkuzey.com\/index.php\/author\/haberkuzey\/"}]}},"_links":{"self":[{"href":"https:\/\/haberkuzey.com\/index.php\/wp-json\/wp\/v2\/posts\/17815","targetHints":{"allow":["GET"]}}],"collection":[{"href":"https:\/\/haberkuzey.com\/index.php\/wp-json\/wp\/v2\/posts"}],"about":[{"href":"https:\/\/haberkuzey.com\/index.php\/wp-json\/wp\/v2\/types\/post"}],"author":[{"embeddable":true,"href":"https:\/\/haberkuzey.com\/index.php\/wp-json\/wp\/v2\/users\/1"}],"replies":[{"embeddable":true,"href":"https:\/\/haberkuzey.com\/index.php\/wp-json\/wp\/v2\/comments?post=17815"}],"version-history":[{"count":0,"href":"https:\/\/haberkuzey.com\/index.php\/wp-json\/wp\/v2\/posts\/17815\/revisions"}],"wp:featuredmedia":[{"embeddable":true,"href":"https:\/\/haberkuzey.com\/index.php\/wp-json\/wp\/v2\/media\/17816"}],"wp:attachment":[{"href":"https:\/\/haberkuzey.com\/index.php\/wp-json\/wp\/v2\/media?parent=17815"}],"wp:term":[{"taxonomy":"category","embeddable":true,"href":"https:\/\/haberkuzey.com\/index.php\/wp-json\/wp\/v2\/categories?post=17815"},{"taxonomy":"post_tag","embeddable":true,"href":"https:\/\/haberkuzey.com\/index.php\/wp-json\/wp\/v2\/tags?post=17815"}],"curies":[{"name":"wp","href":"https:\/\/api.w.org\/{rel}","templated":true}]}}