{"id":17810,"date":"2025-02-07T15:43:20","date_gmt":"2025-02-07T13:43:20","guid":{"rendered":"https:\/\/haberkuzey.com\/index.php\/2025\/02\/07\/tcmb-baskani-karahan-enflasyonun-2025-sonunda-yuzde-24-seviyesinde-gerceklesecegini-tahmin-ediyoruz\/"},"modified":"2025-02-07T15:43:20","modified_gmt":"2025-02-07T13:43:20","slug":"tcmb-baskani-karahan-enflasyonun-2025-sonunda-yuzde-24-seviyesinde-gerceklesecegini-tahmin-ediyoruz","status":"publish","type":"post","link":"https:\/\/haberkuzey.com\/index.php\/2025\/02\/07\/tcmb-baskani-karahan-enflasyonun-2025-sonunda-yuzde-24-seviyesinde-gerceklesecegini-tahmin-ediyoruz\/","title":{"rendered":"TCMB Ba\u015fkan\u0131 Karahan: Enflasyonun 2025 sonunda y\u00fczde 24 seviyesinde ger\u00e7ekle\u015fece\u011fini tahmin ediyoruz"},"content":{"rendered":"<div>\n<div class=\"mariselle-image-container center\">\n                                            <\/div>\n<p>T\u00fcrkiye Cumhuriyet Merkez Bankas\u0131 (TCMB) Ba\u015fkan\u0131 Fatih Karahan, 2025 sonunda enflasyonun y\u00fczde 24 seviyesinde ger\u00e7ekle\u015fece\u011fini tahmin ettiklerini belirterek, \u201c2026 y\u0131l sonu i\u00e7in y\u00fczde 12 olan enflasyon tahminimizi ise koruduk. Enflasyonun 2027 y\u0131l\u0131nda y\u00fczde 8\u2019e geriledikten sonra orta vadede y\u00fczde 5 seviyesinde istikrar kazanmas\u0131n\u0131 hedefliyoruz.\u201d dedi.<\/p>\n<p>Karahan, y\u0131l\u0131n 1. Enflasyon Raporu\u2019nun tan\u0131t\u0131m\u0131 amac\u0131yla ilk kez, \u0130stanbul Finans Merkezi\u2019ndeki T\u00fcrkiye Cumhuriyet Merkez Bankas\u0131 Yerle\u015fkesi\u2019nde d\u00fczenlenen bilgilendirme toplant\u0131s\u0131nda konu\u015ftu.<\/p>\n<p>Orta vadeli tahminleri olu\u015ftururken \u201cenflasyon g\u00f6r\u00fcn\u00fcm\u00fcnde kal\u0131c\u0131 d\u00fc\u015f\u00fc\u015f ve fiyat istikrar\u0131 sa\u011flanana kadar para politikas\u0131ndaki s\u0131k\u0131 duru\u015fu s\u00fcrd\u00fcreceklerini\u201d esas ald\u0131klar\u0131n\u0131 dile getiren Karahan, ayr\u0131ca ekonomi politikalar\u0131ndaki e\u015f g\u00fcd\u00fcm\u00fcn artarak devam edece\u011fini tahminlerine yans\u0131tt\u0131klar\u0131n\u0131 s\u00f6yledi.<\/p>\n<p>Karahan, \u201cBu \u00e7er\u00e7evede 2025 y\u0131l sonunda enflasyonun y\u00fczde 24 seviyesinde ger\u00e7ekle\u015fece\u011fini tahmin ediyoruz. 2026 y\u0131l sonu i\u00e7in y\u00fczde 12 olan enflasyon tahminimizi ise koruduk. Enflasyonun 2027 y\u0131l\u0131nda y\u00fczde 8\u2019e geriledikten sonra orta vadede y\u00fczde 5 seviyesinde istikrar kazanmas\u0131n\u0131 hedefliyoruz. Tahmin aral\u0131klar\u0131n\u0131n alt ve \u00fcst noktalar\u0131 2025 y\u0131l\u0131 i\u00e7in y\u00fczde 19 ve y\u00fczde 29, 2026 y\u0131l\u0131 i\u00e7in ise y\u00fczde 6 ve y\u00fczde 18\u2019e kar\u015f\u0131l\u0131k gelmektedir.\u201d diye konu\u015ftu.<\/p>\n<p>\u2013 \u201cBu revizyon para politikas\u0131 duru\u015funa ili\u015fkin herhangi bir gev\u015feme sinyali ta\u015f\u0131m\u0131yor\u201d<\/p>\n<p>Fatih Karahan, bu y\u0131la ili\u015fkin tahmin g\u00fcncellemesinde para politikas\u0131n\u0131n g\u00f6rece etki alan\u0131 d\u0131\u015f\u0131nda kalan unsurlar\u0131n belirleyici oldu\u011funu kaydederek, \u015funlar\u0131 kaydetti:<\/p>\n<p>\u201cG\u00fcncellemenin detaylar\u0131na bakt\u0131\u011f\u0131m\u0131zda \u00f6ne \u00e7\u0131kan unsurlardan biri T\u00dcFE sepeti hizmet grubunun a\u011f\u0131rl\u0131\u011f\u0131ndaki art\u0131\u015f oldu. Bu de\u011fi\u015fiklik bir \u00f6nceki tahminimizi mekanik olarak 0,8 puan yukar\u0131 \u00e7ekti. 2,2 puan tahmin g\u00fcncellemesinin 0,5\u2019i g\u0131da enflasyondaki varsay\u0131m\u0131m\u0131zdaki i\u015flenmemi\u015f g\u0131da kaynakl\u0131 g\u00fcncellemeden geliyor. Y\u00f6netilen ve y\u00f6nlendirilen fiyatlardan kaynaklanan 1,7 puanl\u0131k g\u00fcncellemenin \u00f6nemli k\u0131sm\u0131nda ise sa\u011fl\u0131k muayene kat\u0131l\u0131m paylar\u0131n\u0131n art\u0131\u015f\u0131 etkili oldu. Bu revizyon para politikas\u0131n\u0131n g\u00f6rece etki alan\u0131 d\u0131\u015f\u0131ndaki unsurlardan kaynaklan\u0131yor. Bu nedenle para politikas\u0131 duru\u015funa ili\u015fkin herhangi bir gev\u015feme sinyali ta\u015f\u0131m\u0131yor. Nitekim 2025 tahminimizdeki g\u00fcncellemenin beklentiler \u00fczerinden gelebilecek muhtemel ikincil etkilerinin parasal duru\u015ftaki s\u0131k\u0131l\u0131kla telafi edilece\u011fi bir g\u00f6r\u00fcn\u00fcm alt\u0131nda 2026 tahminimizi de\u011fi\u015ftirmedik.\u201d<\/p>\n<p>\u2013 \u201cEnflasyonun \u00f6n\u00fcm\u00fczdeki d\u00f6nemde istikrarl\u0131 olarak gerileyece\u011fini \u00f6ng\u00f6r\u00fcyoruz\u201d<\/p>\n<p>TCMB Ba\u015fkan\u0131 Karahan, para politikas\u0131ndaki kararl\u0131 duru\u015flar\u0131n\u0131n, \u201cyurt i\u00e7i talepte dengelenme, T\u00fcrk liras\u0131nda reel de\u011ferlenme ve enflasyon beklentilerindeki d\u00fczelme\u201d vas\u0131tas\u0131yla dezenflasyon s\u00fcrecini g\u00fc\u00e7lendirmeye devam edece\u011fini belirtti.<\/p>\n<p>\u201cTemkinli duru\u015fumuzun s\u00fcrmesiyle enflasyonun \u00f6n\u00fcm\u00fczdeki d\u00f6nemde istikrarl\u0131 olarak gerileyece\u011fini \u00f6ng\u00f6r\u00fcyoruz.\u201d diyen Karahan, bu s\u00fcre\u00e7te finansal ko\u015fullardaki s\u0131k\u0131l\u0131kla beraber talep ko\u015fullar\u0131n\u0131n enflasyondaki d\u00fc\u015f\u00fc\u015fe deste\u011fini s\u00fcrd\u00fcrece\u011fini vurgulad\u0131.<\/p>\n<p>Karahan, hizmet enflasyonu kat\u0131l\u0131\u011f\u0131ndaki \u00e7\u00f6z\u00fclmenin ve enflasyon beklentilerindeki d\u00fczelmenin belirginle\u015fmesiyle enflasyon ana e\u011filimindeki gerilemenin 2025\u2019te de devam edece\u011finin alt\u0131n\u0131 \u00e7izdi.<\/p>\n<p> \u2013 \u201cEnflasyonda belirgin bozulma \u00f6ng\u00f6r\u00fcrsek para politikas\u0131 ara\u00e7lar\u0131n\u0131 etkili \u015fekilde kullan\u0131r\u0131z\u201d<\/p>\n<p>Fatih Karahan, para ve maliye politikalar\u0131n\u0131n artan e\u015f g\u00fcd\u00fcm\u00fcn\u00fcn bu s\u00fcrece katk\u0131 sa\u011flayaca\u011f\u0131n\u0131 ifade ederek, \u015f\u00f6yle devam etti:<\/p>\n<p>\u201cPara politikas\u0131ndaki s\u0131k\u0131 duru\u015fumuzu enflasyonda kal\u0131c\u0131 d\u00fc\u015f\u00fc\u015f ve fiyat istikrar\u0131 sa\u011flanana kadar kararl\u0131l\u0131kla s\u00fcrd\u00fcrece\u011fiz. Politika faizini, \u00f6ng\u00f6rd\u00fc\u011f\u00fcm\u00fcz dezenflasyon s\u00fcrecinin gerektirdi\u011fi s\u0131k\u0131l\u0131\u011f\u0131 sa\u011flayacak \u015fekilde belirliyoruz. Bu s\u00fcre\u00e7te enflasyon ger\u00e7ekle\u015fmelerini, ana e\u011filimi ve enflasyon beklentilerini g\u00f6z \u00f6n\u00fcnde bulunduruyoruz. Politika kararlar\u0131m\u0131z\u0131 enflasyon g\u00f6r\u00fcn\u00fcm\u00fc odakl\u0131, ihtiyatl\u0131 ve toplant\u0131 bazl\u0131 bir yakla\u015f\u0131mla al\u0131yoruz. Enflasyonda belirgin ve kal\u0131c\u0131 bir bozulma \u00f6ng\u00f6rmemiz durumunda para politikas\u0131 ara\u00e7lar\u0131n\u0131 etkili \u015fekilde kullanaca\u011f\u0131z. Bir kez daha alt\u0131n\u0131 \u00e7izmek isterim ki fiyat istikrar\u0131, s\u00fcrd\u00fcr\u00fclebilir b\u00fcy\u00fcme ve toplumsal refah art\u0131\u015f\u0131 i\u00e7in \u00f6n ko\u015fulur. Dezenflasyon s\u00fcrecinde enflasyonu belirledi\u011fimiz ara hedeflerle uyumlu olacak \u015fekilde d\u00fc\u015f\u00fcrmek i\u00e7in ne gerekiyorsa yapmaya devam edece\u011fiz.\u201d<\/p>\n<\/p><\/div>\n<p><script async\n                    defer\n                    crossorigin=\"anonymous\"\n                    src=\"https:\/\/connect.facebook.net\/tr_TR\/sdk.js#xfbml=1&#038;version=v3.3\"\n            ><\/script><\/p>\n","protected":false},"excerpt":{"rendered":"<p>T\u00fcrkiye Cumhuriyet Merkez Bankas\u0131 (TCMB) Ba\u015fkan\u0131 Fatih Karahan, 2025 sonunda enflasyonun y\u00fczde 24 seviyesinde ger\u00e7ekle\u015fece\u011fini tahmin ettiklerini belirterek, \u201c2026 y\u0131l sonu i\u00e7in y\u00fczde 12 olan enflasyon tahminimizi ise koruduk. Enflasyonun 2027 y\u0131l\u0131nda y\u00fczde 8\u2019e geriledikten sonra orta vadede y\u00fczde 5 seviyesinde istikrar kazanmas\u0131n\u0131 hedefliyoruz.\u201d dedi. Karahan, y\u0131l\u0131n 1. Enflasyon Raporu\u2019nun tan\u0131t\u0131m\u0131 amac\u0131yla ilk kez, \u0130stanbul [&hellip;]<\/p>\n","protected":false},"author":1,"featured_media":12564,"comment_status":"open","ping_status":"open","sticky":false,"template":"","format":"standard","meta":{"jnews-multi-image_gallery":[],"jnews_single_post":[],"jnews_primary_category":[],"footnotes":""},"categories":[2],"tags":[],"class_list":["post-17810","post","type-post","status-publish","format-standard","has-post-thumbnail","hentry","category-dunya"],"yoast_head":"<!-- This site is optimized with the Yoast SEO plugin v27.5 - https:\/\/yoast.com\/product\/yoast-seo-wordpress\/ -->\n<title>TCMB Ba\u015fkan\u0131 Karahan: Enflasyonun 2025 sonunda y\u00fczde 24 seviyesinde ger\u00e7ekle\u015fece\u011fini tahmin ediyoruz - Haber Kuzey<\/title>\n<meta name=\"robots\" content=\"index, follow, max-snippet:-1, max-image-preview:large, max-video-preview:-1\" \/>\n<link rel=\"canonical\" href=\"https:\/\/haberkuzey.com\/index.php\/2025\/02\/07\/tcmb-baskani-karahan-enflasyonun-2025-sonunda-yuzde-24-seviyesinde-gerceklesecegini-tahmin-ediyoruz\/\" \/>\n<meta property=\"og:locale\" content=\"tr_TR\" \/>\n<meta property=\"og:type\" content=\"article\" \/>\n<meta property=\"og:title\" content=\"TCMB Ba\u015fkan\u0131 Karahan: Enflasyonun 2025 sonunda y\u00fczde 24 seviyesinde ger\u00e7ekle\u015fece\u011fini tahmin ediyoruz - Haber Kuzey\" \/>\n<meta property=\"og:description\" content=\"T\u00fcrkiye Cumhuriyet Merkez Bankas\u0131 (TCMB) Ba\u015fkan\u0131 Fatih Karahan, 2025 sonunda enflasyonun y\u00fczde 24 seviyesinde ger\u00e7ekle\u015fece\u011fini tahmin ettiklerini belirterek, \u201c2026 y\u0131l sonu i\u00e7in y\u00fczde 12 olan enflasyon tahminimizi ise koruduk. Enflasyonun 2027 y\u0131l\u0131nda y\u00fczde 8\u2019e geriledikten sonra orta vadede y\u00fczde 5 seviyesinde istikrar kazanmas\u0131n\u0131 hedefliyoruz.\u201d dedi. Karahan, y\u0131l\u0131n 1. Enflasyon Raporu\u2019nun tan\u0131t\u0131m\u0131 amac\u0131yla ilk kez, \u0130stanbul [&hellip;]\" \/>\n<meta property=\"og:url\" content=\"https:\/\/haberkuzey.com\/index.php\/2025\/02\/07\/tcmb-baskani-karahan-enflasyonun-2025-sonunda-yuzde-24-seviyesinde-gerceklesecegini-tahmin-ediyoruz\/\" \/>\n<meta property=\"og:site_name\" content=\"Haber Kuzey\" \/>\n<meta property=\"article:published_time\" content=\"2025-02-07T13:43:20+00:00\" \/>\n<meta property=\"og:image\" content=\"https:\/\/brtk.net\/wp-content\/uploads\/2024\/11\/08\/karahan.jpg?ver=cb18b252fe8aa86317cf7c8c7c22c4a0\" \/>\n<meta name=\"author\" content=\"haberkuzey\" \/>\n<meta name=\"twitter:card\" content=\"summary_large_image\" \/>\n<meta name=\"twitter:label1\" content=\"Yazan:\" \/>\n\t<meta name=\"twitter:data1\" content=\"haberkuzey\" \/>\n\t<meta name=\"twitter:label2\" content=\"Tahmini okuma s\u00fcresi\" \/>\n\t<meta name=\"twitter:data2\" content=\"4 dakika\" \/>\n<script type=\"application\/ld+json\" class=\"yoast-schema-graph\">{\"@context\":\"https:\\\/\\\/schema.org\",\"@graph\":[{\"@type\":\"Article\",\"@id\":\"https:\\\/\\\/haberkuzey.com\\\/index.php\\\/2025\\\/02\\\/07\\\/tcmb-baskani-karahan-enflasyonun-2025-sonunda-yuzde-24-seviyesinde-gerceklesecegini-tahmin-ediyoruz\\\/#article\",\"isPartOf\":{\"@id\":\"https:\\\/\\\/haberkuzey.com\\\/index.php\\\/2025\\\/02\\\/07\\\/tcmb-baskani-karahan-enflasyonun-2025-sonunda-yuzde-24-seviyesinde-gerceklesecegini-tahmin-ediyoruz\\\/\"},\"author\":{\"name\":\"haberkuzey\",\"@id\":\"https:\\\/\\\/haberkuzey.com\\\/#\\\/schema\\\/person\\\/3372109ec735f9333f4fa47ebb9605ca\"},\"headline\":\"TCMB Ba\u015fkan\u0131 Karahan: Enflasyonun 2025 sonunda y\u00fczde 24 seviyesinde ger\u00e7ekle\u015fece\u011fini tahmin ediyoruz\",\"datePublished\":\"2025-02-07T13:43:20+00:00\",\"mainEntityOfPage\":{\"@id\":\"https:\\\/\\\/haberkuzey.com\\\/index.php\\\/2025\\\/02\\\/07\\\/tcmb-baskani-karahan-enflasyonun-2025-sonunda-yuzde-24-seviyesinde-gerceklesecegini-tahmin-ediyoruz\\\/\"},\"wordCount\":750,\"commentCount\":0,\"image\":{\"@id\":\"https:\\\/\\\/haberkuzey.com\\\/index.php\\\/2025\\\/02\\\/07\\\/tcmb-baskani-karahan-enflasyonun-2025-sonunda-yuzde-24-seviyesinde-gerceklesecegini-tahmin-ediyoruz\\\/#primaryimage\"},\"thumbnailUrl\":\"https:\\\/\\\/haberkuzey.com\\\/wp-content\\\/uploads\\\/2024\\\/11\\\/karahan.jpg\",\"articleSection\":[\"D\u00fcnya\"],\"inLanguage\":\"tr\",\"potentialAction\":[{\"@type\":\"CommentAction\",\"name\":\"Comment\",\"target\":[\"https:\\\/\\\/haberkuzey.com\\\/index.php\\\/2025\\\/02\\\/07\\\/tcmb-baskani-karahan-enflasyonun-2025-sonunda-yuzde-24-seviyesinde-gerceklesecegini-tahmin-ediyoruz\\\/#respond\"]}]},{\"@type\":\"WebPage\",\"@id\":\"https:\\\/\\\/haberkuzey.com\\\/index.php\\\/2025\\\/02\\\/07\\\/tcmb-baskani-karahan-enflasyonun-2025-sonunda-yuzde-24-seviyesinde-gerceklesecegini-tahmin-ediyoruz\\\/\",\"url\":\"https:\\\/\\\/haberkuzey.com\\\/index.php\\\/2025\\\/02\\\/07\\\/tcmb-baskani-karahan-enflasyonun-2025-sonunda-yuzde-24-seviyesinde-gerceklesecegini-tahmin-ediyoruz\\\/\",\"name\":\"TCMB Ba\u015fkan\u0131 Karahan: Enflasyonun 2025 sonunda y\u00fczde 24 seviyesinde ger\u00e7ekle\u015fece\u011fini tahmin ediyoruz - Haber Kuzey\",\"isPartOf\":{\"@id\":\"https:\\\/\\\/haberkuzey.com\\\/#website\"},\"primaryImageOfPage\":{\"@id\":\"https:\\\/\\\/haberkuzey.com\\\/index.php\\\/2025\\\/02\\\/07\\\/tcmb-baskani-karahan-enflasyonun-2025-sonunda-yuzde-24-seviyesinde-gerceklesecegini-tahmin-ediyoruz\\\/#primaryimage\"},\"image\":{\"@id\":\"https:\\\/\\\/haberkuzey.com\\\/index.php\\\/2025\\\/02\\\/07\\\/tcmb-baskani-karahan-enflasyonun-2025-sonunda-yuzde-24-seviyesinde-gerceklesecegini-tahmin-ediyoruz\\\/#primaryimage\"},\"thumbnailUrl\":\"https:\\\/\\\/haberkuzey.com\\\/wp-content\\\/uploads\\\/2024\\\/11\\\/karahan.jpg\",\"datePublished\":\"2025-02-07T13:43:20+00:00\",\"author\":{\"@id\":\"https:\\\/\\\/haberkuzey.com\\\/#\\\/schema\\\/person\\\/3372109ec735f9333f4fa47ebb9605ca\"},\"breadcrumb\":{\"@id\":\"https:\\\/\\\/haberkuzey.com\\\/index.php\\\/2025\\\/02\\\/07\\\/tcmb-baskani-karahan-enflasyonun-2025-sonunda-yuzde-24-seviyesinde-gerceklesecegini-tahmin-ediyoruz\\\/#breadcrumb\"},\"inLanguage\":\"tr\",\"potentialAction\":[{\"@type\":\"ReadAction\",\"target\":[\"https:\\\/\\\/haberkuzey.com\\\/index.php\\\/2025\\\/02\\\/07\\\/tcmb-baskani-karahan-enflasyonun-2025-sonunda-yuzde-24-seviyesinde-gerceklesecegini-tahmin-ediyoruz\\\/\"]}]},{\"@type\":\"ImageObject\",\"inLanguage\":\"tr\",\"@id\":\"https:\\\/\\\/haberkuzey.com\\\/index.php\\\/2025\\\/02\\\/07\\\/tcmb-baskani-karahan-enflasyonun-2025-sonunda-yuzde-24-seviyesinde-gerceklesecegini-tahmin-ediyoruz\\\/#primaryimage\",\"url\":\"https:\\\/\\\/haberkuzey.com\\\/wp-content\\\/uploads\\\/2024\\\/11\\\/karahan.jpg\",\"contentUrl\":\"https:\\\/\\\/haberkuzey.com\\\/wp-content\\\/uploads\\\/2024\\\/11\\\/karahan.jpg\",\"width\":2048,\"height\":1365},{\"@type\":\"BreadcrumbList\",\"@id\":\"https:\\\/\\\/haberkuzey.com\\\/index.php\\\/2025\\\/02\\\/07\\\/tcmb-baskani-karahan-enflasyonun-2025-sonunda-yuzde-24-seviyesinde-gerceklesecegini-tahmin-ediyoruz\\\/#breadcrumb\",\"itemListElement\":[{\"@type\":\"ListItem\",\"position\":1,\"name\":\"Anasayfa\",\"item\":\"https:\\\/\\\/haberkuzey.com\\\/\"},{\"@type\":\"ListItem\",\"position\":2,\"name\":\"TCMB Ba\u015fkan\u0131 Karahan: Enflasyonun 2025 sonunda y\u00fczde 24 seviyesinde ger\u00e7ekle\u015fece\u011fini tahmin ediyoruz\"}]},{\"@type\":\"WebSite\",\"@id\":\"https:\\\/\\\/haberkuzey.com\\\/#website\",\"url\":\"https:\\\/\\\/haberkuzey.com\\\/\",\"name\":\"Haber Kuzey\",\"description\":\"Do\u011fru Haberin Adresi\",\"potentialAction\":[{\"@type\":\"SearchAction\",\"target\":{\"@type\":\"EntryPoint\",\"urlTemplate\":\"https:\\\/\\\/haberkuzey.com\\\/?s={search_term_string}\"},\"query-input\":{\"@type\":\"PropertyValueSpecification\",\"valueRequired\":true,\"valueName\":\"search_term_string\"}}],\"inLanguage\":\"tr\"},{\"@type\":\"Person\",\"@id\":\"https:\\\/\\\/haberkuzey.com\\\/#\\\/schema\\\/person\\\/3372109ec735f9333f4fa47ebb9605ca\",\"name\":\"haberkuzey\",\"image\":{\"@type\":\"ImageObject\",\"inLanguage\":\"tr\",\"@id\":\"https:\\\/\\\/secure.gravatar.com\\\/avatar\\\/f5fc875574b1575324358c3b9e6a32b8227aa5b74f3fa22e3cadb63e26fcc39c?s=96&d=mm&r=g\",\"url\":\"https:\\\/\\\/secure.gravatar.com\\\/avatar\\\/f5fc875574b1575324358c3b9e6a32b8227aa5b74f3fa22e3cadb63e26fcc39c?s=96&d=mm&r=g\",\"contentUrl\":\"https:\\\/\\\/secure.gravatar.com\\\/avatar\\\/f5fc875574b1575324358c3b9e6a32b8227aa5b74f3fa22e3cadb63e26fcc39c?s=96&d=mm&r=g\",\"caption\":\"haberkuzey\"},\"sameAs\":[\"https:\\\/\\\/haberkuzey.com\"],\"url\":\"https:\\\/\\\/haberkuzey.com\\\/index.php\\\/author\\\/haberkuzey\\\/\"}]}<\/script>\n<!-- \/ Yoast SEO plugin. -->","yoast_head_json":{"title":"TCMB Ba\u015fkan\u0131 Karahan: Enflasyonun 2025 sonunda y\u00fczde 24 seviyesinde ger\u00e7ekle\u015fece\u011fini tahmin ediyoruz - Haber Kuzey","robots":{"index":"index","follow":"follow","max-snippet":"max-snippet:-1","max-image-preview":"max-image-preview:large","max-video-preview":"max-video-preview:-1"},"canonical":"https:\/\/haberkuzey.com\/index.php\/2025\/02\/07\/tcmb-baskani-karahan-enflasyonun-2025-sonunda-yuzde-24-seviyesinde-gerceklesecegini-tahmin-ediyoruz\/","og_locale":"tr_TR","og_type":"article","og_title":"TCMB Ba\u015fkan\u0131 Karahan: Enflasyonun 2025 sonunda y\u00fczde 24 seviyesinde ger\u00e7ekle\u015fece\u011fini tahmin ediyoruz - Haber Kuzey","og_description":"T\u00fcrkiye Cumhuriyet Merkez Bankas\u0131 (TCMB) Ba\u015fkan\u0131 Fatih Karahan, 2025 sonunda enflasyonun y\u00fczde 24 seviyesinde ger\u00e7ekle\u015fece\u011fini tahmin ettiklerini belirterek, \u201c2026 y\u0131l sonu i\u00e7in y\u00fczde 12 olan enflasyon tahminimizi ise koruduk. Enflasyonun 2027 y\u0131l\u0131nda y\u00fczde 8\u2019e geriledikten sonra orta vadede y\u00fczde 5 seviyesinde istikrar kazanmas\u0131n\u0131 hedefliyoruz.\u201d dedi. Karahan, y\u0131l\u0131n 1. Enflasyon Raporu\u2019nun tan\u0131t\u0131m\u0131 amac\u0131yla ilk kez, \u0130stanbul [&hellip;]","og_url":"https:\/\/haberkuzey.com\/index.php\/2025\/02\/07\/tcmb-baskani-karahan-enflasyonun-2025-sonunda-yuzde-24-seviyesinde-gerceklesecegini-tahmin-ediyoruz\/","og_site_name":"Haber Kuzey","article_published_time":"2025-02-07T13:43:20+00:00","og_image":[{"url":"https:\/\/brtk.net\/wp-content\/uploads\/2024\/11\/08\/karahan.jpg?ver=cb18b252fe8aa86317cf7c8c7c22c4a0","type":"","width":"","height":""}],"author":"haberkuzey","twitter_card":"summary_large_image","twitter_misc":{"Yazan:":"haberkuzey","Tahmini okuma s\u00fcresi":"4 dakika"},"schema":{"@context":"https:\/\/schema.org","@graph":[{"@type":"Article","@id":"https:\/\/haberkuzey.com\/index.php\/2025\/02\/07\/tcmb-baskani-karahan-enflasyonun-2025-sonunda-yuzde-24-seviyesinde-gerceklesecegini-tahmin-ediyoruz\/#article","isPartOf":{"@id":"https:\/\/haberkuzey.com\/index.php\/2025\/02\/07\/tcmb-baskani-karahan-enflasyonun-2025-sonunda-yuzde-24-seviyesinde-gerceklesecegini-tahmin-ediyoruz\/"},"author":{"name":"haberkuzey","@id":"https:\/\/haberkuzey.com\/#\/schema\/person\/3372109ec735f9333f4fa47ebb9605ca"},"headline":"TCMB Ba\u015fkan\u0131 Karahan: Enflasyonun 2025 sonunda y\u00fczde 24 seviyesinde ger\u00e7ekle\u015fece\u011fini tahmin ediyoruz","datePublished":"2025-02-07T13:43:20+00:00","mainEntityOfPage":{"@id":"https:\/\/haberkuzey.com\/index.php\/2025\/02\/07\/tcmb-baskani-karahan-enflasyonun-2025-sonunda-yuzde-24-seviyesinde-gerceklesecegini-tahmin-ediyoruz\/"},"wordCount":750,"commentCount":0,"image":{"@id":"https:\/\/haberkuzey.com\/index.php\/2025\/02\/07\/tcmb-baskani-karahan-enflasyonun-2025-sonunda-yuzde-24-seviyesinde-gerceklesecegini-tahmin-ediyoruz\/#primaryimage"},"thumbnailUrl":"https:\/\/haberkuzey.com\/wp-content\/uploads\/2024\/11\/karahan.jpg","articleSection":["D\u00fcnya"],"inLanguage":"tr","potentialAction":[{"@type":"CommentAction","name":"Comment","target":["https:\/\/haberkuzey.com\/index.php\/2025\/02\/07\/tcmb-baskani-karahan-enflasyonun-2025-sonunda-yuzde-24-seviyesinde-gerceklesecegini-tahmin-ediyoruz\/#respond"]}]},{"@type":"WebPage","@id":"https:\/\/haberkuzey.com\/index.php\/2025\/02\/07\/tcmb-baskani-karahan-enflasyonun-2025-sonunda-yuzde-24-seviyesinde-gerceklesecegini-tahmin-ediyoruz\/","url":"https:\/\/haberkuzey.com\/index.php\/2025\/02\/07\/tcmb-baskani-karahan-enflasyonun-2025-sonunda-yuzde-24-seviyesinde-gerceklesecegini-tahmin-ediyoruz\/","name":"TCMB Ba\u015fkan\u0131 Karahan: Enflasyonun 2025 sonunda y\u00fczde 24 seviyesinde ger\u00e7ekle\u015fece\u011fini tahmin ediyoruz - Haber Kuzey","isPartOf":{"@id":"https:\/\/haberkuzey.com\/#website"},"primaryImageOfPage":{"@id":"https:\/\/haberkuzey.com\/index.php\/2025\/02\/07\/tcmb-baskani-karahan-enflasyonun-2025-sonunda-yuzde-24-seviyesinde-gerceklesecegini-tahmin-ediyoruz\/#primaryimage"},"image":{"@id":"https:\/\/haberkuzey.com\/index.php\/2025\/02\/07\/tcmb-baskani-karahan-enflasyonun-2025-sonunda-yuzde-24-seviyesinde-gerceklesecegini-tahmin-ediyoruz\/#primaryimage"},"thumbnailUrl":"https:\/\/haberkuzey.com\/wp-content\/uploads\/2024\/11\/karahan.jpg","datePublished":"2025-02-07T13:43:20+00:00","author":{"@id":"https:\/\/haberkuzey.com\/#\/schema\/person\/3372109ec735f9333f4fa47ebb9605ca"},"breadcrumb":{"@id":"https:\/\/haberkuzey.com\/index.php\/2025\/02\/07\/tcmb-baskani-karahan-enflasyonun-2025-sonunda-yuzde-24-seviyesinde-gerceklesecegini-tahmin-ediyoruz\/#breadcrumb"},"inLanguage":"tr","potentialAction":[{"@type":"ReadAction","target":["https:\/\/haberkuzey.com\/index.php\/2025\/02\/07\/tcmb-baskani-karahan-enflasyonun-2025-sonunda-yuzde-24-seviyesinde-gerceklesecegini-tahmin-ediyoruz\/"]}]},{"@type":"ImageObject","inLanguage":"tr","@id":"https:\/\/haberkuzey.com\/index.php\/2025\/02\/07\/tcmb-baskani-karahan-enflasyonun-2025-sonunda-yuzde-24-seviyesinde-gerceklesecegini-tahmin-ediyoruz\/#primaryimage","url":"https:\/\/haberkuzey.com\/wp-content\/uploads\/2024\/11\/karahan.jpg","contentUrl":"https:\/\/haberkuzey.com\/wp-content\/uploads\/2024\/11\/karahan.jpg","width":2048,"height":1365},{"@type":"BreadcrumbList","@id":"https:\/\/haberkuzey.com\/index.php\/2025\/02\/07\/tcmb-baskani-karahan-enflasyonun-2025-sonunda-yuzde-24-seviyesinde-gerceklesecegini-tahmin-ediyoruz\/#breadcrumb","itemListElement":[{"@type":"ListItem","position":1,"name":"Anasayfa","item":"https:\/\/haberkuzey.com\/"},{"@type":"ListItem","position":2,"name":"TCMB Ba\u015fkan\u0131 Karahan: Enflasyonun 2025 sonunda y\u00fczde 24 seviyesinde ger\u00e7ekle\u015fece\u011fini tahmin ediyoruz"}]},{"@type":"WebSite","@id":"https:\/\/haberkuzey.com\/#website","url":"https:\/\/haberkuzey.com\/","name":"Haber Kuzey","description":"Do\u011fru Haberin Adresi","potentialAction":[{"@type":"SearchAction","target":{"@type":"EntryPoint","urlTemplate":"https:\/\/haberkuzey.com\/?s={search_term_string}"},"query-input":{"@type":"PropertyValueSpecification","valueRequired":true,"valueName":"search_term_string"}}],"inLanguage":"tr"},{"@type":"Person","@id":"https:\/\/haberkuzey.com\/#\/schema\/person\/3372109ec735f9333f4fa47ebb9605ca","name":"haberkuzey","image":{"@type":"ImageObject","inLanguage":"tr","@id":"https:\/\/secure.gravatar.com\/avatar\/f5fc875574b1575324358c3b9e6a32b8227aa5b74f3fa22e3cadb63e26fcc39c?s=96&d=mm&r=g","url":"https:\/\/secure.gravatar.com\/avatar\/f5fc875574b1575324358c3b9e6a32b8227aa5b74f3fa22e3cadb63e26fcc39c?s=96&d=mm&r=g","contentUrl":"https:\/\/secure.gravatar.com\/avatar\/f5fc875574b1575324358c3b9e6a32b8227aa5b74f3fa22e3cadb63e26fcc39c?s=96&d=mm&r=g","caption":"haberkuzey"},"sameAs":["https:\/\/haberkuzey.com"],"url":"https:\/\/haberkuzey.com\/index.php\/author\/haberkuzey\/"}]}},"_links":{"self":[{"href":"https:\/\/haberkuzey.com\/index.php\/wp-json\/wp\/v2\/posts\/17810","targetHints":{"allow":["GET"]}}],"collection":[{"href":"https:\/\/haberkuzey.com\/index.php\/wp-json\/wp\/v2\/posts"}],"about":[{"href":"https:\/\/haberkuzey.com\/index.php\/wp-json\/wp\/v2\/types\/post"}],"author":[{"embeddable":true,"href":"https:\/\/haberkuzey.com\/index.php\/wp-json\/wp\/v2\/users\/1"}],"replies":[{"embeddable":true,"href":"https:\/\/haberkuzey.com\/index.php\/wp-json\/wp\/v2\/comments?post=17810"}],"version-history":[{"count":0,"href":"https:\/\/haberkuzey.com\/index.php\/wp-json\/wp\/v2\/posts\/17810\/revisions"}],"wp:featuredmedia":[{"embeddable":true,"href":"https:\/\/haberkuzey.com\/index.php\/wp-json\/wp\/v2\/media\/12564"}],"wp:attachment":[{"href":"https:\/\/haberkuzey.com\/index.php\/wp-json\/wp\/v2\/media?parent=17810"}],"wp:term":[{"taxonomy":"category","embeddable":true,"href":"https:\/\/haberkuzey.com\/index.php\/wp-json\/wp\/v2\/categories?post=17810"},{"taxonomy":"post_tag","embeddable":true,"href":"https:\/\/haberkuzey.com\/index.php\/wp-json\/wp\/v2\/tags?post=17810"}],"curies":[{"name":"wp","href":"https:\/\/api.w.org\/{rel}","templated":true}]}}