{"id":17755,"date":"2025-02-06T14:46:32","date_gmt":"2025-02-06T12:46:32","guid":{"rendered":"https:\/\/haberkuzey.com\/index.php\/2025\/02\/06\/ege-denizindeki-deprem-firtinasi-suruyor\/"},"modified":"2025-02-06T14:46:32","modified_gmt":"2025-02-06T12:46:32","slug":"ege-denizindeki-deprem-firtinasi-suruyor","status":"publish","type":"post","link":"https:\/\/haberkuzey.com\/index.php\/2025\/02\/06\/ege-denizindeki-deprem-firtinasi-suruyor\/","title":{"rendered":"Ege denizindeki deprem f\u0131rt\u0131nas\u0131 s\u00fcr\u00fcyor"},"content":{"rendered":"<div>\n<div class=\"mariselle-image-container center\">\n                                            <\/div>\n<p>Ege denizindeki deprem f\u0131rt\u0131nas\u0131 s\u00fcrerken depremlerin oda\u011f\u0131ndaki Yunanistan\u2019\u0131n Santorini, Amorgos ve Anafi adalar\u0131nda endi\u015feli bekleyi\u015f de devam ediyor.<\/p>\n<p>Sallant\u0131lar\u0131n volkanik bir patlamaya yol a\u00e7ma endi\u015fesi ya\u015fan\u0131yor.<\/p>\n<p>Ege Denizi\u2019nde sismik hareketlilik s\u00fcr\u00fcyor.<\/p>\n<p>T\u00fcrkiye Afet ve Acil Durum Y\u00f6netimi Ba\u015fkanl\u0131\u011f\u0131n\u0131n  verilerine g\u00f6re, 28 Ocak\u2019tan bu yana Ege denizinde ya\u015fanan deprem say\u0131s\u0131 bine yakla\u015ft\u0131.<\/p>\n<p>D\u00fcn ak\u015fam saatlerinden bu sabaha kadar belirli aral\u0131klarla depremler devam etti.<\/p>\n<p>Gece saat 21.09\u2019da, Ege denizinde 5 b\u00fcy\u00fckl\u00fc\u011f\u00fcnde deprem ya\u015fand\u0131. <\/p>\n<p>Sabah saatlerine kadar da en y\u00fckse\u011fi 4,6 b\u00fcy\u00fckl\u00fc\u011f\u00fcnde olmak \u00fczere 10\u2019a yak\u0131n sars\u0131nt\u0131 oldu.<\/p>\n<p>Depremlerin oda\u011f\u0131nda\u011f\u0131ndaki Yunanistan\u2019\u0131n Santorini, Amorgos ve Anafi\u2019de endi\u015feli bekleyi\u015f s\u00fcr\u00fcyor.<\/p>\n<p>Sallant\u0131lar\u0131n volkanik bir patlamaya yol a\u00e7ma endi\u015fesi s\u00fcrerken, su alt\u0131 verilerinin takibi i\u00e7in adaya \u00e7ok say\u0131da yeni sismograf yerle\u015ftirildi. <\/p>\n<p>B\u00fcy\u00fck depreme haz\u0131rlanan Santorini Belediyesi, baz\u0131 b\u00f6lgeleri \u015feritlerle kapatt\u0131. <\/p>\n<p>Bu tedbir, turistlerin ve b\u00f6lge sakinlerinin g\u00fc\u00e7l\u00fc r\u00fczgarlar ve sars\u0131nt\u0131lar nedeniyle toprak kaymas\u0131 tehlikesi bulunan belirli noktalara yakla\u015fmamalar\u0131 i\u00e7in al\u0131nd\u0131. <\/p>\n<p>Samos gemisi de \u0130os Adas\u0131n\u0131n Mylopotas koyuna demirlendi. Gemi, deprem nedeniyle \u00e7evre adalarda ya\u015fayan halk\u0131n tahliyesine gerekli g\u00f6r\u00fclmesi halinde yard\u0131mc\u0131 olmak i\u00e7in orada bulunuyor.<\/p>\n<p>Son g\u00fcnlerde 10 bini a\u015fk\u0131n ki\u015finin aday\u0131 terk etti\u011fi belirtiliyor.<\/p>\n<\/p><\/div>\n<p><script async\n                    defer\n                    crossorigin=\"anonymous\"\n                    src=\"https:\/\/connect.facebook.net\/tr_TR\/sdk.js#xfbml=1&#038;version=v3.3\"\n            ><\/script><\/p>\n","protected":false},"excerpt":{"rendered":"<p>Ege denizindeki deprem f\u0131rt\u0131nas\u0131 s\u00fcrerken depremlerin oda\u011f\u0131ndaki Yunanistan\u2019\u0131n Santorini, Amorgos ve Anafi adalar\u0131nda endi\u015feli bekleyi\u015f de devam ediyor. Sallant\u0131lar\u0131n volkanik bir patlamaya yol a\u00e7ma endi\u015fesi ya\u015fan\u0131yor. Ege Denizi\u2019nde sismik hareketlilik s\u00fcr\u00fcyor. T\u00fcrkiye Afet ve Acil Durum Y\u00f6netimi Ba\u015fkanl\u0131\u011f\u0131n\u0131n verilerine g\u00f6re, 28 Ocak\u2019tan bu yana Ege denizinde ya\u015fanan deprem say\u0131s\u0131 bine yakla\u015ft\u0131. D\u00fcn ak\u015fam saatlerinden bu [&hellip;]<\/p>\n","protected":false},"author":1,"featured_media":17756,"comment_status":"open","ping_status":"open","sticky":false,"template":"","format":"standard","meta":{"jnews-multi-image_gallery":[],"jnews_single_post":[],"jnews_primary_category":[],"footnotes":""},"categories":[2],"tags":[],"class_list":["post-17755","post","type-post","status-publish","format-standard","has-post-thumbnail","hentry","category-dunya"],"yoast_head":"<!-- This site is optimized with the Yoast SEO plugin v27.5 - https:\/\/yoast.com\/product\/yoast-seo-wordpress\/ -->\n<title>Ege denizindeki deprem f\u0131rt\u0131nas\u0131 s\u00fcr\u00fcyor - Haber Kuzey<\/title>\n<meta name=\"robots\" content=\"index, follow, max-snippet:-1, max-image-preview:large, max-video-preview:-1\" \/>\n<link rel=\"canonical\" href=\"https:\/\/haberkuzey.com\/index.php\/2025\/02\/06\/ege-denizindeki-deprem-firtinasi-suruyor\/\" \/>\n<meta property=\"og:locale\" content=\"tr_TR\" \/>\n<meta property=\"og:type\" content=\"article\" \/>\n<meta property=\"og:title\" content=\"Ege denizindeki deprem f\u0131rt\u0131nas\u0131 s\u00fcr\u00fcyor - Haber Kuzey\" \/>\n<meta property=\"og:description\" content=\"Ege denizindeki deprem f\u0131rt\u0131nas\u0131 s\u00fcrerken depremlerin oda\u011f\u0131ndaki Yunanistan\u2019\u0131n Santorini, Amorgos ve Anafi adalar\u0131nda endi\u015feli bekleyi\u015f de devam ediyor. Sallant\u0131lar\u0131n volkanik bir patlamaya yol a\u00e7ma endi\u015fesi ya\u015fan\u0131yor. Ege Denizi\u2019nde sismik hareketlilik s\u00fcr\u00fcyor. T\u00fcrkiye Afet ve Acil Durum Y\u00f6netimi Ba\u015fkanl\u0131\u011f\u0131n\u0131n verilerine g\u00f6re, 28 Ocak\u2019tan bu yana Ege denizinde ya\u015fanan deprem say\u0131s\u0131 bine yakla\u015ft\u0131. D\u00fcn ak\u015fam saatlerinden bu [&hellip;]\" \/>\n<meta property=\"og:url\" content=\"https:\/\/haberkuzey.com\/index.php\/2025\/02\/06\/ege-denizindeki-deprem-firtinasi-suruyor\/\" \/>\n<meta property=\"og:site_name\" content=\"Haber Kuzey\" \/>\n<meta property=\"article:published_time\" content=\"2025-02-06T12:46:32+00:00\" \/>\n<meta property=\"og:image\" content=\"https:\/\/brtk.net\/wp-content\/uploads\/2025\/02\/06\/Ege-Denizi-nde-deprem-firtinasi-suruyor-353351_news_big.jpg?ver=c92da5f84015cc88618ee379d4848168\" \/>\n<meta name=\"author\" content=\"haberkuzey\" \/>\n<meta name=\"twitter:card\" content=\"summary_large_image\" \/>\n<meta name=\"twitter:label1\" content=\"Yazan:\" \/>\n\t<meta name=\"twitter:data1\" content=\"haberkuzey\" \/>\n\t<meta name=\"twitter:label2\" content=\"Tahmini okuma s\u00fcresi\" \/>\n\t<meta name=\"twitter:data2\" content=\"1 dakika\" \/>\n<script type=\"application\/ld+json\" class=\"yoast-schema-graph\">{\"@context\":\"https:\\\/\\\/schema.org\",\"@graph\":[{\"@type\":\"Article\",\"@id\":\"https:\\\/\\\/haberkuzey.com\\\/index.php\\\/2025\\\/02\\\/06\\\/ege-denizindeki-deprem-firtinasi-suruyor\\\/#article\",\"isPartOf\":{\"@id\":\"https:\\\/\\\/haberkuzey.com\\\/index.php\\\/2025\\\/02\\\/06\\\/ege-denizindeki-deprem-firtinasi-suruyor\\\/\"},\"author\":{\"name\":\"haberkuzey\",\"@id\":\"https:\\\/\\\/haberkuzey.com\\\/#\\\/schema\\\/person\\\/3372109ec735f9333f4fa47ebb9605ca\"},\"headline\":\"Ege denizindeki deprem f\u0131rt\u0131nas\u0131 s\u00fcr\u00fcyor\",\"datePublished\":\"2025-02-06T12:46:32+00:00\",\"mainEntityOfPage\":{\"@id\":\"https:\\\/\\\/haberkuzey.com\\\/index.php\\\/2025\\\/02\\\/06\\\/ege-denizindeki-deprem-firtinasi-suruyor\\\/\"},\"wordCount\":262,\"commentCount\":0,\"image\":{\"@id\":\"https:\\\/\\\/haberkuzey.com\\\/index.php\\\/2025\\\/02\\\/06\\\/ege-denizindeki-deprem-firtinasi-suruyor\\\/#primaryimage\"},\"thumbnailUrl\":\"https:\\\/\\\/haberkuzey.com\\\/wp-content\\\/uploads\\\/2025\\\/02\\\/Ege-Denizi-nde-deprem-firtinasi-suruyor-353351_news_big.jpg\",\"articleSection\":[\"D\u00fcnya\"],\"inLanguage\":\"tr\",\"potentialAction\":[{\"@type\":\"CommentAction\",\"name\":\"Comment\",\"target\":[\"https:\\\/\\\/haberkuzey.com\\\/index.php\\\/2025\\\/02\\\/06\\\/ege-denizindeki-deprem-firtinasi-suruyor\\\/#respond\"]}]},{\"@type\":\"WebPage\",\"@id\":\"https:\\\/\\\/haberkuzey.com\\\/index.php\\\/2025\\\/02\\\/06\\\/ege-denizindeki-deprem-firtinasi-suruyor\\\/\",\"url\":\"https:\\\/\\\/haberkuzey.com\\\/index.php\\\/2025\\\/02\\\/06\\\/ege-denizindeki-deprem-firtinasi-suruyor\\\/\",\"name\":\"Ege denizindeki deprem f\u0131rt\u0131nas\u0131 s\u00fcr\u00fcyor - Haber Kuzey\",\"isPartOf\":{\"@id\":\"https:\\\/\\\/haberkuzey.com\\\/#website\"},\"primaryImageOfPage\":{\"@id\":\"https:\\\/\\\/haberkuzey.com\\\/index.php\\\/2025\\\/02\\\/06\\\/ege-denizindeki-deprem-firtinasi-suruyor\\\/#primaryimage\"},\"image\":{\"@id\":\"https:\\\/\\\/haberkuzey.com\\\/index.php\\\/2025\\\/02\\\/06\\\/ege-denizindeki-deprem-firtinasi-suruyor\\\/#primaryimage\"},\"thumbnailUrl\":\"https:\\\/\\\/haberkuzey.com\\\/wp-content\\\/uploads\\\/2025\\\/02\\\/Ege-Denizi-nde-deprem-firtinasi-suruyor-353351_news_big.jpg\",\"datePublished\":\"2025-02-06T12:46:32+00:00\",\"author\":{\"@id\":\"https:\\\/\\\/haberkuzey.com\\\/#\\\/schema\\\/person\\\/3372109ec735f9333f4fa47ebb9605ca\"},\"breadcrumb\":{\"@id\":\"https:\\\/\\\/haberkuzey.com\\\/index.php\\\/2025\\\/02\\\/06\\\/ege-denizindeki-deprem-firtinasi-suruyor\\\/#breadcrumb\"},\"inLanguage\":\"tr\",\"potentialAction\":[{\"@type\":\"ReadAction\",\"target\":[\"https:\\\/\\\/haberkuzey.com\\\/index.php\\\/2025\\\/02\\\/06\\\/ege-denizindeki-deprem-firtinasi-suruyor\\\/\"]}]},{\"@type\":\"ImageObject\",\"inLanguage\":\"tr\",\"@id\":\"https:\\\/\\\/haberkuzey.com\\\/index.php\\\/2025\\\/02\\\/06\\\/ege-denizindeki-deprem-firtinasi-suruyor\\\/#primaryimage\",\"url\":\"https:\\\/\\\/haberkuzey.com\\\/wp-content\\\/uploads\\\/2025\\\/02\\\/Ege-Denizi-nde-deprem-firtinasi-suruyor-353351_news_big.jpg\",\"contentUrl\":\"https:\\\/\\\/haberkuzey.com\\\/wp-content\\\/uploads\\\/2025\\\/02\\\/Ege-Denizi-nde-deprem-firtinasi-suruyor-353351_news_big.jpg\",\"width\":820,\"height\":500},{\"@type\":\"BreadcrumbList\",\"@id\":\"https:\\\/\\\/haberkuzey.com\\\/index.php\\\/2025\\\/02\\\/06\\\/ege-denizindeki-deprem-firtinasi-suruyor\\\/#breadcrumb\",\"itemListElement\":[{\"@type\":\"ListItem\",\"position\":1,\"name\":\"Anasayfa\",\"item\":\"https:\\\/\\\/haberkuzey.com\\\/\"},{\"@type\":\"ListItem\",\"position\":2,\"name\":\"Ege denizindeki deprem f\u0131rt\u0131nas\u0131 s\u00fcr\u00fcyor\"}]},{\"@type\":\"WebSite\",\"@id\":\"https:\\\/\\\/haberkuzey.com\\\/#website\",\"url\":\"https:\\\/\\\/haberkuzey.com\\\/\",\"name\":\"Haber Kuzey\",\"description\":\"Do\u011fru Haberin Adresi\",\"potentialAction\":[{\"@type\":\"SearchAction\",\"target\":{\"@type\":\"EntryPoint\",\"urlTemplate\":\"https:\\\/\\\/haberkuzey.com\\\/?s={search_term_string}\"},\"query-input\":{\"@type\":\"PropertyValueSpecification\",\"valueRequired\":true,\"valueName\":\"search_term_string\"}}],\"inLanguage\":\"tr\"},{\"@type\":\"Person\",\"@id\":\"https:\\\/\\\/haberkuzey.com\\\/#\\\/schema\\\/person\\\/3372109ec735f9333f4fa47ebb9605ca\",\"name\":\"haberkuzey\",\"image\":{\"@type\":\"ImageObject\",\"inLanguage\":\"tr\",\"@id\":\"https:\\\/\\\/secure.gravatar.com\\\/avatar\\\/f5fc875574b1575324358c3b9e6a32b8227aa5b74f3fa22e3cadb63e26fcc39c?s=96&d=mm&r=g\",\"url\":\"https:\\\/\\\/secure.gravatar.com\\\/avatar\\\/f5fc875574b1575324358c3b9e6a32b8227aa5b74f3fa22e3cadb63e26fcc39c?s=96&d=mm&r=g\",\"contentUrl\":\"https:\\\/\\\/secure.gravatar.com\\\/avatar\\\/f5fc875574b1575324358c3b9e6a32b8227aa5b74f3fa22e3cadb63e26fcc39c?s=96&d=mm&r=g\",\"caption\":\"haberkuzey\"},\"sameAs\":[\"https:\\\/\\\/haberkuzey.com\"],\"url\":\"https:\\\/\\\/haberkuzey.com\\\/index.php\\\/author\\\/haberkuzey\\\/\"}]}<\/script>\n<!-- \/ Yoast SEO plugin. -->","yoast_head_json":{"title":"Ege denizindeki deprem f\u0131rt\u0131nas\u0131 s\u00fcr\u00fcyor - Haber Kuzey","robots":{"index":"index","follow":"follow","max-snippet":"max-snippet:-1","max-image-preview":"max-image-preview:large","max-video-preview":"max-video-preview:-1"},"canonical":"https:\/\/haberkuzey.com\/index.php\/2025\/02\/06\/ege-denizindeki-deprem-firtinasi-suruyor\/","og_locale":"tr_TR","og_type":"article","og_title":"Ege denizindeki deprem f\u0131rt\u0131nas\u0131 s\u00fcr\u00fcyor - Haber Kuzey","og_description":"Ege denizindeki deprem f\u0131rt\u0131nas\u0131 s\u00fcrerken depremlerin oda\u011f\u0131ndaki Yunanistan\u2019\u0131n Santorini, Amorgos ve Anafi adalar\u0131nda endi\u015feli bekleyi\u015f de devam ediyor. Sallant\u0131lar\u0131n volkanik bir patlamaya yol a\u00e7ma endi\u015fesi ya\u015fan\u0131yor. Ege Denizi\u2019nde sismik hareketlilik s\u00fcr\u00fcyor. T\u00fcrkiye Afet ve Acil Durum Y\u00f6netimi Ba\u015fkanl\u0131\u011f\u0131n\u0131n verilerine g\u00f6re, 28 Ocak\u2019tan bu yana Ege denizinde ya\u015fanan deprem say\u0131s\u0131 bine yakla\u015ft\u0131. D\u00fcn ak\u015fam saatlerinden bu [&hellip;]","og_url":"https:\/\/haberkuzey.com\/index.php\/2025\/02\/06\/ege-denizindeki-deprem-firtinasi-suruyor\/","og_site_name":"Haber Kuzey","article_published_time":"2025-02-06T12:46:32+00:00","og_image":[{"url":"https:\/\/brtk.net\/wp-content\/uploads\/2025\/02\/06\/Ege-Denizi-nde-deprem-firtinasi-suruyor-353351_news_big.jpg?ver=c92da5f84015cc88618ee379d4848168","type":"","width":"","height":""}],"author":"haberkuzey","twitter_card":"summary_large_image","twitter_misc":{"Yazan:":"haberkuzey","Tahmini okuma s\u00fcresi":"1 dakika"},"schema":{"@context":"https:\/\/schema.org","@graph":[{"@type":"Article","@id":"https:\/\/haberkuzey.com\/index.php\/2025\/02\/06\/ege-denizindeki-deprem-firtinasi-suruyor\/#article","isPartOf":{"@id":"https:\/\/haberkuzey.com\/index.php\/2025\/02\/06\/ege-denizindeki-deprem-firtinasi-suruyor\/"},"author":{"name":"haberkuzey","@id":"https:\/\/haberkuzey.com\/#\/schema\/person\/3372109ec735f9333f4fa47ebb9605ca"},"headline":"Ege denizindeki deprem f\u0131rt\u0131nas\u0131 s\u00fcr\u00fcyor","datePublished":"2025-02-06T12:46:32+00:00","mainEntityOfPage":{"@id":"https:\/\/haberkuzey.com\/index.php\/2025\/02\/06\/ege-denizindeki-deprem-firtinasi-suruyor\/"},"wordCount":262,"commentCount":0,"image":{"@id":"https:\/\/haberkuzey.com\/index.php\/2025\/02\/06\/ege-denizindeki-deprem-firtinasi-suruyor\/#primaryimage"},"thumbnailUrl":"https:\/\/haberkuzey.com\/wp-content\/uploads\/2025\/02\/Ege-Denizi-nde-deprem-firtinasi-suruyor-353351_news_big.jpg","articleSection":["D\u00fcnya"],"inLanguage":"tr","potentialAction":[{"@type":"CommentAction","name":"Comment","target":["https:\/\/haberkuzey.com\/index.php\/2025\/02\/06\/ege-denizindeki-deprem-firtinasi-suruyor\/#respond"]}]},{"@type":"WebPage","@id":"https:\/\/haberkuzey.com\/index.php\/2025\/02\/06\/ege-denizindeki-deprem-firtinasi-suruyor\/","url":"https:\/\/haberkuzey.com\/index.php\/2025\/02\/06\/ege-denizindeki-deprem-firtinasi-suruyor\/","name":"Ege denizindeki deprem f\u0131rt\u0131nas\u0131 s\u00fcr\u00fcyor - Haber Kuzey","isPartOf":{"@id":"https:\/\/haberkuzey.com\/#website"},"primaryImageOfPage":{"@id":"https:\/\/haberkuzey.com\/index.php\/2025\/02\/06\/ege-denizindeki-deprem-firtinasi-suruyor\/#primaryimage"},"image":{"@id":"https:\/\/haberkuzey.com\/index.php\/2025\/02\/06\/ege-denizindeki-deprem-firtinasi-suruyor\/#primaryimage"},"thumbnailUrl":"https:\/\/haberkuzey.com\/wp-content\/uploads\/2025\/02\/Ege-Denizi-nde-deprem-firtinasi-suruyor-353351_news_big.jpg","datePublished":"2025-02-06T12:46:32+00:00","author":{"@id":"https:\/\/haberkuzey.com\/#\/schema\/person\/3372109ec735f9333f4fa47ebb9605ca"},"breadcrumb":{"@id":"https:\/\/haberkuzey.com\/index.php\/2025\/02\/06\/ege-denizindeki-deprem-firtinasi-suruyor\/#breadcrumb"},"inLanguage":"tr","potentialAction":[{"@type":"ReadAction","target":["https:\/\/haberkuzey.com\/index.php\/2025\/02\/06\/ege-denizindeki-deprem-firtinasi-suruyor\/"]}]},{"@type":"ImageObject","inLanguage":"tr","@id":"https:\/\/haberkuzey.com\/index.php\/2025\/02\/06\/ege-denizindeki-deprem-firtinasi-suruyor\/#primaryimage","url":"https:\/\/haberkuzey.com\/wp-content\/uploads\/2025\/02\/Ege-Denizi-nde-deprem-firtinasi-suruyor-353351_news_big.jpg","contentUrl":"https:\/\/haberkuzey.com\/wp-content\/uploads\/2025\/02\/Ege-Denizi-nde-deprem-firtinasi-suruyor-353351_news_big.jpg","width":820,"height":500},{"@type":"BreadcrumbList","@id":"https:\/\/haberkuzey.com\/index.php\/2025\/02\/06\/ege-denizindeki-deprem-firtinasi-suruyor\/#breadcrumb","itemListElement":[{"@type":"ListItem","position":1,"name":"Anasayfa","item":"https:\/\/haberkuzey.com\/"},{"@type":"ListItem","position":2,"name":"Ege denizindeki deprem f\u0131rt\u0131nas\u0131 s\u00fcr\u00fcyor"}]},{"@type":"WebSite","@id":"https:\/\/haberkuzey.com\/#website","url":"https:\/\/haberkuzey.com\/","name":"Haber Kuzey","description":"Do\u011fru Haberin Adresi","potentialAction":[{"@type":"SearchAction","target":{"@type":"EntryPoint","urlTemplate":"https:\/\/haberkuzey.com\/?s={search_term_string}"},"query-input":{"@type":"PropertyValueSpecification","valueRequired":true,"valueName":"search_term_string"}}],"inLanguage":"tr"},{"@type":"Person","@id":"https:\/\/haberkuzey.com\/#\/schema\/person\/3372109ec735f9333f4fa47ebb9605ca","name":"haberkuzey","image":{"@type":"ImageObject","inLanguage":"tr","@id":"https:\/\/secure.gravatar.com\/avatar\/f5fc875574b1575324358c3b9e6a32b8227aa5b74f3fa22e3cadb63e26fcc39c?s=96&d=mm&r=g","url":"https:\/\/secure.gravatar.com\/avatar\/f5fc875574b1575324358c3b9e6a32b8227aa5b74f3fa22e3cadb63e26fcc39c?s=96&d=mm&r=g","contentUrl":"https:\/\/secure.gravatar.com\/avatar\/f5fc875574b1575324358c3b9e6a32b8227aa5b74f3fa22e3cadb63e26fcc39c?s=96&d=mm&r=g","caption":"haberkuzey"},"sameAs":["https:\/\/haberkuzey.com"],"url":"https:\/\/haberkuzey.com\/index.php\/author\/haberkuzey\/"}]}},"_links":{"self":[{"href":"https:\/\/haberkuzey.com\/index.php\/wp-json\/wp\/v2\/posts\/17755","targetHints":{"allow":["GET"]}}],"collection":[{"href":"https:\/\/haberkuzey.com\/index.php\/wp-json\/wp\/v2\/posts"}],"about":[{"href":"https:\/\/haberkuzey.com\/index.php\/wp-json\/wp\/v2\/types\/post"}],"author":[{"embeddable":true,"href":"https:\/\/haberkuzey.com\/index.php\/wp-json\/wp\/v2\/users\/1"}],"replies":[{"embeddable":true,"href":"https:\/\/haberkuzey.com\/index.php\/wp-json\/wp\/v2\/comments?post=17755"}],"version-history":[{"count":0,"href":"https:\/\/haberkuzey.com\/index.php\/wp-json\/wp\/v2\/posts\/17755\/revisions"}],"wp:featuredmedia":[{"embeddable":true,"href":"https:\/\/haberkuzey.com\/index.php\/wp-json\/wp\/v2\/media\/17756"}],"wp:attachment":[{"href":"https:\/\/haberkuzey.com\/index.php\/wp-json\/wp\/v2\/media?parent=17755"}],"wp:term":[{"taxonomy":"category","embeddable":true,"href":"https:\/\/haberkuzey.com\/index.php\/wp-json\/wp\/v2\/categories?post=17755"},{"taxonomy":"post_tag","embeddable":true,"href":"https:\/\/haberkuzey.com\/index.php\/wp-json\/wp\/v2\/tags?post=17755"}],"curies":[{"name":"wp","href":"https:\/\/api.w.org\/{rel}","templated":true}]}}