{"id":17706,"date":"2025-02-05T17:50:06","date_gmt":"2025-02-05T15:50:06","guid":{"rendered":"https:\/\/haberkuzey.com\/index.php\/2025\/02\/05\/cumhurbaskani-tatar-iki-yil-onceki-deprem-felaketi-yureklerde-derin-acilar-birakti\/"},"modified":"2025-02-05T17:50:06","modified_gmt":"2025-02-05T15:50:06","slug":"cumhurbaskani-tatar-iki-yil-onceki-deprem-felaketi-yureklerde-derin-acilar-birakti","status":"publish","type":"post","link":"https:\/\/haberkuzey.com\/index.php\/2025\/02\/05\/cumhurbaskani-tatar-iki-yil-onceki-deprem-felaketi-yureklerde-derin-acilar-birakti\/","title":{"rendered":"Cumhurba\u015fkan\u0131 Tatar: \u0130ki y\u0131l \u00f6nceki deprem felaketi y\u00fcreklerde derin ac\u0131lar b\u0131rakt\u0131"},"content":{"rendered":"<div>\n<div class=\"mariselle-image-container center\">\n                                            <\/div>\n<p>\u00a0<br \/>Cumhurba\u015fkan\u0131 Ersin Tatar, 6 \u015eubat 2023\u2019te Kahramanmara\u015f merkezli ve T\u00fcrkiye\u2019de 11 ili etkileyen b\u00fcy\u00fck depremin 2. y\u0131l\u0131 nedeniyle anma mesaj\u0131 yay\u0131mlad\u0131.<\/p>\n<p>Depremin \u00fczerinden ge\u00e7en 2 y\u0131la ra\u011fmen felaketin y\u00fcreklerde derin ac\u0131lar b\u0131rakt\u0131\u011f\u0131n\u0131 belirten Cumhurba\u015fkan\u0131 Tatar, \u201cBu felaketin yaralar\u0131n\u0131 sarmak i\u00e7in devlet olarak elimizden geleni yapmaya ve yurtta\u015flar\u0131m\u0131z\u0131n adlar\u0131n\u0131 ya\u015fatmaya gayret ediyoruz\u201d dedi.<\/p>\n<p>Cumhurba\u015fkan\u0131 Ersin Tatar mesaj\u0131nda \u015fu ifadelere yer verdi:<\/p>\n<p>\u201cY\u00fcreklerimizi yakan asr\u0131n felaketinin derin yaralar\u0131 halen i\u00e7imizi da\u011flamaktad\u0131r. T\u00fcrkiye\u2019de 50 binin \u00fczerinde ve \u00fclkemizde \u015eampiyon Meleklerimizin de aralar\u0131nda oldu\u011fu 49 vatanda\u015f\u0131m\u0131z\u0131n can\u0131na mal olan bu felaketin yaralar\u0131n\u0131 sarmak i\u00e7in devlet olarak elimizden geleni yapmaya ve yurtta\u015flar\u0131m\u0131z\u0131n adlar\u0131n\u0131 ya\u015fatmaya gayret ediyoruz.<\/p>\n<p>\u00d6zellikle \u201c\u0130sias Davas\u0131\u201d olarak bilinen yarg\u0131 s\u00fcrecinin yak\u0131n takip\u00e7isi olarak adaletin yerini bulmas\u0131nda \u0131srarc\u0131 olaca\u011f\u0131z. Bu konuda T\u00fcrk adaletine olan inan\u00e7 ve g\u00fcvenimiz tamd\u0131r.<\/p>\n<p>Bu ac\u0131 g\u00fcn\u00fcn 2. y\u0131ld\u00f6n\u00fcm\u00fcnde 49 vatanda\u015f\u0131m\u0131z\u0131 ve Anavatan T\u00fcrkiye\u2019de hayat\u0131n\u0131 kaybedenleri rahmet ve \u00f6zlemle an\u0131yorum. Ac\u0131l\u0131 ailelere ve T\u00fcrk halk\u0131na sab\u0131rlar dilerim\u201d;<\/p>\n<\/p><\/div>\n<p><script async\n                    defer\n                    crossorigin=\"anonymous\"\n                    src=\"https:\/\/connect.facebook.net\/tr_TR\/sdk.js#xfbml=1&#038;version=v3.3\"\n            ><\/script><\/p>\n","protected":false},"excerpt":{"rendered":"<p>\u00a0Cumhurba\u015fkan\u0131 Ersin Tatar, 6 \u015eubat 2023\u2019te Kahramanmara\u015f merkezli ve T\u00fcrkiye\u2019de 11 ili etkileyen b\u00fcy\u00fck depremin 2. y\u0131l\u0131 nedeniyle anma mesaj\u0131 yay\u0131mlad\u0131. Depremin \u00fczerinden ge\u00e7en 2 y\u0131la ra\u011fmen felaketin y\u00fcreklerde derin ac\u0131lar b\u0131rakt\u0131\u011f\u0131n\u0131 belirten Cumhurba\u015fkan\u0131 Tatar, \u201cBu felaketin yaralar\u0131n\u0131 sarmak i\u00e7in devlet olarak elimizden geleni yapmaya ve yurtta\u015flar\u0131m\u0131z\u0131n adlar\u0131n\u0131 ya\u015fatmaya gayret ediyoruz\u201d dedi. Cumhurba\u015fkan\u0131 Ersin Tatar [&hellip;]<\/p>\n","protected":false},"author":1,"featured_media":17707,"comment_status":"open","ping_status":"open","sticky":false,"template":"","format":"standard","meta":{"jnews-multi-image_gallery":[],"jnews_single_post":[],"jnews_primary_category":[],"footnotes":""},"categories":[1],"tags":[],"class_list":["post-17706","post","type-post","status-publish","format-standard","has-post-thumbnail","hentry","category-kibris"],"yoast_head":"<!-- This site is optimized with the Yoast SEO plugin v27.4 - https:\/\/yoast.com\/product\/yoast-seo-wordpress\/ -->\n<title>Cumhurba\u015fkan\u0131 Tatar: \u0130ki y\u0131l \u00f6nceki deprem felaketi y\u00fcreklerde derin ac\u0131lar b\u0131rakt\u0131 - Haber Kuzey<\/title>\n<meta name=\"robots\" content=\"index, follow, max-snippet:-1, max-image-preview:large, max-video-preview:-1\" \/>\n<link rel=\"canonical\" href=\"https:\/\/haberkuzey.com\/index.php\/2025\/02\/05\/cumhurbaskani-tatar-iki-yil-onceki-deprem-felaketi-yureklerde-derin-acilar-birakti\/\" \/>\n<meta property=\"og:locale\" content=\"tr_TR\" \/>\n<meta property=\"og:type\" content=\"article\" \/>\n<meta property=\"og:title\" content=\"Cumhurba\u015fkan\u0131 Tatar: \u0130ki y\u0131l \u00f6nceki deprem felaketi y\u00fcreklerde derin ac\u0131lar b\u0131rakt\u0131 - Haber Kuzey\" \/>\n<meta property=\"og:description\" content=\"\u00a0Cumhurba\u015fkan\u0131 Ersin Tatar, 6 \u015eubat 2023\u2019te Kahramanmara\u015f merkezli ve T\u00fcrkiye\u2019de 11 ili etkileyen b\u00fcy\u00fck depremin 2. y\u0131l\u0131 nedeniyle anma mesaj\u0131 yay\u0131mlad\u0131. Depremin \u00fczerinden ge\u00e7en 2 y\u0131la ra\u011fmen felaketin y\u00fcreklerde derin ac\u0131lar b\u0131rakt\u0131\u011f\u0131n\u0131 belirten Cumhurba\u015fkan\u0131 Tatar, \u201cBu felaketin yaralar\u0131n\u0131 sarmak i\u00e7in devlet olarak elimizden geleni yapmaya ve yurtta\u015flar\u0131m\u0131z\u0131n adlar\u0131n\u0131 ya\u015fatmaya gayret ediyoruz\u201d dedi. Cumhurba\u015fkan\u0131 Ersin Tatar [&hellip;]\" \/>\n<meta property=\"og:url\" content=\"https:\/\/haberkuzey.com\/index.php\/2025\/02\/05\/cumhurbaskani-tatar-iki-yil-onceki-deprem-felaketi-yureklerde-derin-acilar-birakti\/\" \/>\n<meta property=\"og:site_name\" content=\"Haber Kuzey\" \/>\n<meta property=\"article:published_time\" content=\"2025-02-05T15:50:06+00:00\" \/>\n<meta property=\"og:image\" content=\"https:\/\/brtk.net\/wp-content\/uploads\/2025\/02\/05\/1738765938261tatar-taziye.jpg?ver=6b8ad176833e082aabb1c6508dd71144\" \/>\n<meta name=\"author\" content=\"haberkuzey\" \/>\n<meta name=\"twitter:card\" content=\"summary_large_image\" \/>\n<meta name=\"twitter:label1\" content=\"Yazan:\" \/>\n\t<meta name=\"twitter:data1\" content=\"haberkuzey\" \/>\n\t<meta name=\"twitter:label2\" content=\"Tahmini okuma s\u00fcresi\" \/>\n\t<meta name=\"twitter:data2\" content=\"1 dakika\" \/>\n<script type=\"application\/ld+json\" class=\"yoast-schema-graph\">{\"@context\":\"https:\\\/\\\/schema.org\",\"@graph\":[{\"@type\":\"Article\",\"@id\":\"https:\\\/\\\/haberkuzey.com\\\/index.php\\\/2025\\\/02\\\/05\\\/cumhurbaskani-tatar-iki-yil-onceki-deprem-felaketi-yureklerde-derin-acilar-birakti\\\/#article\",\"isPartOf\":{\"@id\":\"https:\\\/\\\/haberkuzey.com\\\/index.php\\\/2025\\\/02\\\/05\\\/cumhurbaskani-tatar-iki-yil-onceki-deprem-felaketi-yureklerde-derin-acilar-birakti\\\/\"},\"author\":{\"name\":\"haberkuzey\",\"@id\":\"https:\\\/\\\/haberkuzey.com\\\/#\\\/schema\\\/person\\\/3372109ec735f9333f4fa47ebb9605ca\"},\"headline\":\"Cumhurba\u015fkan\u0131 Tatar: \u0130ki y\u0131l \u00f6nceki deprem felaketi y\u00fcreklerde derin ac\u0131lar b\u0131rakt\u0131\",\"datePublished\":\"2025-02-05T15:50:06+00:00\",\"mainEntityOfPage\":{\"@id\":\"https:\\\/\\\/haberkuzey.com\\\/index.php\\\/2025\\\/02\\\/05\\\/cumhurbaskani-tatar-iki-yil-onceki-deprem-felaketi-yureklerde-derin-acilar-birakti\\\/\"},\"wordCount\":226,\"commentCount\":0,\"image\":{\"@id\":\"https:\\\/\\\/haberkuzey.com\\\/index.php\\\/2025\\\/02\\\/05\\\/cumhurbaskani-tatar-iki-yil-onceki-deprem-felaketi-yureklerde-derin-acilar-birakti\\\/#primaryimage\"},\"thumbnailUrl\":\"https:\\\/\\\/haberkuzey.com\\\/wp-content\\\/uploads\\\/2025\\\/02\\\/1738765938261tatar-taziye.jpg\",\"articleSection\":[\"K\u0131br\u0131s\"],\"inLanguage\":\"tr\",\"potentialAction\":[{\"@type\":\"CommentAction\",\"name\":\"Comment\",\"target\":[\"https:\\\/\\\/haberkuzey.com\\\/index.php\\\/2025\\\/02\\\/05\\\/cumhurbaskani-tatar-iki-yil-onceki-deprem-felaketi-yureklerde-derin-acilar-birakti\\\/#respond\"]}]},{\"@type\":\"WebPage\",\"@id\":\"https:\\\/\\\/haberkuzey.com\\\/index.php\\\/2025\\\/02\\\/05\\\/cumhurbaskani-tatar-iki-yil-onceki-deprem-felaketi-yureklerde-derin-acilar-birakti\\\/\",\"url\":\"https:\\\/\\\/haberkuzey.com\\\/index.php\\\/2025\\\/02\\\/05\\\/cumhurbaskani-tatar-iki-yil-onceki-deprem-felaketi-yureklerde-derin-acilar-birakti\\\/\",\"name\":\"Cumhurba\u015fkan\u0131 Tatar: \u0130ki y\u0131l \u00f6nceki deprem felaketi y\u00fcreklerde derin ac\u0131lar b\u0131rakt\u0131 - Haber Kuzey\",\"isPartOf\":{\"@id\":\"https:\\\/\\\/haberkuzey.com\\\/#website\"},\"primaryImageOfPage\":{\"@id\":\"https:\\\/\\\/haberkuzey.com\\\/index.php\\\/2025\\\/02\\\/05\\\/cumhurbaskani-tatar-iki-yil-onceki-deprem-felaketi-yureklerde-derin-acilar-birakti\\\/#primaryimage\"},\"image\":{\"@id\":\"https:\\\/\\\/haberkuzey.com\\\/index.php\\\/2025\\\/02\\\/05\\\/cumhurbaskani-tatar-iki-yil-onceki-deprem-felaketi-yureklerde-derin-acilar-birakti\\\/#primaryimage\"},\"thumbnailUrl\":\"https:\\\/\\\/haberkuzey.com\\\/wp-content\\\/uploads\\\/2025\\\/02\\\/1738765938261tatar-taziye.jpg\",\"datePublished\":\"2025-02-05T15:50:06+00:00\",\"author\":{\"@id\":\"https:\\\/\\\/haberkuzey.com\\\/#\\\/schema\\\/person\\\/3372109ec735f9333f4fa47ebb9605ca\"},\"breadcrumb\":{\"@id\":\"https:\\\/\\\/haberkuzey.com\\\/index.php\\\/2025\\\/02\\\/05\\\/cumhurbaskani-tatar-iki-yil-onceki-deprem-felaketi-yureklerde-derin-acilar-birakti\\\/#breadcrumb\"},\"inLanguage\":\"tr\",\"potentialAction\":[{\"@type\":\"ReadAction\",\"target\":[\"https:\\\/\\\/haberkuzey.com\\\/index.php\\\/2025\\\/02\\\/05\\\/cumhurbaskani-tatar-iki-yil-onceki-deprem-felaketi-yureklerde-derin-acilar-birakti\\\/\"]}]},{\"@type\":\"ImageObject\",\"inLanguage\":\"tr\",\"@id\":\"https:\\\/\\\/haberkuzey.com\\\/index.php\\\/2025\\\/02\\\/05\\\/cumhurbaskani-tatar-iki-yil-onceki-deprem-felaketi-yureklerde-derin-acilar-birakti\\\/#primaryimage\",\"url\":\"https:\\\/\\\/haberkuzey.com\\\/wp-content\\\/uploads\\\/2025\\\/02\\\/1738765938261tatar-taziye.jpg\",\"contentUrl\":\"https:\\\/\\\/haberkuzey.com\\\/wp-content\\\/uploads\\\/2025\\\/02\\\/1738765938261tatar-taziye.jpg\",\"width\":805,\"height\":400},{\"@type\":\"BreadcrumbList\",\"@id\":\"https:\\\/\\\/haberkuzey.com\\\/index.php\\\/2025\\\/02\\\/05\\\/cumhurbaskani-tatar-iki-yil-onceki-deprem-felaketi-yureklerde-derin-acilar-birakti\\\/#breadcrumb\",\"itemListElement\":[{\"@type\":\"ListItem\",\"position\":1,\"name\":\"Anasayfa\",\"item\":\"https:\\\/\\\/haberkuzey.com\\\/\"},{\"@type\":\"ListItem\",\"position\":2,\"name\":\"Cumhurba\u015fkan\u0131 Tatar: \u0130ki y\u0131l \u00f6nceki deprem felaketi y\u00fcreklerde derin ac\u0131lar b\u0131rakt\u0131\"}]},{\"@type\":\"WebSite\",\"@id\":\"https:\\\/\\\/haberkuzey.com\\\/#website\",\"url\":\"https:\\\/\\\/haberkuzey.com\\\/\",\"name\":\"Haber Kuzey\",\"description\":\"Do\u011fru Haberin Adresi\",\"potentialAction\":[{\"@type\":\"SearchAction\",\"target\":{\"@type\":\"EntryPoint\",\"urlTemplate\":\"https:\\\/\\\/haberkuzey.com\\\/?s={search_term_string}\"},\"query-input\":{\"@type\":\"PropertyValueSpecification\",\"valueRequired\":true,\"valueName\":\"search_term_string\"}}],\"inLanguage\":\"tr\"},{\"@type\":\"Person\",\"@id\":\"https:\\\/\\\/haberkuzey.com\\\/#\\\/schema\\\/person\\\/3372109ec735f9333f4fa47ebb9605ca\",\"name\":\"haberkuzey\",\"image\":{\"@type\":\"ImageObject\",\"inLanguage\":\"tr\",\"@id\":\"https:\\\/\\\/secure.gravatar.com\\\/avatar\\\/f5fc875574b1575324358c3b9e6a32b8227aa5b74f3fa22e3cadb63e26fcc39c?s=96&d=mm&r=g\",\"url\":\"https:\\\/\\\/secure.gravatar.com\\\/avatar\\\/f5fc875574b1575324358c3b9e6a32b8227aa5b74f3fa22e3cadb63e26fcc39c?s=96&d=mm&r=g\",\"contentUrl\":\"https:\\\/\\\/secure.gravatar.com\\\/avatar\\\/f5fc875574b1575324358c3b9e6a32b8227aa5b74f3fa22e3cadb63e26fcc39c?s=96&d=mm&r=g\",\"caption\":\"haberkuzey\"},\"sameAs\":[\"https:\\\/\\\/haberkuzey.com\"],\"url\":\"https:\\\/\\\/haberkuzey.com\\\/index.php\\\/author\\\/haberkuzey\\\/\"}]}<\/script>\n<!-- \/ Yoast SEO plugin. -->","yoast_head_json":{"title":"Cumhurba\u015fkan\u0131 Tatar: \u0130ki y\u0131l \u00f6nceki deprem felaketi y\u00fcreklerde derin ac\u0131lar b\u0131rakt\u0131 - Haber Kuzey","robots":{"index":"index","follow":"follow","max-snippet":"max-snippet:-1","max-image-preview":"max-image-preview:large","max-video-preview":"max-video-preview:-1"},"canonical":"https:\/\/haberkuzey.com\/index.php\/2025\/02\/05\/cumhurbaskani-tatar-iki-yil-onceki-deprem-felaketi-yureklerde-derin-acilar-birakti\/","og_locale":"tr_TR","og_type":"article","og_title":"Cumhurba\u015fkan\u0131 Tatar: \u0130ki y\u0131l \u00f6nceki deprem felaketi y\u00fcreklerde derin ac\u0131lar b\u0131rakt\u0131 - Haber Kuzey","og_description":"\u00a0Cumhurba\u015fkan\u0131 Ersin Tatar, 6 \u015eubat 2023\u2019te Kahramanmara\u015f merkezli ve T\u00fcrkiye\u2019de 11 ili etkileyen b\u00fcy\u00fck depremin 2. y\u0131l\u0131 nedeniyle anma mesaj\u0131 yay\u0131mlad\u0131. Depremin \u00fczerinden ge\u00e7en 2 y\u0131la ra\u011fmen felaketin y\u00fcreklerde derin ac\u0131lar b\u0131rakt\u0131\u011f\u0131n\u0131 belirten Cumhurba\u015fkan\u0131 Tatar, \u201cBu felaketin yaralar\u0131n\u0131 sarmak i\u00e7in devlet olarak elimizden geleni yapmaya ve yurtta\u015flar\u0131m\u0131z\u0131n adlar\u0131n\u0131 ya\u015fatmaya gayret ediyoruz\u201d dedi. Cumhurba\u015fkan\u0131 Ersin Tatar [&hellip;]","og_url":"https:\/\/haberkuzey.com\/index.php\/2025\/02\/05\/cumhurbaskani-tatar-iki-yil-onceki-deprem-felaketi-yureklerde-derin-acilar-birakti\/","og_site_name":"Haber Kuzey","article_published_time":"2025-02-05T15:50:06+00:00","og_image":[{"url":"https:\/\/brtk.net\/wp-content\/uploads\/2025\/02\/05\/1738765938261tatar-taziye.jpg?ver=6b8ad176833e082aabb1c6508dd71144","type":"","width":"","height":""}],"author":"haberkuzey","twitter_card":"summary_large_image","twitter_misc":{"Yazan:":"haberkuzey","Tahmini okuma s\u00fcresi":"1 dakika"},"schema":{"@context":"https:\/\/schema.org","@graph":[{"@type":"Article","@id":"https:\/\/haberkuzey.com\/index.php\/2025\/02\/05\/cumhurbaskani-tatar-iki-yil-onceki-deprem-felaketi-yureklerde-derin-acilar-birakti\/#article","isPartOf":{"@id":"https:\/\/haberkuzey.com\/index.php\/2025\/02\/05\/cumhurbaskani-tatar-iki-yil-onceki-deprem-felaketi-yureklerde-derin-acilar-birakti\/"},"author":{"name":"haberkuzey","@id":"https:\/\/haberkuzey.com\/#\/schema\/person\/3372109ec735f9333f4fa47ebb9605ca"},"headline":"Cumhurba\u015fkan\u0131 Tatar: \u0130ki y\u0131l \u00f6nceki deprem felaketi y\u00fcreklerde derin ac\u0131lar b\u0131rakt\u0131","datePublished":"2025-02-05T15:50:06+00:00","mainEntityOfPage":{"@id":"https:\/\/haberkuzey.com\/index.php\/2025\/02\/05\/cumhurbaskani-tatar-iki-yil-onceki-deprem-felaketi-yureklerde-derin-acilar-birakti\/"},"wordCount":226,"commentCount":0,"image":{"@id":"https:\/\/haberkuzey.com\/index.php\/2025\/02\/05\/cumhurbaskani-tatar-iki-yil-onceki-deprem-felaketi-yureklerde-derin-acilar-birakti\/#primaryimage"},"thumbnailUrl":"https:\/\/haberkuzey.com\/wp-content\/uploads\/2025\/02\/1738765938261tatar-taziye.jpg","articleSection":["K\u0131br\u0131s"],"inLanguage":"tr","potentialAction":[{"@type":"CommentAction","name":"Comment","target":["https:\/\/haberkuzey.com\/index.php\/2025\/02\/05\/cumhurbaskani-tatar-iki-yil-onceki-deprem-felaketi-yureklerde-derin-acilar-birakti\/#respond"]}]},{"@type":"WebPage","@id":"https:\/\/haberkuzey.com\/index.php\/2025\/02\/05\/cumhurbaskani-tatar-iki-yil-onceki-deprem-felaketi-yureklerde-derin-acilar-birakti\/","url":"https:\/\/haberkuzey.com\/index.php\/2025\/02\/05\/cumhurbaskani-tatar-iki-yil-onceki-deprem-felaketi-yureklerde-derin-acilar-birakti\/","name":"Cumhurba\u015fkan\u0131 Tatar: \u0130ki y\u0131l \u00f6nceki deprem felaketi y\u00fcreklerde derin ac\u0131lar b\u0131rakt\u0131 - Haber Kuzey","isPartOf":{"@id":"https:\/\/haberkuzey.com\/#website"},"primaryImageOfPage":{"@id":"https:\/\/haberkuzey.com\/index.php\/2025\/02\/05\/cumhurbaskani-tatar-iki-yil-onceki-deprem-felaketi-yureklerde-derin-acilar-birakti\/#primaryimage"},"image":{"@id":"https:\/\/haberkuzey.com\/index.php\/2025\/02\/05\/cumhurbaskani-tatar-iki-yil-onceki-deprem-felaketi-yureklerde-derin-acilar-birakti\/#primaryimage"},"thumbnailUrl":"https:\/\/haberkuzey.com\/wp-content\/uploads\/2025\/02\/1738765938261tatar-taziye.jpg","datePublished":"2025-02-05T15:50:06+00:00","author":{"@id":"https:\/\/haberkuzey.com\/#\/schema\/person\/3372109ec735f9333f4fa47ebb9605ca"},"breadcrumb":{"@id":"https:\/\/haberkuzey.com\/index.php\/2025\/02\/05\/cumhurbaskani-tatar-iki-yil-onceki-deprem-felaketi-yureklerde-derin-acilar-birakti\/#breadcrumb"},"inLanguage":"tr","potentialAction":[{"@type":"ReadAction","target":["https:\/\/haberkuzey.com\/index.php\/2025\/02\/05\/cumhurbaskani-tatar-iki-yil-onceki-deprem-felaketi-yureklerde-derin-acilar-birakti\/"]}]},{"@type":"ImageObject","inLanguage":"tr","@id":"https:\/\/haberkuzey.com\/index.php\/2025\/02\/05\/cumhurbaskani-tatar-iki-yil-onceki-deprem-felaketi-yureklerde-derin-acilar-birakti\/#primaryimage","url":"https:\/\/haberkuzey.com\/wp-content\/uploads\/2025\/02\/1738765938261tatar-taziye.jpg","contentUrl":"https:\/\/haberkuzey.com\/wp-content\/uploads\/2025\/02\/1738765938261tatar-taziye.jpg","width":805,"height":400},{"@type":"BreadcrumbList","@id":"https:\/\/haberkuzey.com\/index.php\/2025\/02\/05\/cumhurbaskani-tatar-iki-yil-onceki-deprem-felaketi-yureklerde-derin-acilar-birakti\/#breadcrumb","itemListElement":[{"@type":"ListItem","position":1,"name":"Anasayfa","item":"https:\/\/haberkuzey.com\/"},{"@type":"ListItem","position":2,"name":"Cumhurba\u015fkan\u0131 Tatar: \u0130ki y\u0131l \u00f6nceki deprem felaketi y\u00fcreklerde derin ac\u0131lar b\u0131rakt\u0131"}]},{"@type":"WebSite","@id":"https:\/\/haberkuzey.com\/#website","url":"https:\/\/haberkuzey.com\/","name":"Haber Kuzey","description":"Do\u011fru Haberin Adresi","potentialAction":[{"@type":"SearchAction","target":{"@type":"EntryPoint","urlTemplate":"https:\/\/haberkuzey.com\/?s={search_term_string}"},"query-input":{"@type":"PropertyValueSpecification","valueRequired":true,"valueName":"search_term_string"}}],"inLanguage":"tr"},{"@type":"Person","@id":"https:\/\/haberkuzey.com\/#\/schema\/person\/3372109ec735f9333f4fa47ebb9605ca","name":"haberkuzey","image":{"@type":"ImageObject","inLanguage":"tr","@id":"https:\/\/secure.gravatar.com\/avatar\/f5fc875574b1575324358c3b9e6a32b8227aa5b74f3fa22e3cadb63e26fcc39c?s=96&d=mm&r=g","url":"https:\/\/secure.gravatar.com\/avatar\/f5fc875574b1575324358c3b9e6a32b8227aa5b74f3fa22e3cadb63e26fcc39c?s=96&d=mm&r=g","contentUrl":"https:\/\/secure.gravatar.com\/avatar\/f5fc875574b1575324358c3b9e6a32b8227aa5b74f3fa22e3cadb63e26fcc39c?s=96&d=mm&r=g","caption":"haberkuzey"},"sameAs":["https:\/\/haberkuzey.com"],"url":"https:\/\/haberkuzey.com\/index.php\/author\/haberkuzey\/"}]}},"_links":{"self":[{"href":"https:\/\/haberkuzey.com\/index.php\/wp-json\/wp\/v2\/posts\/17706","targetHints":{"allow":["GET"]}}],"collection":[{"href":"https:\/\/haberkuzey.com\/index.php\/wp-json\/wp\/v2\/posts"}],"about":[{"href":"https:\/\/haberkuzey.com\/index.php\/wp-json\/wp\/v2\/types\/post"}],"author":[{"embeddable":true,"href":"https:\/\/haberkuzey.com\/index.php\/wp-json\/wp\/v2\/users\/1"}],"replies":[{"embeddable":true,"href":"https:\/\/haberkuzey.com\/index.php\/wp-json\/wp\/v2\/comments?post=17706"}],"version-history":[{"count":0,"href":"https:\/\/haberkuzey.com\/index.php\/wp-json\/wp\/v2\/posts\/17706\/revisions"}],"wp:featuredmedia":[{"embeddable":true,"href":"https:\/\/haberkuzey.com\/index.php\/wp-json\/wp\/v2\/media\/17707"}],"wp:attachment":[{"href":"https:\/\/haberkuzey.com\/index.php\/wp-json\/wp\/v2\/media?parent=17706"}],"wp:term":[{"taxonomy":"category","embeddable":true,"href":"https:\/\/haberkuzey.com\/index.php\/wp-json\/wp\/v2\/categories?post=17706"},{"taxonomy":"post_tag","embeddable":true,"href":"https:\/\/haberkuzey.com\/index.php\/wp-json\/wp\/v2\/tags?post=17706"}],"curies":[{"name":"wp","href":"https:\/\/api.w.org\/{rel}","templated":true}]}}