{"id":17698,"date":"2025-02-05T15:58:20","date_gmt":"2025-02-05T13:58:20","guid":{"rendered":"https:\/\/haberkuzey.com\/index.php\/2025\/02\/05\/erdogan-ahmed-sara-ile-gelecegimize-yon-verecek-muhim-kararlar-aldik\/"},"modified":"2025-02-05T15:58:20","modified_gmt":"2025-02-05T13:58:20","slug":"erdogan-ahmed-sara-ile-gelecegimize-yon-verecek-muhim-kararlar-aldik","status":"publish","type":"post","link":"https:\/\/haberkuzey.com\/index.php\/2025\/02\/05\/erdogan-ahmed-sara-ile-gelecegimize-yon-verecek-muhim-kararlar-aldik\/","title":{"rendered":"Erdo\u011fan: Ahmed \u015eara ile gelece\u011fimize y\u00f6n verecek m\u00fchim kararlar ald\u0131k"},"content":{"rendered":"<div>\n<div class=\"mariselle-image-container center\">\n                                            <\/div>\n<p>Suriye Arap Cumhuriyeti Cumhurba\u015fkan\u0131 Say\u0131n Ahmed \u015eara ve heyeti, tarihi bir kav\u015fakta \u00fclkemize \u00e7ok kritik bir ziyarette bulundu. \u0130ki kom\u015fu \u00fclke olarak gelece\u011fimize y\u00f6n verecek m\u00fchim kararlar ald\u0131k.\u201d dedi.<\/p>\n<p>TC Cumhurba\u015fkan\u0131 ve AK Parti Genel Ba\u015fkan\u0131 Recep Tayyip Erdo\u011fan, Ankara Spor Salonu\u2019nda AK Parti Genel Merkez Kad\u0131n Kollar\u0131 7. Ola\u011fan Kongresi\u2019ne kat\u0131ld\u0131.<\/p>\n<p>Erdo\u011fan, burada yapt\u0131\u011f\u0131 konu\u015fmada, T\u00fcrkiye\u2019nin, d\u0131\u015f politikada usta bir satran\u00e7 oyuncusu gibi yapt\u0131\u011f\u0131 stratejik hamlelerle b\u00f6lgede ve d\u00fcnyada anahtar konuma gelmeye ba\u015flad\u0131\u011f\u0131n\u0131 s\u00f6yledi.<\/p>\n<p>Tarihten, k\u00fclt\u00fcrden, kad\u0131m devlet gelene\u011finden tevar\u00fcs ettikleri zengin birikimle T\u00fcrkiye\u2019yi \u00f6zlemini duydu\u011fu g\u00fc\u00e7 ve a\u011f\u0131rl\u0131\u011fa kavu\u015fturduklar\u0131n\u0131n alt\u0131n\u0131 \u00e7izen Erdo\u011fan, \u00a0\u201c\u0130\u015fte d\u00fcn \u00f6nemli bir misafirimizi Ankara\u2019m\u0131zda a\u011f\u0131rlad\u0131k. Suriye Arap Cumhuriyeti Cumhurba\u015fkan\u0131 Say\u0131n Ahmed \u015eara ve heyeti, tarihi bir kav\u015fakta \u00fclkemize \u00e7ok kritik bir ziyarette bulundu. G\u00fcvenlikten yeniden in\u015faya faaliyetlere, ticaretten ula\u015ft\u0131rmaya, ekonomiden be\u015feri ili\u015fkilere, bir\u00e7ok konuyu kendisiyle de\u011ferlendirdik. \u0130ki kom\u015fu \u00fclke olarak gelece\u011fimize y\u00f6n verecek m\u00fchim kararlar ald\u0131k.\u201d dedi.<\/p>\n<\/p><\/div>\n<p><script async\n                    defer\n                    crossorigin=\"anonymous\"\n                    src=\"https:\/\/connect.facebook.net\/tr_TR\/sdk.js#xfbml=1&#038;version=v3.3\"\n            ><\/script><\/p>\n","protected":false},"excerpt":{"rendered":"<p>Suriye Arap Cumhuriyeti Cumhurba\u015fkan\u0131 Say\u0131n Ahmed \u015eara ve heyeti, tarihi bir kav\u015fakta \u00fclkemize \u00e7ok kritik bir ziyarette bulundu. \u0130ki kom\u015fu \u00fclke olarak gelece\u011fimize y\u00f6n verecek m\u00fchim kararlar ald\u0131k.\u201d dedi. TC Cumhurba\u015fkan\u0131 ve AK Parti Genel Ba\u015fkan\u0131 Recep Tayyip Erdo\u011fan, Ankara Spor Salonu\u2019nda AK Parti Genel Merkez Kad\u0131n Kollar\u0131 7. Ola\u011fan Kongresi\u2019ne kat\u0131ld\u0131. Erdo\u011fan, burada yapt\u0131\u011f\u0131 [&hellip;]<\/p>\n","protected":false},"author":1,"featured_media":17699,"comment_status":"open","ping_status":"open","sticky":false,"template":"","format":"standard","meta":{"jnews-multi-image_gallery":[],"jnews_single_post":[],"jnews_primary_category":[],"footnotes":""},"categories":[2],"tags":[],"class_list":["post-17698","post","type-post","status-publish","format-standard","has-post-thumbnail","hentry","category-dunya"],"yoast_head":"<!-- This site is optimized with the Yoast SEO plugin v27.5 - https:\/\/yoast.com\/product\/yoast-seo-wordpress\/ -->\n<title>Erdo\u011fan: Ahmed \u015eara ile gelece\u011fimize y\u00f6n verecek m\u00fchim kararlar ald\u0131k - Haber Kuzey<\/title>\n<meta name=\"robots\" content=\"index, follow, max-snippet:-1, max-image-preview:large, max-video-preview:-1\" \/>\n<link rel=\"canonical\" href=\"https:\/\/haberkuzey.com\/index.php\/2025\/02\/05\/erdogan-ahmed-sara-ile-gelecegimize-yon-verecek-muhim-kararlar-aldik\/\" \/>\n<meta property=\"og:locale\" content=\"tr_TR\" \/>\n<meta property=\"og:type\" content=\"article\" \/>\n<meta property=\"og:title\" content=\"Erdo\u011fan: Ahmed \u015eara ile gelece\u011fimize y\u00f6n verecek m\u00fchim kararlar ald\u0131k - Haber Kuzey\" \/>\n<meta property=\"og:description\" content=\"Suriye Arap Cumhuriyeti Cumhurba\u015fkan\u0131 Say\u0131n Ahmed \u015eara ve heyeti, tarihi bir kav\u015fakta \u00fclkemize \u00e7ok kritik bir ziyarette bulundu. \u0130ki kom\u015fu \u00fclke olarak gelece\u011fimize y\u00f6n verecek m\u00fchim kararlar ald\u0131k.\u201d dedi. TC Cumhurba\u015fkan\u0131 ve AK Parti Genel Ba\u015fkan\u0131 Recep Tayyip Erdo\u011fan, Ankara Spor Salonu\u2019nda AK Parti Genel Merkez Kad\u0131n Kollar\u0131 7. Ola\u011fan Kongresi\u2019ne kat\u0131ld\u0131. Erdo\u011fan, burada yapt\u0131\u011f\u0131 [&hellip;]\" \/>\n<meta property=\"og:url\" content=\"https:\/\/haberkuzey.com\/index.php\/2025\/02\/05\/erdogan-ahmed-sara-ile-gelecegimize-yon-verecek-muhim-kararlar-aldik\/\" \/>\n<meta property=\"og:site_name\" content=\"Haber Kuzey\" \/>\n<meta property=\"article:published_time\" content=\"2025-02-05T13:58:20+00:00\" \/>\n<meta property=\"og:image\" content=\"https:\/\/brtk.net\/wp-content\/uploads\/2025\/02\/05\/Screenshot_20250205_160718_TRT-Haber.jpg?ver=62040f7dea6fe5faffa4de873f05287c\" \/>\n<meta name=\"author\" content=\"haberkuzey\" \/>\n<meta name=\"twitter:card\" content=\"summary_large_image\" \/>\n<meta name=\"twitter:label1\" content=\"Yazan:\" \/>\n\t<meta name=\"twitter:data1\" content=\"haberkuzey\" \/>\n\t<meta name=\"twitter:label2\" content=\"Tahmini okuma s\u00fcresi\" \/>\n\t<meta name=\"twitter:data2\" content=\"1 dakika\" \/>\n<script type=\"application\/ld+json\" class=\"yoast-schema-graph\">{\"@context\":\"https:\\\/\\\/schema.org\",\"@graph\":[{\"@type\":\"Article\",\"@id\":\"https:\\\/\\\/haberkuzey.com\\\/index.php\\\/2025\\\/02\\\/05\\\/erdogan-ahmed-sara-ile-gelecegimize-yon-verecek-muhim-kararlar-aldik\\\/#article\",\"isPartOf\":{\"@id\":\"https:\\\/\\\/haberkuzey.com\\\/index.php\\\/2025\\\/02\\\/05\\\/erdogan-ahmed-sara-ile-gelecegimize-yon-verecek-muhim-kararlar-aldik\\\/\"},\"author\":{\"name\":\"haberkuzey\",\"@id\":\"https:\\\/\\\/haberkuzey.com\\\/#\\\/schema\\\/person\\\/3372109ec735f9333f4fa47ebb9605ca\"},\"headline\":\"Erdo\u011fan: Ahmed \u015eara ile gelece\u011fimize y\u00f6n verecek m\u00fchim kararlar ald\u0131k\",\"datePublished\":\"2025-02-05T13:58:20+00:00\",\"mainEntityOfPage\":{\"@id\":\"https:\\\/\\\/haberkuzey.com\\\/index.php\\\/2025\\\/02\\\/05\\\/erdogan-ahmed-sara-ile-gelecegimize-yon-verecek-muhim-kararlar-aldik\\\/\"},\"wordCount\":218,\"commentCount\":0,\"image\":{\"@id\":\"https:\\\/\\\/haberkuzey.com\\\/index.php\\\/2025\\\/02\\\/05\\\/erdogan-ahmed-sara-ile-gelecegimize-yon-verecek-muhim-kararlar-aldik\\\/#primaryimage\"},\"thumbnailUrl\":\"https:\\\/\\\/haberkuzey.com\\\/wp-content\\\/uploads\\\/2025\\\/02\\\/Screenshot_20250205_160718_TRT-Haber-1.jpg\",\"articleSection\":[\"D\u00fcnya\"],\"inLanguage\":\"tr\",\"potentialAction\":[{\"@type\":\"CommentAction\",\"name\":\"Comment\",\"target\":[\"https:\\\/\\\/haberkuzey.com\\\/index.php\\\/2025\\\/02\\\/05\\\/erdogan-ahmed-sara-ile-gelecegimize-yon-verecek-muhim-kararlar-aldik\\\/#respond\"]}]},{\"@type\":\"WebPage\",\"@id\":\"https:\\\/\\\/haberkuzey.com\\\/index.php\\\/2025\\\/02\\\/05\\\/erdogan-ahmed-sara-ile-gelecegimize-yon-verecek-muhim-kararlar-aldik\\\/\",\"url\":\"https:\\\/\\\/haberkuzey.com\\\/index.php\\\/2025\\\/02\\\/05\\\/erdogan-ahmed-sara-ile-gelecegimize-yon-verecek-muhim-kararlar-aldik\\\/\",\"name\":\"Erdo\u011fan: Ahmed \u015eara ile gelece\u011fimize y\u00f6n verecek m\u00fchim kararlar ald\u0131k - Haber Kuzey\",\"isPartOf\":{\"@id\":\"https:\\\/\\\/haberkuzey.com\\\/#website\"},\"primaryImageOfPage\":{\"@id\":\"https:\\\/\\\/haberkuzey.com\\\/index.php\\\/2025\\\/02\\\/05\\\/erdogan-ahmed-sara-ile-gelecegimize-yon-verecek-muhim-kararlar-aldik\\\/#primaryimage\"},\"image\":{\"@id\":\"https:\\\/\\\/haberkuzey.com\\\/index.php\\\/2025\\\/02\\\/05\\\/erdogan-ahmed-sara-ile-gelecegimize-yon-verecek-muhim-kararlar-aldik\\\/#primaryimage\"},\"thumbnailUrl\":\"https:\\\/\\\/haberkuzey.com\\\/wp-content\\\/uploads\\\/2025\\\/02\\\/Screenshot_20250205_160718_TRT-Haber-1.jpg\",\"datePublished\":\"2025-02-05T13:58:20+00:00\",\"author\":{\"@id\":\"https:\\\/\\\/haberkuzey.com\\\/#\\\/schema\\\/person\\\/3372109ec735f9333f4fa47ebb9605ca\"},\"breadcrumb\":{\"@id\":\"https:\\\/\\\/haberkuzey.com\\\/index.php\\\/2025\\\/02\\\/05\\\/erdogan-ahmed-sara-ile-gelecegimize-yon-verecek-muhim-kararlar-aldik\\\/#breadcrumb\"},\"inLanguage\":\"tr\",\"potentialAction\":[{\"@type\":\"ReadAction\",\"target\":[\"https:\\\/\\\/haberkuzey.com\\\/index.php\\\/2025\\\/02\\\/05\\\/erdogan-ahmed-sara-ile-gelecegimize-yon-verecek-muhim-kararlar-aldik\\\/\"]}]},{\"@type\":\"ImageObject\",\"inLanguage\":\"tr\",\"@id\":\"https:\\\/\\\/haberkuzey.com\\\/index.php\\\/2025\\\/02\\\/05\\\/erdogan-ahmed-sara-ile-gelecegimize-yon-verecek-muhim-kararlar-aldik\\\/#primaryimage\",\"url\":\"https:\\\/\\\/haberkuzey.com\\\/wp-content\\\/uploads\\\/2025\\\/02\\\/Screenshot_20250205_160718_TRT-Haber-1.jpg\",\"contentUrl\":\"https:\\\/\\\/haberkuzey.com\\\/wp-content\\\/uploads\\\/2025\\\/02\\\/Screenshot_20250205_160718_TRT-Haber-1.jpg\",\"width\":944,\"height\":526},{\"@type\":\"BreadcrumbList\",\"@id\":\"https:\\\/\\\/haberkuzey.com\\\/index.php\\\/2025\\\/02\\\/05\\\/erdogan-ahmed-sara-ile-gelecegimize-yon-verecek-muhim-kararlar-aldik\\\/#breadcrumb\",\"itemListElement\":[{\"@type\":\"ListItem\",\"position\":1,\"name\":\"Anasayfa\",\"item\":\"https:\\\/\\\/haberkuzey.com\\\/\"},{\"@type\":\"ListItem\",\"position\":2,\"name\":\"Erdo\u011fan: Ahmed \u015eara ile gelece\u011fimize y\u00f6n verecek m\u00fchim kararlar ald\u0131k\"}]},{\"@type\":\"WebSite\",\"@id\":\"https:\\\/\\\/haberkuzey.com\\\/#website\",\"url\":\"https:\\\/\\\/haberkuzey.com\\\/\",\"name\":\"Haber Kuzey\",\"description\":\"Do\u011fru Haberin Adresi\",\"potentialAction\":[{\"@type\":\"SearchAction\",\"target\":{\"@type\":\"EntryPoint\",\"urlTemplate\":\"https:\\\/\\\/haberkuzey.com\\\/?s={search_term_string}\"},\"query-input\":{\"@type\":\"PropertyValueSpecification\",\"valueRequired\":true,\"valueName\":\"search_term_string\"}}],\"inLanguage\":\"tr\"},{\"@type\":\"Person\",\"@id\":\"https:\\\/\\\/haberkuzey.com\\\/#\\\/schema\\\/person\\\/3372109ec735f9333f4fa47ebb9605ca\",\"name\":\"haberkuzey\",\"image\":{\"@type\":\"ImageObject\",\"inLanguage\":\"tr\",\"@id\":\"https:\\\/\\\/secure.gravatar.com\\\/avatar\\\/f5fc875574b1575324358c3b9e6a32b8227aa5b74f3fa22e3cadb63e26fcc39c?s=96&d=mm&r=g\",\"url\":\"https:\\\/\\\/secure.gravatar.com\\\/avatar\\\/f5fc875574b1575324358c3b9e6a32b8227aa5b74f3fa22e3cadb63e26fcc39c?s=96&d=mm&r=g\",\"contentUrl\":\"https:\\\/\\\/secure.gravatar.com\\\/avatar\\\/f5fc875574b1575324358c3b9e6a32b8227aa5b74f3fa22e3cadb63e26fcc39c?s=96&d=mm&r=g\",\"caption\":\"haberkuzey\"},\"sameAs\":[\"https:\\\/\\\/haberkuzey.com\"],\"url\":\"https:\\\/\\\/haberkuzey.com\\\/index.php\\\/author\\\/haberkuzey\\\/\"}]}<\/script>\n<!-- \/ Yoast SEO plugin. -->","yoast_head_json":{"title":"Erdo\u011fan: Ahmed \u015eara ile gelece\u011fimize y\u00f6n verecek m\u00fchim kararlar ald\u0131k - Haber Kuzey","robots":{"index":"index","follow":"follow","max-snippet":"max-snippet:-1","max-image-preview":"max-image-preview:large","max-video-preview":"max-video-preview:-1"},"canonical":"https:\/\/haberkuzey.com\/index.php\/2025\/02\/05\/erdogan-ahmed-sara-ile-gelecegimize-yon-verecek-muhim-kararlar-aldik\/","og_locale":"tr_TR","og_type":"article","og_title":"Erdo\u011fan: Ahmed \u015eara ile gelece\u011fimize y\u00f6n verecek m\u00fchim kararlar ald\u0131k - Haber Kuzey","og_description":"Suriye Arap Cumhuriyeti Cumhurba\u015fkan\u0131 Say\u0131n Ahmed \u015eara ve heyeti, tarihi bir kav\u015fakta \u00fclkemize \u00e7ok kritik bir ziyarette bulundu. \u0130ki kom\u015fu \u00fclke olarak gelece\u011fimize y\u00f6n verecek m\u00fchim kararlar ald\u0131k.\u201d dedi. TC Cumhurba\u015fkan\u0131 ve AK Parti Genel Ba\u015fkan\u0131 Recep Tayyip Erdo\u011fan, Ankara Spor Salonu\u2019nda AK Parti Genel Merkez Kad\u0131n Kollar\u0131 7. Ola\u011fan Kongresi\u2019ne kat\u0131ld\u0131. Erdo\u011fan, burada yapt\u0131\u011f\u0131 [&hellip;]","og_url":"https:\/\/haberkuzey.com\/index.php\/2025\/02\/05\/erdogan-ahmed-sara-ile-gelecegimize-yon-verecek-muhim-kararlar-aldik\/","og_site_name":"Haber Kuzey","article_published_time":"2025-02-05T13:58:20+00:00","og_image":[{"url":"https:\/\/brtk.net\/wp-content\/uploads\/2025\/02\/05\/Screenshot_20250205_160718_TRT-Haber.jpg?ver=62040f7dea6fe5faffa4de873f05287c","type":"","width":"","height":""}],"author":"haberkuzey","twitter_card":"summary_large_image","twitter_misc":{"Yazan:":"haberkuzey","Tahmini okuma s\u00fcresi":"1 dakika"},"schema":{"@context":"https:\/\/schema.org","@graph":[{"@type":"Article","@id":"https:\/\/haberkuzey.com\/index.php\/2025\/02\/05\/erdogan-ahmed-sara-ile-gelecegimize-yon-verecek-muhim-kararlar-aldik\/#article","isPartOf":{"@id":"https:\/\/haberkuzey.com\/index.php\/2025\/02\/05\/erdogan-ahmed-sara-ile-gelecegimize-yon-verecek-muhim-kararlar-aldik\/"},"author":{"name":"haberkuzey","@id":"https:\/\/haberkuzey.com\/#\/schema\/person\/3372109ec735f9333f4fa47ebb9605ca"},"headline":"Erdo\u011fan: Ahmed \u015eara ile gelece\u011fimize y\u00f6n verecek m\u00fchim kararlar ald\u0131k","datePublished":"2025-02-05T13:58:20+00:00","mainEntityOfPage":{"@id":"https:\/\/haberkuzey.com\/index.php\/2025\/02\/05\/erdogan-ahmed-sara-ile-gelecegimize-yon-verecek-muhim-kararlar-aldik\/"},"wordCount":218,"commentCount":0,"image":{"@id":"https:\/\/haberkuzey.com\/index.php\/2025\/02\/05\/erdogan-ahmed-sara-ile-gelecegimize-yon-verecek-muhim-kararlar-aldik\/#primaryimage"},"thumbnailUrl":"https:\/\/haberkuzey.com\/wp-content\/uploads\/2025\/02\/Screenshot_20250205_160718_TRT-Haber-1.jpg","articleSection":["D\u00fcnya"],"inLanguage":"tr","potentialAction":[{"@type":"CommentAction","name":"Comment","target":["https:\/\/haberkuzey.com\/index.php\/2025\/02\/05\/erdogan-ahmed-sara-ile-gelecegimize-yon-verecek-muhim-kararlar-aldik\/#respond"]}]},{"@type":"WebPage","@id":"https:\/\/haberkuzey.com\/index.php\/2025\/02\/05\/erdogan-ahmed-sara-ile-gelecegimize-yon-verecek-muhim-kararlar-aldik\/","url":"https:\/\/haberkuzey.com\/index.php\/2025\/02\/05\/erdogan-ahmed-sara-ile-gelecegimize-yon-verecek-muhim-kararlar-aldik\/","name":"Erdo\u011fan: Ahmed \u015eara ile gelece\u011fimize y\u00f6n verecek m\u00fchim kararlar ald\u0131k - Haber Kuzey","isPartOf":{"@id":"https:\/\/haberkuzey.com\/#website"},"primaryImageOfPage":{"@id":"https:\/\/haberkuzey.com\/index.php\/2025\/02\/05\/erdogan-ahmed-sara-ile-gelecegimize-yon-verecek-muhim-kararlar-aldik\/#primaryimage"},"image":{"@id":"https:\/\/haberkuzey.com\/index.php\/2025\/02\/05\/erdogan-ahmed-sara-ile-gelecegimize-yon-verecek-muhim-kararlar-aldik\/#primaryimage"},"thumbnailUrl":"https:\/\/haberkuzey.com\/wp-content\/uploads\/2025\/02\/Screenshot_20250205_160718_TRT-Haber-1.jpg","datePublished":"2025-02-05T13:58:20+00:00","author":{"@id":"https:\/\/haberkuzey.com\/#\/schema\/person\/3372109ec735f9333f4fa47ebb9605ca"},"breadcrumb":{"@id":"https:\/\/haberkuzey.com\/index.php\/2025\/02\/05\/erdogan-ahmed-sara-ile-gelecegimize-yon-verecek-muhim-kararlar-aldik\/#breadcrumb"},"inLanguage":"tr","potentialAction":[{"@type":"ReadAction","target":["https:\/\/haberkuzey.com\/index.php\/2025\/02\/05\/erdogan-ahmed-sara-ile-gelecegimize-yon-verecek-muhim-kararlar-aldik\/"]}]},{"@type":"ImageObject","inLanguage":"tr","@id":"https:\/\/haberkuzey.com\/index.php\/2025\/02\/05\/erdogan-ahmed-sara-ile-gelecegimize-yon-verecek-muhim-kararlar-aldik\/#primaryimage","url":"https:\/\/haberkuzey.com\/wp-content\/uploads\/2025\/02\/Screenshot_20250205_160718_TRT-Haber-1.jpg","contentUrl":"https:\/\/haberkuzey.com\/wp-content\/uploads\/2025\/02\/Screenshot_20250205_160718_TRT-Haber-1.jpg","width":944,"height":526},{"@type":"BreadcrumbList","@id":"https:\/\/haberkuzey.com\/index.php\/2025\/02\/05\/erdogan-ahmed-sara-ile-gelecegimize-yon-verecek-muhim-kararlar-aldik\/#breadcrumb","itemListElement":[{"@type":"ListItem","position":1,"name":"Anasayfa","item":"https:\/\/haberkuzey.com\/"},{"@type":"ListItem","position":2,"name":"Erdo\u011fan: Ahmed \u015eara ile gelece\u011fimize y\u00f6n verecek m\u00fchim kararlar ald\u0131k"}]},{"@type":"WebSite","@id":"https:\/\/haberkuzey.com\/#website","url":"https:\/\/haberkuzey.com\/","name":"Haber Kuzey","description":"Do\u011fru Haberin Adresi","potentialAction":[{"@type":"SearchAction","target":{"@type":"EntryPoint","urlTemplate":"https:\/\/haberkuzey.com\/?s={search_term_string}"},"query-input":{"@type":"PropertyValueSpecification","valueRequired":true,"valueName":"search_term_string"}}],"inLanguage":"tr"},{"@type":"Person","@id":"https:\/\/haberkuzey.com\/#\/schema\/person\/3372109ec735f9333f4fa47ebb9605ca","name":"haberkuzey","image":{"@type":"ImageObject","inLanguage":"tr","@id":"https:\/\/secure.gravatar.com\/avatar\/f5fc875574b1575324358c3b9e6a32b8227aa5b74f3fa22e3cadb63e26fcc39c?s=96&d=mm&r=g","url":"https:\/\/secure.gravatar.com\/avatar\/f5fc875574b1575324358c3b9e6a32b8227aa5b74f3fa22e3cadb63e26fcc39c?s=96&d=mm&r=g","contentUrl":"https:\/\/secure.gravatar.com\/avatar\/f5fc875574b1575324358c3b9e6a32b8227aa5b74f3fa22e3cadb63e26fcc39c?s=96&d=mm&r=g","caption":"haberkuzey"},"sameAs":["https:\/\/haberkuzey.com"],"url":"https:\/\/haberkuzey.com\/index.php\/author\/haberkuzey\/"}]}},"_links":{"self":[{"href":"https:\/\/haberkuzey.com\/index.php\/wp-json\/wp\/v2\/posts\/17698","targetHints":{"allow":["GET"]}}],"collection":[{"href":"https:\/\/haberkuzey.com\/index.php\/wp-json\/wp\/v2\/posts"}],"about":[{"href":"https:\/\/haberkuzey.com\/index.php\/wp-json\/wp\/v2\/types\/post"}],"author":[{"embeddable":true,"href":"https:\/\/haberkuzey.com\/index.php\/wp-json\/wp\/v2\/users\/1"}],"replies":[{"embeddable":true,"href":"https:\/\/haberkuzey.com\/index.php\/wp-json\/wp\/v2\/comments?post=17698"}],"version-history":[{"count":0,"href":"https:\/\/haberkuzey.com\/index.php\/wp-json\/wp\/v2\/posts\/17698\/revisions"}],"wp:featuredmedia":[{"embeddable":true,"href":"https:\/\/haberkuzey.com\/index.php\/wp-json\/wp\/v2\/media\/17699"}],"wp:attachment":[{"href":"https:\/\/haberkuzey.com\/index.php\/wp-json\/wp\/v2\/media?parent=17698"}],"wp:term":[{"taxonomy":"category","embeddable":true,"href":"https:\/\/haberkuzey.com\/index.php\/wp-json\/wp\/v2\/categories?post=17698"},{"taxonomy":"post_tag","embeddable":true,"href":"https:\/\/haberkuzey.com\/index.php\/wp-json\/wp\/v2\/tags?post=17698"}],"curies":[{"name":"wp","href":"https:\/\/api.w.org\/{rel}","templated":true}]}}