{"id":17664,"date":"2025-02-04T20:50:42","date_gmt":"2025-02-04T18:50:42","guid":{"rendered":"https:\/\/haberkuzey.com\/index.php\/2025\/02\/04\/tatar-ankarada-avrasya-incelemeleri-merkezinde-yuvarlak-masa-toplantisina-katildi\/"},"modified":"2025-02-04T20:50:42","modified_gmt":"2025-02-04T18:50:42","slug":"tatar-ankarada-avrasya-incelemeleri-merkezinde-yuvarlak-masa-toplantisina-katildi","status":"publish","type":"post","link":"https:\/\/haberkuzey.com\/index.php\/2025\/02\/04\/tatar-ankarada-avrasya-incelemeleri-merkezinde-yuvarlak-masa-toplantisina-katildi\/","title":{"rendered":"Tatar Ankara\u2019da Avrasya \u0130ncelemeleri Merkezi\u2019nde yuvarlak masa toplant\u0131s\u0131na kat\u0131ld\u0131"},"content":{"rendered":"<div>\n<div class=\"mariselle-image-container center\">\n                                            <\/div>\n<p>Cumhurba\u015fkan\u0131 Ersin Tatar, bu sabah  Ankara\u2019da Avrasya \u0130ncelemeleri Merkezinde emekli B\u00fcy\u00fckel\u00e7iler ve \u00fcst d\u00fczey b\u00fcrokratlar\u0131n kat\u0131l\u0131m\u0131yla yuvarlak masa toplant\u0131s\u0131na kat\u0131ld\u0131.<\/p>\n<p>Cumhurba\u015fkanl\u0131\u011f\u0131\u2019ndan verilen bilgiye g\u00f6re toplant\u0131 \u00f6ncesi konu\u015fan Cumhurba\u015fkan\u0131 Tatar, federasyon temelinde bir \u00e7\u00f6z\u00fcm\u00fcn beyhude zaman harcama oldu\u011funa vurgu yaparak, Merhum Kurucu Cumhurba\u015fkan\u0131 Rauf Denkta\u015f\u2019\u0131n o g\u00fcn\u00fcn \u015fartlar\u0131nda federal \u00e7er\u00e7eveli bir anla\u015fma i\u00e7in b\u00fcy\u00fck gayret g\u00f6sterdi\u011fini, Annan Plan\u0131\u2019nda  neyin ne oldu\u011funun ortaya \u00e7\u0131kt\u0131\u011f\u0131n\u0131, Crans Montana\u2019da ise her \u015feyin kesinle\u015fti\u011fini s\u00f6yledi.<\/p>\n<p>Cenevre\u2019deki 5 art\u0131 1 toplant\u0131lar\u0131nda gayri resmi olsa da resmi olarak Birle\u015fmi\u015f Milletler ve di\u011fer payda\u015flara iki devletli siyasetin ne anlama geldi\u011fini, egemen e\u015fitli\u011fin ve uluslararas\u0131 stat\u00fcn\u00fcn teyit edilmeden m\u00fczakere s\u00fcrecine ge\u00e7ilemeyece\u011fini T\u00fcrkiye\u2019nin de tam deste\u011fiyle sunduklar\u0131n\u0131n  alt\u0131n\u0131 \u00e7izen Cumhurba\u015fkan\u0131 Tatar, bunun tarihi bir ad\u0131m oldu\u011funu s\u00f6yledi.<\/p>\n<p>Merhum Kurucu Cumhurba\u015fkan\u0131 Rauf Denkta\u015f\u2019\u0131n da \u00f6zlemi oldu\u011funu belirtti\u011fi  Mara\u015f A\u00e7\u0131l\u0131m\u0131\u2019n\u0131n  \u00f6nemine dikkat \u00e7eken Cumhurba\u015fkan\u0131 Ersin Tatar \u201d Nasip etti T\u00fcrkiye Cumhurba\u015fkan\u0131 Recep Tayyip Erdo\u011fan\u2019\u0131n tam deste\u011fiyle Mara\u015f A\u00e7\u0131l\u0131m\u0131nda,  Kuzey K\u0131br\u0131s T\u00fcrk Cumhuriyeti ger\u00e7e\u011fini, otoritesini, egemenli\u011fini, bir kez daha d\u00fcnyaya duyurduk. Kuzey K\u0131br\u0131s T\u00fcrk Cumhuriyeti  bunu ba\u015fard\u0131. O g\u00fcnden bug\u00fcne Mara\u015f\u2019\u0131 iki bu\u00e7uk milyondan fazla insan ziyaret etti. Mara\u015f a\u00e7\u0131l\u0131m\u0131 hem tarihi hem ekonomik bak\u0131mdan Kuzey K\u0131br\u0131s T\u00fcrk Cumhuriyeti\u2019ne \u00e7ok \u015fey kazand\u0131rd\u0131\u201d ifadelerini kulland\u0131.<\/p>\n<p>T\u00fcrk Devletleri Te\u015fkilat\u0131\u2019na T\u00fcrkiye Cumhurba\u015fkan\u0131 Recep Tayyip Erdo\u011fan\u2019\u0131n  b\u00fcy\u00fck deste\u011fiyle g\u00f6zlemci \u00fcye olmalar\u0131n\u0131n tarihi bir ad\u0131m oldu\u011funa dikkati \u00e7eken Cumhurba\u015fkan\u0131 Tatar, uluslararas\u0131 bask\u0131lara ra\u011fmen Azerbaycan Cumhurba\u015fkan\u0131 ilham Aliyev\u2019in de tam deste\u011fiyle pozisyonlar\u0131n\u0131 koruduklar\u0131n\u0131, Aliyev\u2019in KKTC\u2019nin tam \u00fcye olmas\u0131 \u015feklinde ifadesi oldu\u011funu hat\u0131rlatarak,  bu d\u00f6nemde bunun kendileri i\u00e7in b\u00fcy\u00fck bir kazan\u0131m oldu\u011funu ifade etti. <\/p>\n<p>T\u00fcrkiye Cumhurba\u015fkan\u0131 Erdo\u011fan\u2019\u0131n BM\u2019nin 77, 78 ve 79. Genel Kurullar\u0131nda \u201d KKTC\u2019nin art\u0131k tan\u0131nma zaman\u0131n\u0131n geldi\u011fini, K\u0131br\u0131s T\u00fcrk halk\u0131 \u00fczerinde uygulanan ac\u0131mas\u0131z ambargolar\u0131n kalkmas\u0131 gerekti\u011fini, e\u015fit uluslararas\u0131 stat\u00fcn\u00fcn teyit edilmeden resmi m\u00fczakere s\u00fcrecine ge\u00e7ilemeyece\u011fini hayk\u0131rmas\u0131n\u0131n\u201d kendileri i\u00e7in tarihi anlama sahip oldu\u011funa vurgu yapan Cumhurba\u015fkan\u0131  Tatar, \u201c Bu, bizim duyuramad\u0131\u011f\u0131m\u0131z sesimizi, Say\u0131n Cumhurba\u015fkan\u0131\u2019n\u0131n duyurdu\u011fu anlam\u0131n\u0131 ta\u015f\u0131maktad\u0131r\u201d ifadelerini kulland\u0131.<\/p>\n<p>\u201cTan\u0131nma yolunda \u00f6nemli ad\u0131mlar atmakta olduklar\u0131n\u0131n\u201d alt\u0131n\u0131 \u00e7izen Cumhurba\u015fkan\u0131 Tatar, Anavatan T\u00fcrkiye Cumhuriyeti B\u00fcy\u00fckel\u00e7ilerinin d\u00fcnyan\u0131n her yerinde T\u00fcrkiye Cumhuriyeti\u2019nin yeni siyasetini muhataplar\u0131na anlatt\u0131klar\u0131n\u0131 bizzat g\u00f6rd\u00fc\u011f\u00fcn\u00fc belirterek, \u201d Anavatan\u0131m\u0131z T\u00fcrkiye Cumhuriyeti\u2019nin tam deste\u011fiyle milli de\u011ferlerimizi b\u00fct\u00fcn d\u00fcnyaya bu k\u0131sa s\u00fcrede anlatm\u0131\u015f bir pozisyona gelmi\u015f vaziyetteyiz\u201d dedi.<\/p>\n<\/p><\/div>\n<p><script async\n                    defer\n                    crossorigin=\"anonymous\"\n                    src=\"https:\/\/connect.facebook.net\/tr_TR\/sdk.js#xfbml=1&#038;version=v3.3\"\n            ><\/script><\/p>\n","protected":false},"excerpt":{"rendered":"<p>Cumhurba\u015fkan\u0131 Ersin Tatar, bu sabah Ankara\u2019da Avrasya \u0130ncelemeleri Merkezinde emekli B\u00fcy\u00fckel\u00e7iler ve \u00fcst d\u00fczey b\u00fcrokratlar\u0131n kat\u0131l\u0131m\u0131yla yuvarlak masa toplant\u0131s\u0131na kat\u0131ld\u0131. Cumhurba\u015fkanl\u0131\u011f\u0131\u2019ndan verilen bilgiye g\u00f6re toplant\u0131 \u00f6ncesi konu\u015fan Cumhurba\u015fkan\u0131 Tatar, federasyon temelinde bir \u00e7\u00f6z\u00fcm\u00fcn beyhude zaman harcama oldu\u011funa vurgu yaparak, Merhum Kurucu Cumhurba\u015fkan\u0131 Rauf Denkta\u015f\u2019\u0131n o g\u00fcn\u00fcn \u015fartlar\u0131nda federal \u00e7er\u00e7eveli bir anla\u015fma i\u00e7in b\u00fcy\u00fck gayret g\u00f6sterdi\u011fini, [&hellip;]<\/p>\n","protected":false},"author":1,"featured_media":17665,"comment_status":"open","ping_status":"open","sticky":false,"template":"","format":"standard","meta":{"jnews-multi-image_gallery":[],"jnews_single_post":[],"jnews_primary_category":[],"footnotes":""},"categories":[2],"tags":[],"class_list":["post-17664","post","type-post","status-publish","format-standard","has-post-thumbnail","hentry","category-dunya"],"yoast_head":"<!-- This site is optimized with the Yoast SEO plugin v27.5 - https:\/\/yoast.com\/product\/yoast-seo-wordpress\/ -->\n<title>Tatar Ankara\u2019da Avrasya \u0130ncelemeleri Merkezi\u2019nde yuvarlak masa toplant\u0131s\u0131na kat\u0131ld\u0131 - Haber Kuzey<\/title>\n<meta name=\"robots\" content=\"index, follow, max-snippet:-1, max-image-preview:large, max-video-preview:-1\" \/>\n<link rel=\"canonical\" href=\"https:\/\/haberkuzey.com\/index.php\/2025\/02\/04\/tatar-ankarada-avrasya-incelemeleri-merkezinde-yuvarlak-masa-toplantisina-katildi\/\" \/>\n<meta property=\"og:locale\" content=\"tr_TR\" \/>\n<meta property=\"og:type\" content=\"article\" \/>\n<meta property=\"og:title\" content=\"Tatar Ankara\u2019da Avrasya \u0130ncelemeleri Merkezi\u2019nde yuvarlak masa toplant\u0131s\u0131na kat\u0131ld\u0131 - Haber Kuzey\" \/>\n<meta property=\"og:description\" content=\"Cumhurba\u015fkan\u0131 Ersin Tatar, bu sabah Ankara\u2019da Avrasya \u0130ncelemeleri Merkezinde emekli B\u00fcy\u00fckel\u00e7iler ve \u00fcst d\u00fczey b\u00fcrokratlar\u0131n kat\u0131l\u0131m\u0131yla yuvarlak masa toplant\u0131s\u0131na kat\u0131ld\u0131. Cumhurba\u015fkanl\u0131\u011f\u0131\u2019ndan verilen bilgiye g\u00f6re toplant\u0131 \u00f6ncesi konu\u015fan Cumhurba\u015fkan\u0131 Tatar, federasyon temelinde bir \u00e7\u00f6z\u00fcm\u00fcn beyhude zaman harcama oldu\u011funa vurgu yaparak, Merhum Kurucu Cumhurba\u015fkan\u0131 Rauf Denkta\u015f\u2019\u0131n o g\u00fcn\u00fcn \u015fartlar\u0131nda federal \u00e7er\u00e7eveli bir anla\u015fma i\u00e7in b\u00fcy\u00fck gayret g\u00f6sterdi\u011fini, [&hellip;]\" \/>\n<meta property=\"og:url\" content=\"https:\/\/haberkuzey.com\/index.php\/2025\/02\/04\/tatar-ankarada-avrasya-incelemeleri-merkezinde-yuvarlak-masa-toplantisina-katildi\/\" \/>\n<meta property=\"og:site_name\" content=\"Haber Kuzey\" \/>\n<meta property=\"article:published_time\" content=\"2025-02-04T18:50:42+00:00\" \/>\n<meta property=\"og:image\" content=\"https:\/\/brtk.net\/wp-content\/uploads\/2025\/02\/04\/17386939462557c42bd91-c598-4045-bcee-42fde86401b0.jpg?ver=923f815108a31f54df2f9971cc440029\" \/>\n<meta name=\"author\" content=\"haberkuzey\" \/>\n<meta name=\"twitter:card\" content=\"summary_large_image\" \/>\n<meta name=\"twitter:label1\" content=\"Yazan:\" \/>\n\t<meta name=\"twitter:data1\" content=\"haberkuzey\" \/>\n\t<meta name=\"twitter:label2\" content=\"Tahmini okuma s\u00fcresi\" \/>\n\t<meta name=\"twitter:data2\" content=\"3 dakika\" \/>\n<script type=\"application\/ld+json\" class=\"yoast-schema-graph\">{\"@context\":\"https:\\\/\\\/schema.org\",\"@graph\":[{\"@type\":\"Article\",\"@id\":\"https:\\\/\\\/haberkuzey.com\\\/index.php\\\/2025\\\/02\\\/04\\\/tatar-ankarada-avrasya-incelemeleri-merkezinde-yuvarlak-masa-toplantisina-katildi\\\/#article\",\"isPartOf\":{\"@id\":\"https:\\\/\\\/haberkuzey.com\\\/index.php\\\/2025\\\/02\\\/04\\\/tatar-ankarada-avrasya-incelemeleri-merkezinde-yuvarlak-masa-toplantisina-katildi\\\/\"},\"author\":{\"name\":\"haberkuzey\",\"@id\":\"https:\\\/\\\/haberkuzey.com\\\/#\\\/schema\\\/person\\\/3372109ec735f9333f4fa47ebb9605ca\"},\"headline\":\"Tatar Ankara\u2019da Avrasya \u0130ncelemeleri Merkezi\u2019nde yuvarlak masa toplant\u0131s\u0131na kat\u0131ld\u0131\",\"datePublished\":\"2025-02-04T18:50:42+00:00\",\"mainEntityOfPage\":{\"@id\":\"https:\\\/\\\/haberkuzey.com\\\/index.php\\\/2025\\\/02\\\/04\\\/tatar-ankarada-avrasya-incelemeleri-merkezinde-yuvarlak-masa-toplantisina-katildi\\\/\"},\"wordCount\":560,\"commentCount\":0,\"image\":{\"@id\":\"https:\\\/\\\/haberkuzey.com\\\/index.php\\\/2025\\\/02\\\/04\\\/tatar-ankarada-avrasya-incelemeleri-merkezinde-yuvarlak-masa-toplantisina-katildi\\\/#primaryimage\"},\"thumbnailUrl\":\"https:\\\/\\\/haberkuzey.com\\\/wp-content\\\/uploads\\\/2025\\\/02\\\/17386939462557c42bd91-c598-4045-bcee-42fde86401b0.jpg\",\"articleSection\":[\"D\u00fcnya\"],\"inLanguage\":\"tr\",\"potentialAction\":[{\"@type\":\"CommentAction\",\"name\":\"Comment\",\"target\":[\"https:\\\/\\\/haberkuzey.com\\\/index.php\\\/2025\\\/02\\\/04\\\/tatar-ankarada-avrasya-incelemeleri-merkezinde-yuvarlak-masa-toplantisina-katildi\\\/#respond\"]}]},{\"@type\":\"WebPage\",\"@id\":\"https:\\\/\\\/haberkuzey.com\\\/index.php\\\/2025\\\/02\\\/04\\\/tatar-ankarada-avrasya-incelemeleri-merkezinde-yuvarlak-masa-toplantisina-katildi\\\/\",\"url\":\"https:\\\/\\\/haberkuzey.com\\\/index.php\\\/2025\\\/02\\\/04\\\/tatar-ankarada-avrasya-incelemeleri-merkezinde-yuvarlak-masa-toplantisina-katildi\\\/\",\"name\":\"Tatar Ankara\u2019da Avrasya \u0130ncelemeleri Merkezi\u2019nde yuvarlak masa toplant\u0131s\u0131na kat\u0131ld\u0131 - Haber Kuzey\",\"isPartOf\":{\"@id\":\"https:\\\/\\\/haberkuzey.com\\\/#website\"},\"primaryImageOfPage\":{\"@id\":\"https:\\\/\\\/haberkuzey.com\\\/index.php\\\/2025\\\/02\\\/04\\\/tatar-ankarada-avrasya-incelemeleri-merkezinde-yuvarlak-masa-toplantisina-katildi\\\/#primaryimage\"},\"image\":{\"@id\":\"https:\\\/\\\/haberkuzey.com\\\/index.php\\\/2025\\\/02\\\/04\\\/tatar-ankarada-avrasya-incelemeleri-merkezinde-yuvarlak-masa-toplantisina-katildi\\\/#primaryimage\"},\"thumbnailUrl\":\"https:\\\/\\\/haberkuzey.com\\\/wp-content\\\/uploads\\\/2025\\\/02\\\/17386939462557c42bd91-c598-4045-bcee-42fde86401b0.jpg\",\"datePublished\":\"2025-02-04T18:50:42+00:00\",\"author\":{\"@id\":\"https:\\\/\\\/haberkuzey.com\\\/#\\\/schema\\\/person\\\/3372109ec735f9333f4fa47ebb9605ca\"},\"breadcrumb\":{\"@id\":\"https:\\\/\\\/haberkuzey.com\\\/index.php\\\/2025\\\/02\\\/04\\\/tatar-ankarada-avrasya-incelemeleri-merkezinde-yuvarlak-masa-toplantisina-katildi\\\/#breadcrumb\"},\"inLanguage\":\"tr\",\"potentialAction\":[{\"@type\":\"ReadAction\",\"target\":[\"https:\\\/\\\/haberkuzey.com\\\/index.php\\\/2025\\\/02\\\/04\\\/tatar-ankarada-avrasya-incelemeleri-merkezinde-yuvarlak-masa-toplantisina-katildi\\\/\"]}]},{\"@type\":\"ImageObject\",\"inLanguage\":\"tr\",\"@id\":\"https:\\\/\\\/haberkuzey.com\\\/index.php\\\/2025\\\/02\\\/04\\\/tatar-ankarada-avrasya-incelemeleri-merkezinde-yuvarlak-masa-toplantisina-katildi\\\/#primaryimage\",\"url\":\"https:\\\/\\\/haberkuzey.com\\\/wp-content\\\/uploads\\\/2025\\\/02\\\/17386939462557c42bd91-c598-4045-bcee-42fde86401b0.jpg\",\"contentUrl\":\"https:\\\/\\\/haberkuzey.com\\\/wp-content\\\/uploads\\\/2025\\\/02\\\/17386939462557c42bd91-c598-4045-bcee-42fde86401b0.jpg\",\"width\":1600,\"height\":1201},{\"@type\":\"BreadcrumbList\",\"@id\":\"https:\\\/\\\/haberkuzey.com\\\/index.php\\\/2025\\\/02\\\/04\\\/tatar-ankarada-avrasya-incelemeleri-merkezinde-yuvarlak-masa-toplantisina-katildi\\\/#breadcrumb\",\"itemListElement\":[{\"@type\":\"ListItem\",\"position\":1,\"name\":\"Anasayfa\",\"item\":\"https:\\\/\\\/haberkuzey.com\\\/\"},{\"@type\":\"ListItem\",\"position\":2,\"name\":\"Tatar Ankara\u2019da Avrasya \u0130ncelemeleri Merkezi\u2019nde yuvarlak masa toplant\u0131s\u0131na kat\u0131ld\u0131\"}]},{\"@type\":\"WebSite\",\"@id\":\"https:\\\/\\\/haberkuzey.com\\\/#website\",\"url\":\"https:\\\/\\\/haberkuzey.com\\\/\",\"name\":\"Haber Kuzey\",\"description\":\"Do\u011fru Haberin Adresi\",\"potentialAction\":[{\"@type\":\"SearchAction\",\"target\":{\"@type\":\"EntryPoint\",\"urlTemplate\":\"https:\\\/\\\/haberkuzey.com\\\/?s={search_term_string}\"},\"query-input\":{\"@type\":\"PropertyValueSpecification\",\"valueRequired\":true,\"valueName\":\"search_term_string\"}}],\"inLanguage\":\"tr\"},{\"@type\":\"Person\",\"@id\":\"https:\\\/\\\/haberkuzey.com\\\/#\\\/schema\\\/person\\\/3372109ec735f9333f4fa47ebb9605ca\",\"name\":\"haberkuzey\",\"image\":{\"@type\":\"ImageObject\",\"inLanguage\":\"tr\",\"@id\":\"https:\\\/\\\/secure.gravatar.com\\\/avatar\\\/f5fc875574b1575324358c3b9e6a32b8227aa5b74f3fa22e3cadb63e26fcc39c?s=96&d=mm&r=g\",\"url\":\"https:\\\/\\\/secure.gravatar.com\\\/avatar\\\/f5fc875574b1575324358c3b9e6a32b8227aa5b74f3fa22e3cadb63e26fcc39c?s=96&d=mm&r=g\",\"contentUrl\":\"https:\\\/\\\/secure.gravatar.com\\\/avatar\\\/f5fc875574b1575324358c3b9e6a32b8227aa5b74f3fa22e3cadb63e26fcc39c?s=96&d=mm&r=g\",\"caption\":\"haberkuzey\"},\"sameAs\":[\"https:\\\/\\\/haberkuzey.com\"],\"url\":\"https:\\\/\\\/haberkuzey.com\\\/index.php\\\/author\\\/haberkuzey\\\/\"}]}<\/script>\n<!-- \/ Yoast SEO plugin. -->","yoast_head_json":{"title":"Tatar Ankara\u2019da Avrasya \u0130ncelemeleri Merkezi\u2019nde yuvarlak masa toplant\u0131s\u0131na kat\u0131ld\u0131 - Haber Kuzey","robots":{"index":"index","follow":"follow","max-snippet":"max-snippet:-1","max-image-preview":"max-image-preview:large","max-video-preview":"max-video-preview:-1"},"canonical":"https:\/\/haberkuzey.com\/index.php\/2025\/02\/04\/tatar-ankarada-avrasya-incelemeleri-merkezinde-yuvarlak-masa-toplantisina-katildi\/","og_locale":"tr_TR","og_type":"article","og_title":"Tatar Ankara\u2019da Avrasya \u0130ncelemeleri Merkezi\u2019nde yuvarlak masa toplant\u0131s\u0131na kat\u0131ld\u0131 - Haber Kuzey","og_description":"Cumhurba\u015fkan\u0131 Ersin Tatar, bu sabah Ankara\u2019da Avrasya \u0130ncelemeleri Merkezinde emekli B\u00fcy\u00fckel\u00e7iler ve \u00fcst d\u00fczey b\u00fcrokratlar\u0131n kat\u0131l\u0131m\u0131yla yuvarlak masa toplant\u0131s\u0131na kat\u0131ld\u0131. Cumhurba\u015fkanl\u0131\u011f\u0131\u2019ndan verilen bilgiye g\u00f6re toplant\u0131 \u00f6ncesi konu\u015fan Cumhurba\u015fkan\u0131 Tatar, federasyon temelinde bir \u00e7\u00f6z\u00fcm\u00fcn beyhude zaman harcama oldu\u011funa vurgu yaparak, Merhum Kurucu Cumhurba\u015fkan\u0131 Rauf Denkta\u015f\u2019\u0131n o g\u00fcn\u00fcn \u015fartlar\u0131nda federal \u00e7er\u00e7eveli bir anla\u015fma i\u00e7in b\u00fcy\u00fck gayret g\u00f6sterdi\u011fini, [&hellip;]","og_url":"https:\/\/haberkuzey.com\/index.php\/2025\/02\/04\/tatar-ankarada-avrasya-incelemeleri-merkezinde-yuvarlak-masa-toplantisina-katildi\/","og_site_name":"Haber Kuzey","article_published_time":"2025-02-04T18:50:42+00:00","og_image":[{"url":"https:\/\/brtk.net\/wp-content\/uploads\/2025\/02\/04\/17386939462557c42bd91-c598-4045-bcee-42fde86401b0.jpg?ver=923f815108a31f54df2f9971cc440029","type":"","width":"","height":""}],"author":"haberkuzey","twitter_card":"summary_large_image","twitter_misc":{"Yazan:":"haberkuzey","Tahmini okuma s\u00fcresi":"3 dakika"},"schema":{"@context":"https:\/\/schema.org","@graph":[{"@type":"Article","@id":"https:\/\/haberkuzey.com\/index.php\/2025\/02\/04\/tatar-ankarada-avrasya-incelemeleri-merkezinde-yuvarlak-masa-toplantisina-katildi\/#article","isPartOf":{"@id":"https:\/\/haberkuzey.com\/index.php\/2025\/02\/04\/tatar-ankarada-avrasya-incelemeleri-merkezinde-yuvarlak-masa-toplantisina-katildi\/"},"author":{"name":"haberkuzey","@id":"https:\/\/haberkuzey.com\/#\/schema\/person\/3372109ec735f9333f4fa47ebb9605ca"},"headline":"Tatar Ankara\u2019da Avrasya \u0130ncelemeleri Merkezi\u2019nde yuvarlak masa toplant\u0131s\u0131na kat\u0131ld\u0131","datePublished":"2025-02-04T18:50:42+00:00","mainEntityOfPage":{"@id":"https:\/\/haberkuzey.com\/index.php\/2025\/02\/04\/tatar-ankarada-avrasya-incelemeleri-merkezinde-yuvarlak-masa-toplantisina-katildi\/"},"wordCount":560,"commentCount":0,"image":{"@id":"https:\/\/haberkuzey.com\/index.php\/2025\/02\/04\/tatar-ankarada-avrasya-incelemeleri-merkezinde-yuvarlak-masa-toplantisina-katildi\/#primaryimage"},"thumbnailUrl":"https:\/\/haberkuzey.com\/wp-content\/uploads\/2025\/02\/17386939462557c42bd91-c598-4045-bcee-42fde86401b0.jpg","articleSection":["D\u00fcnya"],"inLanguage":"tr","potentialAction":[{"@type":"CommentAction","name":"Comment","target":["https:\/\/haberkuzey.com\/index.php\/2025\/02\/04\/tatar-ankarada-avrasya-incelemeleri-merkezinde-yuvarlak-masa-toplantisina-katildi\/#respond"]}]},{"@type":"WebPage","@id":"https:\/\/haberkuzey.com\/index.php\/2025\/02\/04\/tatar-ankarada-avrasya-incelemeleri-merkezinde-yuvarlak-masa-toplantisina-katildi\/","url":"https:\/\/haberkuzey.com\/index.php\/2025\/02\/04\/tatar-ankarada-avrasya-incelemeleri-merkezinde-yuvarlak-masa-toplantisina-katildi\/","name":"Tatar Ankara\u2019da Avrasya \u0130ncelemeleri Merkezi\u2019nde yuvarlak masa toplant\u0131s\u0131na kat\u0131ld\u0131 - Haber Kuzey","isPartOf":{"@id":"https:\/\/haberkuzey.com\/#website"},"primaryImageOfPage":{"@id":"https:\/\/haberkuzey.com\/index.php\/2025\/02\/04\/tatar-ankarada-avrasya-incelemeleri-merkezinde-yuvarlak-masa-toplantisina-katildi\/#primaryimage"},"image":{"@id":"https:\/\/haberkuzey.com\/index.php\/2025\/02\/04\/tatar-ankarada-avrasya-incelemeleri-merkezinde-yuvarlak-masa-toplantisina-katildi\/#primaryimage"},"thumbnailUrl":"https:\/\/haberkuzey.com\/wp-content\/uploads\/2025\/02\/17386939462557c42bd91-c598-4045-bcee-42fde86401b0.jpg","datePublished":"2025-02-04T18:50:42+00:00","author":{"@id":"https:\/\/haberkuzey.com\/#\/schema\/person\/3372109ec735f9333f4fa47ebb9605ca"},"breadcrumb":{"@id":"https:\/\/haberkuzey.com\/index.php\/2025\/02\/04\/tatar-ankarada-avrasya-incelemeleri-merkezinde-yuvarlak-masa-toplantisina-katildi\/#breadcrumb"},"inLanguage":"tr","potentialAction":[{"@type":"ReadAction","target":["https:\/\/haberkuzey.com\/index.php\/2025\/02\/04\/tatar-ankarada-avrasya-incelemeleri-merkezinde-yuvarlak-masa-toplantisina-katildi\/"]}]},{"@type":"ImageObject","inLanguage":"tr","@id":"https:\/\/haberkuzey.com\/index.php\/2025\/02\/04\/tatar-ankarada-avrasya-incelemeleri-merkezinde-yuvarlak-masa-toplantisina-katildi\/#primaryimage","url":"https:\/\/haberkuzey.com\/wp-content\/uploads\/2025\/02\/17386939462557c42bd91-c598-4045-bcee-42fde86401b0.jpg","contentUrl":"https:\/\/haberkuzey.com\/wp-content\/uploads\/2025\/02\/17386939462557c42bd91-c598-4045-bcee-42fde86401b0.jpg","width":1600,"height":1201},{"@type":"BreadcrumbList","@id":"https:\/\/haberkuzey.com\/index.php\/2025\/02\/04\/tatar-ankarada-avrasya-incelemeleri-merkezinde-yuvarlak-masa-toplantisina-katildi\/#breadcrumb","itemListElement":[{"@type":"ListItem","position":1,"name":"Anasayfa","item":"https:\/\/haberkuzey.com\/"},{"@type":"ListItem","position":2,"name":"Tatar Ankara\u2019da Avrasya \u0130ncelemeleri Merkezi\u2019nde yuvarlak masa toplant\u0131s\u0131na kat\u0131ld\u0131"}]},{"@type":"WebSite","@id":"https:\/\/haberkuzey.com\/#website","url":"https:\/\/haberkuzey.com\/","name":"Haber Kuzey","description":"Do\u011fru Haberin Adresi","potentialAction":[{"@type":"SearchAction","target":{"@type":"EntryPoint","urlTemplate":"https:\/\/haberkuzey.com\/?s={search_term_string}"},"query-input":{"@type":"PropertyValueSpecification","valueRequired":true,"valueName":"search_term_string"}}],"inLanguage":"tr"},{"@type":"Person","@id":"https:\/\/haberkuzey.com\/#\/schema\/person\/3372109ec735f9333f4fa47ebb9605ca","name":"haberkuzey","image":{"@type":"ImageObject","inLanguage":"tr","@id":"https:\/\/secure.gravatar.com\/avatar\/f5fc875574b1575324358c3b9e6a32b8227aa5b74f3fa22e3cadb63e26fcc39c?s=96&d=mm&r=g","url":"https:\/\/secure.gravatar.com\/avatar\/f5fc875574b1575324358c3b9e6a32b8227aa5b74f3fa22e3cadb63e26fcc39c?s=96&d=mm&r=g","contentUrl":"https:\/\/secure.gravatar.com\/avatar\/f5fc875574b1575324358c3b9e6a32b8227aa5b74f3fa22e3cadb63e26fcc39c?s=96&d=mm&r=g","caption":"haberkuzey"},"sameAs":["https:\/\/haberkuzey.com"],"url":"https:\/\/haberkuzey.com\/index.php\/author\/haberkuzey\/"}]}},"_links":{"self":[{"href":"https:\/\/haberkuzey.com\/index.php\/wp-json\/wp\/v2\/posts\/17664","targetHints":{"allow":["GET"]}}],"collection":[{"href":"https:\/\/haberkuzey.com\/index.php\/wp-json\/wp\/v2\/posts"}],"about":[{"href":"https:\/\/haberkuzey.com\/index.php\/wp-json\/wp\/v2\/types\/post"}],"author":[{"embeddable":true,"href":"https:\/\/haberkuzey.com\/index.php\/wp-json\/wp\/v2\/users\/1"}],"replies":[{"embeddable":true,"href":"https:\/\/haberkuzey.com\/index.php\/wp-json\/wp\/v2\/comments?post=17664"}],"version-history":[{"count":0,"href":"https:\/\/haberkuzey.com\/index.php\/wp-json\/wp\/v2\/posts\/17664\/revisions"}],"wp:featuredmedia":[{"embeddable":true,"href":"https:\/\/haberkuzey.com\/index.php\/wp-json\/wp\/v2\/media\/17665"}],"wp:attachment":[{"href":"https:\/\/haberkuzey.com\/index.php\/wp-json\/wp\/v2\/media?parent=17664"}],"wp:term":[{"taxonomy":"category","embeddable":true,"href":"https:\/\/haberkuzey.com\/index.php\/wp-json\/wp\/v2\/categories?post=17664"},{"taxonomy":"post_tag","embeddable":true,"href":"https:\/\/haberkuzey.com\/index.php\/wp-json\/wp\/v2\/tags?post=17664"}],"curies":[{"name":"wp","href":"https:\/\/api.w.org\/{rel}","templated":true}]}}