{"id":17603,"date":"2025-02-03T21:57:04","date_gmt":"2025-02-03T19:57:04","guid":{"rendered":"https:\/\/haberkuzey.com\/index.php\/2025\/02\/03\/ege-denizinde-28-ocaktan-bugune-kadar-570-deprem-meydana-geldi\/"},"modified":"2025-02-03T21:57:04","modified_gmt":"2025-02-03T19:57:04","slug":"ege-denizinde-28-ocaktan-bugune-kadar-570-deprem-meydana-geldi","status":"publish","type":"post","link":"https:\/\/haberkuzey.com\/index.php\/2025\/02\/03\/ege-denizinde-28-ocaktan-bugune-kadar-570-deprem-meydana-geldi\/","title":{"rendered":"Ege Denizi\u2019nde 28 Ocak\u2019tan bug\u00fcne kadar 570 deprem meydana geldi"},"content":{"rendered":"<div>\n<div class=\"mariselle-image-container center\">\n                                            <\/div>\n<p>Ege Denizi\u2019nde 28 Ocak\u2019tan bug\u00fcn saat 15.50\u2019ye kadar 570 yer sars\u0131nt\u0131s\u0131 kaydedildi.<\/p>\n<p>Afet ve Acil Durum Y\u00f6netimi Ba\u015fkanl\u0131\u011f\u0131n\u0131n (AFAD) verilerine g\u00f6re, 28 Ocak\u2019tan bug\u00fcn saat 15.50 itibar\u0131yla Ege Denizi\u2019nde 570 deprem kay\u0131tlara ge\u00e7ti.<\/p>\n<p>Deprem f\u0131rt\u0131nas\u0131 \u015feklinde geli\u015fen bu aktivite sonucunda 1-2 aras\u0131 100, 2-3 aras\u0131 255, 3-4 aras\u0131 182 ve 4-5 aras\u0131 33 deprem meydana geldi. \u015eu ana kadarki depremlerin en b\u00fcy\u00fc\u011f\u00fc 4,9 olarak kay\u0131tlara ge\u00e7ti.<\/p>\n<p>Depremler, Santorini Adas\u0131\u2019n\u0131n yakla\u015f\u0131k 25 kilometre kuzeydo\u011fusunda art\u0131\u015f g\u00f6sterdi ve derinlikleri 5 ila 25 kilometre aras\u0131nda de\u011fi\u015fti.<\/p>\n<\/p><\/div>\n<p><script async\n                    defer\n                    crossorigin=\"anonymous\"\n                    src=\"https:\/\/connect.facebook.net\/tr_TR\/sdk.js#xfbml=1&#038;version=v3.3\"\n            ><\/script><\/p>\n","protected":false},"excerpt":{"rendered":"<p>Ege Denizi\u2019nde 28 Ocak\u2019tan bug\u00fcn saat 15.50\u2019ye kadar 570 yer sars\u0131nt\u0131s\u0131 kaydedildi. Afet ve Acil Durum Y\u00f6netimi Ba\u015fkanl\u0131\u011f\u0131n\u0131n (AFAD) verilerine g\u00f6re, 28 Ocak\u2019tan bug\u00fcn saat 15.50 itibar\u0131yla Ege Denizi\u2019nde 570 deprem kay\u0131tlara ge\u00e7ti. Deprem f\u0131rt\u0131nas\u0131 \u015feklinde geli\u015fen bu aktivite sonucunda 1-2 aras\u0131 100, 2-3 aras\u0131 255, 3-4 aras\u0131 182 ve 4-5 aras\u0131 33 deprem meydana [&hellip;]<\/p>\n","protected":false},"author":1,"featured_media":17604,"comment_status":"open","ping_status":"open","sticky":false,"template":"","format":"standard","meta":{"jnews-multi-image_gallery":[],"jnews_single_post":[],"jnews_primary_category":[],"footnotes":""},"categories":[2],"tags":[],"class_list":["post-17603","post","type-post","status-publish","format-standard","has-post-thumbnail","hentry","category-dunya"],"yoast_head":"<!-- This site is optimized with the Yoast SEO plugin v27.5 - https:\/\/yoast.com\/product\/yoast-seo-wordpress\/ -->\n<title>Ege Denizi\u2019nde 28 Ocak\u2019tan bug\u00fcne kadar 570 deprem meydana geldi - Haber Kuzey<\/title>\n<meta name=\"robots\" content=\"index, follow, max-snippet:-1, max-image-preview:large, max-video-preview:-1\" \/>\n<link rel=\"canonical\" href=\"https:\/\/haberkuzey.com\/index.php\/2025\/02\/03\/ege-denizinde-28-ocaktan-bugune-kadar-570-deprem-meydana-geldi\/\" \/>\n<meta property=\"og:locale\" content=\"tr_TR\" \/>\n<meta property=\"og:type\" content=\"article\" \/>\n<meta property=\"og:title\" content=\"Ege Denizi\u2019nde 28 Ocak\u2019tan bug\u00fcne kadar 570 deprem meydana geldi - Haber Kuzey\" \/>\n<meta property=\"og:description\" content=\"Ege Denizi\u2019nde 28 Ocak\u2019tan bug\u00fcn saat 15.50\u2019ye kadar 570 yer sars\u0131nt\u0131s\u0131 kaydedildi. Afet ve Acil Durum Y\u00f6netimi Ba\u015fkanl\u0131\u011f\u0131n\u0131n (AFAD) verilerine g\u00f6re, 28 Ocak\u2019tan bug\u00fcn saat 15.50 itibar\u0131yla Ege Denizi\u2019nde 570 deprem kay\u0131tlara ge\u00e7ti. Deprem f\u0131rt\u0131nas\u0131 \u015feklinde geli\u015fen bu aktivite sonucunda 1-2 aras\u0131 100, 2-3 aras\u0131 255, 3-4 aras\u0131 182 ve 4-5 aras\u0131 33 deprem meydana [&hellip;]\" \/>\n<meta property=\"og:url\" content=\"https:\/\/haberkuzey.com\/index.php\/2025\/02\/03\/ege-denizinde-28-ocaktan-bugune-kadar-570-deprem-meydana-geldi\/\" \/>\n<meta property=\"og:site_name\" content=\"Haber Kuzey\" \/>\n<meta property=\"article:published_time\" content=\"2025-02-03T19:57:04+00:00\" \/>\n<meta property=\"og:image\" content=\"https:\/\/brtk.net\/wp-content\/uploads\/2025\/02\/03\/ssdlksa.jpg?ver=52e45558d1e8a8f2a8b132c9553f2607\" \/>\n<meta name=\"author\" content=\"haberkuzey\" \/>\n<meta name=\"twitter:card\" content=\"summary_large_image\" \/>\n<meta name=\"twitter:label1\" content=\"Yazan:\" \/>\n\t<meta name=\"twitter:data1\" content=\"haberkuzey\" \/>\n\t<meta name=\"twitter:label2\" content=\"Tahmini okuma s\u00fcresi\" \/>\n\t<meta name=\"twitter:data2\" content=\"1 dakika\" \/>\n<script type=\"application\/ld+json\" class=\"yoast-schema-graph\">{\"@context\":\"https:\\\/\\\/schema.org\",\"@graph\":[{\"@type\":\"Article\",\"@id\":\"https:\\\/\\\/haberkuzey.com\\\/index.php\\\/2025\\\/02\\\/03\\\/ege-denizinde-28-ocaktan-bugune-kadar-570-deprem-meydana-geldi\\\/#article\",\"isPartOf\":{\"@id\":\"https:\\\/\\\/haberkuzey.com\\\/index.php\\\/2025\\\/02\\\/03\\\/ege-denizinde-28-ocaktan-bugune-kadar-570-deprem-meydana-geldi\\\/\"},\"author\":{\"name\":\"haberkuzey\",\"@id\":\"https:\\\/\\\/haberkuzey.com\\\/#\\\/schema\\\/person\\\/3372109ec735f9333f4fa47ebb9605ca\"},\"headline\":\"Ege Denizi\u2019nde 28 Ocak\u2019tan bug\u00fcne kadar 570 deprem meydana geldi\",\"datePublished\":\"2025-02-03T19:57:04+00:00\",\"mainEntityOfPage\":{\"@id\":\"https:\\\/\\\/haberkuzey.com\\\/index.php\\\/2025\\\/02\\\/03\\\/ege-denizinde-28-ocaktan-bugune-kadar-570-deprem-meydana-geldi\\\/\"},\"wordCount\":111,\"commentCount\":0,\"image\":{\"@id\":\"https:\\\/\\\/haberkuzey.com\\\/index.php\\\/2025\\\/02\\\/03\\\/ege-denizinde-28-ocaktan-bugune-kadar-570-deprem-meydana-geldi\\\/#primaryimage\"},\"thumbnailUrl\":\"https:\\\/\\\/haberkuzey.com\\\/wp-content\\\/uploads\\\/2025\\\/02\\\/ssdlksa.jpg\",\"articleSection\":[\"D\u00fcnya\"],\"inLanguage\":\"tr\",\"potentialAction\":[{\"@type\":\"CommentAction\",\"name\":\"Comment\",\"target\":[\"https:\\\/\\\/haberkuzey.com\\\/index.php\\\/2025\\\/02\\\/03\\\/ege-denizinde-28-ocaktan-bugune-kadar-570-deprem-meydana-geldi\\\/#respond\"]}]},{\"@type\":\"WebPage\",\"@id\":\"https:\\\/\\\/haberkuzey.com\\\/index.php\\\/2025\\\/02\\\/03\\\/ege-denizinde-28-ocaktan-bugune-kadar-570-deprem-meydana-geldi\\\/\",\"url\":\"https:\\\/\\\/haberkuzey.com\\\/index.php\\\/2025\\\/02\\\/03\\\/ege-denizinde-28-ocaktan-bugune-kadar-570-deprem-meydana-geldi\\\/\",\"name\":\"Ege Denizi\u2019nde 28 Ocak\u2019tan bug\u00fcne kadar 570 deprem meydana geldi - Haber Kuzey\",\"isPartOf\":{\"@id\":\"https:\\\/\\\/haberkuzey.com\\\/#website\"},\"primaryImageOfPage\":{\"@id\":\"https:\\\/\\\/haberkuzey.com\\\/index.php\\\/2025\\\/02\\\/03\\\/ege-denizinde-28-ocaktan-bugune-kadar-570-deprem-meydana-geldi\\\/#primaryimage\"},\"image\":{\"@id\":\"https:\\\/\\\/haberkuzey.com\\\/index.php\\\/2025\\\/02\\\/03\\\/ege-denizinde-28-ocaktan-bugune-kadar-570-deprem-meydana-geldi\\\/#primaryimage\"},\"thumbnailUrl\":\"https:\\\/\\\/haberkuzey.com\\\/wp-content\\\/uploads\\\/2025\\\/02\\\/ssdlksa.jpg\",\"datePublished\":\"2025-02-03T19:57:04+00:00\",\"author\":{\"@id\":\"https:\\\/\\\/haberkuzey.com\\\/#\\\/schema\\\/person\\\/3372109ec735f9333f4fa47ebb9605ca\"},\"breadcrumb\":{\"@id\":\"https:\\\/\\\/haberkuzey.com\\\/index.php\\\/2025\\\/02\\\/03\\\/ege-denizinde-28-ocaktan-bugune-kadar-570-deprem-meydana-geldi\\\/#breadcrumb\"},\"inLanguage\":\"tr\",\"potentialAction\":[{\"@type\":\"ReadAction\",\"target\":[\"https:\\\/\\\/haberkuzey.com\\\/index.php\\\/2025\\\/02\\\/03\\\/ege-denizinde-28-ocaktan-bugune-kadar-570-deprem-meydana-geldi\\\/\"]}]},{\"@type\":\"ImageObject\",\"inLanguage\":\"tr\",\"@id\":\"https:\\\/\\\/haberkuzey.com\\\/index.php\\\/2025\\\/02\\\/03\\\/ege-denizinde-28-ocaktan-bugune-kadar-570-deprem-meydana-geldi\\\/#primaryimage\",\"url\":\"https:\\\/\\\/haberkuzey.com\\\/wp-content\\\/uploads\\\/2025\\\/02\\\/ssdlksa.jpg\",\"contentUrl\":\"https:\\\/\\\/haberkuzey.com\\\/wp-content\\\/uploads\\\/2025\\\/02\\\/ssdlksa.jpg\",\"width\":864,\"height\":486},{\"@type\":\"BreadcrumbList\",\"@id\":\"https:\\\/\\\/haberkuzey.com\\\/index.php\\\/2025\\\/02\\\/03\\\/ege-denizinde-28-ocaktan-bugune-kadar-570-deprem-meydana-geldi\\\/#breadcrumb\",\"itemListElement\":[{\"@type\":\"ListItem\",\"position\":1,\"name\":\"Anasayfa\",\"item\":\"https:\\\/\\\/haberkuzey.com\\\/\"},{\"@type\":\"ListItem\",\"position\":2,\"name\":\"Ege Denizi\u2019nde 28 Ocak\u2019tan bug\u00fcne kadar 570 deprem meydana geldi\"}]},{\"@type\":\"WebSite\",\"@id\":\"https:\\\/\\\/haberkuzey.com\\\/#website\",\"url\":\"https:\\\/\\\/haberkuzey.com\\\/\",\"name\":\"Haber Kuzey\",\"description\":\"Do\u011fru Haberin Adresi\",\"potentialAction\":[{\"@type\":\"SearchAction\",\"target\":{\"@type\":\"EntryPoint\",\"urlTemplate\":\"https:\\\/\\\/haberkuzey.com\\\/?s={search_term_string}\"},\"query-input\":{\"@type\":\"PropertyValueSpecification\",\"valueRequired\":true,\"valueName\":\"search_term_string\"}}],\"inLanguage\":\"tr\"},{\"@type\":\"Person\",\"@id\":\"https:\\\/\\\/haberkuzey.com\\\/#\\\/schema\\\/person\\\/3372109ec735f9333f4fa47ebb9605ca\",\"name\":\"haberkuzey\",\"image\":{\"@type\":\"ImageObject\",\"inLanguage\":\"tr\",\"@id\":\"https:\\\/\\\/secure.gravatar.com\\\/avatar\\\/f5fc875574b1575324358c3b9e6a32b8227aa5b74f3fa22e3cadb63e26fcc39c?s=96&d=mm&r=g\",\"url\":\"https:\\\/\\\/secure.gravatar.com\\\/avatar\\\/f5fc875574b1575324358c3b9e6a32b8227aa5b74f3fa22e3cadb63e26fcc39c?s=96&d=mm&r=g\",\"contentUrl\":\"https:\\\/\\\/secure.gravatar.com\\\/avatar\\\/f5fc875574b1575324358c3b9e6a32b8227aa5b74f3fa22e3cadb63e26fcc39c?s=96&d=mm&r=g\",\"caption\":\"haberkuzey\"},\"sameAs\":[\"https:\\\/\\\/haberkuzey.com\"],\"url\":\"https:\\\/\\\/haberkuzey.com\\\/index.php\\\/author\\\/haberkuzey\\\/\"}]}<\/script>\n<!-- \/ Yoast SEO plugin. -->","yoast_head_json":{"title":"Ege Denizi\u2019nde 28 Ocak\u2019tan bug\u00fcne kadar 570 deprem meydana geldi - Haber Kuzey","robots":{"index":"index","follow":"follow","max-snippet":"max-snippet:-1","max-image-preview":"max-image-preview:large","max-video-preview":"max-video-preview:-1"},"canonical":"https:\/\/haberkuzey.com\/index.php\/2025\/02\/03\/ege-denizinde-28-ocaktan-bugune-kadar-570-deprem-meydana-geldi\/","og_locale":"tr_TR","og_type":"article","og_title":"Ege Denizi\u2019nde 28 Ocak\u2019tan bug\u00fcne kadar 570 deprem meydana geldi - Haber Kuzey","og_description":"Ege Denizi\u2019nde 28 Ocak\u2019tan bug\u00fcn saat 15.50\u2019ye kadar 570 yer sars\u0131nt\u0131s\u0131 kaydedildi. Afet ve Acil Durum Y\u00f6netimi Ba\u015fkanl\u0131\u011f\u0131n\u0131n (AFAD) verilerine g\u00f6re, 28 Ocak\u2019tan bug\u00fcn saat 15.50 itibar\u0131yla Ege Denizi\u2019nde 570 deprem kay\u0131tlara ge\u00e7ti. Deprem f\u0131rt\u0131nas\u0131 \u015feklinde geli\u015fen bu aktivite sonucunda 1-2 aras\u0131 100, 2-3 aras\u0131 255, 3-4 aras\u0131 182 ve 4-5 aras\u0131 33 deprem meydana [&hellip;]","og_url":"https:\/\/haberkuzey.com\/index.php\/2025\/02\/03\/ege-denizinde-28-ocaktan-bugune-kadar-570-deprem-meydana-geldi\/","og_site_name":"Haber Kuzey","article_published_time":"2025-02-03T19:57:04+00:00","og_image":[{"url":"https:\/\/brtk.net\/wp-content\/uploads\/2025\/02\/03\/ssdlksa.jpg?ver=52e45558d1e8a8f2a8b132c9553f2607","type":"","width":"","height":""}],"author":"haberkuzey","twitter_card":"summary_large_image","twitter_misc":{"Yazan:":"haberkuzey","Tahmini okuma s\u00fcresi":"1 dakika"},"schema":{"@context":"https:\/\/schema.org","@graph":[{"@type":"Article","@id":"https:\/\/haberkuzey.com\/index.php\/2025\/02\/03\/ege-denizinde-28-ocaktan-bugune-kadar-570-deprem-meydana-geldi\/#article","isPartOf":{"@id":"https:\/\/haberkuzey.com\/index.php\/2025\/02\/03\/ege-denizinde-28-ocaktan-bugune-kadar-570-deprem-meydana-geldi\/"},"author":{"name":"haberkuzey","@id":"https:\/\/haberkuzey.com\/#\/schema\/person\/3372109ec735f9333f4fa47ebb9605ca"},"headline":"Ege Denizi\u2019nde 28 Ocak\u2019tan bug\u00fcne kadar 570 deprem meydana geldi","datePublished":"2025-02-03T19:57:04+00:00","mainEntityOfPage":{"@id":"https:\/\/haberkuzey.com\/index.php\/2025\/02\/03\/ege-denizinde-28-ocaktan-bugune-kadar-570-deprem-meydana-geldi\/"},"wordCount":111,"commentCount":0,"image":{"@id":"https:\/\/haberkuzey.com\/index.php\/2025\/02\/03\/ege-denizinde-28-ocaktan-bugune-kadar-570-deprem-meydana-geldi\/#primaryimage"},"thumbnailUrl":"https:\/\/haberkuzey.com\/wp-content\/uploads\/2025\/02\/ssdlksa.jpg","articleSection":["D\u00fcnya"],"inLanguage":"tr","potentialAction":[{"@type":"CommentAction","name":"Comment","target":["https:\/\/haberkuzey.com\/index.php\/2025\/02\/03\/ege-denizinde-28-ocaktan-bugune-kadar-570-deprem-meydana-geldi\/#respond"]}]},{"@type":"WebPage","@id":"https:\/\/haberkuzey.com\/index.php\/2025\/02\/03\/ege-denizinde-28-ocaktan-bugune-kadar-570-deprem-meydana-geldi\/","url":"https:\/\/haberkuzey.com\/index.php\/2025\/02\/03\/ege-denizinde-28-ocaktan-bugune-kadar-570-deprem-meydana-geldi\/","name":"Ege Denizi\u2019nde 28 Ocak\u2019tan bug\u00fcne kadar 570 deprem meydana geldi - Haber Kuzey","isPartOf":{"@id":"https:\/\/haberkuzey.com\/#website"},"primaryImageOfPage":{"@id":"https:\/\/haberkuzey.com\/index.php\/2025\/02\/03\/ege-denizinde-28-ocaktan-bugune-kadar-570-deprem-meydana-geldi\/#primaryimage"},"image":{"@id":"https:\/\/haberkuzey.com\/index.php\/2025\/02\/03\/ege-denizinde-28-ocaktan-bugune-kadar-570-deprem-meydana-geldi\/#primaryimage"},"thumbnailUrl":"https:\/\/haberkuzey.com\/wp-content\/uploads\/2025\/02\/ssdlksa.jpg","datePublished":"2025-02-03T19:57:04+00:00","author":{"@id":"https:\/\/haberkuzey.com\/#\/schema\/person\/3372109ec735f9333f4fa47ebb9605ca"},"breadcrumb":{"@id":"https:\/\/haberkuzey.com\/index.php\/2025\/02\/03\/ege-denizinde-28-ocaktan-bugune-kadar-570-deprem-meydana-geldi\/#breadcrumb"},"inLanguage":"tr","potentialAction":[{"@type":"ReadAction","target":["https:\/\/haberkuzey.com\/index.php\/2025\/02\/03\/ege-denizinde-28-ocaktan-bugune-kadar-570-deprem-meydana-geldi\/"]}]},{"@type":"ImageObject","inLanguage":"tr","@id":"https:\/\/haberkuzey.com\/index.php\/2025\/02\/03\/ege-denizinde-28-ocaktan-bugune-kadar-570-deprem-meydana-geldi\/#primaryimage","url":"https:\/\/haberkuzey.com\/wp-content\/uploads\/2025\/02\/ssdlksa.jpg","contentUrl":"https:\/\/haberkuzey.com\/wp-content\/uploads\/2025\/02\/ssdlksa.jpg","width":864,"height":486},{"@type":"BreadcrumbList","@id":"https:\/\/haberkuzey.com\/index.php\/2025\/02\/03\/ege-denizinde-28-ocaktan-bugune-kadar-570-deprem-meydana-geldi\/#breadcrumb","itemListElement":[{"@type":"ListItem","position":1,"name":"Anasayfa","item":"https:\/\/haberkuzey.com\/"},{"@type":"ListItem","position":2,"name":"Ege Denizi\u2019nde 28 Ocak\u2019tan bug\u00fcne kadar 570 deprem meydana geldi"}]},{"@type":"WebSite","@id":"https:\/\/haberkuzey.com\/#website","url":"https:\/\/haberkuzey.com\/","name":"Haber Kuzey","description":"Do\u011fru Haberin Adresi","potentialAction":[{"@type":"SearchAction","target":{"@type":"EntryPoint","urlTemplate":"https:\/\/haberkuzey.com\/?s={search_term_string}"},"query-input":{"@type":"PropertyValueSpecification","valueRequired":true,"valueName":"search_term_string"}}],"inLanguage":"tr"},{"@type":"Person","@id":"https:\/\/haberkuzey.com\/#\/schema\/person\/3372109ec735f9333f4fa47ebb9605ca","name":"haberkuzey","image":{"@type":"ImageObject","inLanguage":"tr","@id":"https:\/\/secure.gravatar.com\/avatar\/f5fc875574b1575324358c3b9e6a32b8227aa5b74f3fa22e3cadb63e26fcc39c?s=96&d=mm&r=g","url":"https:\/\/secure.gravatar.com\/avatar\/f5fc875574b1575324358c3b9e6a32b8227aa5b74f3fa22e3cadb63e26fcc39c?s=96&d=mm&r=g","contentUrl":"https:\/\/secure.gravatar.com\/avatar\/f5fc875574b1575324358c3b9e6a32b8227aa5b74f3fa22e3cadb63e26fcc39c?s=96&d=mm&r=g","caption":"haberkuzey"},"sameAs":["https:\/\/haberkuzey.com"],"url":"https:\/\/haberkuzey.com\/index.php\/author\/haberkuzey\/"}]}},"_links":{"self":[{"href":"https:\/\/haberkuzey.com\/index.php\/wp-json\/wp\/v2\/posts\/17603","targetHints":{"allow":["GET"]}}],"collection":[{"href":"https:\/\/haberkuzey.com\/index.php\/wp-json\/wp\/v2\/posts"}],"about":[{"href":"https:\/\/haberkuzey.com\/index.php\/wp-json\/wp\/v2\/types\/post"}],"author":[{"embeddable":true,"href":"https:\/\/haberkuzey.com\/index.php\/wp-json\/wp\/v2\/users\/1"}],"replies":[{"embeddable":true,"href":"https:\/\/haberkuzey.com\/index.php\/wp-json\/wp\/v2\/comments?post=17603"}],"version-history":[{"count":0,"href":"https:\/\/haberkuzey.com\/index.php\/wp-json\/wp\/v2\/posts\/17603\/revisions"}],"wp:featuredmedia":[{"embeddable":true,"href":"https:\/\/haberkuzey.com\/index.php\/wp-json\/wp\/v2\/media\/17604"}],"wp:attachment":[{"href":"https:\/\/haberkuzey.com\/index.php\/wp-json\/wp\/v2\/media?parent=17603"}],"wp:term":[{"taxonomy":"category","embeddable":true,"href":"https:\/\/haberkuzey.com\/index.php\/wp-json\/wp\/v2\/categories?post=17603"},{"taxonomy":"post_tag","embeddable":true,"href":"https:\/\/haberkuzey.com\/index.php\/wp-json\/wp\/v2\/tags?post=17603"}],"curies":[{"name":"wp","href":"https:\/\/api.w.org\/{rel}","templated":true}]}}