{"id":17354,"date":"2025-01-29T18:50:59","date_gmt":"2025-01-29T16:50:59","guid":{"rendered":"https:\/\/haberkuzey.com\/index.php\/2025\/01\/29\/yilmaz-cumhurbaskanligi-ve-meclis-yerleskesini-ziyaret-etti\/"},"modified":"2025-01-29T18:50:59","modified_gmt":"2025-01-29T16:50:59","slug":"yilmaz-cumhurbaskanligi-ve-meclis-yerleskesini-ziyaret-etti","status":"publish","type":"post","link":"https:\/\/haberkuzey.com\/index.php\/2025\/01\/29\/yilmaz-cumhurbaskanligi-ve-meclis-yerleskesini-ziyaret-etti\/","title":{"rendered":"Y\u0131lmaz, Cumhurba\u015fkanl\u0131\u011f\u0131 ve Meclis Yerle\u015fkesi\u2019ni ziyaret etti"},"content":{"rendered":"<div>\n<div class=\"mariselle-image-container center\">\n                                            <\/div>\n<p>T\u00fcrkiye Cumhurba\u015fkan\u0131 Yard\u0131mc\u0131s\u0131 Y\u0131lmaz, Cumhurba\u015fkan\u0131 Ersin Tatar, Meclis Ba\u015fkan\u0131 Ziya \u00d6zt\u00fcrkler, Ba\u015fbakan \u00dcnal \u00dcstel, T\u00fcrkiye\u2019nin Lefko\u015fa B\u00fcy\u00fckel\u00e7isi Yasin Ekrem Serim, baz\u0131 bakanlar ve milletvekilleriyle birlikte Cumhurba\u015fkanl\u0131\u011f\u0131 ve Meclis Yerle\u015fkesi\u2019ne ziyarette bulundu.<\/p>\n<p>Y\u0131lmaz ve Tatar ile devlet ve h\u00fck\u00fcmet yetkilileri Cumhuriyet Meclisi Binas\u0131, Meclis Genel Kurul Salonu ve Cumhurba\u015fkanl\u0131\u011f\u0131 Binas\u0131\u2019n\u0131 gezdi ve ilgililerden bilgi ald\u0131.<\/p>\n<\/p><\/div>\n<p><script async\n                    defer\n                    crossorigin=\"anonymous\"\n                    src=\"https:\/\/connect.facebook.net\/tr_TR\/sdk.js#xfbml=1&#038;version=v3.3\"\n            ><\/script><\/p>\n","protected":false},"excerpt":{"rendered":"<p>T\u00fcrkiye Cumhurba\u015fkan\u0131 Yard\u0131mc\u0131s\u0131 Y\u0131lmaz, Cumhurba\u015fkan\u0131 Ersin Tatar, Meclis Ba\u015fkan\u0131 Ziya \u00d6zt\u00fcrkler, Ba\u015fbakan \u00dcnal \u00dcstel, T\u00fcrkiye\u2019nin Lefko\u015fa B\u00fcy\u00fckel\u00e7isi Yasin Ekrem Serim, baz\u0131 bakanlar ve milletvekilleriyle birlikte Cumhurba\u015fkanl\u0131\u011f\u0131 ve Meclis Yerle\u015fkesi\u2019ne ziyarette bulundu. Y\u0131lmaz ve Tatar ile devlet ve h\u00fck\u00fcmet yetkilileri Cumhuriyet Meclisi Binas\u0131, Meclis Genel Kurul Salonu ve Cumhurba\u015fkanl\u0131\u011f\u0131 Binas\u0131\u2019n\u0131 gezdi ve ilgililerden bilgi ald\u0131.<\/p>\n","protected":false},"author":1,"featured_media":17355,"comment_status":"open","ping_status":"open","sticky":false,"template":"","format":"standard","meta":{"jnews-multi-image_gallery":[],"jnews_single_post":[],"jnews_primary_category":[],"footnotes":""},"categories":[2],"tags":[],"class_list":["post-17354","post","type-post","status-publish","format-standard","has-post-thumbnail","hentry","category-dunya"],"yoast_head":"<!-- This site is optimized with the Yoast SEO plugin v27.5 - https:\/\/yoast.com\/product\/yoast-seo-wordpress\/ -->\n<title>Y\u0131lmaz, Cumhurba\u015fkanl\u0131\u011f\u0131 ve Meclis Yerle\u015fkesi\u2019ni ziyaret etti - Haber Kuzey<\/title>\n<meta name=\"robots\" content=\"index, follow, max-snippet:-1, max-image-preview:large, max-video-preview:-1\" \/>\n<link rel=\"canonical\" href=\"https:\/\/haberkuzey.com\/index.php\/2025\/01\/29\/yilmaz-cumhurbaskanligi-ve-meclis-yerleskesini-ziyaret-etti\/\" \/>\n<meta property=\"og:locale\" content=\"tr_TR\" \/>\n<meta property=\"og:type\" content=\"article\" \/>\n<meta property=\"og:title\" content=\"Y\u0131lmaz, Cumhurba\u015fkanl\u0131\u011f\u0131 ve Meclis Yerle\u015fkesi\u2019ni ziyaret etti - Haber Kuzey\" \/>\n<meta property=\"og:description\" content=\"T\u00fcrkiye Cumhurba\u015fkan\u0131 Yard\u0131mc\u0131s\u0131 Y\u0131lmaz, Cumhurba\u015fkan\u0131 Ersin Tatar, Meclis Ba\u015fkan\u0131 Ziya \u00d6zt\u00fcrkler, Ba\u015fbakan \u00dcnal \u00dcstel, T\u00fcrkiye\u2019nin Lefko\u015fa B\u00fcy\u00fckel\u00e7isi Yasin Ekrem Serim, baz\u0131 bakanlar ve milletvekilleriyle birlikte Cumhurba\u015fkanl\u0131\u011f\u0131 ve Meclis Yerle\u015fkesi\u2019ne ziyarette bulundu. Y\u0131lmaz ve Tatar ile devlet ve h\u00fck\u00fcmet yetkilileri Cumhuriyet Meclisi Binas\u0131, Meclis Genel Kurul Salonu ve Cumhurba\u015fkanl\u0131\u011f\u0131 Binas\u0131\u2019n\u0131 gezdi ve ilgililerden bilgi ald\u0131.\" \/>\n<meta property=\"og:url\" content=\"https:\/\/haberkuzey.com\/index.php\/2025\/01\/29\/yilmaz-cumhurbaskanligi-ve-meclis-yerleskesini-ziyaret-etti\/\" \/>\n<meta property=\"og:site_name\" content=\"Haber Kuzey\" \/>\n<meta property=\"article:published_time\" content=\"2025-01-29T16:50:59+00:00\" \/>\n<meta property=\"og:image\" content=\"https:\/\/brtk.net\/wp-content\/uploads\/2025\/01\/29\/Screenshot_20250129_190017_X.jpg?ver=3326e3e954732d316d550ff50933df2b\" \/>\n<meta name=\"author\" content=\"haberkuzey\" \/>\n<meta name=\"twitter:card\" content=\"summary_large_image\" \/>\n<meta name=\"twitter:label1\" content=\"Yazan:\" \/>\n\t<meta name=\"twitter:data1\" content=\"haberkuzey\" \/>\n<script type=\"application\/ld+json\" class=\"yoast-schema-graph\">{\"@context\":\"https:\\\/\\\/schema.org\",\"@graph\":[{\"@type\":\"Article\",\"@id\":\"https:\\\/\\\/haberkuzey.com\\\/index.php\\\/2025\\\/01\\\/29\\\/yilmaz-cumhurbaskanligi-ve-meclis-yerleskesini-ziyaret-etti\\\/#article\",\"isPartOf\":{\"@id\":\"https:\\\/\\\/haberkuzey.com\\\/index.php\\\/2025\\\/01\\\/29\\\/yilmaz-cumhurbaskanligi-ve-meclis-yerleskesini-ziyaret-etti\\\/\"},\"author\":{\"name\":\"haberkuzey\",\"@id\":\"https:\\\/\\\/haberkuzey.com\\\/#\\\/schema\\\/person\\\/3372109ec735f9333f4fa47ebb9605ca\"},\"headline\":\"Y\u0131lmaz, Cumhurba\u015fkanl\u0131\u011f\u0131 ve Meclis Yerle\u015fkesi\u2019ni ziyaret etti\",\"datePublished\":\"2025-01-29T16:50:59+00:00\",\"mainEntityOfPage\":{\"@id\":\"https:\\\/\\\/haberkuzey.com\\\/index.php\\\/2025\\\/01\\\/29\\\/yilmaz-cumhurbaskanligi-ve-meclis-yerleskesini-ziyaret-etti\\\/\"},\"wordCount\":88,\"commentCount\":0,\"image\":{\"@id\":\"https:\\\/\\\/haberkuzey.com\\\/index.php\\\/2025\\\/01\\\/29\\\/yilmaz-cumhurbaskanligi-ve-meclis-yerleskesini-ziyaret-etti\\\/#primaryimage\"},\"thumbnailUrl\":\"https:\\\/\\\/haberkuzey.com\\\/wp-content\\\/uploads\\\/2025\\\/01\\\/Screenshot_20250129_190017_X.jpg\",\"articleSection\":[\"D\u00fcnya\"],\"inLanguage\":\"tr\",\"potentialAction\":[{\"@type\":\"CommentAction\",\"name\":\"Comment\",\"target\":[\"https:\\\/\\\/haberkuzey.com\\\/index.php\\\/2025\\\/01\\\/29\\\/yilmaz-cumhurbaskanligi-ve-meclis-yerleskesini-ziyaret-etti\\\/#respond\"]}]},{\"@type\":\"WebPage\",\"@id\":\"https:\\\/\\\/haberkuzey.com\\\/index.php\\\/2025\\\/01\\\/29\\\/yilmaz-cumhurbaskanligi-ve-meclis-yerleskesini-ziyaret-etti\\\/\",\"url\":\"https:\\\/\\\/haberkuzey.com\\\/index.php\\\/2025\\\/01\\\/29\\\/yilmaz-cumhurbaskanligi-ve-meclis-yerleskesini-ziyaret-etti\\\/\",\"name\":\"Y\u0131lmaz, Cumhurba\u015fkanl\u0131\u011f\u0131 ve Meclis Yerle\u015fkesi\u2019ni ziyaret etti - Haber Kuzey\",\"isPartOf\":{\"@id\":\"https:\\\/\\\/haberkuzey.com\\\/#website\"},\"primaryImageOfPage\":{\"@id\":\"https:\\\/\\\/haberkuzey.com\\\/index.php\\\/2025\\\/01\\\/29\\\/yilmaz-cumhurbaskanligi-ve-meclis-yerleskesini-ziyaret-etti\\\/#primaryimage\"},\"image\":{\"@id\":\"https:\\\/\\\/haberkuzey.com\\\/index.php\\\/2025\\\/01\\\/29\\\/yilmaz-cumhurbaskanligi-ve-meclis-yerleskesini-ziyaret-etti\\\/#primaryimage\"},\"thumbnailUrl\":\"https:\\\/\\\/haberkuzey.com\\\/wp-content\\\/uploads\\\/2025\\\/01\\\/Screenshot_20250129_190017_X.jpg\",\"datePublished\":\"2025-01-29T16:50:59+00:00\",\"author\":{\"@id\":\"https:\\\/\\\/haberkuzey.com\\\/#\\\/schema\\\/person\\\/3372109ec735f9333f4fa47ebb9605ca\"},\"breadcrumb\":{\"@id\":\"https:\\\/\\\/haberkuzey.com\\\/index.php\\\/2025\\\/01\\\/29\\\/yilmaz-cumhurbaskanligi-ve-meclis-yerleskesini-ziyaret-etti\\\/#breadcrumb\"},\"inLanguage\":\"tr\",\"potentialAction\":[{\"@type\":\"ReadAction\",\"target\":[\"https:\\\/\\\/haberkuzey.com\\\/index.php\\\/2025\\\/01\\\/29\\\/yilmaz-cumhurbaskanligi-ve-meclis-yerleskesini-ziyaret-etti\\\/\"]}]},{\"@type\":\"ImageObject\",\"inLanguage\":\"tr\",\"@id\":\"https:\\\/\\\/haberkuzey.com\\\/index.php\\\/2025\\\/01\\\/29\\\/yilmaz-cumhurbaskanligi-ve-meclis-yerleskesini-ziyaret-etti\\\/#primaryimage\",\"url\":\"https:\\\/\\\/haberkuzey.com\\\/wp-content\\\/uploads\\\/2025\\\/01\\\/Screenshot_20250129_190017_X.jpg\",\"contentUrl\":\"https:\\\/\\\/haberkuzey.com\\\/wp-content\\\/uploads\\\/2025\\\/01\\\/Screenshot_20250129_190017_X.jpg\",\"width\":851,\"height\":484},{\"@type\":\"BreadcrumbList\",\"@id\":\"https:\\\/\\\/haberkuzey.com\\\/index.php\\\/2025\\\/01\\\/29\\\/yilmaz-cumhurbaskanligi-ve-meclis-yerleskesini-ziyaret-etti\\\/#breadcrumb\",\"itemListElement\":[{\"@type\":\"ListItem\",\"position\":1,\"name\":\"Anasayfa\",\"item\":\"https:\\\/\\\/haberkuzey.com\\\/\"},{\"@type\":\"ListItem\",\"position\":2,\"name\":\"Y\u0131lmaz, Cumhurba\u015fkanl\u0131\u011f\u0131 ve Meclis Yerle\u015fkesi\u2019ni ziyaret etti\"}]},{\"@type\":\"WebSite\",\"@id\":\"https:\\\/\\\/haberkuzey.com\\\/#website\",\"url\":\"https:\\\/\\\/haberkuzey.com\\\/\",\"name\":\"Haber Kuzey\",\"description\":\"Do\u011fru Haberin Adresi\",\"potentialAction\":[{\"@type\":\"SearchAction\",\"target\":{\"@type\":\"EntryPoint\",\"urlTemplate\":\"https:\\\/\\\/haberkuzey.com\\\/?s={search_term_string}\"},\"query-input\":{\"@type\":\"PropertyValueSpecification\",\"valueRequired\":true,\"valueName\":\"search_term_string\"}}],\"inLanguage\":\"tr\"},{\"@type\":\"Person\",\"@id\":\"https:\\\/\\\/haberkuzey.com\\\/#\\\/schema\\\/person\\\/3372109ec735f9333f4fa47ebb9605ca\",\"name\":\"haberkuzey\",\"image\":{\"@type\":\"ImageObject\",\"inLanguage\":\"tr\",\"@id\":\"https:\\\/\\\/secure.gravatar.com\\\/avatar\\\/f5fc875574b1575324358c3b9e6a32b8227aa5b74f3fa22e3cadb63e26fcc39c?s=96&d=mm&r=g\",\"url\":\"https:\\\/\\\/secure.gravatar.com\\\/avatar\\\/f5fc875574b1575324358c3b9e6a32b8227aa5b74f3fa22e3cadb63e26fcc39c?s=96&d=mm&r=g\",\"contentUrl\":\"https:\\\/\\\/secure.gravatar.com\\\/avatar\\\/f5fc875574b1575324358c3b9e6a32b8227aa5b74f3fa22e3cadb63e26fcc39c?s=96&d=mm&r=g\",\"caption\":\"haberkuzey\"},\"sameAs\":[\"https:\\\/\\\/haberkuzey.com\"],\"url\":\"https:\\\/\\\/haberkuzey.com\\\/index.php\\\/author\\\/haberkuzey\\\/\"}]}<\/script>\n<!-- \/ Yoast SEO plugin. -->","yoast_head_json":{"title":"Y\u0131lmaz, Cumhurba\u015fkanl\u0131\u011f\u0131 ve Meclis Yerle\u015fkesi\u2019ni ziyaret etti - Haber Kuzey","robots":{"index":"index","follow":"follow","max-snippet":"max-snippet:-1","max-image-preview":"max-image-preview:large","max-video-preview":"max-video-preview:-1"},"canonical":"https:\/\/haberkuzey.com\/index.php\/2025\/01\/29\/yilmaz-cumhurbaskanligi-ve-meclis-yerleskesini-ziyaret-etti\/","og_locale":"tr_TR","og_type":"article","og_title":"Y\u0131lmaz, Cumhurba\u015fkanl\u0131\u011f\u0131 ve Meclis Yerle\u015fkesi\u2019ni ziyaret etti - Haber Kuzey","og_description":"T\u00fcrkiye Cumhurba\u015fkan\u0131 Yard\u0131mc\u0131s\u0131 Y\u0131lmaz, Cumhurba\u015fkan\u0131 Ersin Tatar, Meclis Ba\u015fkan\u0131 Ziya \u00d6zt\u00fcrkler, Ba\u015fbakan \u00dcnal \u00dcstel, T\u00fcrkiye\u2019nin Lefko\u015fa B\u00fcy\u00fckel\u00e7isi Yasin Ekrem Serim, baz\u0131 bakanlar ve milletvekilleriyle birlikte Cumhurba\u015fkanl\u0131\u011f\u0131 ve Meclis Yerle\u015fkesi\u2019ne ziyarette bulundu. Y\u0131lmaz ve Tatar ile devlet ve h\u00fck\u00fcmet yetkilileri Cumhuriyet Meclisi Binas\u0131, Meclis Genel Kurul Salonu ve Cumhurba\u015fkanl\u0131\u011f\u0131 Binas\u0131\u2019n\u0131 gezdi ve ilgililerden bilgi ald\u0131.","og_url":"https:\/\/haberkuzey.com\/index.php\/2025\/01\/29\/yilmaz-cumhurbaskanligi-ve-meclis-yerleskesini-ziyaret-etti\/","og_site_name":"Haber Kuzey","article_published_time":"2025-01-29T16:50:59+00:00","og_image":[{"url":"https:\/\/brtk.net\/wp-content\/uploads\/2025\/01\/29\/Screenshot_20250129_190017_X.jpg?ver=3326e3e954732d316d550ff50933df2b","type":"","width":"","height":""}],"author":"haberkuzey","twitter_card":"summary_large_image","twitter_misc":{"Yazan:":"haberkuzey"},"schema":{"@context":"https:\/\/schema.org","@graph":[{"@type":"Article","@id":"https:\/\/haberkuzey.com\/index.php\/2025\/01\/29\/yilmaz-cumhurbaskanligi-ve-meclis-yerleskesini-ziyaret-etti\/#article","isPartOf":{"@id":"https:\/\/haberkuzey.com\/index.php\/2025\/01\/29\/yilmaz-cumhurbaskanligi-ve-meclis-yerleskesini-ziyaret-etti\/"},"author":{"name":"haberkuzey","@id":"https:\/\/haberkuzey.com\/#\/schema\/person\/3372109ec735f9333f4fa47ebb9605ca"},"headline":"Y\u0131lmaz, Cumhurba\u015fkanl\u0131\u011f\u0131 ve Meclis Yerle\u015fkesi\u2019ni ziyaret etti","datePublished":"2025-01-29T16:50:59+00:00","mainEntityOfPage":{"@id":"https:\/\/haberkuzey.com\/index.php\/2025\/01\/29\/yilmaz-cumhurbaskanligi-ve-meclis-yerleskesini-ziyaret-etti\/"},"wordCount":88,"commentCount":0,"image":{"@id":"https:\/\/haberkuzey.com\/index.php\/2025\/01\/29\/yilmaz-cumhurbaskanligi-ve-meclis-yerleskesini-ziyaret-etti\/#primaryimage"},"thumbnailUrl":"https:\/\/haberkuzey.com\/wp-content\/uploads\/2025\/01\/Screenshot_20250129_190017_X.jpg","articleSection":["D\u00fcnya"],"inLanguage":"tr","potentialAction":[{"@type":"CommentAction","name":"Comment","target":["https:\/\/haberkuzey.com\/index.php\/2025\/01\/29\/yilmaz-cumhurbaskanligi-ve-meclis-yerleskesini-ziyaret-etti\/#respond"]}]},{"@type":"WebPage","@id":"https:\/\/haberkuzey.com\/index.php\/2025\/01\/29\/yilmaz-cumhurbaskanligi-ve-meclis-yerleskesini-ziyaret-etti\/","url":"https:\/\/haberkuzey.com\/index.php\/2025\/01\/29\/yilmaz-cumhurbaskanligi-ve-meclis-yerleskesini-ziyaret-etti\/","name":"Y\u0131lmaz, Cumhurba\u015fkanl\u0131\u011f\u0131 ve Meclis Yerle\u015fkesi\u2019ni ziyaret etti - Haber Kuzey","isPartOf":{"@id":"https:\/\/haberkuzey.com\/#website"},"primaryImageOfPage":{"@id":"https:\/\/haberkuzey.com\/index.php\/2025\/01\/29\/yilmaz-cumhurbaskanligi-ve-meclis-yerleskesini-ziyaret-etti\/#primaryimage"},"image":{"@id":"https:\/\/haberkuzey.com\/index.php\/2025\/01\/29\/yilmaz-cumhurbaskanligi-ve-meclis-yerleskesini-ziyaret-etti\/#primaryimage"},"thumbnailUrl":"https:\/\/haberkuzey.com\/wp-content\/uploads\/2025\/01\/Screenshot_20250129_190017_X.jpg","datePublished":"2025-01-29T16:50:59+00:00","author":{"@id":"https:\/\/haberkuzey.com\/#\/schema\/person\/3372109ec735f9333f4fa47ebb9605ca"},"breadcrumb":{"@id":"https:\/\/haberkuzey.com\/index.php\/2025\/01\/29\/yilmaz-cumhurbaskanligi-ve-meclis-yerleskesini-ziyaret-etti\/#breadcrumb"},"inLanguage":"tr","potentialAction":[{"@type":"ReadAction","target":["https:\/\/haberkuzey.com\/index.php\/2025\/01\/29\/yilmaz-cumhurbaskanligi-ve-meclis-yerleskesini-ziyaret-etti\/"]}]},{"@type":"ImageObject","inLanguage":"tr","@id":"https:\/\/haberkuzey.com\/index.php\/2025\/01\/29\/yilmaz-cumhurbaskanligi-ve-meclis-yerleskesini-ziyaret-etti\/#primaryimage","url":"https:\/\/haberkuzey.com\/wp-content\/uploads\/2025\/01\/Screenshot_20250129_190017_X.jpg","contentUrl":"https:\/\/haberkuzey.com\/wp-content\/uploads\/2025\/01\/Screenshot_20250129_190017_X.jpg","width":851,"height":484},{"@type":"BreadcrumbList","@id":"https:\/\/haberkuzey.com\/index.php\/2025\/01\/29\/yilmaz-cumhurbaskanligi-ve-meclis-yerleskesini-ziyaret-etti\/#breadcrumb","itemListElement":[{"@type":"ListItem","position":1,"name":"Anasayfa","item":"https:\/\/haberkuzey.com\/"},{"@type":"ListItem","position":2,"name":"Y\u0131lmaz, Cumhurba\u015fkanl\u0131\u011f\u0131 ve Meclis Yerle\u015fkesi\u2019ni ziyaret etti"}]},{"@type":"WebSite","@id":"https:\/\/haberkuzey.com\/#website","url":"https:\/\/haberkuzey.com\/","name":"Haber Kuzey","description":"Do\u011fru Haberin Adresi","potentialAction":[{"@type":"SearchAction","target":{"@type":"EntryPoint","urlTemplate":"https:\/\/haberkuzey.com\/?s={search_term_string}"},"query-input":{"@type":"PropertyValueSpecification","valueRequired":true,"valueName":"search_term_string"}}],"inLanguage":"tr"},{"@type":"Person","@id":"https:\/\/haberkuzey.com\/#\/schema\/person\/3372109ec735f9333f4fa47ebb9605ca","name":"haberkuzey","image":{"@type":"ImageObject","inLanguage":"tr","@id":"https:\/\/secure.gravatar.com\/avatar\/f5fc875574b1575324358c3b9e6a32b8227aa5b74f3fa22e3cadb63e26fcc39c?s=96&d=mm&r=g","url":"https:\/\/secure.gravatar.com\/avatar\/f5fc875574b1575324358c3b9e6a32b8227aa5b74f3fa22e3cadb63e26fcc39c?s=96&d=mm&r=g","contentUrl":"https:\/\/secure.gravatar.com\/avatar\/f5fc875574b1575324358c3b9e6a32b8227aa5b74f3fa22e3cadb63e26fcc39c?s=96&d=mm&r=g","caption":"haberkuzey"},"sameAs":["https:\/\/haberkuzey.com"],"url":"https:\/\/haberkuzey.com\/index.php\/author\/haberkuzey\/"}]}},"_links":{"self":[{"href":"https:\/\/haberkuzey.com\/index.php\/wp-json\/wp\/v2\/posts\/17354","targetHints":{"allow":["GET"]}}],"collection":[{"href":"https:\/\/haberkuzey.com\/index.php\/wp-json\/wp\/v2\/posts"}],"about":[{"href":"https:\/\/haberkuzey.com\/index.php\/wp-json\/wp\/v2\/types\/post"}],"author":[{"embeddable":true,"href":"https:\/\/haberkuzey.com\/index.php\/wp-json\/wp\/v2\/users\/1"}],"replies":[{"embeddable":true,"href":"https:\/\/haberkuzey.com\/index.php\/wp-json\/wp\/v2\/comments?post=17354"}],"version-history":[{"count":0,"href":"https:\/\/haberkuzey.com\/index.php\/wp-json\/wp\/v2\/posts\/17354\/revisions"}],"wp:featuredmedia":[{"embeddable":true,"href":"https:\/\/haberkuzey.com\/index.php\/wp-json\/wp\/v2\/media\/17355"}],"wp:attachment":[{"href":"https:\/\/haberkuzey.com\/index.php\/wp-json\/wp\/v2\/media?parent=17354"}],"wp:term":[{"taxonomy":"category","embeddable":true,"href":"https:\/\/haberkuzey.com\/index.php\/wp-json\/wp\/v2\/categories?post=17354"},{"taxonomy":"post_tag","embeddable":true,"href":"https:\/\/haberkuzey.com\/index.php\/wp-json\/wp\/v2\/tags?post=17354"}],"curies":[{"name":"wp","href":"https:\/\/api.w.org\/{rel}","templated":true}]}}