{"id":1728,"date":"2024-05-08T15:15:57","date_gmt":"2024-05-08T12:15:57","guid":{"rendered":"https:\/\/haberkuzey.com\/index.php\/2024\/05\/08\/tatar-kibris-turk-tarafinin-egemenliginin-net-bir-sekilde-kabulu-gereklidir\/"},"modified":"2024-05-08T15:15:57","modified_gmt":"2024-05-08T12:15:57","slug":"tatar-kibris-turk-tarafinin-egemenliginin-net-bir-sekilde-kabulu-gereklidir","status":"publish","type":"post","link":"https:\/\/haberkuzey.com\/index.php\/2024\/05\/08\/tatar-kibris-turk-tarafinin-egemenliginin-net-bir-sekilde-kabulu-gereklidir\/","title":{"rendered":"Tatar: K\u0131br\u0131s T\u00fcrk taraf\u0131n\u0131n egemenli\u011finin net bir \u015fekilde kabul\u00fc gereklidir"},"content":{"rendered":"<div>\n<div class=\"mariselle-image-container center\">\n                                            <\/div>\n<p>\tBirle\u015fmi\u015f Milletler Genel Sekreteri\u2019nin K\u0131br\u0131s Ki\u015fisel Temsilcisi Maria Angela HolguinCuellar yeniden Kuzey K\u0131br\u0131s T\u00fcrk Cumhuriyeti ve G\u00fcney K\u0131br\u0131s\u2019ta temaslarda bulunuyor.<br \/>14 May\u0131s\u2019a kadar K\u0131br\u0131s\u2019ta kalacak olan Holguin, Rum lider Nikos Hristodulidis\u2019in ard\u0131ndan BUG\u00dcN saat 12.00\u2019de Cumhurba\u015fkan\u0131 Ersin Tatar ile bir araya geldi.<\/p>\n<p>\tYakla\u015f\u0131k bir saat 10 dakika s\u00fcren g\u00f6r\u00fc\u015fme sonras\u0131 a\u00e7\u0131klama yapan Cumhurba\u015fkan\u0131 Tatar, Holguin\u2019in yetkilerini ve K\u0131br\u0131s T\u00fcrk taraf\u0131n\u0131n verdi\u011fi onay\u0131 hat\u0131rlatt\u0131\u011f\u0131n\u0131 belirtti.<br \/>Yeni siyasete ve K\u0131br\u0131s T\u00fcrk taraf\u0131n\u0131n pozisyonuna ili\u015fkin Holguin\u2019e bilgi aktaran Cumhurba\u015fkan\u0131 Tatar, K\u0131br\u0131s T\u00fcrk taraf\u0131n\u0131n egemenli\u011finin net bir \u015fekilde kabul\u00fcn\u00fcn gereklili\u011fine i\u015faret etti.<\/p>\n<p>Tatar, K\u0131br\u0131s Cumhuriyeti\u2019nin t\u00fcm K\u0131br\u0131s\u2019\u0131n h\u00fck\u00fcmeti gibi g\u00f6r\u00fcld\u00fc\u011f\u00fcn\u00fc, AB \u00fcyesi olarak K\u0131br\u0131s T\u00fcrk\u00fc\u2019n\u00fcn gasp etti\u011fi haklar\u0131n\u0131 sonuna kadar istismar ettiklerini de vurgulayarak, bunun her t\u00fcrl\u00fc izolasyon, ambargo, direkt u\u00e7u\u015f ve ticaret gibi konularda da yap\u0131lmakta oldu\u011funu belirtti.<\/p>\n<p>Gambiya\u2019daki \u0130slam \u0130\u015fbirli\u011fi Te\u015fkilat\u0131 zirvesi ziyareti \u00f6ncesi de G\u00fcney K\u0131br\u0131s\u2019\u0131n oradaki faaliyetleri engelleme giri\u015fimi yapt\u0131\u011f\u0131n\u0131 dile getiren Tatar \u015funlar\u0131 s\u00f6yledi:<\/p>\n<p>\u201cEsas olan zihniyetin de\u011fi\u015fmesidir, K\u0131br\u0131s T\u00fcrk\u00fc de en az Rumlar kadar me\u015frudur, e\u015fit egemenlik hakk\u0131na sahiptir, bu m\u00fccadeleyi o y\u00fczden veriyoruz. Ortak zemin olmazsa, bulu\u015fma ve tekrar g\u00f6r\u00fc\u015fmenin anlam\u0131 yoktur. Holguin\u2019in raporunda bu hassasiyetlere \u00f6nem verip, K\u0131br\u0131s meselesinin detaylar\u0131n\u0131 g\u00f6rerek, adil bir rapor ortaya \u00e7\u0131kacaksa b\u00fct\u00fcn bunlar ifade edilmelidir\u201d dedi.<\/p>\n<p>Tatar, bask\u0131yla ve zorla bir \u00e7\u00f6z\u00fcm aray\u0131\u015f\u0131n\u0131n netice vermedi\u011fine i\u015faret ederek, Anavatan T\u00fcrkiye\u2019nin deste\u011fi, kurum ve kurulu\u015flar\u0131,demokrasisi,halk\u0131 ve ba\u015far\u0131lar\u0131 ile KKTC devletinin var  oldu\u011funu s\u00f6yledi.<br \/>Tatar \u201cBizi 1974, hatta 1960 \u00f6ncesine g\u00f6t\u00fcrecek herhangi bir anlay\u0131\u015fa kar\u015f\u0131 duraca\u011f\u0131m\u0131z\u0131 ilettim. Bu devlet bu anla\u015fman\u0131n mutlak surette bir par\u00e7as\u0131 olacakt\u0131r. Bizi entrikaya belirsizli\u011fe s\u00fcr\u00fckleyecek bir anla\u015fmaya kar\u015f\u0131y\u0131z.E\u015fit egemenli\u011fimizin teyit edilmedi\u011fi bir anla\u015fmaya kar\u015f\u0131y\u0131z.Kendisine gayretleri, yapt\u0131\u011f\u0131 \u00e7al\u0131\u015fmalar i\u00e7in te\u015fekk\u00fcr ederim.Yazaca\u011f\u0131 raporda ger\u00e7ekleri son yar\u0131m as\u0131rda ya\u015fananlar\u0131 en iyi \u015fekilde tahlil edip raporuna yans\u0131tmas\u0131n\u0131 dilerim. K\u0131br\u0131s meselesinin \u00f6z\u00fcn\u00fc anlama ve \u00f6\u011frenme f\u0131rsat\u0131 oldu. K\u0131br\u0131s T\u00fcrk\u00fcne yap\u0131lan haks\u0131zl\u0131klar\u0131 ve K\u0131br\u0131s Rum taraf\u0131n\u0131n pozisyonunu istismar etti\u011fini rapora yans\u0131tmas\u0131 temennimdir\u201d dedi.<\/p>\n<\/p><\/div>\n<p><script async\n                    defer\n                    crossorigin=\"anonymous\"\n                    src=\"https:\/\/connect.facebook.net\/tr_TR\/sdk.js#xfbml=1&#038;version=v3.3\"\n            ><\/script><\/p>\n","protected":false},"excerpt":{"rendered":"<p>Birle\u015fmi\u015f Milletler Genel Sekreteri\u2019nin K\u0131br\u0131s Ki\u015fisel Temsilcisi Maria Angela HolguinCuellar yeniden Kuzey K\u0131br\u0131s T\u00fcrk Cumhuriyeti ve G\u00fcney K\u0131br\u0131s\u2019ta temaslarda bulunuyor.14 May\u0131s\u2019a kadar K\u0131br\u0131s\u2019ta kalacak olan Holguin, Rum lider Nikos Hristodulidis\u2019in ard\u0131ndan BUG\u00dcN saat 12.00\u2019de Cumhurba\u015fkan\u0131 Ersin Tatar ile bir araya geldi. Yakla\u015f\u0131k bir saat 10 dakika s\u00fcren g\u00f6r\u00fc\u015fme sonras\u0131 a\u00e7\u0131klama yapan Cumhurba\u015fkan\u0131 Tatar, Holguin\u2019in yetkilerini [&hellip;]<\/p>\n","protected":false},"author":1,"featured_media":1729,"comment_status":"open","ping_status":"open","sticky":false,"template":"","format":"standard","meta":{"jnews-multi-image_gallery":[],"jnews_single_post":[],"jnews_primary_category":[],"footnotes":""},"categories":[1],"tags":[],"class_list":["post-1728","post","type-post","status-publish","format-standard","has-post-thumbnail","hentry","category-kibris"],"yoast_head":"<!-- This site is optimized with the Yoast SEO plugin v27.5 - https:\/\/yoast.com\/product\/yoast-seo-wordpress\/ -->\n<title>Tatar: K\u0131br\u0131s T\u00fcrk taraf\u0131n\u0131n egemenli\u011finin net bir \u015fekilde kabul\u00fc gereklidir - Haber Kuzey<\/title>\n<meta name=\"robots\" content=\"index, follow, max-snippet:-1, max-image-preview:large, max-video-preview:-1\" \/>\n<link rel=\"canonical\" href=\"https:\/\/haberkuzey.com\/index.php\/2024\/05\/08\/tatar-kibris-turk-tarafinin-egemenliginin-net-bir-sekilde-kabulu-gereklidir\/\" \/>\n<meta property=\"og:locale\" content=\"tr_TR\" \/>\n<meta property=\"og:type\" content=\"article\" \/>\n<meta property=\"og:title\" content=\"Tatar: K\u0131br\u0131s T\u00fcrk taraf\u0131n\u0131n egemenli\u011finin net bir \u015fekilde kabul\u00fc gereklidir - Haber Kuzey\" \/>\n<meta property=\"og:description\" content=\"Birle\u015fmi\u015f Milletler Genel Sekreteri\u2019nin K\u0131br\u0131s Ki\u015fisel Temsilcisi Maria Angela HolguinCuellar yeniden Kuzey K\u0131br\u0131s T\u00fcrk Cumhuriyeti ve G\u00fcney K\u0131br\u0131s\u2019ta temaslarda bulunuyor.14 May\u0131s\u2019a kadar K\u0131br\u0131s\u2019ta kalacak olan Holguin, Rum lider Nikos Hristodulidis\u2019in ard\u0131ndan BUG\u00dcN saat 12.00\u2019de Cumhurba\u015fkan\u0131 Ersin Tatar ile bir araya geldi. Yakla\u015f\u0131k bir saat 10 dakika s\u00fcren g\u00f6r\u00fc\u015fme sonras\u0131 a\u00e7\u0131klama yapan Cumhurba\u015fkan\u0131 Tatar, Holguin\u2019in yetkilerini [&hellip;]\" \/>\n<meta property=\"og:url\" content=\"https:\/\/haberkuzey.com\/index.php\/2024\/05\/08\/tatar-kibris-turk-tarafinin-egemenliginin-net-bir-sekilde-kabulu-gereklidir\/\" \/>\n<meta property=\"og:site_name\" content=\"Haber Kuzey\" \/>\n<meta property=\"article:published_time\" content=\"2024-05-08T12:15:57+00:00\" \/>\n<meta property=\"og:image\" content=\"https:\/\/brtk.net\/wp-content\/uploads\/2024\/05\/08\/233333a7-eab5-4b0a-9b1b-b9afeec1710e-1.jpg?ver=bc6fc498c4bad5c46cf892298629f4d2\" \/>\n<meta name=\"author\" content=\"haberkuzey\" \/>\n<meta name=\"twitter:card\" content=\"summary_large_image\" \/>\n<meta name=\"twitter:label1\" content=\"Yazan:\" \/>\n\t<meta name=\"twitter:data1\" content=\"haberkuzey\" \/>\n\t<meta name=\"twitter:label2\" content=\"Tahmini okuma s\u00fcresi\" \/>\n\t<meta name=\"twitter:data2\" content=\"2 dakika\" \/>\n<script type=\"application\/ld+json\" class=\"yoast-schema-graph\">{\"@context\":\"https:\\\/\\\/schema.org\",\"@graph\":[{\"@type\":\"Article\",\"@id\":\"https:\\\/\\\/haberkuzey.com\\\/index.php\\\/2024\\\/05\\\/08\\\/tatar-kibris-turk-tarafinin-egemenliginin-net-bir-sekilde-kabulu-gereklidir\\\/#article\",\"isPartOf\":{\"@id\":\"https:\\\/\\\/haberkuzey.com\\\/index.php\\\/2024\\\/05\\\/08\\\/tatar-kibris-turk-tarafinin-egemenliginin-net-bir-sekilde-kabulu-gereklidir\\\/\"},\"author\":{\"name\":\"haberkuzey\",\"@id\":\"https:\\\/\\\/haberkuzey.com\\\/#\\\/schema\\\/person\\\/3372109ec735f9333f4fa47ebb9605ca\"},\"headline\":\"Tatar: K\u0131br\u0131s T\u00fcrk taraf\u0131n\u0131n egemenli\u011finin net bir \u015fekilde kabul\u00fc gereklidir\",\"datePublished\":\"2024-05-08T12:15:57+00:00\",\"mainEntityOfPage\":{\"@id\":\"https:\\\/\\\/haberkuzey.com\\\/index.php\\\/2024\\\/05\\\/08\\\/tatar-kibris-turk-tarafinin-egemenliginin-net-bir-sekilde-kabulu-gereklidir\\\/\"},\"wordCount\":484,\"commentCount\":0,\"image\":{\"@id\":\"https:\\\/\\\/haberkuzey.com\\\/index.php\\\/2024\\\/05\\\/08\\\/tatar-kibris-turk-tarafinin-egemenliginin-net-bir-sekilde-kabulu-gereklidir\\\/#primaryimage\"},\"thumbnailUrl\":\"https:\\\/\\\/haberkuzey.com\\\/wp-content\\\/uploads\\\/2024\\\/05\\\/233333a7-eab5-4b0a-9b1b-b9afeec1710e-1.jpg\",\"articleSection\":[\"K\u0131br\u0131s\"],\"inLanguage\":\"tr\",\"potentialAction\":[{\"@type\":\"CommentAction\",\"name\":\"Comment\",\"target\":[\"https:\\\/\\\/haberkuzey.com\\\/index.php\\\/2024\\\/05\\\/08\\\/tatar-kibris-turk-tarafinin-egemenliginin-net-bir-sekilde-kabulu-gereklidir\\\/#respond\"]}]},{\"@type\":\"WebPage\",\"@id\":\"https:\\\/\\\/haberkuzey.com\\\/index.php\\\/2024\\\/05\\\/08\\\/tatar-kibris-turk-tarafinin-egemenliginin-net-bir-sekilde-kabulu-gereklidir\\\/\",\"url\":\"https:\\\/\\\/haberkuzey.com\\\/index.php\\\/2024\\\/05\\\/08\\\/tatar-kibris-turk-tarafinin-egemenliginin-net-bir-sekilde-kabulu-gereklidir\\\/\",\"name\":\"Tatar: K\u0131br\u0131s T\u00fcrk taraf\u0131n\u0131n egemenli\u011finin net bir \u015fekilde kabul\u00fc gereklidir - Haber Kuzey\",\"isPartOf\":{\"@id\":\"https:\\\/\\\/haberkuzey.com\\\/#website\"},\"primaryImageOfPage\":{\"@id\":\"https:\\\/\\\/haberkuzey.com\\\/index.php\\\/2024\\\/05\\\/08\\\/tatar-kibris-turk-tarafinin-egemenliginin-net-bir-sekilde-kabulu-gereklidir\\\/#primaryimage\"},\"image\":{\"@id\":\"https:\\\/\\\/haberkuzey.com\\\/index.php\\\/2024\\\/05\\\/08\\\/tatar-kibris-turk-tarafinin-egemenliginin-net-bir-sekilde-kabulu-gereklidir\\\/#primaryimage\"},\"thumbnailUrl\":\"https:\\\/\\\/haberkuzey.com\\\/wp-content\\\/uploads\\\/2024\\\/05\\\/233333a7-eab5-4b0a-9b1b-b9afeec1710e-1.jpg\",\"datePublished\":\"2024-05-08T12:15:57+00:00\",\"author\":{\"@id\":\"https:\\\/\\\/haberkuzey.com\\\/#\\\/schema\\\/person\\\/3372109ec735f9333f4fa47ebb9605ca\"},\"breadcrumb\":{\"@id\":\"https:\\\/\\\/haberkuzey.com\\\/index.php\\\/2024\\\/05\\\/08\\\/tatar-kibris-turk-tarafinin-egemenliginin-net-bir-sekilde-kabulu-gereklidir\\\/#breadcrumb\"},\"inLanguage\":\"tr\",\"potentialAction\":[{\"@type\":\"ReadAction\",\"target\":[\"https:\\\/\\\/haberkuzey.com\\\/index.php\\\/2024\\\/05\\\/08\\\/tatar-kibris-turk-tarafinin-egemenliginin-net-bir-sekilde-kabulu-gereklidir\\\/\"]}]},{\"@type\":\"ImageObject\",\"inLanguage\":\"tr\",\"@id\":\"https:\\\/\\\/haberkuzey.com\\\/index.php\\\/2024\\\/05\\\/08\\\/tatar-kibris-turk-tarafinin-egemenliginin-net-bir-sekilde-kabulu-gereklidir\\\/#primaryimage\",\"url\":\"https:\\\/\\\/haberkuzey.com\\\/wp-content\\\/uploads\\\/2024\\\/05\\\/233333a7-eab5-4b0a-9b1b-b9afeec1710e-1.jpg\",\"contentUrl\":\"https:\\\/\\\/haberkuzey.com\\\/wp-content\\\/uploads\\\/2024\\\/05\\\/233333a7-eab5-4b0a-9b1b-b9afeec1710e-1.jpg\",\"width\":1600,\"height\":708},{\"@type\":\"BreadcrumbList\",\"@id\":\"https:\\\/\\\/haberkuzey.com\\\/index.php\\\/2024\\\/05\\\/08\\\/tatar-kibris-turk-tarafinin-egemenliginin-net-bir-sekilde-kabulu-gereklidir\\\/#breadcrumb\",\"itemListElement\":[{\"@type\":\"ListItem\",\"position\":1,\"name\":\"Anasayfa\",\"item\":\"https:\\\/\\\/haberkuzey.com\\\/\"},{\"@type\":\"ListItem\",\"position\":2,\"name\":\"Tatar: K\u0131br\u0131s T\u00fcrk taraf\u0131n\u0131n egemenli\u011finin net bir \u015fekilde kabul\u00fc gereklidir\"}]},{\"@type\":\"WebSite\",\"@id\":\"https:\\\/\\\/haberkuzey.com\\\/#website\",\"url\":\"https:\\\/\\\/haberkuzey.com\\\/\",\"name\":\"Haber Kuzey\",\"description\":\"Do\u011fru Haberin Adresi\",\"potentialAction\":[{\"@type\":\"SearchAction\",\"target\":{\"@type\":\"EntryPoint\",\"urlTemplate\":\"https:\\\/\\\/haberkuzey.com\\\/?s={search_term_string}\"},\"query-input\":{\"@type\":\"PropertyValueSpecification\",\"valueRequired\":true,\"valueName\":\"search_term_string\"}}],\"inLanguage\":\"tr\"},{\"@type\":\"Person\",\"@id\":\"https:\\\/\\\/haberkuzey.com\\\/#\\\/schema\\\/person\\\/3372109ec735f9333f4fa47ebb9605ca\",\"name\":\"haberkuzey\",\"image\":{\"@type\":\"ImageObject\",\"inLanguage\":\"tr\",\"@id\":\"https:\\\/\\\/secure.gravatar.com\\\/avatar\\\/f5fc875574b1575324358c3b9e6a32b8227aa5b74f3fa22e3cadb63e26fcc39c?s=96&d=mm&r=g\",\"url\":\"https:\\\/\\\/secure.gravatar.com\\\/avatar\\\/f5fc875574b1575324358c3b9e6a32b8227aa5b74f3fa22e3cadb63e26fcc39c?s=96&d=mm&r=g\",\"contentUrl\":\"https:\\\/\\\/secure.gravatar.com\\\/avatar\\\/f5fc875574b1575324358c3b9e6a32b8227aa5b74f3fa22e3cadb63e26fcc39c?s=96&d=mm&r=g\",\"caption\":\"haberkuzey\"},\"sameAs\":[\"https:\\\/\\\/haberkuzey.com\"],\"url\":\"https:\\\/\\\/haberkuzey.com\\\/index.php\\\/author\\\/haberkuzey\\\/\"}]}<\/script>\n<!-- \/ Yoast SEO plugin. -->","yoast_head_json":{"title":"Tatar: K\u0131br\u0131s T\u00fcrk taraf\u0131n\u0131n egemenli\u011finin net bir \u015fekilde kabul\u00fc gereklidir - Haber Kuzey","robots":{"index":"index","follow":"follow","max-snippet":"max-snippet:-1","max-image-preview":"max-image-preview:large","max-video-preview":"max-video-preview:-1"},"canonical":"https:\/\/haberkuzey.com\/index.php\/2024\/05\/08\/tatar-kibris-turk-tarafinin-egemenliginin-net-bir-sekilde-kabulu-gereklidir\/","og_locale":"tr_TR","og_type":"article","og_title":"Tatar: K\u0131br\u0131s T\u00fcrk taraf\u0131n\u0131n egemenli\u011finin net bir \u015fekilde kabul\u00fc gereklidir - Haber Kuzey","og_description":"Birle\u015fmi\u015f Milletler Genel Sekreteri\u2019nin K\u0131br\u0131s Ki\u015fisel Temsilcisi Maria Angela HolguinCuellar yeniden Kuzey K\u0131br\u0131s T\u00fcrk Cumhuriyeti ve G\u00fcney K\u0131br\u0131s\u2019ta temaslarda bulunuyor.14 May\u0131s\u2019a kadar K\u0131br\u0131s\u2019ta kalacak olan Holguin, Rum lider Nikos Hristodulidis\u2019in ard\u0131ndan BUG\u00dcN saat 12.00\u2019de Cumhurba\u015fkan\u0131 Ersin Tatar ile bir araya geldi. Yakla\u015f\u0131k bir saat 10 dakika s\u00fcren g\u00f6r\u00fc\u015fme sonras\u0131 a\u00e7\u0131klama yapan Cumhurba\u015fkan\u0131 Tatar, Holguin\u2019in yetkilerini [&hellip;]","og_url":"https:\/\/haberkuzey.com\/index.php\/2024\/05\/08\/tatar-kibris-turk-tarafinin-egemenliginin-net-bir-sekilde-kabulu-gereklidir\/","og_site_name":"Haber Kuzey","article_published_time":"2024-05-08T12:15:57+00:00","og_image":[{"url":"https:\/\/brtk.net\/wp-content\/uploads\/2024\/05\/08\/233333a7-eab5-4b0a-9b1b-b9afeec1710e-1.jpg?ver=bc6fc498c4bad5c46cf892298629f4d2","type":"","width":"","height":""}],"author":"haberkuzey","twitter_card":"summary_large_image","twitter_misc":{"Yazan:":"haberkuzey","Tahmini okuma s\u00fcresi":"2 dakika"},"schema":{"@context":"https:\/\/schema.org","@graph":[{"@type":"Article","@id":"https:\/\/haberkuzey.com\/index.php\/2024\/05\/08\/tatar-kibris-turk-tarafinin-egemenliginin-net-bir-sekilde-kabulu-gereklidir\/#article","isPartOf":{"@id":"https:\/\/haberkuzey.com\/index.php\/2024\/05\/08\/tatar-kibris-turk-tarafinin-egemenliginin-net-bir-sekilde-kabulu-gereklidir\/"},"author":{"name":"haberkuzey","@id":"https:\/\/haberkuzey.com\/#\/schema\/person\/3372109ec735f9333f4fa47ebb9605ca"},"headline":"Tatar: K\u0131br\u0131s T\u00fcrk taraf\u0131n\u0131n egemenli\u011finin net bir \u015fekilde kabul\u00fc gereklidir","datePublished":"2024-05-08T12:15:57+00:00","mainEntityOfPage":{"@id":"https:\/\/haberkuzey.com\/index.php\/2024\/05\/08\/tatar-kibris-turk-tarafinin-egemenliginin-net-bir-sekilde-kabulu-gereklidir\/"},"wordCount":484,"commentCount":0,"image":{"@id":"https:\/\/haberkuzey.com\/index.php\/2024\/05\/08\/tatar-kibris-turk-tarafinin-egemenliginin-net-bir-sekilde-kabulu-gereklidir\/#primaryimage"},"thumbnailUrl":"https:\/\/haberkuzey.com\/wp-content\/uploads\/2024\/05\/233333a7-eab5-4b0a-9b1b-b9afeec1710e-1.jpg","articleSection":["K\u0131br\u0131s"],"inLanguage":"tr","potentialAction":[{"@type":"CommentAction","name":"Comment","target":["https:\/\/haberkuzey.com\/index.php\/2024\/05\/08\/tatar-kibris-turk-tarafinin-egemenliginin-net-bir-sekilde-kabulu-gereklidir\/#respond"]}]},{"@type":"WebPage","@id":"https:\/\/haberkuzey.com\/index.php\/2024\/05\/08\/tatar-kibris-turk-tarafinin-egemenliginin-net-bir-sekilde-kabulu-gereklidir\/","url":"https:\/\/haberkuzey.com\/index.php\/2024\/05\/08\/tatar-kibris-turk-tarafinin-egemenliginin-net-bir-sekilde-kabulu-gereklidir\/","name":"Tatar: K\u0131br\u0131s T\u00fcrk taraf\u0131n\u0131n egemenli\u011finin net bir \u015fekilde kabul\u00fc gereklidir - Haber Kuzey","isPartOf":{"@id":"https:\/\/haberkuzey.com\/#website"},"primaryImageOfPage":{"@id":"https:\/\/haberkuzey.com\/index.php\/2024\/05\/08\/tatar-kibris-turk-tarafinin-egemenliginin-net-bir-sekilde-kabulu-gereklidir\/#primaryimage"},"image":{"@id":"https:\/\/haberkuzey.com\/index.php\/2024\/05\/08\/tatar-kibris-turk-tarafinin-egemenliginin-net-bir-sekilde-kabulu-gereklidir\/#primaryimage"},"thumbnailUrl":"https:\/\/haberkuzey.com\/wp-content\/uploads\/2024\/05\/233333a7-eab5-4b0a-9b1b-b9afeec1710e-1.jpg","datePublished":"2024-05-08T12:15:57+00:00","author":{"@id":"https:\/\/haberkuzey.com\/#\/schema\/person\/3372109ec735f9333f4fa47ebb9605ca"},"breadcrumb":{"@id":"https:\/\/haberkuzey.com\/index.php\/2024\/05\/08\/tatar-kibris-turk-tarafinin-egemenliginin-net-bir-sekilde-kabulu-gereklidir\/#breadcrumb"},"inLanguage":"tr","potentialAction":[{"@type":"ReadAction","target":["https:\/\/haberkuzey.com\/index.php\/2024\/05\/08\/tatar-kibris-turk-tarafinin-egemenliginin-net-bir-sekilde-kabulu-gereklidir\/"]}]},{"@type":"ImageObject","inLanguage":"tr","@id":"https:\/\/haberkuzey.com\/index.php\/2024\/05\/08\/tatar-kibris-turk-tarafinin-egemenliginin-net-bir-sekilde-kabulu-gereklidir\/#primaryimage","url":"https:\/\/haberkuzey.com\/wp-content\/uploads\/2024\/05\/233333a7-eab5-4b0a-9b1b-b9afeec1710e-1.jpg","contentUrl":"https:\/\/haberkuzey.com\/wp-content\/uploads\/2024\/05\/233333a7-eab5-4b0a-9b1b-b9afeec1710e-1.jpg","width":1600,"height":708},{"@type":"BreadcrumbList","@id":"https:\/\/haberkuzey.com\/index.php\/2024\/05\/08\/tatar-kibris-turk-tarafinin-egemenliginin-net-bir-sekilde-kabulu-gereklidir\/#breadcrumb","itemListElement":[{"@type":"ListItem","position":1,"name":"Anasayfa","item":"https:\/\/haberkuzey.com\/"},{"@type":"ListItem","position":2,"name":"Tatar: K\u0131br\u0131s T\u00fcrk taraf\u0131n\u0131n egemenli\u011finin net bir \u015fekilde kabul\u00fc gereklidir"}]},{"@type":"WebSite","@id":"https:\/\/haberkuzey.com\/#website","url":"https:\/\/haberkuzey.com\/","name":"Haber Kuzey","description":"Do\u011fru Haberin Adresi","potentialAction":[{"@type":"SearchAction","target":{"@type":"EntryPoint","urlTemplate":"https:\/\/haberkuzey.com\/?s={search_term_string}"},"query-input":{"@type":"PropertyValueSpecification","valueRequired":true,"valueName":"search_term_string"}}],"inLanguage":"tr"},{"@type":"Person","@id":"https:\/\/haberkuzey.com\/#\/schema\/person\/3372109ec735f9333f4fa47ebb9605ca","name":"haberkuzey","image":{"@type":"ImageObject","inLanguage":"tr","@id":"https:\/\/secure.gravatar.com\/avatar\/f5fc875574b1575324358c3b9e6a32b8227aa5b74f3fa22e3cadb63e26fcc39c?s=96&d=mm&r=g","url":"https:\/\/secure.gravatar.com\/avatar\/f5fc875574b1575324358c3b9e6a32b8227aa5b74f3fa22e3cadb63e26fcc39c?s=96&d=mm&r=g","contentUrl":"https:\/\/secure.gravatar.com\/avatar\/f5fc875574b1575324358c3b9e6a32b8227aa5b74f3fa22e3cadb63e26fcc39c?s=96&d=mm&r=g","caption":"haberkuzey"},"sameAs":["https:\/\/haberkuzey.com"],"url":"https:\/\/haberkuzey.com\/index.php\/author\/haberkuzey\/"}]}},"_links":{"self":[{"href":"https:\/\/haberkuzey.com\/index.php\/wp-json\/wp\/v2\/posts\/1728","targetHints":{"allow":["GET"]}}],"collection":[{"href":"https:\/\/haberkuzey.com\/index.php\/wp-json\/wp\/v2\/posts"}],"about":[{"href":"https:\/\/haberkuzey.com\/index.php\/wp-json\/wp\/v2\/types\/post"}],"author":[{"embeddable":true,"href":"https:\/\/haberkuzey.com\/index.php\/wp-json\/wp\/v2\/users\/1"}],"replies":[{"embeddable":true,"href":"https:\/\/haberkuzey.com\/index.php\/wp-json\/wp\/v2\/comments?post=1728"}],"version-history":[{"count":0,"href":"https:\/\/haberkuzey.com\/index.php\/wp-json\/wp\/v2\/posts\/1728\/revisions"}],"wp:featuredmedia":[{"embeddable":true,"href":"https:\/\/haberkuzey.com\/index.php\/wp-json\/wp\/v2\/media\/1729"}],"wp:attachment":[{"href":"https:\/\/haberkuzey.com\/index.php\/wp-json\/wp\/v2\/media?parent=1728"}],"wp:term":[{"taxonomy":"category","embeddable":true,"href":"https:\/\/haberkuzey.com\/index.php\/wp-json\/wp\/v2\/categories?post=1728"},{"taxonomy":"post_tag","embeddable":true,"href":"https:\/\/haberkuzey.com\/index.php\/wp-json\/wp\/v2\/tags?post=1728"}],"curies":[{"name":"wp","href":"https:\/\/api.w.org\/{rel}","templated":true}]}}