{"id":17264,"date":"2025-01-28T13:32:37","date_gmt":"2025-01-28T11:32:37","guid":{"rendered":"https:\/\/haberkuzey.com\/index.php\/2025\/01\/28\/turkiye-cumhurbaskani-yardimcisi-cevdet-yilmaz-yarin-kktcye-geliyor-2\/"},"modified":"2025-01-28T13:32:37","modified_gmt":"2025-01-28T11:32:37","slug":"turkiye-cumhurbaskani-yardimcisi-cevdet-yilmaz-yarin-kktcye-geliyor-2","status":"publish","type":"post","link":"https:\/\/haberkuzey.com\/index.php\/2025\/01\/28\/turkiye-cumhurbaskani-yardimcisi-cevdet-yilmaz-yarin-kktcye-geliyor-2\/","title":{"rendered":"T\u00fcrkiye Cumhurba\u015fkan\u0131 Yard\u0131mc\u0131s\u0131 Cevdet Y\u0131lmaz yar\u0131n KKTC\u2019ye geliyor"},"content":{"rendered":"<div>\n<div class=\"mariselle-image-container center\">\n                                            <\/div>\n<p>T\u00fcrkiye Cumhuriyeti Cumhurba\u015fkan\u0131 Yard\u0131mc\u0131s\u0131 Cevdet Y\u0131lmaz, yar\u0131n Kuzey K\u0131br\u0131s T\u00fcrk Cumhuriyeti\u2019ne g\u00fcn\u00fcbirlik \u00e7al\u0131\u015fma ziyareti ger\u00e7ekle\u015ftirecek.<\/p>\n<p>Cevdet Y\u0131lmaz, Cumhurba\u015fkan\u0131 Ersin Tatar, Meclis Ba\u015fkan\u0131 Ziya \u00d6zt\u00fcrkler ve Ba\u015fbakan \u00dcnal \u00dcstel ile g\u00f6r\u00fc\u015fecek ve 5 y\u0131ll\u0131k kalk\u0131nma plan\u0131 lansman\u0131na kat\u0131lacak.<\/p>\n<p>Ziyareti s\u0131ras\u0131nda muhtarlar ve gen\u00e7lerle de bir araya gelecek olan T\u00fcrkiye Cumhuriyeti Cumhurba\u015fkan\u0131 Yard\u0131mc\u0131s\u0131 Cevdet Y\u0131lmaz, Uluslararas\u0131 Demokratlar Birli\u011fi\u2019nin 2. Ola\u011fan KKTC B\u00f6lge Genel Kurulu\u2019na da kat\u0131lacak.<\/p>\n<\/p><\/div>\n<p><script async\n                    defer\n                    crossorigin=\"anonymous\"\n                    src=\"https:\/\/connect.facebook.net\/tr_TR\/sdk.js#xfbml=1&#038;version=v3.3\"\n            ><\/script><\/p>\n","protected":false},"excerpt":{"rendered":"<p>T\u00fcrkiye Cumhuriyeti Cumhurba\u015fkan\u0131 Yard\u0131mc\u0131s\u0131 Cevdet Y\u0131lmaz, yar\u0131n Kuzey K\u0131br\u0131s T\u00fcrk Cumhuriyeti\u2019ne g\u00fcn\u00fcbirlik \u00e7al\u0131\u015fma ziyareti ger\u00e7ekle\u015ftirecek. Cevdet Y\u0131lmaz, Cumhurba\u015fkan\u0131 Ersin Tatar, Meclis Ba\u015fkan\u0131 Ziya \u00d6zt\u00fcrkler ve Ba\u015fbakan \u00dcnal \u00dcstel ile g\u00f6r\u00fc\u015fecek ve 5 y\u0131ll\u0131k kalk\u0131nma plan\u0131 lansman\u0131na kat\u0131lacak. Ziyareti s\u0131ras\u0131nda muhtarlar ve gen\u00e7lerle de bir araya gelecek olan T\u00fcrkiye Cumhuriyeti Cumhurba\u015fkan\u0131 Yard\u0131mc\u0131s\u0131 Cevdet Y\u0131lmaz, Uluslararas\u0131 Demokratlar [&hellip;]<\/p>\n","protected":false},"author":1,"featured_media":8955,"comment_status":"open","ping_status":"open","sticky":false,"template":"","format":"standard","meta":{"jnews-multi-image_gallery":[],"jnews_single_post":[],"jnews_primary_category":[],"footnotes":""},"categories":[2],"tags":[],"class_list":["post-17264","post","type-post","status-publish","format-standard","has-post-thumbnail","hentry","category-dunya"],"yoast_head":"<!-- This site is optimized with the Yoast SEO plugin v27.5 - https:\/\/yoast.com\/product\/yoast-seo-wordpress\/ -->\n<title>T\u00fcrkiye Cumhurba\u015fkan\u0131 Yard\u0131mc\u0131s\u0131 Cevdet Y\u0131lmaz yar\u0131n KKTC\u2019ye geliyor - Haber Kuzey<\/title>\n<meta name=\"robots\" content=\"index, follow, max-snippet:-1, max-image-preview:large, max-video-preview:-1\" \/>\n<link rel=\"canonical\" href=\"https:\/\/haberkuzey.com\/index.php\/2025\/01\/28\/turkiye-cumhurbaskani-yardimcisi-cevdet-yilmaz-yarin-kktcye-geliyor-2\/\" \/>\n<meta property=\"og:locale\" content=\"tr_TR\" \/>\n<meta property=\"og:type\" content=\"article\" \/>\n<meta property=\"og:title\" content=\"T\u00fcrkiye Cumhurba\u015fkan\u0131 Yard\u0131mc\u0131s\u0131 Cevdet Y\u0131lmaz yar\u0131n KKTC\u2019ye geliyor - Haber Kuzey\" \/>\n<meta property=\"og:description\" content=\"T\u00fcrkiye Cumhuriyeti Cumhurba\u015fkan\u0131 Yard\u0131mc\u0131s\u0131 Cevdet Y\u0131lmaz, yar\u0131n Kuzey K\u0131br\u0131s T\u00fcrk Cumhuriyeti\u2019ne g\u00fcn\u00fcbirlik \u00e7al\u0131\u015fma ziyareti ger\u00e7ekle\u015ftirecek. Cevdet Y\u0131lmaz, Cumhurba\u015fkan\u0131 Ersin Tatar, Meclis Ba\u015fkan\u0131 Ziya \u00d6zt\u00fcrkler ve Ba\u015fbakan \u00dcnal \u00dcstel ile g\u00f6r\u00fc\u015fecek ve 5 y\u0131ll\u0131k kalk\u0131nma plan\u0131 lansman\u0131na kat\u0131lacak. Ziyareti s\u0131ras\u0131nda muhtarlar ve gen\u00e7lerle de bir araya gelecek olan T\u00fcrkiye Cumhuriyeti Cumhurba\u015fkan\u0131 Yard\u0131mc\u0131s\u0131 Cevdet Y\u0131lmaz, Uluslararas\u0131 Demokratlar [&hellip;]\" \/>\n<meta property=\"og:url\" content=\"https:\/\/haberkuzey.com\/index.php\/2025\/01\/28\/turkiye-cumhurbaskani-yardimcisi-cevdet-yilmaz-yarin-kktcye-geliyor-2\/\" \/>\n<meta property=\"og:site_name\" content=\"Haber Kuzey\" \/>\n<meta property=\"article:published_time\" content=\"2025-01-28T11:32:37+00:00\" \/>\n<meta property=\"og:image\" content=\"https:\/\/brtk.net\/wp-content\/uploads\/2024\/09\/06\/cevdet-yilmaz.jpg?ver=23701d8661d6859d087c4c4ffbfdd064\" \/>\n<meta name=\"author\" content=\"haberkuzey\" \/>\n<meta name=\"twitter:card\" content=\"summary_large_image\" \/>\n<meta name=\"twitter:label1\" content=\"Yazan:\" \/>\n\t<meta name=\"twitter:data1\" content=\"haberkuzey\" \/>\n\t<meta name=\"twitter:label2\" content=\"Tahmini okuma s\u00fcresi\" \/>\n\t<meta name=\"twitter:data2\" content=\"1 dakika\" \/>\n<script type=\"application\/ld+json\" class=\"yoast-schema-graph\">{\"@context\":\"https:\\\/\\\/schema.org\",\"@graph\":[{\"@type\":\"Article\",\"@id\":\"https:\\\/\\\/haberkuzey.com\\\/index.php\\\/2025\\\/01\\\/28\\\/turkiye-cumhurbaskani-yardimcisi-cevdet-yilmaz-yarin-kktcye-geliyor-2\\\/#article\",\"isPartOf\":{\"@id\":\"https:\\\/\\\/haberkuzey.com\\\/index.php\\\/2025\\\/01\\\/28\\\/turkiye-cumhurbaskani-yardimcisi-cevdet-yilmaz-yarin-kktcye-geliyor-2\\\/\"},\"author\":{\"name\":\"haberkuzey\",\"@id\":\"https:\\\/\\\/haberkuzey.com\\\/#\\\/schema\\\/person\\\/3372109ec735f9333f4fa47ebb9605ca\"},\"headline\":\"T\u00fcrkiye Cumhurba\u015fkan\u0131 Yard\u0131mc\u0131s\u0131 Cevdet Y\u0131lmaz yar\u0131n KKTC\u2019ye geliyor\",\"datePublished\":\"2025-01-28T11:32:37+00:00\",\"mainEntityOfPage\":{\"@id\":\"https:\\\/\\\/haberkuzey.com\\\/index.php\\\/2025\\\/01\\\/28\\\/turkiye-cumhurbaskani-yardimcisi-cevdet-yilmaz-yarin-kktcye-geliyor-2\\\/\"},\"wordCount\":118,\"commentCount\":0,\"image\":{\"@id\":\"https:\\\/\\\/haberkuzey.com\\\/index.php\\\/2025\\\/01\\\/28\\\/turkiye-cumhurbaskani-yardimcisi-cevdet-yilmaz-yarin-kktcye-geliyor-2\\\/#primaryimage\"},\"thumbnailUrl\":\"https:\\\/\\\/haberkuzey.com\\\/wp-content\\\/uploads\\\/2024\\\/09\\\/cevdet-yilmaz.jpg\",\"articleSection\":[\"D\u00fcnya\"],\"inLanguage\":\"tr\",\"potentialAction\":[{\"@type\":\"CommentAction\",\"name\":\"Comment\",\"target\":[\"https:\\\/\\\/haberkuzey.com\\\/index.php\\\/2025\\\/01\\\/28\\\/turkiye-cumhurbaskani-yardimcisi-cevdet-yilmaz-yarin-kktcye-geliyor-2\\\/#respond\"]}]},{\"@type\":\"WebPage\",\"@id\":\"https:\\\/\\\/haberkuzey.com\\\/index.php\\\/2025\\\/01\\\/28\\\/turkiye-cumhurbaskani-yardimcisi-cevdet-yilmaz-yarin-kktcye-geliyor-2\\\/\",\"url\":\"https:\\\/\\\/haberkuzey.com\\\/index.php\\\/2025\\\/01\\\/28\\\/turkiye-cumhurbaskani-yardimcisi-cevdet-yilmaz-yarin-kktcye-geliyor-2\\\/\",\"name\":\"T\u00fcrkiye Cumhurba\u015fkan\u0131 Yard\u0131mc\u0131s\u0131 Cevdet Y\u0131lmaz yar\u0131n KKTC\u2019ye geliyor - Haber Kuzey\",\"isPartOf\":{\"@id\":\"https:\\\/\\\/haberkuzey.com\\\/#website\"},\"primaryImageOfPage\":{\"@id\":\"https:\\\/\\\/haberkuzey.com\\\/index.php\\\/2025\\\/01\\\/28\\\/turkiye-cumhurbaskani-yardimcisi-cevdet-yilmaz-yarin-kktcye-geliyor-2\\\/#primaryimage\"},\"image\":{\"@id\":\"https:\\\/\\\/haberkuzey.com\\\/index.php\\\/2025\\\/01\\\/28\\\/turkiye-cumhurbaskani-yardimcisi-cevdet-yilmaz-yarin-kktcye-geliyor-2\\\/#primaryimage\"},\"thumbnailUrl\":\"https:\\\/\\\/haberkuzey.com\\\/wp-content\\\/uploads\\\/2024\\\/09\\\/cevdet-yilmaz.jpg\",\"datePublished\":\"2025-01-28T11:32:37+00:00\",\"author\":{\"@id\":\"https:\\\/\\\/haberkuzey.com\\\/#\\\/schema\\\/person\\\/3372109ec735f9333f4fa47ebb9605ca\"},\"breadcrumb\":{\"@id\":\"https:\\\/\\\/haberkuzey.com\\\/index.php\\\/2025\\\/01\\\/28\\\/turkiye-cumhurbaskani-yardimcisi-cevdet-yilmaz-yarin-kktcye-geliyor-2\\\/#breadcrumb\"},\"inLanguage\":\"tr\",\"potentialAction\":[{\"@type\":\"ReadAction\",\"target\":[\"https:\\\/\\\/haberkuzey.com\\\/index.php\\\/2025\\\/01\\\/28\\\/turkiye-cumhurbaskani-yardimcisi-cevdet-yilmaz-yarin-kktcye-geliyor-2\\\/\"]}]},{\"@type\":\"ImageObject\",\"inLanguage\":\"tr\",\"@id\":\"https:\\\/\\\/haberkuzey.com\\\/index.php\\\/2025\\\/01\\\/28\\\/turkiye-cumhurbaskani-yardimcisi-cevdet-yilmaz-yarin-kktcye-geliyor-2\\\/#primaryimage\",\"url\":\"https:\\\/\\\/haberkuzey.com\\\/wp-content\\\/uploads\\\/2024\\\/09\\\/cevdet-yilmaz.jpg\",\"contentUrl\":\"https:\\\/\\\/haberkuzey.com\\\/wp-content\\\/uploads\\\/2024\\\/09\\\/cevdet-yilmaz.jpg\",\"width\":864,\"height\":486},{\"@type\":\"BreadcrumbList\",\"@id\":\"https:\\\/\\\/haberkuzey.com\\\/index.php\\\/2025\\\/01\\\/28\\\/turkiye-cumhurbaskani-yardimcisi-cevdet-yilmaz-yarin-kktcye-geliyor-2\\\/#breadcrumb\",\"itemListElement\":[{\"@type\":\"ListItem\",\"position\":1,\"name\":\"Anasayfa\",\"item\":\"https:\\\/\\\/haberkuzey.com\\\/\"},{\"@type\":\"ListItem\",\"position\":2,\"name\":\"T\u00fcrkiye Cumhurba\u015fkan\u0131 Yard\u0131mc\u0131s\u0131 Cevdet Y\u0131lmaz yar\u0131n KKTC\u2019ye geliyor\"}]},{\"@type\":\"WebSite\",\"@id\":\"https:\\\/\\\/haberkuzey.com\\\/#website\",\"url\":\"https:\\\/\\\/haberkuzey.com\\\/\",\"name\":\"Haber Kuzey\",\"description\":\"Do\u011fru Haberin Adresi\",\"potentialAction\":[{\"@type\":\"SearchAction\",\"target\":{\"@type\":\"EntryPoint\",\"urlTemplate\":\"https:\\\/\\\/haberkuzey.com\\\/?s={search_term_string}\"},\"query-input\":{\"@type\":\"PropertyValueSpecification\",\"valueRequired\":true,\"valueName\":\"search_term_string\"}}],\"inLanguage\":\"tr\"},{\"@type\":\"Person\",\"@id\":\"https:\\\/\\\/haberkuzey.com\\\/#\\\/schema\\\/person\\\/3372109ec735f9333f4fa47ebb9605ca\",\"name\":\"haberkuzey\",\"image\":{\"@type\":\"ImageObject\",\"inLanguage\":\"tr\",\"@id\":\"https:\\\/\\\/secure.gravatar.com\\\/avatar\\\/f5fc875574b1575324358c3b9e6a32b8227aa5b74f3fa22e3cadb63e26fcc39c?s=96&d=mm&r=g\",\"url\":\"https:\\\/\\\/secure.gravatar.com\\\/avatar\\\/f5fc875574b1575324358c3b9e6a32b8227aa5b74f3fa22e3cadb63e26fcc39c?s=96&d=mm&r=g\",\"contentUrl\":\"https:\\\/\\\/secure.gravatar.com\\\/avatar\\\/f5fc875574b1575324358c3b9e6a32b8227aa5b74f3fa22e3cadb63e26fcc39c?s=96&d=mm&r=g\",\"caption\":\"haberkuzey\"},\"sameAs\":[\"https:\\\/\\\/haberkuzey.com\"],\"url\":\"https:\\\/\\\/haberkuzey.com\\\/index.php\\\/author\\\/haberkuzey\\\/\"}]}<\/script>\n<!-- \/ Yoast SEO plugin. -->","yoast_head_json":{"title":"T\u00fcrkiye Cumhurba\u015fkan\u0131 Yard\u0131mc\u0131s\u0131 Cevdet Y\u0131lmaz yar\u0131n KKTC\u2019ye geliyor - Haber Kuzey","robots":{"index":"index","follow":"follow","max-snippet":"max-snippet:-1","max-image-preview":"max-image-preview:large","max-video-preview":"max-video-preview:-1"},"canonical":"https:\/\/haberkuzey.com\/index.php\/2025\/01\/28\/turkiye-cumhurbaskani-yardimcisi-cevdet-yilmaz-yarin-kktcye-geliyor-2\/","og_locale":"tr_TR","og_type":"article","og_title":"T\u00fcrkiye Cumhurba\u015fkan\u0131 Yard\u0131mc\u0131s\u0131 Cevdet Y\u0131lmaz yar\u0131n KKTC\u2019ye geliyor - Haber Kuzey","og_description":"T\u00fcrkiye Cumhuriyeti Cumhurba\u015fkan\u0131 Yard\u0131mc\u0131s\u0131 Cevdet Y\u0131lmaz, yar\u0131n Kuzey K\u0131br\u0131s T\u00fcrk Cumhuriyeti\u2019ne g\u00fcn\u00fcbirlik \u00e7al\u0131\u015fma ziyareti ger\u00e7ekle\u015ftirecek. Cevdet Y\u0131lmaz, Cumhurba\u015fkan\u0131 Ersin Tatar, Meclis Ba\u015fkan\u0131 Ziya \u00d6zt\u00fcrkler ve Ba\u015fbakan \u00dcnal \u00dcstel ile g\u00f6r\u00fc\u015fecek ve 5 y\u0131ll\u0131k kalk\u0131nma plan\u0131 lansman\u0131na kat\u0131lacak. Ziyareti s\u0131ras\u0131nda muhtarlar ve gen\u00e7lerle de bir araya gelecek olan T\u00fcrkiye Cumhuriyeti Cumhurba\u015fkan\u0131 Yard\u0131mc\u0131s\u0131 Cevdet Y\u0131lmaz, Uluslararas\u0131 Demokratlar [&hellip;]","og_url":"https:\/\/haberkuzey.com\/index.php\/2025\/01\/28\/turkiye-cumhurbaskani-yardimcisi-cevdet-yilmaz-yarin-kktcye-geliyor-2\/","og_site_name":"Haber Kuzey","article_published_time":"2025-01-28T11:32:37+00:00","og_image":[{"url":"https:\/\/brtk.net\/wp-content\/uploads\/2024\/09\/06\/cevdet-yilmaz.jpg?ver=23701d8661d6859d087c4c4ffbfdd064","type":"","width":"","height":""}],"author":"haberkuzey","twitter_card":"summary_large_image","twitter_misc":{"Yazan:":"haberkuzey","Tahmini okuma s\u00fcresi":"1 dakika"},"schema":{"@context":"https:\/\/schema.org","@graph":[{"@type":"Article","@id":"https:\/\/haberkuzey.com\/index.php\/2025\/01\/28\/turkiye-cumhurbaskani-yardimcisi-cevdet-yilmaz-yarin-kktcye-geliyor-2\/#article","isPartOf":{"@id":"https:\/\/haberkuzey.com\/index.php\/2025\/01\/28\/turkiye-cumhurbaskani-yardimcisi-cevdet-yilmaz-yarin-kktcye-geliyor-2\/"},"author":{"name":"haberkuzey","@id":"https:\/\/haberkuzey.com\/#\/schema\/person\/3372109ec735f9333f4fa47ebb9605ca"},"headline":"T\u00fcrkiye Cumhurba\u015fkan\u0131 Yard\u0131mc\u0131s\u0131 Cevdet Y\u0131lmaz yar\u0131n KKTC\u2019ye geliyor","datePublished":"2025-01-28T11:32:37+00:00","mainEntityOfPage":{"@id":"https:\/\/haberkuzey.com\/index.php\/2025\/01\/28\/turkiye-cumhurbaskani-yardimcisi-cevdet-yilmaz-yarin-kktcye-geliyor-2\/"},"wordCount":118,"commentCount":0,"image":{"@id":"https:\/\/haberkuzey.com\/index.php\/2025\/01\/28\/turkiye-cumhurbaskani-yardimcisi-cevdet-yilmaz-yarin-kktcye-geliyor-2\/#primaryimage"},"thumbnailUrl":"https:\/\/haberkuzey.com\/wp-content\/uploads\/2024\/09\/cevdet-yilmaz.jpg","articleSection":["D\u00fcnya"],"inLanguage":"tr","potentialAction":[{"@type":"CommentAction","name":"Comment","target":["https:\/\/haberkuzey.com\/index.php\/2025\/01\/28\/turkiye-cumhurbaskani-yardimcisi-cevdet-yilmaz-yarin-kktcye-geliyor-2\/#respond"]}]},{"@type":"WebPage","@id":"https:\/\/haberkuzey.com\/index.php\/2025\/01\/28\/turkiye-cumhurbaskani-yardimcisi-cevdet-yilmaz-yarin-kktcye-geliyor-2\/","url":"https:\/\/haberkuzey.com\/index.php\/2025\/01\/28\/turkiye-cumhurbaskani-yardimcisi-cevdet-yilmaz-yarin-kktcye-geliyor-2\/","name":"T\u00fcrkiye Cumhurba\u015fkan\u0131 Yard\u0131mc\u0131s\u0131 Cevdet Y\u0131lmaz yar\u0131n KKTC\u2019ye geliyor - Haber Kuzey","isPartOf":{"@id":"https:\/\/haberkuzey.com\/#website"},"primaryImageOfPage":{"@id":"https:\/\/haberkuzey.com\/index.php\/2025\/01\/28\/turkiye-cumhurbaskani-yardimcisi-cevdet-yilmaz-yarin-kktcye-geliyor-2\/#primaryimage"},"image":{"@id":"https:\/\/haberkuzey.com\/index.php\/2025\/01\/28\/turkiye-cumhurbaskani-yardimcisi-cevdet-yilmaz-yarin-kktcye-geliyor-2\/#primaryimage"},"thumbnailUrl":"https:\/\/haberkuzey.com\/wp-content\/uploads\/2024\/09\/cevdet-yilmaz.jpg","datePublished":"2025-01-28T11:32:37+00:00","author":{"@id":"https:\/\/haberkuzey.com\/#\/schema\/person\/3372109ec735f9333f4fa47ebb9605ca"},"breadcrumb":{"@id":"https:\/\/haberkuzey.com\/index.php\/2025\/01\/28\/turkiye-cumhurbaskani-yardimcisi-cevdet-yilmaz-yarin-kktcye-geliyor-2\/#breadcrumb"},"inLanguage":"tr","potentialAction":[{"@type":"ReadAction","target":["https:\/\/haberkuzey.com\/index.php\/2025\/01\/28\/turkiye-cumhurbaskani-yardimcisi-cevdet-yilmaz-yarin-kktcye-geliyor-2\/"]}]},{"@type":"ImageObject","inLanguage":"tr","@id":"https:\/\/haberkuzey.com\/index.php\/2025\/01\/28\/turkiye-cumhurbaskani-yardimcisi-cevdet-yilmaz-yarin-kktcye-geliyor-2\/#primaryimage","url":"https:\/\/haberkuzey.com\/wp-content\/uploads\/2024\/09\/cevdet-yilmaz.jpg","contentUrl":"https:\/\/haberkuzey.com\/wp-content\/uploads\/2024\/09\/cevdet-yilmaz.jpg","width":864,"height":486},{"@type":"BreadcrumbList","@id":"https:\/\/haberkuzey.com\/index.php\/2025\/01\/28\/turkiye-cumhurbaskani-yardimcisi-cevdet-yilmaz-yarin-kktcye-geliyor-2\/#breadcrumb","itemListElement":[{"@type":"ListItem","position":1,"name":"Anasayfa","item":"https:\/\/haberkuzey.com\/"},{"@type":"ListItem","position":2,"name":"T\u00fcrkiye Cumhurba\u015fkan\u0131 Yard\u0131mc\u0131s\u0131 Cevdet Y\u0131lmaz yar\u0131n KKTC\u2019ye geliyor"}]},{"@type":"WebSite","@id":"https:\/\/haberkuzey.com\/#website","url":"https:\/\/haberkuzey.com\/","name":"Haber Kuzey","description":"Do\u011fru Haberin Adresi","potentialAction":[{"@type":"SearchAction","target":{"@type":"EntryPoint","urlTemplate":"https:\/\/haberkuzey.com\/?s={search_term_string}"},"query-input":{"@type":"PropertyValueSpecification","valueRequired":true,"valueName":"search_term_string"}}],"inLanguage":"tr"},{"@type":"Person","@id":"https:\/\/haberkuzey.com\/#\/schema\/person\/3372109ec735f9333f4fa47ebb9605ca","name":"haberkuzey","image":{"@type":"ImageObject","inLanguage":"tr","@id":"https:\/\/secure.gravatar.com\/avatar\/f5fc875574b1575324358c3b9e6a32b8227aa5b74f3fa22e3cadb63e26fcc39c?s=96&d=mm&r=g","url":"https:\/\/secure.gravatar.com\/avatar\/f5fc875574b1575324358c3b9e6a32b8227aa5b74f3fa22e3cadb63e26fcc39c?s=96&d=mm&r=g","contentUrl":"https:\/\/secure.gravatar.com\/avatar\/f5fc875574b1575324358c3b9e6a32b8227aa5b74f3fa22e3cadb63e26fcc39c?s=96&d=mm&r=g","caption":"haberkuzey"},"sameAs":["https:\/\/haberkuzey.com"],"url":"https:\/\/haberkuzey.com\/index.php\/author\/haberkuzey\/"}]}},"_links":{"self":[{"href":"https:\/\/haberkuzey.com\/index.php\/wp-json\/wp\/v2\/posts\/17264","targetHints":{"allow":["GET"]}}],"collection":[{"href":"https:\/\/haberkuzey.com\/index.php\/wp-json\/wp\/v2\/posts"}],"about":[{"href":"https:\/\/haberkuzey.com\/index.php\/wp-json\/wp\/v2\/types\/post"}],"author":[{"embeddable":true,"href":"https:\/\/haberkuzey.com\/index.php\/wp-json\/wp\/v2\/users\/1"}],"replies":[{"embeddable":true,"href":"https:\/\/haberkuzey.com\/index.php\/wp-json\/wp\/v2\/comments?post=17264"}],"version-history":[{"count":0,"href":"https:\/\/haberkuzey.com\/index.php\/wp-json\/wp\/v2\/posts\/17264\/revisions"}],"wp:featuredmedia":[{"embeddable":true,"href":"https:\/\/haberkuzey.com\/index.php\/wp-json\/wp\/v2\/media\/8955"}],"wp:attachment":[{"href":"https:\/\/haberkuzey.com\/index.php\/wp-json\/wp\/v2\/media?parent=17264"}],"wp:term":[{"taxonomy":"category","embeddable":true,"href":"https:\/\/haberkuzey.com\/index.php\/wp-json\/wp\/v2\/categories?post=17264"},{"taxonomy":"post_tag","embeddable":true,"href":"https:\/\/haberkuzey.com\/index.php\/wp-json\/wp\/v2\/tags?post=17264"}],"curies":[{"name":"wp","href":"https:\/\/api.w.org\/{rel}","templated":true}]}}