{"id":1724,"date":"2024-05-08T13:53:59","date_gmt":"2024-05-08T10:53:59","guid":{"rendered":"https:\/\/haberkuzey.com\/index.php\/2024\/05\/08\/lefke-serdari-aziz-fedai-anildi\/"},"modified":"2024-05-08T13:53:59","modified_gmt":"2024-05-08T10:53:59","slug":"lefke-serdari-aziz-fedai-anildi","status":"publish","type":"post","link":"https:\/\/haberkuzey.com\/index.php\/2024\/05\/08\/lefke-serdari-aziz-fedai-anildi\/","title":{"rendered":"Lefke Serdar\u0131 Aziz Fedai an\u0131ld\u0131"},"content":{"rendered":"<div>\n<div class=\"mariselle-image-container center\">\n                                            <\/div>\n<p>Lefke Vakf\u0131 Kurucular Heyeti Ba\u015fkan\u0131, Lefke Sancak Serdar\u0131, e\u011fitimci, Aziz Fedai, \u00f6l\u00fcm\u00fcn\u00fcn 12. Y\u0131ld\u00f6n\u00fcm\u00fc dolay\u0131s\u0131 ile Lefke Kabristanl\u0131\u011f\u0131\u2019ndaki kabri ba\u015f\u0131nda anma t\u00f6reni ger\u00e7ekle\u015ftirildi.<br \/>Lefke Vakf\u0131 taraf\u0131ndan organize edilen t\u00f6rende konu\u015fan Aziz Fedai\u2019nin k\u0131z\u0131 L\u00fctfiye Fedai, b\u00f6yle bir g\u00fcnde Fedai ailesini yaln\u0131z b\u0131rakmayan herkese te\u015fekk\u00fcr etti.<br \/>Lefke Vakf\u0131 M\u00fctevelli Heyeti Ba\u015fkan\u0131 Vehit Nekibzade de Aziz Fedai\u2019nin e\u011fitim alan\u0131ndaki katk\u0131lar\u0131n\u0131n \u00f6nemine dikkat \u00e7ekti.<br \/>Lefke Yard\u0131m ve Halk Derne\u011fi Ba\u015fkan\u0131 Emel Y\u0131lmaz da, Aziz Fedai\u2019nin ulusal m\u00fccadele y\u0131llar\u0131nda askeri ve e\u011fitim anlam\u0131nda \u00f6nemli g\u00f6revler \u00fcstlendi\u011fini an\u0131msatarak, Fedai\u2019nin, Lefke tarihinde izleri silinmeyecek bir ki\u015filik oldu\u011funun alt\u0131n\u0131 \u00e7izdi.<br \/>Lefke Gazi Lisesi Tarih \u00d6\u011fretmeni Re\u015fat Yola\u00e7 ise, Aziz Fedai\u2019nin gen\u00e7lere \u0131\u015f\u0131k tuttu\u011funu belirterek, Fedai\u2019nin K\u0131br\u0131s Tarihi kitaplar\u0131nda yerini almas\u0131 i\u00e7in \u00e7al\u0131\u015fmalar yap\u0131lmas\u0131 gerekti\u011fini s\u00f6yledi.<br \/>Konu\u015fmalar\u0131n ard\u0131ndan t\u00f6ren dua okunmas\u0131yla sona erdi.<\/p>\n<\/p><\/div>\n<p><script async\n                    defer\n                    crossorigin=\"anonymous\"\n                    src=\"https:\/\/connect.facebook.net\/tr_TR\/sdk.js#xfbml=1&#038;version=v3.3\"\n            ><\/script><\/p>\n","protected":false},"excerpt":{"rendered":"<p>Lefke Vakf\u0131 Kurucular Heyeti Ba\u015fkan\u0131, Lefke Sancak Serdar\u0131, e\u011fitimci, Aziz Fedai, \u00f6l\u00fcm\u00fcn\u00fcn 12. Y\u0131ld\u00f6n\u00fcm\u00fc dolay\u0131s\u0131 ile Lefke Kabristanl\u0131\u011f\u0131\u2019ndaki kabri ba\u015f\u0131nda anma t\u00f6reni ger\u00e7ekle\u015ftirildi.Lefke Vakf\u0131 taraf\u0131ndan organize edilen t\u00f6rende konu\u015fan Aziz Fedai\u2019nin k\u0131z\u0131 L\u00fctfiye Fedai, b\u00f6yle bir g\u00fcnde Fedai ailesini yaln\u0131z b\u0131rakmayan herkese te\u015fekk\u00fcr etti.Lefke Vakf\u0131 M\u00fctevelli Heyeti Ba\u015fkan\u0131 Vehit Nekibzade de Aziz Fedai\u2019nin e\u011fitim alan\u0131ndaki [&hellip;]<\/p>\n","protected":false},"author":1,"featured_media":1725,"comment_status":"open","ping_status":"open","sticky":false,"template":"","format":"standard","meta":{"jnews-multi-image_gallery":[],"jnews_single_post":[],"jnews_primary_category":[],"footnotes":""},"categories":[1],"tags":[],"class_list":["post-1724","post","type-post","status-publish","format-standard","has-post-thumbnail","hentry","category-kibris"],"yoast_head":"<!-- This site is optimized with the Yoast SEO plugin v27.5 - https:\/\/yoast.com\/product\/yoast-seo-wordpress\/ -->\n<title>Lefke Serdar\u0131 Aziz Fedai an\u0131ld\u0131 - Haber Kuzey<\/title>\n<meta name=\"robots\" content=\"index, follow, max-snippet:-1, max-image-preview:large, max-video-preview:-1\" \/>\n<link rel=\"canonical\" href=\"https:\/\/haberkuzey.com\/index.php\/2024\/05\/08\/lefke-serdari-aziz-fedai-anildi\/\" \/>\n<meta property=\"og:locale\" content=\"tr_TR\" \/>\n<meta property=\"og:type\" content=\"article\" \/>\n<meta property=\"og:title\" content=\"Lefke Serdar\u0131 Aziz Fedai an\u0131ld\u0131 - Haber Kuzey\" \/>\n<meta property=\"og:description\" content=\"Lefke Vakf\u0131 Kurucular Heyeti Ba\u015fkan\u0131, Lefke Sancak Serdar\u0131, e\u011fitimci, Aziz Fedai, \u00f6l\u00fcm\u00fcn\u00fcn 12. Y\u0131ld\u00f6n\u00fcm\u00fc dolay\u0131s\u0131 ile Lefke Kabristanl\u0131\u011f\u0131\u2019ndaki kabri ba\u015f\u0131nda anma t\u00f6reni ger\u00e7ekle\u015ftirildi.Lefke Vakf\u0131 taraf\u0131ndan organize edilen t\u00f6rende konu\u015fan Aziz Fedai\u2019nin k\u0131z\u0131 L\u00fctfiye Fedai, b\u00f6yle bir g\u00fcnde Fedai ailesini yaln\u0131z b\u0131rakmayan herkese te\u015fekk\u00fcr etti.Lefke Vakf\u0131 M\u00fctevelli Heyeti Ba\u015fkan\u0131 Vehit Nekibzade de Aziz Fedai\u2019nin e\u011fitim alan\u0131ndaki [&hellip;]\" \/>\n<meta property=\"og:url\" content=\"https:\/\/haberkuzey.com\/index.php\/2024\/05\/08\/lefke-serdari-aziz-fedai-anildi\/\" \/>\n<meta property=\"og:site_name\" content=\"Haber Kuzey\" \/>\n<meta property=\"article:published_time\" content=\"2024-05-08T10:53:59+00:00\" \/>\n<meta property=\"og:image\" content=\"https:\/\/brtk.net\/wp-content\/uploads\/2024\/05\/08\/aziz-fedai.jpg?ver=36f6895bf8ba91c51b5f894ac9454ef1\" \/>\n<meta name=\"author\" content=\"haberkuzey\" \/>\n<meta name=\"twitter:card\" content=\"summary_large_image\" \/>\n<meta name=\"twitter:label1\" content=\"Yazan:\" \/>\n\t<meta name=\"twitter:data1\" content=\"haberkuzey\" \/>\n\t<meta name=\"twitter:label2\" content=\"Tahmini okuma s\u00fcresi\" \/>\n\t<meta name=\"twitter:data2\" content=\"1 dakika\" \/>\n<script type=\"application\/ld+json\" class=\"yoast-schema-graph\">{\"@context\":\"https:\\\/\\\/schema.org\",\"@graph\":[{\"@type\":\"Article\",\"@id\":\"https:\\\/\\\/haberkuzey.com\\\/index.php\\\/2024\\\/05\\\/08\\\/lefke-serdari-aziz-fedai-anildi\\\/#article\",\"isPartOf\":{\"@id\":\"https:\\\/\\\/haberkuzey.com\\\/index.php\\\/2024\\\/05\\\/08\\\/lefke-serdari-aziz-fedai-anildi\\\/\"},\"author\":{\"name\":\"haberkuzey\",\"@id\":\"https:\\\/\\\/haberkuzey.com\\\/#\\\/schema\\\/person\\\/3372109ec735f9333f4fa47ebb9605ca\"},\"headline\":\"Lefke Serdar\u0131 Aziz Fedai an\u0131ld\u0131\",\"datePublished\":\"2024-05-08T10:53:59+00:00\",\"mainEntityOfPage\":{\"@id\":\"https:\\\/\\\/haberkuzey.com\\\/index.php\\\/2024\\\/05\\\/08\\\/lefke-serdari-aziz-fedai-anildi\\\/\"},\"wordCount\":199,\"commentCount\":0,\"image\":{\"@id\":\"https:\\\/\\\/haberkuzey.com\\\/index.php\\\/2024\\\/05\\\/08\\\/lefke-serdari-aziz-fedai-anildi\\\/#primaryimage\"},\"thumbnailUrl\":\"https:\\\/\\\/haberkuzey.com\\\/wp-content\\\/uploads\\\/2024\\\/05\\\/aziz-fedai.jpg\",\"articleSection\":[\"K\u0131br\u0131s\"],\"inLanguage\":\"tr\",\"potentialAction\":[{\"@type\":\"CommentAction\",\"name\":\"Comment\",\"target\":[\"https:\\\/\\\/haberkuzey.com\\\/index.php\\\/2024\\\/05\\\/08\\\/lefke-serdari-aziz-fedai-anildi\\\/#respond\"]}]},{\"@type\":\"WebPage\",\"@id\":\"https:\\\/\\\/haberkuzey.com\\\/index.php\\\/2024\\\/05\\\/08\\\/lefke-serdari-aziz-fedai-anildi\\\/\",\"url\":\"https:\\\/\\\/haberkuzey.com\\\/index.php\\\/2024\\\/05\\\/08\\\/lefke-serdari-aziz-fedai-anildi\\\/\",\"name\":\"Lefke Serdar\u0131 Aziz Fedai an\u0131ld\u0131 - Haber Kuzey\",\"isPartOf\":{\"@id\":\"https:\\\/\\\/haberkuzey.com\\\/#website\"},\"primaryImageOfPage\":{\"@id\":\"https:\\\/\\\/haberkuzey.com\\\/index.php\\\/2024\\\/05\\\/08\\\/lefke-serdari-aziz-fedai-anildi\\\/#primaryimage\"},\"image\":{\"@id\":\"https:\\\/\\\/haberkuzey.com\\\/index.php\\\/2024\\\/05\\\/08\\\/lefke-serdari-aziz-fedai-anildi\\\/#primaryimage\"},\"thumbnailUrl\":\"https:\\\/\\\/haberkuzey.com\\\/wp-content\\\/uploads\\\/2024\\\/05\\\/aziz-fedai.jpg\",\"datePublished\":\"2024-05-08T10:53:59+00:00\",\"author\":{\"@id\":\"https:\\\/\\\/haberkuzey.com\\\/#\\\/schema\\\/person\\\/3372109ec735f9333f4fa47ebb9605ca\"},\"breadcrumb\":{\"@id\":\"https:\\\/\\\/haberkuzey.com\\\/index.php\\\/2024\\\/05\\\/08\\\/lefke-serdari-aziz-fedai-anildi\\\/#breadcrumb\"},\"inLanguage\":\"tr\",\"potentialAction\":[{\"@type\":\"ReadAction\",\"target\":[\"https:\\\/\\\/haberkuzey.com\\\/index.php\\\/2024\\\/05\\\/08\\\/lefke-serdari-aziz-fedai-anildi\\\/\"]}]},{\"@type\":\"ImageObject\",\"inLanguage\":\"tr\",\"@id\":\"https:\\\/\\\/haberkuzey.com\\\/index.php\\\/2024\\\/05\\\/08\\\/lefke-serdari-aziz-fedai-anildi\\\/#primaryimage\",\"url\":\"https:\\\/\\\/haberkuzey.com\\\/wp-content\\\/uploads\\\/2024\\\/05\\\/aziz-fedai.jpg\",\"contentUrl\":\"https:\\\/\\\/haberkuzey.com\\\/wp-content\\\/uploads\\\/2024\\\/05\\\/aziz-fedai.jpg\",\"width\":1083,\"height\":484},{\"@type\":\"BreadcrumbList\",\"@id\":\"https:\\\/\\\/haberkuzey.com\\\/index.php\\\/2024\\\/05\\\/08\\\/lefke-serdari-aziz-fedai-anildi\\\/#breadcrumb\",\"itemListElement\":[{\"@type\":\"ListItem\",\"position\":1,\"name\":\"Anasayfa\",\"item\":\"https:\\\/\\\/haberkuzey.com\\\/\"},{\"@type\":\"ListItem\",\"position\":2,\"name\":\"Lefke Serdar\u0131 Aziz Fedai an\u0131ld\u0131\"}]},{\"@type\":\"WebSite\",\"@id\":\"https:\\\/\\\/haberkuzey.com\\\/#website\",\"url\":\"https:\\\/\\\/haberkuzey.com\\\/\",\"name\":\"Haber Kuzey\",\"description\":\"Do\u011fru Haberin Adresi\",\"potentialAction\":[{\"@type\":\"SearchAction\",\"target\":{\"@type\":\"EntryPoint\",\"urlTemplate\":\"https:\\\/\\\/haberkuzey.com\\\/?s={search_term_string}\"},\"query-input\":{\"@type\":\"PropertyValueSpecification\",\"valueRequired\":true,\"valueName\":\"search_term_string\"}}],\"inLanguage\":\"tr\"},{\"@type\":\"Person\",\"@id\":\"https:\\\/\\\/haberkuzey.com\\\/#\\\/schema\\\/person\\\/3372109ec735f9333f4fa47ebb9605ca\",\"name\":\"haberkuzey\",\"image\":{\"@type\":\"ImageObject\",\"inLanguage\":\"tr\",\"@id\":\"https:\\\/\\\/secure.gravatar.com\\\/avatar\\\/f5fc875574b1575324358c3b9e6a32b8227aa5b74f3fa22e3cadb63e26fcc39c?s=96&d=mm&r=g\",\"url\":\"https:\\\/\\\/secure.gravatar.com\\\/avatar\\\/f5fc875574b1575324358c3b9e6a32b8227aa5b74f3fa22e3cadb63e26fcc39c?s=96&d=mm&r=g\",\"contentUrl\":\"https:\\\/\\\/secure.gravatar.com\\\/avatar\\\/f5fc875574b1575324358c3b9e6a32b8227aa5b74f3fa22e3cadb63e26fcc39c?s=96&d=mm&r=g\",\"caption\":\"haberkuzey\"},\"sameAs\":[\"https:\\\/\\\/haberkuzey.com\"],\"url\":\"https:\\\/\\\/haberkuzey.com\\\/index.php\\\/author\\\/haberkuzey\\\/\"}]}<\/script>\n<!-- \/ Yoast SEO plugin. -->","yoast_head_json":{"title":"Lefke Serdar\u0131 Aziz Fedai an\u0131ld\u0131 - Haber Kuzey","robots":{"index":"index","follow":"follow","max-snippet":"max-snippet:-1","max-image-preview":"max-image-preview:large","max-video-preview":"max-video-preview:-1"},"canonical":"https:\/\/haberkuzey.com\/index.php\/2024\/05\/08\/lefke-serdari-aziz-fedai-anildi\/","og_locale":"tr_TR","og_type":"article","og_title":"Lefke Serdar\u0131 Aziz Fedai an\u0131ld\u0131 - Haber Kuzey","og_description":"Lefke Vakf\u0131 Kurucular Heyeti Ba\u015fkan\u0131, Lefke Sancak Serdar\u0131, e\u011fitimci, Aziz Fedai, \u00f6l\u00fcm\u00fcn\u00fcn 12. Y\u0131ld\u00f6n\u00fcm\u00fc dolay\u0131s\u0131 ile Lefke Kabristanl\u0131\u011f\u0131\u2019ndaki kabri ba\u015f\u0131nda anma t\u00f6reni ger\u00e7ekle\u015ftirildi.Lefke Vakf\u0131 taraf\u0131ndan organize edilen t\u00f6rende konu\u015fan Aziz Fedai\u2019nin k\u0131z\u0131 L\u00fctfiye Fedai, b\u00f6yle bir g\u00fcnde Fedai ailesini yaln\u0131z b\u0131rakmayan herkese te\u015fekk\u00fcr etti.Lefke Vakf\u0131 M\u00fctevelli Heyeti Ba\u015fkan\u0131 Vehit Nekibzade de Aziz Fedai\u2019nin e\u011fitim alan\u0131ndaki [&hellip;]","og_url":"https:\/\/haberkuzey.com\/index.php\/2024\/05\/08\/lefke-serdari-aziz-fedai-anildi\/","og_site_name":"Haber Kuzey","article_published_time":"2024-05-08T10:53:59+00:00","og_image":[{"url":"https:\/\/brtk.net\/wp-content\/uploads\/2024\/05\/08\/aziz-fedai.jpg?ver=36f6895bf8ba91c51b5f894ac9454ef1","type":"","width":"","height":""}],"author":"haberkuzey","twitter_card":"summary_large_image","twitter_misc":{"Yazan:":"haberkuzey","Tahmini okuma s\u00fcresi":"1 dakika"},"schema":{"@context":"https:\/\/schema.org","@graph":[{"@type":"Article","@id":"https:\/\/haberkuzey.com\/index.php\/2024\/05\/08\/lefke-serdari-aziz-fedai-anildi\/#article","isPartOf":{"@id":"https:\/\/haberkuzey.com\/index.php\/2024\/05\/08\/lefke-serdari-aziz-fedai-anildi\/"},"author":{"name":"haberkuzey","@id":"https:\/\/haberkuzey.com\/#\/schema\/person\/3372109ec735f9333f4fa47ebb9605ca"},"headline":"Lefke Serdar\u0131 Aziz Fedai an\u0131ld\u0131","datePublished":"2024-05-08T10:53:59+00:00","mainEntityOfPage":{"@id":"https:\/\/haberkuzey.com\/index.php\/2024\/05\/08\/lefke-serdari-aziz-fedai-anildi\/"},"wordCount":199,"commentCount":0,"image":{"@id":"https:\/\/haberkuzey.com\/index.php\/2024\/05\/08\/lefke-serdari-aziz-fedai-anildi\/#primaryimage"},"thumbnailUrl":"https:\/\/haberkuzey.com\/wp-content\/uploads\/2024\/05\/aziz-fedai.jpg","articleSection":["K\u0131br\u0131s"],"inLanguage":"tr","potentialAction":[{"@type":"CommentAction","name":"Comment","target":["https:\/\/haberkuzey.com\/index.php\/2024\/05\/08\/lefke-serdari-aziz-fedai-anildi\/#respond"]}]},{"@type":"WebPage","@id":"https:\/\/haberkuzey.com\/index.php\/2024\/05\/08\/lefke-serdari-aziz-fedai-anildi\/","url":"https:\/\/haberkuzey.com\/index.php\/2024\/05\/08\/lefke-serdari-aziz-fedai-anildi\/","name":"Lefke Serdar\u0131 Aziz Fedai an\u0131ld\u0131 - Haber Kuzey","isPartOf":{"@id":"https:\/\/haberkuzey.com\/#website"},"primaryImageOfPage":{"@id":"https:\/\/haberkuzey.com\/index.php\/2024\/05\/08\/lefke-serdari-aziz-fedai-anildi\/#primaryimage"},"image":{"@id":"https:\/\/haberkuzey.com\/index.php\/2024\/05\/08\/lefke-serdari-aziz-fedai-anildi\/#primaryimage"},"thumbnailUrl":"https:\/\/haberkuzey.com\/wp-content\/uploads\/2024\/05\/aziz-fedai.jpg","datePublished":"2024-05-08T10:53:59+00:00","author":{"@id":"https:\/\/haberkuzey.com\/#\/schema\/person\/3372109ec735f9333f4fa47ebb9605ca"},"breadcrumb":{"@id":"https:\/\/haberkuzey.com\/index.php\/2024\/05\/08\/lefke-serdari-aziz-fedai-anildi\/#breadcrumb"},"inLanguage":"tr","potentialAction":[{"@type":"ReadAction","target":["https:\/\/haberkuzey.com\/index.php\/2024\/05\/08\/lefke-serdari-aziz-fedai-anildi\/"]}]},{"@type":"ImageObject","inLanguage":"tr","@id":"https:\/\/haberkuzey.com\/index.php\/2024\/05\/08\/lefke-serdari-aziz-fedai-anildi\/#primaryimage","url":"https:\/\/haberkuzey.com\/wp-content\/uploads\/2024\/05\/aziz-fedai.jpg","contentUrl":"https:\/\/haberkuzey.com\/wp-content\/uploads\/2024\/05\/aziz-fedai.jpg","width":1083,"height":484},{"@type":"BreadcrumbList","@id":"https:\/\/haberkuzey.com\/index.php\/2024\/05\/08\/lefke-serdari-aziz-fedai-anildi\/#breadcrumb","itemListElement":[{"@type":"ListItem","position":1,"name":"Anasayfa","item":"https:\/\/haberkuzey.com\/"},{"@type":"ListItem","position":2,"name":"Lefke Serdar\u0131 Aziz Fedai an\u0131ld\u0131"}]},{"@type":"WebSite","@id":"https:\/\/haberkuzey.com\/#website","url":"https:\/\/haberkuzey.com\/","name":"Haber Kuzey","description":"Do\u011fru Haberin Adresi","potentialAction":[{"@type":"SearchAction","target":{"@type":"EntryPoint","urlTemplate":"https:\/\/haberkuzey.com\/?s={search_term_string}"},"query-input":{"@type":"PropertyValueSpecification","valueRequired":true,"valueName":"search_term_string"}}],"inLanguage":"tr"},{"@type":"Person","@id":"https:\/\/haberkuzey.com\/#\/schema\/person\/3372109ec735f9333f4fa47ebb9605ca","name":"haberkuzey","image":{"@type":"ImageObject","inLanguage":"tr","@id":"https:\/\/secure.gravatar.com\/avatar\/f5fc875574b1575324358c3b9e6a32b8227aa5b74f3fa22e3cadb63e26fcc39c?s=96&d=mm&r=g","url":"https:\/\/secure.gravatar.com\/avatar\/f5fc875574b1575324358c3b9e6a32b8227aa5b74f3fa22e3cadb63e26fcc39c?s=96&d=mm&r=g","contentUrl":"https:\/\/secure.gravatar.com\/avatar\/f5fc875574b1575324358c3b9e6a32b8227aa5b74f3fa22e3cadb63e26fcc39c?s=96&d=mm&r=g","caption":"haberkuzey"},"sameAs":["https:\/\/haberkuzey.com"],"url":"https:\/\/haberkuzey.com\/index.php\/author\/haberkuzey\/"}]}},"_links":{"self":[{"href":"https:\/\/haberkuzey.com\/index.php\/wp-json\/wp\/v2\/posts\/1724","targetHints":{"allow":["GET"]}}],"collection":[{"href":"https:\/\/haberkuzey.com\/index.php\/wp-json\/wp\/v2\/posts"}],"about":[{"href":"https:\/\/haberkuzey.com\/index.php\/wp-json\/wp\/v2\/types\/post"}],"author":[{"embeddable":true,"href":"https:\/\/haberkuzey.com\/index.php\/wp-json\/wp\/v2\/users\/1"}],"replies":[{"embeddable":true,"href":"https:\/\/haberkuzey.com\/index.php\/wp-json\/wp\/v2\/comments?post=1724"}],"version-history":[{"count":0,"href":"https:\/\/haberkuzey.com\/index.php\/wp-json\/wp\/v2\/posts\/1724\/revisions"}],"wp:featuredmedia":[{"embeddable":true,"href":"https:\/\/haberkuzey.com\/index.php\/wp-json\/wp\/v2\/media\/1725"}],"wp:attachment":[{"href":"https:\/\/haberkuzey.com\/index.php\/wp-json\/wp\/v2\/media?parent=1724"}],"wp:term":[{"taxonomy":"category","embeddable":true,"href":"https:\/\/haberkuzey.com\/index.php\/wp-json\/wp\/v2\/categories?post=1724"},{"taxonomy":"post_tag","embeddable":true,"href":"https:\/\/haberkuzey.com\/index.php\/wp-json\/wp\/v2\/tags?post=1724"}],"curies":[{"name":"wp","href":"https:\/\/api.w.org\/{rel}","templated":true}]}}