{"id":17113,"date":"2025-01-25T15:40:01","date_gmt":"2025-01-25T13:40:01","guid":{"rendered":"https:\/\/haberkuzey.com\/index.php\/2025\/01\/25\/gazeteci-deniz-arman-son-yolculuguna-ugurlandi\/"},"modified":"2025-01-25T15:40:01","modified_gmt":"2025-01-25T13:40:01","slug":"gazeteci-deniz-arman-son-yolculuguna-ugurlandi","status":"publish","type":"post","link":"https:\/\/haberkuzey.com\/index.php\/2025\/01\/25\/gazeteci-deniz-arman-son-yolculuguna-ugurlandi\/","title":{"rendered":"Gazeteci Deniz Arman, son yolculu\u011funa u\u011furland\u0131"},"content":{"rendered":"<div>\n<div class=\"mariselle-image-container center\">\n                                            <\/div>\n<p>\n\u0130stanbul\u2019da vefat eden gazeteci Deniz Arman\u2019\u0131n cenazesi topra\u011fa verildi.<\/p>\n<p>Tedavi g\u00f6rd\u00fc\u011f\u00fc hastanede 64 ya\u015f\u0131nda hayat\u0131n\u0131 kaybeden Arman i\u00e7in Be\u015fikta\u015f\u2019taki Vi\u015fnezade Camisi\u2019nde cenaze t\u00f6reni d\u00fczenlendi.<\/p>\n<p>Arman\u2019\u0131n o\u011flu Volga Arman, eski e\u015fi Bercis G\u00fclerman ve yak\u0131nlar\u0131, burada taziyeleri kabul etti.<\/p>\n<p>Deniz Arman\u2019\u0131n tabutunun \u00fczerine Be\u015fikta\u015f atk\u0131s\u0131 ve bayra\u011f\u0131 serildi.<\/p>\n<p>Cenaze t\u00f6renine, Arman\u2019\u0131n meslekta\u015flar\u0131 da kat\u0131ld\u0131.<\/p>\n<p>Babas\u0131 i\u00e7in g\u00f6zya\u015f\u0131 d\u00f6ken Volga Arman, gazetecilere yapt\u0131\u011f\u0131 a\u00e7\u0131klamada, \u201cSahadan gelen ve 1990\u2019l\u0131 y\u0131llarda ellerini ta\u015f\u0131n alt\u0131na koyan bir ekipti. \u00c7ok fazla \u015fey atlatt\u0131lar, mahkemeler olsun, \u00f6l\u00fcm tehditleri olsun. T\u00fcrkiye\u2019nin hi\u00e7 bilmedi\u011fi, belki de onlar olmasa a\u00e7\u0131\u011fa \u00e7\u0131kmayacak bir \u00e7ok \u015feyi a\u00e7\u0131\u011fa \u00e7\u0131kard\u0131lar. O y\u00fczden o da babas\u0131yla, benim \u00dclk\u00fc dedemle gurur duyard\u0131 gazeteci olarak. Ben de onunla gurur duyuyorum. Bana b\u0131rakt\u0131\u011f\u0131, Be\u015fikta\u015f sevgisi ve onurlu bir ya\u015fam\u0131n nas\u0131l oldu\u011fu oldu.\u201d ifadelerini kulland\u0131.<\/p>\n<p>Arman\u2019\u0131n cenazesi, \u00f6\u011fle vakti k\u0131l\u0131nan namaz\u0131n ard\u0131ndan Zincirlikuyu Mezarl\u0131\u011f\u0131\u2019nda defnedildi.<\/p>\n<\/p><\/div>\n<p><script async\n                    defer\n                    crossorigin=\"anonymous\"\n                    src=\"https:\/\/connect.facebook.net\/tr_TR\/sdk.js#xfbml=1&#038;version=v3.3\"\n            ><\/script><\/p>\n","protected":false},"excerpt":{"rendered":"<p>\u0130stanbul\u2019da vefat eden gazeteci Deniz Arman\u2019\u0131n cenazesi topra\u011fa verildi. Tedavi g\u00f6rd\u00fc\u011f\u00fc hastanede 64 ya\u015f\u0131nda hayat\u0131n\u0131 kaybeden Arman i\u00e7in Be\u015fikta\u015f\u2019taki Vi\u015fnezade Camisi\u2019nde cenaze t\u00f6reni d\u00fczenlendi. Arman\u2019\u0131n o\u011flu Volga Arman, eski e\u015fi Bercis G\u00fclerman ve yak\u0131nlar\u0131, burada taziyeleri kabul etti. Deniz Arman\u2019\u0131n tabutunun \u00fczerine Be\u015fikta\u015f atk\u0131s\u0131 ve bayra\u011f\u0131 serildi. Cenaze t\u00f6renine, Arman\u2019\u0131n meslekta\u015flar\u0131 da kat\u0131ld\u0131. Babas\u0131 i\u00e7in [&hellip;]<\/p>\n","protected":false},"author":1,"featured_media":17114,"comment_status":"open","ping_status":"open","sticky":false,"template":"","format":"standard","meta":{"jnews-multi-image_gallery":[],"jnews_single_post":[],"jnews_primary_category":[],"footnotes":""},"categories":[2],"tags":[],"class_list":["post-17113","post","type-post","status-publish","format-standard","has-post-thumbnail","hentry","category-dunya"],"yoast_head":"<!-- This site is optimized with the Yoast SEO plugin v27.5 - https:\/\/yoast.com\/product\/yoast-seo-wordpress\/ -->\n<title>Gazeteci Deniz Arman, son yolculu\u011funa u\u011furland\u0131 - Haber Kuzey<\/title>\n<meta name=\"robots\" content=\"index, follow, max-snippet:-1, max-image-preview:large, max-video-preview:-1\" \/>\n<link rel=\"canonical\" href=\"https:\/\/haberkuzey.com\/index.php\/2025\/01\/25\/gazeteci-deniz-arman-son-yolculuguna-ugurlandi\/\" \/>\n<meta property=\"og:locale\" content=\"tr_TR\" \/>\n<meta property=\"og:type\" content=\"article\" \/>\n<meta property=\"og:title\" content=\"Gazeteci Deniz Arman, son yolculu\u011funa u\u011furland\u0131 - Haber Kuzey\" \/>\n<meta property=\"og:description\" content=\"\u0130stanbul\u2019da vefat eden gazeteci Deniz Arman\u2019\u0131n cenazesi topra\u011fa verildi. Tedavi g\u00f6rd\u00fc\u011f\u00fc hastanede 64 ya\u015f\u0131nda hayat\u0131n\u0131 kaybeden Arman i\u00e7in Be\u015fikta\u015f\u2019taki Vi\u015fnezade Camisi\u2019nde cenaze t\u00f6reni d\u00fczenlendi. Arman\u2019\u0131n o\u011flu Volga Arman, eski e\u015fi Bercis G\u00fclerman ve yak\u0131nlar\u0131, burada taziyeleri kabul etti. Deniz Arman\u2019\u0131n tabutunun \u00fczerine Be\u015fikta\u015f atk\u0131s\u0131 ve bayra\u011f\u0131 serildi. Cenaze t\u00f6renine, Arman\u2019\u0131n meslekta\u015flar\u0131 da kat\u0131ld\u0131. Babas\u0131 i\u00e7in [&hellip;]\" \/>\n<meta property=\"og:url\" content=\"https:\/\/haberkuzey.com\/index.php\/2025\/01\/25\/gazeteci-deniz-arman-son-yolculuguna-ugurlandi\/\" \/>\n<meta property=\"og:site_name\" content=\"Haber Kuzey\" \/>\n<meta property=\"article:published_time\" content=\"2025-01-25T13:40:01+00:00\" \/>\n<meta property=\"og:image\" content=\"https:\/\/brtk.net\/wp-content\/uploads\/2025\/01\/25\/1737808762168whatsapp-image-2025-01-25-at-152741-1.webp?ver=faace6ce82b3ecc491d78bb1c94cff07\" \/>\n<meta name=\"author\" content=\"haberkuzey\" \/>\n<meta name=\"twitter:card\" content=\"summary_large_image\" \/>\n<meta name=\"twitter:label1\" content=\"Yazan:\" \/>\n\t<meta name=\"twitter:data1\" content=\"haberkuzey\" \/>\n\t<meta name=\"twitter:label2\" content=\"Tahmini okuma s\u00fcresi\" \/>\n\t<meta name=\"twitter:data2\" content=\"1 dakika\" \/>\n<script type=\"application\/ld+json\" class=\"yoast-schema-graph\">{\"@context\":\"https:\\\/\\\/schema.org\",\"@graph\":[{\"@type\":\"Article\",\"@id\":\"https:\\\/\\\/haberkuzey.com\\\/index.php\\\/2025\\\/01\\\/25\\\/gazeteci-deniz-arman-son-yolculuguna-ugurlandi\\\/#article\",\"isPartOf\":{\"@id\":\"https:\\\/\\\/haberkuzey.com\\\/index.php\\\/2025\\\/01\\\/25\\\/gazeteci-deniz-arman-son-yolculuguna-ugurlandi\\\/\"},\"author\":{\"name\":\"haberkuzey\",\"@id\":\"https:\\\/\\\/haberkuzey.com\\\/#\\\/schema\\\/person\\\/3372109ec735f9333f4fa47ebb9605ca\"},\"headline\":\"Gazeteci Deniz Arman, son yolculu\u011funa u\u011furland\u0131\",\"datePublished\":\"2025-01-25T13:40:01+00:00\",\"mainEntityOfPage\":{\"@id\":\"https:\\\/\\\/haberkuzey.com\\\/index.php\\\/2025\\\/01\\\/25\\\/gazeteci-deniz-arman-son-yolculuguna-ugurlandi\\\/\"},\"wordCount\":197,\"commentCount\":0,\"image\":{\"@id\":\"https:\\\/\\\/haberkuzey.com\\\/index.php\\\/2025\\\/01\\\/25\\\/gazeteci-deniz-arman-son-yolculuguna-ugurlandi\\\/#primaryimage\"},\"thumbnailUrl\":\"https:\\\/\\\/haberkuzey.com\\\/wp-content\\\/uploads\\\/2025\\\/01\\\/1737808762168whatsapp-image-2025-01-25-at-152741-1.webp.webp\",\"articleSection\":[\"D\u00fcnya\"],\"inLanguage\":\"tr\",\"potentialAction\":[{\"@type\":\"CommentAction\",\"name\":\"Comment\",\"target\":[\"https:\\\/\\\/haberkuzey.com\\\/index.php\\\/2025\\\/01\\\/25\\\/gazeteci-deniz-arman-son-yolculuguna-ugurlandi\\\/#respond\"]}]},{\"@type\":\"WebPage\",\"@id\":\"https:\\\/\\\/haberkuzey.com\\\/index.php\\\/2025\\\/01\\\/25\\\/gazeteci-deniz-arman-son-yolculuguna-ugurlandi\\\/\",\"url\":\"https:\\\/\\\/haberkuzey.com\\\/index.php\\\/2025\\\/01\\\/25\\\/gazeteci-deniz-arman-son-yolculuguna-ugurlandi\\\/\",\"name\":\"Gazeteci Deniz Arman, son yolculu\u011funa u\u011furland\u0131 - Haber Kuzey\",\"isPartOf\":{\"@id\":\"https:\\\/\\\/haberkuzey.com\\\/#website\"},\"primaryImageOfPage\":{\"@id\":\"https:\\\/\\\/haberkuzey.com\\\/index.php\\\/2025\\\/01\\\/25\\\/gazeteci-deniz-arman-son-yolculuguna-ugurlandi\\\/#primaryimage\"},\"image\":{\"@id\":\"https:\\\/\\\/haberkuzey.com\\\/index.php\\\/2025\\\/01\\\/25\\\/gazeteci-deniz-arman-son-yolculuguna-ugurlandi\\\/#primaryimage\"},\"thumbnailUrl\":\"https:\\\/\\\/haberkuzey.com\\\/wp-content\\\/uploads\\\/2025\\\/01\\\/1737808762168whatsapp-image-2025-01-25-at-152741-1.webp.webp\",\"datePublished\":\"2025-01-25T13:40:01+00:00\",\"author\":{\"@id\":\"https:\\\/\\\/haberkuzey.com\\\/#\\\/schema\\\/person\\\/3372109ec735f9333f4fa47ebb9605ca\"},\"breadcrumb\":{\"@id\":\"https:\\\/\\\/haberkuzey.com\\\/index.php\\\/2025\\\/01\\\/25\\\/gazeteci-deniz-arman-son-yolculuguna-ugurlandi\\\/#breadcrumb\"},\"inLanguage\":\"tr\",\"potentialAction\":[{\"@type\":\"ReadAction\",\"target\":[\"https:\\\/\\\/haberkuzey.com\\\/index.php\\\/2025\\\/01\\\/25\\\/gazeteci-deniz-arman-son-yolculuguna-ugurlandi\\\/\"]}]},{\"@type\":\"ImageObject\",\"inLanguage\":\"tr\",\"@id\":\"https:\\\/\\\/haberkuzey.com\\\/index.php\\\/2025\\\/01\\\/25\\\/gazeteci-deniz-arman-son-yolculuguna-ugurlandi\\\/#primaryimage\",\"url\":\"https:\\\/\\\/haberkuzey.com\\\/wp-content\\\/uploads\\\/2025\\\/01\\\/1737808762168whatsapp-image-2025-01-25-at-152741-1.webp.webp\",\"contentUrl\":\"https:\\\/\\\/haberkuzey.com\\\/wp-content\\\/uploads\\\/2025\\\/01\\\/1737808762168whatsapp-image-2025-01-25-at-152741-1.webp.webp\",\"width\":1280,\"height\":720},{\"@type\":\"BreadcrumbList\",\"@id\":\"https:\\\/\\\/haberkuzey.com\\\/index.php\\\/2025\\\/01\\\/25\\\/gazeteci-deniz-arman-son-yolculuguna-ugurlandi\\\/#breadcrumb\",\"itemListElement\":[{\"@type\":\"ListItem\",\"position\":1,\"name\":\"Anasayfa\",\"item\":\"https:\\\/\\\/haberkuzey.com\\\/\"},{\"@type\":\"ListItem\",\"position\":2,\"name\":\"Gazeteci Deniz Arman, son yolculu\u011funa u\u011furland\u0131\"}]},{\"@type\":\"WebSite\",\"@id\":\"https:\\\/\\\/haberkuzey.com\\\/#website\",\"url\":\"https:\\\/\\\/haberkuzey.com\\\/\",\"name\":\"Haber Kuzey\",\"description\":\"Do\u011fru Haberin Adresi\",\"potentialAction\":[{\"@type\":\"SearchAction\",\"target\":{\"@type\":\"EntryPoint\",\"urlTemplate\":\"https:\\\/\\\/haberkuzey.com\\\/?s={search_term_string}\"},\"query-input\":{\"@type\":\"PropertyValueSpecification\",\"valueRequired\":true,\"valueName\":\"search_term_string\"}}],\"inLanguage\":\"tr\"},{\"@type\":\"Person\",\"@id\":\"https:\\\/\\\/haberkuzey.com\\\/#\\\/schema\\\/person\\\/3372109ec735f9333f4fa47ebb9605ca\",\"name\":\"haberkuzey\",\"image\":{\"@type\":\"ImageObject\",\"inLanguage\":\"tr\",\"@id\":\"https:\\\/\\\/secure.gravatar.com\\\/avatar\\\/f5fc875574b1575324358c3b9e6a32b8227aa5b74f3fa22e3cadb63e26fcc39c?s=96&d=mm&r=g\",\"url\":\"https:\\\/\\\/secure.gravatar.com\\\/avatar\\\/f5fc875574b1575324358c3b9e6a32b8227aa5b74f3fa22e3cadb63e26fcc39c?s=96&d=mm&r=g\",\"contentUrl\":\"https:\\\/\\\/secure.gravatar.com\\\/avatar\\\/f5fc875574b1575324358c3b9e6a32b8227aa5b74f3fa22e3cadb63e26fcc39c?s=96&d=mm&r=g\",\"caption\":\"haberkuzey\"},\"sameAs\":[\"https:\\\/\\\/haberkuzey.com\"],\"url\":\"https:\\\/\\\/haberkuzey.com\\\/index.php\\\/author\\\/haberkuzey\\\/\"}]}<\/script>\n<!-- \/ Yoast SEO plugin. -->","yoast_head_json":{"title":"Gazeteci Deniz Arman, son yolculu\u011funa u\u011furland\u0131 - Haber Kuzey","robots":{"index":"index","follow":"follow","max-snippet":"max-snippet:-1","max-image-preview":"max-image-preview:large","max-video-preview":"max-video-preview:-1"},"canonical":"https:\/\/haberkuzey.com\/index.php\/2025\/01\/25\/gazeteci-deniz-arman-son-yolculuguna-ugurlandi\/","og_locale":"tr_TR","og_type":"article","og_title":"Gazeteci Deniz Arman, son yolculu\u011funa u\u011furland\u0131 - Haber Kuzey","og_description":"\u0130stanbul\u2019da vefat eden gazeteci Deniz Arman\u2019\u0131n cenazesi topra\u011fa verildi. Tedavi g\u00f6rd\u00fc\u011f\u00fc hastanede 64 ya\u015f\u0131nda hayat\u0131n\u0131 kaybeden Arman i\u00e7in Be\u015fikta\u015f\u2019taki Vi\u015fnezade Camisi\u2019nde cenaze t\u00f6reni d\u00fczenlendi. Arman\u2019\u0131n o\u011flu Volga Arman, eski e\u015fi Bercis G\u00fclerman ve yak\u0131nlar\u0131, burada taziyeleri kabul etti. Deniz Arman\u2019\u0131n tabutunun \u00fczerine Be\u015fikta\u015f atk\u0131s\u0131 ve bayra\u011f\u0131 serildi. Cenaze t\u00f6renine, Arman\u2019\u0131n meslekta\u015flar\u0131 da kat\u0131ld\u0131. Babas\u0131 i\u00e7in [&hellip;]","og_url":"https:\/\/haberkuzey.com\/index.php\/2025\/01\/25\/gazeteci-deniz-arman-son-yolculuguna-ugurlandi\/","og_site_name":"Haber Kuzey","article_published_time":"2025-01-25T13:40:01+00:00","og_image":[{"url":"https:\/\/brtk.net\/wp-content\/uploads\/2025\/01\/25\/1737808762168whatsapp-image-2025-01-25-at-152741-1.webp?ver=faace6ce82b3ecc491d78bb1c94cff07","type":"","width":"","height":""}],"author":"haberkuzey","twitter_card":"summary_large_image","twitter_misc":{"Yazan:":"haberkuzey","Tahmini okuma s\u00fcresi":"1 dakika"},"schema":{"@context":"https:\/\/schema.org","@graph":[{"@type":"Article","@id":"https:\/\/haberkuzey.com\/index.php\/2025\/01\/25\/gazeteci-deniz-arman-son-yolculuguna-ugurlandi\/#article","isPartOf":{"@id":"https:\/\/haberkuzey.com\/index.php\/2025\/01\/25\/gazeteci-deniz-arman-son-yolculuguna-ugurlandi\/"},"author":{"name":"haberkuzey","@id":"https:\/\/haberkuzey.com\/#\/schema\/person\/3372109ec735f9333f4fa47ebb9605ca"},"headline":"Gazeteci Deniz Arman, son yolculu\u011funa u\u011furland\u0131","datePublished":"2025-01-25T13:40:01+00:00","mainEntityOfPage":{"@id":"https:\/\/haberkuzey.com\/index.php\/2025\/01\/25\/gazeteci-deniz-arman-son-yolculuguna-ugurlandi\/"},"wordCount":197,"commentCount":0,"image":{"@id":"https:\/\/haberkuzey.com\/index.php\/2025\/01\/25\/gazeteci-deniz-arman-son-yolculuguna-ugurlandi\/#primaryimage"},"thumbnailUrl":"https:\/\/haberkuzey.com\/wp-content\/uploads\/2025\/01\/1737808762168whatsapp-image-2025-01-25-at-152741-1.webp.webp","articleSection":["D\u00fcnya"],"inLanguage":"tr","potentialAction":[{"@type":"CommentAction","name":"Comment","target":["https:\/\/haberkuzey.com\/index.php\/2025\/01\/25\/gazeteci-deniz-arman-son-yolculuguna-ugurlandi\/#respond"]}]},{"@type":"WebPage","@id":"https:\/\/haberkuzey.com\/index.php\/2025\/01\/25\/gazeteci-deniz-arman-son-yolculuguna-ugurlandi\/","url":"https:\/\/haberkuzey.com\/index.php\/2025\/01\/25\/gazeteci-deniz-arman-son-yolculuguna-ugurlandi\/","name":"Gazeteci Deniz Arman, son yolculu\u011funa u\u011furland\u0131 - Haber Kuzey","isPartOf":{"@id":"https:\/\/haberkuzey.com\/#website"},"primaryImageOfPage":{"@id":"https:\/\/haberkuzey.com\/index.php\/2025\/01\/25\/gazeteci-deniz-arman-son-yolculuguna-ugurlandi\/#primaryimage"},"image":{"@id":"https:\/\/haberkuzey.com\/index.php\/2025\/01\/25\/gazeteci-deniz-arman-son-yolculuguna-ugurlandi\/#primaryimage"},"thumbnailUrl":"https:\/\/haberkuzey.com\/wp-content\/uploads\/2025\/01\/1737808762168whatsapp-image-2025-01-25-at-152741-1.webp.webp","datePublished":"2025-01-25T13:40:01+00:00","author":{"@id":"https:\/\/haberkuzey.com\/#\/schema\/person\/3372109ec735f9333f4fa47ebb9605ca"},"breadcrumb":{"@id":"https:\/\/haberkuzey.com\/index.php\/2025\/01\/25\/gazeteci-deniz-arman-son-yolculuguna-ugurlandi\/#breadcrumb"},"inLanguage":"tr","potentialAction":[{"@type":"ReadAction","target":["https:\/\/haberkuzey.com\/index.php\/2025\/01\/25\/gazeteci-deniz-arman-son-yolculuguna-ugurlandi\/"]}]},{"@type":"ImageObject","inLanguage":"tr","@id":"https:\/\/haberkuzey.com\/index.php\/2025\/01\/25\/gazeteci-deniz-arman-son-yolculuguna-ugurlandi\/#primaryimage","url":"https:\/\/haberkuzey.com\/wp-content\/uploads\/2025\/01\/1737808762168whatsapp-image-2025-01-25-at-152741-1.webp.webp","contentUrl":"https:\/\/haberkuzey.com\/wp-content\/uploads\/2025\/01\/1737808762168whatsapp-image-2025-01-25-at-152741-1.webp.webp","width":1280,"height":720},{"@type":"BreadcrumbList","@id":"https:\/\/haberkuzey.com\/index.php\/2025\/01\/25\/gazeteci-deniz-arman-son-yolculuguna-ugurlandi\/#breadcrumb","itemListElement":[{"@type":"ListItem","position":1,"name":"Anasayfa","item":"https:\/\/haberkuzey.com\/"},{"@type":"ListItem","position":2,"name":"Gazeteci Deniz Arman, son yolculu\u011funa u\u011furland\u0131"}]},{"@type":"WebSite","@id":"https:\/\/haberkuzey.com\/#website","url":"https:\/\/haberkuzey.com\/","name":"Haber Kuzey","description":"Do\u011fru Haberin Adresi","potentialAction":[{"@type":"SearchAction","target":{"@type":"EntryPoint","urlTemplate":"https:\/\/haberkuzey.com\/?s={search_term_string}"},"query-input":{"@type":"PropertyValueSpecification","valueRequired":true,"valueName":"search_term_string"}}],"inLanguage":"tr"},{"@type":"Person","@id":"https:\/\/haberkuzey.com\/#\/schema\/person\/3372109ec735f9333f4fa47ebb9605ca","name":"haberkuzey","image":{"@type":"ImageObject","inLanguage":"tr","@id":"https:\/\/secure.gravatar.com\/avatar\/f5fc875574b1575324358c3b9e6a32b8227aa5b74f3fa22e3cadb63e26fcc39c?s=96&d=mm&r=g","url":"https:\/\/secure.gravatar.com\/avatar\/f5fc875574b1575324358c3b9e6a32b8227aa5b74f3fa22e3cadb63e26fcc39c?s=96&d=mm&r=g","contentUrl":"https:\/\/secure.gravatar.com\/avatar\/f5fc875574b1575324358c3b9e6a32b8227aa5b74f3fa22e3cadb63e26fcc39c?s=96&d=mm&r=g","caption":"haberkuzey"},"sameAs":["https:\/\/haberkuzey.com"],"url":"https:\/\/haberkuzey.com\/index.php\/author\/haberkuzey\/"}]}},"_links":{"self":[{"href":"https:\/\/haberkuzey.com\/index.php\/wp-json\/wp\/v2\/posts\/17113","targetHints":{"allow":["GET"]}}],"collection":[{"href":"https:\/\/haberkuzey.com\/index.php\/wp-json\/wp\/v2\/posts"}],"about":[{"href":"https:\/\/haberkuzey.com\/index.php\/wp-json\/wp\/v2\/types\/post"}],"author":[{"embeddable":true,"href":"https:\/\/haberkuzey.com\/index.php\/wp-json\/wp\/v2\/users\/1"}],"replies":[{"embeddable":true,"href":"https:\/\/haberkuzey.com\/index.php\/wp-json\/wp\/v2\/comments?post=17113"}],"version-history":[{"count":0,"href":"https:\/\/haberkuzey.com\/index.php\/wp-json\/wp\/v2\/posts\/17113\/revisions"}],"wp:featuredmedia":[{"embeddable":true,"href":"https:\/\/haberkuzey.com\/index.php\/wp-json\/wp\/v2\/media\/17114"}],"wp:attachment":[{"href":"https:\/\/haberkuzey.com\/index.php\/wp-json\/wp\/v2\/media?parent=17113"}],"wp:term":[{"taxonomy":"category","embeddable":true,"href":"https:\/\/haberkuzey.com\/index.php\/wp-json\/wp\/v2\/categories?post=17113"},{"taxonomy":"post_tag","embeddable":true,"href":"https:\/\/haberkuzey.com\/index.php\/wp-json\/wp\/v2\/tags?post=17113"}],"curies":[{"name":"wp","href":"https:\/\/api.w.org\/{rel}","templated":true}]}}