{"id":1704,"date":"2024-05-08T12:37:55","date_gmt":"2024-05-08T09:37:55","guid":{"rendered":"https:\/\/haberkuzey.com\/index.php\/2024\/05\/08\/istanbul-havalimaninda-arizalanan-kargo-ucagi-govde-uzerine-inis-yapti\/"},"modified":"2024-05-08T12:37:55","modified_gmt":"2024-05-08T09:37:55","slug":"istanbul-havalimaninda-arizalanan-kargo-ucagi-govde-uzerine-inis-yapti","status":"publish","type":"post","link":"https:\/\/haberkuzey.com\/index.php\/2024\/05\/08\/istanbul-havalimaninda-arizalanan-kargo-ucagi-govde-uzerine-inis-yapti\/","title":{"rendered":"\u0130stanbul Havaliman\u0131\u2019nda ar\u0131zalanan kargo u\u00e7a\u011f\u0131 g\u00f6vde \u00fczerine ini\u015f yapt\u0131"},"content":{"rendered":"<div>\n<div class=\"mariselle-image-container none\">\n                                            <\/div>\n<p>\u0130stanbul Havaliman\u0131\u2019nda, yabanc\u0131 bir kargo \u015firketine ait kargo u\u00e7a\u011f\u0131, ini\u015f tak\u0131mlar\u0131n\u0131n ar\u0131zalanmas\u0131 \u00fczerine g\u00f6vde \u00fczerine ini\u015f yapt\u0131.<\/p>\n<p>Al\u0131nan bilgiye g\u00f6re, Paris-\u0130stanbul seferini yapan Fedex Havayollar\u0131na ait Boeing 763 tipi bir kargo u\u00e7a\u011f\u0131, ini\u015f tak\u0131mlar\u0131nda ar\u0131za meydana gelince, \u0130stanbul Havaliman\u0131 kontrol kulesi ile irtibata ge\u00e7erek g\u00f6vde \u00fczerine ini\u015f i\u00e7in izin istedi.<\/p>\n<p>Bunun \u00fczerine havaliman\u0131nda ini\u015f i\u00e7in gerekli tedbirler al\u0131narak piste Havaliman\u0131 Kurtarma ve Yang\u0131nla M\u00fccadele Servisi ekipleri sevk edildi.<\/p>\n<p>U\u00e7ak g\u00f6vde \u00fczerine sorunsuz olarak ini\u015fini ger\u00e7ekle\u015ftirirken kabin ekibi yaralanmadan u\u00e7a\u011f\u0131 terk etti.<\/p>\n<p>\u0130stanbul Havaliman\u0131\u2019ndaki u\u00e7a\u011f\u0131n indi\u011fi 16R numaral\u0131 pist de u\u00e7u\u015flara kapat\u0131ld\u0131.<\/p>\n<p>U\u00e7a\u011f\u0131n pisten kald\u0131r\u0131lmas\u0131 i\u00e7in \u00e7al\u0131\u015fmalar devam ediyor.<\/p>\n<p>Kazayla ilgili incelemeler s\u00fcr\u00fcyor.<\/p>\n<\/p><\/div>\n<p><script async\n                    defer\n                    crossorigin=\"anonymous\"\n                    src=\"https:\/\/connect.facebook.net\/tr_TR\/sdk.js#xfbml=1&#038;version=v3.3\"\n            ><\/script><\/p>\n","protected":false},"excerpt":{"rendered":"<p>\u0130stanbul Havaliman\u0131\u2019nda, yabanc\u0131 bir kargo \u015firketine ait kargo u\u00e7a\u011f\u0131, ini\u015f tak\u0131mlar\u0131n\u0131n ar\u0131zalanmas\u0131 \u00fczerine g\u00f6vde \u00fczerine ini\u015f yapt\u0131. Al\u0131nan bilgiye g\u00f6re, Paris-\u0130stanbul seferini yapan Fedex Havayollar\u0131na ait Boeing 763 tipi bir kargo u\u00e7a\u011f\u0131, ini\u015f tak\u0131mlar\u0131nda ar\u0131za meydana gelince, \u0130stanbul Havaliman\u0131 kontrol kulesi ile irtibata ge\u00e7erek g\u00f6vde \u00fczerine ini\u015f i\u00e7in izin istedi. Bunun \u00fczerine havaliman\u0131nda ini\u015f i\u00e7in [&hellip;]<\/p>\n","protected":false},"author":1,"featured_media":1705,"comment_status":"open","ping_status":"open","sticky":false,"template":"","format":"standard","meta":{"jnews-multi-image_gallery":[],"jnews_single_post":[],"jnews_primary_category":[],"footnotes":""},"categories":[2],"tags":[],"class_list":["post-1704","post","type-post","status-publish","format-standard","has-post-thumbnail","hentry","category-dunya"],"yoast_head":"<!-- This site is optimized with the Yoast SEO plugin v27.5 - https:\/\/yoast.com\/product\/yoast-seo-wordpress\/ -->\n<title>\u0130stanbul Havaliman\u0131\u2019nda ar\u0131zalanan kargo u\u00e7a\u011f\u0131 g\u00f6vde \u00fczerine ini\u015f yapt\u0131 - Haber Kuzey<\/title>\n<meta name=\"robots\" content=\"index, follow, max-snippet:-1, max-image-preview:large, max-video-preview:-1\" \/>\n<link rel=\"canonical\" href=\"https:\/\/haberkuzey.com\/index.php\/2024\/05\/08\/istanbul-havalimaninda-arizalanan-kargo-ucagi-govde-uzerine-inis-yapti\/\" \/>\n<meta property=\"og:locale\" content=\"tr_TR\" \/>\n<meta property=\"og:type\" content=\"article\" \/>\n<meta property=\"og:title\" content=\"\u0130stanbul Havaliman\u0131\u2019nda ar\u0131zalanan kargo u\u00e7a\u011f\u0131 g\u00f6vde \u00fczerine ini\u015f yapt\u0131 - Haber Kuzey\" \/>\n<meta property=\"og:description\" content=\"\u0130stanbul Havaliman\u0131\u2019nda, yabanc\u0131 bir kargo \u015firketine ait kargo u\u00e7a\u011f\u0131, ini\u015f tak\u0131mlar\u0131n\u0131n ar\u0131zalanmas\u0131 \u00fczerine g\u00f6vde \u00fczerine ini\u015f yapt\u0131. Al\u0131nan bilgiye g\u00f6re, Paris-\u0130stanbul seferini yapan Fedex Havayollar\u0131na ait Boeing 763 tipi bir kargo u\u00e7a\u011f\u0131, ini\u015f tak\u0131mlar\u0131nda ar\u0131za meydana gelince, \u0130stanbul Havaliman\u0131 kontrol kulesi ile irtibata ge\u00e7erek g\u00f6vde \u00fczerine ini\u015f i\u00e7in izin istedi. Bunun \u00fczerine havaliman\u0131nda ini\u015f i\u00e7in [&hellip;]\" \/>\n<meta property=\"og:url\" content=\"https:\/\/haberkuzey.com\/index.php\/2024\/05\/08\/istanbul-havalimaninda-arizalanan-kargo-ucagi-govde-uzerine-inis-yapti\/\" \/>\n<meta property=\"og:site_name\" content=\"Haber Kuzey\" \/>\n<meta property=\"article:published_time\" content=\"2024-05-08T09:37:55+00:00\" \/>\n<meta property=\"og:image\" content=\"https:\/\/brtk.net\/wp-content\/uploads\/2024\/05\/08\/ucak16.jpg?ver=4c79c3f084a8e28de2d7e48ff15bb76d\" \/>\n<meta name=\"author\" content=\"haberkuzey\" \/>\n<meta name=\"twitter:card\" content=\"summary_large_image\" \/>\n<meta name=\"twitter:label1\" content=\"Yazan:\" \/>\n\t<meta name=\"twitter:data1\" content=\"haberkuzey\" \/>\n\t<meta name=\"twitter:label2\" content=\"Tahmini okuma s\u00fcresi\" \/>\n\t<meta name=\"twitter:data2\" content=\"1 dakika\" \/>\n<script type=\"application\/ld+json\" class=\"yoast-schema-graph\">{\"@context\":\"https:\\\/\\\/schema.org\",\"@graph\":[{\"@type\":\"Article\",\"@id\":\"https:\\\/\\\/haberkuzey.com\\\/index.php\\\/2024\\\/05\\\/08\\\/istanbul-havalimaninda-arizalanan-kargo-ucagi-govde-uzerine-inis-yapti\\\/#article\",\"isPartOf\":{\"@id\":\"https:\\\/\\\/haberkuzey.com\\\/index.php\\\/2024\\\/05\\\/08\\\/istanbul-havalimaninda-arizalanan-kargo-ucagi-govde-uzerine-inis-yapti\\\/\"},\"author\":{\"name\":\"haberkuzey\",\"@id\":\"https:\\\/\\\/haberkuzey.com\\\/#\\\/schema\\\/person\\\/3372109ec735f9333f4fa47ebb9605ca\"},\"headline\":\"\u0130stanbul Havaliman\u0131\u2019nda ar\u0131zalanan kargo u\u00e7a\u011f\u0131 g\u00f6vde \u00fczerine ini\u015f yapt\u0131\",\"datePublished\":\"2024-05-08T09:37:55+00:00\",\"mainEntityOfPage\":{\"@id\":\"https:\\\/\\\/haberkuzey.com\\\/index.php\\\/2024\\\/05\\\/08\\\/istanbul-havalimaninda-arizalanan-kargo-ucagi-govde-uzerine-inis-yapti\\\/\"},\"wordCount\":158,\"commentCount\":0,\"image\":{\"@id\":\"https:\\\/\\\/haberkuzey.com\\\/index.php\\\/2024\\\/05\\\/08\\\/istanbul-havalimaninda-arizalanan-kargo-ucagi-govde-uzerine-inis-yapti\\\/#primaryimage\"},\"thumbnailUrl\":\"https:\\\/\\\/haberkuzey.com\\\/wp-content\\\/uploads\\\/2024\\\/05\\\/ucak16.jpg\",\"articleSection\":[\"D\u00fcnya\"],\"inLanguage\":\"tr\",\"potentialAction\":[{\"@type\":\"CommentAction\",\"name\":\"Comment\",\"target\":[\"https:\\\/\\\/haberkuzey.com\\\/index.php\\\/2024\\\/05\\\/08\\\/istanbul-havalimaninda-arizalanan-kargo-ucagi-govde-uzerine-inis-yapti\\\/#respond\"]}]},{\"@type\":\"WebPage\",\"@id\":\"https:\\\/\\\/haberkuzey.com\\\/index.php\\\/2024\\\/05\\\/08\\\/istanbul-havalimaninda-arizalanan-kargo-ucagi-govde-uzerine-inis-yapti\\\/\",\"url\":\"https:\\\/\\\/haberkuzey.com\\\/index.php\\\/2024\\\/05\\\/08\\\/istanbul-havalimaninda-arizalanan-kargo-ucagi-govde-uzerine-inis-yapti\\\/\",\"name\":\"\u0130stanbul Havaliman\u0131\u2019nda ar\u0131zalanan kargo u\u00e7a\u011f\u0131 g\u00f6vde \u00fczerine ini\u015f yapt\u0131 - Haber Kuzey\",\"isPartOf\":{\"@id\":\"https:\\\/\\\/haberkuzey.com\\\/#website\"},\"primaryImageOfPage\":{\"@id\":\"https:\\\/\\\/haberkuzey.com\\\/index.php\\\/2024\\\/05\\\/08\\\/istanbul-havalimaninda-arizalanan-kargo-ucagi-govde-uzerine-inis-yapti\\\/#primaryimage\"},\"image\":{\"@id\":\"https:\\\/\\\/haberkuzey.com\\\/index.php\\\/2024\\\/05\\\/08\\\/istanbul-havalimaninda-arizalanan-kargo-ucagi-govde-uzerine-inis-yapti\\\/#primaryimage\"},\"thumbnailUrl\":\"https:\\\/\\\/haberkuzey.com\\\/wp-content\\\/uploads\\\/2024\\\/05\\\/ucak16.jpg\",\"datePublished\":\"2024-05-08T09:37:55+00:00\",\"author\":{\"@id\":\"https:\\\/\\\/haberkuzey.com\\\/#\\\/schema\\\/person\\\/3372109ec735f9333f4fa47ebb9605ca\"},\"breadcrumb\":{\"@id\":\"https:\\\/\\\/haberkuzey.com\\\/index.php\\\/2024\\\/05\\\/08\\\/istanbul-havalimaninda-arizalanan-kargo-ucagi-govde-uzerine-inis-yapti\\\/#breadcrumb\"},\"inLanguage\":\"tr\",\"potentialAction\":[{\"@type\":\"ReadAction\",\"target\":[\"https:\\\/\\\/haberkuzey.com\\\/index.php\\\/2024\\\/05\\\/08\\\/istanbul-havalimaninda-arizalanan-kargo-ucagi-govde-uzerine-inis-yapti\\\/\"]}]},{\"@type\":\"ImageObject\",\"inLanguage\":\"tr\",\"@id\":\"https:\\\/\\\/haberkuzey.com\\\/index.php\\\/2024\\\/05\\\/08\\\/istanbul-havalimaninda-arizalanan-kargo-ucagi-govde-uzerine-inis-yapti\\\/#primaryimage\",\"url\":\"https:\\\/\\\/haberkuzey.com\\\/wp-content\\\/uploads\\\/2024\\\/05\\\/ucak16.jpg\",\"contentUrl\":\"https:\\\/\\\/haberkuzey.com\\\/wp-content\\\/uploads\\\/2024\\\/05\\\/ucak16.jpg\",\"width\":753,\"height\":565},{\"@type\":\"BreadcrumbList\",\"@id\":\"https:\\\/\\\/haberkuzey.com\\\/index.php\\\/2024\\\/05\\\/08\\\/istanbul-havalimaninda-arizalanan-kargo-ucagi-govde-uzerine-inis-yapti\\\/#breadcrumb\",\"itemListElement\":[{\"@type\":\"ListItem\",\"position\":1,\"name\":\"Anasayfa\",\"item\":\"https:\\\/\\\/haberkuzey.com\\\/\"},{\"@type\":\"ListItem\",\"position\":2,\"name\":\"\u0130stanbul Havaliman\u0131\u2019nda ar\u0131zalanan kargo u\u00e7a\u011f\u0131 g\u00f6vde \u00fczerine ini\u015f yapt\u0131\"}]},{\"@type\":\"WebSite\",\"@id\":\"https:\\\/\\\/haberkuzey.com\\\/#website\",\"url\":\"https:\\\/\\\/haberkuzey.com\\\/\",\"name\":\"Haber Kuzey\",\"description\":\"Do\u011fru Haberin Adresi\",\"potentialAction\":[{\"@type\":\"SearchAction\",\"target\":{\"@type\":\"EntryPoint\",\"urlTemplate\":\"https:\\\/\\\/haberkuzey.com\\\/?s={search_term_string}\"},\"query-input\":{\"@type\":\"PropertyValueSpecification\",\"valueRequired\":true,\"valueName\":\"search_term_string\"}}],\"inLanguage\":\"tr\"},{\"@type\":\"Person\",\"@id\":\"https:\\\/\\\/haberkuzey.com\\\/#\\\/schema\\\/person\\\/3372109ec735f9333f4fa47ebb9605ca\",\"name\":\"haberkuzey\",\"image\":{\"@type\":\"ImageObject\",\"inLanguage\":\"tr\",\"@id\":\"https:\\\/\\\/secure.gravatar.com\\\/avatar\\\/f5fc875574b1575324358c3b9e6a32b8227aa5b74f3fa22e3cadb63e26fcc39c?s=96&d=mm&r=g\",\"url\":\"https:\\\/\\\/secure.gravatar.com\\\/avatar\\\/f5fc875574b1575324358c3b9e6a32b8227aa5b74f3fa22e3cadb63e26fcc39c?s=96&d=mm&r=g\",\"contentUrl\":\"https:\\\/\\\/secure.gravatar.com\\\/avatar\\\/f5fc875574b1575324358c3b9e6a32b8227aa5b74f3fa22e3cadb63e26fcc39c?s=96&d=mm&r=g\",\"caption\":\"haberkuzey\"},\"sameAs\":[\"https:\\\/\\\/haberkuzey.com\"],\"url\":\"https:\\\/\\\/haberkuzey.com\\\/index.php\\\/author\\\/haberkuzey\\\/\"}]}<\/script>\n<!-- \/ Yoast SEO plugin. -->","yoast_head_json":{"title":"\u0130stanbul Havaliman\u0131\u2019nda ar\u0131zalanan kargo u\u00e7a\u011f\u0131 g\u00f6vde \u00fczerine ini\u015f yapt\u0131 - Haber Kuzey","robots":{"index":"index","follow":"follow","max-snippet":"max-snippet:-1","max-image-preview":"max-image-preview:large","max-video-preview":"max-video-preview:-1"},"canonical":"https:\/\/haberkuzey.com\/index.php\/2024\/05\/08\/istanbul-havalimaninda-arizalanan-kargo-ucagi-govde-uzerine-inis-yapti\/","og_locale":"tr_TR","og_type":"article","og_title":"\u0130stanbul Havaliman\u0131\u2019nda ar\u0131zalanan kargo u\u00e7a\u011f\u0131 g\u00f6vde \u00fczerine ini\u015f yapt\u0131 - Haber Kuzey","og_description":"\u0130stanbul Havaliman\u0131\u2019nda, yabanc\u0131 bir kargo \u015firketine ait kargo u\u00e7a\u011f\u0131, ini\u015f tak\u0131mlar\u0131n\u0131n ar\u0131zalanmas\u0131 \u00fczerine g\u00f6vde \u00fczerine ini\u015f yapt\u0131. Al\u0131nan bilgiye g\u00f6re, Paris-\u0130stanbul seferini yapan Fedex Havayollar\u0131na ait Boeing 763 tipi bir kargo u\u00e7a\u011f\u0131, ini\u015f tak\u0131mlar\u0131nda ar\u0131za meydana gelince, \u0130stanbul Havaliman\u0131 kontrol kulesi ile irtibata ge\u00e7erek g\u00f6vde \u00fczerine ini\u015f i\u00e7in izin istedi. Bunun \u00fczerine havaliman\u0131nda ini\u015f i\u00e7in [&hellip;]","og_url":"https:\/\/haberkuzey.com\/index.php\/2024\/05\/08\/istanbul-havalimaninda-arizalanan-kargo-ucagi-govde-uzerine-inis-yapti\/","og_site_name":"Haber Kuzey","article_published_time":"2024-05-08T09:37:55+00:00","og_image":[{"url":"https:\/\/brtk.net\/wp-content\/uploads\/2024\/05\/08\/ucak16.jpg?ver=4c79c3f084a8e28de2d7e48ff15bb76d","type":"","width":"","height":""}],"author":"haberkuzey","twitter_card":"summary_large_image","twitter_misc":{"Yazan:":"haberkuzey","Tahmini okuma s\u00fcresi":"1 dakika"},"schema":{"@context":"https:\/\/schema.org","@graph":[{"@type":"Article","@id":"https:\/\/haberkuzey.com\/index.php\/2024\/05\/08\/istanbul-havalimaninda-arizalanan-kargo-ucagi-govde-uzerine-inis-yapti\/#article","isPartOf":{"@id":"https:\/\/haberkuzey.com\/index.php\/2024\/05\/08\/istanbul-havalimaninda-arizalanan-kargo-ucagi-govde-uzerine-inis-yapti\/"},"author":{"name":"haberkuzey","@id":"https:\/\/haberkuzey.com\/#\/schema\/person\/3372109ec735f9333f4fa47ebb9605ca"},"headline":"\u0130stanbul Havaliman\u0131\u2019nda ar\u0131zalanan kargo u\u00e7a\u011f\u0131 g\u00f6vde \u00fczerine ini\u015f yapt\u0131","datePublished":"2024-05-08T09:37:55+00:00","mainEntityOfPage":{"@id":"https:\/\/haberkuzey.com\/index.php\/2024\/05\/08\/istanbul-havalimaninda-arizalanan-kargo-ucagi-govde-uzerine-inis-yapti\/"},"wordCount":158,"commentCount":0,"image":{"@id":"https:\/\/haberkuzey.com\/index.php\/2024\/05\/08\/istanbul-havalimaninda-arizalanan-kargo-ucagi-govde-uzerine-inis-yapti\/#primaryimage"},"thumbnailUrl":"https:\/\/haberkuzey.com\/wp-content\/uploads\/2024\/05\/ucak16.jpg","articleSection":["D\u00fcnya"],"inLanguage":"tr","potentialAction":[{"@type":"CommentAction","name":"Comment","target":["https:\/\/haberkuzey.com\/index.php\/2024\/05\/08\/istanbul-havalimaninda-arizalanan-kargo-ucagi-govde-uzerine-inis-yapti\/#respond"]}]},{"@type":"WebPage","@id":"https:\/\/haberkuzey.com\/index.php\/2024\/05\/08\/istanbul-havalimaninda-arizalanan-kargo-ucagi-govde-uzerine-inis-yapti\/","url":"https:\/\/haberkuzey.com\/index.php\/2024\/05\/08\/istanbul-havalimaninda-arizalanan-kargo-ucagi-govde-uzerine-inis-yapti\/","name":"\u0130stanbul Havaliman\u0131\u2019nda ar\u0131zalanan kargo u\u00e7a\u011f\u0131 g\u00f6vde \u00fczerine ini\u015f yapt\u0131 - Haber Kuzey","isPartOf":{"@id":"https:\/\/haberkuzey.com\/#website"},"primaryImageOfPage":{"@id":"https:\/\/haberkuzey.com\/index.php\/2024\/05\/08\/istanbul-havalimaninda-arizalanan-kargo-ucagi-govde-uzerine-inis-yapti\/#primaryimage"},"image":{"@id":"https:\/\/haberkuzey.com\/index.php\/2024\/05\/08\/istanbul-havalimaninda-arizalanan-kargo-ucagi-govde-uzerine-inis-yapti\/#primaryimage"},"thumbnailUrl":"https:\/\/haberkuzey.com\/wp-content\/uploads\/2024\/05\/ucak16.jpg","datePublished":"2024-05-08T09:37:55+00:00","author":{"@id":"https:\/\/haberkuzey.com\/#\/schema\/person\/3372109ec735f9333f4fa47ebb9605ca"},"breadcrumb":{"@id":"https:\/\/haberkuzey.com\/index.php\/2024\/05\/08\/istanbul-havalimaninda-arizalanan-kargo-ucagi-govde-uzerine-inis-yapti\/#breadcrumb"},"inLanguage":"tr","potentialAction":[{"@type":"ReadAction","target":["https:\/\/haberkuzey.com\/index.php\/2024\/05\/08\/istanbul-havalimaninda-arizalanan-kargo-ucagi-govde-uzerine-inis-yapti\/"]}]},{"@type":"ImageObject","inLanguage":"tr","@id":"https:\/\/haberkuzey.com\/index.php\/2024\/05\/08\/istanbul-havalimaninda-arizalanan-kargo-ucagi-govde-uzerine-inis-yapti\/#primaryimage","url":"https:\/\/haberkuzey.com\/wp-content\/uploads\/2024\/05\/ucak16.jpg","contentUrl":"https:\/\/haberkuzey.com\/wp-content\/uploads\/2024\/05\/ucak16.jpg","width":753,"height":565},{"@type":"BreadcrumbList","@id":"https:\/\/haberkuzey.com\/index.php\/2024\/05\/08\/istanbul-havalimaninda-arizalanan-kargo-ucagi-govde-uzerine-inis-yapti\/#breadcrumb","itemListElement":[{"@type":"ListItem","position":1,"name":"Anasayfa","item":"https:\/\/haberkuzey.com\/"},{"@type":"ListItem","position":2,"name":"\u0130stanbul Havaliman\u0131\u2019nda ar\u0131zalanan kargo u\u00e7a\u011f\u0131 g\u00f6vde \u00fczerine ini\u015f yapt\u0131"}]},{"@type":"WebSite","@id":"https:\/\/haberkuzey.com\/#website","url":"https:\/\/haberkuzey.com\/","name":"Haber Kuzey","description":"Do\u011fru Haberin Adresi","potentialAction":[{"@type":"SearchAction","target":{"@type":"EntryPoint","urlTemplate":"https:\/\/haberkuzey.com\/?s={search_term_string}"},"query-input":{"@type":"PropertyValueSpecification","valueRequired":true,"valueName":"search_term_string"}}],"inLanguage":"tr"},{"@type":"Person","@id":"https:\/\/haberkuzey.com\/#\/schema\/person\/3372109ec735f9333f4fa47ebb9605ca","name":"haberkuzey","image":{"@type":"ImageObject","inLanguage":"tr","@id":"https:\/\/secure.gravatar.com\/avatar\/f5fc875574b1575324358c3b9e6a32b8227aa5b74f3fa22e3cadb63e26fcc39c?s=96&d=mm&r=g","url":"https:\/\/secure.gravatar.com\/avatar\/f5fc875574b1575324358c3b9e6a32b8227aa5b74f3fa22e3cadb63e26fcc39c?s=96&d=mm&r=g","contentUrl":"https:\/\/secure.gravatar.com\/avatar\/f5fc875574b1575324358c3b9e6a32b8227aa5b74f3fa22e3cadb63e26fcc39c?s=96&d=mm&r=g","caption":"haberkuzey"},"sameAs":["https:\/\/haberkuzey.com"],"url":"https:\/\/haberkuzey.com\/index.php\/author\/haberkuzey\/"}]}},"_links":{"self":[{"href":"https:\/\/haberkuzey.com\/index.php\/wp-json\/wp\/v2\/posts\/1704","targetHints":{"allow":["GET"]}}],"collection":[{"href":"https:\/\/haberkuzey.com\/index.php\/wp-json\/wp\/v2\/posts"}],"about":[{"href":"https:\/\/haberkuzey.com\/index.php\/wp-json\/wp\/v2\/types\/post"}],"author":[{"embeddable":true,"href":"https:\/\/haberkuzey.com\/index.php\/wp-json\/wp\/v2\/users\/1"}],"replies":[{"embeddable":true,"href":"https:\/\/haberkuzey.com\/index.php\/wp-json\/wp\/v2\/comments?post=1704"}],"version-history":[{"count":0,"href":"https:\/\/haberkuzey.com\/index.php\/wp-json\/wp\/v2\/posts\/1704\/revisions"}],"wp:featuredmedia":[{"embeddable":true,"href":"https:\/\/haberkuzey.com\/index.php\/wp-json\/wp\/v2\/media\/1705"}],"wp:attachment":[{"href":"https:\/\/haberkuzey.com\/index.php\/wp-json\/wp\/v2\/media?parent=1704"}],"wp:term":[{"taxonomy":"category","embeddable":true,"href":"https:\/\/haberkuzey.com\/index.php\/wp-json\/wp\/v2\/categories?post=1704"},{"taxonomy":"post_tag","embeddable":true,"href":"https:\/\/haberkuzey.com\/index.php\/wp-json\/wp\/v2\/tags?post=1704"}],"curies":[{"name":"wp","href":"https:\/\/api.w.org\/{rel}","templated":true}]}}