{"id":1696,"date":"2024-05-08T11:57:57","date_gmt":"2024-05-08T08:57:57","guid":{"rendered":"https:\/\/haberkuzey.com\/index.php\/2024\/05\/08\/gidada-hijyen-ve-denetimi-konusunda-belediye-personeline-egitim-duzenlendi\/"},"modified":"2024-05-08T11:57:57","modified_gmt":"2024-05-08T08:57:57","slug":"gidada-hijyen-ve-denetimi-konusunda-belediye-personeline-egitim-duzenlendi","status":"publish","type":"post","link":"https:\/\/haberkuzey.com\/index.php\/2024\/05\/08\/gidada-hijyen-ve-denetimi-konusunda-belediye-personeline-egitim-duzenlendi\/","title":{"rendered":"G\u0131dada hijyen ve denetimi konusunda belediye personeline e\u011fitim d\u00fczenlendi"},"content":{"rendered":"<div>\n<div class=\"mariselle-image-container none\">\n                                            <\/div>\n<p>\u00a0Belediye personeline y\u00f6nelik g\u0131dada hijyen ve denetim alan\u0131nda e\u011fitim d\u00fczenlendi.<\/p>\n<p>\u201cG\u0131da G\u00fcvenli\u011fi ve G\u0131da \u0130\u015fletmesi Denetimi E\u011fitimi\u201d d\u00fcn G\u00f6nyeli-Alayk\u00f6y Belediyesi (GAB) ve Yak\u0131n Do\u011fu \u00dcniversitesi Veteriner Hekimli\u011fi Fak\u00fcltesi i\u015f birli\u011finde d\u00fczenlendi.<\/p>\n<p>GAB\u2019dan verilen bilgiye g\u00f6re, t\u00fcm belediyelere a\u00e7\u0131k olan organizasyonda, e\u011fitimi YD\u00dc Veteriner Hekimli\u011fi Fak\u00fcltesi G\u0131da Hijyeni ve G\u0131da Teknolojisi B\u00f6l\u00fcm Ba\u015fkan\u0131 Prof. Dr. Beyza Hatice Ulusoy verdi. E\u011fitime 14 belediyeden personel kat\u0131ld\u0131.<\/p>\n<\/p><\/div>\n<p><script async\n                    defer\n                    crossorigin=\"anonymous\"\n                    src=\"https:\/\/connect.facebook.net\/tr_TR\/sdk.js#xfbml=1&#038;version=v3.3\"\n            ><\/script><\/p>\n","protected":false},"excerpt":{"rendered":"<p>\u00a0Belediye personeline y\u00f6nelik g\u0131dada hijyen ve denetim alan\u0131nda e\u011fitim d\u00fczenlendi. \u201cG\u0131da G\u00fcvenli\u011fi ve G\u0131da \u0130\u015fletmesi Denetimi E\u011fitimi\u201d d\u00fcn G\u00f6nyeli-Alayk\u00f6y Belediyesi (GAB) ve Yak\u0131n Do\u011fu \u00dcniversitesi Veteriner Hekimli\u011fi Fak\u00fcltesi i\u015f birli\u011finde d\u00fczenlendi. GAB\u2019dan verilen bilgiye g\u00f6re, t\u00fcm belediyelere a\u00e7\u0131k olan organizasyonda, e\u011fitimi YD\u00dc Veteriner Hekimli\u011fi Fak\u00fcltesi G\u0131da Hijyeni ve G\u0131da Teknolojisi B\u00f6l\u00fcm Ba\u015fkan\u0131 Prof. Dr. Beyza [&hellip;]<\/p>\n","protected":false},"author":1,"featured_media":1697,"comment_status":"open","ping_status":"open","sticky":false,"template":"","format":"standard","meta":{"jnews-multi-image_gallery":[],"jnews_single_post":[],"jnews_primary_category":[],"footnotes":""},"categories":[1],"tags":[],"class_list":["post-1696","post","type-post","status-publish","format-standard","has-post-thumbnail","hentry","category-kibris"],"yoast_head":"<!-- This site is optimized with the Yoast SEO plugin v27.5 - https:\/\/yoast.com\/product\/yoast-seo-wordpress\/ -->\n<title>G\u0131dada hijyen ve denetimi konusunda belediye personeline e\u011fitim d\u00fczenlendi - Haber Kuzey<\/title>\n<meta name=\"robots\" content=\"index, follow, max-snippet:-1, max-image-preview:large, max-video-preview:-1\" \/>\n<link rel=\"canonical\" href=\"https:\/\/haberkuzey.com\/index.php\/2024\/05\/08\/gidada-hijyen-ve-denetimi-konusunda-belediye-personeline-egitim-duzenlendi\/\" \/>\n<meta property=\"og:locale\" content=\"tr_TR\" \/>\n<meta property=\"og:type\" content=\"article\" \/>\n<meta property=\"og:title\" content=\"G\u0131dada hijyen ve denetimi konusunda belediye personeline e\u011fitim d\u00fczenlendi - Haber Kuzey\" \/>\n<meta property=\"og:description\" content=\"\u00a0Belediye personeline y\u00f6nelik g\u0131dada hijyen ve denetim alan\u0131nda e\u011fitim d\u00fczenlendi. \u201cG\u0131da G\u00fcvenli\u011fi ve G\u0131da \u0130\u015fletmesi Denetimi E\u011fitimi\u201d d\u00fcn G\u00f6nyeli-Alayk\u00f6y Belediyesi (GAB) ve Yak\u0131n Do\u011fu \u00dcniversitesi Veteriner Hekimli\u011fi Fak\u00fcltesi i\u015f birli\u011finde d\u00fczenlendi. GAB\u2019dan verilen bilgiye g\u00f6re, t\u00fcm belediyelere a\u00e7\u0131k olan organizasyonda, e\u011fitimi YD\u00dc Veteriner Hekimli\u011fi Fak\u00fcltesi G\u0131da Hijyeni ve G\u0131da Teknolojisi B\u00f6l\u00fcm Ba\u015fkan\u0131 Prof. Dr. Beyza [&hellip;]\" \/>\n<meta property=\"og:url\" content=\"https:\/\/haberkuzey.com\/index.php\/2024\/05\/08\/gidada-hijyen-ve-denetimi-konusunda-belediye-personeline-egitim-duzenlendi\/\" \/>\n<meta property=\"og:site_name\" content=\"Haber Kuzey\" \/>\n<meta property=\"article:published_time\" content=\"2024-05-08T08:57:57+00:00\" \/>\n<meta property=\"og:image\" content=\"https:\/\/brtk.net\/wp-content\/uploads\/2024\/05\/08\/gab-gidaegitimi07-2--scaled.jpg?ver=c5fc603bf3e9f35ab787024e2bf2887c\" \/>\n<meta name=\"author\" content=\"haberkuzey\" \/>\n<meta name=\"twitter:card\" content=\"summary_large_image\" \/>\n<meta name=\"twitter:label1\" content=\"Yazan:\" \/>\n\t<meta name=\"twitter:data1\" content=\"haberkuzey\" \/>\n<script type=\"application\/ld+json\" class=\"yoast-schema-graph\">{\"@context\":\"https:\\\/\\\/schema.org\",\"@graph\":[{\"@type\":\"Article\",\"@id\":\"https:\\\/\\\/haberkuzey.com\\\/index.php\\\/2024\\\/05\\\/08\\\/gidada-hijyen-ve-denetimi-konusunda-belediye-personeline-egitim-duzenlendi\\\/#article\",\"isPartOf\":{\"@id\":\"https:\\\/\\\/haberkuzey.com\\\/index.php\\\/2024\\\/05\\\/08\\\/gidada-hijyen-ve-denetimi-konusunda-belediye-personeline-egitim-duzenlendi\\\/\"},\"author\":{\"name\":\"haberkuzey\",\"@id\":\"https:\\\/\\\/haberkuzey.com\\\/#\\\/schema\\\/person\\\/3372109ec735f9333f4fa47ebb9605ca\"},\"headline\":\"G\u0131dada hijyen ve denetimi konusunda belediye personeline e\u011fitim d\u00fczenlendi\",\"datePublished\":\"2024-05-08T08:57:57+00:00\",\"mainEntityOfPage\":{\"@id\":\"https:\\\/\\\/haberkuzey.com\\\/index.php\\\/2024\\\/05\\\/08\\\/gidada-hijyen-ve-denetimi-konusunda-belediye-personeline-egitim-duzenlendi\\\/\"},\"wordCount\":107,\"commentCount\":0,\"image\":{\"@id\":\"https:\\\/\\\/haberkuzey.com\\\/index.php\\\/2024\\\/05\\\/08\\\/gidada-hijyen-ve-denetimi-konusunda-belediye-personeline-egitim-duzenlendi\\\/#primaryimage\"},\"thumbnailUrl\":\"https:\\\/\\\/haberkuzey.com\\\/wp-content\\\/uploads\\\/2024\\\/05\\\/gab-gidaegitimi07-2-scaled.jpg\",\"articleSection\":[\"K\u0131br\u0131s\"],\"inLanguage\":\"tr\",\"potentialAction\":[{\"@type\":\"CommentAction\",\"name\":\"Comment\",\"target\":[\"https:\\\/\\\/haberkuzey.com\\\/index.php\\\/2024\\\/05\\\/08\\\/gidada-hijyen-ve-denetimi-konusunda-belediye-personeline-egitim-duzenlendi\\\/#respond\"]}]},{\"@type\":\"WebPage\",\"@id\":\"https:\\\/\\\/haberkuzey.com\\\/index.php\\\/2024\\\/05\\\/08\\\/gidada-hijyen-ve-denetimi-konusunda-belediye-personeline-egitim-duzenlendi\\\/\",\"url\":\"https:\\\/\\\/haberkuzey.com\\\/index.php\\\/2024\\\/05\\\/08\\\/gidada-hijyen-ve-denetimi-konusunda-belediye-personeline-egitim-duzenlendi\\\/\",\"name\":\"G\u0131dada hijyen ve denetimi konusunda belediye personeline e\u011fitim d\u00fczenlendi - Haber Kuzey\",\"isPartOf\":{\"@id\":\"https:\\\/\\\/haberkuzey.com\\\/#website\"},\"primaryImageOfPage\":{\"@id\":\"https:\\\/\\\/haberkuzey.com\\\/index.php\\\/2024\\\/05\\\/08\\\/gidada-hijyen-ve-denetimi-konusunda-belediye-personeline-egitim-duzenlendi\\\/#primaryimage\"},\"image\":{\"@id\":\"https:\\\/\\\/haberkuzey.com\\\/index.php\\\/2024\\\/05\\\/08\\\/gidada-hijyen-ve-denetimi-konusunda-belediye-personeline-egitim-duzenlendi\\\/#primaryimage\"},\"thumbnailUrl\":\"https:\\\/\\\/haberkuzey.com\\\/wp-content\\\/uploads\\\/2024\\\/05\\\/gab-gidaegitimi07-2-scaled.jpg\",\"datePublished\":\"2024-05-08T08:57:57+00:00\",\"author\":{\"@id\":\"https:\\\/\\\/haberkuzey.com\\\/#\\\/schema\\\/person\\\/3372109ec735f9333f4fa47ebb9605ca\"},\"breadcrumb\":{\"@id\":\"https:\\\/\\\/haberkuzey.com\\\/index.php\\\/2024\\\/05\\\/08\\\/gidada-hijyen-ve-denetimi-konusunda-belediye-personeline-egitim-duzenlendi\\\/#breadcrumb\"},\"inLanguage\":\"tr\",\"potentialAction\":[{\"@type\":\"ReadAction\",\"target\":[\"https:\\\/\\\/haberkuzey.com\\\/index.php\\\/2024\\\/05\\\/08\\\/gidada-hijyen-ve-denetimi-konusunda-belediye-personeline-egitim-duzenlendi\\\/\"]}]},{\"@type\":\"ImageObject\",\"inLanguage\":\"tr\",\"@id\":\"https:\\\/\\\/haberkuzey.com\\\/index.php\\\/2024\\\/05\\\/08\\\/gidada-hijyen-ve-denetimi-konusunda-belediye-personeline-egitim-duzenlendi\\\/#primaryimage\",\"url\":\"https:\\\/\\\/haberkuzey.com\\\/wp-content\\\/uploads\\\/2024\\\/05\\\/gab-gidaegitimi07-2-scaled.jpg\",\"contentUrl\":\"https:\\\/\\\/haberkuzey.com\\\/wp-content\\\/uploads\\\/2024\\\/05\\\/gab-gidaegitimi07-2-scaled.jpg\",\"width\":2560,\"height\":1707},{\"@type\":\"BreadcrumbList\",\"@id\":\"https:\\\/\\\/haberkuzey.com\\\/index.php\\\/2024\\\/05\\\/08\\\/gidada-hijyen-ve-denetimi-konusunda-belediye-personeline-egitim-duzenlendi\\\/#breadcrumb\",\"itemListElement\":[{\"@type\":\"ListItem\",\"position\":1,\"name\":\"Anasayfa\",\"item\":\"https:\\\/\\\/haberkuzey.com\\\/\"},{\"@type\":\"ListItem\",\"position\":2,\"name\":\"G\u0131dada hijyen ve denetimi konusunda belediye personeline e\u011fitim d\u00fczenlendi\"}]},{\"@type\":\"WebSite\",\"@id\":\"https:\\\/\\\/haberkuzey.com\\\/#website\",\"url\":\"https:\\\/\\\/haberkuzey.com\\\/\",\"name\":\"Haber Kuzey\",\"description\":\"Do\u011fru Haberin Adresi\",\"potentialAction\":[{\"@type\":\"SearchAction\",\"target\":{\"@type\":\"EntryPoint\",\"urlTemplate\":\"https:\\\/\\\/haberkuzey.com\\\/?s={search_term_string}\"},\"query-input\":{\"@type\":\"PropertyValueSpecification\",\"valueRequired\":true,\"valueName\":\"search_term_string\"}}],\"inLanguage\":\"tr\"},{\"@type\":\"Person\",\"@id\":\"https:\\\/\\\/haberkuzey.com\\\/#\\\/schema\\\/person\\\/3372109ec735f9333f4fa47ebb9605ca\",\"name\":\"haberkuzey\",\"image\":{\"@type\":\"ImageObject\",\"inLanguage\":\"tr\",\"@id\":\"https:\\\/\\\/secure.gravatar.com\\\/avatar\\\/f5fc875574b1575324358c3b9e6a32b8227aa5b74f3fa22e3cadb63e26fcc39c?s=96&d=mm&r=g\",\"url\":\"https:\\\/\\\/secure.gravatar.com\\\/avatar\\\/f5fc875574b1575324358c3b9e6a32b8227aa5b74f3fa22e3cadb63e26fcc39c?s=96&d=mm&r=g\",\"contentUrl\":\"https:\\\/\\\/secure.gravatar.com\\\/avatar\\\/f5fc875574b1575324358c3b9e6a32b8227aa5b74f3fa22e3cadb63e26fcc39c?s=96&d=mm&r=g\",\"caption\":\"haberkuzey\"},\"sameAs\":[\"https:\\\/\\\/haberkuzey.com\"],\"url\":\"https:\\\/\\\/haberkuzey.com\\\/index.php\\\/author\\\/haberkuzey\\\/\"}]}<\/script>\n<!-- \/ Yoast SEO plugin. -->","yoast_head_json":{"title":"G\u0131dada hijyen ve denetimi konusunda belediye personeline e\u011fitim d\u00fczenlendi - Haber Kuzey","robots":{"index":"index","follow":"follow","max-snippet":"max-snippet:-1","max-image-preview":"max-image-preview:large","max-video-preview":"max-video-preview:-1"},"canonical":"https:\/\/haberkuzey.com\/index.php\/2024\/05\/08\/gidada-hijyen-ve-denetimi-konusunda-belediye-personeline-egitim-duzenlendi\/","og_locale":"tr_TR","og_type":"article","og_title":"G\u0131dada hijyen ve denetimi konusunda belediye personeline e\u011fitim d\u00fczenlendi - Haber Kuzey","og_description":"\u00a0Belediye personeline y\u00f6nelik g\u0131dada hijyen ve denetim alan\u0131nda e\u011fitim d\u00fczenlendi. \u201cG\u0131da G\u00fcvenli\u011fi ve G\u0131da \u0130\u015fletmesi Denetimi E\u011fitimi\u201d d\u00fcn G\u00f6nyeli-Alayk\u00f6y Belediyesi (GAB) ve Yak\u0131n Do\u011fu \u00dcniversitesi Veteriner Hekimli\u011fi Fak\u00fcltesi i\u015f birli\u011finde d\u00fczenlendi. GAB\u2019dan verilen bilgiye g\u00f6re, t\u00fcm belediyelere a\u00e7\u0131k olan organizasyonda, e\u011fitimi YD\u00dc Veteriner Hekimli\u011fi Fak\u00fcltesi G\u0131da Hijyeni ve G\u0131da Teknolojisi B\u00f6l\u00fcm Ba\u015fkan\u0131 Prof. Dr. Beyza [&hellip;]","og_url":"https:\/\/haberkuzey.com\/index.php\/2024\/05\/08\/gidada-hijyen-ve-denetimi-konusunda-belediye-personeline-egitim-duzenlendi\/","og_site_name":"Haber Kuzey","article_published_time":"2024-05-08T08:57:57+00:00","og_image":[{"url":"https:\/\/brtk.net\/wp-content\/uploads\/2024\/05\/08\/gab-gidaegitimi07-2--scaled.jpg?ver=c5fc603bf3e9f35ab787024e2bf2887c","type":"","width":"","height":""}],"author":"haberkuzey","twitter_card":"summary_large_image","twitter_misc":{"Yazan:":"haberkuzey"},"schema":{"@context":"https:\/\/schema.org","@graph":[{"@type":"Article","@id":"https:\/\/haberkuzey.com\/index.php\/2024\/05\/08\/gidada-hijyen-ve-denetimi-konusunda-belediye-personeline-egitim-duzenlendi\/#article","isPartOf":{"@id":"https:\/\/haberkuzey.com\/index.php\/2024\/05\/08\/gidada-hijyen-ve-denetimi-konusunda-belediye-personeline-egitim-duzenlendi\/"},"author":{"name":"haberkuzey","@id":"https:\/\/haberkuzey.com\/#\/schema\/person\/3372109ec735f9333f4fa47ebb9605ca"},"headline":"G\u0131dada hijyen ve denetimi konusunda belediye personeline e\u011fitim d\u00fczenlendi","datePublished":"2024-05-08T08:57:57+00:00","mainEntityOfPage":{"@id":"https:\/\/haberkuzey.com\/index.php\/2024\/05\/08\/gidada-hijyen-ve-denetimi-konusunda-belediye-personeline-egitim-duzenlendi\/"},"wordCount":107,"commentCount":0,"image":{"@id":"https:\/\/haberkuzey.com\/index.php\/2024\/05\/08\/gidada-hijyen-ve-denetimi-konusunda-belediye-personeline-egitim-duzenlendi\/#primaryimage"},"thumbnailUrl":"https:\/\/haberkuzey.com\/wp-content\/uploads\/2024\/05\/gab-gidaegitimi07-2-scaled.jpg","articleSection":["K\u0131br\u0131s"],"inLanguage":"tr","potentialAction":[{"@type":"CommentAction","name":"Comment","target":["https:\/\/haberkuzey.com\/index.php\/2024\/05\/08\/gidada-hijyen-ve-denetimi-konusunda-belediye-personeline-egitim-duzenlendi\/#respond"]}]},{"@type":"WebPage","@id":"https:\/\/haberkuzey.com\/index.php\/2024\/05\/08\/gidada-hijyen-ve-denetimi-konusunda-belediye-personeline-egitim-duzenlendi\/","url":"https:\/\/haberkuzey.com\/index.php\/2024\/05\/08\/gidada-hijyen-ve-denetimi-konusunda-belediye-personeline-egitim-duzenlendi\/","name":"G\u0131dada hijyen ve denetimi konusunda belediye personeline e\u011fitim d\u00fczenlendi - Haber Kuzey","isPartOf":{"@id":"https:\/\/haberkuzey.com\/#website"},"primaryImageOfPage":{"@id":"https:\/\/haberkuzey.com\/index.php\/2024\/05\/08\/gidada-hijyen-ve-denetimi-konusunda-belediye-personeline-egitim-duzenlendi\/#primaryimage"},"image":{"@id":"https:\/\/haberkuzey.com\/index.php\/2024\/05\/08\/gidada-hijyen-ve-denetimi-konusunda-belediye-personeline-egitim-duzenlendi\/#primaryimage"},"thumbnailUrl":"https:\/\/haberkuzey.com\/wp-content\/uploads\/2024\/05\/gab-gidaegitimi07-2-scaled.jpg","datePublished":"2024-05-08T08:57:57+00:00","author":{"@id":"https:\/\/haberkuzey.com\/#\/schema\/person\/3372109ec735f9333f4fa47ebb9605ca"},"breadcrumb":{"@id":"https:\/\/haberkuzey.com\/index.php\/2024\/05\/08\/gidada-hijyen-ve-denetimi-konusunda-belediye-personeline-egitim-duzenlendi\/#breadcrumb"},"inLanguage":"tr","potentialAction":[{"@type":"ReadAction","target":["https:\/\/haberkuzey.com\/index.php\/2024\/05\/08\/gidada-hijyen-ve-denetimi-konusunda-belediye-personeline-egitim-duzenlendi\/"]}]},{"@type":"ImageObject","inLanguage":"tr","@id":"https:\/\/haberkuzey.com\/index.php\/2024\/05\/08\/gidada-hijyen-ve-denetimi-konusunda-belediye-personeline-egitim-duzenlendi\/#primaryimage","url":"https:\/\/haberkuzey.com\/wp-content\/uploads\/2024\/05\/gab-gidaegitimi07-2-scaled.jpg","contentUrl":"https:\/\/haberkuzey.com\/wp-content\/uploads\/2024\/05\/gab-gidaegitimi07-2-scaled.jpg","width":2560,"height":1707},{"@type":"BreadcrumbList","@id":"https:\/\/haberkuzey.com\/index.php\/2024\/05\/08\/gidada-hijyen-ve-denetimi-konusunda-belediye-personeline-egitim-duzenlendi\/#breadcrumb","itemListElement":[{"@type":"ListItem","position":1,"name":"Anasayfa","item":"https:\/\/haberkuzey.com\/"},{"@type":"ListItem","position":2,"name":"G\u0131dada hijyen ve denetimi konusunda belediye personeline e\u011fitim d\u00fczenlendi"}]},{"@type":"WebSite","@id":"https:\/\/haberkuzey.com\/#website","url":"https:\/\/haberkuzey.com\/","name":"Haber Kuzey","description":"Do\u011fru Haberin Adresi","potentialAction":[{"@type":"SearchAction","target":{"@type":"EntryPoint","urlTemplate":"https:\/\/haberkuzey.com\/?s={search_term_string}"},"query-input":{"@type":"PropertyValueSpecification","valueRequired":true,"valueName":"search_term_string"}}],"inLanguage":"tr"},{"@type":"Person","@id":"https:\/\/haberkuzey.com\/#\/schema\/person\/3372109ec735f9333f4fa47ebb9605ca","name":"haberkuzey","image":{"@type":"ImageObject","inLanguage":"tr","@id":"https:\/\/secure.gravatar.com\/avatar\/f5fc875574b1575324358c3b9e6a32b8227aa5b74f3fa22e3cadb63e26fcc39c?s=96&d=mm&r=g","url":"https:\/\/secure.gravatar.com\/avatar\/f5fc875574b1575324358c3b9e6a32b8227aa5b74f3fa22e3cadb63e26fcc39c?s=96&d=mm&r=g","contentUrl":"https:\/\/secure.gravatar.com\/avatar\/f5fc875574b1575324358c3b9e6a32b8227aa5b74f3fa22e3cadb63e26fcc39c?s=96&d=mm&r=g","caption":"haberkuzey"},"sameAs":["https:\/\/haberkuzey.com"],"url":"https:\/\/haberkuzey.com\/index.php\/author\/haberkuzey\/"}]}},"_links":{"self":[{"href":"https:\/\/haberkuzey.com\/index.php\/wp-json\/wp\/v2\/posts\/1696","targetHints":{"allow":["GET"]}}],"collection":[{"href":"https:\/\/haberkuzey.com\/index.php\/wp-json\/wp\/v2\/posts"}],"about":[{"href":"https:\/\/haberkuzey.com\/index.php\/wp-json\/wp\/v2\/types\/post"}],"author":[{"embeddable":true,"href":"https:\/\/haberkuzey.com\/index.php\/wp-json\/wp\/v2\/users\/1"}],"replies":[{"embeddable":true,"href":"https:\/\/haberkuzey.com\/index.php\/wp-json\/wp\/v2\/comments?post=1696"}],"version-history":[{"count":0,"href":"https:\/\/haberkuzey.com\/index.php\/wp-json\/wp\/v2\/posts\/1696\/revisions"}],"wp:featuredmedia":[{"embeddable":true,"href":"https:\/\/haberkuzey.com\/index.php\/wp-json\/wp\/v2\/media\/1697"}],"wp:attachment":[{"href":"https:\/\/haberkuzey.com\/index.php\/wp-json\/wp\/v2\/media?parent=1696"}],"wp:term":[{"taxonomy":"category","embeddable":true,"href":"https:\/\/haberkuzey.com\/index.php\/wp-json\/wp\/v2\/categories?post=1696"},{"taxonomy":"post_tag","embeddable":true,"href":"https:\/\/haberkuzey.com\/index.php\/wp-json\/wp\/v2\/tags?post=1696"}],"curies":[{"name":"wp","href":"https:\/\/api.w.org\/{rel}","templated":true}]}}