{"id":16876,"date":"2025-01-21T15:59:22","date_gmt":"2025-01-21T13:59:22","guid":{"rendered":"https:\/\/haberkuzey.com\/index.php\/2025\/01\/21\/sivasta-kayak-merkezinde-bir-oteldeki-patlama-4-yarali\/"},"modified":"2025-01-21T15:59:22","modified_gmt":"2025-01-21T13:59:22","slug":"sivasta-kayak-merkezinde-bir-oteldeki-patlama-4-yarali","status":"publish","type":"post","link":"https:\/\/haberkuzey.com\/index.php\/2025\/01\/21\/sivasta-kayak-merkezinde-bir-oteldeki-patlama-4-yarali\/","title":{"rendered":"Sivas\u2019ta kayak merkezinde bir oteldeki patlama: 4 yaral\u0131"},"content":{"rendered":"<div>\n<div class=\"mariselle-image-container none\">\n                                            <\/div>\n<p>Sivas\u2019taki\u00a0Y\u0131ld\u0131z\u00a0Da\u011f\u0131\u00a0K\u0131\u015f Sporlar\u0131 ve Turizm Merkezi\u2019nde bir otelde dinlenme odas\u0131nda meydana gelen patlamada, 2 antren\u00f6r ve 2 sporcu yaraland\u0131.<\/p>\n<p>Y\u0131ld\u0131z\u00a0Da\u011f\u0131\u00a0K\u0131\u015f Sporlar\u0131 ve Turizm Merkezi\u2019nde Buruciye A\u015e\u2019ye ait bir otelin alt kat\u0131nda bulunan kad\u0131n\u00a0kayak\u00a0sporcular\u0131n\u0131n dinlenme odas\u0131nda hen\u00fcz belirlenemeyen nedenle k\u00fc\u00e7\u00fck \u00e7apl\u0131 patlama meydana geldi.<\/p>\n<p>Bilgi verilmesi \u00fczerine olay yerine sa\u011fl\u0131k ve itfaiye ekipleri sevk edildi.<\/p>\n<p>Patlamada antren\u00f6rler Kibar Gen\u00e7 ve Nihan Erdiler ile\u00a0kayak\u00a0sporcular\u0131 Buse Dilara Yalman ve Beril \u00c7evik yaraland\u0131.<\/p>\n<p>Yaral\u0131lardan Gen\u00e7 ambulans helikopterle, di\u011fer yaral\u0131lar ise ambulanslarla kentteki hastanelere kald\u0131r\u0131ld\u0131.<\/p>\n<p>Sivas Valili\u011finden yap\u0131lan a\u00e7\u0131klamada, kad\u0131n\u00a0kayak\u00a0sporcular\u0131n\u0131n dinlenme odas\u0131nda nedeni hen\u00fcz bilinmeyen k\u00fc\u00e7\u00fck \u00e7apl\u0131 bir patlama meydana geldi\u011fi, 2\u00a0kayak\u00a0sporcusu ile 1 antren\u00f6r\u00fcn hafif \u015fekilde, 1 antren\u00f6r\u00fcn ise elinde ve y\u00fcz\u00fcnde ikinci derece yan\u0131klar olacak \u015fekilde yaraland\u0131\u011f\u0131 bildirildi.<\/p>\n<p>A\u00e7\u0131klamada, \u201cYaral\u0131lar ambulans helikopter ve di\u011fer ambulanslarla il merkezinde bulunan hastanelere sevk edilerek tedavilerine ba\u015flan\u0131lm\u0131\u015ft\u0131r. Yaral\u0131 vatanda\u015flar\u0131m\u0131z\u0131n hayati tehlikeleri bulunmamaktad\u0131r. Otelde de herhangi bir yang\u0131n \u00e7\u0131kmam\u0131\u015ft\u0131r. Patlaman\u0131n nedeniyle ilgili jandarma olay yeri inceleme ekiplerimizce tahkikata ba\u015flanm\u0131\u015ft\u0131r.\u201d bilgisi payla\u015f\u0131ld\u0131.<\/p>\n<\/p><\/div>\n<p><script async\n                    defer\n                    crossorigin=\"anonymous\"\n                    src=\"https:\/\/connect.facebook.net\/tr_TR\/sdk.js#xfbml=1&#038;version=v3.3\"\n            ><\/script><\/p>\n","protected":false},"excerpt":{"rendered":"<p>Sivas\u2019taki\u00a0Y\u0131ld\u0131z\u00a0Da\u011f\u0131\u00a0K\u0131\u015f Sporlar\u0131 ve Turizm Merkezi\u2019nde bir otelde dinlenme odas\u0131nda meydana gelen patlamada, 2 antren\u00f6r ve 2 sporcu yaraland\u0131. Y\u0131ld\u0131z\u00a0Da\u011f\u0131\u00a0K\u0131\u015f Sporlar\u0131 ve Turizm Merkezi\u2019nde Buruciye A\u015e\u2019ye ait bir otelin alt kat\u0131nda bulunan kad\u0131n\u00a0kayak\u00a0sporcular\u0131n\u0131n dinlenme odas\u0131nda hen\u00fcz belirlenemeyen nedenle k\u00fc\u00e7\u00fck \u00e7apl\u0131 patlama meydana geldi. Bilgi verilmesi \u00fczerine olay yerine sa\u011fl\u0131k ve itfaiye ekipleri sevk edildi. Patlamada antren\u00f6rler [&hellip;]<\/p>\n","protected":false},"author":1,"featured_media":16877,"comment_status":"open","ping_status":"open","sticky":false,"template":"","format":"standard","meta":{"jnews-multi-image_gallery":[],"jnews_single_post":[],"jnews_primary_category":[],"footnotes":""},"categories":[2],"tags":[],"class_list":["post-16876","post","type-post","status-publish","format-standard","has-post-thumbnail","hentry","category-dunya"],"yoast_head":"<!-- This site is optimized with the Yoast SEO plugin v27.5 - https:\/\/yoast.com\/product\/yoast-seo-wordpress\/ -->\n<title>Sivas\u2019ta kayak merkezinde bir oteldeki patlama: 4 yaral\u0131 - Haber Kuzey<\/title>\n<meta name=\"robots\" content=\"index, follow, max-snippet:-1, max-image-preview:large, max-video-preview:-1\" \/>\n<link rel=\"canonical\" href=\"https:\/\/haberkuzey.com\/index.php\/2025\/01\/21\/sivasta-kayak-merkezinde-bir-oteldeki-patlama-4-yarali\/\" \/>\n<meta property=\"og:locale\" content=\"tr_TR\" \/>\n<meta property=\"og:type\" content=\"article\" \/>\n<meta property=\"og:title\" content=\"Sivas\u2019ta kayak merkezinde bir oteldeki patlama: 4 yaral\u0131 - Haber Kuzey\" \/>\n<meta property=\"og:description\" content=\"Sivas\u2019taki\u00a0Y\u0131ld\u0131z\u00a0Da\u011f\u0131\u00a0K\u0131\u015f Sporlar\u0131 ve Turizm Merkezi\u2019nde bir otelde dinlenme odas\u0131nda meydana gelen patlamada, 2 antren\u00f6r ve 2 sporcu yaraland\u0131. Y\u0131ld\u0131z\u00a0Da\u011f\u0131\u00a0K\u0131\u015f Sporlar\u0131 ve Turizm Merkezi\u2019nde Buruciye A\u015e\u2019ye ait bir otelin alt kat\u0131nda bulunan kad\u0131n\u00a0kayak\u00a0sporcular\u0131n\u0131n dinlenme odas\u0131nda hen\u00fcz belirlenemeyen nedenle k\u00fc\u00e7\u00fck \u00e7apl\u0131 patlama meydana geldi. Bilgi verilmesi \u00fczerine olay yerine sa\u011fl\u0131k ve itfaiye ekipleri sevk edildi. Patlamada antren\u00f6rler [&hellip;]\" \/>\n<meta property=\"og:url\" content=\"https:\/\/haberkuzey.com\/index.php\/2025\/01\/21\/sivasta-kayak-merkezinde-bir-oteldeki-patlama-4-yarali\/\" \/>\n<meta property=\"og:site_name\" content=\"Haber Kuzey\" \/>\n<meta property=\"article:published_time\" content=\"2025-01-21T13:59:22+00:00\" \/>\n<meta property=\"og:image\" content=\"https:\/\/brtk.net\/wp-content\/uploads\/2025\/01\/21\/SIVASKAYAKMEZKEZI.jpg?ver=78007d815942d5652eba8e18484d085e\" \/>\n<meta name=\"author\" content=\"haberkuzey\" \/>\n<meta name=\"twitter:card\" content=\"summary_large_image\" \/>\n<meta name=\"twitter:label1\" content=\"Yazan:\" \/>\n\t<meta name=\"twitter:data1\" content=\"haberkuzey\" \/>\n\t<meta name=\"twitter:label2\" content=\"Tahmini okuma s\u00fcresi\" \/>\n\t<meta name=\"twitter:data2\" content=\"1 dakika\" \/>\n<script type=\"application\/ld+json\" class=\"yoast-schema-graph\">{\"@context\":\"https:\\\/\\\/schema.org\",\"@graph\":[{\"@type\":\"Article\",\"@id\":\"https:\\\/\\\/haberkuzey.com\\\/index.php\\\/2025\\\/01\\\/21\\\/sivasta-kayak-merkezinde-bir-oteldeki-patlama-4-yarali\\\/#article\",\"isPartOf\":{\"@id\":\"https:\\\/\\\/haberkuzey.com\\\/index.php\\\/2025\\\/01\\\/21\\\/sivasta-kayak-merkezinde-bir-oteldeki-patlama-4-yarali\\\/\"},\"author\":{\"name\":\"haberkuzey\",\"@id\":\"https:\\\/\\\/haberkuzey.com\\\/#\\\/schema\\\/person\\\/3372109ec735f9333f4fa47ebb9605ca\"},\"headline\":\"Sivas\u2019ta kayak merkezinde bir oteldeki patlama: 4 yaral\u0131\",\"datePublished\":\"2025-01-21T13:59:22+00:00\",\"mainEntityOfPage\":{\"@id\":\"https:\\\/\\\/haberkuzey.com\\\/index.php\\\/2025\\\/01\\\/21\\\/sivasta-kayak-merkezinde-bir-oteldeki-patlama-4-yarali\\\/\"},\"wordCount\":230,\"commentCount\":0,\"image\":{\"@id\":\"https:\\\/\\\/haberkuzey.com\\\/index.php\\\/2025\\\/01\\\/21\\\/sivasta-kayak-merkezinde-bir-oteldeki-patlama-4-yarali\\\/#primaryimage\"},\"thumbnailUrl\":\"https:\\\/\\\/haberkuzey.com\\\/wp-content\\\/uploads\\\/2025\\\/01\\\/SIVASKAYAKMEZKEZI.jpg\",\"articleSection\":[\"D\u00fcnya\"],\"inLanguage\":\"tr\",\"potentialAction\":[{\"@type\":\"CommentAction\",\"name\":\"Comment\",\"target\":[\"https:\\\/\\\/haberkuzey.com\\\/index.php\\\/2025\\\/01\\\/21\\\/sivasta-kayak-merkezinde-bir-oteldeki-patlama-4-yarali\\\/#respond\"]}]},{\"@type\":\"WebPage\",\"@id\":\"https:\\\/\\\/haberkuzey.com\\\/index.php\\\/2025\\\/01\\\/21\\\/sivasta-kayak-merkezinde-bir-oteldeki-patlama-4-yarali\\\/\",\"url\":\"https:\\\/\\\/haberkuzey.com\\\/index.php\\\/2025\\\/01\\\/21\\\/sivasta-kayak-merkezinde-bir-oteldeki-patlama-4-yarali\\\/\",\"name\":\"Sivas\u2019ta kayak merkezinde bir oteldeki patlama: 4 yaral\u0131 - Haber Kuzey\",\"isPartOf\":{\"@id\":\"https:\\\/\\\/haberkuzey.com\\\/#website\"},\"primaryImageOfPage\":{\"@id\":\"https:\\\/\\\/haberkuzey.com\\\/index.php\\\/2025\\\/01\\\/21\\\/sivasta-kayak-merkezinde-bir-oteldeki-patlama-4-yarali\\\/#primaryimage\"},\"image\":{\"@id\":\"https:\\\/\\\/haberkuzey.com\\\/index.php\\\/2025\\\/01\\\/21\\\/sivasta-kayak-merkezinde-bir-oteldeki-patlama-4-yarali\\\/#primaryimage\"},\"thumbnailUrl\":\"https:\\\/\\\/haberkuzey.com\\\/wp-content\\\/uploads\\\/2025\\\/01\\\/SIVASKAYAKMEZKEZI.jpg\",\"datePublished\":\"2025-01-21T13:59:22+00:00\",\"author\":{\"@id\":\"https:\\\/\\\/haberkuzey.com\\\/#\\\/schema\\\/person\\\/3372109ec735f9333f4fa47ebb9605ca\"},\"breadcrumb\":{\"@id\":\"https:\\\/\\\/haberkuzey.com\\\/index.php\\\/2025\\\/01\\\/21\\\/sivasta-kayak-merkezinde-bir-oteldeki-patlama-4-yarali\\\/#breadcrumb\"},\"inLanguage\":\"tr\",\"potentialAction\":[{\"@type\":\"ReadAction\",\"target\":[\"https:\\\/\\\/haberkuzey.com\\\/index.php\\\/2025\\\/01\\\/21\\\/sivasta-kayak-merkezinde-bir-oteldeki-patlama-4-yarali\\\/\"]}]},{\"@type\":\"ImageObject\",\"inLanguage\":\"tr\",\"@id\":\"https:\\\/\\\/haberkuzey.com\\\/index.php\\\/2025\\\/01\\\/21\\\/sivasta-kayak-merkezinde-bir-oteldeki-patlama-4-yarali\\\/#primaryimage\",\"url\":\"https:\\\/\\\/haberkuzey.com\\\/wp-content\\\/uploads\\\/2025\\\/01\\\/SIVASKAYAKMEZKEZI.jpg\",\"contentUrl\":\"https:\\\/\\\/haberkuzey.com\\\/wp-content\\\/uploads\\\/2025\\\/01\\\/SIVASKAYAKMEZKEZI.jpg\",\"width\":864,\"height\":486},{\"@type\":\"BreadcrumbList\",\"@id\":\"https:\\\/\\\/haberkuzey.com\\\/index.php\\\/2025\\\/01\\\/21\\\/sivasta-kayak-merkezinde-bir-oteldeki-patlama-4-yarali\\\/#breadcrumb\",\"itemListElement\":[{\"@type\":\"ListItem\",\"position\":1,\"name\":\"Anasayfa\",\"item\":\"https:\\\/\\\/haberkuzey.com\\\/\"},{\"@type\":\"ListItem\",\"position\":2,\"name\":\"Sivas\u2019ta kayak merkezinde bir oteldeki patlama: 4 yaral\u0131\"}]},{\"@type\":\"WebSite\",\"@id\":\"https:\\\/\\\/haberkuzey.com\\\/#website\",\"url\":\"https:\\\/\\\/haberkuzey.com\\\/\",\"name\":\"Haber Kuzey\",\"description\":\"Do\u011fru Haberin Adresi\",\"potentialAction\":[{\"@type\":\"SearchAction\",\"target\":{\"@type\":\"EntryPoint\",\"urlTemplate\":\"https:\\\/\\\/haberkuzey.com\\\/?s={search_term_string}\"},\"query-input\":{\"@type\":\"PropertyValueSpecification\",\"valueRequired\":true,\"valueName\":\"search_term_string\"}}],\"inLanguage\":\"tr\"},{\"@type\":\"Person\",\"@id\":\"https:\\\/\\\/haberkuzey.com\\\/#\\\/schema\\\/person\\\/3372109ec735f9333f4fa47ebb9605ca\",\"name\":\"haberkuzey\",\"image\":{\"@type\":\"ImageObject\",\"inLanguage\":\"tr\",\"@id\":\"https:\\\/\\\/secure.gravatar.com\\\/avatar\\\/f5fc875574b1575324358c3b9e6a32b8227aa5b74f3fa22e3cadb63e26fcc39c?s=96&d=mm&r=g\",\"url\":\"https:\\\/\\\/secure.gravatar.com\\\/avatar\\\/f5fc875574b1575324358c3b9e6a32b8227aa5b74f3fa22e3cadb63e26fcc39c?s=96&d=mm&r=g\",\"contentUrl\":\"https:\\\/\\\/secure.gravatar.com\\\/avatar\\\/f5fc875574b1575324358c3b9e6a32b8227aa5b74f3fa22e3cadb63e26fcc39c?s=96&d=mm&r=g\",\"caption\":\"haberkuzey\"},\"sameAs\":[\"https:\\\/\\\/haberkuzey.com\"],\"url\":\"https:\\\/\\\/haberkuzey.com\\\/index.php\\\/author\\\/haberkuzey\\\/\"}]}<\/script>\n<!-- \/ Yoast SEO plugin. -->","yoast_head_json":{"title":"Sivas\u2019ta kayak merkezinde bir oteldeki patlama: 4 yaral\u0131 - Haber Kuzey","robots":{"index":"index","follow":"follow","max-snippet":"max-snippet:-1","max-image-preview":"max-image-preview:large","max-video-preview":"max-video-preview:-1"},"canonical":"https:\/\/haberkuzey.com\/index.php\/2025\/01\/21\/sivasta-kayak-merkezinde-bir-oteldeki-patlama-4-yarali\/","og_locale":"tr_TR","og_type":"article","og_title":"Sivas\u2019ta kayak merkezinde bir oteldeki patlama: 4 yaral\u0131 - Haber Kuzey","og_description":"Sivas\u2019taki\u00a0Y\u0131ld\u0131z\u00a0Da\u011f\u0131\u00a0K\u0131\u015f Sporlar\u0131 ve Turizm Merkezi\u2019nde bir otelde dinlenme odas\u0131nda meydana gelen patlamada, 2 antren\u00f6r ve 2 sporcu yaraland\u0131. Y\u0131ld\u0131z\u00a0Da\u011f\u0131\u00a0K\u0131\u015f Sporlar\u0131 ve Turizm Merkezi\u2019nde Buruciye A\u015e\u2019ye ait bir otelin alt kat\u0131nda bulunan kad\u0131n\u00a0kayak\u00a0sporcular\u0131n\u0131n dinlenme odas\u0131nda hen\u00fcz belirlenemeyen nedenle k\u00fc\u00e7\u00fck \u00e7apl\u0131 patlama meydana geldi. Bilgi verilmesi \u00fczerine olay yerine sa\u011fl\u0131k ve itfaiye ekipleri sevk edildi. Patlamada antren\u00f6rler [&hellip;]","og_url":"https:\/\/haberkuzey.com\/index.php\/2025\/01\/21\/sivasta-kayak-merkezinde-bir-oteldeki-patlama-4-yarali\/","og_site_name":"Haber Kuzey","article_published_time":"2025-01-21T13:59:22+00:00","og_image":[{"url":"https:\/\/brtk.net\/wp-content\/uploads\/2025\/01\/21\/SIVASKAYAKMEZKEZI.jpg?ver=78007d815942d5652eba8e18484d085e","type":"","width":"","height":""}],"author":"haberkuzey","twitter_card":"summary_large_image","twitter_misc":{"Yazan:":"haberkuzey","Tahmini okuma s\u00fcresi":"1 dakika"},"schema":{"@context":"https:\/\/schema.org","@graph":[{"@type":"Article","@id":"https:\/\/haberkuzey.com\/index.php\/2025\/01\/21\/sivasta-kayak-merkezinde-bir-oteldeki-patlama-4-yarali\/#article","isPartOf":{"@id":"https:\/\/haberkuzey.com\/index.php\/2025\/01\/21\/sivasta-kayak-merkezinde-bir-oteldeki-patlama-4-yarali\/"},"author":{"name":"haberkuzey","@id":"https:\/\/haberkuzey.com\/#\/schema\/person\/3372109ec735f9333f4fa47ebb9605ca"},"headline":"Sivas\u2019ta kayak merkezinde bir oteldeki patlama: 4 yaral\u0131","datePublished":"2025-01-21T13:59:22+00:00","mainEntityOfPage":{"@id":"https:\/\/haberkuzey.com\/index.php\/2025\/01\/21\/sivasta-kayak-merkezinde-bir-oteldeki-patlama-4-yarali\/"},"wordCount":230,"commentCount":0,"image":{"@id":"https:\/\/haberkuzey.com\/index.php\/2025\/01\/21\/sivasta-kayak-merkezinde-bir-oteldeki-patlama-4-yarali\/#primaryimage"},"thumbnailUrl":"https:\/\/haberkuzey.com\/wp-content\/uploads\/2025\/01\/SIVASKAYAKMEZKEZI.jpg","articleSection":["D\u00fcnya"],"inLanguage":"tr","potentialAction":[{"@type":"CommentAction","name":"Comment","target":["https:\/\/haberkuzey.com\/index.php\/2025\/01\/21\/sivasta-kayak-merkezinde-bir-oteldeki-patlama-4-yarali\/#respond"]}]},{"@type":"WebPage","@id":"https:\/\/haberkuzey.com\/index.php\/2025\/01\/21\/sivasta-kayak-merkezinde-bir-oteldeki-patlama-4-yarali\/","url":"https:\/\/haberkuzey.com\/index.php\/2025\/01\/21\/sivasta-kayak-merkezinde-bir-oteldeki-patlama-4-yarali\/","name":"Sivas\u2019ta kayak merkezinde bir oteldeki patlama: 4 yaral\u0131 - Haber Kuzey","isPartOf":{"@id":"https:\/\/haberkuzey.com\/#website"},"primaryImageOfPage":{"@id":"https:\/\/haberkuzey.com\/index.php\/2025\/01\/21\/sivasta-kayak-merkezinde-bir-oteldeki-patlama-4-yarali\/#primaryimage"},"image":{"@id":"https:\/\/haberkuzey.com\/index.php\/2025\/01\/21\/sivasta-kayak-merkezinde-bir-oteldeki-patlama-4-yarali\/#primaryimage"},"thumbnailUrl":"https:\/\/haberkuzey.com\/wp-content\/uploads\/2025\/01\/SIVASKAYAKMEZKEZI.jpg","datePublished":"2025-01-21T13:59:22+00:00","author":{"@id":"https:\/\/haberkuzey.com\/#\/schema\/person\/3372109ec735f9333f4fa47ebb9605ca"},"breadcrumb":{"@id":"https:\/\/haberkuzey.com\/index.php\/2025\/01\/21\/sivasta-kayak-merkezinde-bir-oteldeki-patlama-4-yarali\/#breadcrumb"},"inLanguage":"tr","potentialAction":[{"@type":"ReadAction","target":["https:\/\/haberkuzey.com\/index.php\/2025\/01\/21\/sivasta-kayak-merkezinde-bir-oteldeki-patlama-4-yarali\/"]}]},{"@type":"ImageObject","inLanguage":"tr","@id":"https:\/\/haberkuzey.com\/index.php\/2025\/01\/21\/sivasta-kayak-merkezinde-bir-oteldeki-patlama-4-yarali\/#primaryimage","url":"https:\/\/haberkuzey.com\/wp-content\/uploads\/2025\/01\/SIVASKAYAKMEZKEZI.jpg","contentUrl":"https:\/\/haberkuzey.com\/wp-content\/uploads\/2025\/01\/SIVASKAYAKMEZKEZI.jpg","width":864,"height":486},{"@type":"BreadcrumbList","@id":"https:\/\/haberkuzey.com\/index.php\/2025\/01\/21\/sivasta-kayak-merkezinde-bir-oteldeki-patlama-4-yarali\/#breadcrumb","itemListElement":[{"@type":"ListItem","position":1,"name":"Anasayfa","item":"https:\/\/haberkuzey.com\/"},{"@type":"ListItem","position":2,"name":"Sivas\u2019ta kayak merkezinde bir oteldeki patlama: 4 yaral\u0131"}]},{"@type":"WebSite","@id":"https:\/\/haberkuzey.com\/#website","url":"https:\/\/haberkuzey.com\/","name":"Haber Kuzey","description":"Do\u011fru Haberin Adresi","potentialAction":[{"@type":"SearchAction","target":{"@type":"EntryPoint","urlTemplate":"https:\/\/haberkuzey.com\/?s={search_term_string}"},"query-input":{"@type":"PropertyValueSpecification","valueRequired":true,"valueName":"search_term_string"}}],"inLanguage":"tr"},{"@type":"Person","@id":"https:\/\/haberkuzey.com\/#\/schema\/person\/3372109ec735f9333f4fa47ebb9605ca","name":"haberkuzey","image":{"@type":"ImageObject","inLanguage":"tr","@id":"https:\/\/secure.gravatar.com\/avatar\/f5fc875574b1575324358c3b9e6a32b8227aa5b74f3fa22e3cadb63e26fcc39c?s=96&d=mm&r=g","url":"https:\/\/secure.gravatar.com\/avatar\/f5fc875574b1575324358c3b9e6a32b8227aa5b74f3fa22e3cadb63e26fcc39c?s=96&d=mm&r=g","contentUrl":"https:\/\/secure.gravatar.com\/avatar\/f5fc875574b1575324358c3b9e6a32b8227aa5b74f3fa22e3cadb63e26fcc39c?s=96&d=mm&r=g","caption":"haberkuzey"},"sameAs":["https:\/\/haberkuzey.com"],"url":"https:\/\/haberkuzey.com\/index.php\/author\/haberkuzey\/"}]}},"_links":{"self":[{"href":"https:\/\/haberkuzey.com\/index.php\/wp-json\/wp\/v2\/posts\/16876","targetHints":{"allow":["GET"]}}],"collection":[{"href":"https:\/\/haberkuzey.com\/index.php\/wp-json\/wp\/v2\/posts"}],"about":[{"href":"https:\/\/haberkuzey.com\/index.php\/wp-json\/wp\/v2\/types\/post"}],"author":[{"embeddable":true,"href":"https:\/\/haberkuzey.com\/index.php\/wp-json\/wp\/v2\/users\/1"}],"replies":[{"embeddable":true,"href":"https:\/\/haberkuzey.com\/index.php\/wp-json\/wp\/v2\/comments?post=16876"}],"version-history":[{"count":0,"href":"https:\/\/haberkuzey.com\/index.php\/wp-json\/wp\/v2\/posts\/16876\/revisions"}],"wp:featuredmedia":[{"embeddable":true,"href":"https:\/\/haberkuzey.com\/index.php\/wp-json\/wp\/v2\/media\/16877"}],"wp:attachment":[{"href":"https:\/\/haberkuzey.com\/index.php\/wp-json\/wp\/v2\/media?parent=16876"}],"wp:term":[{"taxonomy":"category","embeddable":true,"href":"https:\/\/haberkuzey.com\/index.php\/wp-json\/wp\/v2\/categories?post=16876"},{"taxonomy":"post_tag","embeddable":true,"href":"https:\/\/haberkuzey.com\/index.php\/wp-json\/wp\/v2\/tags?post=16876"}],"curies":[{"name":"wp","href":"https:\/\/api.w.org\/{rel}","templated":true}]}}