{"id":16552,"date":"2025-01-15T10:59:42","date_gmt":"2025-01-15T08:59:42","guid":{"rendered":"https:\/\/haberkuzey.com\/index.php\/2025\/01\/15\/cumhurbaskani-tatar-tc-aile-ve-sosyal-hizmetler-bakani-goktasi-kabul-etti\/"},"modified":"2025-01-15T10:59:42","modified_gmt":"2025-01-15T08:59:42","slug":"cumhurbaskani-tatar-tc-aile-ve-sosyal-hizmetler-bakani-goktasi-kabul-etti","status":"publish","type":"post","link":"https:\/\/haberkuzey.com\/index.php\/2025\/01\/15\/cumhurbaskani-tatar-tc-aile-ve-sosyal-hizmetler-bakani-goktasi-kabul-etti\/","title":{"rendered":"Cumhurba\u015fkan\u0131 Tatar TC Aile ve Sosyal Hizmetler Bakan\u0131 G\u00f6kta\u015f\u2019\u0131 kabul etti"},"content":{"rendered":"<div>\n<div class=\"mariselle-image-container center\">\n                                            <\/div>\n<p>Cumhurba\u015fkan\u0131  Ersin Tatar, T\u00fcrkiye Cumhuriyeti Aile ve Sosyal Hizmetler Bakan\u0131 Mahinur \u00d6zdemir G\u00f6kta\u015f\u2019\u0131 kabul etti.<\/p>\n<p>Tatar kabulde yapt\u0131\u011f\u0131 konu\u015fmada, K\u0131br\u0131s T\u00fcrk\u00fc\u2019n\u00fcn m\u00fccadelesini, aile b\u00fct\u00fcnl\u00fc\u011f\u00fcn\u00fc ve k\u00fclt\u00fcr\u00fcn\u00fc koruyarak s\u00fcrd\u00fcrd\u00fc\u011f\u00fcn\u00fc belirtti.<\/p>\n<p>Kabulde G\u00f6kta\u015f\u2019a, T\u00fcrkiye Cumhuriyeti Lefko\u015fa B\u00fcy\u00fckel\u00e7isi Yasin Ekrem Serim ve \u00c7al\u0131\u015fma ve Sosyal G\u00fcvenlik Bakan\u0131 Sad\u0131k Gardiyano\u011flu e\u015flik ederken, Cumhurba\u015fkanl\u0131\u011f\u0131 M\u00fcste\u015far\u0131 Okan Donangil de haz\u0131r bulundu.<\/p>\n<p>Cumhurba\u015fkan\u0131 Ersin Tatar, aile yap\u0131s\u0131na ve de\u011ferlerine \u00f6nem verdiklerini s\u00f6yleyerek, engellilere ya\u015fl\u0131lara, \u00e7ocuklara sahip \u00e7\u0131kma ve koruma ad\u0131na T\u00fcrkiye taraf\u0131ndan verilen deste\u011fe te\u015fekk\u00fcr etti.<\/p>\n<p>T\u00fcrkiye\u2019de insana verilen de\u011feri memnuniyetle izlediklerini s\u00f6yleyen Tatar, KKTC\u2019ye de bu imkan\u0131 sunman\u0131n K\u0131br\u0131sl\u0131 T\u00fcrklerin varl\u0131\u011f\u0131n\u0131 g\u00fc\u00e7lendirece\u011fini kaydetti.<\/p>\n<p>Teknoloji \u00e7a\u011f\u0131 olan  global \u00e7a\u011fda zorluklar\u0131n da artt\u0131\u011f\u0131n\u0131 dile getiren Tatar, bu \u00e7a\u011fda aile b\u00fct\u00fcnl\u00fc\u011f\u00fcn\u00fc ve de\u011ferleri koruman\u0131n ayr\u0131 \u00e7aba ve \u00e7al\u0131\u015fma gerektirdi\u011fini belirtti.<\/p>\n<p>Cumhurba\u015fkan\u0131 Tatar,  K\u0131br\u0131s T\u00fcrk\u00fc\u2019n\u00fcn bu de\u011ferlerle var oldu\u011funu m\u00fccadelesini aile b\u00fct\u00fcnl\u00fc\u011f\u00fcn\u00fc ve k\u00fclt\u00fcr\u00fcn\u00fc koruyarak s\u00fcrd\u00fcrd\u00fc\u011f\u00fcn\u00fc s\u00f6yledi.<\/p>\n<p>T\u00fcrkiye Aile ve Sosyal Hizmetler Bakan\u0131 Mahinur \u00d6zdemir G\u00f6kta\u015f, KKTC\u2019de bulunmaktan duydu\u011fu memnuniyeti dile getirdi.<\/p>\n<p>G\u00f6kta\u015f, 2025 y\u0131l\u0131n\u0131n Aile Y\u0131l\u0131 ilan edildi\u011fini s\u00f6yleyerek, \u00c7al\u0131\u015fma ve Sosyal G\u00fcvenlik Bakan\u0131 Sad\u0131k Gardiyano\u011flu ile KKTC\u2019nin de bundan istifade edebilmesi ad\u0131na aile, sosyal hizmetler, kad\u0131n ve \u00e7ocuklara y\u00f6nelik alanlarda i\u015f birli\u011fine y\u00f6nelik isti\u015farelerde bulunduklar\u0131n\u0131 belirtti.<\/p>\n<p>KKTC\u2019deki temaslar\u0131 \u00e7er\u00e7evesinde Sevgi Evi a\u00e7\u0131l\u0131\u015f\u0131na kat\u0131laca\u011f\u0131n\u0131 dile getiren G\u00f6kta\u015f, devlete emanet edilen \u00e7ocuklar\u0131 himaye alt\u0131na alman\u0131n \u00f6nemine vurgu yapt\u0131<\/p>\n<\/p><\/div>\n<p><script async\n                    defer\n                    crossorigin=\"anonymous\"\n                    src=\"https:\/\/connect.facebook.net\/tr_TR\/sdk.js#xfbml=1&#038;version=v3.3\"\n            ><\/script><\/p>\n","protected":false},"excerpt":{"rendered":"<p>Cumhurba\u015fkan\u0131 Ersin Tatar, T\u00fcrkiye Cumhuriyeti Aile ve Sosyal Hizmetler Bakan\u0131 Mahinur \u00d6zdemir G\u00f6kta\u015f\u2019\u0131 kabul etti. Tatar kabulde yapt\u0131\u011f\u0131 konu\u015fmada, K\u0131br\u0131s T\u00fcrk\u00fc\u2019n\u00fcn m\u00fccadelesini, aile b\u00fct\u00fcnl\u00fc\u011f\u00fcn\u00fc ve k\u00fclt\u00fcr\u00fcn\u00fc koruyarak s\u00fcrd\u00fcrd\u00fc\u011f\u00fcn\u00fc belirtti. Kabulde G\u00f6kta\u015f\u2019a, T\u00fcrkiye Cumhuriyeti Lefko\u015fa B\u00fcy\u00fckel\u00e7isi Yasin Ekrem Serim ve \u00c7al\u0131\u015fma ve Sosyal G\u00fcvenlik Bakan\u0131 Sad\u0131k Gardiyano\u011flu e\u015flik ederken, Cumhurba\u015fkanl\u0131\u011f\u0131 M\u00fcste\u015far\u0131 Okan Donangil de haz\u0131r bulundu. [&hellip;]<\/p>\n","protected":false},"author":1,"featured_media":16553,"comment_status":"open","ping_status":"open","sticky":false,"template":"","format":"standard","meta":{"jnews-multi-image_gallery":[],"jnews_single_post":[],"jnews_primary_category":[],"footnotes":""},"categories":[2],"tags":[],"class_list":["post-16552","post","type-post","status-publish","format-standard","has-post-thumbnail","hentry","category-dunya"],"yoast_head":"<!-- This site is optimized with the Yoast SEO plugin v27.5 - https:\/\/yoast.com\/product\/yoast-seo-wordpress\/ -->\n<title>Cumhurba\u015fkan\u0131 Tatar TC Aile ve Sosyal Hizmetler Bakan\u0131 G\u00f6kta\u015f\u2019\u0131 kabul etti - Haber Kuzey<\/title>\n<meta name=\"robots\" content=\"index, follow, max-snippet:-1, max-image-preview:large, max-video-preview:-1\" \/>\n<link rel=\"canonical\" href=\"https:\/\/haberkuzey.com\/index.php\/2025\/01\/15\/cumhurbaskani-tatar-tc-aile-ve-sosyal-hizmetler-bakani-goktasi-kabul-etti\/\" \/>\n<meta property=\"og:locale\" content=\"tr_TR\" \/>\n<meta property=\"og:type\" content=\"article\" \/>\n<meta property=\"og:title\" content=\"Cumhurba\u015fkan\u0131 Tatar TC Aile ve Sosyal Hizmetler Bakan\u0131 G\u00f6kta\u015f\u2019\u0131 kabul etti - Haber Kuzey\" \/>\n<meta property=\"og:description\" content=\"Cumhurba\u015fkan\u0131 Ersin Tatar, T\u00fcrkiye Cumhuriyeti Aile ve Sosyal Hizmetler Bakan\u0131 Mahinur \u00d6zdemir G\u00f6kta\u015f\u2019\u0131 kabul etti. Tatar kabulde yapt\u0131\u011f\u0131 konu\u015fmada, K\u0131br\u0131s T\u00fcrk\u00fc\u2019n\u00fcn m\u00fccadelesini, aile b\u00fct\u00fcnl\u00fc\u011f\u00fcn\u00fc ve k\u00fclt\u00fcr\u00fcn\u00fc koruyarak s\u00fcrd\u00fcrd\u00fc\u011f\u00fcn\u00fc belirtti. Kabulde G\u00f6kta\u015f\u2019a, T\u00fcrkiye Cumhuriyeti Lefko\u015fa B\u00fcy\u00fckel\u00e7isi Yasin Ekrem Serim ve \u00c7al\u0131\u015fma ve Sosyal G\u00fcvenlik Bakan\u0131 Sad\u0131k Gardiyano\u011flu e\u015flik ederken, Cumhurba\u015fkanl\u0131\u011f\u0131 M\u00fcste\u015far\u0131 Okan Donangil de haz\u0131r bulundu. [&hellip;]\" \/>\n<meta property=\"og:url\" content=\"https:\/\/haberkuzey.com\/index.php\/2025\/01\/15\/cumhurbaskani-tatar-tc-aile-ve-sosyal-hizmetler-bakani-goktasi-kabul-etti\/\" \/>\n<meta property=\"og:site_name\" content=\"Haber Kuzey\" \/>\n<meta property=\"article:published_time\" content=\"2025-01-15T08:59:42+00:00\" \/>\n<meta property=\"og:image\" content=\"https:\/\/brtk.net\/wp-content\/uploads\/2025\/01\/15\/as222.jpg?ver=bef562dbc6e6e2c28c1e7cf4abf31019\" \/>\n<meta name=\"author\" content=\"haberkuzey\" \/>\n<meta name=\"twitter:card\" content=\"summary_large_image\" \/>\n<meta name=\"twitter:label1\" content=\"Yazan:\" \/>\n\t<meta name=\"twitter:data1\" content=\"haberkuzey\" \/>\n\t<meta name=\"twitter:label2\" content=\"Tahmini okuma s\u00fcresi\" \/>\n\t<meta name=\"twitter:data2\" content=\"2 dakika\" \/>\n<script type=\"application\/ld+json\" class=\"yoast-schema-graph\">{\"@context\":\"https:\\\/\\\/schema.org\",\"@graph\":[{\"@type\":\"Article\",\"@id\":\"https:\\\/\\\/haberkuzey.com\\\/index.php\\\/2025\\\/01\\\/15\\\/cumhurbaskani-tatar-tc-aile-ve-sosyal-hizmetler-bakani-goktasi-kabul-etti\\\/#article\",\"isPartOf\":{\"@id\":\"https:\\\/\\\/haberkuzey.com\\\/index.php\\\/2025\\\/01\\\/15\\\/cumhurbaskani-tatar-tc-aile-ve-sosyal-hizmetler-bakani-goktasi-kabul-etti\\\/\"},\"author\":{\"name\":\"haberkuzey\",\"@id\":\"https:\\\/\\\/haberkuzey.com\\\/#\\\/schema\\\/person\\\/3372109ec735f9333f4fa47ebb9605ca\"},\"headline\":\"Cumhurba\u015fkan\u0131 Tatar TC Aile ve Sosyal Hizmetler Bakan\u0131 G\u00f6kta\u015f\u2019\u0131 kabul etti\",\"datePublished\":\"2025-01-15T08:59:42+00:00\",\"mainEntityOfPage\":{\"@id\":\"https:\\\/\\\/haberkuzey.com\\\/index.php\\\/2025\\\/01\\\/15\\\/cumhurbaskani-tatar-tc-aile-ve-sosyal-hizmetler-bakani-goktasi-kabul-etti\\\/\"},\"wordCount\":342,\"commentCount\":0,\"image\":{\"@id\":\"https:\\\/\\\/haberkuzey.com\\\/index.php\\\/2025\\\/01\\\/15\\\/cumhurbaskani-tatar-tc-aile-ve-sosyal-hizmetler-bakani-goktasi-kabul-etti\\\/#primaryimage\"},\"thumbnailUrl\":\"https:\\\/\\\/haberkuzey.com\\\/wp-content\\\/uploads\\\/2025\\\/01\\\/as222.jpg\",\"articleSection\":[\"D\u00fcnya\"],\"inLanguage\":\"tr\",\"potentialAction\":[{\"@type\":\"CommentAction\",\"name\":\"Comment\",\"target\":[\"https:\\\/\\\/haberkuzey.com\\\/index.php\\\/2025\\\/01\\\/15\\\/cumhurbaskani-tatar-tc-aile-ve-sosyal-hizmetler-bakani-goktasi-kabul-etti\\\/#respond\"]}]},{\"@type\":\"WebPage\",\"@id\":\"https:\\\/\\\/haberkuzey.com\\\/index.php\\\/2025\\\/01\\\/15\\\/cumhurbaskani-tatar-tc-aile-ve-sosyal-hizmetler-bakani-goktasi-kabul-etti\\\/\",\"url\":\"https:\\\/\\\/haberkuzey.com\\\/index.php\\\/2025\\\/01\\\/15\\\/cumhurbaskani-tatar-tc-aile-ve-sosyal-hizmetler-bakani-goktasi-kabul-etti\\\/\",\"name\":\"Cumhurba\u015fkan\u0131 Tatar TC Aile ve Sosyal Hizmetler Bakan\u0131 G\u00f6kta\u015f\u2019\u0131 kabul etti - Haber Kuzey\",\"isPartOf\":{\"@id\":\"https:\\\/\\\/haberkuzey.com\\\/#website\"},\"primaryImageOfPage\":{\"@id\":\"https:\\\/\\\/haberkuzey.com\\\/index.php\\\/2025\\\/01\\\/15\\\/cumhurbaskani-tatar-tc-aile-ve-sosyal-hizmetler-bakani-goktasi-kabul-etti\\\/#primaryimage\"},\"image\":{\"@id\":\"https:\\\/\\\/haberkuzey.com\\\/index.php\\\/2025\\\/01\\\/15\\\/cumhurbaskani-tatar-tc-aile-ve-sosyal-hizmetler-bakani-goktasi-kabul-etti\\\/#primaryimage\"},\"thumbnailUrl\":\"https:\\\/\\\/haberkuzey.com\\\/wp-content\\\/uploads\\\/2025\\\/01\\\/as222.jpg\",\"datePublished\":\"2025-01-15T08:59:42+00:00\",\"author\":{\"@id\":\"https:\\\/\\\/haberkuzey.com\\\/#\\\/schema\\\/person\\\/3372109ec735f9333f4fa47ebb9605ca\"},\"breadcrumb\":{\"@id\":\"https:\\\/\\\/haberkuzey.com\\\/index.php\\\/2025\\\/01\\\/15\\\/cumhurbaskani-tatar-tc-aile-ve-sosyal-hizmetler-bakani-goktasi-kabul-etti\\\/#breadcrumb\"},\"inLanguage\":\"tr\",\"potentialAction\":[{\"@type\":\"ReadAction\",\"target\":[\"https:\\\/\\\/haberkuzey.com\\\/index.php\\\/2025\\\/01\\\/15\\\/cumhurbaskani-tatar-tc-aile-ve-sosyal-hizmetler-bakani-goktasi-kabul-etti\\\/\"]}]},{\"@type\":\"ImageObject\",\"inLanguage\":\"tr\",\"@id\":\"https:\\\/\\\/haberkuzey.com\\\/index.php\\\/2025\\\/01\\\/15\\\/cumhurbaskani-tatar-tc-aile-ve-sosyal-hizmetler-bakani-goktasi-kabul-etti\\\/#primaryimage\",\"url\":\"https:\\\/\\\/haberkuzey.com\\\/wp-content\\\/uploads\\\/2025\\\/01\\\/as222.jpg\",\"contentUrl\":\"https:\\\/\\\/haberkuzey.com\\\/wp-content\\\/uploads\\\/2025\\\/01\\\/as222.jpg\",\"width\":971,\"height\":551},{\"@type\":\"BreadcrumbList\",\"@id\":\"https:\\\/\\\/haberkuzey.com\\\/index.php\\\/2025\\\/01\\\/15\\\/cumhurbaskani-tatar-tc-aile-ve-sosyal-hizmetler-bakani-goktasi-kabul-etti\\\/#breadcrumb\",\"itemListElement\":[{\"@type\":\"ListItem\",\"position\":1,\"name\":\"Anasayfa\",\"item\":\"https:\\\/\\\/haberkuzey.com\\\/\"},{\"@type\":\"ListItem\",\"position\":2,\"name\":\"Cumhurba\u015fkan\u0131 Tatar TC Aile ve Sosyal Hizmetler Bakan\u0131 G\u00f6kta\u015f\u2019\u0131 kabul etti\"}]},{\"@type\":\"WebSite\",\"@id\":\"https:\\\/\\\/haberkuzey.com\\\/#website\",\"url\":\"https:\\\/\\\/haberkuzey.com\\\/\",\"name\":\"Haber Kuzey\",\"description\":\"Do\u011fru Haberin Adresi\",\"potentialAction\":[{\"@type\":\"SearchAction\",\"target\":{\"@type\":\"EntryPoint\",\"urlTemplate\":\"https:\\\/\\\/haberkuzey.com\\\/?s={search_term_string}\"},\"query-input\":{\"@type\":\"PropertyValueSpecification\",\"valueRequired\":true,\"valueName\":\"search_term_string\"}}],\"inLanguage\":\"tr\"},{\"@type\":\"Person\",\"@id\":\"https:\\\/\\\/haberkuzey.com\\\/#\\\/schema\\\/person\\\/3372109ec735f9333f4fa47ebb9605ca\",\"name\":\"haberkuzey\",\"image\":{\"@type\":\"ImageObject\",\"inLanguage\":\"tr\",\"@id\":\"https:\\\/\\\/secure.gravatar.com\\\/avatar\\\/f5fc875574b1575324358c3b9e6a32b8227aa5b74f3fa22e3cadb63e26fcc39c?s=96&d=mm&r=g\",\"url\":\"https:\\\/\\\/secure.gravatar.com\\\/avatar\\\/f5fc875574b1575324358c3b9e6a32b8227aa5b74f3fa22e3cadb63e26fcc39c?s=96&d=mm&r=g\",\"contentUrl\":\"https:\\\/\\\/secure.gravatar.com\\\/avatar\\\/f5fc875574b1575324358c3b9e6a32b8227aa5b74f3fa22e3cadb63e26fcc39c?s=96&d=mm&r=g\",\"caption\":\"haberkuzey\"},\"sameAs\":[\"https:\\\/\\\/haberkuzey.com\"],\"url\":\"https:\\\/\\\/haberkuzey.com\\\/index.php\\\/author\\\/haberkuzey\\\/\"}]}<\/script>\n<!-- \/ Yoast SEO plugin. -->","yoast_head_json":{"title":"Cumhurba\u015fkan\u0131 Tatar TC Aile ve Sosyal Hizmetler Bakan\u0131 G\u00f6kta\u015f\u2019\u0131 kabul etti - Haber Kuzey","robots":{"index":"index","follow":"follow","max-snippet":"max-snippet:-1","max-image-preview":"max-image-preview:large","max-video-preview":"max-video-preview:-1"},"canonical":"https:\/\/haberkuzey.com\/index.php\/2025\/01\/15\/cumhurbaskani-tatar-tc-aile-ve-sosyal-hizmetler-bakani-goktasi-kabul-etti\/","og_locale":"tr_TR","og_type":"article","og_title":"Cumhurba\u015fkan\u0131 Tatar TC Aile ve Sosyal Hizmetler Bakan\u0131 G\u00f6kta\u015f\u2019\u0131 kabul etti - Haber Kuzey","og_description":"Cumhurba\u015fkan\u0131 Ersin Tatar, T\u00fcrkiye Cumhuriyeti Aile ve Sosyal Hizmetler Bakan\u0131 Mahinur \u00d6zdemir G\u00f6kta\u015f\u2019\u0131 kabul etti. Tatar kabulde yapt\u0131\u011f\u0131 konu\u015fmada, K\u0131br\u0131s T\u00fcrk\u00fc\u2019n\u00fcn m\u00fccadelesini, aile b\u00fct\u00fcnl\u00fc\u011f\u00fcn\u00fc ve k\u00fclt\u00fcr\u00fcn\u00fc koruyarak s\u00fcrd\u00fcrd\u00fc\u011f\u00fcn\u00fc belirtti. Kabulde G\u00f6kta\u015f\u2019a, T\u00fcrkiye Cumhuriyeti Lefko\u015fa B\u00fcy\u00fckel\u00e7isi Yasin Ekrem Serim ve \u00c7al\u0131\u015fma ve Sosyal G\u00fcvenlik Bakan\u0131 Sad\u0131k Gardiyano\u011flu e\u015flik ederken, Cumhurba\u015fkanl\u0131\u011f\u0131 M\u00fcste\u015far\u0131 Okan Donangil de haz\u0131r bulundu. [&hellip;]","og_url":"https:\/\/haberkuzey.com\/index.php\/2025\/01\/15\/cumhurbaskani-tatar-tc-aile-ve-sosyal-hizmetler-bakani-goktasi-kabul-etti\/","og_site_name":"Haber Kuzey","article_published_time":"2025-01-15T08:59:42+00:00","og_image":[{"url":"https:\/\/brtk.net\/wp-content\/uploads\/2025\/01\/15\/as222.jpg?ver=bef562dbc6e6e2c28c1e7cf4abf31019","type":"","width":"","height":""}],"author":"haberkuzey","twitter_card":"summary_large_image","twitter_misc":{"Yazan:":"haberkuzey","Tahmini okuma s\u00fcresi":"2 dakika"},"schema":{"@context":"https:\/\/schema.org","@graph":[{"@type":"Article","@id":"https:\/\/haberkuzey.com\/index.php\/2025\/01\/15\/cumhurbaskani-tatar-tc-aile-ve-sosyal-hizmetler-bakani-goktasi-kabul-etti\/#article","isPartOf":{"@id":"https:\/\/haberkuzey.com\/index.php\/2025\/01\/15\/cumhurbaskani-tatar-tc-aile-ve-sosyal-hizmetler-bakani-goktasi-kabul-etti\/"},"author":{"name":"haberkuzey","@id":"https:\/\/haberkuzey.com\/#\/schema\/person\/3372109ec735f9333f4fa47ebb9605ca"},"headline":"Cumhurba\u015fkan\u0131 Tatar TC Aile ve Sosyal Hizmetler Bakan\u0131 G\u00f6kta\u015f\u2019\u0131 kabul etti","datePublished":"2025-01-15T08:59:42+00:00","mainEntityOfPage":{"@id":"https:\/\/haberkuzey.com\/index.php\/2025\/01\/15\/cumhurbaskani-tatar-tc-aile-ve-sosyal-hizmetler-bakani-goktasi-kabul-etti\/"},"wordCount":342,"commentCount":0,"image":{"@id":"https:\/\/haberkuzey.com\/index.php\/2025\/01\/15\/cumhurbaskani-tatar-tc-aile-ve-sosyal-hizmetler-bakani-goktasi-kabul-etti\/#primaryimage"},"thumbnailUrl":"https:\/\/haberkuzey.com\/wp-content\/uploads\/2025\/01\/as222.jpg","articleSection":["D\u00fcnya"],"inLanguage":"tr","potentialAction":[{"@type":"CommentAction","name":"Comment","target":["https:\/\/haberkuzey.com\/index.php\/2025\/01\/15\/cumhurbaskani-tatar-tc-aile-ve-sosyal-hizmetler-bakani-goktasi-kabul-etti\/#respond"]}]},{"@type":"WebPage","@id":"https:\/\/haberkuzey.com\/index.php\/2025\/01\/15\/cumhurbaskani-tatar-tc-aile-ve-sosyal-hizmetler-bakani-goktasi-kabul-etti\/","url":"https:\/\/haberkuzey.com\/index.php\/2025\/01\/15\/cumhurbaskani-tatar-tc-aile-ve-sosyal-hizmetler-bakani-goktasi-kabul-etti\/","name":"Cumhurba\u015fkan\u0131 Tatar TC Aile ve Sosyal Hizmetler Bakan\u0131 G\u00f6kta\u015f\u2019\u0131 kabul etti - Haber Kuzey","isPartOf":{"@id":"https:\/\/haberkuzey.com\/#website"},"primaryImageOfPage":{"@id":"https:\/\/haberkuzey.com\/index.php\/2025\/01\/15\/cumhurbaskani-tatar-tc-aile-ve-sosyal-hizmetler-bakani-goktasi-kabul-etti\/#primaryimage"},"image":{"@id":"https:\/\/haberkuzey.com\/index.php\/2025\/01\/15\/cumhurbaskani-tatar-tc-aile-ve-sosyal-hizmetler-bakani-goktasi-kabul-etti\/#primaryimage"},"thumbnailUrl":"https:\/\/haberkuzey.com\/wp-content\/uploads\/2025\/01\/as222.jpg","datePublished":"2025-01-15T08:59:42+00:00","author":{"@id":"https:\/\/haberkuzey.com\/#\/schema\/person\/3372109ec735f9333f4fa47ebb9605ca"},"breadcrumb":{"@id":"https:\/\/haberkuzey.com\/index.php\/2025\/01\/15\/cumhurbaskani-tatar-tc-aile-ve-sosyal-hizmetler-bakani-goktasi-kabul-etti\/#breadcrumb"},"inLanguage":"tr","potentialAction":[{"@type":"ReadAction","target":["https:\/\/haberkuzey.com\/index.php\/2025\/01\/15\/cumhurbaskani-tatar-tc-aile-ve-sosyal-hizmetler-bakani-goktasi-kabul-etti\/"]}]},{"@type":"ImageObject","inLanguage":"tr","@id":"https:\/\/haberkuzey.com\/index.php\/2025\/01\/15\/cumhurbaskani-tatar-tc-aile-ve-sosyal-hizmetler-bakani-goktasi-kabul-etti\/#primaryimage","url":"https:\/\/haberkuzey.com\/wp-content\/uploads\/2025\/01\/as222.jpg","contentUrl":"https:\/\/haberkuzey.com\/wp-content\/uploads\/2025\/01\/as222.jpg","width":971,"height":551},{"@type":"BreadcrumbList","@id":"https:\/\/haberkuzey.com\/index.php\/2025\/01\/15\/cumhurbaskani-tatar-tc-aile-ve-sosyal-hizmetler-bakani-goktasi-kabul-etti\/#breadcrumb","itemListElement":[{"@type":"ListItem","position":1,"name":"Anasayfa","item":"https:\/\/haberkuzey.com\/"},{"@type":"ListItem","position":2,"name":"Cumhurba\u015fkan\u0131 Tatar TC Aile ve Sosyal Hizmetler Bakan\u0131 G\u00f6kta\u015f\u2019\u0131 kabul etti"}]},{"@type":"WebSite","@id":"https:\/\/haberkuzey.com\/#website","url":"https:\/\/haberkuzey.com\/","name":"Haber Kuzey","description":"Do\u011fru Haberin Adresi","potentialAction":[{"@type":"SearchAction","target":{"@type":"EntryPoint","urlTemplate":"https:\/\/haberkuzey.com\/?s={search_term_string}"},"query-input":{"@type":"PropertyValueSpecification","valueRequired":true,"valueName":"search_term_string"}}],"inLanguage":"tr"},{"@type":"Person","@id":"https:\/\/haberkuzey.com\/#\/schema\/person\/3372109ec735f9333f4fa47ebb9605ca","name":"haberkuzey","image":{"@type":"ImageObject","inLanguage":"tr","@id":"https:\/\/secure.gravatar.com\/avatar\/f5fc875574b1575324358c3b9e6a32b8227aa5b74f3fa22e3cadb63e26fcc39c?s=96&d=mm&r=g","url":"https:\/\/secure.gravatar.com\/avatar\/f5fc875574b1575324358c3b9e6a32b8227aa5b74f3fa22e3cadb63e26fcc39c?s=96&d=mm&r=g","contentUrl":"https:\/\/secure.gravatar.com\/avatar\/f5fc875574b1575324358c3b9e6a32b8227aa5b74f3fa22e3cadb63e26fcc39c?s=96&d=mm&r=g","caption":"haberkuzey"},"sameAs":["https:\/\/haberkuzey.com"],"url":"https:\/\/haberkuzey.com\/index.php\/author\/haberkuzey\/"}]}},"_links":{"self":[{"href":"https:\/\/haberkuzey.com\/index.php\/wp-json\/wp\/v2\/posts\/16552","targetHints":{"allow":["GET"]}}],"collection":[{"href":"https:\/\/haberkuzey.com\/index.php\/wp-json\/wp\/v2\/posts"}],"about":[{"href":"https:\/\/haberkuzey.com\/index.php\/wp-json\/wp\/v2\/types\/post"}],"author":[{"embeddable":true,"href":"https:\/\/haberkuzey.com\/index.php\/wp-json\/wp\/v2\/users\/1"}],"replies":[{"embeddable":true,"href":"https:\/\/haberkuzey.com\/index.php\/wp-json\/wp\/v2\/comments?post=16552"}],"version-history":[{"count":0,"href":"https:\/\/haberkuzey.com\/index.php\/wp-json\/wp\/v2\/posts\/16552\/revisions"}],"wp:featuredmedia":[{"embeddable":true,"href":"https:\/\/haberkuzey.com\/index.php\/wp-json\/wp\/v2\/media\/16553"}],"wp:attachment":[{"href":"https:\/\/haberkuzey.com\/index.php\/wp-json\/wp\/v2\/media?parent=16552"}],"wp:term":[{"taxonomy":"category","embeddable":true,"href":"https:\/\/haberkuzey.com\/index.php\/wp-json\/wp\/v2\/categories?post=16552"},{"taxonomy":"post_tag","embeddable":true,"href":"https:\/\/haberkuzey.com\/index.php\/wp-json\/wp\/v2\/tags?post=16552"}],"curies":[{"name":"wp","href":"https:\/\/api.w.org\/{rel}","templated":true}]}}