{"id":16512,"date":"2025-01-14T18:04:21","date_gmt":"2025-01-14T16:04:21","guid":{"rendered":"https:\/\/haberkuzey.com\/index.php\/2025\/01\/14\/meclis-baskani-ozturkler-tbmm-guvenlik-ve-istihbarat-komisyonu-heyetini-kabul-etti\/"},"modified":"2025-01-14T18:04:21","modified_gmt":"2025-01-14T16:04:21","slug":"meclis-baskani-ozturkler-tbmm-guvenlik-ve-istihbarat-komisyonu-heyetini-kabul-etti","status":"publish","type":"post","link":"https:\/\/haberkuzey.com\/index.php\/2025\/01\/14\/meclis-baskani-ozturkler-tbmm-guvenlik-ve-istihbarat-komisyonu-heyetini-kabul-etti\/","title":{"rendered":"Meclis Ba\u015fkan\u0131 \u00d6zt\u00fcrkler, TBMM G\u00fcvenlik ve \u0130stihbarat Komisyonu heyetini kabul etti"},"content":{"rendered":"<div>\n<div class=\"mariselle-image-container none\">\n                                            <\/div>\n<p>Cumhuriyet Meclisi Ba\u015fkan\u0131 Ziya \u00d6zt\u00fcrkler, KKTC\u2019de temaslarda bulunan T\u00fcrkiye B\u00fcy\u00fck Millet Meclisi (TBMM) G\u00fcvenlik ve \u0130stihbarat Komisyonu Ba\u015fkan\u0131 Veysal Tipio\u011flu ve beraberindeki heyeti kabul etti.<\/p>\n<p>Meclis \u015eeref Salonu\u2019ndaki kabulde, TBMM G\u00fcvenlik ve \u0130stihbarat Komisyonu \u00fcyeleri ile Meclis Hukuk Siyasi \u0130\u015fler ve D\u0131\u015fili\u015fkiler Komitesi Ba\u015fkan\u0131 Yasemi \u00d6zt\u00fcrk ve komite \u00fcyeleri de haz\u0131r bulundu.<\/p>\n<p>Konuk heyet, kabul\u00fcn ard\u0131ndan izleyici locas\u0131ndan bir s\u00fcre Meclis Genel Kurulu toplant\u0131s\u0131n\u0131 takip etti. Meclis Ba\u015fkan\u0131 \u00d6zt\u00fcrkler heyeti anons ederek \u201cHo\u015f geldiniz\u201d dedi.<\/p>\n<p>Meclis Ba\u015fkan\u0131 Ziya \u00d6zt\u00fcrkler kabulde yapt\u0131\u011f\u0131 konu\u015fmada, Anavatan T\u00fcrkiye\u2019nin her zaman yanlar\u0131nda oldu\u011funun aktar\u0131lmas\u0131n\u0131n \u00f6nemini ifade etti.<\/p>\n<p>\u00d6zt\u00fcrkler,\u00a0TBMM G\u00fcvenlik ve \u0130stihbarat Komisyonu\u2019nun T\u00fcrkiye Cumhuriyeti\u2019nin \u00f6nemli komisyonlar\u0131ndan biri oldu\u011funu belirtti.<\/p>\n<p>\u201cBug\u00fcn bakt\u0131\u011f\u0131m\u0131zda \u00f6nemli bir d\u00f6nemden ge\u00e7iyoruz.\u201d diyen \u00d6zt\u00fcrkler; Ortado\u011fu\u2019da, Suriye\u2019de ve Gazze\u2019de ya\u015fanan s\u00fcre\u00e7lere de\u011findi.<\/p>\n<p>K\u0131br\u0131s sorununun milli bir dava oldu\u011funu kaydeden \u00d6zt\u00fcrkler, \u201cBug\u00fcn bakt\u0131\u011f\u0131m\u0131zda Do\u011fu Akdeniz\u2019de hem g\u00fcvenlik hem enerji hem de siyasi noktada garant\u00f6r devletimiz olan T\u00fcrkiye Cumhuriyeti ile kurulacak stratejik ad\u0131mlar ve i\u015f birlikleri bizler i\u00e7in hayati\u00a0\u00f6ne arz etmektedir.\u201d diye konu\u015ftu.<\/p>\n<p>G\u00fcney K\u0131br\u0131s y\u00f6netiminin \u00f6zellikle son zamanlarda askeri anlamda ve silahlanma noktas\u0131nda yapt\u0131\u011f\u0131 giri\u015fimlere de\u011finen \u00d6zt\u00fcrkler, T\u00fcrkiye Cumhuriyeti\u2019nin de ortaya koyaca\u011f\u0131 stratejik ad\u0131mlar\u0131 ve bu ba\u011flamda yap\u0131lacak \u00e7al\u0131\u015fmalar\u0131 \u00f6nemsediklerini ifade etti.<\/p>\n<p>\u2013 Tipio\u011flu: \u201cK\u0131br\u0131s davas\u0131, 86 milyonun milli davas\u0131d\u0131r\u201d<\/p>\n<p>TBMM G\u00fcvenlik ve \u0130stihbarat Komisyonu Ba\u015fkan\u0131 Veysal Tipio\u011flu da, konukseverliklerinden dolay\u0131 te\u015fekk\u00fcr ederek s\u00f6zlerine ba\u015flad\u0131.<\/p>\n<p>Komisyon olarak ilk yurt d\u0131\u015f\u0131 ziyaretlerini KKTC\u2019ye yapt\u0131klar\u0131n\u0131 belirten Tipio\u011flu, Meclis Ba\u015fkan\u0131 Ziya \u00d6zt\u00fcrkler\u2019e g\u00f6revinde ba\u015far\u0131lar dileyerek tebriklerini ifade etti.<\/p>\n<p>Yap\u0131m\u0131 devam eden yeni meclis binas\u0131n\u0131n hay\u0131rl\u0131 olmas\u0131n\u0131 dileyen Tipio\u011flu, \u201cT\u00fcrk milleti i\u00e7in, ba\u015fta Cumhurba\u015fkan\u0131m\u0131z Recep Tayyip Erdo\u011fan olmak \u00fczere 86 milyon ve b\u00fct\u00fcn kurumlar\u0131m\u0131z\u0131n K\u0131br\u0131s davas\u0131, milli davas\u0131d\u0131r.\u201d dedi.<\/p>\n<p>Tipio\u011flu, her hal ve \u015fartta Kuzey K\u0131br\u0131s T\u00fcrk Cumhuriyeti ve K\u0131br\u0131s T\u00fcrk halk\u0131n\u0131n yan\u0131nda olduklar\u0131n\u0131 ve bundan sonra da olmaya devam edeceklerini kaydetti.<\/p>\n<p>K\u0131br\u0131s T\u00fcrk halk\u0131n\u0131n T\u00fcrkiye Cumhuriyeti\u2019nin her zaman \u00f6nceli\u011fi olmaya devam edece\u011fini belirten Tipio\u011flu, \u201cBurada iki devletli \u00e7\u00f6z\u00fcm\u00fcn uygun olaca\u011f\u0131n\u0131, bunun desteklenmesi gerekti\u011fi noktas\u0131nda T\u00fcrkiye Cumhuriyeti devletinin kanaati var. Biz bunu destekliyoruz. K\u0131br\u0131s\u2019\u0131n g\u00fcvenli\u011fi ve huzuruyla ilgili at\u0131lmas\u0131 gereken her t\u00fcrl\u00fc ad\u0131mda KKTC\u2019nin yan\u0131nda olduk ve olmaya da devam edece\u011fiz.\u201d ifadelerini kulland\u0131.<\/p>\n<p>Her alanda ili\u015fkilerin gittik\u00e7e geli\u015fmesinin kendilerini mutlu etti\u011fini dile getiren Tipio\u011flu, K\u0131br\u0131s davas\u0131n\u0131n T\u00fcrk milletinin milli meselesi oldu\u011funu, her zaman KKTC\u2019nin ve K\u0131br\u0131s T\u00fcrk halk\u0131n\u0131n yan\u0131nda olmaya devam edeceklerini ifade etti.<\/p>\n<\/p><\/div>\n<p><script async\n                    defer\n                    crossorigin=\"anonymous\"\n                    src=\"https:\/\/connect.facebook.net\/tr_TR\/sdk.js#xfbml=1&#038;version=v3.3\"\n            ><\/script><\/p>\n","protected":false},"excerpt":{"rendered":"<p>Cumhuriyet Meclisi Ba\u015fkan\u0131 Ziya \u00d6zt\u00fcrkler, KKTC\u2019de temaslarda bulunan T\u00fcrkiye B\u00fcy\u00fck Millet Meclisi (TBMM) G\u00fcvenlik ve \u0130stihbarat Komisyonu Ba\u015fkan\u0131 Veysal Tipio\u011flu ve beraberindeki heyeti kabul etti. Meclis \u015eeref Salonu\u2019ndaki kabulde, TBMM G\u00fcvenlik ve \u0130stihbarat Komisyonu \u00fcyeleri ile Meclis Hukuk Siyasi \u0130\u015fler ve D\u0131\u015fili\u015fkiler Komitesi Ba\u015fkan\u0131 Yasemi \u00d6zt\u00fcrk ve komite \u00fcyeleri de haz\u0131r bulundu. Konuk heyet, kabul\u00fcn [&hellip;]<\/p>\n","protected":false},"author":1,"featured_media":16513,"comment_status":"open","ping_status":"open","sticky":false,"template":"","format":"standard","meta":{"jnews-multi-image_gallery":[],"jnews_single_post":[],"jnews_primary_category":[],"footnotes":""},"categories":[2],"tags":[],"class_list":["post-16512","post","type-post","status-publish","format-standard","has-post-thumbnail","hentry","category-dunya"],"yoast_head":"<!-- This site is optimized with the Yoast SEO plugin v27.5 - https:\/\/yoast.com\/product\/yoast-seo-wordpress\/ -->\n<title>Meclis Ba\u015fkan\u0131 \u00d6zt\u00fcrkler, TBMM G\u00fcvenlik ve \u0130stihbarat Komisyonu heyetini kabul etti - Haber Kuzey<\/title>\n<meta name=\"robots\" content=\"index, follow, max-snippet:-1, max-image-preview:large, max-video-preview:-1\" \/>\n<link rel=\"canonical\" href=\"https:\/\/haberkuzey.com\/index.php\/2025\/01\/14\/meclis-baskani-ozturkler-tbmm-guvenlik-ve-istihbarat-komisyonu-heyetini-kabul-etti\/\" \/>\n<meta property=\"og:locale\" content=\"tr_TR\" \/>\n<meta property=\"og:type\" content=\"article\" \/>\n<meta property=\"og:title\" content=\"Meclis Ba\u015fkan\u0131 \u00d6zt\u00fcrkler, TBMM G\u00fcvenlik ve \u0130stihbarat Komisyonu heyetini kabul etti - Haber Kuzey\" \/>\n<meta property=\"og:description\" content=\"Cumhuriyet Meclisi Ba\u015fkan\u0131 Ziya \u00d6zt\u00fcrkler, KKTC\u2019de temaslarda bulunan T\u00fcrkiye B\u00fcy\u00fck Millet Meclisi (TBMM) G\u00fcvenlik ve \u0130stihbarat Komisyonu Ba\u015fkan\u0131 Veysal Tipio\u011flu ve beraberindeki heyeti kabul etti. Meclis \u015eeref Salonu\u2019ndaki kabulde, TBMM G\u00fcvenlik ve \u0130stihbarat Komisyonu \u00fcyeleri ile Meclis Hukuk Siyasi \u0130\u015fler ve D\u0131\u015fili\u015fkiler Komitesi Ba\u015fkan\u0131 Yasemi \u00d6zt\u00fcrk ve komite \u00fcyeleri de haz\u0131r bulundu. Konuk heyet, kabul\u00fcn [&hellip;]\" \/>\n<meta property=\"og:url\" content=\"https:\/\/haberkuzey.com\/index.php\/2025\/01\/14\/meclis-baskani-ozturkler-tbmm-guvenlik-ve-istihbarat-komisyonu-heyetini-kabul-etti\/\" \/>\n<meta property=\"og:site_name\" content=\"Haber Kuzey\" \/>\n<meta property=\"article:published_time\" content=\"2025-01-14T16:04:21+00:00\" \/>\n<meta property=\"og:image\" content=\"https:\/\/brtk.net\/wp-content\/uploads\/2025\/01\/14\/OZTURKLER-KABUL-2.jpg?ver=ccc5e699068c65a4c18ccfb41b22a65b\" \/>\n<meta name=\"author\" content=\"haberkuzey\" \/>\n<meta name=\"twitter:card\" content=\"summary_large_image\" \/>\n<meta name=\"twitter:label1\" content=\"Yazan:\" \/>\n\t<meta name=\"twitter:data1\" content=\"haberkuzey\" \/>\n\t<meta name=\"twitter:label2\" content=\"Tahmini okuma s\u00fcresi\" \/>\n\t<meta name=\"twitter:data2\" content=\"3 dakika\" \/>\n<script type=\"application\/ld+json\" class=\"yoast-schema-graph\">{\"@context\":\"https:\\\/\\\/schema.org\",\"@graph\":[{\"@type\":\"Article\",\"@id\":\"https:\\\/\\\/haberkuzey.com\\\/index.php\\\/2025\\\/01\\\/14\\\/meclis-baskani-ozturkler-tbmm-guvenlik-ve-istihbarat-komisyonu-heyetini-kabul-etti\\\/#article\",\"isPartOf\":{\"@id\":\"https:\\\/\\\/haberkuzey.com\\\/index.php\\\/2025\\\/01\\\/14\\\/meclis-baskani-ozturkler-tbmm-guvenlik-ve-istihbarat-komisyonu-heyetini-kabul-etti\\\/\"},\"author\":{\"name\":\"haberkuzey\",\"@id\":\"https:\\\/\\\/haberkuzey.com\\\/#\\\/schema\\\/person\\\/3372109ec735f9333f4fa47ebb9605ca\"},\"headline\":\"Meclis Ba\u015fkan\u0131 \u00d6zt\u00fcrkler, TBMM G\u00fcvenlik ve \u0130stihbarat Komisyonu heyetini kabul etti\",\"datePublished\":\"2025-01-14T16:04:21+00:00\",\"mainEntityOfPage\":{\"@id\":\"https:\\\/\\\/haberkuzey.com\\\/index.php\\\/2025\\\/01\\\/14\\\/meclis-baskani-ozturkler-tbmm-guvenlik-ve-istihbarat-komisyonu-heyetini-kabul-etti\\\/\"},\"wordCount\":563,\"commentCount\":0,\"image\":{\"@id\":\"https:\\\/\\\/haberkuzey.com\\\/index.php\\\/2025\\\/01\\\/14\\\/meclis-baskani-ozturkler-tbmm-guvenlik-ve-istihbarat-komisyonu-heyetini-kabul-etti\\\/#primaryimage\"},\"thumbnailUrl\":\"https:\\\/\\\/haberkuzey.com\\\/wp-content\\\/uploads\\\/2025\\\/01\\\/OZTURKLER-KABUL-2.jpg\",\"articleSection\":[\"D\u00fcnya\"],\"inLanguage\":\"tr\",\"potentialAction\":[{\"@type\":\"CommentAction\",\"name\":\"Comment\",\"target\":[\"https:\\\/\\\/haberkuzey.com\\\/index.php\\\/2025\\\/01\\\/14\\\/meclis-baskani-ozturkler-tbmm-guvenlik-ve-istihbarat-komisyonu-heyetini-kabul-etti\\\/#respond\"]}]},{\"@type\":\"WebPage\",\"@id\":\"https:\\\/\\\/haberkuzey.com\\\/index.php\\\/2025\\\/01\\\/14\\\/meclis-baskani-ozturkler-tbmm-guvenlik-ve-istihbarat-komisyonu-heyetini-kabul-etti\\\/\",\"url\":\"https:\\\/\\\/haberkuzey.com\\\/index.php\\\/2025\\\/01\\\/14\\\/meclis-baskani-ozturkler-tbmm-guvenlik-ve-istihbarat-komisyonu-heyetini-kabul-etti\\\/\",\"name\":\"Meclis Ba\u015fkan\u0131 \u00d6zt\u00fcrkler, TBMM G\u00fcvenlik ve \u0130stihbarat Komisyonu heyetini kabul etti - Haber Kuzey\",\"isPartOf\":{\"@id\":\"https:\\\/\\\/haberkuzey.com\\\/#website\"},\"primaryImageOfPage\":{\"@id\":\"https:\\\/\\\/haberkuzey.com\\\/index.php\\\/2025\\\/01\\\/14\\\/meclis-baskani-ozturkler-tbmm-guvenlik-ve-istihbarat-komisyonu-heyetini-kabul-etti\\\/#primaryimage\"},\"image\":{\"@id\":\"https:\\\/\\\/haberkuzey.com\\\/index.php\\\/2025\\\/01\\\/14\\\/meclis-baskani-ozturkler-tbmm-guvenlik-ve-istihbarat-komisyonu-heyetini-kabul-etti\\\/#primaryimage\"},\"thumbnailUrl\":\"https:\\\/\\\/haberkuzey.com\\\/wp-content\\\/uploads\\\/2025\\\/01\\\/OZTURKLER-KABUL-2.jpg\",\"datePublished\":\"2025-01-14T16:04:21+00:00\",\"author\":{\"@id\":\"https:\\\/\\\/haberkuzey.com\\\/#\\\/schema\\\/person\\\/3372109ec735f9333f4fa47ebb9605ca\"},\"breadcrumb\":{\"@id\":\"https:\\\/\\\/haberkuzey.com\\\/index.php\\\/2025\\\/01\\\/14\\\/meclis-baskani-ozturkler-tbmm-guvenlik-ve-istihbarat-komisyonu-heyetini-kabul-etti\\\/#breadcrumb\"},\"inLanguage\":\"tr\",\"potentialAction\":[{\"@type\":\"ReadAction\",\"target\":[\"https:\\\/\\\/haberkuzey.com\\\/index.php\\\/2025\\\/01\\\/14\\\/meclis-baskani-ozturkler-tbmm-guvenlik-ve-istihbarat-komisyonu-heyetini-kabul-etti\\\/\"]}]},{\"@type\":\"ImageObject\",\"inLanguage\":\"tr\",\"@id\":\"https:\\\/\\\/haberkuzey.com\\\/index.php\\\/2025\\\/01\\\/14\\\/meclis-baskani-ozturkler-tbmm-guvenlik-ve-istihbarat-komisyonu-heyetini-kabul-etti\\\/#primaryimage\",\"url\":\"https:\\\/\\\/haberkuzey.com\\\/wp-content\\\/uploads\\\/2025\\\/01\\\/OZTURKLER-KABUL-2.jpg\",\"contentUrl\":\"https:\\\/\\\/haberkuzey.com\\\/wp-content\\\/uploads\\\/2025\\\/01\\\/OZTURKLER-KABUL-2.jpg\",\"width\":930,\"height\":470},{\"@type\":\"BreadcrumbList\",\"@id\":\"https:\\\/\\\/haberkuzey.com\\\/index.php\\\/2025\\\/01\\\/14\\\/meclis-baskani-ozturkler-tbmm-guvenlik-ve-istihbarat-komisyonu-heyetini-kabul-etti\\\/#breadcrumb\",\"itemListElement\":[{\"@type\":\"ListItem\",\"position\":1,\"name\":\"Anasayfa\",\"item\":\"https:\\\/\\\/haberkuzey.com\\\/\"},{\"@type\":\"ListItem\",\"position\":2,\"name\":\"Meclis Ba\u015fkan\u0131 \u00d6zt\u00fcrkler, TBMM G\u00fcvenlik ve \u0130stihbarat Komisyonu heyetini kabul etti\"}]},{\"@type\":\"WebSite\",\"@id\":\"https:\\\/\\\/haberkuzey.com\\\/#website\",\"url\":\"https:\\\/\\\/haberkuzey.com\\\/\",\"name\":\"Haber Kuzey\",\"description\":\"Do\u011fru Haberin Adresi\",\"potentialAction\":[{\"@type\":\"SearchAction\",\"target\":{\"@type\":\"EntryPoint\",\"urlTemplate\":\"https:\\\/\\\/haberkuzey.com\\\/?s={search_term_string}\"},\"query-input\":{\"@type\":\"PropertyValueSpecification\",\"valueRequired\":true,\"valueName\":\"search_term_string\"}}],\"inLanguage\":\"tr\"},{\"@type\":\"Person\",\"@id\":\"https:\\\/\\\/haberkuzey.com\\\/#\\\/schema\\\/person\\\/3372109ec735f9333f4fa47ebb9605ca\",\"name\":\"haberkuzey\",\"image\":{\"@type\":\"ImageObject\",\"inLanguage\":\"tr\",\"@id\":\"https:\\\/\\\/secure.gravatar.com\\\/avatar\\\/f5fc875574b1575324358c3b9e6a32b8227aa5b74f3fa22e3cadb63e26fcc39c?s=96&d=mm&r=g\",\"url\":\"https:\\\/\\\/secure.gravatar.com\\\/avatar\\\/f5fc875574b1575324358c3b9e6a32b8227aa5b74f3fa22e3cadb63e26fcc39c?s=96&d=mm&r=g\",\"contentUrl\":\"https:\\\/\\\/secure.gravatar.com\\\/avatar\\\/f5fc875574b1575324358c3b9e6a32b8227aa5b74f3fa22e3cadb63e26fcc39c?s=96&d=mm&r=g\",\"caption\":\"haberkuzey\"},\"sameAs\":[\"https:\\\/\\\/haberkuzey.com\"],\"url\":\"https:\\\/\\\/haberkuzey.com\\\/index.php\\\/author\\\/haberkuzey\\\/\"}]}<\/script>\n<!-- \/ Yoast SEO plugin. -->","yoast_head_json":{"title":"Meclis Ba\u015fkan\u0131 \u00d6zt\u00fcrkler, TBMM G\u00fcvenlik ve \u0130stihbarat Komisyonu heyetini kabul etti - Haber Kuzey","robots":{"index":"index","follow":"follow","max-snippet":"max-snippet:-1","max-image-preview":"max-image-preview:large","max-video-preview":"max-video-preview:-1"},"canonical":"https:\/\/haberkuzey.com\/index.php\/2025\/01\/14\/meclis-baskani-ozturkler-tbmm-guvenlik-ve-istihbarat-komisyonu-heyetini-kabul-etti\/","og_locale":"tr_TR","og_type":"article","og_title":"Meclis Ba\u015fkan\u0131 \u00d6zt\u00fcrkler, TBMM G\u00fcvenlik ve \u0130stihbarat Komisyonu heyetini kabul etti - Haber Kuzey","og_description":"Cumhuriyet Meclisi Ba\u015fkan\u0131 Ziya \u00d6zt\u00fcrkler, KKTC\u2019de temaslarda bulunan T\u00fcrkiye B\u00fcy\u00fck Millet Meclisi (TBMM) G\u00fcvenlik ve \u0130stihbarat Komisyonu Ba\u015fkan\u0131 Veysal Tipio\u011flu ve beraberindeki heyeti kabul etti. Meclis \u015eeref Salonu\u2019ndaki kabulde, TBMM G\u00fcvenlik ve \u0130stihbarat Komisyonu \u00fcyeleri ile Meclis Hukuk Siyasi \u0130\u015fler ve D\u0131\u015fili\u015fkiler Komitesi Ba\u015fkan\u0131 Yasemi \u00d6zt\u00fcrk ve komite \u00fcyeleri de haz\u0131r bulundu. Konuk heyet, kabul\u00fcn [&hellip;]","og_url":"https:\/\/haberkuzey.com\/index.php\/2025\/01\/14\/meclis-baskani-ozturkler-tbmm-guvenlik-ve-istihbarat-komisyonu-heyetini-kabul-etti\/","og_site_name":"Haber Kuzey","article_published_time":"2025-01-14T16:04:21+00:00","og_image":[{"url":"https:\/\/brtk.net\/wp-content\/uploads\/2025\/01\/14\/OZTURKLER-KABUL-2.jpg?ver=ccc5e699068c65a4c18ccfb41b22a65b","type":"","width":"","height":""}],"author":"haberkuzey","twitter_card":"summary_large_image","twitter_misc":{"Yazan:":"haberkuzey","Tahmini okuma s\u00fcresi":"3 dakika"},"schema":{"@context":"https:\/\/schema.org","@graph":[{"@type":"Article","@id":"https:\/\/haberkuzey.com\/index.php\/2025\/01\/14\/meclis-baskani-ozturkler-tbmm-guvenlik-ve-istihbarat-komisyonu-heyetini-kabul-etti\/#article","isPartOf":{"@id":"https:\/\/haberkuzey.com\/index.php\/2025\/01\/14\/meclis-baskani-ozturkler-tbmm-guvenlik-ve-istihbarat-komisyonu-heyetini-kabul-etti\/"},"author":{"name":"haberkuzey","@id":"https:\/\/haberkuzey.com\/#\/schema\/person\/3372109ec735f9333f4fa47ebb9605ca"},"headline":"Meclis Ba\u015fkan\u0131 \u00d6zt\u00fcrkler, TBMM G\u00fcvenlik ve \u0130stihbarat Komisyonu heyetini kabul etti","datePublished":"2025-01-14T16:04:21+00:00","mainEntityOfPage":{"@id":"https:\/\/haberkuzey.com\/index.php\/2025\/01\/14\/meclis-baskani-ozturkler-tbmm-guvenlik-ve-istihbarat-komisyonu-heyetini-kabul-etti\/"},"wordCount":563,"commentCount":0,"image":{"@id":"https:\/\/haberkuzey.com\/index.php\/2025\/01\/14\/meclis-baskani-ozturkler-tbmm-guvenlik-ve-istihbarat-komisyonu-heyetini-kabul-etti\/#primaryimage"},"thumbnailUrl":"https:\/\/haberkuzey.com\/wp-content\/uploads\/2025\/01\/OZTURKLER-KABUL-2.jpg","articleSection":["D\u00fcnya"],"inLanguage":"tr","potentialAction":[{"@type":"CommentAction","name":"Comment","target":["https:\/\/haberkuzey.com\/index.php\/2025\/01\/14\/meclis-baskani-ozturkler-tbmm-guvenlik-ve-istihbarat-komisyonu-heyetini-kabul-etti\/#respond"]}]},{"@type":"WebPage","@id":"https:\/\/haberkuzey.com\/index.php\/2025\/01\/14\/meclis-baskani-ozturkler-tbmm-guvenlik-ve-istihbarat-komisyonu-heyetini-kabul-etti\/","url":"https:\/\/haberkuzey.com\/index.php\/2025\/01\/14\/meclis-baskani-ozturkler-tbmm-guvenlik-ve-istihbarat-komisyonu-heyetini-kabul-etti\/","name":"Meclis Ba\u015fkan\u0131 \u00d6zt\u00fcrkler, TBMM G\u00fcvenlik ve \u0130stihbarat Komisyonu heyetini kabul etti - Haber Kuzey","isPartOf":{"@id":"https:\/\/haberkuzey.com\/#website"},"primaryImageOfPage":{"@id":"https:\/\/haberkuzey.com\/index.php\/2025\/01\/14\/meclis-baskani-ozturkler-tbmm-guvenlik-ve-istihbarat-komisyonu-heyetini-kabul-etti\/#primaryimage"},"image":{"@id":"https:\/\/haberkuzey.com\/index.php\/2025\/01\/14\/meclis-baskani-ozturkler-tbmm-guvenlik-ve-istihbarat-komisyonu-heyetini-kabul-etti\/#primaryimage"},"thumbnailUrl":"https:\/\/haberkuzey.com\/wp-content\/uploads\/2025\/01\/OZTURKLER-KABUL-2.jpg","datePublished":"2025-01-14T16:04:21+00:00","author":{"@id":"https:\/\/haberkuzey.com\/#\/schema\/person\/3372109ec735f9333f4fa47ebb9605ca"},"breadcrumb":{"@id":"https:\/\/haberkuzey.com\/index.php\/2025\/01\/14\/meclis-baskani-ozturkler-tbmm-guvenlik-ve-istihbarat-komisyonu-heyetini-kabul-etti\/#breadcrumb"},"inLanguage":"tr","potentialAction":[{"@type":"ReadAction","target":["https:\/\/haberkuzey.com\/index.php\/2025\/01\/14\/meclis-baskani-ozturkler-tbmm-guvenlik-ve-istihbarat-komisyonu-heyetini-kabul-etti\/"]}]},{"@type":"ImageObject","inLanguage":"tr","@id":"https:\/\/haberkuzey.com\/index.php\/2025\/01\/14\/meclis-baskani-ozturkler-tbmm-guvenlik-ve-istihbarat-komisyonu-heyetini-kabul-etti\/#primaryimage","url":"https:\/\/haberkuzey.com\/wp-content\/uploads\/2025\/01\/OZTURKLER-KABUL-2.jpg","contentUrl":"https:\/\/haberkuzey.com\/wp-content\/uploads\/2025\/01\/OZTURKLER-KABUL-2.jpg","width":930,"height":470},{"@type":"BreadcrumbList","@id":"https:\/\/haberkuzey.com\/index.php\/2025\/01\/14\/meclis-baskani-ozturkler-tbmm-guvenlik-ve-istihbarat-komisyonu-heyetini-kabul-etti\/#breadcrumb","itemListElement":[{"@type":"ListItem","position":1,"name":"Anasayfa","item":"https:\/\/haberkuzey.com\/"},{"@type":"ListItem","position":2,"name":"Meclis Ba\u015fkan\u0131 \u00d6zt\u00fcrkler, TBMM G\u00fcvenlik ve \u0130stihbarat Komisyonu heyetini kabul etti"}]},{"@type":"WebSite","@id":"https:\/\/haberkuzey.com\/#website","url":"https:\/\/haberkuzey.com\/","name":"Haber Kuzey","description":"Do\u011fru Haberin Adresi","potentialAction":[{"@type":"SearchAction","target":{"@type":"EntryPoint","urlTemplate":"https:\/\/haberkuzey.com\/?s={search_term_string}"},"query-input":{"@type":"PropertyValueSpecification","valueRequired":true,"valueName":"search_term_string"}}],"inLanguage":"tr"},{"@type":"Person","@id":"https:\/\/haberkuzey.com\/#\/schema\/person\/3372109ec735f9333f4fa47ebb9605ca","name":"haberkuzey","image":{"@type":"ImageObject","inLanguage":"tr","@id":"https:\/\/secure.gravatar.com\/avatar\/f5fc875574b1575324358c3b9e6a32b8227aa5b74f3fa22e3cadb63e26fcc39c?s=96&d=mm&r=g","url":"https:\/\/secure.gravatar.com\/avatar\/f5fc875574b1575324358c3b9e6a32b8227aa5b74f3fa22e3cadb63e26fcc39c?s=96&d=mm&r=g","contentUrl":"https:\/\/secure.gravatar.com\/avatar\/f5fc875574b1575324358c3b9e6a32b8227aa5b74f3fa22e3cadb63e26fcc39c?s=96&d=mm&r=g","caption":"haberkuzey"},"sameAs":["https:\/\/haberkuzey.com"],"url":"https:\/\/haberkuzey.com\/index.php\/author\/haberkuzey\/"}]}},"_links":{"self":[{"href":"https:\/\/haberkuzey.com\/index.php\/wp-json\/wp\/v2\/posts\/16512","targetHints":{"allow":["GET"]}}],"collection":[{"href":"https:\/\/haberkuzey.com\/index.php\/wp-json\/wp\/v2\/posts"}],"about":[{"href":"https:\/\/haberkuzey.com\/index.php\/wp-json\/wp\/v2\/types\/post"}],"author":[{"embeddable":true,"href":"https:\/\/haberkuzey.com\/index.php\/wp-json\/wp\/v2\/users\/1"}],"replies":[{"embeddable":true,"href":"https:\/\/haberkuzey.com\/index.php\/wp-json\/wp\/v2\/comments?post=16512"}],"version-history":[{"count":0,"href":"https:\/\/haberkuzey.com\/index.php\/wp-json\/wp\/v2\/posts\/16512\/revisions"}],"wp:featuredmedia":[{"embeddable":true,"href":"https:\/\/haberkuzey.com\/index.php\/wp-json\/wp\/v2\/media\/16513"}],"wp:attachment":[{"href":"https:\/\/haberkuzey.com\/index.php\/wp-json\/wp\/v2\/media?parent=16512"}],"wp:term":[{"taxonomy":"category","embeddable":true,"href":"https:\/\/haberkuzey.com\/index.php\/wp-json\/wp\/v2\/categories?post=16512"},{"taxonomy":"post_tag","embeddable":true,"href":"https:\/\/haberkuzey.com\/index.php\/wp-json\/wp\/v2\/tags?post=16512"}],"curies":[{"name":"wp","href":"https:\/\/api.w.org\/{rel}","templated":true}]}}