{"id":1650,"date":"2024-05-07T20:10:56","date_gmt":"2024-05-07T17:10:56","guid":{"rendered":"https:\/\/haberkuzey.com\/index.php\/2024\/05\/07\/turkiye-ile-kuveyt-arasinda-6-anlasma-imzalandi\/"},"modified":"2024-05-07T20:10:56","modified_gmt":"2024-05-07T17:10:56","slug":"turkiye-ile-kuveyt-arasinda-6-anlasma-imzalandi","status":"publish","type":"post","link":"https:\/\/haberkuzey.com\/index.php\/2024\/05\/07\/turkiye-ile-kuveyt-arasinda-6-anlasma-imzalandi\/","title":{"rendered":"T\u00fcrkiye ile Kuveyt aras\u0131nda 6 anla\u015fma imzaland\u0131"},"content":{"rendered":"<div>\n<div class=\"mariselle-image-container center\">\n                                            <\/div>\n<p>T\u00fcrkiye Cumhuriyeti Cumhurba\u015fkan\u0131 Recep Tayyip Erdo\u011fan ve Kuveyt Emiri Me\u015fal el-Ahmed el-Cabir es-Sabah\u2019\u0131n huzurunda iki \u00fclke aras\u0131nda 6 anla\u015fma imzaland\u0131.<\/p>\n<p>Cumhurba\u015fkanl\u0131\u011f\u0131 K\u00fclliyesi\u2019nde ba\u015f ba\u015fa ve heyetler aras\u0131 g\u00f6r\u00fc\u015fmelerin ard\u0131ndan iki \u00fclke aras\u0131nda \u00e7e\u015fitli anla\u015fmalar\u0131n imza t\u00f6renine ge\u00e7ildi.<\/p>\n<p>Erdo\u011fan ve es-Sabah\u2019\u0131n huzurunda iki \u00fclke aras\u0131nda 6 anla\u015fma imzaland\u0131.<\/p>\n<p>\u0130mza alt\u0131na al\u0131nan anla\u015fmalar \u015f\u00f6yle:<\/p>\n<p>\u2013 \u201cT\u00fcrkiye Cumhuriyeti Cumhurba\u015fkanl\u0131\u011f\u0131 Yat\u0131r\u0131m Ofisi ve Kuveyt Yat\u0131r\u0131m Kurumu Aras\u0131nda Yat\u0131r\u0131m Tan\u0131t\u0131m Faaliyetlerinde \u0130\u015fbirli\u011fi Konusunda Mutabakat Zapt\u0131\u201d<\/p>\n<p>\u2013 \u201cTicaret Bakanl\u0131\u011f\u0131 Serbest B\u00f6lgeler Genel M\u00fcd\u00fcrl\u00fc\u011f\u00fc Taraf\u0131ndan Temsil Edilen T\u00fcrkiye Cumhuriyeti H\u00fck\u00fcmeti ile Kuveyt Do\u011frudan Yat\u0131r\u0131m Te\u015fvik Otoritesi Taraf\u0131ndan Temsil Edilen Kuveyt Devleti H\u00fck\u00fcmeti Aras\u0131nda Serbest B\u00f6lgeler Alan\u0131nda \u0130\u015fbirli\u011fine \u0130li\u015fkin Mutabakat Zapt\u0131\u201d<\/p>\n<p>\u2013 \u201cT\u00fcrkiye Cumhuriyeti \u00c7evre, \u015eehircilik ve \u0130klim De\u011fi\u015fikli\u011fi Bakanl\u0131\u011f\u0131 ile Kuveyt Devleti Konut \u0130\u015flerinden Sorumlu Devlet Bakanl\u0131\u011f\u0131 Aras\u0131nda Konut Refah\u0131 ve Altyap\u0131s\u0131 Alan\u0131nda Mutabakat Zapt\u0131\u201d<\/p>\n<p>\u2013 \u201cT\u00fcrkiye Cumhuriyeti \u0130\u00e7i\u015fleri Bakanl\u0131\u011f\u0131 Afet ve Acil Durum Y\u00f6netimi Ba\u015fkanl\u0131\u011f\u0131 ile Kuveyt Devleti \u0130\u00e7i\u015fleri Bakanl\u0131\u011f\u0131 Sivil Savunma Genel M\u00fcd\u00fcrl\u00fc\u011f\u00fc Aras\u0131nda Afet Ve Acil Durum Y\u00f6netimi Alan\u0131nda Mutabakat Zapt\u0131\u201d<\/p>\n<p>\u2013 \u201cT\u00fcrkiye Cumhuriyeti Cumhurba\u015fkanl\u0131\u011f\u0131 Savunma Sanayii Ba\u015fkanl\u0131\u011f\u0131 taraf\u0131ndan temsil edilen T\u00fcrkiye Cumhuriyeti H\u00fck\u00fcmeti ile Kuveyt Devleti Savunma Bakanl\u0131\u011f\u0131 (KSB) Taraf\u0131ndan Temsil Edilen Kuveyt Devleti H\u00fck\u00fcmeti Aras\u0131nda Devletten Devlete Savunma Sanayii Tedarik S\u00f6zle\u015fmelerine \u0130li\u015fkin Uygulama Protokol\u00fc\u201d<\/p>\n<p>\u2013 \u201cT\u00fcrkiye Cumhuriyeti D\u0131\u015fi\u015fleri Bakanl\u0131\u011f\u0131 ve Kuveyt Devleti D\u0131\u015fi\u015fleri Bakanl\u0131\u011f\u0131 Aras\u0131nda Ortak Stratejik Diyalog Kurulmas\u0131na Dair Mutabakat Zapt\u0131\u201d<\/p>\n<\/p><\/div>\n<p><script async\n                    defer\n                    crossorigin=\"anonymous\"\n                    src=\"https:\/\/connect.facebook.net\/tr_TR\/sdk.js#xfbml=1&#038;version=v3.3\"\n            ><\/script><\/p>\n","protected":false},"excerpt":{"rendered":"<p>T\u00fcrkiye Cumhuriyeti Cumhurba\u015fkan\u0131 Recep Tayyip Erdo\u011fan ve Kuveyt Emiri Me\u015fal el-Ahmed el-Cabir es-Sabah\u2019\u0131n huzurunda iki \u00fclke aras\u0131nda 6 anla\u015fma imzaland\u0131. Cumhurba\u015fkanl\u0131\u011f\u0131 K\u00fclliyesi\u2019nde ba\u015f ba\u015fa ve heyetler aras\u0131 g\u00f6r\u00fc\u015fmelerin ard\u0131ndan iki \u00fclke aras\u0131nda \u00e7e\u015fitli anla\u015fmalar\u0131n imza t\u00f6renine ge\u00e7ildi. Erdo\u011fan ve es-Sabah\u2019\u0131n huzurunda iki \u00fclke aras\u0131nda 6 anla\u015fma imzaland\u0131. \u0130mza alt\u0131na al\u0131nan anla\u015fmalar \u015f\u00f6yle: \u2013 \u201cT\u00fcrkiye Cumhuriyeti [&hellip;]<\/p>\n","protected":false},"author":1,"featured_media":1651,"comment_status":"open","ping_status":"open","sticky":false,"template":"","format":"standard","meta":{"jnews-multi-image_gallery":[],"jnews_single_post":[],"jnews_primary_category":[],"footnotes":""},"categories":[2],"tags":[],"class_list":["post-1650","post","type-post","status-publish","format-standard","has-post-thumbnail","hentry","category-dunya"],"yoast_head":"<!-- This site is optimized with the Yoast SEO plugin v27.5 - https:\/\/yoast.com\/product\/yoast-seo-wordpress\/ -->\n<title>T\u00fcrkiye ile Kuveyt aras\u0131nda 6 anla\u015fma imzaland\u0131 - Haber Kuzey<\/title>\n<meta name=\"robots\" content=\"index, follow, max-snippet:-1, max-image-preview:large, max-video-preview:-1\" \/>\n<link rel=\"canonical\" href=\"https:\/\/haberkuzey.com\/index.php\/2024\/05\/07\/turkiye-ile-kuveyt-arasinda-6-anlasma-imzalandi\/\" \/>\n<meta property=\"og:locale\" content=\"tr_TR\" \/>\n<meta property=\"og:type\" content=\"article\" \/>\n<meta property=\"og:title\" content=\"T\u00fcrkiye ile Kuveyt aras\u0131nda 6 anla\u015fma imzaland\u0131 - Haber Kuzey\" \/>\n<meta property=\"og:description\" content=\"T\u00fcrkiye Cumhuriyeti Cumhurba\u015fkan\u0131 Recep Tayyip Erdo\u011fan ve Kuveyt Emiri Me\u015fal el-Ahmed el-Cabir es-Sabah\u2019\u0131n huzurunda iki \u00fclke aras\u0131nda 6 anla\u015fma imzaland\u0131. Cumhurba\u015fkanl\u0131\u011f\u0131 K\u00fclliyesi\u2019nde ba\u015f ba\u015fa ve heyetler aras\u0131 g\u00f6r\u00fc\u015fmelerin ard\u0131ndan iki \u00fclke aras\u0131nda \u00e7e\u015fitli anla\u015fmalar\u0131n imza t\u00f6renine ge\u00e7ildi. Erdo\u011fan ve es-Sabah\u2019\u0131n huzurunda iki \u00fclke aras\u0131nda 6 anla\u015fma imzaland\u0131. \u0130mza alt\u0131na al\u0131nan anla\u015fmalar \u015f\u00f6yle: \u2013 \u201cT\u00fcrkiye Cumhuriyeti [&hellip;]\" \/>\n<meta property=\"og:url\" content=\"https:\/\/haberkuzey.com\/index.php\/2024\/05\/07\/turkiye-ile-kuveyt-arasinda-6-anlasma-imzalandi\/\" \/>\n<meta property=\"og:site_name\" content=\"Haber Kuzey\" \/>\n<meta property=\"article:published_time\" content=\"2024-05-07T17:10:56+00:00\" \/>\n<meta property=\"og:image\" content=\"https:\/\/brtk.net\/wp-content\/uploads\/2024\/05\/07\/erdogan-kasrilama-2.jpg?ver=7fcf16a3182aa39167ddcee367563b01\" \/>\n<meta name=\"author\" content=\"haberkuzey\" \/>\n<meta name=\"twitter:card\" content=\"summary_large_image\" \/>\n<meta name=\"twitter:label1\" content=\"Yazan:\" \/>\n\t<meta name=\"twitter:data1\" content=\"haberkuzey\" \/>\n\t<meta name=\"twitter:label2\" content=\"Tahmini okuma s\u00fcresi\" \/>\n\t<meta name=\"twitter:data2\" content=\"1 dakika\" \/>\n<script type=\"application\/ld+json\" class=\"yoast-schema-graph\">{\"@context\":\"https:\\\/\\\/schema.org\",\"@graph\":[{\"@type\":\"Article\",\"@id\":\"https:\\\/\\\/haberkuzey.com\\\/index.php\\\/2024\\\/05\\\/07\\\/turkiye-ile-kuveyt-arasinda-6-anlasma-imzalandi\\\/#article\",\"isPartOf\":{\"@id\":\"https:\\\/\\\/haberkuzey.com\\\/index.php\\\/2024\\\/05\\\/07\\\/turkiye-ile-kuveyt-arasinda-6-anlasma-imzalandi\\\/\"},\"author\":{\"name\":\"haberkuzey\",\"@id\":\"https:\\\/\\\/haberkuzey.com\\\/#\\\/schema\\\/person\\\/3372109ec735f9333f4fa47ebb9605ca\"},\"headline\":\"T\u00fcrkiye ile Kuveyt aras\u0131nda 6 anla\u015fma imzaland\u0131\",\"datePublished\":\"2024-05-07T17:10:56+00:00\",\"mainEntityOfPage\":{\"@id\":\"https:\\\/\\\/haberkuzey.com\\\/index.php\\\/2024\\\/05\\\/07\\\/turkiye-ile-kuveyt-arasinda-6-anlasma-imzalandi\\\/\"},\"wordCount\":307,\"commentCount\":0,\"image\":{\"@id\":\"https:\\\/\\\/haberkuzey.com\\\/index.php\\\/2024\\\/05\\\/07\\\/turkiye-ile-kuveyt-arasinda-6-anlasma-imzalandi\\\/#primaryimage\"},\"thumbnailUrl\":\"https:\\\/\\\/haberkuzey.com\\\/wp-content\\\/uploads\\\/2024\\\/05\\\/erdogan-kasrilama-2.jpg\",\"articleSection\":[\"D\u00fcnya\"],\"inLanguage\":\"tr\",\"potentialAction\":[{\"@type\":\"CommentAction\",\"name\":\"Comment\",\"target\":[\"https:\\\/\\\/haberkuzey.com\\\/index.php\\\/2024\\\/05\\\/07\\\/turkiye-ile-kuveyt-arasinda-6-anlasma-imzalandi\\\/#respond\"]}]},{\"@type\":\"WebPage\",\"@id\":\"https:\\\/\\\/haberkuzey.com\\\/index.php\\\/2024\\\/05\\\/07\\\/turkiye-ile-kuveyt-arasinda-6-anlasma-imzalandi\\\/\",\"url\":\"https:\\\/\\\/haberkuzey.com\\\/index.php\\\/2024\\\/05\\\/07\\\/turkiye-ile-kuveyt-arasinda-6-anlasma-imzalandi\\\/\",\"name\":\"T\u00fcrkiye ile Kuveyt aras\u0131nda 6 anla\u015fma imzaland\u0131 - Haber Kuzey\",\"isPartOf\":{\"@id\":\"https:\\\/\\\/haberkuzey.com\\\/#website\"},\"primaryImageOfPage\":{\"@id\":\"https:\\\/\\\/haberkuzey.com\\\/index.php\\\/2024\\\/05\\\/07\\\/turkiye-ile-kuveyt-arasinda-6-anlasma-imzalandi\\\/#primaryimage\"},\"image\":{\"@id\":\"https:\\\/\\\/haberkuzey.com\\\/index.php\\\/2024\\\/05\\\/07\\\/turkiye-ile-kuveyt-arasinda-6-anlasma-imzalandi\\\/#primaryimage\"},\"thumbnailUrl\":\"https:\\\/\\\/haberkuzey.com\\\/wp-content\\\/uploads\\\/2024\\\/05\\\/erdogan-kasrilama-2.jpg\",\"datePublished\":\"2024-05-07T17:10:56+00:00\",\"author\":{\"@id\":\"https:\\\/\\\/haberkuzey.com\\\/#\\\/schema\\\/person\\\/3372109ec735f9333f4fa47ebb9605ca\"},\"breadcrumb\":{\"@id\":\"https:\\\/\\\/haberkuzey.com\\\/index.php\\\/2024\\\/05\\\/07\\\/turkiye-ile-kuveyt-arasinda-6-anlasma-imzalandi\\\/#breadcrumb\"},\"inLanguage\":\"tr\",\"potentialAction\":[{\"@type\":\"ReadAction\",\"target\":[\"https:\\\/\\\/haberkuzey.com\\\/index.php\\\/2024\\\/05\\\/07\\\/turkiye-ile-kuveyt-arasinda-6-anlasma-imzalandi\\\/\"]}]},{\"@type\":\"ImageObject\",\"inLanguage\":\"tr\",\"@id\":\"https:\\\/\\\/haberkuzey.com\\\/index.php\\\/2024\\\/05\\\/07\\\/turkiye-ile-kuveyt-arasinda-6-anlasma-imzalandi\\\/#primaryimage\",\"url\":\"https:\\\/\\\/haberkuzey.com\\\/wp-content\\\/uploads\\\/2024\\\/05\\\/erdogan-kasrilama-2.jpg\",\"contentUrl\":\"https:\\\/\\\/haberkuzey.com\\\/wp-content\\\/uploads\\\/2024\\\/05\\\/erdogan-kasrilama-2.jpg\",\"width\":750,\"height\":570},{\"@type\":\"BreadcrumbList\",\"@id\":\"https:\\\/\\\/haberkuzey.com\\\/index.php\\\/2024\\\/05\\\/07\\\/turkiye-ile-kuveyt-arasinda-6-anlasma-imzalandi\\\/#breadcrumb\",\"itemListElement\":[{\"@type\":\"ListItem\",\"position\":1,\"name\":\"Anasayfa\",\"item\":\"https:\\\/\\\/haberkuzey.com\\\/\"},{\"@type\":\"ListItem\",\"position\":2,\"name\":\"T\u00fcrkiye ile Kuveyt aras\u0131nda 6 anla\u015fma imzaland\u0131\"}]},{\"@type\":\"WebSite\",\"@id\":\"https:\\\/\\\/haberkuzey.com\\\/#website\",\"url\":\"https:\\\/\\\/haberkuzey.com\\\/\",\"name\":\"Haber Kuzey\",\"description\":\"Do\u011fru Haberin Adresi\",\"potentialAction\":[{\"@type\":\"SearchAction\",\"target\":{\"@type\":\"EntryPoint\",\"urlTemplate\":\"https:\\\/\\\/haberkuzey.com\\\/?s={search_term_string}\"},\"query-input\":{\"@type\":\"PropertyValueSpecification\",\"valueRequired\":true,\"valueName\":\"search_term_string\"}}],\"inLanguage\":\"tr\"},{\"@type\":\"Person\",\"@id\":\"https:\\\/\\\/haberkuzey.com\\\/#\\\/schema\\\/person\\\/3372109ec735f9333f4fa47ebb9605ca\",\"name\":\"haberkuzey\",\"image\":{\"@type\":\"ImageObject\",\"inLanguage\":\"tr\",\"@id\":\"https:\\\/\\\/secure.gravatar.com\\\/avatar\\\/f5fc875574b1575324358c3b9e6a32b8227aa5b74f3fa22e3cadb63e26fcc39c?s=96&d=mm&r=g\",\"url\":\"https:\\\/\\\/secure.gravatar.com\\\/avatar\\\/f5fc875574b1575324358c3b9e6a32b8227aa5b74f3fa22e3cadb63e26fcc39c?s=96&d=mm&r=g\",\"contentUrl\":\"https:\\\/\\\/secure.gravatar.com\\\/avatar\\\/f5fc875574b1575324358c3b9e6a32b8227aa5b74f3fa22e3cadb63e26fcc39c?s=96&d=mm&r=g\",\"caption\":\"haberkuzey\"},\"sameAs\":[\"https:\\\/\\\/haberkuzey.com\"],\"url\":\"https:\\\/\\\/haberkuzey.com\\\/index.php\\\/author\\\/haberkuzey\\\/\"}]}<\/script>\n<!-- \/ Yoast SEO plugin. -->","yoast_head_json":{"title":"T\u00fcrkiye ile Kuveyt aras\u0131nda 6 anla\u015fma imzaland\u0131 - Haber Kuzey","robots":{"index":"index","follow":"follow","max-snippet":"max-snippet:-1","max-image-preview":"max-image-preview:large","max-video-preview":"max-video-preview:-1"},"canonical":"https:\/\/haberkuzey.com\/index.php\/2024\/05\/07\/turkiye-ile-kuveyt-arasinda-6-anlasma-imzalandi\/","og_locale":"tr_TR","og_type":"article","og_title":"T\u00fcrkiye ile Kuveyt aras\u0131nda 6 anla\u015fma imzaland\u0131 - Haber Kuzey","og_description":"T\u00fcrkiye Cumhuriyeti Cumhurba\u015fkan\u0131 Recep Tayyip Erdo\u011fan ve Kuveyt Emiri Me\u015fal el-Ahmed el-Cabir es-Sabah\u2019\u0131n huzurunda iki \u00fclke aras\u0131nda 6 anla\u015fma imzaland\u0131. Cumhurba\u015fkanl\u0131\u011f\u0131 K\u00fclliyesi\u2019nde ba\u015f ba\u015fa ve heyetler aras\u0131 g\u00f6r\u00fc\u015fmelerin ard\u0131ndan iki \u00fclke aras\u0131nda \u00e7e\u015fitli anla\u015fmalar\u0131n imza t\u00f6renine ge\u00e7ildi. Erdo\u011fan ve es-Sabah\u2019\u0131n huzurunda iki \u00fclke aras\u0131nda 6 anla\u015fma imzaland\u0131. \u0130mza alt\u0131na al\u0131nan anla\u015fmalar \u015f\u00f6yle: \u2013 \u201cT\u00fcrkiye Cumhuriyeti [&hellip;]","og_url":"https:\/\/haberkuzey.com\/index.php\/2024\/05\/07\/turkiye-ile-kuveyt-arasinda-6-anlasma-imzalandi\/","og_site_name":"Haber Kuzey","article_published_time":"2024-05-07T17:10:56+00:00","og_image":[{"url":"https:\/\/brtk.net\/wp-content\/uploads\/2024\/05\/07\/erdogan-kasrilama-2.jpg?ver=7fcf16a3182aa39167ddcee367563b01","type":"","width":"","height":""}],"author":"haberkuzey","twitter_card":"summary_large_image","twitter_misc":{"Yazan:":"haberkuzey","Tahmini okuma s\u00fcresi":"1 dakika"},"schema":{"@context":"https:\/\/schema.org","@graph":[{"@type":"Article","@id":"https:\/\/haberkuzey.com\/index.php\/2024\/05\/07\/turkiye-ile-kuveyt-arasinda-6-anlasma-imzalandi\/#article","isPartOf":{"@id":"https:\/\/haberkuzey.com\/index.php\/2024\/05\/07\/turkiye-ile-kuveyt-arasinda-6-anlasma-imzalandi\/"},"author":{"name":"haberkuzey","@id":"https:\/\/haberkuzey.com\/#\/schema\/person\/3372109ec735f9333f4fa47ebb9605ca"},"headline":"T\u00fcrkiye ile Kuveyt aras\u0131nda 6 anla\u015fma imzaland\u0131","datePublished":"2024-05-07T17:10:56+00:00","mainEntityOfPage":{"@id":"https:\/\/haberkuzey.com\/index.php\/2024\/05\/07\/turkiye-ile-kuveyt-arasinda-6-anlasma-imzalandi\/"},"wordCount":307,"commentCount":0,"image":{"@id":"https:\/\/haberkuzey.com\/index.php\/2024\/05\/07\/turkiye-ile-kuveyt-arasinda-6-anlasma-imzalandi\/#primaryimage"},"thumbnailUrl":"https:\/\/haberkuzey.com\/wp-content\/uploads\/2024\/05\/erdogan-kasrilama-2.jpg","articleSection":["D\u00fcnya"],"inLanguage":"tr","potentialAction":[{"@type":"CommentAction","name":"Comment","target":["https:\/\/haberkuzey.com\/index.php\/2024\/05\/07\/turkiye-ile-kuveyt-arasinda-6-anlasma-imzalandi\/#respond"]}]},{"@type":"WebPage","@id":"https:\/\/haberkuzey.com\/index.php\/2024\/05\/07\/turkiye-ile-kuveyt-arasinda-6-anlasma-imzalandi\/","url":"https:\/\/haberkuzey.com\/index.php\/2024\/05\/07\/turkiye-ile-kuveyt-arasinda-6-anlasma-imzalandi\/","name":"T\u00fcrkiye ile Kuveyt aras\u0131nda 6 anla\u015fma imzaland\u0131 - Haber Kuzey","isPartOf":{"@id":"https:\/\/haberkuzey.com\/#website"},"primaryImageOfPage":{"@id":"https:\/\/haberkuzey.com\/index.php\/2024\/05\/07\/turkiye-ile-kuveyt-arasinda-6-anlasma-imzalandi\/#primaryimage"},"image":{"@id":"https:\/\/haberkuzey.com\/index.php\/2024\/05\/07\/turkiye-ile-kuveyt-arasinda-6-anlasma-imzalandi\/#primaryimage"},"thumbnailUrl":"https:\/\/haberkuzey.com\/wp-content\/uploads\/2024\/05\/erdogan-kasrilama-2.jpg","datePublished":"2024-05-07T17:10:56+00:00","author":{"@id":"https:\/\/haberkuzey.com\/#\/schema\/person\/3372109ec735f9333f4fa47ebb9605ca"},"breadcrumb":{"@id":"https:\/\/haberkuzey.com\/index.php\/2024\/05\/07\/turkiye-ile-kuveyt-arasinda-6-anlasma-imzalandi\/#breadcrumb"},"inLanguage":"tr","potentialAction":[{"@type":"ReadAction","target":["https:\/\/haberkuzey.com\/index.php\/2024\/05\/07\/turkiye-ile-kuveyt-arasinda-6-anlasma-imzalandi\/"]}]},{"@type":"ImageObject","inLanguage":"tr","@id":"https:\/\/haberkuzey.com\/index.php\/2024\/05\/07\/turkiye-ile-kuveyt-arasinda-6-anlasma-imzalandi\/#primaryimage","url":"https:\/\/haberkuzey.com\/wp-content\/uploads\/2024\/05\/erdogan-kasrilama-2.jpg","contentUrl":"https:\/\/haberkuzey.com\/wp-content\/uploads\/2024\/05\/erdogan-kasrilama-2.jpg","width":750,"height":570},{"@type":"BreadcrumbList","@id":"https:\/\/haberkuzey.com\/index.php\/2024\/05\/07\/turkiye-ile-kuveyt-arasinda-6-anlasma-imzalandi\/#breadcrumb","itemListElement":[{"@type":"ListItem","position":1,"name":"Anasayfa","item":"https:\/\/haberkuzey.com\/"},{"@type":"ListItem","position":2,"name":"T\u00fcrkiye ile Kuveyt aras\u0131nda 6 anla\u015fma imzaland\u0131"}]},{"@type":"WebSite","@id":"https:\/\/haberkuzey.com\/#website","url":"https:\/\/haberkuzey.com\/","name":"Haber Kuzey","description":"Do\u011fru Haberin Adresi","potentialAction":[{"@type":"SearchAction","target":{"@type":"EntryPoint","urlTemplate":"https:\/\/haberkuzey.com\/?s={search_term_string}"},"query-input":{"@type":"PropertyValueSpecification","valueRequired":true,"valueName":"search_term_string"}}],"inLanguage":"tr"},{"@type":"Person","@id":"https:\/\/haberkuzey.com\/#\/schema\/person\/3372109ec735f9333f4fa47ebb9605ca","name":"haberkuzey","image":{"@type":"ImageObject","inLanguage":"tr","@id":"https:\/\/secure.gravatar.com\/avatar\/f5fc875574b1575324358c3b9e6a32b8227aa5b74f3fa22e3cadb63e26fcc39c?s=96&d=mm&r=g","url":"https:\/\/secure.gravatar.com\/avatar\/f5fc875574b1575324358c3b9e6a32b8227aa5b74f3fa22e3cadb63e26fcc39c?s=96&d=mm&r=g","contentUrl":"https:\/\/secure.gravatar.com\/avatar\/f5fc875574b1575324358c3b9e6a32b8227aa5b74f3fa22e3cadb63e26fcc39c?s=96&d=mm&r=g","caption":"haberkuzey"},"sameAs":["https:\/\/haberkuzey.com"],"url":"https:\/\/haberkuzey.com\/index.php\/author\/haberkuzey\/"}]}},"_links":{"self":[{"href":"https:\/\/haberkuzey.com\/index.php\/wp-json\/wp\/v2\/posts\/1650","targetHints":{"allow":["GET"]}}],"collection":[{"href":"https:\/\/haberkuzey.com\/index.php\/wp-json\/wp\/v2\/posts"}],"about":[{"href":"https:\/\/haberkuzey.com\/index.php\/wp-json\/wp\/v2\/types\/post"}],"author":[{"embeddable":true,"href":"https:\/\/haberkuzey.com\/index.php\/wp-json\/wp\/v2\/users\/1"}],"replies":[{"embeddable":true,"href":"https:\/\/haberkuzey.com\/index.php\/wp-json\/wp\/v2\/comments?post=1650"}],"version-history":[{"count":0,"href":"https:\/\/haberkuzey.com\/index.php\/wp-json\/wp\/v2\/posts\/1650\/revisions"}],"wp:featuredmedia":[{"embeddable":true,"href":"https:\/\/haberkuzey.com\/index.php\/wp-json\/wp\/v2\/media\/1651"}],"wp:attachment":[{"href":"https:\/\/haberkuzey.com\/index.php\/wp-json\/wp\/v2\/media?parent=1650"}],"wp:term":[{"taxonomy":"category","embeddable":true,"href":"https:\/\/haberkuzey.com\/index.php\/wp-json\/wp\/v2\/categories?post=1650"},{"taxonomy":"post_tag","embeddable":true,"href":"https:\/\/haberkuzey.com\/index.php\/wp-json\/wp\/v2\/tags?post=1650"}],"curies":[{"name":"wp","href":"https:\/\/api.w.org\/{rel}","templated":true}]}}