{"id":1632,"date":"2024-05-07T17:10:59","date_gmt":"2024-05-07T14:10:59","guid":{"rendered":"https:\/\/haberkuzey.com\/index.php\/2024\/05\/07\/urdun-israil-ateskes-muzakerelerine-firsat-vermek-yerine-refah-sinir-kapisini-isgal-etti\/"},"modified":"2024-05-07T17:10:59","modified_gmt":"2024-05-07T14:10:59","slug":"urdun-israil-ateskes-muzakerelerine-firsat-vermek-yerine-refah-sinir-kapisini-isgal-etti","status":"publish","type":"post","link":"https:\/\/haberkuzey.com\/index.php\/2024\/05\/07\/urdun-israil-ateskes-muzakerelerine-firsat-vermek-yerine-refah-sinir-kapisini-isgal-etti\/","title":{"rendered":"\u00dcrd\u00fcn: \u0130srail, ate\u015fkes m\u00fczakerelerine f\u0131rsat vermek yerine Refah S\u0131n\u0131r Kap\u0131s\u0131&#039;n\u0131 i\u015fgal etti"},"content":{"rendered":"<p><\/p>\n<div>\n<p>&#13;<br \/>\n\t<a href=\"https:\/\/www.trthaber.com\/etiket\/urdun\/\" target=\"_blank\" rel=\"noopener\">\u00dcrd\u00fcn<\/a> D\u0131\u015fi\u015fleri Bakan\u0131 Safedi, &#8220;\u0130srail h\u00fck\u00fcmeti, esirlerin serbest b\u0131rak\u0131lmas\u0131 ve ate\u015fkesle ilgili m\u00fczakerelere \u015fans vermek yerine Refah S\u0131n\u0131r Kap\u0131s\u0131&#8217;n\u0131 i\u015fgal etti ve a\u00e7l\u0131k \u00e7eken Gazzelilere insani yard\u0131ma kapatt\u0131. Refah&#8217;a sald\u0131r\u0131s\u0131 yeni bir <a href=\"https:\/\/www.trthaber.com\/etiket\/katliam\/\" target=\"_blank\" rel=\"noopener\">katliam<\/a> tehdidini ta\u015f\u0131yor.&#8221; dedi.<\/p>\n<p>&#13;<br \/>\n\t<a href=\"https:\/\/www.trthaber.com\/etiket\/birlesmis-milletler\/\" target=\"_blank\" rel=\"noopener\">Birle\u015fmi\u015f Milletler<\/a> G\u00fcvenlik Konseyini (BMGK) &#8220;kararl\u0131 \u015fekilde hemen harekete ge\u00e7meye&#8221; \u00e7a\u011f\u0131ran Safedi, <a href=\"https:\/\/www.trthaber.com\/etiket\/israil\/\" target=\"_blank\" rel=\"noopener\">\u0130srail<\/a> Ba\u015fbakan\u0131 Binyamin Netanyahu&#8217;nun &#8220;ger\u00e7ek sonu\u00e7larla y\u00fczle\u015fmesi gerekti\u011fine&#8221; dikkati \u00e7ekti.<\/p>\n<p>&#13;<br \/>\n\t<b2><strong>Hamas ate\u015fkes \u00f6nerisine onay vermi\u015fti<\/strong><\/b2><\/p>\n<p>&#13;<br \/>\n\t<a href=\"https:\/\/www.trthaber.com\/etiket\/hamas\/\" target=\"_blank\" rel=\"noopener\">Hamas<\/a> Hareketi Siyasi B\u00fcro Ba\u015fkan\u0131 \u0130smail Heniyye, <a href=\"https:\/\/www.trthaber.com\/etiket\/katar\/\" target=\"_blank\" rel=\"noopener\">Katar<\/a> ve M\u0131s\u0131r&#8217;a, <a href=\"https:\/\/www.trthaber.com\/etiket\/gazze\/\" target=\"_blank\" rel=\"noopener\">Gazze<\/a> \u015eeridi&#8217;nde ate\u015fkes anla\u015fmas\u0131na ili\u015fkin \u00f6nerilerini onaylad\u0131\u011f\u0131n\u0131 bildirmi\u015fti.<\/p>\n<p>&#13;<br \/>\n\tHamas&#8217;\u0131n Katar ve <a href=\"https:\/\/www.trthaber.com\/etiket\/misir\/\" target=\"_blank\" rel=\"noopener\">M\u0131s\u0131r<\/a> taraf\u0131ndan iletilen &#8220;ate\u015fkes \u00f6nerilerine&#8221; onay verdi\u011fini duyurmas\u0131n\u0131n ard\u0131ndan \u0130srail <a href=\"https:\/\/www.trthaber.com\/etiket\/savas\/\" target=\"_blank\" rel=\"noopener\">Sava\u015f<\/a> Kabinesi, Refah&#8217;ta sald\u0131r\u0131lara devam karar\u0131 alm\u0131\u015ft\u0131.<\/p>\n<p>&#13;<br \/>\n\t\u0130srail ordusu, 6 May\u0131s&#8217;ta yapt\u0131\u011f\u0131 a\u00e7\u0131klamada, zorla yerinden edilmi\u015f Filistinlilerin s\u0131\u011f\u0131nd\u0131\u011f\u0131 Refah&#8217;\u0131n do\u011fusundaki baz\u0131 mahallelerin bo\u015falt\u0131lmas\u0131n\u0131 istemi\u015f, bu sabah Gazze\u2019nin Refah b\u00f6lgesine kara sald\u0131r\u0131s\u0131 ba\u015flatarak M\u0131s\u0131r\u2019la olan s\u0131n\u0131r kap\u0131s\u0131n\u0131n Gazze taraf\u0131n\u0131 ele ge\u00e7irdi\u011fini duyurmu\u015ftu.<\/p>\n<p>&#13;<br \/>\n\t\u0130srail&#8217;in 7 Ekim&#8217;den bu yana Gazze \u015eeridi&#8217;ne d\u00fczenledi\u011fi sald\u0131r\u0131larda en az 14 bin 944\u2019\u00fc \u00e7ocuk, 9 bin 849&#8217;u kad\u0131n olmak \u00fczere 34 bin 789 Filistinli \u00f6ld\u00fcr\u00fcld\u00fc, 78 bin 204 ki\u015fi yaraland\u0131.<\/p>\n<p>&#13;<br \/>\n\tEnkaz alt\u0131nda hala binlerce \u00f6l\u00fc oldu\u011fu bildirilirken, halk\u0131n s\u0131\u011f\u0131nd\u0131\u011f\u0131 hastane ve <a href=\"https:\/\/www.trthaber.com\/etiket\/egitim\/\" target=\"_blank\" rel=\"noopener\">e\u011fitim<\/a> kurumlar\u0131 hedef al\u0131narak sivil altyap\u0131 da tahrip ediliyor.<\/p>\n<\/p><\/div>\n","protected":false},"excerpt":{"rendered":"<p>&#13; \u00dcrd\u00fcn D\u0131\u015fi\u015fleri Bakan\u0131 Safedi, &#8220;\u0130srail h\u00fck\u00fcmeti, esirlerin serbest b\u0131rak\u0131lmas\u0131 ve ate\u015fkesle ilgili m\u00fczakerelere \u015fans vermek yerine Refah S\u0131n\u0131r Kap\u0131s\u0131&#8217;n\u0131 i\u015fgal etti ve a\u00e7l\u0131k \u00e7eken Gazzelilere insani yard\u0131ma kapatt\u0131. Refah&#8217;a sald\u0131r\u0131s\u0131 yeni bir katliam tehdidini ta\u015f\u0131yor.&#8221; dedi. &#13; Birle\u015fmi\u015f Milletler G\u00fcvenlik Konseyini (BMGK) &#8220;kararl\u0131 \u015fekilde hemen harekete ge\u00e7meye&#8221; \u00e7a\u011f\u0131ran Safedi, \u0130srail Ba\u015fbakan\u0131 Binyamin Netanyahu&#8217;nun &#8220;ger\u00e7ek [&hellip;]<\/p>\n","protected":false},"author":1,"featured_media":1633,"comment_status":"open","ping_status":"open","sticky":false,"template":"","format":"standard","meta":{"jnews-multi-image_gallery":[],"jnews_single_post":[],"jnews_primary_category":[],"footnotes":""},"categories":[],"tags":[],"class_list":["post-1632","post","type-post","status-publish","format-standard","has-post-thumbnail","hentry"],"yoast_head":"<!-- This site is optimized with the Yoast SEO plugin v27.5 - https:\/\/yoast.com\/product\/yoast-seo-wordpress\/ -->\n<title>\u00dcrd\u00fcn: \u0130srail, ate\u015fkes m\u00fczakerelerine f\u0131rsat vermek yerine Refah S\u0131n\u0131r Kap\u0131s\u0131&#039;n\u0131 i\u015fgal etti - Haber Kuzey<\/title>\n<meta name=\"robots\" content=\"index, follow, max-snippet:-1, max-image-preview:large, max-video-preview:-1\" \/>\n<link rel=\"canonical\" href=\"https:\/\/haberkuzey.com\/index.php\/2024\/05\/07\/urdun-israil-ateskes-muzakerelerine-firsat-vermek-yerine-refah-sinir-kapisini-isgal-etti\/\" \/>\n<meta property=\"og:locale\" content=\"tr_TR\" \/>\n<meta property=\"og:type\" content=\"article\" \/>\n<meta property=\"og:title\" content=\"\u00dcrd\u00fcn: \u0130srail, ate\u015fkes m\u00fczakerelerine f\u0131rsat vermek yerine Refah S\u0131n\u0131r Kap\u0131s\u0131&#039;n\u0131 i\u015fgal etti - Haber Kuzey\" \/>\n<meta property=\"og:description\" content=\"&#013; \u00dcrd\u00fcn D\u0131\u015fi\u015fleri Bakan\u0131 Safedi, &#8220;\u0130srail h\u00fck\u00fcmeti, esirlerin serbest b\u0131rak\u0131lmas\u0131 ve ate\u015fkesle ilgili m\u00fczakerelere \u015fans vermek yerine Refah S\u0131n\u0131r Kap\u0131s\u0131&#8217;n\u0131 i\u015fgal etti ve a\u00e7l\u0131k \u00e7eken Gazzelilere insani yard\u0131ma kapatt\u0131. Refah&#8217;a sald\u0131r\u0131s\u0131 yeni bir katliam tehdidini ta\u015f\u0131yor.&#8221; dedi. &#013; Birle\u015fmi\u015f Milletler G\u00fcvenlik Konseyini (BMGK) &#8220;kararl\u0131 \u015fekilde hemen harekete ge\u00e7meye&#8221; \u00e7a\u011f\u0131ran Safedi, \u0130srail Ba\u015fbakan\u0131 Binyamin Netanyahu&#8217;nun &#8220;ger\u00e7ek [&hellip;]\" \/>\n<meta property=\"og:url\" content=\"https:\/\/haberkuzey.com\/index.php\/2024\/05\/07\/urdun-israil-ateskes-muzakerelerine-firsat-vermek-yerine-refah-sinir-kapisini-isgal-etti\/\" \/>\n<meta property=\"og:site_name\" content=\"Haber Kuzey\" \/>\n<meta property=\"article:published_time\" content=\"2024-05-07T14:10:59+00:00\" \/>\n<meta property=\"og:image\" content=\"https:\/\/trthaberstatic.cdn.wp.trt.com.tr\/resimler\/1534000\/urdun-bayragi-getty-1534355.jpg\" \/>\n<meta name=\"author\" content=\"haberkuzey\" \/>\n<meta name=\"twitter:card\" content=\"summary_large_image\" \/>\n<meta name=\"twitter:label1\" content=\"Yazan:\" \/>\n\t<meta name=\"twitter:data1\" content=\"haberkuzey\" \/>\n\t<meta name=\"twitter:label2\" content=\"Tahmini okuma s\u00fcresi\" \/>\n\t<meta name=\"twitter:data2\" content=\"1 dakika\" \/>\n<script type=\"application\/ld+json\" class=\"yoast-schema-graph\">{\"@context\":\"https:\\\/\\\/schema.org\",\"@graph\":[{\"@type\":\"Article\",\"@id\":\"https:\\\/\\\/haberkuzey.com\\\/index.php\\\/2024\\\/05\\\/07\\\/urdun-israil-ateskes-muzakerelerine-firsat-vermek-yerine-refah-sinir-kapisini-isgal-etti\\\/#article\",\"isPartOf\":{\"@id\":\"https:\\\/\\\/haberkuzey.com\\\/index.php\\\/2024\\\/05\\\/07\\\/urdun-israil-ateskes-muzakerelerine-firsat-vermek-yerine-refah-sinir-kapisini-isgal-etti\\\/\"},\"author\":{\"name\":\"haberkuzey\",\"@id\":\"https:\\\/\\\/haberkuzey.com\\\/#\\\/schema\\\/person\\\/3372109ec735f9333f4fa47ebb9605ca\"},\"headline\":\"\u00dcrd\u00fcn: \u0130srail, ate\u015fkes m\u00fczakerelerine f\u0131rsat vermek yerine Refah S\u0131n\u0131r Kap\u0131s\u0131&#039;n\u0131 i\u015fgal etti\",\"datePublished\":\"2024-05-07T14:10:59+00:00\",\"mainEntityOfPage\":{\"@id\":\"https:\\\/\\\/haberkuzey.com\\\/index.php\\\/2024\\\/05\\\/07\\\/urdun-israil-ateskes-muzakerelerine-firsat-vermek-yerine-refah-sinir-kapisini-isgal-etti\\\/\"},\"wordCount\":300,\"commentCount\":0,\"image\":{\"@id\":\"https:\\\/\\\/haberkuzey.com\\\/index.php\\\/2024\\\/05\\\/07\\\/urdun-israil-ateskes-muzakerelerine-firsat-vermek-yerine-refah-sinir-kapisini-isgal-etti\\\/#primaryimage\"},\"thumbnailUrl\":\"https:\\\/\\\/haberkuzey.com\\\/wp-content\\\/uploads\\\/2024\\\/05\\\/urdun-bayragi-getty-1534355.jpg\",\"inLanguage\":\"tr\",\"potentialAction\":[{\"@type\":\"CommentAction\",\"name\":\"Comment\",\"target\":[\"https:\\\/\\\/haberkuzey.com\\\/index.php\\\/2024\\\/05\\\/07\\\/urdun-israil-ateskes-muzakerelerine-firsat-vermek-yerine-refah-sinir-kapisini-isgal-etti\\\/#respond\"]}]},{\"@type\":\"WebPage\",\"@id\":\"https:\\\/\\\/haberkuzey.com\\\/index.php\\\/2024\\\/05\\\/07\\\/urdun-israil-ateskes-muzakerelerine-firsat-vermek-yerine-refah-sinir-kapisini-isgal-etti\\\/\",\"url\":\"https:\\\/\\\/haberkuzey.com\\\/index.php\\\/2024\\\/05\\\/07\\\/urdun-israil-ateskes-muzakerelerine-firsat-vermek-yerine-refah-sinir-kapisini-isgal-etti\\\/\",\"name\":\"\u00dcrd\u00fcn: \u0130srail, ate\u015fkes m\u00fczakerelerine f\u0131rsat vermek yerine Refah S\u0131n\u0131r Kap\u0131s\u0131&#039;n\u0131 i\u015fgal etti - Haber Kuzey\",\"isPartOf\":{\"@id\":\"https:\\\/\\\/haberkuzey.com\\\/#website\"},\"primaryImageOfPage\":{\"@id\":\"https:\\\/\\\/haberkuzey.com\\\/index.php\\\/2024\\\/05\\\/07\\\/urdun-israil-ateskes-muzakerelerine-firsat-vermek-yerine-refah-sinir-kapisini-isgal-etti\\\/#primaryimage\"},\"image\":{\"@id\":\"https:\\\/\\\/haberkuzey.com\\\/index.php\\\/2024\\\/05\\\/07\\\/urdun-israil-ateskes-muzakerelerine-firsat-vermek-yerine-refah-sinir-kapisini-isgal-etti\\\/#primaryimage\"},\"thumbnailUrl\":\"https:\\\/\\\/haberkuzey.com\\\/wp-content\\\/uploads\\\/2024\\\/05\\\/urdun-bayragi-getty-1534355.jpg\",\"datePublished\":\"2024-05-07T14:10:59+00:00\",\"author\":{\"@id\":\"https:\\\/\\\/haberkuzey.com\\\/#\\\/schema\\\/person\\\/3372109ec735f9333f4fa47ebb9605ca\"},\"breadcrumb\":{\"@id\":\"https:\\\/\\\/haberkuzey.com\\\/index.php\\\/2024\\\/05\\\/07\\\/urdun-israil-ateskes-muzakerelerine-firsat-vermek-yerine-refah-sinir-kapisini-isgal-etti\\\/#breadcrumb\"},\"inLanguage\":\"tr\",\"potentialAction\":[{\"@type\":\"ReadAction\",\"target\":[\"https:\\\/\\\/haberkuzey.com\\\/index.php\\\/2024\\\/05\\\/07\\\/urdun-israil-ateskes-muzakerelerine-firsat-vermek-yerine-refah-sinir-kapisini-isgal-etti\\\/\"]}]},{\"@type\":\"ImageObject\",\"inLanguage\":\"tr\",\"@id\":\"https:\\\/\\\/haberkuzey.com\\\/index.php\\\/2024\\\/05\\\/07\\\/urdun-israil-ateskes-muzakerelerine-firsat-vermek-yerine-refah-sinir-kapisini-isgal-etti\\\/#primaryimage\",\"url\":\"https:\\\/\\\/haberkuzey.com\\\/wp-content\\\/uploads\\\/2024\\\/05\\\/urdun-bayragi-getty-1534355.jpg\",\"contentUrl\":\"https:\\\/\\\/haberkuzey.com\\\/wp-content\\\/uploads\\\/2024\\\/05\\\/urdun-bayragi-getty-1534355.jpg\",\"width\":1280,\"height\":720},{\"@type\":\"BreadcrumbList\",\"@id\":\"https:\\\/\\\/haberkuzey.com\\\/index.php\\\/2024\\\/05\\\/07\\\/urdun-israil-ateskes-muzakerelerine-firsat-vermek-yerine-refah-sinir-kapisini-isgal-etti\\\/#breadcrumb\",\"itemListElement\":[{\"@type\":\"ListItem\",\"position\":1,\"name\":\"Anasayfa\",\"item\":\"https:\\\/\\\/haberkuzey.com\\\/\"},{\"@type\":\"ListItem\",\"position\":2,\"name\":\"\u00dcrd\u00fcn: \u0130srail, ate\u015fkes m\u00fczakerelerine f\u0131rsat vermek yerine Refah S\u0131n\u0131r Kap\u0131s\u0131&#039;n\u0131 i\u015fgal etti\"}]},{\"@type\":\"WebSite\",\"@id\":\"https:\\\/\\\/haberkuzey.com\\\/#website\",\"url\":\"https:\\\/\\\/haberkuzey.com\\\/\",\"name\":\"Haber Kuzey\",\"description\":\"Do\u011fru Haberin Adresi\",\"potentialAction\":[{\"@type\":\"SearchAction\",\"target\":{\"@type\":\"EntryPoint\",\"urlTemplate\":\"https:\\\/\\\/haberkuzey.com\\\/?s={search_term_string}\"},\"query-input\":{\"@type\":\"PropertyValueSpecification\",\"valueRequired\":true,\"valueName\":\"search_term_string\"}}],\"inLanguage\":\"tr\"},{\"@type\":\"Person\",\"@id\":\"https:\\\/\\\/haberkuzey.com\\\/#\\\/schema\\\/person\\\/3372109ec735f9333f4fa47ebb9605ca\",\"name\":\"haberkuzey\",\"image\":{\"@type\":\"ImageObject\",\"inLanguage\":\"tr\",\"@id\":\"https:\\\/\\\/secure.gravatar.com\\\/avatar\\\/f5fc875574b1575324358c3b9e6a32b8227aa5b74f3fa22e3cadb63e26fcc39c?s=96&d=mm&r=g\",\"url\":\"https:\\\/\\\/secure.gravatar.com\\\/avatar\\\/f5fc875574b1575324358c3b9e6a32b8227aa5b74f3fa22e3cadb63e26fcc39c?s=96&d=mm&r=g\",\"contentUrl\":\"https:\\\/\\\/secure.gravatar.com\\\/avatar\\\/f5fc875574b1575324358c3b9e6a32b8227aa5b74f3fa22e3cadb63e26fcc39c?s=96&d=mm&r=g\",\"caption\":\"haberkuzey\"},\"sameAs\":[\"https:\\\/\\\/haberkuzey.com\"],\"url\":\"https:\\\/\\\/haberkuzey.com\\\/index.php\\\/author\\\/haberkuzey\\\/\"}]}<\/script>\n<!-- \/ Yoast SEO plugin. -->","yoast_head_json":{"title":"\u00dcrd\u00fcn: \u0130srail, ate\u015fkes m\u00fczakerelerine f\u0131rsat vermek yerine Refah S\u0131n\u0131r Kap\u0131s\u0131&#039;n\u0131 i\u015fgal etti - Haber Kuzey","robots":{"index":"index","follow":"follow","max-snippet":"max-snippet:-1","max-image-preview":"max-image-preview:large","max-video-preview":"max-video-preview:-1"},"canonical":"https:\/\/haberkuzey.com\/index.php\/2024\/05\/07\/urdun-israil-ateskes-muzakerelerine-firsat-vermek-yerine-refah-sinir-kapisini-isgal-etti\/","og_locale":"tr_TR","og_type":"article","og_title":"\u00dcrd\u00fcn: \u0130srail, ate\u015fkes m\u00fczakerelerine f\u0131rsat vermek yerine Refah S\u0131n\u0131r Kap\u0131s\u0131&#039;n\u0131 i\u015fgal etti - Haber Kuzey","og_description":"&#13; \u00dcrd\u00fcn D\u0131\u015fi\u015fleri Bakan\u0131 Safedi, &#8220;\u0130srail h\u00fck\u00fcmeti, esirlerin serbest b\u0131rak\u0131lmas\u0131 ve ate\u015fkesle ilgili m\u00fczakerelere \u015fans vermek yerine Refah S\u0131n\u0131r Kap\u0131s\u0131&#8217;n\u0131 i\u015fgal etti ve a\u00e7l\u0131k \u00e7eken Gazzelilere insani yard\u0131ma kapatt\u0131. Refah&#8217;a sald\u0131r\u0131s\u0131 yeni bir katliam tehdidini ta\u015f\u0131yor.&#8221; dedi. &#13; Birle\u015fmi\u015f Milletler G\u00fcvenlik Konseyini (BMGK) &#8220;kararl\u0131 \u015fekilde hemen harekete ge\u00e7meye&#8221; \u00e7a\u011f\u0131ran Safedi, \u0130srail Ba\u015fbakan\u0131 Binyamin Netanyahu&#8217;nun &#8220;ger\u00e7ek [&hellip;]","og_url":"https:\/\/haberkuzey.com\/index.php\/2024\/05\/07\/urdun-israil-ateskes-muzakerelerine-firsat-vermek-yerine-refah-sinir-kapisini-isgal-etti\/","og_site_name":"Haber Kuzey","article_published_time":"2024-05-07T14:10:59+00:00","og_image":[{"url":"https:\/\/trthaberstatic.cdn.wp.trt.com.tr\/resimler\/1534000\/urdun-bayragi-getty-1534355.jpg","type":"","width":"","height":""}],"author":"haberkuzey","twitter_card":"summary_large_image","twitter_misc":{"Yazan:":"haberkuzey","Tahmini okuma s\u00fcresi":"1 dakika"},"schema":{"@context":"https:\/\/schema.org","@graph":[{"@type":"Article","@id":"https:\/\/haberkuzey.com\/index.php\/2024\/05\/07\/urdun-israil-ateskes-muzakerelerine-firsat-vermek-yerine-refah-sinir-kapisini-isgal-etti\/#article","isPartOf":{"@id":"https:\/\/haberkuzey.com\/index.php\/2024\/05\/07\/urdun-israil-ateskes-muzakerelerine-firsat-vermek-yerine-refah-sinir-kapisini-isgal-etti\/"},"author":{"name":"haberkuzey","@id":"https:\/\/haberkuzey.com\/#\/schema\/person\/3372109ec735f9333f4fa47ebb9605ca"},"headline":"\u00dcrd\u00fcn: \u0130srail, ate\u015fkes m\u00fczakerelerine f\u0131rsat vermek yerine Refah S\u0131n\u0131r Kap\u0131s\u0131&#039;n\u0131 i\u015fgal etti","datePublished":"2024-05-07T14:10:59+00:00","mainEntityOfPage":{"@id":"https:\/\/haberkuzey.com\/index.php\/2024\/05\/07\/urdun-israil-ateskes-muzakerelerine-firsat-vermek-yerine-refah-sinir-kapisini-isgal-etti\/"},"wordCount":300,"commentCount":0,"image":{"@id":"https:\/\/haberkuzey.com\/index.php\/2024\/05\/07\/urdun-israil-ateskes-muzakerelerine-firsat-vermek-yerine-refah-sinir-kapisini-isgal-etti\/#primaryimage"},"thumbnailUrl":"https:\/\/haberkuzey.com\/wp-content\/uploads\/2024\/05\/urdun-bayragi-getty-1534355.jpg","inLanguage":"tr","potentialAction":[{"@type":"CommentAction","name":"Comment","target":["https:\/\/haberkuzey.com\/index.php\/2024\/05\/07\/urdun-israil-ateskes-muzakerelerine-firsat-vermek-yerine-refah-sinir-kapisini-isgal-etti\/#respond"]}]},{"@type":"WebPage","@id":"https:\/\/haberkuzey.com\/index.php\/2024\/05\/07\/urdun-israil-ateskes-muzakerelerine-firsat-vermek-yerine-refah-sinir-kapisini-isgal-etti\/","url":"https:\/\/haberkuzey.com\/index.php\/2024\/05\/07\/urdun-israil-ateskes-muzakerelerine-firsat-vermek-yerine-refah-sinir-kapisini-isgal-etti\/","name":"\u00dcrd\u00fcn: \u0130srail, ate\u015fkes m\u00fczakerelerine f\u0131rsat vermek yerine Refah S\u0131n\u0131r Kap\u0131s\u0131&#039;n\u0131 i\u015fgal etti - Haber Kuzey","isPartOf":{"@id":"https:\/\/haberkuzey.com\/#website"},"primaryImageOfPage":{"@id":"https:\/\/haberkuzey.com\/index.php\/2024\/05\/07\/urdun-israil-ateskes-muzakerelerine-firsat-vermek-yerine-refah-sinir-kapisini-isgal-etti\/#primaryimage"},"image":{"@id":"https:\/\/haberkuzey.com\/index.php\/2024\/05\/07\/urdun-israil-ateskes-muzakerelerine-firsat-vermek-yerine-refah-sinir-kapisini-isgal-etti\/#primaryimage"},"thumbnailUrl":"https:\/\/haberkuzey.com\/wp-content\/uploads\/2024\/05\/urdun-bayragi-getty-1534355.jpg","datePublished":"2024-05-07T14:10:59+00:00","author":{"@id":"https:\/\/haberkuzey.com\/#\/schema\/person\/3372109ec735f9333f4fa47ebb9605ca"},"breadcrumb":{"@id":"https:\/\/haberkuzey.com\/index.php\/2024\/05\/07\/urdun-israil-ateskes-muzakerelerine-firsat-vermek-yerine-refah-sinir-kapisini-isgal-etti\/#breadcrumb"},"inLanguage":"tr","potentialAction":[{"@type":"ReadAction","target":["https:\/\/haberkuzey.com\/index.php\/2024\/05\/07\/urdun-israil-ateskes-muzakerelerine-firsat-vermek-yerine-refah-sinir-kapisini-isgal-etti\/"]}]},{"@type":"ImageObject","inLanguage":"tr","@id":"https:\/\/haberkuzey.com\/index.php\/2024\/05\/07\/urdun-israil-ateskes-muzakerelerine-firsat-vermek-yerine-refah-sinir-kapisini-isgal-etti\/#primaryimage","url":"https:\/\/haberkuzey.com\/wp-content\/uploads\/2024\/05\/urdun-bayragi-getty-1534355.jpg","contentUrl":"https:\/\/haberkuzey.com\/wp-content\/uploads\/2024\/05\/urdun-bayragi-getty-1534355.jpg","width":1280,"height":720},{"@type":"BreadcrumbList","@id":"https:\/\/haberkuzey.com\/index.php\/2024\/05\/07\/urdun-israil-ateskes-muzakerelerine-firsat-vermek-yerine-refah-sinir-kapisini-isgal-etti\/#breadcrumb","itemListElement":[{"@type":"ListItem","position":1,"name":"Anasayfa","item":"https:\/\/haberkuzey.com\/"},{"@type":"ListItem","position":2,"name":"\u00dcrd\u00fcn: \u0130srail, ate\u015fkes m\u00fczakerelerine f\u0131rsat vermek yerine Refah S\u0131n\u0131r Kap\u0131s\u0131&#039;n\u0131 i\u015fgal etti"}]},{"@type":"WebSite","@id":"https:\/\/haberkuzey.com\/#website","url":"https:\/\/haberkuzey.com\/","name":"Haber Kuzey","description":"Do\u011fru Haberin Adresi","potentialAction":[{"@type":"SearchAction","target":{"@type":"EntryPoint","urlTemplate":"https:\/\/haberkuzey.com\/?s={search_term_string}"},"query-input":{"@type":"PropertyValueSpecification","valueRequired":true,"valueName":"search_term_string"}}],"inLanguage":"tr"},{"@type":"Person","@id":"https:\/\/haberkuzey.com\/#\/schema\/person\/3372109ec735f9333f4fa47ebb9605ca","name":"haberkuzey","image":{"@type":"ImageObject","inLanguage":"tr","@id":"https:\/\/secure.gravatar.com\/avatar\/f5fc875574b1575324358c3b9e6a32b8227aa5b74f3fa22e3cadb63e26fcc39c?s=96&d=mm&r=g","url":"https:\/\/secure.gravatar.com\/avatar\/f5fc875574b1575324358c3b9e6a32b8227aa5b74f3fa22e3cadb63e26fcc39c?s=96&d=mm&r=g","contentUrl":"https:\/\/secure.gravatar.com\/avatar\/f5fc875574b1575324358c3b9e6a32b8227aa5b74f3fa22e3cadb63e26fcc39c?s=96&d=mm&r=g","caption":"haberkuzey"},"sameAs":["https:\/\/haberkuzey.com"],"url":"https:\/\/haberkuzey.com\/index.php\/author\/haberkuzey\/"}]}},"_links":{"self":[{"href":"https:\/\/haberkuzey.com\/index.php\/wp-json\/wp\/v2\/posts\/1632","targetHints":{"allow":["GET"]}}],"collection":[{"href":"https:\/\/haberkuzey.com\/index.php\/wp-json\/wp\/v2\/posts"}],"about":[{"href":"https:\/\/haberkuzey.com\/index.php\/wp-json\/wp\/v2\/types\/post"}],"author":[{"embeddable":true,"href":"https:\/\/haberkuzey.com\/index.php\/wp-json\/wp\/v2\/users\/1"}],"replies":[{"embeddable":true,"href":"https:\/\/haberkuzey.com\/index.php\/wp-json\/wp\/v2\/comments?post=1632"}],"version-history":[{"count":0,"href":"https:\/\/haberkuzey.com\/index.php\/wp-json\/wp\/v2\/posts\/1632\/revisions"}],"wp:featuredmedia":[{"embeddable":true,"href":"https:\/\/haberkuzey.com\/index.php\/wp-json\/wp\/v2\/media\/1633"}],"wp:attachment":[{"href":"https:\/\/haberkuzey.com\/index.php\/wp-json\/wp\/v2\/media?parent=1632"}],"wp:term":[{"taxonomy":"category","embeddable":true,"href":"https:\/\/haberkuzey.com\/index.php\/wp-json\/wp\/v2\/categories?post=1632"},{"taxonomy":"post_tag","embeddable":true,"href":"https:\/\/haberkuzey.com\/index.php\/wp-json\/wp\/v2\/tags?post=1632"}],"curies":[{"name":"wp","href":"https:\/\/api.w.org\/{rel}","templated":true}]}}