{"id":16197,"date":"2025-01-08T18:56:23","date_gmt":"2025-01-08T16:56:23","guid":{"rendered":"https:\/\/haberkuzey.com\/index.php\/2025\/01\/08\/turkiye-disisleri-bakani-fidan-basbakan-ustel-ile-gorustu\/"},"modified":"2025-01-08T18:56:23","modified_gmt":"2025-01-08T16:56:23","slug":"turkiye-disisleri-bakani-fidan-basbakan-ustel-ile-gorustu","status":"publish","type":"post","link":"https:\/\/haberkuzey.com\/index.php\/2025\/01\/08\/turkiye-disisleri-bakani-fidan-basbakan-ustel-ile-gorustu\/","title":{"rendered":"T\u00fcrkiye D\u0131\u015f\u0131\u015fleri Bakan\u0131 Fidan, Ba\u015fbakan \u00dcstel ile g\u00f6r\u00fc\u015ft\u00fc"},"content":{"rendered":"<div>\n<div class=\"mariselle-image-container center\">\n                                            <\/div>\n<p>Ba\u015fbakan \u00dcnal \u00dcstel, temaslarda bulunmak \u00fczere \u00fclkeye gelen T\u00fcrkiye Cumhuriyeti D\u0131\u015fi\u015fleri Bakan\u0131 Hakan Fidan\u2019\u0131 kabul etti.<\/p>\n<p>Ba\u015fbakanl\u0131k\u2019ta yer alan kabulde ilk olarak Ba\u015fbakan \u00dcstel ve D\u0131\u015fi\u015fleri Bakan\u0131 Fidan ba\u015f ba\u015fa g\u00f6r\u00fc\u015ft\u00fc.<\/p>\n<div class=\"mariselle-image-container center\">\n                <img decoding=\"async\" width=\"2048\" height=\"1365\" class=\"lazy-image\" alt=\"\" sizes=\"(max-width: 2048px) 100vw, 2048px\" src=\"https:\/\/brtk.net\/wp-content\/uploads\/2025\/01\/08\/ustel-fidan-222.jpg?ver=d4dab0ae2f8c800b00f4ee664e910afa\" srcset=\"https:\/\/brtk.net\/wp-content\/uploads\/2025\/01\/08\/ustel-fidan-222.jpg?ver=d4dab0ae2f8c800b00f4ee664e910afa 2048w, https:\/\/brtk.net\/wp-content\/uploads\/2025\/01\/08\/ustel-fidan-222-300x200.jpg?ver=5755802e5234e660fb3a9ea3437accb0 300w, https:\/\/brtk.net\/wp-content\/uploads\/2025\/01\/08\/ustel-fidan-222-1024x683.jpg?ver=ac9d4d1ed062bc2366cff114d66c04ee 1024w, https:\/\/brtk.net\/wp-content\/uploads\/2025\/01\/08\/ustel-fidan-222-768x512.jpg?ver=ac9d4d1ed062bc2366cff114d66c04ee 768w, https:\/\/brtk.net\/wp-content\/uploads\/2025\/01\/08\/ustel-fidan-222-1536x1024.jpg?ver=21ad9cbf3919faced6e813f0138d0424 1536w\"\/>                            <\/div>\n<p>Ard\u0131ndan \u015eeref Salonu\u2019nda heyetler aras\u0131 g\u00f6r\u00fc\u015fmeye ge\u00e7ildi.<\/p>\n<p>Heyetler aras\u0131 g\u00f6r\u00fc\u015fmede h\u00fck\u00fcmet ortaklar\u0131 Ba\u015fbakan Yard\u0131mc\u0131s\u0131, Turizm, K\u00fclt\u00fcr, Gen\u00e7lik ve \u00c7evre Bakan\u0131 Fikri Atao\u011flu ve Bay\u0131nd\u0131rl\u0131k ve Ula\u015ft\u0131rma Bakan\u0131 Erhan Ar\u0131kl\u0131 ile D\u0131\u015fi\u015fleri Bakan\u0131 Tahsin Ertu\u011frulo\u011flu ve ilgili bakanl\u0131klar\u0131n m\u00fcste\u015farlar\u0131 ile Hakan Fidan\u2019\u0131n heyeti haz\u0131r bulundu. G\u00f6r\u00fc\u015fmede ayr\u0131ca T\u00fcrkiye Cumhuriyeti Lefko\u015fa B\u00fcy\u00fckel\u00e7isi Ekrem Yasin Serim ve KKTC Ankara B\u00fcy\u00fckel\u00e7isi \u0130smet Koruko\u011flu yer ald\u0131.<\/p>\n<p>TC D\u0131\u015fi\u015fleri Bakan\u0131 Fidan\u2019\u0131n yar\u0131nki temaslar\u0131n\u0131n ard\u0131ndan \u00fclkeden ayr\u0131lmas\u0131 bekleniyor.<\/p>\n<\/p><\/div>\n<p><script async\n                    defer\n                    crossorigin=\"anonymous\"\n                    src=\"https:\/\/connect.facebook.net\/tr_TR\/sdk.js#xfbml=1&#038;version=v3.3\"\n            ><\/script><\/p>\n","protected":false},"excerpt":{"rendered":"<p>Ba\u015fbakan \u00dcnal \u00dcstel, temaslarda bulunmak \u00fczere \u00fclkeye gelen T\u00fcrkiye Cumhuriyeti D\u0131\u015fi\u015fleri Bakan\u0131 Hakan Fidan\u2019\u0131 kabul etti. Ba\u015fbakanl\u0131k\u2019ta yer alan kabulde ilk olarak Ba\u015fbakan \u00dcstel ve D\u0131\u015fi\u015fleri Bakan\u0131 Fidan ba\u015f ba\u015fa g\u00f6r\u00fc\u015ft\u00fc. Ard\u0131ndan \u015eeref Salonu\u2019nda heyetler aras\u0131 g\u00f6r\u00fc\u015fmeye ge\u00e7ildi. Heyetler aras\u0131 g\u00f6r\u00fc\u015fmede h\u00fck\u00fcmet ortaklar\u0131 Ba\u015fbakan Yard\u0131mc\u0131s\u0131, Turizm, K\u00fclt\u00fcr, Gen\u00e7lik ve \u00c7evre Bakan\u0131 Fikri Atao\u011flu ve Bay\u0131nd\u0131rl\u0131k [&hellip;]<\/p>\n","protected":false},"author":1,"featured_media":16198,"comment_status":"open","ping_status":"open","sticky":false,"template":"","format":"standard","meta":{"jnews-multi-image_gallery":[],"jnews_single_post":[],"jnews_primary_category":[],"footnotes":""},"categories":[2],"tags":[],"class_list":["post-16197","post","type-post","status-publish","format-standard","has-post-thumbnail","hentry","category-dunya"],"yoast_head":"<!-- This site is optimized with the Yoast SEO plugin v27.5 - https:\/\/yoast.com\/product\/yoast-seo-wordpress\/ -->\n<title>T\u00fcrkiye D\u0131\u015f\u0131\u015fleri Bakan\u0131 Fidan, Ba\u015fbakan \u00dcstel ile g\u00f6r\u00fc\u015ft\u00fc - Haber Kuzey<\/title>\n<meta name=\"robots\" content=\"index, follow, max-snippet:-1, max-image-preview:large, max-video-preview:-1\" \/>\n<link rel=\"canonical\" href=\"https:\/\/haberkuzey.com\/index.php\/2025\/01\/08\/turkiye-disisleri-bakani-fidan-basbakan-ustel-ile-gorustu\/\" \/>\n<meta property=\"og:locale\" content=\"tr_TR\" \/>\n<meta property=\"og:type\" content=\"article\" \/>\n<meta property=\"og:title\" content=\"T\u00fcrkiye D\u0131\u015f\u0131\u015fleri Bakan\u0131 Fidan, Ba\u015fbakan \u00dcstel ile g\u00f6r\u00fc\u015ft\u00fc - Haber Kuzey\" \/>\n<meta property=\"og:description\" content=\"Ba\u015fbakan \u00dcnal \u00dcstel, temaslarda bulunmak \u00fczere \u00fclkeye gelen T\u00fcrkiye Cumhuriyeti D\u0131\u015fi\u015fleri Bakan\u0131 Hakan Fidan\u2019\u0131 kabul etti. Ba\u015fbakanl\u0131k\u2019ta yer alan kabulde ilk olarak Ba\u015fbakan \u00dcstel ve D\u0131\u015fi\u015fleri Bakan\u0131 Fidan ba\u015f ba\u015fa g\u00f6r\u00fc\u015ft\u00fc. Ard\u0131ndan \u015eeref Salonu\u2019nda heyetler aras\u0131 g\u00f6r\u00fc\u015fmeye ge\u00e7ildi. Heyetler aras\u0131 g\u00f6r\u00fc\u015fmede h\u00fck\u00fcmet ortaklar\u0131 Ba\u015fbakan Yard\u0131mc\u0131s\u0131, Turizm, K\u00fclt\u00fcr, Gen\u00e7lik ve \u00c7evre Bakan\u0131 Fikri Atao\u011flu ve Bay\u0131nd\u0131rl\u0131k [&hellip;]\" \/>\n<meta property=\"og:url\" content=\"https:\/\/haberkuzey.com\/index.php\/2025\/01\/08\/turkiye-disisleri-bakani-fidan-basbakan-ustel-ile-gorustu\/\" \/>\n<meta property=\"og:site_name\" content=\"Haber Kuzey\" \/>\n<meta property=\"article:published_time\" content=\"2025-01-08T16:56:23+00:00\" \/>\n<meta property=\"og:image\" content=\"https:\/\/brtk.net\/wp-content\/uploads\/2025\/01\/08\/ustel-fidan.jpg?ver=532b4aaca5e3ebc230df561c2b0b0eea\" \/>\n<meta name=\"author\" content=\"haberkuzey\" \/>\n<meta name=\"twitter:card\" content=\"summary_large_image\" \/>\n<meta name=\"twitter:label1\" content=\"Yazan:\" \/>\n\t<meta name=\"twitter:data1\" content=\"haberkuzey\" \/>\n\t<meta name=\"twitter:label2\" content=\"Tahmini okuma s\u00fcresi\" \/>\n\t<meta name=\"twitter:data2\" content=\"1 dakika\" \/>\n<script type=\"application\/ld+json\" class=\"yoast-schema-graph\">{\"@context\":\"https:\\\/\\\/schema.org\",\"@graph\":[{\"@type\":\"Article\",\"@id\":\"https:\\\/\\\/haberkuzey.com\\\/index.php\\\/2025\\\/01\\\/08\\\/turkiye-disisleri-bakani-fidan-basbakan-ustel-ile-gorustu\\\/#article\",\"isPartOf\":{\"@id\":\"https:\\\/\\\/haberkuzey.com\\\/index.php\\\/2025\\\/01\\\/08\\\/turkiye-disisleri-bakani-fidan-basbakan-ustel-ile-gorustu\\\/\"},\"author\":{\"name\":\"haberkuzey\",\"@id\":\"https:\\\/\\\/haberkuzey.com\\\/#\\\/schema\\\/person\\\/3372109ec735f9333f4fa47ebb9605ca\"},\"headline\":\"T\u00fcrkiye D\u0131\u015f\u0131\u015fleri Bakan\u0131 Fidan, Ba\u015fbakan \u00dcstel ile g\u00f6r\u00fc\u015ft\u00fc\",\"datePublished\":\"2025-01-08T16:56:23+00:00\",\"mainEntityOfPage\":{\"@id\":\"https:\\\/\\\/haberkuzey.com\\\/index.php\\\/2025\\\/01\\\/08\\\/turkiye-disisleri-bakani-fidan-basbakan-ustel-ile-gorustu\\\/\"},\"wordCount\":180,\"commentCount\":0,\"image\":{\"@id\":\"https:\\\/\\\/haberkuzey.com\\\/index.php\\\/2025\\\/01\\\/08\\\/turkiye-disisleri-bakani-fidan-basbakan-ustel-ile-gorustu\\\/#primaryimage\"},\"thumbnailUrl\":\"https:\\\/\\\/haberkuzey.com\\\/wp-content\\\/uploads\\\/2025\\\/01\\\/ustel-fidan-222.jpg\",\"articleSection\":[\"D\u00fcnya\"],\"inLanguage\":\"tr\",\"potentialAction\":[{\"@type\":\"CommentAction\",\"name\":\"Comment\",\"target\":[\"https:\\\/\\\/haberkuzey.com\\\/index.php\\\/2025\\\/01\\\/08\\\/turkiye-disisleri-bakani-fidan-basbakan-ustel-ile-gorustu\\\/#respond\"]}]},{\"@type\":\"WebPage\",\"@id\":\"https:\\\/\\\/haberkuzey.com\\\/index.php\\\/2025\\\/01\\\/08\\\/turkiye-disisleri-bakani-fidan-basbakan-ustel-ile-gorustu\\\/\",\"url\":\"https:\\\/\\\/haberkuzey.com\\\/index.php\\\/2025\\\/01\\\/08\\\/turkiye-disisleri-bakani-fidan-basbakan-ustel-ile-gorustu\\\/\",\"name\":\"T\u00fcrkiye D\u0131\u015f\u0131\u015fleri Bakan\u0131 Fidan, Ba\u015fbakan \u00dcstel ile g\u00f6r\u00fc\u015ft\u00fc - Haber Kuzey\",\"isPartOf\":{\"@id\":\"https:\\\/\\\/haberkuzey.com\\\/#website\"},\"primaryImageOfPage\":{\"@id\":\"https:\\\/\\\/haberkuzey.com\\\/index.php\\\/2025\\\/01\\\/08\\\/turkiye-disisleri-bakani-fidan-basbakan-ustel-ile-gorustu\\\/#primaryimage\"},\"image\":{\"@id\":\"https:\\\/\\\/haberkuzey.com\\\/index.php\\\/2025\\\/01\\\/08\\\/turkiye-disisleri-bakani-fidan-basbakan-ustel-ile-gorustu\\\/#primaryimage\"},\"thumbnailUrl\":\"https:\\\/\\\/haberkuzey.com\\\/wp-content\\\/uploads\\\/2025\\\/01\\\/ustel-fidan-222.jpg\",\"datePublished\":\"2025-01-08T16:56:23+00:00\",\"author\":{\"@id\":\"https:\\\/\\\/haberkuzey.com\\\/#\\\/schema\\\/person\\\/3372109ec735f9333f4fa47ebb9605ca\"},\"breadcrumb\":{\"@id\":\"https:\\\/\\\/haberkuzey.com\\\/index.php\\\/2025\\\/01\\\/08\\\/turkiye-disisleri-bakani-fidan-basbakan-ustel-ile-gorustu\\\/#breadcrumb\"},\"inLanguage\":\"tr\",\"potentialAction\":[{\"@type\":\"ReadAction\",\"target\":[\"https:\\\/\\\/haberkuzey.com\\\/index.php\\\/2025\\\/01\\\/08\\\/turkiye-disisleri-bakani-fidan-basbakan-ustel-ile-gorustu\\\/\"]}]},{\"@type\":\"ImageObject\",\"inLanguage\":\"tr\",\"@id\":\"https:\\\/\\\/haberkuzey.com\\\/index.php\\\/2025\\\/01\\\/08\\\/turkiye-disisleri-bakani-fidan-basbakan-ustel-ile-gorustu\\\/#primaryimage\",\"url\":\"https:\\\/\\\/haberkuzey.com\\\/wp-content\\\/uploads\\\/2025\\\/01\\\/ustel-fidan-222.jpg\",\"contentUrl\":\"https:\\\/\\\/haberkuzey.com\\\/wp-content\\\/uploads\\\/2025\\\/01\\\/ustel-fidan-222.jpg\",\"width\":2048,\"height\":1365},{\"@type\":\"BreadcrumbList\",\"@id\":\"https:\\\/\\\/haberkuzey.com\\\/index.php\\\/2025\\\/01\\\/08\\\/turkiye-disisleri-bakani-fidan-basbakan-ustel-ile-gorustu\\\/#breadcrumb\",\"itemListElement\":[{\"@type\":\"ListItem\",\"position\":1,\"name\":\"Anasayfa\",\"item\":\"https:\\\/\\\/haberkuzey.com\\\/\"},{\"@type\":\"ListItem\",\"position\":2,\"name\":\"T\u00fcrkiye D\u0131\u015f\u0131\u015fleri Bakan\u0131 Fidan, Ba\u015fbakan \u00dcstel ile g\u00f6r\u00fc\u015ft\u00fc\"}]},{\"@type\":\"WebSite\",\"@id\":\"https:\\\/\\\/haberkuzey.com\\\/#website\",\"url\":\"https:\\\/\\\/haberkuzey.com\\\/\",\"name\":\"Haber Kuzey\",\"description\":\"Do\u011fru Haberin Adresi\",\"potentialAction\":[{\"@type\":\"SearchAction\",\"target\":{\"@type\":\"EntryPoint\",\"urlTemplate\":\"https:\\\/\\\/haberkuzey.com\\\/?s={search_term_string}\"},\"query-input\":{\"@type\":\"PropertyValueSpecification\",\"valueRequired\":true,\"valueName\":\"search_term_string\"}}],\"inLanguage\":\"tr\"},{\"@type\":\"Person\",\"@id\":\"https:\\\/\\\/haberkuzey.com\\\/#\\\/schema\\\/person\\\/3372109ec735f9333f4fa47ebb9605ca\",\"name\":\"haberkuzey\",\"image\":{\"@type\":\"ImageObject\",\"inLanguage\":\"tr\",\"@id\":\"https:\\\/\\\/secure.gravatar.com\\\/avatar\\\/f5fc875574b1575324358c3b9e6a32b8227aa5b74f3fa22e3cadb63e26fcc39c?s=96&d=mm&r=g\",\"url\":\"https:\\\/\\\/secure.gravatar.com\\\/avatar\\\/f5fc875574b1575324358c3b9e6a32b8227aa5b74f3fa22e3cadb63e26fcc39c?s=96&d=mm&r=g\",\"contentUrl\":\"https:\\\/\\\/secure.gravatar.com\\\/avatar\\\/f5fc875574b1575324358c3b9e6a32b8227aa5b74f3fa22e3cadb63e26fcc39c?s=96&d=mm&r=g\",\"caption\":\"haberkuzey\"},\"sameAs\":[\"https:\\\/\\\/haberkuzey.com\"],\"url\":\"https:\\\/\\\/haberkuzey.com\\\/index.php\\\/author\\\/haberkuzey\\\/\"}]}<\/script>\n<!-- \/ Yoast SEO plugin. -->","yoast_head_json":{"title":"T\u00fcrkiye D\u0131\u015f\u0131\u015fleri Bakan\u0131 Fidan, Ba\u015fbakan \u00dcstel ile g\u00f6r\u00fc\u015ft\u00fc - Haber Kuzey","robots":{"index":"index","follow":"follow","max-snippet":"max-snippet:-1","max-image-preview":"max-image-preview:large","max-video-preview":"max-video-preview:-1"},"canonical":"https:\/\/haberkuzey.com\/index.php\/2025\/01\/08\/turkiye-disisleri-bakani-fidan-basbakan-ustel-ile-gorustu\/","og_locale":"tr_TR","og_type":"article","og_title":"T\u00fcrkiye D\u0131\u015f\u0131\u015fleri Bakan\u0131 Fidan, Ba\u015fbakan \u00dcstel ile g\u00f6r\u00fc\u015ft\u00fc - Haber Kuzey","og_description":"Ba\u015fbakan \u00dcnal \u00dcstel, temaslarda bulunmak \u00fczere \u00fclkeye gelen T\u00fcrkiye Cumhuriyeti D\u0131\u015fi\u015fleri Bakan\u0131 Hakan Fidan\u2019\u0131 kabul etti. Ba\u015fbakanl\u0131k\u2019ta yer alan kabulde ilk olarak Ba\u015fbakan \u00dcstel ve D\u0131\u015fi\u015fleri Bakan\u0131 Fidan ba\u015f ba\u015fa g\u00f6r\u00fc\u015ft\u00fc. Ard\u0131ndan \u015eeref Salonu\u2019nda heyetler aras\u0131 g\u00f6r\u00fc\u015fmeye ge\u00e7ildi. Heyetler aras\u0131 g\u00f6r\u00fc\u015fmede h\u00fck\u00fcmet ortaklar\u0131 Ba\u015fbakan Yard\u0131mc\u0131s\u0131, Turizm, K\u00fclt\u00fcr, Gen\u00e7lik ve \u00c7evre Bakan\u0131 Fikri Atao\u011flu ve Bay\u0131nd\u0131rl\u0131k [&hellip;]","og_url":"https:\/\/haberkuzey.com\/index.php\/2025\/01\/08\/turkiye-disisleri-bakani-fidan-basbakan-ustel-ile-gorustu\/","og_site_name":"Haber Kuzey","article_published_time":"2025-01-08T16:56:23+00:00","og_image":[{"url":"https:\/\/brtk.net\/wp-content\/uploads\/2025\/01\/08\/ustel-fidan.jpg?ver=532b4aaca5e3ebc230df561c2b0b0eea","type":"","width":"","height":""}],"author":"haberkuzey","twitter_card":"summary_large_image","twitter_misc":{"Yazan:":"haberkuzey","Tahmini okuma s\u00fcresi":"1 dakika"},"schema":{"@context":"https:\/\/schema.org","@graph":[{"@type":"Article","@id":"https:\/\/haberkuzey.com\/index.php\/2025\/01\/08\/turkiye-disisleri-bakani-fidan-basbakan-ustel-ile-gorustu\/#article","isPartOf":{"@id":"https:\/\/haberkuzey.com\/index.php\/2025\/01\/08\/turkiye-disisleri-bakani-fidan-basbakan-ustel-ile-gorustu\/"},"author":{"name":"haberkuzey","@id":"https:\/\/haberkuzey.com\/#\/schema\/person\/3372109ec735f9333f4fa47ebb9605ca"},"headline":"T\u00fcrkiye D\u0131\u015f\u0131\u015fleri Bakan\u0131 Fidan, Ba\u015fbakan \u00dcstel ile g\u00f6r\u00fc\u015ft\u00fc","datePublished":"2025-01-08T16:56:23+00:00","mainEntityOfPage":{"@id":"https:\/\/haberkuzey.com\/index.php\/2025\/01\/08\/turkiye-disisleri-bakani-fidan-basbakan-ustel-ile-gorustu\/"},"wordCount":180,"commentCount":0,"image":{"@id":"https:\/\/haberkuzey.com\/index.php\/2025\/01\/08\/turkiye-disisleri-bakani-fidan-basbakan-ustel-ile-gorustu\/#primaryimage"},"thumbnailUrl":"https:\/\/haberkuzey.com\/wp-content\/uploads\/2025\/01\/ustel-fidan-222.jpg","articleSection":["D\u00fcnya"],"inLanguage":"tr","potentialAction":[{"@type":"CommentAction","name":"Comment","target":["https:\/\/haberkuzey.com\/index.php\/2025\/01\/08\/turkiye-disisleri-bakani-fidan-basbakan-ustel-ile-gorustu\/#respond"]}]},{"@type":"WebPage","@id":"https:\/\/haberkuzey.com\/index.php\/2025\/01\/08\/turkiye-disisleri-bakani-fidan-basbakan-ustel-ile-gorustu\/","url":"https:\/\/haberkuzey.com\/index.php\/2025\/01\/08\/turkiye-disisleri-bakani-fidan-basbakan-ustel-ile-gorustu\/","name":"T\u00fcrkiye D\u0131\u015f\u0131\u015fleri Bakan\u0131 Fidan, Ba\u015fbakan \u00dcstel ile g\u00f6r\u00fc\u015ft\u00fc - Haber Kuzey","isPartOf":{"@id":"https:\/\/haberkuzey.com\/#website"},"primaryImageOfPage":{"@id":"https:\/\/haberkuzey.com\/index.php\/2025\/01\/08\/turkiye-disisleri-bakani-fidan-basbakan-ustel-ile-gorustu\/#primaryimage"},"image":{"@id":"https:\/\/haberkuzey.com\/index.php\/2025\/01\/08\/turkiye-disisleri-bakani-fidan-basbakan-ustel-ile-gorustu\/#primaryimage"},"thumbnailUrl":"https:\/\/haberkuzey.com\/wp-content\/uploads\/2025\/01\/ustel-fidan-222.jpg","datePublished":"2025-01-08T16:56:23+00:00","author":{"@id":"https:\/\/haberkuzey.com\/#\/schema\/person\/3372109ec735f9333f4fa47ebb9605ca"},"breadcrumb":{"@id":"https:\/\/haberkuzey.com\/index.php\/2025\/01\/08\/turkiye-disisleri-bakani-fidan-basbakan-ustel-ile-gorustu\/#breadcrumb"},"inLanguage":"tr","potentialAction":[{"@type":"ReadAction","target":["https:\/\/haberkuzey.com\/index.php\/2025\/01\/08\/turkiye-disisleri-bakani-fidan-basbakan-ustel-ile-gorustu\/"]}]},{"@type":"ImageObject","inLanguage":"tr","@id":"https:\/\/haberkuzey.com\/index.php\/2025\/01\/08\/turkiye-disisleri-bakani-fidan-basbakan-ustel-ile-gorustu\/#primaryimage","url":"https:\/\/haberkuzey.com\/wp-content\/uploads\/2025\/01\/ustel-fidan-222.jpg","contentUrl":"https:\/\/haberkuzey.com\/wp-content\/uploads\/2025\/01\/ustel-fidan-222.jpg","width":2048,"height":1365},{"@type":"BreadcrumbList","@id":"https:\/\/haberkuzey.com\/index.php\/2025\/01\/08\/turkiye-disisleri-bakani-fidan-basbakan-ustel-ile-gorustu\/#breadcrumb","itemListElement":[{"@type":"ListItem","position":1,"name":"Anasayfa","item":"https:\/\/haberkuzey.com\/"},{"@type":"ListItem","position":2,"name":"T\u00fcrkiye D\u0131\u015f\u0131\u015fleri Bakan\u0131 Fidan, Ba\u015fbakan \u00dcstel ile g\u00f6r\u00fc\u015ft\u00fc"}]},{"@type":"WebSite","@id":"https:\/\/haberkuzey.com\/#website","url":"https:\/\/haberkuzey.com\/","name":"Haber Kuzey","description":"Do\u011fru Haberin Adresi","potentialAction":[{"@type":"SearchAction","target":{"@type":"EntryPoint","urlTemplate":"https:\/\/haberkuzey.com\/?s={search_term_string}"},"query-input":{"@type":"PropertyValueSpecification","valueRequired":true,"valueName":"search_term_string"}}],"inLanguage":"tr"},{"@type":"Person","@id":"https:\/\/haberkuzey.com\/#\/schema\/person\/3372109ec735f9333f4fa47ebb9605ca","name":"haberkuzey","image":{"@type":"ImageObject","inLanguage":"tr","@id":"https:\/\/secure.gravatar.com\/avatar\/f5fc875574b1575324358c3b9e6a32b8227aa5b74f3fa22e3cadb63e26fcc39c?s=96&d=mm&r=g","url":"https:\/\/secure.gravatar.com\/avatar\/f5fc875574b1575324358c3b9e6a32b8227aa5b74f3fa22e3cadb63e26fcc39c?s=96&d=mm&r=g","contentUrl":"https:\/\/secure.gravatar.com\/avatar\/f5fc875574b1575324358c3b9e6a32b8227aa5b74f3fa22e3cadb63e26fcc39c?s=96&d=mm&r=g","caption":"haberkuzey"},"sameAs":["https:\/\/haberkuzey.com"],"url":"https:\/\/haberkuzey.com\/index.php\/author\/haberkuzey\/"}]}},"_links":{"self":[{"href":"https:\/\/haberkuzey.com\/index.php\/wp-json\/wp\/v2\/posts\/16197","targetHints":{"allow":["GET"]}}],"collection":[{"href":"https:\/\/haberkuzey.com\/index.php\/wp-json\/wp\/v2\/posts"}],"about":[{"href":"https:\/\/haberkuzey.com\/index.php\/wp-json\/wp\/v2\/types\/post"}],"author":[{"embeddable":true,"href":"https:\/\/haberkuzey.com\/index.php\/wp-json\/wp\/v2\/users\/1"}],"replies":[{"embeddable":true,"href":"https:\/\/haberkuzey.com\/index.php\/wp-json\/wp\/v2\/comments?post=16197"}],"version-history":[{"count":0,"href":"https:\/\/haberkuzey.com\/index.php\/wp-json\/wp\/v2\/posts\/16197\/revisions"}],"wp:featuredmedia":[{"embeddable":true,"href":"https:\/\/haberkuzey.com\/index.php\/wp-json\/wp\/v2\/media\/16198"}],"wp:attachment":[{"href":"https:\/\/haberkuzey.com\/index.php\/wp-json\/wp\/v2\/media?parent=16197"}],"wp:term":[{"taxonomy":"category","embeddable":true,"href":"https:\/\/haberkuzey.com\/index.php\/wp-json\/wp\/v2\/categories?post=16197"},{"taxonomy":"post_tag","embeddable":true,"href":"https:\/\/haberkuzey.com\/index.php\/wp-json\/wp\/v2\/tags?post=16197"}],"curies":[{"name":"wp","href":"https:\/\/api.w.org\/{rel}","templated":true}]}}