{"id":1602,"date":"2024-05-07T14:36:57","date_gmt":"2024-05-07T11:36:57","guid":{"rendered":"https:\/\/haberkuzey.com\/index.php\/2024\/05\/07\/gazimagusa-ozel-egitim-ve-is-egitimi-okulunda-bahar-senligi-duzenlendi\/"},"modified":"2024-05-07T14:36:57","modified_gmt":"2024-05-07T11:36:57","slug":"gazimagusa-ozel-egitim-ve-is-egitimi-okulunda-bahar-senligi-duzenlendi","status":"publish","type":"post","link":"https:\/\/haberkuzey.com\/index.php\/2024\/05\/07\/gazimagusa-ozel-egitim-ve-is-egitimi-okulunda-bahar-senligi-duzenlendi\/","title":{"rendered":"Gazima\u011fusa \u00d6zel E\u011fitim ve \u0130\u015f E\u011fitimi Okulu\u2019nda Bahar \u015eenli\u011fi d\u00fczenlendi"},"content":{"rendered":"<div>\n<div class=\"mariselle-image-container center\">\n                                            <\/div>\n<p>Gazima\u011fusa\u2019da 2006 y\u0131l\u0131ndan bu yana 0-18 ya\u015f aral\u0131\u011f\u0131ndaki t\u00fcm \u00f6zel gereksinimli bireylere e\u011fitim veren Gazima\u011fusa \u00d6zel E\u011fitim ve \u0130\u015f E\u011fitimi Okulu\u2019nda Bahar \u015eenli\u011fi d\u00fczenlendi. <\/p>\n<p>Etkinli\u011fe Cumhurba\u015fkan\u0131 Ersin Tatar\u2019\u0131n e\u015fi Sibel Tatar ile Ba\u015fbakan \u00dcnal \u00dcstel\u2019in e\u015fi Zerrin \u00dcstel de kat\u0131ld\u0131. <\/p>\n<p>\u00c7ocuklar, \u015fenlikte canl\u0131 m\u00fczik e\u015fli\u011finde \u00e7e\u015fitli oyunlar oynayarak g\u00f6n\u00fcllerince e\u011flendi ayr\u0131ca k\u00fc\u00e7\u00fck yar\u0131\u015fmalarla heyecan ya\u015fad\u0131. <\/p>\n<p>Diki\u015f, mutfak, ah\u015fap, seramik ve bask\u0131 at\u00f6lyelerinde \u00e7ocuklar becerilerini ortaya koyarken, Sibel Tatar ve Zerrin \u00dcstel de \u00e7ocuklar\u0131n \u00e7al\u0131\u015fmalar\u0131na kat\u0131larak onlarla el i\u015fleri yapt\u0131lar. <\/p>\n<p>Ba\u015fbakan \u00dcnal \u00dcstel\u2019in e\u015fi Zerrin \u00dcstel, burada yapt\u0131\u011f\u0131 de\u011ferlendirmede, \u201c\u00d6zel \u00e7ocuklar\u0131m\u0131za sunulan e\u011fitim hizmetlerinin niteli\u011fini art\u0131rmak, e\u011fitimde f\u0131rsat e\u015fitli\u011fini g\u00fc\u00e7lendirmek ve evlatlar\u0131m\u0131z\u0131n sosyal geli\u015fimlerini destekleyerek toplumsal ya\u015fama uyumlar\u0131n\u0131 artt\u0131rmak i\u00e7in y\u00fcr\u00fctulen her \u00e7al\u0131\u015fman\u0131n destek\u00e7isi olmaya devam edece\u011fiz\u201d dedi.<\/p>\n<p>Zerrin \u00dcstel, \u00f6zel e\u011fitim alan \u00e7ocuklar\u0131n, potansiyellerini \u00fcst d\u00fczeye \u00e7\u0131karmalar\u0131na, topluma kat\u0131l\u0131mc\u0131 bir \u015fekilde katk\u0131da bulunmalar\u0131na ve daha iyi bir ya\u015fam s\u00fcrmelerine yard\u0131mc\u0131 olan bu t\u00fcr \u00e7al\u0131\u015fmalar\u0131n \u00f6nemine dikkati \u00e7ekti.<\/p>\n<p>Farkl\u0131 at\u00f6lye \u00e7al\u0131\u015fmalar\u0131 sayesinde \u00f6zel \u00e7ocuklar\u0131n ilgi duyduklar\u0131 alanlarda geli\u015fimlerini sa\u011flayarak gelecek ya\u015fant\u0131lar\u0131nda hayat\u0131n bir par\u00e7as\u0131 olacaklar\u0131n\u0131 da kaydeden Zerrin \u00dcstel, etkinli\u011fin d\u00fczenlenmesinde eme\u011fi ge\u00e7en herkese te\u015fekk\u00fcr etti.<\/p>\n<\/p><\/div>\n<p><script async\n                    defer\n                    crossorigin=\"anonymous\"\n                    src=\"https:\/\/connect.facebook.net\/tr_TR\/sdk.js#xfbml=1&#038;version=v3.3\"\n            ><\/script><\/p>\n","protected":false},"excerpt":{"rendered":"<p>Gazima\u011fusa\u2019da 2006 y\u0131l\u0131ndan bu yana 0-18 ya\u015f aral\u0131\u011f\u0131ndaki t\u00fcm \u00f6zel gereksinimli bireylere e\u011fitim veren Gazima\u011fusa \u00d6zel E\u011fitim ve \u0130\u015f E\u011fitimi Okulu\u2019nda Bahar \u015eenli\u011fi d\u00fczenlendi. Etkinli\u011fe Cumhurba\u015fkan\u0131 Ersin Tatar\u2019\u0131n e\u015fi Sibel Tatar ile Ba\u015fbakan \u00dcnal \u00dcstel\u2019in e\u015fi Zerrin \u00dcstel de kat\u0131ld\u0131. \u00c7ocuklar, \u015fenlikte canl\u0131 m\u00fczik e\u015fli\u011finde \u00e7e\u015fitli oyunlar oynayarak g\u00f6n\u00fcllerince e\u011flendi ayr\u0131ca k\u00fc\u00e7\u00fck yar\u0131\u015fmalarla heyecan ya\u015fad\u0131. [&hellip;]<\/p>\n","protected":false},"author":1,"featured_media":1603,"comment_status":"open","ping_status":"open","sticky":false,"template":"","format":"standard","meta":{"jnews-multi-image_gallery":[],"jnews_single_post":[],"jnews_primary_category":[],"footnotes":""},"categories":[1],"tags":[],"class_list":["post-1602","post","type-post","status-publish","format-standard","has-post-thumbnail","hentry","category-kibris"],"yoast_head":"<!-- This site is optimized with the Yoast SEO plugin v27.5 - https:\/\/yoast.com\/product\/yoast-seo-wordpress\/ -->\n<title>Gazima\u011fusa \u00d6zel E\u011fitim ve \u0130\u015f E\u011fitimi Okulu\u2019nda Bahar \u015eenli\u011fi d\u00fczenlendi - Haber Kuzey<\/title>\n<meta name=\"robots\" content=\"index, follow, max-snippet:-1, max-image-preview:large, max-video-preview:-1\" \/>\n<link rel=\"canonical\" href=\"https:\/\/haberkuzey.com\/index.php\/2024\/05\/07\/gazimagusa-ozel-egitim-ve-is-egitimi-okulunda-bahar-senligi-duzenlendi\/\" \/>\n<meta property=\"og:locale\" content=\"tr_TR\" \/>\n<meta property=\"og:type\" content=\"article\" \/>\n<meta property=\"og:title\" content=\"Gazima\u011fusa \u00d6zel E\u011fitim ve \u0130\u015f E\u011fitimi Okulu\u2019nda Bahar \u015eenli\u011fi d\u00fczenlendi - Haber Kuzey\" \/>\n<meta property=\"og:description\" content=\"Gazima\u011fusa\u2019da 2006 y\u0131l\u0131ndan bu yana 0-18 ya\u015f aral\u0131\u011f\u0131ndaki t\u00fcm \u00f6zel gereksinimli bireylere e\u011fitim veren Gazima\u011fusa \u00d6zel E\u011fitim ve \u0130\u015f E\u011fitimi Okulu\u2019nda Bahar \u015eenli\u011fi d\u00fczenlendi. Etkinli\u011fe Cumhurba\u015fkan\u0131 Ersin Tatar\u2019\u0131n e\u015fi Sibel Tatar ile Ba\u015fbakan \u00dcnal \u00dcstel\u2019in e\u015fi Zerrin \u00dcstel de kat\u0131ld\u0131. \u00c7ocuklar, \u015fenlikte canl\u0131 m\u00fczik e\u015fli\u011finde \u00e7e\u015fitli oyunlar oynayarak g\u00f6n\u00fcllerince e\u011flendi ayr\u0131ca k\u00fc\u00e7\u00fck yar\u0131\u015fmalarla heyecan ya\u015fad\u0131. [&hellip;]\" \/>\n<meta property=\"og:url\" content=\"https:\/\/haberkuzey.com\/index.php\/2024\/05\/07\/gazimagusa-ozel-egitim-ve-is-egitimi-okulunda-bahar-senligi-duzenlendi\/\" \/>\n<meta property=\"og:site_name\" content=\"Haber Kuzey\" \/>\n<meta property=\"article:published_time\" content=\"2024-05-07T11:36:57+00:00\" \/>\n<meta property=\"og:image\" content=\"https:\/\/brtk.net\/wp-content\/uploads\/2024\/05\/07\/InShot_20240507_142829602-scaled.jpg?ver=2302eabbdd062a511191e474bce22660\" \/>\n<meta name=\"author\" content=\"haberkuzey\" \/>\n<meta name=\"twitter:card\" content=\"summary_large_image\" \/>\n<meta name=\"twitter:label1\" content=\"Yazan:\" \/>\n\t<meta name=\"twitter:data1\" content=\"haberkuzey\" \/>\n\t<meta name=\"twitter:label2\" content=\"Tahmini okuma s\u00fcresi\" \/>\n\t<meta name=\"twitter:data2\" content=\"1 dakika\" \/>\n<script type=\"application\/ld+json\" class=\"yoast-schema-graph\">{\"@context\":\"https:\\\/\\\/schema.org\",\"@graph\":[{\"@type\":\"Article\",\"@id\":\"https:\\\/\\\/haberkuzey.com\\\/index.php\\\/2024\\\/05\\\/07\\\/gazimagusa-ozel-egitim-ve-is-egitimi-okulunda-bahar-senligi-duzenlendi\\\/#article\",\"isPartOf\":{\"@id\":\"https:\\\/\\\/haberkuzey.com\\\/index.php\\\/2024\\\/05\\\/07\\\/gazimagusa-ozel-egitim-ve-is-egitimi-okulunda-bahar-senligi-duzenlendi\\\/\"},\"author\":{\"name\":\"haberkuzey\",\"@id\":\"https:\\\/\\\/haberkuzey.com\\\/#\\\/schema\\\/person\\\/3372109ec735f9333f4fa47ebb9605ca\"},\"headline\":\"Gazima\u011fusa \u00d6zel E\u011fitim ve \u0130\u015f E\u011fitimi Okulu\u2019nda Bahar \u015eenli\u011fi d\u00fczenlendi\",\"datePublished\":\"2024-05-07T11:36:57+00:00\",\"mainEntityOfPage\":{\"@id\":\"https:\\\/\\\/haberkuzey.com\\\/index.php\\\/2024\\\/05\\\/07\\\/gazimagusa-ozel-egitim-ve-is-egitimi-okulunda-bahar-senligi-duzenlendi\\\/\"},\"wordCount\":287,\"commentCount\":0,\"image\":{\"@id\":\"https:\\\/\\\/haberkuzey.com\\\/index.php\\\/2024\\\/05\\\/07\\\/gazimagusa-ozel-egitim-ve-is-egitimi-okulunda-bahar-senligi-duzenlendi\\\/#primaryimage\"},\"thumbnailUrl\":\"https:\\\/\\\/haberkuzey.com\\\/wp-content\\\/uploads\\\/2024\\\/05\\\/InShot_20240507_142829602-scaled.jpg\",\"articleSection\":[\"K\u0131br\u0131s\"],\"inLanguage\":\"tr\",\"potentialAction\":[{\"@type\":\"CommentAction\",\"name\":\"Comment\",\"target\":[\"https:\\\/\\\/haberkuzey.com\\\/index.php\\\/2024\\\/05\\\/07\\\/gazimagusa-ozel-egitim-ve-is-egitimi-okulunda-bahar-senligi-duzenlendi\\\/#respond\"]}]},{\"@type\":\"WebPage\",\"@id\":\"https:\\\/\\\/haberkuzey.com\\\/index.php\\\/2024\\\/05\\\/07\\\/gazimagusa-ozel-egitim-ve-is-egitimi-okulunda-bahar-senligi-duzenlendi\\\/\",\"url\":\"https:\\\/\\\/haberkuzey.com\\\/index.php\\\/2024\\\/05\\\/07\\\/gazimagusa-ozel-egitim-ve-is-egitimi-okulunda-bahar-senligi-duzenlendi\\\/\",\"name\":\"Gazima\u011fusa \u00d6zel E\u011fitim ve \u0130\u015f E\u011fitimi Okulu\u2019nda Bahar \u015eenli\u011fi d\u00fczenlendi - Haber Kuzey\",\"isPartOf\":{\"@id\":\"https:\\\/\\\/haberkuzey.com\\\/#website\"},\"primaryImageOfPage\":{\"@id\":\"https:\\\/\\\/haberkuzey.com\\\/index.php\\\/2024\\\/05\\\/07\\\/gazimagusa-ozel-egitim-ve-is-egitimi-okulunda-bahar-senligi-duzenlendi\\\/#primaryimage\"},\"image\":{\"@id\":\"https:\\\/\\\/haberkuzey.com\\\/index.php\\\/2024\\\/05\\\/07\\\/gazimagusa-ozel-egitim-ve-is-egitimi-okulunda-bahar-senligi-duzenlendi\\\/#primaryimage\"},\"thumbnailUrl\":\"https:\\\/\\\/haberkuzey.com\\\/wp-content\\\/uploads\\\/2024\\\/05\\\/InShot_20240507_142829602-scaled.jpg\",\"datePublished\":\"2024-05-07T11:36:57+00:00\",\"author\":{\"@id\":\"https:\\\/\\\/haberkuzey.com\\\/#\\\/schema\\\/person\\\/3372109ec735f9333f4fa47ebb9605ca\"},\"breadcrumb\":{\"@id\":\"https:\\\/\\\/haberkuzey.com\\\/index.php\\\/2024\\\/05\\\/07\\\/gazimagusa-ozel-egitim-ve-is-egitimi-okulunda-bahar-senligi-duzenlendi\\\/#breadcrumb\"},\"inLanguage\":\"tr\",\"potentialAction\":[{\"@type\":\"ReadAction\",\"target\":[\"https:\\\/\\\/haberkuzey.com\\\/index.php\\\/2024\\\/05\\\/07\\\/gazimagusa-ozel-egitim-ve-is-egitimi-okulunda-bahar-senligi-duzenlendi\\\/\"]}]},{\"@type\":\"ImageObject\",\"inLanguage\":\"tr\",\"@id\":\"https:\\\/\\\/haberkuzey.com\\\/index.php\\\/2024\\\/05\\\/07\\\/gazimagusa-ozel-egitim-ve-is-egitimi-okulunda-bahar-senligi-duzenlendi\\\/#primaryimage\",\"url\":\"https:\\\/\\\/haberkuzey.com\\\/wp-content\\\/uploads\\\/2024\\\/05\\\/InShot_20240507_142829602-scaled.jpg\",\"contentUrl\":\"https:\\\/\\\/haberkuzey.com\\\/wp-content\\\/uploads\\\/2024\\\/05\\\/InShot_20240507_142829602-scaled.jpg\",\"width\":2560,\"height\":1439},{\"@type\":\"BreadcrumbList\",\"@id\":\"https:\\\/\\\/haberkuzey.com\\\/index.php\\\/2024\\\/05\\\/07\\\/gazimagusa-ozel-egitim-ve-is-egitimi-okulunda-bahar-senligi-duzenlendi\\\/#breadcrumb\",\"itemListElement\":[{\"@type\":\"ListItem\",\"position\":1,\"name\":\"Anasayfa\",\"item\":\"https:\\\/\\\/haberkuzey.com\\\/\"},{\"@type\":\"ListItem\",\"position\":2,\"name\":\"Gazima\u011fusa \u00d6zel E\u011fitim ve \u0130\u015f E\u011fitimi Okulu\u2019nda Bahar \u015eenli\u011fi d\u00fczenlendi\"}]},{\"@type\":\"WebSite\",\"@id\":\"https:\\\/\\\/haberkuzey.com\\\/#website\",\"url\":\"https:\\\/\\\/haberkuzey.com\\\/\",\"name\":\"Haber Kuzey\",\"description\":\"Do\u011fru Haberin Adresi\",\"potentialAction\":[{\"@type\":\"SearchAction\",\"target\":{\"@type\":\"EntryPoint\",\"urlTemplate\":\"https:\\\/\\\/haberkuzey.com\\\/?s={search_term_string}\"},\"query-input\":{\"@type\":\"PropertyValueSpecification\",\"valueRequired\":true,\"valueName\":\"search_term_string\"}}],\"inLanguage\":\"tr\"},{\"@type\":\"Person\",\"@id\":\"https:\\\/\\\/haberkuzey.com\\\/#\\\/schema\\\/person\\\/3372109ec735f9333f4fa47ebb9605ca\",\"name\":\"haberkuzey\",\"image\":{\"@type\":\"ImageObject\",\"inLanguage\":\"tr\",\"@id\":\"https:\\\/\\\/secure.gravatar.com\\\/avatar\\\/f5fc875574b1575324358c3b9e6a32b8227aa5b74f3fa22e3cadb63e26fcc39c?s=96&d=mm&r=g\",\"url\":\"https:\\\/\\\/secure.gravatar.com\\\/avatar\\\/f5fc875574b1575324358c3b9e6a32b8227aa5b74f3fa22e3cadb63e26fcc39c?s=96&d=mm&r=g\",\"contentUrl\":\"https:\\\/\\\/secure.gravatar.com\\\/avatar\\\/f5fc875574b1575324358c3b9e6a32b8227aa5b74f3fa22e3cadb63e26fcc39c?s=96&d=mm&r=g\",\"caption\":\"haberkuzey\"},\"sameAs\":[\"https:\\\/\\\/haberkuzey.com\"],\"url\":\"https:\\\/\\\/haberkuzey.com\\\/index.php\\\/author\\\/haberkuzey\\\/\"}]}<\/script>\n<!-- \/ Yoast SEO plugin. -->","yoast_head_json":{"title":"Gazima\u011fusa \u00d6zel E\u011fitim ve \u0130\u015f E\u011fitimi Okulu\u2019nda Bahar \u015eenli\u011fi d\u00fczenlendi - Haber Kuzey","robots":{"index":"index","follow":"follow","max-snippet":"max-snippet:-1","max-image-preview":"max-image-preview:large","max-video-preview":"max-video-preview:-1"},"canonical":"https:\/\/haberkuzey.com\/index.php\/2024\/05\/07\/gazimagusa-ozel-egitim-ve-is-egitimi-okulunda-bahar-senligi-duzenlendi\/","og_locale":"tr_TR","og_type":"article","og_title":"Gazima\u011fusa \u00d6zel E\u011fitim ve \u0130\u015f E\u011fitimi Okulu\u2019nda Bahar \u015eenli\u011fi d\u00fczenlendi - Haber Kuzey","og_description":"Gazima\u011fusa\u2019da 2006 y\u0131l\u0131ndan bu yana 0-18 ya\u015f aral\u0131\u011f\u0131ndaki t\u00fcm \u00f6zel gereksinimli bireylere e\u011fitim veren Gazima\u011fusa \u00d6zel E\u011fitim ve \u0130\u015f E\u011fitimi Okulu\u2019nda Bahar \u015eenli\u011fi d\u00fczenlendi. Etkinli\u011fe Cumhurba\u015fkan\u0131 Ersin Tatar\u2019\u0131n e\u015fi Sibel Tatar ile Ba\u015fbakan \u00dcnal \u00dcstel\u2019in e\u015fi Zerrin \u00dcstel de kat\u0131ld\u0131. \u00c7ocuklar, \u015fenlikte canl\u0131 m\u00fczik e\u015fli\u011finde \u00e7e\u015fitli oyunlar oynayarak g\u00f6n\u00fcllerince e\u011flendi ayr\u0131ca k\u00fc\u00e7\u00fck yar\u0131\u015fmalarla heyecan ya\u015fad\u0131. [&hellip;]","og_url":"https:\/\/haberkuzey.com\/index.php\/2024\/05\/07\/gazimagusa-ozel-egitim-ve-is-egitimi-okulunda-bahar-senligi-duzenlendi\/","og_site_name":"Haber Kuzey","article_published_time":"2024-05-07T11:36:57+00:00","og_image":[{"url":"https:\/\/brtk.net\/wp-content\/uploads\/2024\/05\/07\/InShot_20240507_142829602-scaled.jpg?ver=2302eabbdd062a511191e474bce22660","type":"","width":"","height":""}],"author":"haberkuzey","twitter_card":"summary_large_image","twitter_misc":{"Yazan:":"haberkuzey","Tahmini okuma s\u00fcresi":"1 dakika"},"schema":{"@context":"https:\/\/schema.org","@graph":[{"@type":"Article","@id":"https:\/\/haberkuzey.com\/index.php\/2024\/05\/07\/gazimagusa-ozel-egitim-ve-is-egitimi-okulunda-bahar-senligi-duzenlendi\/#article","isPartOf":{"@id":"https:\/\/haberkuzey.com\/index.php\/2024\/05\/07\/gazimagusa-ozel-egitim-ve-is-egitimi-okulunda-bahar-senligi-duzenlendi\/"},"author":{"name":"haberkuzey","@id":"https:\/\/haberkuzey.com\/#\/schema\/person\/3372109ec735f9333f4fa47ebb9605ca"},"headline":"Gazima\u011fusa \u00d6zel E\u011fitim ve \u0130\u015f E\u011fitimi Okulu\u2019nda Bahar \u015eenli\u011fi d\u00fczenlendi","datePublished":"2024-05-07T11:36:57+00:00","mainEntityOfPage":{"@id":"https:\/\/haberkuzey.com\/index.php\/2024\/05\/07\/gazimagusa-ozel-egitim-ve-is-egitimi-okulunda-bahar-senligi-duzenlendi\/"},"wordCount":287,"commentCount":0,"image":{"@id":"https:\/\/haberkuzey.com\/index.php\/2024\/05\/07\/gazimagusa-ozel-egitim-ve-is-egitimi-okulunda-bahar-senligi-duzenlendi\/#primaryimage"},"thumbnailUrl":"https:\/\/haberkuzey.com\/wp-content\/uploads\/2024\/05\/InShot_20240507_142829602-scaled.jpg","articleSection":["K\u0131br\u0131s"],"inLanguage":"tr","potentialAction":[{"@type":"CommentAction","name":"Comment","target":["https:\/\/haberkuzey.com\/index.php\/2024\/05\/07\/gazimagusa-ozel-egitim-ve-is-egitimi-okulunda-bahar-senligi-duzenlendi\/#respond"]}]},{"@type":"WebPage","@id":"https:\/\/haberkuzey.com\/index.php\/2024\/05\/07\/gazimagusa-ozel-egitim-ve-is-egitimi-okulunda-bahar-senligi-duzenlendi\/","url":"https:\/\/haberkuzey.com\/index.php\/2024\/05\/07\/gazimagusa-ozel-egitim-ve-is-egitimi-okulunda-bahar-senligi-duzenlendi\/","name":"Gazima\u011fusa \u00d6zel E\u011fitim ve \u0130\u015f E\u011fitimi Okulu\u2019nda Bahar \u015eenli\u011fi d\u00fczenlendi - Haber Kuzey","isPartOf":{"@id":"https:\/\/haberkuzey.com\/#website"},"primaryImageOfPage":{"@id":"https:\/\/haberkuzey.com\/index.php\/2024\/05\/07\/gazimagusa-ozel-egitim-ve-is-egitimi-okulunda-bahar-senligi-duzenlendi\/#primaryimage"},"image":{"@id":"https:\/\/haberkuzey.com\/index.php\/2024\/05\/07\/gazimagusa-ozel-egitim-ve-is-egitimi-okulunda-bahar-senligi-duzenlendi\/#primaryimage"},"thumbnailUrl":"https:\/\/haberkuzey.com\/wp-content\/uploads\/2024\/05\/InShot_20240507_142829602-scaled.jpg","datePublished":"2024-05-07T11:36:57+00:00","author":{"@id":"https:\/\/haberkuzey.com\/#\/schema\/person\/3372109ec735f9333f4fa47ebb9605ca"},"breadcrumb":{"@id":"https:\/\/haberkuzey.com\/index.php\/2024\/05\/07\/gazimagusa-ozel-egitim-ve-is-egitimi-okulunda-bahar-senligi-duzenlendi\/#breadcrumb"},"inLanguage":"tr","potentialAction":[{"@type":"ReadAction","target":["https:\/\/haberkuzey.com\/index.php\/2024\/05\/07\/gazimagusa-ozel-egitim-ve-is-egitimi-okulunda-bahar-senligi-duzenlendi\/"]}]},{"@type":"ImageObject","inLanguage":"tr","@id":"https:\/\/haberkuzey.com\/index.php\/2024\/05\/07\/gazimagusa-ozel-egitim-ve-is-egitimi-okulunda-bahar-senligi-duzenlendi\/#primaryimage","url":"https:\/\/haberkuzey.com\/wp-content\/uploads\/2024\/05\/InShot_20240507_142829602-scaled.jpg","contentUrl":"https:\/\/haberkuzey.com\/wp-content\/uploads\/2024\/05\/InShot_20240507_142829602-scaled.jpg","width":2560,"height":1439},{"@type":"BreadcrumbList","@id":"https:\/\/haberkuzey.com\/index.php\/2024\/05\/07\/gazimagusa-ozel-egitim-ve-is-egitimi-okulunda-bahar-senligi-duzenlendi\/#breadcrumb","itemListElement":[{"@type":"ListItem","position":1,"name":"Anasayfa","item":"https:\/\/haberkuzey.com\/"},{"@type":"ListItem","position":2,"name":"Gazima\u011fusa \u00d6zel E\u011fitim ve \u0130\u015f E\u011fitimi Okulu\u2019nda Bahar \u015eenli\u011fi d\u00fczenlendi"}]},{"@type":"WebSite","@id":"https:\/\/haberkuzey.com\/#website","url":"https:\/\/haberkuzey.com\/","name":"Haber Kuzey","description":"Do\u011fru Haberin Adresi","potentialAction":[{"@type":"SearchAction","target":{"@type":"EntryPoint","urlTemplate":"https:\/\/haberkuzey.com\/?s={search_term_string}"},"query-input":{"@type":"PropertyValueSpecification","valueRequired":true,"valueName":"search_term_string"}}],"inLanguage":"tr"},{"@type":"Person","@id":"https:\/\/haberkuzey.com\/#\/schema\/person\/3372109ec735f9333f4fa47ebb9605ca","name":"haberkuzey","image":{"@type":"ImageObject","inLanguage":"tr","@id":"https:\/\/secure.gravatar.com\/avatar\/f5fc875574b1575324358c3b9e6a32b8227aa5b74f3fa22e3cadb63e26fcc39c?s=96&d=mm&r=g","url":"https:\/\/secure.gravatar.com\/avatar\/f5fc875574b1575324358c3b9e6a32b8227aa5b74f3fa22e3cadb63e26fcc39c?s=96&d=mm&r=g","contentUrl":"https:\/\/secure.gravatar.com\/avatar\/f5fc875574b1575324358c3b9e6a32b8227aa5b74f3fa22e3cadb63e26fcc39c?s=96&d=mm&r=g","caption":"haberkuzey"},"sameAs":["https:\/\/haberkuzey.com"],"url":"https:\/\/haberkuzey.com\/index.php\/author\/haberkuzey\/"}]}},"_links":{"self":[{"href":"https:\/\/haberkuzey.com\/index.php\/wp-json\/wp\/v2\/posts\/1602","targetHints":{"allow":["GET"]}}],"collection":[{"href":"https:\/\/haberkuzey.com\/index.php\/wp-json\/wp\/v2\/posts"}],"about":[{"href":"https:\/\/haberkuzey.com\/index.php\/wp-json\/wp\/v2\/types\/post"}],"author":[{"embeddable":true,"href":"https:\/\/haberkuzey.com\/index.php\/wp-json\/wp\/v2\/users\/1"}],"replies":[{"embeddable":true,"href":"https:\/\/haberkuzey.com\/index.php\/wp-json\/wp\/v2\/comments?post=1602"}],"version-history":[{"count":0,"href":"https:\/\/haberkuzey.com\/index.php\/wp-json\/wp\/v2\/posts\/1602\/revisions"}],"wp:featuredmedia":[{"embeddable":true,"href":"https:\/\/haberkuzey.com\/index.php\/wp-json\/wp\/v2\/media\/1603"}],"wp:attachment":[{"href":"https:\/\/haberkuzey.com\/index.php\/wp-json\/wp\/v2\/media?parent=1602"}],"wp:term":[{"taxonomy":"category","embeddable":true,"href":"https:\/\/haberkuzey.com\/index.php\/wp-json\/wp\/v2\/categories?post=1602"},{"taxonomy":"post_tag","embeddable":true,"href":"https:\/\/haberkuzey.com\/index.php\/wp-json\/wp\/v2\/tags?post=1602"}],"curies":[{"name":"wp","href":"https:\/\/api.w.org\/{rel}","templated":true}]}}