{"id":15975,"date":"2025-01-03T10:36:25","date_gmt":"2025-01-03T08:36:25","guid":{"rendered":"https:\/\/haberkuzey.com\/index.php\/2025\/01\/03\/turkiyede-yillik-enflasyon-yuzde-4438\/"},"modified":"2025-01-03T10:36:25","modified_gmt":"2025-01-03T08:36:25","slug":"turkiyede-yillik-enflasyon-yuzde-4438","status":"publish","type":"post","link":"https:\/\/haberkuzey.com\/index.php\/2025\/01\/03\/turkiyede-yillik-enflasyon-yuzde-4438\/","title":{"rendered":"T\u00fcrkiye\u2019de y\u0131ll\u0131k enflasyon y\u00fczde 44,38"},"content":{"rendered":"<div>\n<div class=\"mariselle-image-container center\">\n                                            <\/div>\n<p>T\u00fcrkiye \u0130statistik Kurumu (T\u00dc\u0130K) aral\u0131k ay\u0131na ili\u015fkin T\u00fcketici Fiyat Endeksi (T\u00dcFE) rakamlar\u0131n\u0131 a\u00e7\u0131klad\u0131.<\/p>\n<p>T\u00dc\u0130K verilerine g\u00f6re, enflasyon, Aral\u0131k 2024\u2019te ayl\u0131k bazda y\u00fczde 1,03 artarken, y\u0131ll\u0131k bazda y\u00fczde 44,38 oldu.<\/p>\n<p>Buna g\u00f6re, T\u00dcFE\u2019deki de\u011fi\u015fim aral\u0131k ay\u0131nda bir \u00f6nceki aya g\u00f6re y\u00fczde 1,03, bir \u00f6nceki y\u0131l\u0131n Aral\u0131k ay\u0131na g\u00f6re y\u00fczde 44,38, bir \u00f6nceki y\u0131l\u0131n ayn\u0131 ay\u0131na g\u00f6re y\u00fczde 44,38 ve on iki ayl\u0131k ortalamalara g\u00f6re y\u00fczde 58,51 olarak ger\u00e7ekle\u015fti.<\/p>\n<p>Bir \u00f6nceki y\u0131l\u0131n ayn\u0131 ay\u0131na g\u00f6re en az art\u0131\u015f g\u00f6steren ana grup y\u00fczde 25,88 ile ula\u015ft\u0131rma oldu. Buna kar\u015f\u0131l\u0131k, bir \u00f6nceki y\u0131l\u0131n ayn\u0131 ay\u0131na g\u00f6re art\u0131\u015f\u0131n en y\u00fcksek oldu\u011fu ana grup ise y\u00fczde 91,64 ile e\u011fitim oldu.<\/p>\n<p>Ana harcama gruplar\u0131 itibar\u0131yla 2024 y\u0131l\u0131 Aral\u0131k ay\u0131nda bir \u00f6nceki aya g\u00f6re en \u00e7ok azalan ana grup y\u00fczde -0,67 ile giyim ve ayakkab\u0131 oldu. Buna kar\u015f\u0131l\u0131k, 2024 y\u0131l\u0131 Aral\u0131k ay\u0131nda bir \u00f6nceki aya g\u00f6re art\u0131\u015f\u0131n en y\u00fcksek oldu\u011fu ana grup ise y\u00fczde 2,78 ile ev e\u015fyas\u0131 oldu.<\/p>\n<p>Endekste kapsanan 143 temel ba\u015fl\u0131ktan, 19 temel ba\u015fl\u0131\u011f\u0131n endeksinde d\u00fc\u015f\u00fc\u015f ger\u00e7ekle\u015firken, 12 temel ba\u015fl\u0131\u011f\u0131n endeksinde de\u011fi\u015fim olmad\u0131. 112 temel ba\u015fl\u0131\u011f\u0131n endeksinde ise art\u0131\u015f ger\u00e7ekle\u015fti.<\/p>\n<p><strong>\u2013 Beklentiler<\/strong><\/p>\n<p>AA Finans Enflasyon Beklenti Anketi\u2019ne kat\u0131lan 19 ekonomist, Aral\u0131k 2024\u2019te T\u00dcFE\u2019nin y\u00fczde 1,61 artaca\u011f\u0131n\u0131 \u00f6ng\u00f6rm\u00fc\u015ft\u00fc. Bu ortalamaya g\u00f6re y\u0131ll\u0131k enflasyonun y\u00fczde 45,21\u2019e gerileyece\u011fi hesaplanm\u0131\u015ft\u0131.<\/p>\n<\/p><\/div>\n<p><script async\n                    defer\n                    crossorigin=\"anonymous\"\n                    src=\"https:\/\/connect.facebook.net\/tr_TR\/sdk.js#xfbml=1&#038;version=v3.3\"\n            ><\/script><\/p>\n","protected":false},"excerpt":{"rendered":"<p>T\u00fcrkiye \u0130statistik Kurumu (T\u00dc\u0130K) aral\u0131k ay\u0131na ili\u015fkin T\u00fcketici Fiyat Endeksi (T\u00dcFE) rakamlar\u0131n\u0131 a\u00e7\u0131klad\u0131. T\u00dc\u0130K verilerine g\u00f6re, enflasyon, Aral\u0131k 2024\u2019te ayl\u0131k bazda y\u00fczde 1,03 artarken, y\u0131ll\u0131k bazda y\u00fczde 44,38 oldu. Buna g\u00f6re, T\u00dcFE\u2019deki de\u011fi\u015fim aral\u0131k ay\u0131nda bir \u00f6nceki aya g\u00f6re y\u00fczde 1,03, bir \u00f6nceki y\u0131l\u0131n Aral\u0131k ay\u0131na g\u00f6re y\u00fczde 44,38, bir \u00f6nceki y\u0131l\u0131n ayn\u0131 ay\u0131na g\u00f6re [&hellip;]<\/p>\n","protected":false},"author":1,"featured_media":1332,"comment_status":"open","ping_status":"open","sticky":false,"template":"","format":"standard","meta":{"jnews-multi-image_gallery":[],"jnews_single_post":[],"jnews_primary_category":[],"footnotes":""},"categories":[2],"tags":[],"class_list":["post-15975","post","type-post","status-publish","format-standard","has-post-thumbnail","hentry","category-dunya"],"yoast_head":"<!-- This site is optimized with the Yoast SEO plugin v27.5 - https:\/\/yoast.com\/product\/yoast-seo-wordpress\/ -->\n<title>T\u00fcrkiye\u2019de y\u0131ll\u0131k enflasyon y\u00fczde 44,38 - Haber Kuzey<\/title>\n<meta name=\"robots\" content=\"index, follow, max-snippet:-1, max-image-preview:large, max-video-preview:-1\" \/>\n<link rel=\"canonical\" href=\"https:\/\/haberkuzey.com\/index.php\/2025\/01\/03\/turkiyede-yillik-enflasyon-yuzde-4438\/\" \/>\n<meta property=\"og:locale\" content=\"tr_TR\" \/>\n<meta property=\"og:type\" content=\"article\" \/>\n<meta property=\"og:title\" content=\"T\u00fcrkiye\u2019de y\u0131ll\u0131k enflasyon y\u00fczde 44,38 - Haber Kuzey\" \/>\n<meta property=\"og:description\" content=\"T\u00fcrkiye \u0130statistik Kurumu (T\u00dc\u0130K) aral\u0131k ay\u0131na ili\u015fkin T\u00fcketici Fiyat Endeksi (T\u00dcFE) rakamlar\u0131n\u0131 a\u00e7\u0131klad\u0131. T\u00dc\u0130K verilerine g\u00f6re, enflasyon, Aral\u0131k 2024\u2019te ayl\u0131k bazda y\u00fczde 1,03 artarken, y\u0131ll\u0131k bazda y\u00fczde 44,38 oldu. Buna g\u00f6re, T\u00dcFE\u2019deki de\u011fi\u015fim aral\u0131k ay\u0131nda bir \u00f6nceki aya g\u00f6re y\u00fczde 1,03, bir \u00f6nceki y\u0131l\u0131n Aral\u0131k ay\u0131na g\u00f6re y\u00fczde 44,38, bir \u00f6nceki y\u0131l\u0131n ayn\u0131 ay\u0131na g\u00f6re [&hellip;]\" \/>\n<meta property=\"og:url\" content=\"https:\/\/haberkuzey.com\/index.php\/2025\/01\/03\/turkiyede-yillik-enflasyon-yuzde-4438\/\" \/>\n<meta property=\"og:site_name\" content=\"Haber Kuzey\" \/>\n<meta property=\"article:published_time\" content=\"2025-01-03T08:36:25+00:00\" \/>\n<meta property=\"og:image\" content=\"https:\/\/brtk.net\/wp-content\/uploads\/2024\/05\/03\/enflasyon.jpg?ver=354122ceed9025458f77d82a60cb6f06\" \/>\n<meta name=\"author\" content=\"haberkuzey\" \/>\n<meta name=\"twitter:card\" content=\"summary_large_image\" \/>\n<meta name=\"twitter:label1\" content=\"Yazan:\" \/>\n\t<meta name=\"twitter:data1\" content=\"haberkuzey\" \/>\n\t<meta name=\"twitter:label2\" content=\"Tahmini okuma s\u00fcresi\" \/>\n\t<meta name=\"twitter:data2\" content=\"1 dakika\" \/>\n<script type=\"application\/ld+json\" class=\"yoast-schema-graph\">{\"@context\":\"https:\\\/\\\/schema.org\",\"@graph\":[{\"@type\":\"Article\",\"@id\":\"https:\\\/\\\/haberkuzey.com\\\/index.php\\\/2025\\\/01\\\/03\\\/turkiyede-yillik-enflasyon-yuzde-4438\\\/#article\",\"isPartOf\":{\"@id\":\"https:\\\/\\\/haberkuzey.com\\\/index.php\\\/2025\\\/01\\\/03\\\/turkiyede-yillik-enflasyon-yuzde-4438\\\/\"},\"author\":{\"name\":\"haberkuzey\",\"@id\":\"https:\\\/\\\/haberkuzey.com\\\/#\\\/schema\\\/person\\\/3372109ec735f9333f4fa47ebb9605ca\"},\"headline\":\"T\u00fcrkiye\u2019de y\u0131ll\u0131k enflasyon y\u00fczde 44,38\",\"datePublished\":\"2025-01-03T08:36:25+00:00\",\"mainEntityOfPage\":{\"@id\":\"https:\\\/\\\/haberkuzey.com\\\/index.php\\\/2025\\\/01\\\/03\\\/turkiyede-yillik-enflasyon-yuzde-4438\\\/\"},\"wordCount\":299,\"commentCount\":0,\"image\":{\"@id\":\"https:\\\/\\\/haberkuzey.com\\\/index.php\\\/2025\\\/01\\\/03\\\/turkiyede-yillik-enflasyon-yuzde-4438\\\/#primaryimage\"},\"thumbnailUrl\":\"https:\\\/\\\/haberkuzey.com\\\/wp-content\\\/uploads\\\/2024\\\/05\\\/enflasyon.jpg\",\"articleSection\":[\"D\u00fcnya\"],\"inLanguage\":\"tr\",\"potentialAction\":[{\"@type\":\"CommentAction\",\"name\":\"Comment\",\"target\":[\"https:\\\/\\\/haberkuzey.com\\\/index.php\\\/2025\\\/01\\\/03\\\/turkiyede-yillik-enflasyon-yuzde-4438\\\/#respond\"]}]},{\"@type\":\"WebPage\",\"@id\":\"https:\\\/\\\/haberkuzey.com\\\/index.php\\\/2025\\\/01\\\/03\\\/turkiyede-yillik-enflasyon-yuzde-4438\\\/\",\"url\":\"https:\\\/\\\/haberkuzey.com\\\/index.php\\\/2025\\\/01\\\/03\\\/turkiyede-yillik-enflasyon-yuzde-4438\\\/\",\"name\":\"T\u00fcrkiye\u2019de y\u0131ll\u0131k enflasyon y\u00fczde 44,38 - Haber Kuzey\",\"isPartOf\":{\"@id\":\"https:\\\/\\\/haberkuzey.com\\\/#website\"},\"primaryImageOfPage\":{\"@id\":\"https:\\\/\\\/haberkuzey.com\\\/index.php\\\/2025\\\/01\\\/03\\\/turkiyede-yillik-enflasyon-yuzde-4438\\\/#primaryimage\"},\"image\":{\"@id\":\"https:\\\/\\\/haberkuzey.com\\\/index.php\\\/2025\\\/01\\\/03\\\/turkiyede-yillik-enflasyon-yuzde-4438\\\/#primaryimage\"},\"thumbnailUrl\":\"https:\\\/\\\/haberkuzey.com\\\/wp-content\\\/uploads\\\/2024\\\/05\\\/enflasyon.jpg\",\"datePublished\":\"2025-01-03T08:36:25+00:00\",\"author\":{\"@id\":\"https:\\\/\\\/haberkuzey.com\\\/#\\\/schema\\\/person\\\/3372109ec735f9333f4fa47ebb9605ca\"},\"breadcrumb\":{\"@id\":\"https:\\\/\\\/haberkuzey.com\\\/index.php\\\/2025\\\/01\\\/03\\\/turkiyede-yillik-enflasyon-yuzde-4438\\\/#breadcrumb\"},\"inLanguage\":\"tr\",\"potentialAction\":[{\"@type\":\"ReadAction\",\"target\":[\"https:\\\/\\\/haberkuzey.com\\\/index.php\\\/2025\\\/01\\\/03\\\/turkiyede-yillik-enflasyon-yuzde-4438\\\/\"]}]},{\"@type\":\"ImageObject\",\"inLanguage\":\"tr\",\"@id\":\"https:\\\/\\\/haberkuzey.com\\\/index.php\\\/2025\\\/01\\\/03\\\/turkiyede-yillik-enflasyon-yuzde-4438\\\/#primaryimage\",\"url\":\"https:\\\/\\\/haberkuzey.com\\\/wp-content\\\/uploads\\\/2024\\\/05\\\/enflasyon.jpg\",\"contentUrl\":\"https:\\\/\\\/haberkuzey.com\\\/wp-content\\\/uploads\\\/2024\\\/05\\\/enflasyon.jpg\",\"width\":864,\"height\":486},{\"@type\":\"BreadcrumbList\",\"@id\":\"https:\\\/\\\/haberkuzey.com\\\/index.php\\\/2025\\\/01\\\/03\\\/turkiyede-yillik-enflasyon-yuzde-4438\\\/#breadcrumb\",\"itemListElement\":[{\"@type\":\"ListItem\",\"position\":1,\"name\":\"Anasayfa\",\"item\":\"https:\\\/\\\/haberkuzey.com\\\/\"},{\"@type\":\"ListItem\",\"position\":2,\"name\":\"T\u00fcrkiye\u2019de y\u0131ll\u0131k enflasyon y\u00fczde 44,38\"}]},{\"@type\":\"WebSite\",\"@id\":\"https:\\\/\\\/haberkuzey.com\\\/#website\",\"url\":\"https:\\\/\\\/haberkuzey.com\\\/\",\"name\":\"Haber Kuzey\",\"description\":\"Do\u011fru Haberin Adresi\",\"potentialAction\":[{\"@type\":\"SearchAction\",\"target\":{\"@type\":\"EntryPoint\",\"urlTemplate\":\"https:\\\/\\\/haberkuzey.com\\\/?s={search_term_string}\"},\"query-input\":{\"@type\":\"PropertyValueSpecification\",\"valueRequired\":true,\"valueName\":\"search_term_string\"}}],\"inLanguage\":\"tr\"},{\"@type\":\"Person\",\"@id\":\"https:\\\/\\\/haberkuzey.com\\\/#\\\/schema\\\/person\\\/3372109ec735f9333f4fa47ebb9605ca\",\"name\":\"haberkuzey\",\"image\":{\"@type\":\"ImageObject\",\"inLanguage\":\"tr\",\"@id\":\"https:\\\/\\\/secure.gravatar.com\\\/avatar\\\/f5fc875574b1575324358c3b9e6a32b8227aa5b74f3fa22e3cadb63e26fcc39c?s=96&d=mm&r=g\",\"url\":\"https:\\\/\\\/secure.gravatar.com\\\/avatar\\\/f5fc875574b1575324358c3b9e6a32b8227aa5b74f3fa22e3cadb63e26fcc39c?s=96&d=mm&r=g\",\"contentUrl\":\"https:\\\/\\\/secure.gravatar.com\\\/avatar\\\/f5fc875574b1575324358c3b9e6a32b8227aa5b74f3fa22e3cadb63e26fcc39c?s=96&d=mm&r=g\",\"caption\":\"haberkuzey\"},\"sameAs\":[\"https:\\\/\\\/haberkuzey.com\"],\"url\":\"https:\\\/\\\/haberkuzey.com\\\/index.php\\\/author\\\/haberkuzey\\\/\"}]}<\/script>\n<!-- \/ Yoast SEO plugin. -->","yoast_head_json":{"title":"T\u00fcrkiye\u2019de y\u0131ll\u0131k enflasyon y\u00fczde 44,38 - Haber Kuzey","robots":{"index":"index","follow":"follow","max-snippet":"max-snippet:-1","max-image-preview":"max-image-preview:large","max-video-preview":"max-video-preview:-1"},"canonical":"https:\/\/haberkuzey.com\/index.php\/2025\/01\/03\/turkiyede-yillik-enflasyon-yuzde-4438\/","og_locale":"tr_TR","og_type":"article","og_title":"T\u00fcrkiye\u2019de y\u0131ll\u0131k enflasyon y\u00fczde 44,38 - Haber Kuzey","og_description":"T\u00fcrkiye \u0130statistik Kurumu (T\u00dc\u0130K) aral\u0131k ay\u0131na ili\u015fkin T\u00fcketici Fiyat Endeksi (T\u00dcFE) rakamlar\u0131n\u0131 a\u00e7\u0131klad\u0131. T\u00dc\u0130K verilerine g\u00f6re, enflasyon, Aral\u0131k 2024\u2019te ayl\u0131k bazda y\u00fczde 1,03 artarken, y\u0131ll\u0131k bazda y\u00fczde 44,38 oldu. Buna g\u00f6re, T\u00dcFE\u2019deki de\u011fi\u015fim aral\u0131k ay\u0131nda bir \u00f6nceki aya g\u00f6re y\u00fczde 1,03, bir \u00f6nceki y\u0131l\u0131n Aral\u0131k ay\u0131na g\u00f6re y\u00fczde 44,38, bir \u00f6nceki y\u0131l\u0131n ayn\u0131 ay\u0131na g\u00f6re [&hellip;]","og_url":"https:\/\/haberkuzey.com\/index.php\/2025\/01\/03\/turkiyede-yillik-enflasyon-yuzde-4438\/","og_site_name":"Haber Kuzey","article_published_time":"2025-01-03T08:36:25+00:00","og_image":[{"url":"https:\/\/brtk.net\/wp-content\/uploads\/2024\/05\/03\/enflasyon.jpg?ver=354122ceed9025458f77d82a60cb6f06","type":"","width":"","height":""}],"author":"haberkuzey","twitter_card":"summary_large_image","twitter_misc":{"Yazan:":"haberkuzey","Tahmini okuma s\u00fcresi":"1 dakika"},"schema":{"@context":"https:\/\/schema.org","@graph":[{"@type":"Article","@id":"https:\/\/haberkuzey.com\/index.php\/2025\/01\/03\/turkiyede-yillik-enflasyon-yuzde-4438\/#article","isPartOf":{"@id":"https:\/\/haberkuzey.com\/index.php\/2025\/01\/03\/turkiyede-yillik-enflasyon-yuzde-4438\/"},"author":{"name":"haberkuzey","@id":"https:\/\/haberkuzey.com\/#\/schema\/person\/3372109ec735f9333f4fa47ebb9605ca"},"headline":"T\u00fcrkiye\u2019de y\u0131ll\u0131k enflasyon y\u00fczde 44,38","datePublished":"2025-01-03T08:36:25+00:00","mainEntityOfPage":{"@id":"https:\/\/haberkuzey.com\/index.php\/2025\/01\/03\/turkiyede-yillik-enflasyon-yuzde-4438\/"},"wordCount":299,"commentCount":0,"image":{"@id":"https:\/\/haberkuzey.com\/index.php\/2025\/01\/03\/turkiyede-yillik-enflasyon-yuzde-4438\/#primaryimage"},"thumbnailUrl":"https:\/\/haberkuzey.com\/wp-content\/uploads\/2024\/05\/enflasyon.jpg","articleSection":["D\u00fcnya"],"inLanguage":"tr","potentialAction":[{"@type":"CommentAction","name":"Comment","target":["https:\/\/haberkuzey.com\/index.php\/2025\/01\/03\/turkiyede-yillik-enflasyon-yuzde-4438\/#respond"]}]},{"@type":"WebPage","@id":"https:\/\/haberkuzey.com\/index.php\/2025\/01\/03\/turkiyede-yillik-enflasyon-yuzde-4438\/","url":"https:\/\/haberkuzey.com\/index.php\/2025\/01\/03\/turkiyede-yillik-enflasyon-yuzde-4438\/","name":"T\u00fcrkiye\u2019de y\u0131ll\u0131k enflasyon y\u00fczde 44,38 - Haber Kuzey","isPartOf":{"@id":"https:\/\/haberkuzey.com\/#website"},"primaryImageOfPage":{"@id":"https:\/\/haberkuzey.com\/index.php\/2025\/01\/03\/turkiyede-yillik-enflasyon-yuzde-4438\/#primaryimage"},"image":{"@id":"https:\/\/haberkuzey.com\/index.php\/2025\/01\/03\/turkiyede-yillik-enflasyon-yuzde-4438\/#primaryimage"},"thumbnailUrl":"https:\/\/haberkuzey.com\/wp-content\/uploads\/2024\/05\/enflasyon.jpg","datePublished":"2025-01-03T08:36:25+00:00","author":{"@id":"https:\/\/haberkuzey.com\/#\/schema\/person\/3372109ec735f9333f4fa47ebb9605ca"},"breadcrumb":{"@id":"https:\/\/haberkuzey.com\/index.php\/2025\/01\/03\/turkiyede-yillik-enflasyon-yuzde-4438\/#breadcrumb"},"inLanguage":"tr","potentialAction":[{"@type":"ReadAction","target":["https:\/\/haberkuzey.com\/index.php\/2025\/01\/03\/turkiyede-yillik-enflasyon-yuzde-4438\/"]}]},{"@type":"ImageObject","inLanguage":"tr","@id":"https:\/\/haberkuzey.com\/index.php\/2025\/01\/03\/turkiyede-yillik-enflasyon-yuzde-4438\/#primaryimage","url":"https:\/\/haberkuzey.com\/wp-content\/uploads\/2024\/05\/enflasyon.jpg","contentUrl":"https:\/\/haberkuzey.com\/wp-content\/uploads\/2024\/05\/enflasyon.jpg","width":864,"height":486},{"@type":"BreadcrumbList","@id":"https:\/\/haberkuzey.com\/index.php\/2025\/01\/03\/turkiyede-yillik-enflasyon-yuzde-4438\/#breadcrumb","itemListElement":[{"@type":"ListItem","position":1,"name":"Anasayfa","item":"https:\/\/haberkuzey.com\/"},{"@type":"ListItem","position":2,"name":"T\u00fcrkiye\u2019de y\u0131ll\u0131k enflasyon y\u00fczde 44,38"}]},{"@type":"WebSite","@id":"https:\/\/haberkuzey.com\/#website","url":"https:\/\/haberkuzey.com\/","name":"Haber Kuzey","description":"Do\u011fru Haberin Adresi","potentialAction":[{"@type":"SearchAction","target":{"@type":"EntryPoint","urlTemplate":"https:\/\/haberkuzey.com\/?s={search_term_string}"},"query-input":{"@type":"PropertyValueSpecification","valueRequired":true,"valueName":"search_term_string"}}],"inLanguage":"tr"},{"@type":"Person","@id":"https:\/\/haberkuzey.com\/#\/schema\/person\/3372109ec735f9333f4fa47ebb9605ca","name":"haberkuzey","image":{"@type":"ImageObject","inLanguage":"tr","@id":"https:\/\/secure.gravatar.com\/avatar\/f5fc875574b1575324358c3b9e6a32b8227aa5b74f3fa22e3cadb63e26fcc39c?s=96&d=mm&r=g","url":"https:\/\/secure.gravatar.com\/avatar\/f5fc875574b1575324358c3b9e6a32b8227aa5b74f3fa22e3cadb63e26fcc39c?s=96&d=mm&r=g","contentUrl":"https:\/\/secure.gravatar.com\/avatar\/f5fc875574b1575324358c3b9e6a32b8227aa5b74f3fa22e3cadb63e26fcc39c?s=96&d=mm&r=g","caption":"haberkuzey"},"sameAs":["https:\/\/haberkuzey.com"],"url":"https:\/\/haberkuzey.com\/index.php\/author\/haberkuzey\/"}]}},"_links":{"self":[{"href":"https:\/\/haberkuzey.com\/index.php\/wp-json\/wp\/v2\/posts\/15975","targetHints":{"allow":["GET"]}}],"collection":[{"href":"https:\/\/haberkuzey.com\/index.php\/wp-json\/wp\/v2\/posts"}],"about":[{"href":"https:\/\/haberkuzey.com\/index.php\/wp-json\/wp\/v2\/types\/post"}],"author":[{"embeddable":true,"href":"https:\/\/haberkuzey.com\/index.php\/wp-json\/wp\/v2\/users\/1"}],"replies":[{"embeddable":true,"href":"https:\/\/haberkuzey.com\/index.php\/wp-json\/wp\/v2\/comments?post=15975"}],"version-history":[{"count":0,"href":"https:\/\/haberkuzey.com\/index.php\/wp-json\/wp\/v2\/posts\/15975\/revisions"}],"wp:featuredmedia":[{"embeddable":true,"href":"https:\/\/haberkuzey.com\/index.php\/wp-json\/wp\/v2\/media\/1332"}],"wp:attachment":[{"href":"https:\/\/haberkuzey.com\/index.php\/wp-json\/wp\/v2\/media?parent=15975"}],"wp:term":[{"taxonomy":"category","embeddable":true,"href":"https:\/\/haberkuzey.com\/index.php\/wp-json\/wp\/v2\/categories?post=15975"},{"taxonomy":"post_tag","embeddable":true,"href":"https:\/\/haberkuzey.com\/index.php\/wp-json\/wp\/v2\/tags?post=15975"}],"curies":[{"name":"wp","href":"https:\/\/api.w.org\/{rel}","templated":true}]}}