{"id":1592,"date":"2024-05-07T13:23:57","date_gmt":"2024-05-07T10:23:57","guid":{"rendered":"https:\/\/haberkuzey.com\/index.php\/2024\/05\/07\/cmc-atiklariyla-ilgili-belgesel-9-mayista-daude-gosterilecek\/"},"modified":"2024-05-07T13:23:57","modified_gmt":"2024-05-07T10:23:57","slug":"cmc-atiklariyla-ilgili-belgesel-9-mayista-daude-gosterilecek","status":"publish","type":"post","link":"https:\/\/haberkuzey.com\/index.php\/2024\/05\/07\/cmc-atiklariyla-ilgili-belgesel-9-mayista-daude-gosterilecek\/","title":{"rendered":"CMC at\u0131klar\u0131yla ilgili belgesel 9 May\u0131s\u2019ta DA\u00dc\u2019de g\u00f6sterilecek"},"content":{"rendered":"<div>\n<div class=\"mariselle-image-container center\">\n                                            <\/div>\n<p>Do\u011fu Akdeniz \u00dcniversitesiBN(DA\u00dc)  Yeni Medya ve Gazetecilik B\u00f6l\u00fcm\u00fc taraf\u0131ndan haz\u0131rlanan belgesel \u201cCMC Maden At\u0131klar\u0131\u201d DA\u00dc\u2019de g\u00f6sterilecek.<\/p>\n<p>DA\u00dc\u2019den verilen bilgiye g\u00f6re, ilk g\u00f6sterimi Lefke\u2019de yap\u0131lan \u00f6d\u00fcll\u00fc belgesel, 9 May\u0131s Per\u015fembe DA\u00dc \u0130leti\u015fim Fak\u00fcltesi Mor Salon\u2019da g\u00f6sterilecek, g\u00f6sterim 15.30\u2019da ba\u015flayacak. <\/p>\n<p>Belgesel, DA\u00dc \u0130leti\u015fim Fak\u00fcltesi Dekan\u0131 ve Proje Dan\u0131\u015fman\u0131 Prof. Dr. Metin Ersoy  ile DA\u00dc Yeni Medya ve Gazetecilik B\u00f6l\u00fcm Ba\u015fkan\u0131 Prof. Dr. Hanife Aliefendio\u011flu \u00f6nderli\u011finde haz\u0131rland\u0131. DA\u00dc\u2019deki belgesel g\u00f6sterimi, merhum CMC maden i\u015f\u00e7isi H\u00fcseyin Tireme\u015feli\u2019n\u0131n an\u0131s\u0131na atfedildi. <\/p>\n<p>Belgesel, T\u00fcrkiye Gazeteciler Cemiyeti (TGC) Ayd\u0131n Do\u011fan Vakf\u0131 33\u2019\u00fcnc\u00fc Gen\u00e7 \u0130leti\u015fimciler Yar\u0131\u015fmas\u0131\u2019nda ikincilik \u00f6d\u00fcl\u00fcn\u00fc kazanm\u0131\u015ft\u0131. Belgeselin, y\u00f6netmenli\u011fini DA\u00dc Radyo, Televizyon ve Sinema Lisans Program\u0131 mezunu Sad\u0131k Tevfik Kayrak\u00e7\u0131, edit\u00f6rl\u00fc\u011f\u00fcn\u00fc ise DA\u00dc Yeni Medya ve Gazetecilik B\u00f6l\u00fcm\u00fc \u00f6\u011frencisi Melisa Sant\u00fcrk ger\u00e7ekle\u015ftirdi. <\/p>\n<p>\u0130\u00e7erik \u00fcreticisi Can P\u00fcr\u00fczs\u00fcz ve DA\u00dc \u0130leti\u015fim Fak\u00fcltesi Ara\u015ft\u0131rma G\u00f6revlisi \u0130brahim Emre Sugel\u2019in dan\u0131\u015fman edit\u00f6rl\u00fc\u011f\u00fcn\u00fc \u00fcstlendi\u011fi belgeselde, Lefke Belediye Ba\u015fkan\u0131 Aziz Kaya, Lefke Sivil Toplum \u00d6rg\u00fctleri Platformu Koordinat\u00f6r\u00fc Teoman Oktay, Lefke Turizm Derne\u011fi Asba\u015fkan\u0131 Hasan Karl\u0131ta\u015f,  eski Biyologlar Derne\u011fi Ba\u015fkan\u0131 Biyolog \u00c7evre Aktivisti Hasan Sarpten ve eski CMC  maden i\u015f\u00e7isi H\u00fcseyin Tireme\u015feli\u2019yle yap\u0131lan g\u00f6r\u00fc\u015fmeler yer al\u0131yor.<\/p>\n<\/p><\/div>\n<p><script async\n                    defer\n                    crossorigin=\"anonymous\"\n                    src=\"https:\/\/connect.facebook.net\/tr_TR\/sdk.js#xfbml=1&#038;version=v3.3\"\n            ><\/script><\/p>\n","protected":false},"excerpt":{"rendered":"<p>Do\u011fu Akdeniz \u00dcniversitesiBN(DA\u00dc) Yeni Medya ve Gazetecilik B\u00f6l\u00fcm\u00fc taraf\u0131ndan haz\u0131rlanan belgesel \u201cCMC Maden At\u0131klar\u0131\u201d DA\u00dc\u2019de g\u00f6sterilecek. DA\u00dc\u2019den verilen bilgiye g\u00f6re, ilk g\u00f6sterimi Lefke\u2019de yap\u0131lan \u00f6d\u00fcll\u00fc belgesel, 9 May\u0131s Per\u015fembe DA\u00dc \u0130leti\u015fim Fak\u00fcltesi Mor Salon\u2019da g\u00f6sterilecek, g\u00f6sterim 15.30\u2019da ba\u015flayacak. Belgesel, DA\u00dc \u0130leti\u015fim Fak\u00fcltesi Dekan\u0131 ve Proje Dan\u0131\u015fman\u0131 Prof. Dr. Metin Ersoy ile DA\u00dc Yeni Medya ve [&hellip;]<\/p>\n","protected":false},"author":1,"featured_media":1593,"comment_status":"open","ping_status":"open","sticky":false,"template":"","format":"standard","meta":{"jnews-multi-image_gallery":[],"jnews_single_post":[],"jnews_primary_category":[],"footnotes":""},"categories":[1],"tags":[],"class_list":["post-1592","post","type-post","status-publish","format-standard","has-post-thumbnail","hentry","category-kibris"],"yoast_head":"<!-- This site is optimized with the Yoast SEO plugin v27.5 - https:\/\/yoast.com\/product\/yoast-seo-wordpress\/ -->\n<title>CMC at\u0131klar\u0131yla ilgili belgesel 9 May\u0131s\u2019ta DA\u00dc\u2019de g\u00f6sterilecek - Haber Kuzey<\/title>\n<meta name=\"robots\" content=\"index, follow, max-snippet:-1, max-image-preview:large, max-video-preview:-1\" \/>\n<link rel=\"canonical\" href=\"https:\/\/haberkuzey.com\/index.php\/2024\/05\/07\/cmc-atiklariyla-ilgili-belgesel-9-mayista-daude-gosterilecek\/\" \/>\n<meta property=\"og:locale\" content=\"tr_TR\" \/>\n<meta property=\"og:type\" content=\"article\" \/>\n<meta property=\"og:title\" content=\"CMC at\u0131klar\u0131yla ilgili belgesel 9 May\u0131s\u2019ta DA\u00dc\u2019de g\u00f6sterilecek - Haber Kuzey\" \/>\n<meta property=\"og:description\" content=\"Do\u011fu Akdeniz \u00dcniversitesiBN(DA\u00dc) Yeni Medya ve Gazetecilik B\u00f6l\u00fcm\u00fc taraf\u0131ndan haz\u0131rlanan belgesel \u201cCMC Maden At\u0131klar\u0131\u201d DA\u00dc\u2019de g\u00f6sterilecek. DA\u00dc\u2019den verilen bilgiye g\u00f6re, ilk g\u00f6sterimi Lefke\u2019de yap\u0131lan \u00f6d\u00fcll\u00fc belgesel, 9 May\u0131s Per\u015fembe DA\u00dc \u0130leti\u015fim Fak\u00fcltesi Mor Salon\u2019da g\u00f6sterilecek, g\u00f6sterim 15.30\u2019da ba\u015flayacak. Belgesel, DA\u00dc \u0130leti\u015fim Fak\u00fcltesi Dekan\u0131 ve Proje Dan\u0131\u015fman\u0131 Prof. Dr. Metin Ersoy ile DA\u00dc Yeni Medya ve [&hellip;]\" \/>\n<meta property=\"og:url\" content=\"https:\/\/haberkuzey.com\/index.php\/2024\/05\/07\/cmc-atiklariyla-ilgili-belgesel-9-mayista-daude-gosterilecek\/\" \/>\n<meta property=\"og:site_name\" content=\"Haber Kuzey\" \/>\n<meta property=\"article:published_time\" content=\"2024-05-07T10:23:57+00:00\" \/>\n<meta property=\"og:image\" content=\"https:\/\/brtk.net\/wp-content\/uploads\/2024\/05\/07\/dau-cmc-scaled.jpg?ver=2dbd10a8a3c312a73263fef89d458080\" \/>\n<meta name=\"author\" content=\"haberkuzey\" \/>\n<meta name=\"twitter:card\" content=\"summary_large_image\" \/>\n<meta name=\"twitter:label1\" content=\"Yazan:\" \/>\n\t<meta name=\"twitter:data1\" content=\"haberkuzey\" \/>\n\t<meta name=\"twitter:label2\" content=\"Tahmini okuma s\u00fcresi\" \/>\n\t<meta name=\"twitter:data2\" content=\"1 dakika\" \/>\n<script type=\"application\/ld+json\" class=\"yoast-schema-graph\">{\"@context\":\"https:\\\/\\\/schema.org\",\"@graph\":[{\"@type\":\"Article\",\"@id\":\"https:\\\/\\\/haberkuzey.com\\\/index.php\\\/2024\\\/05\\\/07\\\/cmc-atiklariyla-ilgili-belgesel-9-mayista-daude-gosterilecek\\\/#article\",\"isPartOf\":{\"@id\":\"https:\\\/\\\/haberkuzey.com\\\/index.php\\\/2024\\\/05\\\/07\\\/cmc-atiklariyla-ilgili-belgesel-9-mayista-daude-gosterilecek\\\/\"},\"author\":{\"name\":\"haberkuzey\",\"@id\":\"https:\\\/\\\/haberkuzey.com\\\/#\\\/schema\\\/person\\\/3372109ec735f9333f4fa47ebb9605ca\"},\"headline\":\"CMC at\u0131klar\u0131yla ilgili belgesel 9 May\u0131s\u2019ta DA\u00dc\u2019de g\u00f6sterilecek\",\"datePublished\":\"2024-05-07T10:23:57+00:00\",\"mainEntityOfPage\":{\"@id\":\"https:\\\/\\\/haberkuzey.com\\\/index.php\\\/2024\\\/05\\\/07\\\/cmc-atiklariyla-ilgili-belgesel-9-mayista-daude-gosterilecek\\\/\"},\"wordCount\":272,\"commentCount\":0,\"image\":{\"@id\":\"https:\\\/\\\/haberkuzey.com\\\/index.php\\\/2024\\\/05\\\/07\\\/cmc-atiklariyla-ilgili-belgesel-9-mayista-daude-gosterilecek\\\/#primaryimage\"},\"thumbnailUrl\":\"https:\\\/\\\/haberkuzey.com\\\/wp-content\\\/uploads\\\/2024\\\/05\\\/dau-cmc-scaled.jpg\",\"articleSection\":[\"K\u0131br\u0131s\"],\"inLanguage\":\"tr\",\"potentialAction\":[{\"@type\":\"CommentAction\",\"name\":\"Comment\",\"target\":[\"https:\\\/\\\/haberkuzey.com\\\/index.php\\\/2024\\\/05\\\/07\\\/cmc-atiklariyla-ilgili-belgesel-9-mayista-daude-gosterilecek\\\/#respond\"]}]},{\"@type\":\"WebPage\",\"@id\":\"https:\\\/\\\/haberkuzey.com\\\/index.php\\\/2024\\\/05\\\/07\\\/cmc-atiklariyla-ilgili-belgesel-9-mayista-daude-gosterilecek\\\/\",\"url\":\"https:\\\/\\\/haberkuzey.com\\\/index.php\\\/2024\\\/05\\\/07\\\/cmc-atiklariyla-ilgili-belgesel-9-mayista-daude-gosterilecek\\\/\",\"name\":\"CMC at\u0131klar\u0131yla ilgili belgesel 9 May\u0131s\u2019ta DA\u00dc\u2019de g\u00f6sterilecek - Haber Kuzey\",\"isPartOf\":{\"@id\":\"https:\\\/\\\/haberkuzey.com\\\/#website\"},\"primaryImageOfPage\":{\"@id\":\"https:\\\/\\\/haberkuzey.com\\\/index.php\\\/2024\\\/05\\\/07\\\/cmc-atiklariyla-ilgili-belgesel-9-mayista-daude-gosterilecek\\\/#primaryimage\"},\"image\":{\"@id\":\"https:\\\/\\\/haberkuzey.com\\\/index.php\\\/2024\\\/05\\\/07\\\/cmc-atiklariyla-ilgili-belgesel-9-mayista-daude-gosterilecek\\\/#primaryimage\"},\"thumbnailUrl\":\"https:\\\/\\\/haberkuzey.com\\\/wp-content\\\/uploads\\\/2024\\\/05\\\/dau-cmc-scaled.jpg\",\"datePublished\":\"2024-05-07T10:23:57+00:00\",\"author\":{\"@id\":\"https:\\\/\\\/haberkuzey.com\\\/#\\\/schema\\\/person\\\/3372109ec735f9333f4fa47ebb9605ca\"},\"breadcrumb\":{\"@id\":\"https:\\\/\\\/haberkuzey.com\\\/index.php\\\/2024\\\/05\\\/07\\\/cmc-atiklariyla-ilgili-belgesel-9-mayista-daude-gosterilecek\\\/#breadcrumb\"},\"inLanguage\":\"tr\",\"potentialAction\":[{\"@type\":\"ReadAction\",\"target\":[\"https:\\\/\\\/haberkuzey.com\\\/index.php\\\/2024\\\/05\\\/07\\\/cmc-atiklariyla-ilgili-belgesel-9-mayista-daude-gosterilecek\\\/\"]}]},{\"@type\":\"ImageObject\",\"inLanguage\":\"tr\",\"@id\":\"https:\\\/\\\/haberkuzey.com\\\/index.php\\\/2024\\\/05\\\/07\\\/cmc-atiklariyla-ilgili-belgesel-9-mayista-daude-gosterilecek\\\/#primaryimage\",\"url\":\"https:\\\/\\\/haberkuzey.com\\\/wp-content\\\/uploads\\\/2024\\\/05\\\/dau-cmc-scaled.jpg\",\"contentUrl\":\"https:\\\/\\\/haberkuzey.com\\\/wp-content\\\/uploads\\\/2024\\\/05\\\/dau-cmc-scaled.jpg\",\"width\":1810,\"height\":2560},{\"@type\":\"BreadcrumbList\",\"@id\":\"https:\\\/\\\/haberkuzey.com\\\/index.php\\\/2024\\\/05\\\/07\\\/cmc-atiklariyla-ilgili-belgesel-9-mayista-daude-gosterilecek\\\/#breadcrumb\",\"itemListElement\":[{\"@type\":\"ListItem\",\"position\":1,\"name\":\"Anasayfa\",\"item\":\"https:\\\/\\\/haberkuzey.com\\\/\"},{\"@type\":\"ListItem\",\"position\":2,\"name\":\"CMC at\u0131klar\u0131yla ilgili belgesel 9 May\u0131s\u2019ta DA\u00dc\u2019de g\u00f6sterilecek\"}]},{\"@type\":\"WebSite\",\"@id\":\"https:\\\/\\\/haberkuzey.com\\\/#website\",\"url\":\"https:\\\/\\\/haberkuzey.com\\\/\",\"name\":\"Haber Kuzey\",\"description\":\"Do\u011fru Haberin Adresi\",\"potentialAction\":[{\"@type\":\"SearchAction\",\"target\":{\"@type\":\"EntryPoint\",\"urlTemplate\":\"https:\\\/\\\/haberkuzey.com\\\/?s={search_term_string}\"},\"query-input\":{\"@type\":\"PropertyValueSpecification\",\"valueRequired\":true,\"valueName\":\"search_term_string\"}}],\"inLanguage\":\"tr\"},{\"@type\":\"Person\",\"@id\":\"https:\\\/\\\/haberkuzey.com\\\/#\\\/schema\\\/person\\\/3372109ec735f9333f4fa47ebb9605ca\",\"name\":\"haberkuzey\",\"image\":{\"@type\":\"ImageObject\",\"inLanguage\":\"tr\",\"@id\":\"https:\\\/\\\/secure.gravatar.com\\\/avatar\\\/f5fc875574b1575324358c3b9e6a32b8227aa5b74f3fa22e3cadb63e26fcc39c?s=96&d=mm&r=g\",\"url\":\"https:\\\/\\\/secure.gravatar.com\\\/avatar\\\/f5fc875574b1575324358c3b9e6a32b8227aa5b74f3fa22e3cadb63e26fcc39c?s=96&d=mm&r=g\",\"contentUrl\":\"https:\\\/\\\/secure.gravatar.com\\\/avatar\\\/f5fc875574b1575324358c3b9e6a32b8227aa5b74f3fa22e3cadb63e26fcc39c?s=96&d=mm&r=g\",\"caption\":\"haberkuzey\"},\"sameAs\":[\"https:\\\/\\\/haberkuzey.com\"],\"url\":\"https:\\\/\\\/haberkuzey.com\\\/index.php\\\/author\\\/haberkuzey\\\/\"}]}<\/script>\n<!-- \/ Yoast SEO plugin. -->","yoast_head_json":{"title":"CMC at\u0131klar\u0131yla ilgili belgesel 9 May\u0131s\u2019ta DA\u00dc\u2019de g\u00f6sterilecek - Haber Kuzey","robots":{"index":"index","follow":"follow","max-snippet":"max-snippet:-1","max-image-preview":"max-image-preview:large","max-video-preview":"max-video-preview:-1"},"canonical":"https:\/\/haberkuzey.com\/index.php\/2024\/05\/07\/cmc-atiklariyla-ilgili-belgesel-9-mayista-daude-gosterilecek\/","og_locale":"tr_TR","og_type":"article","og_title":"CMC at\u0131klar\u0131yla ilgili belgesel 9 May\u0131s\u2019ta DA\u00dc\u2019de g\u00f6sterilecek - Haber Kuzey","og_description":"Do\u011fu Akdeniz \u00dcniversitesiBN(DA\u00dc) Yeni Medya ve Gazetecilik B\u00f6l\u00fcm\u00fc taraf\u0131ndan haz\u0131rlanan belgesel \u201cCMC Maden At\u0131klar\u0131\u201d DA\u00dc\u2019de g\u00f6sterilecek. DA\u00dc\u2019den verilen bilgiye g\u00f6re, ilk g\u00f6sterimi Lefke\u2019de yap\u0131lan \u00f6d\u00fcll\u00fc belgesel, 9 May\u0131s Per\u015fembe DA\u00dc \u0130leti\u015fim Fak\u00fcltesi Mor Salon\u2019da g\u00f6sterilecek, g\u00f6sterim 15.30\u2019da ba\u015flayacak. Belgesel, DA\u00dc \u0130leti\u015fim Fak\u00fcltesi Dekan\u0131 ve Proje Dan\u0131\u015fman\u0131 Prof. Dr. Metin Ersoy ile DA\u00dc Yeni Medya ve [&hellip;]","og_url":"https:\/\/haberkuzey.com\/index.php\/2024\/05\/07\/cmc-atiklariyla-ilgili-belgesel-9-mayista-daude-gosterilecek\/","og_site_name":"Haber Kuzey","article_published_time":"2024-05-07T10:23:57+00:00","og_image":[{"url":"https:\/\/brtk.net\/wp-content\/uploads\/2024\/05\/07\/dau-cmc-scaled.jpg?ver=2dbd10a8a3c312a73263fef89d458080","type":"","width":"","height":""}],"author":"haberkuzey","twitter_card":"summary_large_image","twitter_misc":{"Yazan:":"haberkuzey","Tahmini okuma s\u00fcresi":"1 dakika"},"schema":{"@context":"https:\/\/schema.org","@graph":[{"@type":"Article","@id":"https:\/\/haberkuzey.com\/index.php\/2024\/05\/07\/cmc-atiklariyla-ilgili-belgesel-9-mayista-daude-gosterilecek\/#article","isPartOf":{"@id":"https:\/\/haberkuzey.com\/index.php\/2024\/05\/07\/cmc-atiklariyla-ilgili-belgesel-9-mayista-daude-gosterilecek\/"},"author":{"name":"haberkuzey","@id":"https:\/\/haberkuzey.com\/#\/schema\/person\/3372109ec735f9333f4fa47ebb9605ca"},"headline":"CMC at\u0131klar\u0131yla ilgili belgesel 9 May\u0131s\u2019ta DA\u00dc\u2019de g\u00f6sterilecek","datePublished":"2024-05-07T10:23:57+00:00","mainEntityOfPage":{"@id":"https:\/\/haberkuzey.com\/index.php\/2024\/05\/07\/cmc-atiklariyla-ilgili-belgesel-9-mayista-daude-gosterilecek\/"},"wordCount":272,"commentCount":0,"image":{"@id":"https:\/\/haberkuzey.com\/index.php\/2024\/05\/07\/cmc-atiklariyla-ilgili-belgesel-9-mayista-daude-gosterilecek\/#primaryimage"},"thumbnailUrl":"https:\/\/haberkuzey.com\/wp-content\/uploads\/2024\/05\/dau-cmc-scaled.jpg","articleSection":["K\u0131br\u0131s"],"inLanguage":"tr","potentialAction":[{"@type":"CommentAction","name":"Comment","target":["https:\/\/haberkuzey.com\/index.php\/2024\/05\/07\/cmc-atiklariyla-ilgili-belgesel-9-mayista-daude-gosterilecek\/#respond"]}]},{"@type":"WebPage","@id":"https:\/\/haberkuzey.com\/index.php\/2024\/05\/07\/cmc-atiklariyla-ilgili-belgesel-9-mayista-daude-gosterilecek\/","url":"https:\/\/haberkuzey.com\/index.php\/2024\/05\/07\/cmc-atiklariyla-ilgili-belgesel-9-mayista-daude-gosterilecek\/","name":"CMC at\u0131klar\u0131yla ilgili belgesel 9 May\u0131s\u2019ta DA\u00dc\u2019de g\u00f6sterilecek - Haber Kuzey","isPartOf":{"@id":"https:\/\/haberkuzey.com\/#website"},"primaryImageOfPage":{"@id":"https:\/\/haberkuzey.com\/index.php\/2024\/05\/07\/cmc-atiklariyla-ilgili-belgesel-9-mayista-daude-gosterilecek\/#primaryimage"},"image":{"@id":"https:\/\/haberkuzey.com\/index.php\/2024\/05\/07\/cmc-atiklariyla-ilgili-belgesel-9-mayista-daude-gosterilecek\/#primaryimage"},"thumbnailUrl":"https:\/\/haberkuzey.com\/wp-content\/uploads\/2024\/05\/dau-cmc-scaled.jpg","datePublished":"2024-05-07T10:23:57+00:00","author":{"@id":"https:\/\/haberkuzey.com\/#\/schema\/person\/3372109ec735f9333f4fa47ebb9605ca"},"breadcrumb":{"@id":"https:\/\/haberkuzey.com\/index.php\/2024\/05\/07\/cmc-atiklariyla-ilgili-belgesel-9-mayista-daude-gosterilecek\/#breadcrumb"},"inLanguage":"tr","potentialAction":[{"@type":"ReadAction","target":["https:\/\/haberkuzey.com\/index.php\/2024\/05\/07\/cmc-atiklariyla-ilgili-belgesel-9-mayista-daude-gosterilecek\/"]}]},{"@type":"ImageObject","inLanguage":"tr","@id":"https:\/\/haberkuzey.com\/index.php\/2024\/05\/07\/cmc-atiklariyla-ilgili-belgesel-9-mayista-daude-gosterilecek\/#primaryimage","url":"https:\/\/haberkuzey.com\/wp-content\/uploads\/2024\/05\/dau-cmc-scaled.jpg","contentUrl":"https:\/\/haberkuzey.com\/wp-content\/uploads\/2024\/05\/dau-cmc-scaled.jpg","width":1810,"height":2560},{"@type":"BreadcrumbList","@id":"https:\/\/haberkuzey.com\/index.php\/2024\/05\/07\/cmc-atiklariyla-ilgili-belgesel-9-mayista-daude-gosterilecek\/#breadcrumb","itemListElement":[{"@type":"ListItem","position":1,"name":"Anasayfa","item":"https:\/\/haberkuzey.com\/"},{"@type":"ListItem","position":2,"name":"CMC at\u0131klar\u0131yla ilgili belgesel 9 May\u0131s\u2019ta DA\u00dc\u2019de g\u00f6sterilecek"}]},{"@type":"WebSite","@id":"https:\/\/haberkuzey.com\/#website","url":"https:\/\/haberkuzey.com\/","name":"Haber Kuzey","description":"Do\u011fru Haberin Adresi","potentialAction":[{"@type":"SearchAction","target":{"@type":"EntryPoint","urlTemplate":"https:\/\/haberkuzey.com\/?s={search_term_string}"},"query-input":{"@type":"PropertyValueSpecification","valueRequired":true,"valueName":"search_term_string"}}],"inLanguage":"tr"},{"@type":"Person","@id":"https:\/\/haberkuzey.com\/#\/schema\/person\/3372109ec735f9333f4fa47ebb9605ca","name":"haberkuzey","image":{"@type":"ImageObject","inLanguage":"tr","@id":"https:\/\/secure.gravatar.com\/avatar\/f5fc875574b1575324358c3b9e6a32b8227aa5b74f3fa22e3cadb63e26fcc39c?s=96&d=mm&r=g","url":"https:\/\/secure.gravatar.com\/avatar\/f5fc875574b1575324358c3b9e6a32b8227aa5b74f3fa22e3cadb63e26fcc39c?s=96&d=mm&r=g","contentUrl":"https:\/\/secure.gravatar.com\/avatar\/f5fc875574b1575324358c3b9e6a32b8227aa5b74f3fa22e3cadb63e26fcc39c?s=96&d=mm&r=g","caption":"haberkuzey"},"sameAs":["https:\/\/haberkuzey.com"],"url":"https:\/\/haberkuzey.com\/index.php\/author\/haberkuzey\/"}]}},"_links":{"self":[{"href":"https:\/\/haberkuzey.com\/index.php\/wp-json\/wp\/v2\/posts\/1592","targetHints":{"allow":["GET"]}}],"collection":[{"href":"https:\/\/haberkuzey.com\/index.php\/wp-json\/wp\/v2\/posts"}],"about":[{"href":"https:\/\/haberkuzey.com\/index.php\/wp-json\/wp\/v2\/types\/post"}],"author":[{"embeddable":true,"href":"https:\/\/haberkuzey.com\/index.php\/wp-json\/wp\/v2\/users\/1"}],"replies":[{"embeddable":true,"href":"https:\/\/haberkuzey.com\/index.php\/wp-json\/wp\/v2\/comments?post=1592"}],"version-history":[{"count":0,"href":"https:\/\/haberkuzey.com\/index.php\/wp-json\/wp\/v2\/posts\/1592\/revisions"}],"wp:featuredmedia":[{"embeddable":true,"href":"https:\/\/haberkuzey.com\/index.php\/wp-json\/wp\/v2\/media\/1593"}],"wp:attachment":[{"href":"https:\/\/haberkuzey.com\/index.php\/wp-json\/wp\/v2\/media?parent=1592"}],"wp:term":[{"taxonomy":"category","embeddable":true,"href":"https:\/\/haberkuzey.com\/index.php\/wp-json\/wp\/v2\/categories?post=1592"},{"taxonomy":"post_tag","embeddable":true,"href":"https:\/\/haberkuzey.com\/index.php\/wp-json\/wp\/v2\/tags?post=1592"}],"curies":[{"name":"wp","href":"https:\/\/api.w.org\/{rel}","templated":true}]}}