{"id":1585,"date":"2024-05-07T11:04:54","date_gmt":"2024-05-07T08:04:54","guid":{"rendered":"https:\/\/haberkuzey.com\/index.php\/2024\/05\/07\/cinde-hastanede-duzenlenen-bicakli-saldirida-10dan-fazla-kisi-hayatini-kaybetti\/"},"modified":"2024-05-07T11:04:54","modified_gmt":"2024-05-07T08:04:54","slug":"cinde-hastanede-duzenlenen-bicakli-saldirida-10dan-fazla-kisi-hayatini-kaybetti","status":"publish","type":"post","link":"https:\/\/haberkuzey.com\/index.php\/2024\/05\/07\/cinde-hastanede-duzenlenen-bicakli-saldirida-10dan-fazla-kisi-hayatini-kaybetti\/","title":{"rendered":"\u00c7in&#039;de hastanede d\u00fczenlenen b\u0131\u00e7akl\u0131 sald\u0131r\u0131da 10&#039;dan fazla ki\u015fi hayat\u0131n\u0131 kaybetti"},"content":{"rendered":"<p><\/p>\n<div>\n<p>&#13;<br \/>\n\t<a href=\"https:\/\/www.trthaber.com\/etiket\/cin\/\" target=\"_blank\" rel=\"noopener\">\u00c7in<\/a> ajans\u0131 Xinhua&#8217;n\u0131n haberine g\u00f6re sald\u0131r\u0131, Y\u00fcnnan&#8217;\u0131n Caotong ilindeki C\u0131n\u015fiong \u0130l\u00e7e Halk Hastanesi&#8217;nde b\u0131\u00e7akl\u0131 sald\u0131r\u0131 d\u00fczenlendi.<\/p>\n<p>&#13;<br \/>\n\tYerel yetkililer, sald\u0131r\u0131da 10&#8217;dan fazla ki\u015finin \u00f6ld\u00fc\u011f\u00fcn\u00fc bildirirken sald\u0131rgan\u0131n g\u00f6zalt\u0131na al\u0131nd\u0131\u011f\u0131 ve olayla ilgili soru\u015fturman\u0131n s\u00fcrd\u00fc\u011f\u00fcn\u00fc kaydetti.<\/p>\n<p>&#13;<br \/>\n\tY\u00fcnnan&#8217;a kom\u015fu Guicou eyaletinde yay\u0131n yapan Guizhou TV televizyonu ise sosyal <a href=\"https:\/\/www.trthaber.com\/etiket\/medya\/\" target=\"_blank\" rel=\"noopener\">medya<\/a> hesab\u0131nda sald\u0131r\u0131da 23 ki\u015finin yaraland\u0131\u011f\u0131n\u0131 duyurdu.<\/p>\n<\/p><\/div>\n","protected":false},"excerpt":{"rendered":"<p>&#13; \u00c7in ajans\u0131 Xinhua&#8217;n\u0131n haberine g\u00f6re sald\u0131r\u0131, Y\u00fcnnan&#8217;\u0131n Caotong ilindeki C\u0131n\u015fiong \u0130l\u00e7e Halk Hastanesi&#8217;nde b\u0131\u00e7akl\u0131 sald\u0131r\u0131 d\u00fczenlendi. &#13; Yerel yetkililer, sald\u0131r\u0131da 10&#8217;dan fazla ki\u015finin \u00f6ld\u00fc\u011f\u00fcn\u00fc bildirirken sald\u0131rgan\u0131n g\u00f6zalt\u0131na al\u0131nd\u0131\u011f\u0131 ve olayla ilgili soru\u015fturman\u0131n s\u00fcrd\u00fc\u011f\u00fcn\u00fc kaydetti. &#13; Y\u00fcnnan&#8217;a kom\u015fu Guicou eyaletinde yay\u0131n yapan Guizhou TV televizyonu ise sosyal medya hesab\u0131nda sald\u0131r\u0131da 23 ki\u015finin yaraland\u0131\u011f\u0131n\u0131 duyurdu.<\/p>\n","protected":false},"author":1,"featured_media":1586,"comment_status":"open","ping_status":"open","sticky":false,"template":"","format":"standard","meta":{"jnews-multi-image_gallery":[],"jnews_single_post":[],"jnews_primary_category":[],"footnotes":""},"categories":[],"tags":[],"class_list":["post-1585","post","type-post","status-publish","format-standard","has-post-thumbnail","hentry"],"yoast_head":"<!-- This site is optimized with the Yoast SEO plugin v27.5 - https:\/\/yoast.com\/product\/yoast-seo-wordpress\/ -->\n<title>\u00c7in&#039;de hastanede d\u00fczenlenen b\u0131\u00e7akl\u0131 sald\u0131r\u0131da 10&#039;dan fazla ki\u015fi hayat\u0131n\u0131 kaybetti - Haber Kuzey<\/title>\n<meta name=\"robots\" content=\"index, follow, max-snippet:-1, max-image-preview:large, max-video-preview:-1\" \/>\n<link rel=\"canonical\" href=\"https:\/\/haberkuzey.com\/index.php\/2024\/05\/07\/cinde-hastanede-duzenlenen-bicakli-saldirida-10dan-fazla-kisi-hayatini-kaybetti\/\" \/>\n<meta property=\"og:locale\" content=\"tr_TR\" \/>\n<meta property=\"og:type\" content=\"article\" \/>\n<meta property=\"og:title\" content=\"\u00c7in&#039;de hastanede d\u00fczenlenen b\u0131\u00e7akl\u0131 sald\u0131r\u0131da 10&#039;dan fazla ki\u015fi hayat\u0131n\u0131 kaybetti - Haber Kuzey\" \/>\n<meta property=\"og:description\" content=\"&#013; \u00c7in ajans\u0131 Xinhua&#8217;n\u0131n haberine g\u00f6re sald\u0131r\u0131, Y\u00fcnnan&#8217;\u0131n Caotong ilindeki C\u0131n\u015fiong \u0130l\u00e7e Halk Hastanesi&#8217;nde b\u0131\u00e7akl\u0131 sald\u0131r\u0131 d\u00fczenlendi. &#013; Yerel yetkililer, sald\u0131r\u0131da 10&#8217;dan fazla ki\u015finin \u00f6ld\u00fc\u011f\u00fcn\u00fc bildirirken sald\u0131rgan\u0131n g\u00f6zalt\u0131na al\u0131nd\u0131\u011f\u0131 ve olayla ilgili soru\u015fturman\u0131n s\u00fcrd\u00fc\u011f\u00fcn\u00fc kaydetti. &#013; Y\u00fcnnan&#8217;a kom\u015fu Guicou eyaletinde yay\u0131n yapan Guizhou TV televizyonu ise sosyal medya hesab\u0131nda sald\u0131r\u0131da 23 ki\u015finin yaraland\u0131\u011f\u0131n\u0131 duyurdu.\" \/>\n<meta property=\"og:url\" content=\"https:\/\/haberkuzey.com\/index.php\/2024\/05\/07\/cinde-hastanede-duzenlenen-bicakli-saldirida-10dan-fazla-kisi-hayatini-kaybetti\/\" \/>\n<meta property=\"og:site_name\" content=\"Haber Kuzey\" \/>\n<meta property=\"article:published_time\" content=\"2024-05-07T08:04:54+00:00\" \/>\n<meta property=\"og:image\" content=\"https:\/\/trthaberstatic.cdn.wp.trt.com.tr\/resimler\/1874000\/cin-hastane-saldiri-iha-1875583.jpg\" \/>\n<meta name=\"author\" content=\"haberkuzey\" \/>\n<meta name=\"twitter:card\" content=\"summary_large_image\" \/>\n<meta name=\"twitter:label1\" content=\"Yazan:\" \/>\n\t<meta name=\"twitter:data1\" content=\"haberkuzey\" \/>\n<script type=\"application\/ld+json\" class=\"yoast-schema-graph\">{\"@context\":\"https:\\\/\\\/schema.org\",\"@graph\":[{\"@type\":\"Article\",\"@id\":\"https:\\\/\\\/haberkuzey.com\\\/index.php\\\/2024\\\/05\\\/07\\\/cinde-hastanede-duzenlenen-bicakli-saldirida-10dan-fazla-kisi-hayatini-kaybetti\\\/#article\",\"isPartOf\":{\"@id\":\"https:\\\/\\\/haberkuzey.com\\\/index.php\\\/2024\\\/05\\\/07\\\/cinde-hastanede-duzenlenen-bicakli-saldirida-10dan-fazla-kisi-hayatini-kaybetti\\\/\"},\"author\":{\"name\":\"haberkuzey\",\"@id\":\"https:\\\/\\\/haberkuzey.com\\\/#\\\/schema\\\/person\\\/3372109ec735f9333f4fa47ebb9605ca\"},\"headline\":\"\u00c7in&#039;de hastanede d\u00fczenlenen b\u0131\u00e7akl\u0131 sald\u0131r\u0131da 10&#039;dan fazla ki\u015fi hayat\u0131n\u0131 kaybetti\",\"datePublished\":\"2024-05-07T08:04:54+00:00\",\"mainEntityOfPage\":{\"@id\":\"https:\\\/\\\/haberkuzey.com\\\/index.php\\\/2024\\\/05\\\/07\\\/cinde-hastanede-duzenlenen-bicakli-saldirida-10dan-fazla-kisi-hayatini-kaybetti\\\/\"},\"wordCount\":102,\"commentCount\":0,\"image\":{\"@id\":\"https:\\\/\\\/haberkuzey.com\\\/index.php\\\/2024\\\/05\\\/07\\\/cinde-hastanede-duzenlenen-bicakli-saldirida-10dan-fazla-kisi-hayatini-kaybetti\\\/#primaryimage\"},\"thumbnailUrl\":\"https:\\\/\\\/haberkuzey.com\\\/wp-content\\\/uploads\\\/2024\\\/05\\\/cin-hastane-saldiri-iha-1875583.jpg\",\"inLanguage\":\"tr\",\"potentialAction\":[{\"@type\":\"CommentAction\",\"name\":\"Comment\",\"target\":[\"https:\\\/\\\/haberkuzey.com\\\/index.php\\\/2024\\\/05\\\/07\\\/cinde-hastanede-duzenlenen-bicakli-saldirida-10dan-fazla-kisi-hayatini-kaybetti\\\/#respond\"]}]},{\"@type\":\"WebPage\",\"@id\":\"https:\\\/\\\/haberkuzey.com\\\/index.php\\\/2024\\\/05\\\/07\\\/cinde-hastanede-duzenlenen-bicakli-saldirida-10dan-fazla-kisi-hayatini-kaybetti\\\/\",\"url\":\"https:\\\/\\\/haberkuzey.com\\\/index.php\\\/2024\\\/05\\\/07\\\/cinde-hastanede-duzenlenen-bicakli-saldirida-10dan-fazla-kisi-hayatini-kaybetti\\\/\",\"name\":\"\u00c7in&#039;de hastanede d\u00fczenlenen b\u0131\u00e7akl\u0131 sald\u0131r\u0131da 10&#039;dan fazla ki\u015fi hayat\u0131n\u0131 kaybetti - Haber Kuzey\",\"isPartOf\":{\"@id\":\"https:\\\/\\\/haberkuzey.com\\\/#website\"},\"primaryImageOfPage\":{\"@id\":\"https:\\\/\\\/haberkuzey.com\\\/index.php\\\/2024\\\/05\\\/07\\\/cinde-hastanede-duzenlenen-bicakli-saldirida-10dan-fazla-kisi-hayatini-kaybetti\\\/#primaryimage\"},\"image\":{\"@id\":\"https:\\\/\\\/haberkuzey.com\\\/index.php\\\/2024\\\/05\\\/07\\\/cinde-hastanede-duzenlenen-bicakli-saldirida-10dan-fazla-kisi-hayatini-kaybetti\\\/#primaryimage\"},\"thumbnailUrl\":\"https:\\\/\\\/haberkuzey.com\\\/wp-content\\\/uploads\\\/2024\\\/05\\\/cin-hastane-saldiri-iha-1875583.jpg\",\"datePublished\":\"2024-05-07T08:04:54+00:00\",\"author\":{\"@id\":\"https:\\\/\\\/haberkuzey.com\\\/#\\\/schema\\\/person\\\/3372109ec735f9333f4fa47ebb9605ca\"},\"breadcrumb\":{\"@id\":\"https:\\\/\\\/haberkuzey.com\\\/index.php\\\/2024\\\/05\\\/07\\\/cinde-hastanede-duzenlenen-bicakli-saldirida-10dan-fazla-kisi-hayatini-kaybetti\\\/#breadcrumb\"},\"inLanguage\":\"tr\",\"potentialAction\":[{\"@type\":\"ReadAction\",\"target\":[\"https:\\\/\\\/haberkuzey.com\\\/index.php\\\/2024\\\/05\\\/07\\\/cinde-hastanede-duzenlenen-bicakli-saldirida-10dan-fazla-kisi-hayatini-kaybetti\\\/\"]}]},{\"@type\":\"ImageObject\",\"inLanguage\":\"tr\",\"@id\":\"https:\\\/\\\/haberkuzey.com\\\/index.php\\\/2024\\\/05\\\/07\\\/cinde-hastanede-duzenlenen-bicakli-saldirida-10dan-fazla-kisi-hayatini-kaybetti\\\/#primaryimage\",\"url\":\"https:\\\/\\\/haberkuzey.com\\\/wp-content\\\/uploads\\\/2024\\\/05\\\/cin-hastane-saldiri-iha-1875583.jpg\",\"contentUrl\":\"https:\\\/\\\/haberkuzey.com\\\/wp-content\\\/uploads\\\/2024\\\/05\\\/cin-hastane-saldiri-iha-1875583.jpg\",\"width\":1280,\"height\":720},{\"@type\":\"BreadcrumbList\",\"@id\":\"https:\\\/\\\/haberkuzey.com\\\/index.php\\\/2024\\\/05\\\/07\\\/cinde-hastanede-duzenlenen-bicakli-saldirida-10dan-fazla-kisi-hayatini-kaybetti\\\/#breadcrumb\",\"itemListElement\":[{\"@type\":\"ListItem\",\"position\":1,\"name\":\"Anasayfa\",\"item\":\"https:\\\/\\\/haberkuzey.com\\\/\"},{\"@type\":\"ListItem\",\"position\":2,\"name\":\"\u00c7in&#039;de hastanede d\u00fczenlenen b\u0131\u00e7akl\u0131 sald\u0131r\u0131da 10&#039;dan fazla ki\u015fi hayat\u0131n\u0131 kaybetti\"}]},{\"@type\":\"WebSite\",\"@id\":\"https:\\\/\\\/haberkuzey.com\\\/#website\",\"url\":\"https:\\\/\\\/haberkuzey.com\\\/\",\"name\":\"Haber Kuzey\",\"description\":\"Do\u011fru Haberin Adresi\",\"potentialAction\":[{\"@type\":\"SearchAction\",\"target\":{\"@type\":\"EntryPoint\",\"urlTemplate\":\"https:\\\/\\\/haberkuzey.com\\\/?s={search_term_string}\"},\"query-input\":{\"@type\":\"PropertyValueSpecification\",\"valueRequired\":true,\"valueName\":\"search_term_string\"}}],\"inLanguage\":\"tr\"},{\"@type\":\"Person\",\"@id\":\"https:\\\/\\\/haberkuzey.com\\\/#\\\/schema\\\/person\\\/3372109ec735f9333f4fa47ebb9605ca\",\"name\":\"haberkuzey\",\"image\":{\"@type\":\"ImageObject\",\"inLanguage\":\"tr\",\"@id\":\"https:\\\/\\\/secure.gravatar.com\\\/avatar\\\/f5fc875574b1575324358c3b9e6a32b8227aa5b74f3fa22e3cadb63e26fcc39c?s=96&d=mm&r=g\",\"url\":\"https:\\\/\\\/secure.gravatar.com\\\/avatar\\\/f5fc875574b1575324358c3b9e6a32b8227aa5b74f3fa22e3cadb63e26fcc39c?s=96&d=mm&r=g\",\"contentUrl\":\"https:\\\/\\\/secure.gravatar.com\\\/avatar\\\/f5fc875574b1575324358c3b9e6a32b8227aa5b74f3fa22e3cadb63e26fcc39c?s=96&d=mm&r=g\",\"caption\":\"haberkuzey\"},\"sameAs\":[\"https:\\\/\\\/haberkuzey.com\"],\"url\":\"https:\\\/\\\/haberkuzey.com\\\/index.php\\\/author\\\/haberkuzey\\\/\"}]}<\/script>\n<!-- \/ Yoast SEO plugin. -->","yoast_head_json":{"title":"\u00c7in&#039;de hastanede d\u00fczenlenen b\u0131\u00e7akl\u0131 sald\u0131r\u0131da 10&#039;dan fazla ki\u015fi hayat\u0131n\u0131 kaybetti - Haber Kuzey","robots":{"index":"index","follow":"follow","max-snippet":"max-snippet:-1","max-image-preview":"max-image-preview:large","max-video-preview":"max-video-preview:-1"},"canonical":"https:\/\/haberkuzey.com\/index.php\/2024\/05\/07\/cinde-hastanede-duzenlenen-bicakli-saldirida-10dan-fazla-kisi-hayatini-kaybetti\/","og_locale":"tr_TR","og_type":"article","og_title":"\u00c7in&#039;de hastanede d\u00fczenlenen b\u0131\u00e7akl\u0131 sald\u0131r\u0131da 10&#039;dan fazla ki\u015fi hayat\u0131n\u0131 kaybetti - Haber Kuzey","og_description":"&#13; \u00c7in ajans\u0131 Xinhua&#8217;n\u0131n haberine g\u00f6re sald\u0131r\u0131, Y\u00fcnnan&#8217;\u0131n Caotong ilindeki C\u0131n\u015fiong \u0130l\u00e7e Halk Hastanesi&#8217;nde b\u0131\u00e7akl\u0131 sald\u0131r\u0131 d\u00fczenlendi. &#13; Yerel yetkililer, sald\u0131r\u0131da 10&#8217;dan fazla ki\u015finin \u00f6ld\u00fc\u011f\u00fcn\u00fc bildirirken sald\u0131rgan\u0131n g\u00f6zalt\u0131na al\u0131nd\u0131\u011f\u0131 ve olayla ilgili soru\u015fturman\u0131n s\u00fcrd\u00fc\u011f\u00fcn\u00fc kaydetti. &#13; Y\u00fcnnan&#8217;a kom\u015fu Guicou eyaletinde yay\u0131n yapan Guizhou TV televizyonu ise sosyal medya hesab\u0131nda sald\u0131r\u0131da 23 ki\u015finin yaraland\u0131\u011f\u0131n\u0131 duyurdu.","og_url":"https:\/\/haberkuzey.com\/index.php\/2024\/05\/07\/cinde-hastanede-duzenlenen-bicakli-saldirida-10dan-fazla-kisi-hayatini-kaybetti\/","og_site_name":"Haber Kuzey","article_published_time":"2024-05-07T08:04:54+00:00","og_image":[{"url":"https:\/\/trthaberstatic.cdn.wp.trt.com.tr\/resimler\/1874000\/cin-hastane-saldiri-iha-1875583.jpg","type":"","width":"","height":""}],"author":"haberkuzey","twitter_card":"summary_large_image","twitter_misc":{"Yazan:":"haberkuzey"},"schema":{"@context":"https:\/\/schema.org","@graph":[{"@type":"Article","@id":"https:\/\/haberkuzey.com\/index.php\/2024\/05\/07\/cinde-hastanede-duzenlenen-bicakli-saldirida-10dan-fazla-kisi-hayatini-kaybetti\/#article","isPartOf":{"@id":"https:\/\/haberkuzey.com\/index.php\/2024\/05\/07\/cinde-hastanede-duzenlenen-bicakli-saldirida-10dan-fazla-kisi-hayatini-kaybetti\/"},"author":{"name":"haberkuzey","@id":"https:\/\/haberkuzey.com\/#\/schema\/person\/3372109ec735f9333f4fa47ebb9605ca"},"headline":"\u00c7in&#039;de hastanede d\u00fczenlenen b\u0131\u00e7akl\u0131 sald\u0131r\u0131da 10&#039;dan fazla ki\u015fi hayat\u0131n\u0131 kaybetti","datePublished":"2024-05-07T08:04:54+00:00","mainEntityOfPage":{"@id":"https:\/\/haberkuzey.com\/index.php\/2024\/05\/07\/cinde-hastanede-duzenlenen-bicakli-saldirida-10dan-fazla-kisi-hayatini-kaybetti\/"},"wordCount":102,"commentCount":0,"image":{"@id":"https:\/\/haberkuzey.com\/index.php\/2024\/05\/07\/cinde-hastanede-duzenlenen-bicakli-saldirida-10dan-fazla-kisi-hayatini-kaybetti\/#primaryimage"},"thumbnailUrl":"https:\/\/haberkuzey.com\/wp-content\/uploads\/2024\/05\/cin-hastane-saldiri-iha-1875583.jpg","inLanguage":"tr","potentialAction":[{"@type":"CommentAction","name":"Comment","target":["https:\/\/haberkuzey.com\/index.php\/2024\/05\/07\/cinde-hastanede-duzenlenen-bicakli-saldirida-10dan-fazla-kisi-hayatini-kaybetti\/#respond"]}]},{"@type":"WebPage","@id":"https:\/\/haberkuzey.com\/index.php\/2024\/05\/07\/cinde-hastanede-duzenlenen-bicakli-saldirida-10dan-fazla-kisi-hayatini-kaybetti\/","url":"https:\/\/haberkuzey.com\/index.php\/2024\/05\/07\/cinde-hastanede-duzenlenen-bicakli-saldirida-10dan-fazla-kisi-hayatini-kaybetti\/","name":"\u00c7in&#039;de hastanede d\u00fczenlenen b\u0131\u00e7akl\u0131 sald\u0131r\u0131da 10&#039;dan fazla ki\u015fi hayat\u0131n\u0131 kaybetti - Haber Kuzey","isPartOf":{"@id":"https:\/\/haberkuzey.com\/#website"},"primaryImageOfPage":{"@id":"https:\/\/haberkuzey.com\/index.php\/2024\/05\/07\/cinde-hastanede-duzenlenen-bicakli-saldirida-10dan-fazla-kisi-hayatini-kaybetti\/#primaryimage"},"image":{"@id":"https:\/\/haberkuzey.com\/index.php\/2024\/05\/07\/cinde-hastanede-duzenlenen-bicakli-saldirida-10dan-fazla-kisi-hayatini-kaybetti\/#primaryimage"},"thumbnailUrl":"https:\/\/haberkuzey.com\/wp-content\/uploads\/2024\/05\/cin-hastane-saldiri-iha-1875583.jpg","datePublished":"2024-05-07T08:04:54+00:00","author":{"@id":"https:\/\/haberkuzey.com\/#\/schema\/person\/3372109ec735f9333f4fa47ebb9605ca"},"breadcrumb":{"@id":"https:\/\/haberkuzey.com\/index.php\/2024\/05\/07\/cinde-hastanede-duzenlenen-bicakli-saldirida-10dan-fazla-kisi-hayatini-kaybetti\/#breadcrumb"},"inLanguage":"tr","potentialAction":[{"@type":"ReadAction","target":["https:\/\/haberkuzey.com\/index.php\/2024\/05\/07\/cinde-hastanede-duzenlenen-bicakli-saldirida-10dan-fazla-kisi-hayatini-kaybetti\/"]}]},{"@type":"ImageObject","inLanguage":"tr","@id":"https:\/\/haberkuzey.com\/index.php\/2024\/05\/07\/cinde-hastanede-duzenlenen-bicakli-saldirida-10dan-fazla-kisi-hayatini-kaybetti\/#primaryimage","url":"https:\/\/haberkuzey.com\/wp-content\/uploads\/2024\/05\/cin-hastane-saldiri-iha-1875583.jpg","contentUrl":"https:\/\/haberkuzey.com\/wp-content\/uploads\/2024\/05\/cin-hastane-saldiri-iha-1875583.jpg","width":1280,"height":720},{"@type":"BreadcrumbList","@id":"https:\/\/haberkuzey.com\/index.php\/2024\/05\/07\/cinde-hastanede-duzenlenen-bicakli-saldirida-10dan-fazla-kisi-hayatini-kaybetti\/#breadcrumb","itemListElement":[{"@type":"ListItem","position":1,"name":"Anasayfa","item":"https:\/\/haberkuzey.com\/"},{"@type":"ListItem","position":2,"name":"\u00c7in&#039;de hastanede d\u00fczenlenen b\u0131\u00e7akl\u0131 sald\u0131r\u0131da 10&#039;dan fazla ki\u015fi hayat\u0131n\u0131 kaybetti"}]},{"@type":"WebSite","@id":"https:\/\/haberkuzey.com\/#website","url":"https:\/\/haberkuzey.com\/","name":"Haber Kuzey","description":"Do\u011fru Haberin Adresi","potentialAction":[{"@type":"SearchAction","target":{"@type":"EntryPoint","urlTemplate":"https:\/\/haberkuzey.com\/?s={search_term_string}"},"query-input":{"@type":"PropertyValueSpecification","valueRequired":true,"valueName":"search_term_string"}}],"inLanguage":"tr"},{"@type":"Person","@id":"https:\/\/haberkuzey.com\/#\/schema\/person\/3372109ec735f9333f4fa47ebb9605ca","name":"haberkuzey","image":{"@type":"ImageObject","inLanguage":"tr","@id":"https:\/\/secure.gravatar.com\/avatar\/f5fc875574b1575324358c3b9e6a32b8227aa5b74f3fa22e3cadb63e26fcc39c?s=96&d=mm&r=g","url":"https:\/\/secure.gravatar.com\/avatar\/f5fc875574b1575324358c3b9e6a32b8227aa5b74f3fa22e3cadb63e26fcc39c?s=96&d=mm&r=g","contentUrl":"https:\/\/secure.gravatar.com\/avatar\/f5fc875574b1575324358c3b9e6a32b8227aa5b74f3fa22e3cadb63e26fcc39c?s=96&d=mm&r=g","caption":"haberkuzey"},"sameAs":["https:\/\/haberkuzey.com"],"url":"https:\/\/haberkuzey.com\/index.php\/author\/haberkuzey\/"}]}},"_links":{"self":[{"href":"https:\/\/haberkuzey.com\/index.php\/wp-json\/wp\/v2\/posts\/1585","targetHints":{"allow":["GET"]}}],"collection":[{"href":"https:\/\/haberkuzey.com\/index.php\/wp-json\/wp\/v2\/posts"}],"about":[{"href":"https:\/\/haberkuzey.com\/index.php\/wp-json\/wp\/v2\/types\/post"}],"author":[{"embeddable":true,"href":"https:\/\/haberkuzey.com\/index.php\/wp-json\/wp\/v2\/users\/1"}],"replies":[{"embeddable":true,"href":"https:\/\/haberkuzey.com\/index.php\/wp-json\/wp\/v2\/comments?post=1585"}],"version-history":[{"count":0,"href":"https:\/\/haberkuzey.com\/index.php\/wp-json\/wp\/v2\/posts\/1585\/revisions"}],"wp:featuredmedia":[{"embeddable":true,"href":"https:\/\/haberkuzey.com\/index.php\/wp-json\/wp\/v2\/media\/1586"}],"wp:attachment":[{"href":"https:\/\/haberkuzey.com\/index.php\/wp-json\/wp\/v2\/media?parent=1585"}],"wp:term":[{"taxonomy":"category","embeddable":true,"href":"https:\/\/haberkuzey.com\/index.php\/wp-json\/wp\/v2\/categories?post=1585"},{"taxonomy":"post_tag","embeddable":true,"href":"https:\/\/haberkuzey.com\/index.php\/wp-json\/wp\/v2\/tags?post=1585"}],"curies":[{"name":"wp","href":"https:\/\/api.w.org\/{rel}","templated":true}]}}