{"id":15788,"date":"2024-12-30T09:39:01","date_gmt":"2024-12-30T07:39:01","guid":{"rendered":"https:\/\/haberkuzey.com\/index.php\/2024\/12\/30\/kktc-polisi-ile-tc-polisi-arasinda-yapilan-is-birligi-dogrultusunda-2024te-31-hukumlu-tc-yetkililerine-teslim-edildi\/"},"modified":"2024-12-30T09:39:01","modified_gmt":"2024-12-30T07:39:01","slug":"kktc-polisi-ile-tc-polisi-arasinda-yapilan-is-birligi-dogrultusunda-2024te-31-hukumlu-tc-yetkililerine-teslim-edildi","status":"publish","type":"post","link":"https:\/\/haberkuzey.com\/index.php\/2024\/12\/30\/kktc-polisi-ile-tc-polisi-arasinda-yapilan-is-birligi-dogrultusunda-2024te-31-hukumlu-tc-yetkililerine-teslim-edildi\/","title":{"rendered":"KKTC polisi ile TC polisi aras\u0131nda yap\u0131lan i\u015f birli\u011fi do\u011frultusunda 2024\u2019te 31 h\u00fck\u00fcml\u00fc TC yetkililerine teslim edildi"},"content":{"rendered":"<div>\n<div class=\"mariselle-image-container center\">\n                                            <\/div>\n<p> Polis Genel M\u00fcd\u00fcrl\u00fc\u011f\u00fc ile T\u00fcrkiye Cumhuriyeti \u0130\u00e7i\u015fleri Bakanl\u0131\u011f\u0131 Emniyet Genel M\u00fcd\u00fcrl\u00fc\u011f\u00fc i\u015f birli\u011finde 2024 y\u0131l\u0131nda KKTC\u2019de bulunan \u00e7e\u015fitli su\u00e7larla ili\u015fkili 31 ki\u015fi s\u0131n\u0131r d\u0131\u015f\u0131 edilerek T\u00fcrkiye Cumhuriyeti\u2019nin ilgili birimlerine teslim edildi.<\/p>\n<p>T\u00fcrkiye Cumhuriyeti Lefko\u015fa B\u00fcy\u00fckel\u00e7ili\u011fi\u2019nden yap\u0131lan a\u00e7\u0131klamaya g\u00f6re, s\u0131n\u0131r d\u0131\u015f\u0131 edilenler aras\u0131nda 22 T\u00fcrkiye Cumhuriyeti uyruklu h\u00fck\u00fcml\u00fc ve Uluslararas\u0131 K\u0131rm\u0131z\u0131 B\u00fclten ile aranan 6 TC, 1 \u0130ran, 1 Rus ve 1 Estonya uyruklu h\u00fck\u00fcml\u00fc bulunuyor.<\/p>\n<p>A\u00e7\u0131klamada, \u201cT\u00fcrkiye Cumhuriyeti \u0130\u00e7i\u015fleri Bakanl\u0131\u011f\u0131 Emniyet Genel M\u00fcd\u00fcrl\u00fc\u011f\u00fc\u2019n\u00fcn ilgili birimleri ile KKTC G\u00fcvenlik Kuvvetleri Komutanl\u0131\u011f\u0131 Polis Genel M\u00fcd\u00fcrl\u00fc\u011f\u00fc\u2019n\u00fcn ilgili birimleri aras\u0131nda ger\u00e7ekle\u015ftirilen polisiye i\u015f birli\u011fi, anl\u0131k veri de\u011fi\u015fimi ve \u00fcst d\u00fczeyde koordinasyon i\u00e7erisinde yapt\u0131\u011f\u0131 \u00e7al\u0131\u015fmalar sonucu,  T\u00fcrkiye Cumhuriyeti Lefko\u015fa B\u00fcy\u00fckel\u00e7ili\u011fi\u2019nin de diplomatik giri\u015fimleri ile yakalanan 31 \u015fah\u0131s KKTC\u2019den s\u0131n\u0131r d\u0131\u015f\u0131 edilerek T\u00fcrkiye Cumhuriyeti\u2019nin ilgili birimlerine teslimi sa\u011flanm\u0131\u015ft\u0131r.\u201d denildi.<\/p>\n<p>Bu \u00e7er\u00e7evede, 2024 y\u0131l\u0131 i\u00e7erisinde, ate\u015fli silahlar ve b\u0131\u00e7aklar ile di\u011fer aletler hakk\u0131nda kanuna muhalefet, cinsel sald\u0131r\u0131, doland\u0131r\u0131c\u0131l\u0131k, h\u0131rs\u0131zl\u0131k, g\u00f6revi yapt\u0131rmamak i\u00e7in direnme, kasten yaralama, mala zarar verme, silahl\u0131 tehdit ve uyu\u015fturucu ticareti su\u00e7lar\u0131ndan T\u00fcrkiye Cumhuriyeti\u2019nde, 8 ay 10 g\u00fcn-43 y\u0131l 10 ay aras\u0131 kesinle\u015fmi\u015f hapis cezalar\u0131na mahkum edilen 22 TC uyruklu h\u00fck\u00fcml\u00fc TC yetkililerine teslim edildi.<\/p>\n<p>\u00d6te yandan, cinayet, doland\u0131r\u0131c\u0131l\u0131k, silahl\u0131 ter\u00f6r \u00f6rg\u00fct\u00fcne \u00fcye olma, ka\u00e7ak\u00e7\u0131l\u0131k ve organize, kasten yaralama, cinsel sald\u0131r\u0131 su\u00e7lar\u0131ndan Uluslararas\u0131 K\u0131rm\u0131z\u0131 B\u00fclten ile aranan 6 TC, 1 \u0130ran, 1 Rus ve 1 Estonya uyruklu 9 ki\u015fi yakalanarak T\u00fcrkiye Cumhuriyeti\u2019nin ilgili birimlerine teslim edilmesi sa\u011fland\u0131.<\/p>\n<\/p><\/div>\n<p><script async\n                    defer\n                    crossorigin=\"anonymous\"\n                    src=\"https:\/\/connect.facebook.net\/tr_TR\/sdk.js#xfbml=1&#038;version=v3.3\"\n            ><\/script><\/p>\n","protected":false},"excerpt":{"rendered":"<p>Polis Genel M\u00fcd\u00fcrl\u00fc\u011f\u00fc ile T\u00fcrkiye Cumhuriyeti \u0130\u00e7i\u015fleri Bakanl\u0131\u011f\u0131 Emniyet Genel M\u00fcd\u00fcrl\u00fc\u011f\u00fc i\u015f birli\u011finde 2024 y\u0131l\u0131nda KKTC\u2019de bulunan \u00e7e\u015fitli su\u00e7larla ili\u015fkili 31 ki\u015fi s\u0131n\u0131r d\u0131\u015f\u0131 edilerek T\u00fcrkiye Cumhuriyeti\u2019nin ilgili birimlerine teslim edildi. T\u00fcrkiye Cumhuriyeti Lefko\u015fa B\u00fcy\u00fckel\u00e7ili\u011fi\u2019nden yap\u0131lan a\u00e7\u0131klamaya g\u00f6re, s\u0131n\u0131r d\u0131\u015f\u0131 edilenler aras\u0131nda 22 T\u00fcrkiye Cumhuriyeti uyruklu h\u00fck\u00fcml\u00fc ve Uluslararas\u0131 K\u0131rm\u0131z\u0131 B\u00fclten ile aranan 6 TC, [&hellip;]<\/p>\n","protected":false},"author":1,"featured_media":15789,"comment_status":"open","ping_status":"open","sticky":false,"template":"","format":"standard","meta":{"jnews-multi-image_gallery":[],"jnews_single_post":[],"jnews_primary_category":[],"footnotes":""},"categories":[2],"tags":[],"class_list":["post-15788","post","type-post","status-publish","format-standard","has-post-thumbnail","hentry","category-dunya"],"yoast_head":"<!-- This site is optimized with the Yoast SEO plugin v27.5 - https:\/\/yoast.com\/product\/yoast-seo-wordpress\/ -->\n<title>KKTC polisi ile TC polisi aras\u0131nda yap\u0131lan i\u015f birli\u011fi do\u011frultusunda 2024\u2019te 31 h\u00fck\u00fcml\u00fc TC yetkililerine teslim edildi - Haber Kuzey<\/title>\n<meta name=\"robots\" content=\"index, follow, max-snippet:-1, max-image-preview:large, max-video-preview:-1\" \/>\n<link rel=\"canonical\" href=\"https:\/\/haberkuzey.com\/index.php\/2024\/12\/30\/kktc-polisi-ile-tc-polisi-arasinda-yapilan-is-birligi-dogrultusunda-2024te-31-hukumlu-tc-yetkililerine-teslim-edildi\/\" \/>\n<meta property=\"og:locale\" content=\"tr_TR\" \/>\n<meta property=\"og:type\" content=\"article\" \/>\n<meta property=\"og:title\" content=\"KKTC polisi ile TC polisi aras\u0131nda yap\u0131lan i\u015f birli\u011fi do\u011frultusunda 2024\u2019te 31 h\u00fck\u00fcml\u00fc TC yetkililerine teslim edildi - Haber Kuzey\" \/>\n<meta property=\"og:description\" content=\"Polis Genel M\u00fcd\u00fcrl\u00fc\u011f\u00fc ile T\u00fcrkiye Cumhuriyeti \u0130\u00e7i\u015fleri Bakanl\u0131\u011f\u0131 Emniyet Genel M\u00fcd\u00fcrl\u00fc\u011f\u00fc i\u015f birli\u011finde 2024 y\u0131l\u0131nda KKTC\u2019de bulunan \u00e7e\u015fitli su\u00e7larla ili\u015fkili 31 ki\u015fi s\u0131n\u0131r d\u0131\u015f\u0131 edilerek T\u00fcrkiye Cumhuriyeti\u2019nin ilgili birimlerine teslim edildi. T\u00fcrkiye Cumhuriyeti Lefko\u015fa B\u00fcy\u00fckel\u00e7ili\u011fi\u2019nden yap\u0131lan a\u00e7\u0131klamaya g\u00f6re, s\u0131n\u0131r d\u0131\u015f\u0131 edilenler aras\u0131nda 22 T\u00fcrkiye Cumhuriyeti uyruklu h\u00fck\u00fcml\u00fc ve Uluslararas\u0131 K\u0131rm\u0131z\u0131 B\u00fclten ile aranan 6 TC, [&hellip;]\" \/>\n<meta property=\"og:url\" content=\"https:\/\/haberkuzey.com\/index.php\/2024\/12\/30\/kktc-polisi-ile-tc-polisi-arasinda-yapilan-is-birligi-dogrultusunda-2024te-31-hukumlu-tc-yetkililerine-teslim-edildi\/\" \/>\n<meta property=\"og:site_name\" content=\"Haber Kuzey\" \/>\n<meta property=\"article:published_time\" content=\"2024-12-30T07:39:01+00:00\" \/>\n<meta property=\"og:image\" content=\"https:\/\/brtk.net\/wp-content\/uploads\/2024\/12\/30\/tc-elcilik.jpg?ver=bdd14c031d460d6917414341aa8aa782\" \/>\n<meta name=\"author\" content=\"haberkuzey\" \/>\n<meta name=\"twitter:card\" content=\"summary_large_image\" \/>\n<meta name=\"twitter:label1\" content=\"Yazan:\" \/>\n\t<meta name=\"twitter:data1\" content=\"haberkuzey\" \/>\n\t<meta name=\"twitter:label2\" content=\"Tahmini okuma s\u00fcresi\" \/>\n\t<meta name=\"twitter:data2\" content=\"2 dakika\" \/>\n<script type=\"application\/ld+json\" class=\"yoast-schema-graph\">{\"@context\":\"https:\\\/\\\/schema.org\",\"@graph\":[{\"@type\":\"Article\",\"@id\":\"https:\\\/\\\/haberkuzey.com\\\/index.php\\\/2024\\\/12\\\/30\\\/kktc-polisi-ile-tc-polisi-arasinda-yapilan-is-birligi-dogrultusunda-2024te-31-hukumlu-tc-yetkililerine-teslim-edildi\\\/#article\",\"isPartOf\":{\"@id\":\"https:\\\/\\\/haberkuzey.com\\\/index.php\\\/2024\\\/12\\\/30\\\/kktc-polisi-ile-tc-polisi-arasinda-yapilan-is-birligi-dogrultusunda-2024te-31-hukumlu-tc-yetkililerine-teslim-edildi\\\/\"},\"author\":{\"name\":\"haberkuzey\",\"@id\":\"https:\\\/\\\/haberkuzey.com\\\/#\\\/schema\\\/person\\\/3372109ec735f9333f4fa47ebb9605ca\"},\"headline\":\"KKTC polisi ile TC polisi aras\u0131nda yap\u0131lan i\u015f birli\u011fi do\u011frultusunda 2024\u2019te 31 h\u00fck\u00fcml\u00fc TC yetkililerine teslim edildi\",\"datePublished\":\"2024-12-30T07:39:01+00:00\",\"mainEntityOfPage\":{\"@id\":\"https:\\\/\\\/haberkuzey.com\\\/index.php\\\/2024\\\/12\\\/30\\\/kktc-polisi-ile-tc-polisi-arasinda-yapilan-is-birligi-dogrultusunda-2024te-31-hukumlu-tc-yetkililerine-teslim-edildi\\\/\"},\"wordCount\":353,\"commentCount\":0,\"image\":{\"@id\":\"https:\\\/\\\/haberkuzey.com\\\/index.php\\\/2024\\\/12\\\/30\\\/kktc-polisi-ile-tc-polisi-arasinda-yapilan-is-birligi-dogrultusunda-2024te-31-hukumlu-tc-yetkililerine-teslim-edildi\\\/#primaryimage\"},\"thumbnailUrl\":\"https:\\\/\\\/haberkuzey.com\\\/wp-content\\\/uploads\\\/2024\\\/12\\\/tc-elcilik.jpg\",\"articleSection\":[\"D\u00fcnya\"],\"inLanguage\":\"tr\",\"potentialAction\":[{\"@type\":\"CommentAction\",\"name\":\"Comment\",\"target\":[\"https:\\\/\\\/haberkuzey.com\\\/index.php\\\/2024\\\/12\\\/30\\\/kktc-polisi-ile-tc-polisi-arasinda-yapilan-is-birligi-dogrultusunda-2024te-31-hukumlu-tc-yetkililerine-teslim-edildi\\\/#respond\"]}]},{\"@type\":\"WebPage\",\"@id\":\"https:\\\/\\\/haberkuzey.com\\\/index.php\\\/2024\\\/12\\\/30\\\/kktc-polisi-ile-tc-polisi-arasinda-yapilan-is-birligi-dogrultusunda-2024te-31-hukumlu-tc-yetkililerine-teslim-edildi\\\/\",\"url\":\"https:\\\/\\\/haberkuzey.com\\\/index.php\\\/2024\\\/12\\\/30\\\/kktc-polisi-ile-tc-polisi-arasinda-yapilan-is-birligi-dogrultusunda-2024te-31-hukumlu-tc-yetkililerine-teslim-edildi\\\/\",\"name\":\"KKTC polisi ile TC polisi aras\u0131nda yap\u0131lan i\u015f birli\u011fi do\u011frultusunda 2024\u2019te 31 h\u00fck\u00fcml\u00fc TC yetkililerine teslim edildi - Haber Kuzey\",\"isPartOf\":{\"@id\":\"https:\\\/\\\/haberkuzey.com\\\/#website\"},\"primaryImageOfPage\":{\"@id\":\"https:\\\/\\\/haberkuzey.com\\\/index.php\\\/2024\\\/12\\\/30\\\/kktc-polisi-ile-tc-polisi-arasinda-yapilan-is-birligi-dogrultusunda-2024te-31-hukumlu-tc-yetkililerine-teslim-edildi\\\/#primaryimage\"},\"image\":{\"@id\":\"https:\\\/\\\/haberkuzey.com\\\/index.php\\\/2024\\\/12\\\/30\\\/kktc-polisi-ile-tc-polisi-arasinda-yapilan-is-birligi-dogrultusunda-2024te-31-hukumlu-tc-yetkililerine-teslim-edildi\\\/#primaryimage\"},\"thumbnailUrl\":\"https:\\\/\\\/haberkuzey.com\\\/wp-content\\\/uploads\\\/2024\\\/12\\\/tc-elcilik.jpg\",\"datePublished\":\"2024-12-30T07:39:01+00:00\",\"author\":{\"@id\":\"https:\\\/\\\/haberkuzey.com\\\/#\\\/schema\\\/person\\\/3372109ec735f9333f4fa47ebb9605ca\"},\"breadcrumb\":{\"@id\":\"https:\\\/\\\/haberkuzey.com\\\/index.php\\\/2024\\\/12\\\/30\\\/kktc-polisi-ile-tc-polisi-arasinda-yapilan-is-birligi-dogrultusunda-2024te-31-hukumlu-tc-yetkililerine-teslim-edildi\\\/#breadcrumb\"},\"inLanguage\":\"tr\",\"potentialAction\":[{\"@type\":\"ReadAction\",\"target\":[\"https:\\\/\\\/haberkuzey.com\\\/index.php\\\/2024\\\/12\\\/30\\\/kktc-polisi-ile-tc-polisi-arasinda-yapilan-is-birligi-dogrultusunda-2024te-31-hukumlu-tc-yetkililerine-teslim-edildi\\\/\"]}]},{\"@type\":\"ImageObject\",\"inLanguage\":\"tr\",\"@id\":\"https:\\\/\\\/haberkuzey.com\\\/index.php\\\/2024\\\/12\\\/30\\\/kktc-polisi-ile-tc-polisi-arasinda-yapilan-is-birligi-dogrultusunda-2024te-31-hukumlu-tc-yetkililerine-teslim-edildi\\\/#primaryimage\",\"url\":\"https:\\\/\\\/haberkuzey.com\\\/wp-content\\\/uploads\\\/2024\\\/12\\\/tc-elcilik.jpg\",\"contentUrl\":\"https:\\\/\\\/haberkuzey.com\\\/wp-content\\\/uploads\\\/2024\\\/12\\\/tc-elcilik.jpg\",\"width\":880,\"height\":440},{\"@type\":\"BreadcrumbList\",\"@id\":\"https:\\\/\\\/haberkuzey.com\\\/index.php\\\/2024\\\/12\\\/30\\\/kktc-polisi-ile-tc-polisi-arasinda-yapilan-is-birligi-dogrultusunda-2024te-31-hukumlu-tc-yetkililerine-teslim-edildi\\\/#breadcrumb\",\"itemListElement\":[{\"@type\":\"ListItem\",\"position\":1,\"name\":\"Anasayfa\",\"item\":\"https:\\\/\\\/haberkuzey.com\\\/\"},{\"@type\":\"ListItem\",\"position\":2,\"name\":\"KKTC polisi ile TC polisi aras\u0131nda yap\u0131lan i\u015f birli\u011fi do\u011frultusunda 2024\u2019te 31 h\u00fck\u00fcml\u00fc TC yetkililerine teslim edildi\"}]},{\"@type\":\"WebSite\",\"@id\":\"https:\\\/\\\/haberkuzey.com\\\/#website\",\"url\":\"https:\\\/\\\/haberkuzey.com\\\/\",\"name\":\"Haber Kuzey\",\"description\":\"Do\u011fru Haberin Adresi\",\"potentialAction\":[{\"@type\":\"SearchAction\",\"target\":{\"@type\":\"EntryPoint\",\"urlTemplate\":\"https:\\\/\\\/haberkuzey.com\\\/?s={search_term_string}\"},\"query-input\":{\"@type\":\"PropertyValueSpecification\",\"valueRequired\":true,\"valueName\":\"search_term_string\"}}],\"inLanguage\":\"tr\"},{\"@type\":\"Person\",\"@id\":\"https:\\\/\\\/haberkuzey.com\\\/#\\\/schema\\\/person\\\/3372109ec735f9333f4fa47ebb9605ca\",\"name\":\"haberkuzey\",\"image\":{\"@type\":\"ImageObject\",\"inLanguage\":\"tr\",\"@id\":\"https:\\\/\\\/secure.gravatar.com\\\/avatar\\\/f5fc875574b1575324358c3b9e6a32b8227aa5b74f3fa22e3cadb63e26fcc39c?s=96&d=mm&r=g\",\"url\":\"https:\\\/\\\/secure.gravatar.com\\\/avatar\\\/f5fc875574b1575324358c3b9e6a32b8227aa5b74f3fa22e3cadb63e26fcc39c?s=96&d=mm&r=g\",\"contentUrl\":\"https:\\\/\\\/secure.gravatar.com\\\/avatar\\\/f5fc875574b1575324358c3b9e6a32b8227aa5b74f3fa22e3cadb63e26fcc39c?s=96&d=mm&r=g\",\"caption\":\"haberkuzey\"},\"sameAs\":[\"https:\\\/\\\/haberkuzey.com\"],\"url\":\"https:\\\/\\\/haberkuzey.com\\\/index.php\\\/author\\\/haberkuzey\\\/\"}]}<\/script>\n<!-- \/ Yoast SEO plugin. -->","yoast_head_json":{"title":"KKTC polisi ile TC polisi aras\u0131nda yap\u0131lan i\u015f birli\u011fi do\u011frultusunda 2024\u2019te 31 h\u00fck\u00fcml\u00fc TC yetkililerine teslim edildi - Haber Kuzey","robots":{"index":"index","follow":"follow","max-snippet":"max-snippet:-1","max-image-preview":"max-image-preview:large","max-video-preview":"max-video-preview:-1"},"canonical":"https:\/\/haberkuzey.com\/index.php\/2024\/12\/30\/kktc-polisi-ile-tc-polisi-arasinda-yapilan-is-birligi-dogrultusunda-2024te-31-hukumlu-tc-yetkililerine-teslim-edildi\/","og_locale":"tr_TR","og_type":"article","og_title":"KKTC polisi ile TC polisi aras\u0131nda yap\u0131lan i\u015f birli\u011fi do\u011frultusunda 2024\u2019te 31 h\u00fck\u00fcml\u00fc TC yetkililerine teslim edildi - Haber Kuzey","og_description":"Polis Genel M\u00fcd\u00fcrl\u00fc\u011f\u00fc ile T\u00fcrkiye Cumhuriyeti \u0130\u00e7i\u015fleri Bakanl\u0131\u011f\u0131 Emniyet Genel M\u00fcd\u00fcrl\u00fc\u011f\u00fc i\u015f birli\u011finde 2024 y\u0131l\u0131nda KKTC\u2019de bulunan \u00e7e\u015fitli su\u00e7larla ili\u015fkili 31 ki\u015fi s\u0131n\u0131r d\u0131\u015f\u0131 edilerek T\u00fcrkiye Cumhuriyeti\u2019nin ilgili birimlerine teslim edildi. T\u00fcrkiye Cumhuriyeti Lefko\u015fa B\u00fcy\u00fckel\u00e7ili\u011fi\u2019nden yap\u0131lan a\u00e7\u0131klamaya g\u00f6re, s\u0131n\u0131r d\u0131\u015f\u0131 edilenler aras\u0131nda 22 T\u00fcrkiye Cumhuriyeti uyruklu h\u00fck\u00fcml\u00fc ve Uluslararas\u0131 K\u0131rm\u0131z\u0131 B\u00fclten ile aranan 6 TC, [&hellip;]","og_url":"https:\/\/haberkuzey.com\/index.php\/2024\/12\/30\/kktc-polisi-ile-tc-polisi-arasinda-yapilan-is-birligi-dogrultusunda-2024te-31-hukumlu-tc-yetkililerine-teslim-edildi\/","og_site_name":"Haber Kuzey","article_published_time":"2024-12-30T07:39:01+00:00","og_image":[{"url":"https:\/\/brtk.net\/wp-content\/uploads\/2024\/12\/30\/tc-elcilik.jpg?ver=bdd14c031d460d6917414341aa8aa782","type":"","width":"","height":""}],"author":"haberkuzey","twitter_card":"summary_large_image","twitter_misc":{"Yazan:":"haberkuzey","Tahmini okuma s\u00fcresi":"2 dakika"},"schema":{"@context":"https:\/\/schema.org","@graph":[{"@type":"Article","@id":"https:\/\/haberkuzey.com\/index.php\/2024\/12\/30\/kktc-polisi-ile-tc-polisi-arasinda-yapilan-is-birligi-dogrultusunda-2024te-31-hukumlu-tc-yetkililerine-teslim-edildi\/#article","isPartOf":{"@id":"https:\/\/haberkuzey.com\/index.php\/2024\/12\/30\/kktc-polisi-ile-tc-polisi-arasinda-yapilan-is-birligi-dogrultusunda-2024te-31-hukumlu-tc-yetkililerine-teslim-edildi\/"},"author":{"name":"haberkuzey","@id":"https:\/\/haberkuzey.com\/#\/schema\/person\/3372109ec735f9333f4fa47ebb9605ca"},"headline":"KKTC polisi ile TC polisi aras\u0131nda yap\u0131lan i\u015f birli\u011fi do\u011frultusunda 2024\u2019te 31 h\u00fck\u00fcml\u00fc TC yetkililerine teslim edildi","datePublished":"2024-12-30T07:39:01+00:00","mainEntityOfPage":{"@id":"https:\/\/haberkuzey.com\/index.php\/2024\/12\/30\/kktc-polisi-ile-tc-polisi-arasinda-yapilan-is-birligi-dogrultusunda-2024te-31-hukumlu-tc-yetkililerine-teslim-edildi\/"},"wordCount":353,"commentCount":0,"image":{"@id":"https:\/\/haberkuzey.com\/index.php\/2024\/12\/30\/kktc-polisi-ile-tc-polisi-arasinda-yapilan-is-birligi-dogrultusunda-2024te-31-hukumlu-tc-yetkililerine-teslim-edildi\/#primaryimage"},"thumbnailUrl":"https:\/\/haberkuzey.com\/wp-content\/uploads\/2024\/12\/tc-elcilik.jpg","articleSection":["D\u00fcnya"],"inLanguage":"tr","potentialAction":[{"@type":"CommentAction","name":"Comment","target":["https:\/\/haberkuzey.com\/index.php\/2024\/12\/30\/kktc-polisi-ile-tc-polisi-arasinda-yapilan-is-birligi-dogrultusunda-2024te-31-hukumlu-tc-yetkililerine-teslim-edildi\/#respond"]}]},{"@type":"WebPage","@id":"https:\/\/haberkuzey.com\/index.php\/2024\/12\/30\/kktc-polisi-ile-tc-polisi-arasinda-yapilan-is-birligi-dogrultusunda-2024te-31-hukumlu-tc-yetkililerine-teslim-edildi\/","url":"https:\/\/haberkuzey.com\/index.php\/2024\/12\/30\/kktc-polisi-ile-tc-polisi-arasinda-yapilan-is-birligi-dogrultusunda-2024te-31-hukumlu-tc-yetkililerine-teslim-edildi\/","name":"KKTC polisi ile TC polisi aras\u0131nda yap\u0131lan i\u015f birli\u011fi do\u011frultusunda 2024\u2019te 31 h\u00fck\u00fcml\u00fc TC yetkililerine teslim edildi - Haber Kuzey","isPartOf":{"@id":"https:\/\/haberkuzey.com\/#website"},"primaryImageOfPage":{"@id":"https:\/\/haberkuzey.com\/index.php\/2024\/12\/30\/kktc-polisi-ile-tc-polisi-arasinda-yapilan-is-birligi-dogrultusunda-2024te-31-hukumlu-tc-yetkililerine-teslim-edildi\/#primaryimage"},"image":{"@id":"https:\/\/haberkuzey.com\/index.php\/2024\/12\/30\/kktc-polisi-ile-tc-polisi-arasinda-yapilan-is-birligi-dogrultusunda-2024te-31-hukumlu-tc-yetkililerine-teslim-edildi\/#primaryimage"},"thumbnailUrl":"https:\/\/haberkuzey.com\/wp-content\/uploads\/2024\/12\/tc-elcilik.jpg","datePublished":"2024-12-30T07:39:01+00:00","author":{"@id":"https:\/\/haberkuzey.com\/#\/schema\/person\/3372109ec735f9333f4fa47ebb9605ca"},"breadcrumb":{"@id":"https:\/\/haberkuzey.com\/index.php\/2024\/12\/30\/kktc-polisi-ile-tc-polisi-arasinda-yapilan-is-birligi-dogrultusunda-2024te-31-hukumlu-tc-yetkililerine-teslim-edildi\/#breadcrumb"},"inLanguage":"tr","potentialAction":[{"@type":"ReadAction","target":["https:\/\/haberkuzey.com\/index.php\/2024\/12\/30\/kktc-polisi-ile-tc-polisi-arasinda-yapilan-is-birligi-dogrultusunda-2024te-31-hukumlu-tc-yetkililerine-teslim-edildi\/"]}]},{"@type":"ImageObject","inLanguage":"tr","@id":"https:\/\/haberkuzey.com\/index.php\/2024\/12\/30\/kktc-polisi-ile-tc-polisi-arasinda-yapilan-is-birligi-dogrultusunda-2024te-31-hukumlu-tc-yetkililerine-teslim-edildi\/#primaryimage","url":"https:\/\/haberkuzey.com\/wp-content\/uploads\/2024\/12\/tc-elcilik.jpg","contentUrl":"https:\/\/haberkuzey.com\/wp-content\/uploads\/2024\/12\/tc-elcilik.jpg","width":880,"height":440},{"@type":"BreadcrumbList","@id":"https:\/\/haberkuzey.com\/index.php\/2024\/12\/30\/kktc-polisi-ile-tc-polisi-arasinda-yapilan-is-birligi-dogrultusunda-2024te-31-hukumlu-tc-yetkililerine-teslim-edildi\/#breadcrumb","itemListElement":[{"@type":"ListItem","position":1,"name":"Anasayfa","item":"https:\/\/haberkuzey.com\/"},{"@type":"ListItem","position":2,"name":"KKTC polisi ile TC polisi aras\u0131nda yap\u0131lan i\u015f birli\u011fi do\u011frultusunda 2024\u2019te 31 h\u00fck\u00fcml\u00fc TC yetkililerine teslim edildi"}]},{"@type":"WebSite","@id":"https:\/\/haberkuzey.com\/#website","url":"https:\/\/haberkuzey.com\/","name":"Haber Kuzey","description":"Do\u011fru Haberin Adresi","potentialAction":[{"@type":"SearchAction","target":{"@type":"EntryPoint","urlTemplate":"https:\/\/haberkuzey.com\/?s={search_term_string}"},"query-input":{"@type":"PropertyValueSpecification","valueRequired":true,"valueName":"search_term_string"}}],"inLanguage":"tr"},{"@type":"Person","@id":"https:\/\/haberkuzey.com\/#\/schema\/person\/3372109ec735f9333f4fa47ebb9605ca","name":"haberkuzey","image":{"@type":"ImageObject","inLanguage":"tr","@id":"https:\/\/secure.gravatar.com\/avatar\/f5fc875574b1575324358c3b9e6a32b8227aa5b74f3fa22e3cadb63e26fcc39c?s=96&d=mm&r=g","url":"https:\/\/secure.gravatar.com\/avatar\/f5fc875574b1575324358c3b9e6a32b8227aa5b74f3fa22e3cadb63e26fcc39c?s=96&d=mm&r=g","contentUrl":"https:\/\/secure.gravatar.com\/avatar\/f5fc875574b1575324358c3b9e6a32b8227aa5b74f3fa22e3cadb63e26fcc39c?s=96&d=mm&r=g","caption":"haberkuzey"},"sameAs":["https:\/\/haberkuzey.com"],"url":"https:\/\/haberkuzey.com\/index.php\/author\/haberkuzey\/"}]}},"_links":{"self":[{"href":"https:\/\/haberkuzey.com\/index.php\/wp-json\/wp\/v2\/posts\/15788","targetHints":{"allow":["GET"]}}],"collection":[{"href":"https:\/\/haberkuzey.com\/index.php\/wp-json\/wp\/v2\/posts"}],"about":[{"href":"https:\/\/haberkuzey.com\/index.php\/wp-json\/wp\/v2\/types\/post"}],"author":[{"embeddable":true,"href":"https:\/\/haberkuzey.com\/index.php\/wp-json\/wp\/v2\/users\/1"}],"replies":[{"embeddable":true,"href":"https:\/\/haberkuzey.com\/index.php\/wp-json\/wp\/v2\/comments?post=15788"}],"version-history":[{"count":0,"href":"https:\/\/haberkuzey.com\/index.php\/wp-json\/wp\/v2\/posts\/15788\/revisions"}],"wp:featuredmedia":[{"embeddable":true,"href":"https:\/\/haberkuzey.com\/index.php\/wp-json\/wp\/v2\/media\/15789"}],"wp:attachment":[{"href":"https:\/\/haberkuzey.com\/index.php\/wp-json\/wp\/v2\/media?parent=15788"}],"wp:term":[{"taxonomy":"category","embeddable":true,"href":"https:\/\/haberkuzey.com\/index.php\/wp-json\/wp\/v2\/categories?post=15788"},{"taxonomy":"post_tag","embeddable":true,"href":"https:\/\/haberkuzey.com\/index.php\/wp-json\/wp\/v2\/tags?post=15788"}],"curies":[{"name":"wp","href":"https:\/\/api.w.org\/{rel}","templated":true}]}}