{"id":15703,"date":"2024-12-27T13:05:05","date_gmt":"2024-12-27T11:05:05","guid":{"rendered":"https:\/\/haberkuzey.com\/index.php\/2024\/12\/27\/kibris-turk-emekliler-dernegi-calisanlarla-birlikte-emeklilerin-maaslarinda-kayiplara-sebep-olacak-degisiklige-karsiyiz\/"},"modified":"2024-12-27T13:05:05","modified_gmt":"2024-12-27T11:05:05","slug":"kibris-turk-emekliler-dernegi-calisanlarla-birlikte-emeklilerin-maaslarinda-kayiplara-sebep-olacak-degisiklige-karsiyiz","status":"publish","type":"post","link":"https:\/\/haberkuzey.com\/index.php\/2024\/12\/27\/kibris-turk-emekliler-dernegi-calisanlarla-birlikte-emeklilerin-maaslarinda-kayiplara-sebep-olacak-degisiklige-karsiyiz\/","title":{"rendered":"K\u0131br\u0131s T\u00fcrk Emekliler Derne\u011fi: \u00c7al\u0131\u015fanlarla birlikte, emeklilerin maa\u015flar\u0131nda kay\u0131plara sebep olacak de\u011fi\u015fikli\u011fe kar\u015f\u0131y\u0131z"},"content":{"rendered":"<div>\n<div class=\"mariselle-image-container center\">\n                                            <\/div>\n<p>K\u0131br\u0131s T\u00fcrk Emekliler Derne\u011fi, \u201c\u00e7al\u0131\u015fanlarla birlikte, emeklilerin maa\u015flar\u0131nda kay\u0131plara sebep olacak de\u011fi\u015fikli\u011fin yap\u0131lmas\u0131na kar\u015f\u0131y\u0131z\u201d a\u00e7\u0131klamas\u0131nda bulundu.<\/p>\n<p>K\u0131br\u0131s T\u00fcrk Emekliler Derne\u011fi taraf\u0131ndan yap\u0131lan yaz\u0131l\u0131 a\u00e7\u0131klamada, \u201cH\u00fck\u00fcmetin 1981 y\u0131l\u0131ndan beri uygulanmakta olan ve kazan\u0131lan bir hak niteli\u011fi ta\u015f\u0131yan; \u0130statistik Kurumu taraf\u0131ndan hesaplanan Hayat Pahal\u0131l\u0131\u011f\u0131n\u0131n, maa\u015flara yans\u0131t\u0131lmas\u0131 y\u00f6nteminde de\u011fi\u015fiklik yap\u0131lmas\u0131na y\u00f6nelik olarak haz\u0131rlanan ve 20 Aral\u0131k 2024 tarihinde, Resmi Gazetede yay\u0131nlanarak Kamu oyunun bilgisine getirilen, yasa de\u011fi\u015fikli\u011fine kar\u015f\u0131y\u0131z\u201d denildi.<\/p>\n<p>A\u00e7\u0131klamada, \u201cKonunun takip\u00e7isi olaca\u011f\u0131m\u0131z\u0131 ve K\u0131br\u0131s T\u00fcrk Emekliler Derne\u011fi olarak gerekli tepkiyi ortaya koyaca\u011f\u0131m\u0131z\u0131 duyuruyoruz\u201d ifadeleri kullan\u0131ld\u0131<\/p>\n<p>K\u0131br\u0131s T\u00fcrk Emekliler Derne\u011fi taraf\u0131ndan yap\u0131lan a\u00e7\u0131klama, \u015f\u00f6yle devam etti:<\/p>\n<p>\u201c\u0130lgi yasa ile ama\u00e7lanan; Devlet \u0130statistik Kurumunca alt\u0131 ayl\u0131k aral\u0131klarla hesaplanan Hayat Pahal\u0131l\u0131\u011f\u0131 oran\u0131n\u0131n, 1981 y\u0131l\u0131ndan ba\u015flayarak, g\u00fcn\u00fcm\u00fcze kadar yap\u0131ld\u0131\u011f\u0131 gibi, o g\u00fcnk\u00fc br\u00fct maa\u015flar \u00fczerinden de\u011fil, ba\u015flang\u0131\u00e7 y\u0131l\u0131 ba\u015f\u0131nda olu\u015fan asli maa\u015f \u00fczerinden hesaplanmas\u0131 y\u00f6ntemine ge\u00e7ilmesidir. Bu y\u00f6nteme ge\u00e7ilmesi halinde, T\u00fcm \u00e7al\u0131\u015fanlar\u0131n ve emeklilerin maa\u015flar\u0131nda bir kayb\u0131n olu\u015fmas\u0131 ka\u00e7\u0131n\u0131lmazd\u0131r. Enflasyonun bu kadar y\u00fcksek seyretti\u011fi ve ger\u00e7ek enflasyonun ortaya konup konmad\u0131\u011f\u0131 konusunda, kamuoyunda \u015f\u00fcphelerin bulundu\u011fu g\u00fcn\u00fcm\u00fczde, H\u00fck\u00fcmetin bu y\u00f6ndeki bir de\u011fi\u015fiklikle, \u00e7al\u0131\u015fanlarla birlikte, emeklilerin maa\u015flar\u0131nda kay\u0131plara sebep olacak b\u00f6yle bir de\u011fi\u015fikli\u011fin yap\u0131lmas\u0131na, Emekliler Camias\u0131 olarak kar\u015f\u0131 oldu\u011fumuzu, T\u00fcm Kamuoyunun bilgisine getirir, konunun takip\u00e7isi olaca\u011f\u0131m\u0131z\u0131 ve K\u0131br\u0131s T\u00fcrk Emekliler Derne\u011fi olarak gerekli tepkiyi ortaya koyaca\u011f\u0131m\u0131z\u0131 duyuruyoruz.\u201d<\/p>\n<\/p><\/div>\n<p><script async\n                    defer\n                    crossorigin=\"anonymous\"\n                    src=\"https:\/\/connect.facebook.net\/tr_TR\/sdk.js#xfbml=1&#038;version=v3.3\"\n            ><\/script><\/p>\n","protected":false},"excerpt":{"rendered":"<p>K\u0131br\u0131s T\u00fcrk Emekliler Derne\u011fi, \u201c\u00e7al\u0131\u015fanlarla birlikte, emeklilerin maa\u015flar\u0131nda kay\u0131plara sebep olacak de\u011fi\u015fikli\u011fin yap\u0131lmas\u0131na kar\u015f\u0131y\u0131z\u201d a\u00e7\u0131klamas\u0131nda bulundu. K\u0131br\u0131s T\u00fcrk Emekliler Derne\u011fi taraf\u0131ndan yap\u0131lan yaz\u0131l\u0131 a\u00e7\u0131klamada, \u201cH\u00fck\u00fcmetin 1981 y\u0131l\u0131ndan beri uygulanmakta olan ve kazan\u0131lan bir hak niteli\u011fi ta\u015f\u0131yan; \u0130statistik Kurumu taraf\u0131ndan hesaplanan Hayat Pahal\u0131l\u0131\u011f\u0131n\u0131n, maa\u015flara yans\u0131t\u0131lmas\u0131 y\u00f6nteminde de\u011fi\u015fiklik yap\u0131lmas\u0131na y\u00f6nelik olarak haz\u0131rlanan ve 20 Aral\u0131k 2024 tarihinde, [&hellip;]<\/p>\n","protected":false},"author":1,"featured_media":15704,"comment_status":"open","ping_status":"open","sticky":false,"template":"","format":"standard","meta":{"jnews-multi-image_gallery":[],"jnews_single_post":[],"jnews_primary_category":[],"footnotes":""},"categories":[1],"tags":[],"class_list":["post-15703","post","type-post","status-publish","format-standard","has-post-thumbnail","hentry","category-kibris"],"yoast_head":"<!-- This site is optimized with the Yoast SEO plugin v27.4 - https:\/\/yoast.com\/product\/yoast-seo-wordpress\/ -->\n<title>K\u0131br\u0131s T\u00fcrk Emekliler Derne\u011fi: \u00c7al\u0131\u015fanlarla birlikte, emeklilerin maa\u015flar\u0131nda kay\u0131plara sebep olacak de\u011fi\u015fikli\u011fe kar\u015f\u0131y\u0131z - Haber Kuzey<\/title>\n<meta name=\"robots\" content=\"index, follow, max-snippet:-1, max-image-preview:large, max-video-preview:-1\" \/>\n<link rel=\"canonical\" href=\"https:\/\/haberkuzey.com\/index.php\/2024\/12\/27\/kibris-turk-emekliler-dernegi-calisanlarla-birlikte-emeklilerin-maaslarinda-kayiplara-sebep-olacak-degisiklige-karsiyiz\/\" \/>\n<meta property=\"og:locale\" content=\"tr_TR\" \/>\n<meta property=\"og:type\" content=\"article\" \/>\n<meta property=\"og:title\" content=\"K\u0131br\u0131s T\u00fcrk Emekliler Derne\u011fi: \u00c7al\u0131\u015fanlarla birlikte, emeklilerin maa\u015flar\u0131nda kay\u0131plara sebep olacak de\u011fi\u015fikli\u011fe kar\u015f\u0131y\u0131z - Haber Kuzey\" \/>\n<meta property=\"og:description\" content=\"K\u0131br\u0131s T\u00fcrk Emekliler Derne\u011fi, \u201c\u00e7al\u0131\u015fanlarla birlikte, emeklilerin maa\u015flar\u0131nda kay\u0131plara sebep olacak de\u011fi\u015fikli\u011fin yap\u0131lmas\u0131na kar\u015f\u0131y\u0131z\u201d a\u00e7\u0131klamas\u0131nda bulundu. K\u0131br\u0131s T\u00fcrk Emekliler Derne\u011fi taraf\u0131ndan yap\u0131lan yaz\u0131l\u0131 a\u00e7\u0131klamada, \u201cH\u00fck\u00fcmetin 1981 y\u0131l\u0131ndan beri uygulanmakta olan ve kazan\u0131lan bir hak niteli\u011fi ta\u015f\u0131yan; \u0130statistik Kurumu taraf\u0131ndan hesaplanan Hayat Pahal\u0131l\u0131\u011f\u0131n\u0131n, maa\u015flara yans\u0131t\u0131lmas\u0131 y\u00f6nteminde de\u011fi\u015fiklik yap\u0131lmas\u0131na y\u00f6nelik olarak haz\u0131rlanan ve 20 Aral\u0131k 2024 tarihinde, [&hellip;]\" \/>\n<meta property=\"og:url\" content=\"https:\/\/haberkuzey.com\/index.php\/2024\/12\/27\/kibris-turk-emekliler-dernegi-calisanlarla-birlikte-emeklilerin-maaslarinda-kayiplara-sebep-olacak-degisiklige-karsiyiz\/\" \/>\n<meta property=\"og:site_name\" content=\"Haber Kuzey\" \/>\n<meta property=\"article:published_time\" content=\"2024-12-27T11:05:05+00:00\" \/>\n<meta property=\"og:image\" content=\"https:\/\/brtk.net\/wp-content\/uploads\/2024\/12\/27\/emekliler.jpg?ver=72163ef39d102716a050862ac66ba3d9\" \/>\n<meta name=\"author\" content=\"haberkuzey\" \/>\n<meta name=\"twitter:card\" content=\"summary_large_image\" \/>\n<meta name=\"twitter:label1\" content=\"Yazan:\" \/>\n\t<meta name=\"twitter:data1\" content=\"haberkuzey\" \/>\n\t<meta name=\"twitter:label2\" content=\"Tahmini okuma s\u00fcresi\" \/>\n\t<meta name=\"twitter:data2\" content=\"2 dakika\" \/>\n<script type=\"application\/ld+json\" class=\"yoast-schema-graph\">{\"@context\":\"https:\\\/\\\/schema.org\",\"@graph\":[{\"@type\":\"Article\",\"@id\":\"https:\\\/\\\/haberkuzey.com\\\/index.php\\\/2024\\\/12\\\/27\\\/kibris-turk-emekliler-dernegi-calisanlarla-birlikte-emeklilerin-maaslarinda-kayiplara-sebep-olacak-degisiklige-karsiyiz\\\/#article\",\"isPartOf\":{\"@id\":\"https:\\\/\\\/haberkuzey.com\\\/index.php\\\/2024\\\/12\\\/27\\\/kibris-turk-emekliler-dernegi-calisanlarla-birlikte-emeklilerin-maaslarinda-kayiplara-sebep-olacak-degisiklige-karsiyiz\\\/\"},\"author\":{\"name\":\"haberkuzey\",\"@id\":\"https:\\\/\\\/haberkuzey.com\\\/#\\\/schema\\\/person\\\/3372109ec735f9333f4fa47ebb9605ca\"},\"headline\":\"K\u0131br\u0131s T\u00fcrk Emekliler Derne\u011fi: \u00c7al\u0131\u015fanlarla birlikte, emeklilerin maa\u015flar\u0131nda kay\u0131plara sebep olacak de\u011fi\u015fikli\u011fe kar\u015f\u0131y\u0131z\",\"datePublished\":\"2024-12-27T11:05:05+00:00\",\"mainEntityOfPage\":{\"@id\":\"https:\\\/\\\/haberkuzey.com\\\/index.php\\\/2024\\\/12\\\/27\\\/kibris-turk-emekliler-dernegi-calisanlarla-birlikte-emeklilerin-maaslarinda-kayiplara-sebep-olacak-degisiklige-karsiyiz\\\/\"},\"wordCount\":359,\"commentCount\":0,\"image\":{\"@id\":\"https:\\\/\\\/haberkuzey.com\\\/index.php\\\/2024\\\/12\\\/27\\\/kibris-turk-emekliler-dernegi-calisanlarla-birlikte-emeklilerin-maaslarinda-kayiplara-sebep-olacak-degisiklige-karsiyiz\\\/#primaryimage\"},\"thumbnailUrl\":\"https:\\\/\\\/haberkuzey.com\\\/wp-content\\\/uploads\\\/2024\\\/12\\\/emekliler.jpg\",\"articleSection\":[\"K\u0131br\u0131s\"],\"inLanguage\":\"tr\",\"potentialAction\":[{\"@type\":\"CommentAction\",\"name\":\"Comment\",\"target\":[\"https:\\\/\\\/haberkuzey.com\\\/index.php\\\/2024\\\/12\\\/27\\\/kibris-turk-emekliler-dernegi-calisanlarla-birlikte-emeklilerin-maaslarinda-kayiplara-sebep-olacak-degisiklige-karsiyiz\\\/#respond\"]}]},{\"@type\":\"WebPage\",\"@id\":\"https:\\\/\\\/haberkuzey.com\\\/index.php\\\/2024\\\/12\\\/27\\\/kibris-turk-emekliler-dernegi-calisanlarla-birlikte-emeklilerin-maaslarinda-kayiplara-sebep-olacak-degisiklige-karsiyiz\\\/\",\"url\":\"https:\\\/\\\/haberkuzey.com\\\/index.php\\\/2024\\\/12\\\/27\\\/kibris-turk-emekliler-dernegi-calisanlarla-birlikte-emeklilerin-maaslarinda-kayiplara-sebep-olacak-degisiklige-karsiyiz\\\/\",\"name\":\"K\u0131br\u0131s T\u00fcrk Emekliler Derne\u011fi: \u00c7al\u0131\u015fanlarla birlikte, emeklilerin maa\u015flar\u0131nda kay\u0131plara sebep olacak de\u011fi\u015fikli\u011fe kar\u015f\u0131y\u0131z - Haber Kuzey\",\"isPartOf\":{\"@id\":\"https:\\\/\\\/haberkuzey.com\\\/#website\"},\"primaryImageOfPage\":{\"@id\":\"https:\\\/\\\/haberkuzey.com\\\/index.php\\\/2024\\\/12\\\/27\\\/kibris-turk-emekliler-dernegi-calisanlarla-birlikte-emeklilerin-maaslarinda-kayiplara-sebep-olacak-degisiklige-karsiyiz\\\/#primaryimage\"},\"image\":{\"@id\":\"https:\\\/\\\/haberkuzey.com\\\/index.php\\\/2024\\\/12\\\/27\\\/kibris-turk-emekliler-dernegi-calisanlarla-birlikte-emeklilerin-maaslarinda-kayiplara-sebep-olacak-degisiklige-karsiyiz\\\/#primaryimage\"},\"thumbnailUrl\":\"https:\\\/\\\/haberkuzey.com\\\/wp-content\\\/uploads\\\/2024\\\/12\\\/emekliler.jpg\",\"datePublished\":\"2024-12-27T11:05:05+00:00\",\"author\":{\"@id\":\"https:\\\/\\\/haberkuzey.com\\\/#\\\/schema\\\/person\\\/3372109ec735f9333f4fa47ebb9605ca\"},\"breadcrumb\":{\"@id\":\"https:\\\/\\\/haberkuzey.com\\\/index.php\\\/2024\\\/12\\\/27\\\/kibris-turk-emekliler-dernegi-calisanlarla-birlikte-emeklilerin-maaslarinda-kayiplara-sebep-olacak-degisiklige-karsiyiz\\\/#breadcrumb\"},\"inLanguage\":\"tr\",\"potentialAction\":[{\"@type\":\"ReadAction\",\"target\":[\"https:\\\/\\\/haberkuzey.com\\\/index.php\\\/2024\\\/12\\\/27\\\/kibris-turk-emekliler-dernegi-calisanlarla-birlikte-emeklilerin-maaslarinda-kayiplara-sebep-olacak-degisiklige-karsiyiz\\\/\"]}]},{\"@type\":\"ImageObject\",\"inLanguage\":\"tr\",\"@id\":\"https:\\\/\\\/haberkuzey.com\\\/index.php\\\/2024\\\/12\\\/27\\\/kibris-turk-emekliler-dernegi-calisanlarla-birlikte-emeklilerin-maaslarinda-kayiplara-sebep-olacak-degisiklige-karsiyiz\\\/#primaryimage\",\"url\":\"https:\\\/\\\/haberkuzey.com\\\/wp-content\\\/uploads\\\/2024\\\/12\\\/emekliler.jpg\",\"contentUrl\":\"https:\\\/\\\/haberkuzey.com\\\/wp-content\\\/uploads\\\/2024\\\/12\\\/emekliler.jpg\",\"width\":620,\"height\":350},{\"@type\":\"BreadcrumbList\",\"@id\":\"https:\\\/\\\/haberkuzey.com\\\/index.php\\\/2024\\\/12\\\/27\\\/kibris-turk-emekliler-dernegi-calisanlarla-birlikte-emeklilerin-maaslarinda-kayiplara-sebep-olacak-degisiklige-karsiyiz\\\/#breadcrumb\",\"itemListElement\":[{\"@type\":\"ListItem\",\"position\":1,\"name\":\"Anasayfa\",\"item\":\"https:\\\/\\\/haberkuzey.com\\\/\"},{\"@type\":\"ListItem\",\"position\":2,\"name\":\"K\u0131br\u0131s T\u00fcrk Emekliler Derne\u011fi: \u00c7al\u0131\u015fanlarla birlikte, emeklilerin maa\u015flar\u0131nda kay\u0131plara sebep olacak de\u011fi\u015fikli\u011fe kar\u015f\u0131y\u0131z\"}]},{\"@type\":\"WebSite\",\"@id\":\"https:\\\/\\\/haberkuzey.com\\\/#website\",\"url\":\"https:\\\/\\\/haberkuzey.com\\\/\",\"name\":\"Haber Kuzey\",\"description\":\"Do\u011fru Haberin Adresi\",\"potentialAction\":[{\"@type\":\"SearchAction\",\"target\":{\"@type\":\"EntryPoint\",\"urlTemplate\":\"https:\\\/\\\/haberkuzey.com\\\/?s={search_term_string}\"},\"query-input\":{\"@type\":\"PropertyValueSpecification\",\"valueRequired\":true,\"valueName\":\"search_term_string\"}}],\"inLanguage\":\"tr\"},{\"@type\":\"Person\",\"@id\":\"https:\\\/\\\/haberkuzey.com\\\/#\\\/schema\\\/person\\\/3372109ec735f9333f4fa47ebb9605ca\",\"name\":\"haberkuzey\",\"image\":{\"@type\":\"ImageObject\",\"inLanguage\":\"tr\",\"@id\":\"https:\\\/\\\/secure.gravatar.com\\\/avatar\\\/f5fc875574b1575324358c3b9e6a32b8227aa5b74f3fa22e3cadb63e26fcc39c?s=96&d=mm&r=g\",\"url\":\"https:\\\/\\\/secure.gravatar.com\\\/avatar\\\/f5fc875574b1575324358c3b9e6a32b8227aa5b74f3fa22e3cadb63e26fcc39c?s=96&d=mm&r=g\",\"contentUrl\":\"https:\\\/\\\/secure.gravatar.com\\\/avatar\\\/f5fc875574b1575324358c3b9e6a32b8227aa5b74f3fa22e3cadb63e26fcc39c?s=96&d=mm&r=g\",\"caption\":\"haberkuzey\"},\"sameAs\":[\"https:\\\/\\\/haberkuzey.com\"],\"url\":\"https:\\\/\\\/haberkuzey.com\\\/index.php\\\/author\\\/haberkuzey\\\/\"}]}<\/script>\n<!-- \/ Yoast SEO plugin. -->","yoast_head_json":{"title":"K\u0131br\u0131s T\u00fcrk Emekliler Derne\u011fi: \u00c7al\u0131\u015fanlarla birlikte, emeklilerin maa\u015flar\u0131nda kay\u0131plara sebep olacak de\u011fi\u015fikli\u011fe kar\u015f\u0131y\u0131z - Haber Kuzey","robots":{"index":"index","follow":"follow","max-snippet":"max-snippet:-1","max-image-preview":"max-image-preview:large","max-video-preview":"max-video-preview:-1"},"canonical":"https:\/\/haberkuzey.com\/index.php\/2024\/12\/27\/kibris-turk-emekliler-dernegi-calisanlarla-birlikte-emeklilerin-maaslarinda-kayiplara-sebep-olacak-degisiklige-karsiyiz\/","og_locale":"tr_TR","og_type":"article","og_title":"K\u0131br\u0131s T\u00fcrk Emekliler Derne\u011fi: \u00c7al\u0131\u015fanlarla birlikte, emeklilerin maa\u015flar\u0131nda kay\u0131plara sebep olacak de\u011fi\u015fikli\u011fe kar\u015f\u0131y\u0131z - Haber Kuzey","og_description":"K\u0131br\u0131s T\u00fcrk Emekliler Derne\u011fi, \u201c\u00e7al\u0131\u015fanlarla birlikte, emeklilerin maa\u015flar\u0131nda kay\u0131plara sebep olacak de\u011fi\u015fikli\u011fin yap\u0131lmas\u0131na kar\u015f\u0131y\u0131z\u201d a\u00e7\u0131klamas\u0131nda bulundu. K\u0131br\u0131s T\u00fcrk Emekliler Derne\u011fi taraf\u0131ndan yap\u0131lan yaz\u0131l\u0131 a\u00e7\u0131klamada, \u201cH\u00fck\u00fcmetin 1981 y\u0131l\u0131ndan beri uygulanmakta olan ve kazan\u0131lan bir hak niteli\u011fi ta\u015f\u0131yan; \u0130statistik Kurumu taraf\u0131ndan hesaplanan Hayat Pahal\u0131l\u0131\u011f\u0131n\u0131n, maa\u015flara yans\u0131t\u0131lmas\u0131 y\u00f6nteminde de\u011fi\u015fiklik yap\u0131lmas\u0131na y\u00f6nelik olarak haz\u0131rlanan ve 20 Aral\u0131k 2024 tarihinde, [&hellip;]","og_url":"https:\/\/haberkuzey.com\/index.php\/2024\/12\/27\/kibris-turk-emekliler-dernegi-calisanlarla-birlikte-emeklilerin-maaslarinda-kayiplara-sebep-olacak-degisiklige-karsiyiz\/","og_site_name":"Haber Kuzey","article_published_time":"2024-12-27T11:05:05+00:00","og_image":[{"url":"https:\/\/brtk.net\/wp-content\/uploads\/2024\/12\/27\/emekliler.jpg?ver=72163ef39d102716a050862ac66ba3d9","type":"","width":"","height":""}],"author":"haberkuzey","twitter_card":"summary_large_image","twitter_misc":{"Yazan:":"haberkuzey","Tahmini okuma s\u00fcresi":"2 dakika"},"schema":{"@context":"https:\/\/schema.org","@graph":[{"@type":"Article","@id":"https:\/\/haberkuzey.com\/index.php\/2024\/12\/27\/kibris-turk-emekliler-dernegi-calisanlarla-birlikte-emeklilerin-maaslarinda-kayiplara-sebep-olacak-degisiklige-karsiyiz\/#article","isPartOf":{"@id":"https:\/\/haberkuzey.com\/index.php\/2024\/12\/27\/kibris-turk-emekliler-dernegi-calisanlarla-birlikte-emeklilerin-maaslarinda-kayiplara-sebep-olacak-degisiklige-karsiyiz\/"},"author":{"name":"haberkuzey","@id":"https:\/\/haberkuzey.com\/#\/schema\/person\/3372109ec735f9333f4fa47ebb9605ca"},"headline":"K\u0131br\u0131s T\u00fcrk Emekliler Derne\u011fi: \u00c7al\u0131\u015fanlarla birlikte, emeklilerin maa\u015flar\u0131nda kay\u0131plara sebep olacak de\u011fi\u015fikli\u011fe kar\u015f\u0131y\u0131z","datePublished":"2024-12-27T11:05:05+00:00","mainEntityOfPage":{"@id":"https:\/\/haberkuzey.com\/index.php\/2024\/12\/27\/kibris-turk-emekliler-dernegi-calisanlarla-birlikte-emeklilerin-maaslarinda-kayiplara-sebep-olacak-degisiklige-karsiyiz\/"},"wordCount":359,"commentCount":0,"image":{"@id":"https:\/\/haberkuzey.com\/index.php\/2024\/12\/27\/kibris-turk-emekliler-dernegi-calisanlarla-birlikte-emeklilerin-maaslarinda-kayiplara-sebep-olacak-degisiklige-karsiyiz\/#primaryimage"},"thumbnailUrl":"https:\/\/haberkuzey.com\/wp-content\/uploads\/2024\/12\/emekliler.jpg","articleSection":["K\u0131br\u0131s"],"inLanguage":"tr","potentialAction":[{"@type":"CommentAction","name":"Comment","target":["https:\/\/haberkuzey.com\/index.php\/2024\/12\/27\/kibris-turk-emekliler-dernegi-calisanlarla-birlikte-emeklilerin-maaslarinda-kayiplara-sebep-olacak-degisiklige-karsiyiz\/#respond"]}]},{"@type":"WebPage","@id":"https:\/\/haberkuzey.com\/index.php\/2024\/12\/27\/kibris-turk-emekliler-dernegi-calisanlarla-birlikte-emeklilerin-maaslarinda-kayiplara-sebep-olacak-degisiklige-karsiyiz\/","url":"https:\/\/haberkuzey.com\/index.php\/2024\/12\/27\/kibris-turk-emekliler-dernegi-calisanlarla-birlikte-emeklilerin-maaslarinda-kayiplara-sebep-olacak-degisiklige-karsiyiz\/","name":"K\u0131br\u0131s T\u00fcrk Emekliler Derne\u011fi: \u00c7al\u0131\u015fanlarla birlikte, emeklilerin maa\u015flar\u0131nda kay\u0131plara sebep olacak de\u011fi\u015fikli\u011fe kar\u015f\u0131y\u0131z - Haber Kuzey","isPartOf":{"@id":"https:\/\/haberkuzey.com\/#website"},"primaryImageOfPage":{"@id":"https:\/\/haberkuzey.com\/index.php\/2024\/12\/27\/kibris-turk-emekliler-dernegi-calisanlarla-birlikte-emeklilerin-maaslarinda-kayiplara-sebep-olacak-degisiklige-karsiyiz\/#primaryimage"},"image":{"@id":"https:\/\/haberkuzey.com\/index.php\/2024\/12\/27\/kibris-turk-emekliler-dernegi-calisanlarla-birlikte-emeklilerin-maaslarinda-kayiplara-sebep-olacak-degisiklige-karsiyiz\/#primaryimage"},"thumbnailUrl":"https:\/\/haberkuzey.com\/wp-content\/uploads\/2024\/12\/emekliler.jpg","datePublished":"2024-12-27T11:05:05+00:00","author":{"@id":"https:\/\/haberkuzey.com\/#\/schema\/person\/3372109ec735f9333f4fa47ebb9605ca"},"breadcrumb":{"@id":"https:\/\/haberkuzey.com\/index.php\/2024\/12\/27\/kibris-turk-emekliler-dernegi-calisanlarla-birlikte-emeklilerin-maaslarinda-kayiplara-sebep-olacak-degisiklige-karsiyiz\/#breadcrumb"},"inLanguage":"tr","potentialAction":[{"@type":"ReadAction","target":["https:\/\/haberkuzey.com\/index.php\/2024\/12\/27\/kibris-turk-emekliler-dernegi-calisanlarla-birlikte-emeklilerin-maaslarinda-kayiplara-sebep-olacak-degisiklige-karsiyiz\/"]}]},{"@type":"ImageObject","inLanguage":"tr","@id":"https:\/\/haberkuzey.com\/index.php\/2024\/12\/27\/kibris-turk-emekliler-dernegi-calisanlarla-birlikte-emeklilerin-maaslarinda-kayiplara-sebep-olacak-degisiklige-karsiyiz\/#primaryimage","url":"https:\/\/haberkuzey.com\/wp-content\/uploads\/2024\/12\/emekliler.jpg","contentUrl":"https:\/\/haberkuzey.com\/wp-content\/uploads\/2024\/12\/emekliler.jpg","width":620,"height":350},{"@type":"BreadcrumbList","@id":"https:\/\/haberkuzey.com\/index.php\/2024\/12\/27\/kibris-turk-emekliler-dernegi-calisanlarla-birlikte-emeklilerin-maaslarinda-kayiplara-sebep-olacak-degisiklige-karsiyiz\/#breadcrumb","itemListElement":[{"@type":"ListItem","position":1,"name":"Anasayfa","item":"https:\/\/haberkuzey.com\/"},{"@type":"ListItem","position":2,"name":"K\u0131br\u0131s T\u00fcrk Emekliler Derne\u011fi: \u00c7al\u0131\u015fanlarla birlikte, emeklilerin maa\u015flar\u0131nda kay\u0131plara sebep olacak de\u011fi\u015fikli\u011fe kar\u015f\u0131y\u0131z"}]},{"@type":"WebSite","@id":"https:\/\/haberkuzey.com\/#website","url":"https:\/\/haberkuzey.com\/","name":"Haber Kuzey","description":"Do\u011fru Haberin Adresi","potentialAction":[{"@type":"SearchAction","target":{"@type":"EntryPoint","urlTemplate":"https:\/\/haberkuzey.com\/?s={search_term_string}"},"query-input":{"@type":"PropertyValueSpecification","valueRequired":true,"valueName":"search_term_string"}}],"inLanguage":"tr"},{"@type":"Person","@id":"https:\/\/haberkuzey.com\/#\/schema\/person\/3372109ec735f9333f4fa47ebb9605ca","name":"haberkuzey","image":{"@type":"ImageObject","inLanguage":"tr","@id":"https:\/\/secure.gravatar.com\/avatar\/f5fc875574b1575324358c3b9e6a32b8227aa5b74f3fa22e3cadb63e26fcc39c?s=96&d=mm&r=g","url":"https:\/\/secure.gravatar.com\/avatar\/f5fc875574b1575324358c3b9e6a32b8227aa5b74f3fa22e3cadb63e26fcc39c?s=96&d=mm&r=g","contentUrl":"https:\/\/secure.gravatar.com\/avatar\/f5fc875574b1575324358c3b9e6a32b8227aa5b74f3fa22e3cadb63e26fcc39c?s=96&d=mm&r=g","caption":"haberkuzey"},"sameAs":["https:\/\/haberkuzey.com"],"url":"https:\/\/haberkuzey.com\/index.php\/author\/haberkuzey\/"}]}},"_links":{"self":[{"href":"https:\/\/haberkuzey.com\/index.php\/wp-json\/wp\/v2\/posts\/15703","targetHints":{"allow":["GET"]}}],"collection":[{"href":"https:\/\/haberkuzey.com\/index.php\/wp-json\/wp\/v2\/posts"}],"about":[{"href":"https:\/\/haberkuzey.com\/index.php\/wp-json\/wp\/v2\/types\/post"}],"author":[{"embeddable":true,"href":"https:\/\/haberkuzey.com\/index.php\/wp-json\/wp\/v2\/users\/1"}],"replies":[{"embeddable":true,"href":"https:\/\/haberkuzey.com\/index.php\/wp-json\/wp\/v2\/comments?post=15703"}],"version-history":[{"count":0,"href":"https:\/\/haberkuzey.com\/index.php\/wp-json\/wp\/v2\/posts\/15703\/revisions"}],"wp:featuredmedia":[{"embeddable":true,"href":"https:\/\/haberkuzey.com\/index.php\/wp-json\/wp\/v2\/media\/15704"}],"wp:attachment":[{"href":"https:\/\/haberkuzey.com\/index.php\/wp-json\/wp\/v2\/media?parent=15703"}],"wp:term":[{"taxonomy":"category","embeddable":true,"href":"https:\/\/haberkuzey.com\/index.php\/wp-json\/wp\/v2\/categories?post=15703"},{"taxonomy":"post_tag","embeddable":true,"href":"https:\/\/haberkuzey.com\/index.php\/wp-json\/wp\/v2\/tags?post=15703"}],"curies":[{"name":"wp","href":"https:\/\/api.w.org\/{rel}","templated":true}]}}