{"id":15663,"date":"2024-12-25T21:38:22","date_gmt":"2024-12-25T19:38:22","guid":{"rendered":"https:\/\/haberkuzey.com\/index.php\/2024\/12\/25\/tc-cumhurbaskanligi-kultur-sanat-buyuk-odulleri-toreni-cumhurbaskani-tatarin-da-katilimiyla-yapildi\/"},"modified":"2024-12-25T21:38:22","modified_gmt":"2024-12-25T19:38:22","slug":"tc-cumhurbaskanligi-kultur-sanat-buyuk-odulleri-toreni-cumhurbaskani-tatarin-da-katilimiyla-yapildi","status":"publish","type":"post","link":"https:\/\/haberkuzey.com\/index.php\/2024\/12\/25\/tc-cumhurbaskanligi-kultur-sanat-buyuk-odulleri-toreni-cumhurbaskani-tatarin-da-katilimiyla-yapildi\/","title":{"rendered":"TC Cumhurba\u015fkanl\u0131\u011f\u0131 K\u00fclt\u00fcr Sanat B\u00fcy\u00fck \u00d6d\u00fclleri T\u00f6reni, Cumhurba\u015fkan\u0131 Tatar\u2019\u0131n da kat\u0131l\u0131m\u0131yla yap\u0131ld\u0131"},"content":{"rendered":"<div>\n<div class=\"mariselle-image-container center\">\n                                            <\/div>\n<p>T\u00fcrkiye Cumhurba\u015fkanl\u0131\u011f\u0131 K\u00fclt\u00fcr Sanat B\u00fcy\u00fck \u00d6d\u00fclleri T\u00f6reni, Cumhurba\u015fkan\u0131 Ersin Tatar\u2019\u0131n da kat\u0131l\u0131m\u0131yla yap\u0131ld\u0131.<\/p>\n<p>T\u00fcrkiye Cumhurba\u015fkan\u0131 Recep Tayyip Erdo\u011fan, \u201cBu y\u0131l edebiyattan k\u00fct\u00fcphanecili\u011fe, m\u00fczikten tiyatroya, bilim-k\u00fclt\u00fcrden sinema ve zanaatlara uzanan 8 ayr\u0131 dalda \u00f6d\u00fcl takdim ediyoruz.\u201d dedi.<\/p>\n<p>Erdo\u011fan, Be\u015ftepe Millet Kongre ve K\u00fclt\u00fcr Merkezi\u2019nde d\u00fczenlenen Cumhurba\u015fkanl\u0131\u011f\u0131 K\u00fclt\u00fcr Sanat B\u00fcy\u00fck \u00d6d\u00fclleri T\u00f6reni\u2019nde yapt\u0131\u011f\u0131 konu\u015fmas\u0131na, gerek T\u00fcrkiye\u2019de gerekse yurt d\u0131\u015f\u0131nda icra ettikleri \u00e7al\u0131\u015fmalarla k\u00fclt\u00fcr ve sanat d\u00fcnyas\u0131na yepyeni ufuklar a\u00e7an t\u00fcm sanat\u00e7\u0131lara selamlar\u0131n\u0131, sayg\u0131lar\u0131n\u0131 g\u00f6ndererek ba\u015flad\u0131.<\/p>\n<p>\u00d6d\u00fcle lay\u0131k g\u00f6r\u00fclen sanat\u00e7\u0131lar\u0131, fikir ve edebiyat erbab\u0131n\u0131, ustalar\u0131 ve onlar\u0131n temsilcilerini tebrik eden Erdo\u011fan, eserleriyle as\u0131rlar\u0131 a\u015f\u0131p gelen, medeniyet nehrinin k\u00fclt\u00fcr ve sanat kollar\u0131n\u0131 besleyen \u00f6d\u00fcl sahiplerine bundan sonraki \u00e7al\u0131\u015fmalar\u0131nda Mevla\u2019dan ba\u015far\u0131lar diledi.<\/p>\n<p>Erdo\u011fan, k\u0131l\u0131 k\u0131rk yaran, titiz ve kapsaml\u0131 bir de\u011ferlendirme s\u00fcreci ile \u00f6d\u00fcl sahiplerini belirleyen se\u00e7ici kurul \u00fcyelerine de \u015f\u00fckranlar\u0131n\u0131 sunarak, \u201cBu y\u0131l edebiyattan k\u00fct\u00fcphanecili\u011fe, m\u00fczikten tiyatroya, bilim-k\u00fclt\u00fcrden sinema ve zanaatlara uzanan 8 ayr\u0131 dalda \u00f6d\u00fcl takdim ediyoruz.\u201d ifadesini kulland\u0131.<\/p>\n<p>Profes\u00f6r Doktor G\u00f6n\u00fcl Tekin ve Profes\u00f6r Doktor G\u00fcnay Kut\u2019a Bilim-K\u00fclt\u00fcr \u00d6d\u00fcllerinin tebli\u011f edildi\u011fini an\u0131msatan Erdo\u011fan, \u015funlar\u0131 kaydetti:<\/p>\n<p>\u201cD\u00fcnyan\u0131n \u00f6nde gelen T\u00fcrkologlar\u0131ndan G\u00f6n\u00fcl Tekin Hocam\u0131z, kitap ve makaleleriyle, ara\u015ft\u0131rmalar\u0131yla, konferanslar\u0131yla eski T\u00fcrk Edebiyat\u0131\u2019na \u0131\u015f\u0131k tutan \u00f6nemli \u00e7al\u0131\u015fmalara imza att\u0131. Harvard \u00dcniversitesi\u2019nde Osmanl\u0131 T\u00fcrk\u00e7esi, \u00d6zbek\u00e7e ve \u00c7a\u011fatayca dersleri veren Profes\u00f6r Doktor G\u00f6n\u00fcl Tekin, uzun y\u0131llar edit\u00f6rl\u00fc\u011f\u00fcn\u00fc yapt\u0131\u011f\u0131 T\u00fcrkl\u00fck Bilgisi Ara\u015ft\u0131rmalar\u0131 Dergisi\u2019yle Bat\u0131\u2019da T\u00fcrk\u00e7e yay\u0131n merkezli T\u00fcrkoloji \u00e7al\u0131\u015fmalar\u0131n\u0131n da \u00f6n\u00fcn\u00fc a\u00e7t\u0131.\u201d<\/p>\n<p>Cumhurba\u015fkan\u0131 Erdo\u011fan, Tekin\u2019in, Harvard \u00dcniversitesi b\u00fcnyesindeki Osmanl\u0131 T\u00fcrk\u00e7esi yaz okulunun Cunda\u2019da a\u00e7\u0131lmas\u0131nda \u00f6nemli bir pay sahibi oldu\u011funu hat\u0131rlatarak, \u015f\u00f6yle devam etti:<\/p>\n<p>\u201cHocam\u0131z, Mevlana, Yunus Emre, Ali \u015eir Nevai, Evliya \u00c7elebi ve Ahmed-i Dai gibi nice abide ismin eserlerini disiplinler aras\u0131 bir bak\u0131\u015fla ele ald\u0131. Profes\u00f6r Doktor G\u00fcnay Kut ise yine T\u00fcrkoloji ve eski T\u00fcrk Edebiyat\u0131 alan\u0131nda uluslararas\u0131 d\u00fczeyde tan\u0131nan sayg\u0131n bir hocam\u0131z. Merhum Halil \u0130nalc\u0131k\u2019\u0131n se\u00e7kin talebelerinden olan Profes\u00f6r Doktor G\u00fcnay Kut, Bo\u011fazi\u00e7i \u00dcniversitesi\u2019nde T\u00fcrkoloji B\u00f6l\u00fcm\u00fcn\u00fc, Oxford \u00dcniversitesi\u2019nde ise Atat\u00fcrk Enstit\u00fcs\u00fc\u2019n\u00fc kurarak T\u00fcrk k\u00fclt\u00fcr\u00fcne \u00f6nemli hizmetlerde bulundu. Bilhassa biyografi ve yazma eserler alan\u0131nda T\u00fcrkoloji m\u00fcktesebat\u0131na \u00f6nemli katk\u0131lar sunan G\u00fcnay Kut, T\u00fcrk Dili\u2019nin ve T\u00fcrk Edebiyat\u0131\u2019n\u0131n uluslararas\u0131 \u00f6l\u00e7ekte tan\u0131nmas\u0131 i\u00e7in kritik bir rol oynad\u0131. Bilim-K\u00fclt\u00fcr \u00f6d\u00fcl\u00fc sahibi her iki hocam\u0131z\u0131 da tebrik ediyor, bug\u00fcne kadar yapt\u0131klar\u0131 k\u0131ymetli \u00e7al\u0131\u015fmalar\u0131ndan \u00f6t\u00fcr\u00fc kendilerine te\u015fekk\u00fcr ediyorum.\u201d<\/p>\n<p>\u2013 Edebiyat \u00d6d\u00fcl\u00fc\u2019n\u00fcn sahibi Fatma Karab\u0131y\u0131k Barbaroso\u011flu oldu<\/p>\n<p>Edebiyat \u00d6d\u00fcl\u00fc\u2019n\u00fcn bu y\u0131l Fatma Karab\u0131y\u0131k Barbaroso\u011flu\u2019na tebli\u011f edildi\u011fini hat\u0131rlatan Cumhurba\u015fkan\u0131 Erdo\u011fan, \u201cYaz\u0131 hayat\u0131na \u00e7ok erken bir \u00e7a\u011fda, 18 ya\u015f\u0131nda ad\u0131m atan Fatma Barbaroso\u011flu, hikaye, roman, deneme, makale, m\u00fclakat ve k\u00f6\u015fe yaz\u0131lar\u0131yla T\u00fcrk Edebiyat\u0131\u2019nda yer edinen isimlerden biri oldu. Eserlerinde modernizm-gelenek ili\u015fkisini, yabanc\u0131la\u015fmay\u0131 bilhassa kad\u0131nlar\u0131n toplumdaki yerini, kar\u015f\u0131la\u015ft\u0131klar\u0131 sorunlar\u0131, sevgiyi, dostlu\u011fu ve di\u011ferkaml\u0131\u011f\u0131 sosyolojik bir bak\u0131\u015fla etkileyici bir \u00fcslupla ele ald\u0131. \u2018Benim a\u011fac\u0131m, benim tohumum kelimelerdir\u2019 diyen Say\u0131n Fatma Barbaroso\u011flu\u2019nu da tebrik ediyor, yaz\u0131 ve fikir hayat\u0131nda ba\u015far\u0131lar\u0131n\u0131n devam\u0131n\u0131 diliyorum.\u201d dedi.<\/p>\n<p>Erdo\u011fan, bu y\u0131lki M\u00fczik \u00d6d\u00fcl\u00fc\u2019n\u00fcn sahibinin Ahmet \u00d6zhan oldu\u011funu an\u0131msatarak, sanat hayat\u0131nda 57 y\u0131l\u0131 geride b\u0131rakan \u00d6zhan\u2019\u0131n hem ki\u015fili\u011fi hem de bilgi ve tecr\u00fcbesiyle Klasik T\u00fcrk M\u00fczi\u011fi\u2019ne \u00f6nemli eserler kazand\u0131rd\u0131\u011f\u0131n\u0131 s\u00f6yledi.<\/p>\n<p>\u00d6zhan\u2019\u0131n, beste, yorum, icra ve ara\u015ft\u0131rmalar\u0131yla T\u00fcrk Sanat ve Tasavvuf M\u00fczi\u011fi\u2019ne e\u015fsiz katk\u0131larda bulundu\u011funu belirten Cumhurba\u015fkan\u0131 Erdo\u011fan, \u201cGe\u00e7mi\u015fle gelecek aras\u0131nda sa\u011flam k\u00f6pr\u00fcler kurdu. Buhurizade Itri Efendi\u2019den Hamamizade Dede Efendi\u2019ye, Sultan 1. Ahmet Han\u2019dan Alvarl\u0131 Efe Hazretlerine nice zevat-\u0131 kiram\u0131n g\u00fcftelerini, bestelerini, nutku \u015feriflerini? bug\u00fcne ta\u015f\u0131d\u0131. \u00d6rnek bir sanat\u00e7\u0131, emsal bir \u015fahsiyet nas\u0131l olur herkese g\u00f6steren Ahmet \u00d6zhan\u2019\u0131 kutluyor, sanat ve tasavvuf musikimize yapt\u0131\u011f\u0131 de\u011ferli hizmetler i\u00e7in kendisine te\u015fekk\u00fcr ediyorum.\u201d ifadelerini kulland\u0131.<\/p>\n<p>Cumhurba\u015fkan\u0131 Erdo\u011fan, tiyatro dal\u0131ndaki \u00f6d\u00fcl\u00fcn bu y\u0131l Turan Oflazo\u011flu\u2019na takdim edildi\u011fini s\u00f6yleyerek, \u201cEvrensel temalar\u0131 yerel ve kadim de\u011ferlerle i\u015fleyen bug\u00fcn\u00fcn manzaras\u0131n\u0131, tarihi olay ve \u015fahsiyetlerimizle mezceden Turan Oflazo\u011flu, geni\u015f perspektifi ve engin birikimiyle temay\u00fcz etmi\u015ftir. T\u00fcrk Edebiyat\u0131na damga vuran tiyatro oyunlar\u0131n\u0131 \u015fiirleriyle, denemeleriyle, senaryo ve \u00e7evreleriyle besleyen Turan Oflazo\u011flu, k\u00fclt\u00fcr ve sanat d\u00fcnyam\u0131zda muhkem bir yer edinen, g\u00fc\u00e7l\u00fc yazarlar\u0131m\u0131zdan biri olmu\u015ftur. Bir eserinde, \u2018D\u00fcnyan\u0131n a\u00e7t\u0131\u011f\u0131 en g\u00fczel \u00e7i\u00e7ek olabilecekken d\u00fcnyan\u0131n ba\u011fr\u0131n\u0131 oyan bir yara olmakta insan.\u2019 diyerek g\u00fcn\u00fcm\u00fcz insan\u0131na ayna tutan Say\u0131n Oflazo\u011flu\u2019nu tebrik ediyor, kendisine sa\u011fl\u0131kl\u0131 ve bereketli \u00f6m\u00fcrler temenni ediyorum.\u201d diye konu\u015ftu.<\/p>\n<p>K\u00fct\u00fcphanelerin milletlerin as\u0131rlara sari haf\u0131zalar\u0131n\u0131n ya\u015fad\u0131\u011f\u0131, ya\u015fat\u0131ld\u0131\u011f\u0131, muhafaza alt\u0131na al\u0131nd\u0131\u011f\u0131 ilim ve k\u00fclt\u00fcr mahfilleri oldu\u011funu s\u00f6yleyen Cumhurba\u015fkan\u0131 Erdo\u011fan, \u015funlar\u0131 kaydetti:<\/p>\n<p>\u201cBu mekanlar\u0131 nefes alan bir yap\u0131ya kavu\u015fturmak, ilim erbab\u0131 ve ara\u015ft\u0131rmac\u0131lar ba\u015fta olmak \u00fczere toplumun t\u00fcm kesimlerinin istifadesine sunmak, milli ve manevi kimli\u011fimizin devam\u0131 i\u00e7in vazge\u00e7ilmezdir. 25 y\u0131l\u0131n\u0131 Atat\u00fcrk kitapl\u0131\u011f\u0131na vakfeden, \u015fimdilerde Sultan Abd\u00fclhamit Han\u2019\u0131n kurdu\u011fu T\u00fcrkiye\u2019nin ilk devlet k\u00fct\u00fcphanesi olan Beyaz\u0131t Devlet K\u00fct\u00fcphanesi\u2019nin m\u00fcd\u00fcrl\u00fck vazifesini y\u00fcr\u00fcten Ramazan Minder\u2019e k\u00fct\u00fcphanecilik \u00f6d\u00fcl\u00fcm\u00fcz\u00fc tevdi ediyoruz. Demokrasi tarihimizin utan\u00e7 vesikalar\u0131ndan biri olan 28 \u015eubat s\u00fcrecinde, Sultan Abd\u00fclhamit Han\u2019\u0131n Y\u0131ld\u0131z Saray\u0131\u2019ndaki k\u00fct\u00fcphanesine ait 4 bin 500 kitap kendi tarihlerine d\u00fc\u015fman olanlar taraf\u0131ndan maalesef \u00e7\u00f6pe at\u0131lm\u0131\u015ft\u0131.<\/p>\n<p>\u0130\u00e7inde nadir eserlerinde yer ald\u0131\u011f\u0131 bu kitaplar\u0131n tamam\u0131n\u0131 Atat\u00fcrk Kitapl\u0131\u011f\u0131na kazand\u0131ran Ramazan Minder, Medine m\u00fcdafi Fahrettin Pa\u015fa, Hamidiye kahraman\u0131 Rauf Orbay ve daha nice tarihi \u015fahsiyetin \u015fahsi ar\u015fivlerini sat\u0131n al\u0131p Atat\u00fcrk Kitapl\u0131\u011f\u0131na ta\u015f\u0131d\u0131. Beyaz\u0131t Devlet K\u00fct\u00fcphanesi\u2019ndeki yazma ve matbu eserlerin bak\u0131m\u0131 ve restorasyonu i\u00e7in fedakarca \u00e7al\u0131\u015fan Say\u0131n Minder, dijitalle\u015ftirme ve kataloglama faaliyetleriyle sosyal mekan d\u00fczenlemeleriyle k\u00fct\u00fcphanelerimizin modernize edilmesinde \u00f6nc\u00fc bir rol oynam\u0131\u015ft\u0131r. K\u00fct\u00fcphanecilik koleksiyonumuzun bug\u00fcnk\u00fc seviyesine ula\u015fmas\u0131nda b\u00fcy\u00fck emek sahibi olan Ramazan Minder\u2019i kutluyor, tarihi ve k\u00fclt\u00fcr miras\u0131m\u0131za sahip \u00e7\u0131kt\u0131\u011f\u0131 i\u00e7in kendisine \u015f\u00fckranlar\u0131m\u0131 sunuyorum.\u201d<\/p>\n<p>Cumhurba\u015fkan\u0131 Recep Tayyip Erdo\u011fan, \u201cHer alanda oldu\u011fu gibi k\u00fclt\u00fcr ve sanatta da kimsenin d\u00fcnya g\u00f6r\u00fc\u015f\u00fcne, ya\u015fam tarz\u0131na, siyasi tutumuna bakm\u0131yor, bu \u00fclkeye, bu millete, bu topraklara aidiyet duyan herkesi ba\u015f tac\u0131 etmeye \u00f6zen g\u00f6steriyoruz\u201d dedi.<\/p>\n<p>Erdo\u011fan, Be\u015ftepe Millet Kongre ve K\u00fclt\u00fcr Merkezi\u2019nde d\u00fczenlenen Cumhurba\u015fkanl\u0131\u011f\u0131 K\u00fclt\u00fcr Sanat B\u00fcy\u00fck \u00d6d\u00fclleri T\u00f6reni\u2019nde bu y\u0131lki Zanaatkar \u00d6d\u00fcl\u00fc\u2019n\u00fcn Salih Balakbabalar\u2019a takdim edildi\u011fini, hat, tezyinat, ah\u015fap oyma ve sedef i\u015f\u00e7ili\u011fi gibi geleneksel sanatlar\u0131 kendi \u00fcslubuyla harmanlay\u0131p, \u00f6zg\u00fcn ve modern bir \u00e7izgiye ta\u015f\u0131yan Salih Hocan\u0131n bir\u00e7ok eserinin yurt i\u00e7i ve yurt d\u0131\u015f\u0131ndaki m\u00fcze, koleksiyonlarda sergilendi\u011fini belirtti.<\/p>\n<p>Erdo\u011fan, \u201cAlt\u0131n, g\u00fcm\u00fc\u015f, sedef, ah\u015fap, Fildi\u015fi ve pirin\u00e7 gibi malzemelerle hat sanat\u0131 ve T\u00fcrk tezyinat\u0131n\u0131n en nadide eserlerini hayat veren k\u0131ymetli sedefkar\u0131m\u0131z\u0131 y\u00fcrekten tebrik ediyor, geleneksel sanatlar\u0131m\u0131za yapt\u0131\u011f\u0131 e\u015fsiz katk\u0131lar i\u00e7in kendisine te\u015fekk\u00fcr ediyorum.\u201d diye konu\u015ftu.<\/p>\n<p>Bu y\u0131lki Vefa \u00d6d\u00fcl\u00fc\u2019n\u00fcn sahibinin T\u00fcrk sinemas\u0131n\u0131n usta ismi Halit Refi\u011f oldu\u011funu dile getiren Erdo\u011fan, 1958\u2019den ebediyete irtihal etti\u011fi 2009\u2019a kadar sinema \u00e7al\u0131\u015fmalar\u0131n\u0131 s\u00fcrd\u00fcren Halit Refi\u011f\u2019in yar\u0131m as\u0131rl\u0131k sanat hayat\u0131nda dan\u0131\u015fman, senarist, yap\u0131mc\u0131 ve y\u00f6netmen olarak T\u00fcrk sinemas\u0131na k\u0131ymetli eserler kazand\u0131rd\u0131\u011f\u0131n\u0131 s\u00f6yledi.<\/p>\n<p>Halit Refi\u011f\u2019in \u00f6nc\u00fcs\u00fc oldu\u011fu ulusal sinema hareketiyle T\u00fcrk sinemas\u0131n\u0131n yerli ve milli de\u011ferler \u00fczerine bina edilmesinde ses getiren, adeta \u00e7\u0131\u011f\u0131r a\u00e7an i\u015flere imza att\u0131\u011f\u0131n\u0131 anlatan Erdo\u011fan, bat\u0131y\u0131 esas alan sinema anlay\u0131\u015f\u0131n\u0131 yaln\u0131zca filmleriyle de\u011fil kitaplar\u0131yla da ele\u015ftiren Halit Refi\u011f\u2019in T\u00fcrk sinemas\u0131n\u0131n merkezine T\u00fcrkiye\u2019nin tarihinin, \u00f6z de\u011ferlerinin yerle\u015ftirilmesi gerekti\u011fini savundu\u011fu belirtti.<\/p>\n<p>Cumhurba\u015fkan\u0131 Erdo\u011fan, \u015f\u00f6yle konu\u015ftu:<\/p>\n<p>\u201cHalk k\u00fclt\u00fcr\u00fcm\u00fcz\u00fc, tarihi birikimimizi ve bizi biz yapan hasletleri, ustal\u0131kl\u0131 ve ger\u00e7ek\u00e7i bir \u015fekilde beyaz perdeye ta\u015f\u0131m\u0131\u015ft\u0131r. \u2018Ben Halit Refi\u011f, T\u00fcrkiye ve T\u00fcrk halk\u0131 \u00fczerine bug\u00fcn ne biliyorsam mesle\u011fim ve T\u00fcrk sinemas\u0131na ilgim sayesinde \u00f6\u011frendim. T\u00fcrkiye\u2019de halktan gelen ve halka d\u00f6necek olan ilk ger\u00e7ek halk sanat\u0131n\u0131n \u00f6nc\u00fclerinden biri olmaktan heyecan ve gurur duyuyorum.\u2019 Kendisini bu s\u00f6zlerle tan\u0131mlayan Halit Refi\u011f\u2019e Allah\u2019tan rahmet niyaz ediyorum. Vefa \u00d6d\u00fcl\u00fc ile kendisine olan minnet borcumuzu in\u015fallah ifa etmi\u015fizdir diye \u00fcmit ve temenni ediyorum. Cumhurba\u015fkanl\u0131\u011f\u0131 K\u00fclt\u00fcr ve Sanat B\u00fcy\u00fck \u00d6d\u00fcl\u00fcn\u00fc kazanan sanat\u00e7\u0131lar\u0131m\u0131z\u0131, hocalar\u0131m\u0131z\u0131, zanaat erbab\u0131m\u0131z\u0131 bir kez daha tebrik ediyor, her birine \u015fahs\u0131m ve milletim ad\u0131na \u015f\u00fckranlar\u0131m\u0131z\u0131 ifade ediyorum. Ge\u00e7mi\u015fte bu \u00f6d\u00fcllere lay\u0131k g\u00f6r\u00fclen ve bug\u00fcn aram\u0131zda olmayan k\u00fclt\u00fcr ve sanat insanlar\u0131m\u0131z\u0131 da bu vesileyle minnetle yad ediyorum\u201d<\/p>\n<p>\u201cKal\u0131c\u0131 olan yar\u0131nlara ak\u0131l, ruh, moral ve k\u00f6klerden mesaj ileten sadece ve sadece k\u00fclt\u00fcr sanat eserleridir. Atalar\u0131m\u0131z \u015fu veciz c\u00fcmleyi, ilim, fikir ve sanat d\u00fcnyam\u0131za adeta hediye etmi\u015ftir, \u2018Kem alatla kemalat olmaz.&#8217;\u201d diyen Erdo\u011fan, siyasette, i\u015f hayat\u0131nda, e\u011fitimde, aile ve sosyal ya\u015fant\u0131s\u0131nda rehber edilmesi gereken bu s\u00f6z\u00fcn k\u00fclt\u00fcr ve sanat faaliyetlerinde k\u0131lavuz olarak belirlemenin \u00f6nem arz etti\u011fini s\u00f6yledi.<\/p>\n<p>Vasat malzemeden kaliteli i\u015fin asla \u00e7\u0131kmayaca\u011f\u0131n\u0131, T\u00fcrkiye\u2019nin bu a\u00e7\u0131dan nasipli bir millet oldu\u011funu vurgulayan Erdo\u011fan, \u201cYaln\u0131zca \u00fclkemizin de\u011fil g\u00f6n\u00fcl co\u011frafyam\u0131z\u0131n her bir k\u00f6\u015fesi T\u00fcrk ve \u0130slam medeniyetinden ne\u015fet eden, k\u00fclt\u00fcr hazinesiyle m\u00fcmtaz eserlerle, \u00f6nder \u015fahsiyetlerle dolu. M\u00fczikte, mimaride, edebiyatta, bilim, k\u00fclt\u00fcr ve sanat\u0131n pek \u00e7ok bran\u015f\u0131nda as\u0131rlar boyunca ortaya koydu\u011fumuz eserlerle, b\u00fcnyemizden \u00e7\u0131kard\u0131\u011f\u0131m\u0131z ilim ve k\u00fclt\u00fcr insanlar\u0131yla g\u00fc\u00e7l\u00fc bir medeniyetin devam\u0131y\u0131z. Bug\u00fcnk\u00fc gen\u00e7lerimizin asla unutmamas\u0131 gereken hususlardan biri de i\u015fte bu medeniyetin daha 3 as\u0131r \u00f6ncesine kadar ilim ve sanatta di\u011fer milletlere ilham veren \u00f6rnek i\u015flere imza atm\u0131\u015f olmas\u0131d\u0131r.\u201d diye konu\u015ftu.<\/p>\n<p>Bilim ve k\u00fclt\u00fcrel erbaplar\u0131n\u0131n \u00e7al\u0131\u015fmalar\u0131yla bu miras\u0131 ihya etmenin, zenginle\u015ftirmenin ve gelece\u011fi \u00e7ok g\u00fc\u00e7l\u00fc bir \u015fekilde kucaklamak zorunda olduklar\u0131n\u0131 dile getiren Erdo\u011fan, bu noktada herkese \u00f6nemli vazifeler d\u00fc\u015ft\u00fc\u011f\u00fcn\u00fc belirtti.<\/p>\n<p>\u0130\u00e7ine sirayet etti\u011fi her b\u00fcnyeyi tek tiple\u015ftiren neoliberal k\u00fclt\u00fcr ak\u0131mlar\u0131n\u0131n ve dijitalle\u015fmenin t\u00fcm d\u00fcnyada oldu\u011fu gibi T\u00fcrkiye\u2019de de etkisini artt\u0131rd\u0131\u011f\u0131n\u0131 g\u00f6rd\u00fcklerini anlatan Erdo\u011fan, bunun i\u00e7in tarihten s\u00fcz\u00fcl\u00fcp gelenekli sanatlar\u0131 muhafaza etmeli, ilmi ve k\u00fclt\u00fcrel \u00e7al\u0131\u015fmalar\u0131 g\u00fcn\u00fcn sundu\u011fu imkanlarla \u00e7ok daha ileri noktalara ta\u015f\u0131mak gerekti\u011fini ifade etti.<\/p>\n<p>\u201cMarifet iltifata tabidir\u201d d\u00fcsturuyla d\u00fczenledikleri Cumhurba\u015fkanl\u0131\u011f\u0131 K\u00fclt\u00fcr ve Sanat B\u00fcy\u00fck \u00d6d\u00fcllerini bu ama\u00e7 do\u011frultusunda ge\u00e7mi\u015ften ald\u0131klar\u0131 \u0131\u015f\u0131kla gelece\u011fi ayd\u0131nlatmak \u00fczere icra ettiklerini aktaran Erdo\u011fan, \u015funlar\u0131 kaydetti:<\/p>\n<p>\u201cHer alanda oldu\u011fu gibi k\u00fclt\u00fcr ve sanatta da kimsenin d\u00fcnya g\u00f6r\u00fc\u015f\u00fcne, ya\u015fam tarz\u0131na, siyasi tutumuna bakm\u0131yor, bu \u00fclkeye, bu millete, bu topraklara aidiyet duyan herkesi ba\u015f tac\u0131 etmeye \u00f6zen g\u00f6steriyoruz. Taklit ve takip eden de\u011fil, ilham\u0131n\u0131 kendi k\u00fclt\u00fcr\u00fcnden, toplumundan, ge\u00e7mi\u015finden ve k\u00f6klerinden alan her sanat\u00e7\u0131 bizim ba\u015f\u0131m\u0131z\u0131 tac\u0131d\u0131r. Devrald\u0131\u011f\u0131m\u0131z miras\u0131 zenginle\u015ftirmek i\u00e7in \u00f6mr\u00fcn\u00fc vakfeden her sanat\u00e7\u0131, ilim ve d\u00fc\u015f\u00fcnce insan\u0131 bizim g\u00f6nl\u00fcm\u00fczde ayr\u0131 bir yere sahiptir. Kim olursa olsun sanat\u0131n\u0131 a\u015fkla icra eden, bu milletin derdiyle dertlenen, bu millete tepeden bakmayan herkese devlet olarak elimizden gelen deste\u011fi sa\u011fl\u0131yoruz. Sanat\u00e7\u0131lar\u0131m\u0131z, hani \u2018b\u00fcy\u00fck adam\u2019 derler ya bizim nazar\u0131m\u0131zda i\u015fte o b\u00fcy\u00fck insand\u0131r.<\/p>\n<p>Merhum Nurettin Top\u00e7u \u2018b\u00fcy\u00fck adam\u2019\u0131 tan\u0131mlarken \u015f\u00f6yle demi\u015fti, \u2018B\u00fcy\u00fck adam eserleriyle hayat\u0131n\u0131 birle\u015ftiren adamd\u0131r. Biz onda \u015fu vas\u0131flar\u0131 ar\u0131yoruz, \u00f6nce b\u00fct\u00fcn \u00f6mr\u00fcnde, ayn\u0131 kanaatin, ayn\u0131 iman\u0131n sahibi olan adamlard\u0131r. Devirlere, zaruretlere, cemiyetlere g\u00f6re de\u011fi\u015fmez. Muhitine uymaz, muhiti kendine uydurur, uydurmazsa \u00e7arp\u0131\u015f\u0131r. Cemiyetten daha kuvvetlidir, cemiyeti s\u00fcr\u00fckleyicidir.\u2019 Topluma mihmandarl\u0131k yapan siz k\u0131ymetli k\u00fclt\u00fcr, sanat, ilim insanlar\u0131m\u0131za in\u015fallah bug\u00fcne kadar oldu\u011fu gibi bundan sonra da destek olmaya devam edece\u011fiz.\u201d<\/p>\n<p>\u2013 T\u00f6renden notlar<\/p>\n<p>Cumhurba\u015fkanl\u0131\u011f\u0131 K\u00fclt\u00fcr Sanat B\u00fcy\u00fck \u00d6d\u00fclleri T\u00f6reni\u2019nde, ilk olarak \u00f6d\u00fcl\u00fc almaya hak kazanan sanat\u00e7\u0131lar\u0131n biyografileri izlendi.<\/p>\n<p>Bilim-K\u00fclt\u00fcr alan\u0131nda G\u00f6n\u00fcl Tekin ve G\u00fcnay Kut, edebiyat alan\u0131nda Fatma Karab\u0131y\u0131k Barbaroso\u011flu, m\u00fczik alan\u0131nda Ahmet \u00d6zhan, tiyatro alan\u0131nda Turan Oflazo\u011flu, k\u00fct\u00fcphanecilik alan\u0131nda Ramazan Minder, zanaatlar alan\u0131nda Salih Balakbabalar \u00f6d\u00fcle lay\u0131k g\u00f6r\u00fcld\u00fc.<\/p>\n<p>Vefa \u00f6d\u00fcl\u00fc ise merhum y\u00f6netmen Halit Refi\u011f\u2019e verildi.<\/p>\n<p>Cumhurba\u015fkan\u0131 Erdo\u011fan t\u00f6rende haz\u0131r bulunan Tekin, Kat, \u00d6zhan ve Minder\u2019e \u00f6d\u00fcllerini verdi.<\/p>\n<p>Erdo\u011fan, vefa \u00f6d\u00fcllerine lay\u0131k g\u00f6r\u00fclen y\u00f6netmen Refi\u011f\u2019in \u00f6d\u00fcl\u00fcn\u00fc e\u015fi G\u00fclper Refi\u011f\u2019e, Oflazo\u011flu\u2019nun \u00f6d\u00fcl\u00fcn\u00fc k\u0131z\u0131 Gizem Oflazo\u011flu Akar\u2019a, Balakbabalar\u2019\u0131n \u00f6d\u00fcl\u00fcn\u00fc o\u011flu Baki Enis Balakbabalar\u2019a takdim etti.<\/p>\n<p>T\u00f6rene, KKTC Cumhurba\u015fkan\u0131 Ersin Tatar, Cumhurba\u015fkan\u0131 Yard\u0131mc\u0131s\u0131 Cevdet Y\u0131lmaz, TBMM Ba\u015fkan\u0131 Numan Kurtulmu\u015f, K\u00fclt\u00fcr ve Turizm Bakan\u0131 Mehmet Nuri Ersoy, Milli Savunma Bakan\u0131 Ya\u015far G\u00fcler, Sanayi ve Teknoloji Bakan\u0131 Mehmet Fatih Kac\u0131r, Diyanet \u0130\u015fleri Ba\u015fkan\u0131 Ali Erba\u015f, AK Parti Genel Ba\u015fkanvekili Efkan Ala, DSP Genel Ba\u015fkan\u0131 \u00d6nder Aksakal, H\u00dcDA PAR Genel Ba\u015fkan\u0131 Zekeriya Yap\u0131c\u0131o\u011flu, Cumhurba\u015fkanl\u0131\u011f\u0131 \u0130leti\u015fim Ba\u015fkan\u0131 Fahrettin Altun, Cumhurba\u015fkanl\u0131\u011f\u0131 \u00d6zel Kalem M\u00fcd\u00fcr\u00fc ve B\u00fcy\u00fckel\u00e7i Hasan Do\u011fan, Cumhurba\u015fkan\u0131 D\u0131\u015f Politika ve G\u00fcvenlik Ba\u015fdan\u0131\u015fman\u0131 Akif \u00c7a\u011fatay K\u0131l\u0131\u00e7, AK Parti Genel Ba\u015fkan Yard\u0131mc\u0131lar\u0131 Hamza Da\u011f, Hayati Yaz\u0131c\u0131 ve \u00d6mer \u0130leri ile Ankara Valisi Vasip \u015eahin ve Tarih\u00e7i ve Yazar Murat Bardak\u00e7\u0131 da kat\u0131ld\u0131.<\/p>\n<p>\u00d6d\u00fcl takdiminin ard\u0131ndan Cumhurba\u015fkan\u0131 Erdo\u011fan, KKTC Cumhurba\u015fkan\u0131 Ersin Tatar, Cumhurba\u015fkan\u0131 Yard\u0131mc\u0131s\u0131 Cevdet Y\u0131lmaz, TBMM Ba\u015fkan\u0131 Numan Kurtulmu\u015f ile K\u00fclt\u00fcr ve Turizm Bakan\u0131 Mehmet Nuri Ersoy, \u00f6d\u00fcl sahipleriyle foto\u011fraf \u00e7ektirdi.<\/p>\n<\/p><\/div>\n<p><script async\n                    defer\n                    crossorigin=\"anonymous\"\n                    src=\"https:\/\/connect.facebook.net\/tr_TR\/sdk.js#xfbml=1&#038;version=v3.3\"\n            ><\/script><\/p>\n","protected":false},"excerpt":{"rendered":"<p>T\u00fcrkiye Cumhurba\u015fkanl\u0131\u011f\u0131 K\u00fclt\u00fcr Sanat B\u00fcy\u00fck \u00d6d\u00fclleri T\u00f6reni, Cumhurba\u015fkan\u0131 Ersin Tatar\u2019\u0131n da kat\u0131l\u0131m\u0131yla yap\u0131ld\u0131. T\u00fcrkiye Cumhurba\u015fkan\u0131 Recep Tayyip Erdo\u011fan, \u201cBu y\u0131l edebiyattan k\u00fct\u00fcphanecili\u011fe, m\u00fczikten tiyatroya, bilim-k\u00fclt\u00fcrden sinema ve zanaatlara uzanan 8 ayr\u0131 dalda \u00f6d\u00fcl takdim ediyoruz.\u201d dedi. Erdo\u011fan, Be\u015ftepe Millet Kongre ve K\u00fclt\u00fcr Merkezi\u2019nde d\u00fczenlenen Cumhurba\u015fkanl\u0131\u011f\u0131 K\u00fclt\u00fcr Sanat B\u00fcy\u00fck \u00d6d\u00fclleri T\u00f6reni\u2019nde yapt\u0131\u011f\u0131 konu\u015fmas\u0131na, gerek T\u00fcrkiye\u2019de gerekse [&hellip;]<\/p>\n","protected":false},"author":1,"featured_media":15664,"comment_status":"open","ping_status":"open","sticky":false,"template":"","format":"standard","meta":{"jnews-multi-image_gallery":[],"jnews_single_post":[],"jnews_primary_category":[],"footnotes":""},"categories":[2],"tags":[],"class_list":["post-15663","post","type-post","status-publish","format-standard","has-post-thumbnail","hentry","category-dunya"],"yoast_head":"<!-- This site is optimized with the Yoast SEO plugin v27.5 - https:\/\/yoast.com\/product\/yoast-seo-wordpress\/ -->\n<title>TC Cumhurba\u015fkanl\u0131\u011f\u0131 K\u00fclt\u00fcr Sanat B\u00fcy\u00fck \u00d6d\u00fclleri T\u00f6reni, Cumhurba\u015fkan\u0131 Tatar\u2019\u0131n da kat\u0131l\u0131m\u0131yla yap\u0131ld\u0131 - Haber Kuzey<\/title>\n<meta name=\"robots\" content=\"index, follow, max-snippet:-1, max-image-preview:large, max-video-preview:-1\" \/>\n<link rel=\"canonical\" href=\"https:\/\/haberkuzey.com\/index.php\/2024\/12\/25\/tc-cumhurbaskanligi-kultur-sanat-buyuk-odulleri-toreni-cumhurbaskani-tatarin-da-katilimiyla-yapildi\/\" \/>\n<meta property=\"og:locale\" content=\"tr_TR\" \/>\n<meta property=\"og:type\" content=\"article\" \/>\n<meta property=\"og:title\" content=\"TC Cumhurba\u015fkanl\u0131\u011f\u0131 K\u00fclt\u00fcr Sanat B\u00fcy\u00fck \u00d6d\u00fclleri T\u00f6reni, Cumhurba\u015fkan\u0131 Tatar\u2019\u0131n da kat\u0131l\u0131m\u0131yla yap\u0131ld\u0131 - Haber Kuzey\" \/>\n<meta property=\"og:description\" content=\"T\u00fcrkiye Cumhurba\u015fkanl\u0131\u011f\u0131 K\u00fclt\u00fcr Sanat B\u00fcy\u00fck \u00d6d\u00fclleri T\u00f6reni, Cumhurba\u015fkan\u0131 Ersin Tatar\u2019\u0131n da kat\u0131l\u0131m\u0131yla yap\u0131ld\u0131. T\u00fcrkiye Cumhurba\u015fkan\u0131 Recep Tayyip Erdo\u011fan, \u201cBu y\u0131l edebiyattan k\u00fct\u00fcphanecili\u011fe, m\u00fczikten tiyatroya, bilim-k\u00fclt\u00fcrden sinema ve zanaatlara uzanan 8 ayr\u0131 dalda \u00f6d\u00fcl takdim ediyoruz.\u201d dedi. Erdo\u011fan, Be\u015ftepe Millet Kongre ve K\u00fclt\u00fcr Merkezi\u2019nde d\u00fczenlenen Cumhurba\u015fkanl\u0131\u011f\u0131 K\u00fclt\u00fcr Sanat B\u00fcy\u00fck \u00d6d\u00fclleri T\u00f6reni\u2019nde yapt\u0131\u011f\u0131 konu\u015fmas\u0131na, gerek T\u00fcrkiye\u2019de gerekse [&hellip;]\" \/>\n<meta property=\"og:url\" content=\"https:\/\/haberkuzey.com\/index.php\/2024\/12\/25\/tc-cumhurbaskanligi-kultur-sanat-buyuk-odulleri-toreni-cumhurbaskani-tatarin-da-katilimiyla-yapildi\/\" \/>\n<meta property=\"og:site_name\" content=\"Haber Kuzey\" \/>\n<meta property=\"article:published_time\" content=\"2024-12-25T19:38:22+00:00\" \/>\n<meta property=\"og:image\" content=\"https:\/\/brtk.net\/wp-content\/uploads\/2024\/12\/25\/llllllllllllllllllllll.jpg?ver=cb809d6ee93dd79577a43f75d601db32\" \/>\n<meta name=\"author\" content=\"haberkuzey\" \/>\n<meta name=\"twitter:card\" content=\"summary_large_image\" \/>\n<meta name=\"twitter:label1\" content=\"Yazan:\" \/>\n\t<meta name=\"twitter:data1\" content=\"haberkuzey\" \/>\n\t<meta name=\"twitter:label2\" content=\"Tahmini okuma s\u00fcresi\" \/>\n\t<meta name=\"twitter:data2\" content=\"14 dakika\" \/>\n<script type=\"application\/ld+json\" class=\"yoast-schema-graph\">{\"@context\":\"https:\\\/\\\/schema.org\",\"@graph\":[{\"@type\":\"Article\",\"@id\":\"https:\\\/\\\/haberkuzey.com\\\/index.php\\\/2024\\\/12\\\/25\\\/tc-cumhurbaskanligi-kultur-sanat-buyuk-odulleri-toreni-cumhurbaskani-tatarin-da-katilimiyla-yapildi\\\/#article\",\"isPartOf\":{\"@id\":\"https:\\\/\\\/haberkuzey.com\\\/index.php\\\/2024\\\/12\\\/25\\\/tc-cumhurbaskanligi-kultur-sanat-buyuk-odulleri-toreni-cumhurbaskani-tatarin-da-katilimiyla-yapildi\\\/\"},\"author\":{\"name\":\"haberkuzey\",\"@id\":\"https:\\\/\\\/haberkuzey.com\\\/#\\\/schema\\\/person\\\/3372109ec735f9333f4fa47ebb9605ca\"},\"headline\":\"TC Cumhurba\u015fkanl\u0131\u011f\u0131 K\u00fclt\u00fcr Sanat B\u00fcy\u00fck \u00d6d\u00fclleri T\u00f6reni, Cumhurba\u015fkan\u0131 Tatar\u2019\u0131n da kat\u0131l\u0131m\u0131yla yap\u0131ld\u0131\",\"datePublished\":\"2024-12-25T19:38:22+00:00\",\"mainEntityOfPage\":{\"@id\":\"https:\\\/\\\/haberkuzey.com\\\/index.php\\\/2024\\\/12\\\/25\\\/tc-cumhurbaskanligi-kultur-sanat-buyuk-odulleri-toreni-cumhurbaskani-tatarin-da-katilimiyla-yapildi\\\/\"},\"wordCount\":2800,\"commentCount\":0,\"image\":{\"@id\":\"https:\\\/\\\/haberkuzey.com\\\/index.php\\\/2024\\\/12\\\/25\\\/tc-cumhurbaskanligi-kultur-sanat-buyuk-odulleri-toreni-cumhurbaskani-tatarin-da-katilimiyla-yapildi\\\/#primaryimage\"},\"thumbnailUrl\":\"https:\\\/\\\/haberkuzey.com\\\/wp-content\\\/uploads\\\/2024\\\/12\\\/llllllllllllllllllllll.jpg\",\"articleSection\":[\"D\u00fcnya\"],\"inLanguage\":\"tr\",\"potentialAction\":[{\"@type\":\"CommentAction\",\"name\":\"Comment\",\"target\":[\"https:\\\/\\\/haberkuzey.com\\\/index.php\\\/2024\\\/12\\\/25\\\/tc-cumhurbaskanligi-kultur-sanat-buyuk-odulleri-toreni-cumhurbaskani-tatarin-da-katilimiyla-yapildi\\\/#respond\"]}]},{\"@type\":\"WebPage\",\"@id\":\"https:\\\/\\\/haberkuzey.com\\\/index.php\\\/2024\\\/12\\\/25\\\/tc-cumhurbaskanligi-kultur-sanat-buyuk-odulleri-toreni-cumhurbaskani-tatarin-da-katilimiyla-yapildi\\\/\",\"url\":\"https:\\\/\\\/haberkuzey.com\\\/index.php\\\/2024\\\/12\\\/25\\\/tc-cumhurbaskanligi-kultur-sanat-buyuk-odulleri-toreni-cumhurbaskani-tatarin-da-katilimiyla-yapildi\\\/\",\"name\":\"TC Cumhurba\u015fkanl\u0131\u011f\u0131 K\u00fclt\u00fcr Sanat B\u00fcy\u00fck \u00d6d\u00fclleri T\u00f6reni, Cumhurba\u015fkan\u0131 Tatar\u2019\u0131n da kat\u0131l\u0131m\u0131yla yap\u0131ld\u0131 - Haber Kuzey\",\"isPartOf\":{\"@id\":\"https:\\\/\\\/haberkuzey.com\\\/#website\"},\"primaryImageOfPage\":{\"@id\":\"https:\\\/\\\/haberkuzey.com\\\/index.php\\\/2024\\\/12\\\/25\\\/tc-cumhurbaskanligi-kultur-sanat-buyuk-odulleri-toreni-cumhurbaskani-tatarin-da-katilimiyla-yapildi\\\/#primaryimage\"},\"image\":{\"@id\":\"https:\\\/\\\/haberkuzey.com\\\/index.php\\\/2024\\\/12\\\/25\\\/tc-cumhurbaskanligi-kultur-sanat-buyuk-odulleri-toreni-cumhurbaskani-tatarin-da-katilimiyla-yapildi\\\/#primaryimage\"},\"thumbnailUrl\":\"https:\\\/\\\/haberkuzey.com\\\/wp-content\\\/uploads\\\/2024\\\/12\\\/llllllllllllllllllllll.jpg\",\"datePublished\":\"2024-12-25T19:38:22+00:00\",\"author\":{\"@id\":\"https:\\\/\\\/haberkuzey.com\\\/#\\\/schema\\\/person\\\/3372109ec735f9333f4fa47ebb9605ca\"},\"breadcrumb\":{\"@id\":\"https:\\\/\\\/haberkuzey.com\\\/index.php\\\/2024\\\/12\\\/25\\\/tc-cumhurbaskanligi-kultur-sanat-buyuk-odulleri-toreni-cumhurbaskani-tatarin-da-katilimiyla-yapildi\\\/#breadcrumb\"},\"inLanguage\":\"tr\",\"potentialAction\":[{\"@type\":\"ReadAction\",\"target\":[\"https:\\\/\\\/haberkuzey.com\\\/index.php\\\/2024\\\/12\\\/25\\\/tc-cumhurbaskanligi-kultur-sanat-buyuk-odulleri-toreni-cumhurbaskani-tatarin-da-katilimiyla-yapildi\\\/\"]}]},{\"@type\":\"ImageObject\",\"inLanguage\":\"tr\",\"@id\":\"https:\\\/\\\/haberkuzey.com\\\/index.php\\\/2024\\\/12\\\/25\\\/tc-cumhurbaskanligi-kultur-sanat-buyuk-odulleri-toreni-cumhurbaskani-tatarin-da-katilimiyla-yapildi\\\/#primaryimage\",\"url\":\"https:\\\/\\\/haberkuzey.com\\\/wp-content\\\/uploads\\\/2024\\\/12\\\/llllllllllllllllllllll.jpg\",\"contentUrl\":\"https:\\\/\\\/haberkuzey.com\\\/wp-content\\\/uploads\\\/2024\\\/12\\\/llllllllllllllllllllll.jpg\",\"width\":678,\"height\":335},{\"@type\":\"BreadcrumbList\",\"@id\":\"https:\\\/\\\/haberkuzey.com\\\/index.php\\\/2024\\\/12\\\/25\\\/tc-cumhurbaskanligi-kultur-sanat-buyuk-odulleri-toreni-cumhurbaskani-tatarin-da-katilimiyla-yapildi\\\/#breadcrumb\",\"itemListElement\":[{\"@type\":\"ListItem\",\"position\":1,\"name\":\"Anasayfa\",\"item\":\"https:\\\/\\\/haberkuzey.com\\\/\"},{\"@type\":\"ListItem\",\"position\":2,\"name\":\"TC Cumhurba\u015fkanl\u0131\u011f\u0131 K\u00fclt\u00fcr Sanat B\u00fcy\u00fck \u00d6d\u00fclleri T\u00f6reni, Cumhurba\u015fkan\u0131 Tatar\u2019\u0131n da kat\u0131l\u0131m\u0131yla yap\u0131ld\u0131\"}]},{\"@type\":\"WebSite\",\"@id\":\"https:\\\/\\\/haberkuzey.com\\\/#website\",\"url\":\"https:\\\/\\\/haberkuzey.com\\\/\",\"name\":\"Haber Kuzey\",\"description\":\"Do\u011fru Haberin Adresi\",\"potentialAction\":[{\"@type\":\"SearchAction\",\"target\":{\"@type\":\"EntryPoint\",\"urlTemplate\":\"https:\\\/\\\/haberkuzey.com\\\/?s={search_term_string}\"},\"query-input\":{\"@type\":\"PropertyValueSpecification\",\"valueRequired\":true,\"valueName\":\"search_term_string\"}}],\"inLanguage\":\"tr\"},{\"@type\":\"Person\",\"@id\":\"https:\\\/\\\/haberkuzey.com\\\/#\\\/schema\\\/person\\\/3372109ec735f9333f4fa47ebb9605ca\",\"name\":\"haberkuzey\",\"image\":{\"@type\":\"ImageObject\",\"inLanguage\":\"tr\",\"@id\":\"https:\\\/\\\/secure.gravatar.com\\\/avatar\\\/f5fc875574b1575324358c3b9e6a32b8227aa5b74f3fa22e3cadb63e26fcc39c?s=96&d=mm&r=g\",\"url\":\"https:\\\/\\\/secure.gravatar.com\\\/avatar\\\/f5fc875574b1575324358c3b9e6a32b8227aa5b74f3fa22e3cadb63e26fcc39c?s=96&d=mm&r=g\",\"contentUrl\":\"https:\\\/\\\/secure.gravatar.com\\\/avatar\\\/f5fc875574b1575324358c3b9e6a32b8227aa5b74f3fa22e3cadb63e26fcc39c?s=96&d=mm&r=g\",\"caption\":\"haberkuzey\"},\"sameAs\":[\"https:\\\/\\\/haberkuzey.com\"],\"url\":\"https:\\\/\\\/haberkuzey.com\\\/index.php\\\/author\\\/haberkuzey\\\/\"}]}<\/script>\n<!-- \/ Yoast SEO plugin. -->","yoast_head_json":{"title":"TC Cumhurba\u015fkanl\u0131\u011f\u0131 K\u00fclt\u00fcr Sanat B\u00fcy\u00fck \u00d6d\u00fclleri T\u00f6reni, Cumhurba\u015fkan\u0131 Tatar\u2019\u0131n da kat\u0131l\u0131m\u0131yla yap\u0131ld\u0131 - Haber Kuzey","robots":{"index":"index","follow":"follow","max-snippet":"max-snippet:-1","max-image-preview":"max-image-preview:large","max-video-preview":"max-video-preview:-1"},"canonical":"https:\/\/haberkuzey.com\/index.php\/2024\/12\/25\/tc-cumhurbaskanligi-kultur-sanat-buyuk-odulleri-toreni-cumhurbaskani-tatarin-da-katilimiyla-yapildi\/","og_locale":"tr_TR","og_type":"article","og_title":"TC Cumhurba\u015fkanl\u0131\u011f\u0131 K\u00fclt\u00fcr Sanat B\u00fcy\u00fck \u00d6d\u00fclleri T\u00f6reni, Cumhurba\u015fkan\u0131 Tatar\u2019\u0131n da kat\u0131l\u0131m\u0131yla yap\u0131ld\u0131 - Haber Kuzey","og_description":"T\u00fcrkiye Cumhurba\u015fkanl\u0131\u011f\u0131 K\u00fclt\u00fcr Sanat B\u00fcy\u00fck \u00d6d\u00fclleri T\u00f6reni, Cumhurba\u015fkan\u0131 Ersin Tatar\u2019\u0131n da kat\u0131l\u0131m\u0131yla yap\u0131ld\u0131. T\u00fcrkiye Cumhurba\u015fkan\u0131 Recep Tayyip Erdo\u011fan, \u201cBu y\u0131l edebiyattan k\u00fct\u00fcphanecili\u011fe, m\u00fczikten tiyatroya, bilim-k\u00fclt\u00fcrden sinema ve zanaatlara uzanan 8 ayr\u0131 dalda \u00f6d\u00fcl takdim ediyoruz.\u201d dedi. Erdo\u011fan, Be\u015ftepe Millet Kongre ve K\u00fclt\u00fcr Merkezi\u2019nde d\u00fczenlenen Cumhurba\u015fkanl\u0131\u011f\u0131 K\u00fclt\u00fcr Sanat B\u00fcy\u00fck \u00d6d\u00fclleri T\u00f6reni\u2019nde yapt\u0131\u011f\u0131 konu\u015fmas\u0131na, gerek T\u00fcrkiye\u2019de gerekse [&hellip;]","og_url":"https:\/\/haberkuzey.com\/index.php\/2024\/12\/25\/tc-cumhurbaskanligi-kultur-sanat-buyuk-odulleri-toreni-cumhurbaskani-tatarin-da-katilimiyla-yapildi\/","og_site_name":"Haber Kuzey","article_published_time":"2024-12-25T19:38:22+00:00","og_image":[{"url":"https:\/\/brtk.net\/wp-content\/uploads\/2024\/12\/25\/llllllllllllllllllllll.jpg?ver=cb809d6ee93dd79577a43f75d601db32","type":"","width":"","height":""}],"author":"haberkuzey","twitter_card":"summary_large_image","twitter_misc":{"Yazan:":"haberkuzey","Tahmini okuma s\u00fcresi":"14 dakika"},"schema":{"@context":"https:\/\/schema.org","@graph":[{"@type":"Article","@id":"https:\/\/haberkuzey.com\/index.php\/2024\/12\/25\/tc-cumhurbaskanligi-kultur-sanat-buyuk-odulleri-toreni-cumhurbaskani-tatarin-da-katilimiyla-yapildi\/#article","isPartOf":{"@id":"https:\/\/haberkuzey.com\/index.php\/2024\/12\/25\/tc-cumhurbaskanligi-kultur-sanat-buyuk-odulleri-toreni-cumhurbaskani-tatarin-da-katilimiyla-yapildi\/"},"author":{"name":"haberkuzey","@id":"https:\/\/haberkuzey.com\/#\/schema\/person\/3372109ec735f9333f4fa47ebb9605ca"},"headline":"TC Cumhurba\u015fkanl\u0131\u011f\u0131 K\u00fclt\u00fcr Sanat B\u00fcy\u00fck \u00d6d\u00fclleri T\u00f6reni, Cumhurba\u015fkan\u0131 Tatar\u2019\u0131n da kat\u0131l\u0131m\u0131yla yap\u0131ld\u0131","datePublished":"2024-12-25T19:38:22+00:00","mainEntityOfPage":{"@id":"https:\/\/haberkuzey.com\/index.php\/2024\/12\/25\/tc-cumhurbaskanligi-kultur-sanat-buyuk-odulleri-toreni-cumhurbaskani-tatarin-da-katilimiyla-yapildi\/"},"wordCount":2800,"commentCount":0,"image":{"@id":"https:\/\/haberkuzey.com\/index.php\/2024\/12\/25\/tc-cumhurbaskanligi-kultur-sanat-buyuk-odulleri-toreni-cumhurbaskani-tatarin-da-katilimiyla-yapildi\/#primaryimage"},"thumbnailUrl":"https:\/\/haberkuzey.com\/wp-content\/uploads\/2024\/12\/llllllllllllllllllllll.jpg","articleSection":["D\u00fcnya"],"inLanguage":"tr","potentialAction":[{"@type":"CommentAction","name":"Comment","target":["https:\/\/haberkuzey.com\/index.php\/2024\/12\/25\/tc-cumhurbaskanligi-kultur-sanat-buyuk-odulleri-toreni-cumhurbaskani-tatarin-da-katilimiyla-yapildi\/#respond"]}]},{"@type":"WebPage","@id":"https:\/\/haberkuzey.com\/index.php\/2024\/12\/25\/tc-cumhurbaskanligi-kultur-sanat-buyuk-odulleri-toreni-cumhurbaskani-tatarin-da-katilimiyla-yapildi\/","url":"https:\/\/haberkuzey.com\/index.php\/2024\/12\/25\/tc-cumhurbaskanligi-kultur-sanat-buyuk-odulleri-toreni-cumhurbaskani-tatarin-da-katilimiyla-yapildi\/","name":"TC Cumhurba\u015fkanl\u0131\u011f\u0131 K\u00fclt\u00fcr Sanat B\u00fcy\u00fck \u00d6d\u00fclleri T\u00f6reni, Cumhurba\u015fkan\u0131 Tatar\u2019\u0131n da kat\u0131l\u0131m\u0131yla yap\u0131ld\u0131 - Haber Kuzey","isPartOf":{"@id":"https:\/\/haberkuzey.com\/#website"},"primaryImageOfPage":{"@id":"https:\/\/haberkuzey.com\/index.php\/2024\/12\/25\/tc-cumhurbaskanligi-kultur-sanat-buyuk-odulleri-toreni-cumhurbaskani-tatarin-da-katilimiyla-yapildi\/#primaryimage"},"image":{"@id":"https:\/\/haberkuzey.com\/index.php\/2024\/12\/25\/tc-cumhurbaskanligi-kultur-sanat-buyuk-odulleri-toreni-cumhurbaskani-tatarin-da-katilimiyla-yapildi\/#primaryimage"},"thumbnailUrl":"https:\/\/haberkuzey.com\/wp-content\/uploads\/2024\/12\/llllllllllllllllllllll.jpg","datePublished":"2024-12-25T19:38:22+00:00","author":{"@id":"https:\/\/haberkuzey.com\/#\/schema\/person\/3372109ec735f9333f4fa47ebb9605ca"},"breadcrumb":{"@id":"https:\/\/haberkuzey.com\/index.php\/2024\/12\/25\/tc-cumhurbaskanligi-kultur-sanat-buyuk-odulleri-toreni-cumhurbaskani-tatarin-da-katilimiyla-yapildi\/#breadcrumb"},"inLanguage":"tr","potentialAction":[{"@type":"ReadAction","target":["https:\/\/haberkuzey.com\/index.php\/2024\/12\/25\/tc-cumhurbaskanligi-kultur-sanat-buyuk-odulleri-toreni-cumhurbaskani-tatarin-da-katilimiyla-yapildi\/"]}]},{"@type":"ImageObject","inLanguage":"tr","@id":"https:\/\/haberkuzey.com\/index.php\/2024\/12\/25\/tc-cumhurbaskanligi-kultur-sanat-buyuk-odulleri-toreni-cumhurbaskani-tatarin-da-katilimiyla-yapildi\/#primaryimage","url":"https:\/\/haberkuzey.com\/wp-content\/uploads\/2024\/12\/llllllllllllllllllllll.jpg","contentUrl":"https:\/\/haberkuzey.com\/wp-content\/uploads\/2024\/12\/llllllllllllllllllllll.jpg","width":678,"height":335},{"@type":"BreadcrumbList","@id":"https:\/\/haberkuzey.com\/index.php\/2024\/12\/25\/tc-cumhurbaskanligi-kultur-sanat-buyuk-odulleri-toreni-cumhurbaskani-tatarin-da-katilimiyla-yapildi\/#breadcrumb","itemListElement":[{"@type":"ListItem","position":1,"name":"Anasayfa","item":"https:\/\/haberkuzey.com\/"},{"@type":"ListItem","position":2,"name":"TC Cumhurba\u015fkanl\u0131\u011f\u0131 K\u00fclt\u00fcr Sanat B\u00fcy\u00fck \u00d6d\u00fclleri T\u00f6reni, Cumhurba\u015fkan\u0131 Tatar\u2019\u0131n da kat\u0131l\u0131m\u0131yla yap\u0131ld\u0131"}]},{"@type":"WebSite","@id":"https:\/\/haberkuzey.com\/#website","url":"https:\/\/haberkuzey.com\/","name":"Haber Kuzey","description":"Do\u011fru Haberin Adresi","potentialAction":[{"@type":"SearchAction","target":{"@type":"EntryPoint","urlTemplate":"https:\/\/haberkuzey.com\/?s={search_term_string}"},"query-input":{"@type":"PropertyValueSpecification","valueRequired":true,"valueName":"search_term_string"}}],"inLanguage":"tr"},{"@type":"Person","@id":"https:\/\/haberkuzey.com\/#\/schema\/person\/3372109ec735f9333f4fa47ebb9605ca","name":"haberkuzey","image":{"@type":"ImageObject","inLanguage":"tr","@id":"https:\/\/secure.gravatar.com\/avatar\/f5fc875574b1575324358c3b9e6a32b8227aa5b74f3fa22e3cadb63e26fcc39c?s=96&d=mm&r=g","url":"https:\/\/secure.gravatar.com\/avatar\/f5fc875574b1575324358c3b9e6a32b8227aa5b74f3fa22e3cadb63e26fcc39c?s=96&d=mm&r=g","contentUrl":"https:\/\/secure.gravatar.com\/avatar\/f5fc875574b1575324358c3b9e6a32b8227aa5b74f3fa22e3cadb63e26fcc39c?s=96&d=mm&r=g","caption":"haberkuzey"},"sameAs":["https:\/\/haberkuzey.com"],"url":"https:\/\/haberkuzey.com\/index.php\/author\/haberkuzey\/"}]}},"_links":{"self":[{"href":"https:\/\/haberkuzey.com\/index.php\/wp-json\/wp\/v2\/posts\/15663","targetHints":{"allow":["GET"]}}],"collection":[{"href":"https:\/\/haberkuzey.com\/index.php\/wp-json\/wp\/v2\/posts"}],"about":[{"href":"https:\/\/haberkuzey.com\/index.php\/wp-json\/wp\/v2\/types\/post"}],"author":[{"embeddable":true,"href":"https:\/\/haberkuzey.com\/index.php\/wp-json\/wp\/v2\/users\/1"}],"replies":[{"embeddable":true,"href":"https:\/\/haberkuzey.com\/index.php\/wp-json\/wp\/v2\/comments?post=15663"}],"version-history":[{"count":0,"href":"https:\/\/haberkuzey.com\/index.php\/wp-json\/wp\/v2\/posts\/15663\/revisions"}],"wp:featuredmedia":[{"embeddable":true,"href":"https:\/\/haberkuzey.com\/index.php\/wp-json\/wp\/v2\/media\/15664"}],"wp:attachment":[{"href":"https:\/\/haberkuzey.com\/index.php\/wp-json\/wp\/v2\/media?parent=15663"}],"wp:term":[{"taxonomy":"category","embeddable":true,"href":"https:\/\/haberkuzey.com\/index.php\/wp-json\/wp\/v2\/categories?post=15663"},{"taxonomy":"post_tag","embeddable":true,"href":"https:\/\/haberkuzey.com\/index.php\/wp-json\/wp\/v2\/tags?post=15663"}],"curies":[{"name":"wp","href":"https:\/\/api.w.org\/{rel}","templated":true}]}}