{"id":15545,"date":"2024-12-24T15:45:08","date_gmt":"2024-12-24T13:45:08","guid":{"rendered":"https:\/\/haberkuzey.com\/index.php\/2024\/12\/24\/tarim-bakanligi-bugday-odemelerinin-basladigini-duyurdu\/"},"modified":"2024-12-24T15:45:08","modified_gmt":"2024-12-24T13:45:08","slug":"tarim-bakanligi-bugday-odemelerinin-basladigini-duyurdu","status":"publish","type":"post","link":"https:\/\/haberkuzey.com\/index.php\/2024\/12\/24\/tarim-bakanligi-bugday-odemelerinin-basladigini-duyurdu\/","title":{"rendered":"Tar\u0131m Bakanl\u0131\u011f\u0131 bu\u011fday \u00f6demelerinin ba\u015flad\u0131\u011f\u0131n\u0131 duyurdu"},"content":{"rendered":"<div>\n<div class=\"mariselle-image-container center\">\n                                            <\/div>\n<p>Tar\u0131m ve Do\u011fal Kaynaklar Bakanl\u0131\u011f\u0131, bu\u011fday yeti\u015ftiricilerine \u00f6demelerin ba\u015flad\u0131\u011f\u0131n\u0131 duyurdu.<\/p>\n<p>Bakanl\u0131ktan yap\u0131lan a\u00e7\u0131klamada, 2024\u2019te 542 \u00fcreticiden 14 bin 413 ton sert ve yumu\u015fak bu\u011fday al\u0131nd\u0131\u011f\u0131, \u00fcreticilere teslim ettikleri bu\u011fday kar\u015f\u0131l\u0131\u011f\u0131nda 152.7 milyon TL \u00f6denece\u011fi kaydedildi. \u00dcreticilerin \u00f6demelerini \u00fcr\u00fcnlerini teslim etti\u011fi \u015fubelerden alabilece\u011fi kaydedildi.<\/p>\n<\/p><\/div>\n<p><script async\n                    defer\n                    crossorigin=\"anonymous\"\n                    src=\"https:\/\/connect.facebook.net\/tr_TR\/sdk.js#xfbml=1&#038;version=v3.3\"\n            ><\/script><\/p>\n","protected":false},"excerpt":{"rendered":"<p>Tar\u0131m ve Do\u011fal Kaynaklar Bakanl\u0131\u011f\u0131, bu\u011fday yeti\u015ftiricilerine \u00f6demelerin ba\u015flad\u0131\u011f\u0131n\u0131 duyurdu. Bakanl\u0131ktan yap\u0131lan a\u00e7\u0131klamada, 2024\u2019te 542 \u00fcreticiden 14 bin 413 ton sert ve yumu\u015fak bu\u011fday al\u0131nd\u0131\u011f\u0131, \u00fcreticilere teslim ettikleri bu\u011fday kar\u015f\u0131l\u0131\u011f\u0131nda 152.7 milyon TL \u00f6denece\u011fi kaydedildi. \u00dcreticilerin \u00f6demelerini \u00fcr\u00fcnlerini teslim etti\u011fi \u015fubelerden alabilece\u011fi kaydedildi.<\/p>\n","protected":false},"author":1,"featured_media":15546,"comment_status":"open","ping_status":"open","sticky":false,"template":"","format":"standard","meta":{"jnews-multi-image_gallery":[],"jnews_single_post":[],"jnews_primary_category":[],"footnotes":""},"categories":[1],"tags":[],"class_list":["post-15545","post","type-post","status-publish","format-standard","has-post-thumbnail","hentry","category-kibris"],"yoast_head":"<!-- This site is optimized with the Yoast SEO plugin v27.4 - https:\/\/yoast.com\/product\/yoast-seo-wordpress\/ -->\n<title>Tar\u0131m Bakanl\u0131\u011f\u0131 bu\u011fday \u00f6demelerinin ba\u015flad\u0131\u011f\u0131n\u0131 duyurdu - Haber Kuzey<\/title>\n<meta name=\"robots\" content=\"index, follow, max-snippet:-1, max-image-preview:large, max-video-preview:-1\" \/>\n<link rel=\"canonical\" href=\"https:\/\/haberkuzey.com\/index.php\/2024\/12\/24\/tarim-bakanligi-bugday-odemelerinin-basladigini-duyurdu\/\" \/>\n<meta property=\"og:locale\" content=\"tr_TR\" \/>\n<meta property=\"og:type\" content=\"article\" \/>\n<meta property=\"og:title\" content=\"Tar\u0131m Bakanl\u0131\u011f\u0131 bu\u011fday \u00f6demelerinin ba\u015flad\u0131\u011f\u0131n\u0131 duyurdu - Haber Kuzey\" \/>\n<meta property=\"og:description\" content=\"Tar\u0131m ve Do\u011fal Kaynaklar Bakanl\u0131\u011f\u0131, bu\u011fday yeti\u015ftiricilerine \u00f6demelerin ba\u015flad\u0131\u011f\u0131n\u0131 duyurdu. Bakanl\u0131ktan yap\u0131lan a\u00e7\u0131klamada, 2024\u2019te 542 \u00fcreticiden 14 bin 413 ton sert ve yumu\u015fak bu\u011fday al\u0131nd\u0131\u011f\u0131, \u00fcreticilere teslim ettikleri bu\u011fday kar\u015f\u0131l\u0131\u011f\u0131nda 152.7 milyon TL \u00f6denece\u011fi kaydedildi. \u00dcreticilerin \u00f6demelerini \u00fcr\u00fcnlerini teslim etti\u011fi \u015fubelerden alabilece\u011fi kaydedildi.\" \/>\n<meta property=\"og:url\" content=\"https:\/\/haberkuzey.com\/index.php\/2024\/12\/24\/tarim-bakanligi-bugday-odemelerinin-basladigini-duyurdu\/\" \/>\n<meta property=\"og:site_name\" content=\"Haber Kuzey\" \/>\n<meta property=\"article:published_time\" content=\"2024-12-24T13:45:08+00:00\" \/>\n<meta property=\"og:image\" content=\"https:\/\/brtk.net\/wp-content\/uploads\/2024\/12\/24\/1735041274627tarim-bakanligi.jpg?ver=8f00aed612a5f5f66f2e4f8acf53bcbd\" \/>\n<meta name=\"author\" content=\"haberkuzey\" \/>\n<meta name=\"twitter:card\" content=\"summary_large_image\" \/>\n<meta name=\"twitter:label1\" content=\"Yazan:\" \/>\n\t<meta name=\"twitter:data1\" content=\"haberkuzey\" \/>\n<script type=\"application\/ld+json\" class=\"yoast-schema-graph\">{\"@context\":\"https:\\\/\\\/schema.org\",\"@graph\":[{\"@type\":\"Article\",\"@id\":\"https:\\\/\\\/haberkuzey.com\\\/index.php\\\/2024\\\/12\\\/24\\\/tarim-bakanligi-bugday-odemelerinin-basladigini-duyurdu\\\/#article\",\"isPartOf\":{\"@id\":\"https:\\\/\\\/haberkuzey.com\\\/index.php\\\/2024\\\/12\\\/24\\\/tarim-bakanligi-bugday-odemelerinin-basladigini-duyurdu\\\/\"},\"author\":{\"name\":\"haberkuzey\",\"@id\":\"https:\\\/\\\/haberkuzey.com\\\/#\\\/schema\\\/person\\\/3372109ec735f9333f4fa47ebb9605ca\"},\"headline\":\"Tar\u0131m Bakanl\u0131\u011f\u0131 bu\u011fday \u00f6demelerinin ba\u015flad\u0131\u011f\u0131n\u0131 duyurdu\",\"datePublished\":\"2024-12-24T13:45:08+00:00\",\"mainEntityOfPage\":{\"@id\":\"https:\\\/\\\/haberkuzey.com\\\/index.php\\\/2024\\\/12\\\/24\\\/tarim-bakanligi-bugday-odemelerinin-basladigini-duyurdu\\\/\"},\"wordCount\":68,\"commentCount\":0,\"image\":{\"@id\":\"https:\\\/\\\/haberkuzey.com\\\/index.php\\\/2024\\\/12\\\/24\\\/tarim-bakanligi-bugday-odemelerinin-basladigini-duyurdu\\\/#primaryimage\"},\"thumbnailUrl\":\"https:\\\/\\\/haberkuzey.com\\\/wp-content\\\/uploads\\\/2024\\\/12\\\/1735041274627tarim-bakanligi.jpg\",\"articleSection\":[\"K\u0131br\u0131s\"],\"inLanguage\":\"tr\",\"potentialAction\":[{\"@type\":\"CommentAction\",\"name\":\"Comment\",\"target\":[\"https:\\\/\\\/haberkuzey.com\\\/index.php\\\/2024\\\/12\\\/24\\\/tarim-bakanligi-bugday-odemelerinin-basladigini-duyurdu\\\/#respond\"]}]},{\"@type\":\"WebPage\",\"@id\":\"https:\\\/\\\/haberkuzey.com\\\/index.php\\\/2024\\\/12\\\/24\\\/tarim-bakanligi-bugday-odemelerinin-basladigini-duyurdu\\\/\",\"url\":\"https:\\\/\\\/haberkuzey.com\\\/index.php\\\/2024\\\/12\\\/24\\\/tarim-bakanligi-bugday-odemelerinin-basladigini-duyurdu\\\/\",\"name\":\"Tar\u0131m Bakanl\u0131\u011f\u0131 bu\u011fday \u00f6demelerinin ba\u015flad\u0131\u011f\u0131n\u0131 duyurdu - Haber Kuzey\",\"isPartOf\":{\"@id\":\"https:\\\/\\\/haberkuzey.com\\\/#website\"},\"primaryImageOfPage\":{\"@id\":\"https:\\\/\\\/haberkuzey.com\\\/index.php\\\/2024\\\/12\\\/24\\\/tarim-bakanligi-bugday-odemelerinin-basladigini-duyurdu\\\/#primaryimage\"},\"image\":{\"@id\":\"https:\\\/\\\/haberkuzey.com\\\/index.php\\\/2024\\\/12\\\/24\\\/tarim-bakanligi-bugday-odemelerinin-basladigini-duyurdu\\\/#primaryimage\"},\"thumbnailUrl\":\"https:\\\/\\\/haberkuzey.com\\\/wp-content\\\/uploads\\\/2024\\\/12\\\/1735041274627tarim-bakanligi.jpg\",\"datePublished\":\"2024-12-24T13:45:08+00:00\",\"author\":{\"@id\":\"https:\\\/\\\/haberkuzey.com\\\/#\\\/schema\\\/person\\\/3372109ec735f9333f4fa47ebb9605ca\"},\"breadcrumb\":{\"@id\":\"https:\\\/\\\/haberkuzey.com\\\/index.php\\\/2024\\\/12\\\/24\\\/tarim-bakanligi-bugday-odemelerinin-basladigini-duyurdu\\\/#breadcrumb\"},\"inLanguage\":\"tr\",\"potentialAction\":[{\"@type\":\"ReadAction\",\"target\":[\"https:\\\/\\\/haberkuzey.com\\\/index.php\\\/2024\\\/12\\\/24\\\/tarim-bakanligi-bugday-odemelerinin-basladigini-duyurdu\\\/\"]}]},{\"@type\":\"ImageObject\",\"inLanguage\":\"tr\",\"@id\":\"https:\\\/\\\/haberkuzey.com\\\/index.php\\\/2024\\\/12\\\/24\\\/tarim-bakanligi-bugday-odemelerinin-basladigini-duyurdu\\\/#primaryimage\",\"url\":\"https:\\\/\\\/haberkuzey.com\\\/wp-content\\\/uploads\\\/2024\\\/12\\\/1735041274627tarim-bakanligi.jpg\",\"contentUrl\":\"https:\\\/\\\/haberkuzey.com\\\/wp-content\\\/uploads\\\/2024\\\/12\\\/1735041274627tarim-bakanligi.jpg\",\"width\":652,\"height\":400},{\"@type\":\"BreadcrumbList\",\"@id\":\"https:\\\/\\\/haberkuzey.com\\\/index.php\\\/2024\\\/12\\\/24\\\/tarim-bakanligi-bugday-odemelerinin-basladigini-duyurdu\\\/#breadcrumb\",\"itemListElement\":[{\"@type\":\"ListItem\",\"position\":1,\"name\":\"Anasayfa\",\"item\":\"https:\\\/\\\/haberkuzey.com\\\/\"},{\"@type\":\"ListItem\",\"position\":2,\"name\":\"Tar\u0131m Bakanl\u0131\u011f\u0131 bu\u011fday \u00f6demelerinin ba\u015flad\u0131\u011f\u0131n\u0131 duyurdu\"}]},{\"@type\":\"WebSite\",\"@id\":\"https:\\\/\\\/haberkuzey.com\\\/#website\",\"url\":\"https:\\\/\\\/haberkuzey.com\\\/\",\"name\":\"Haber Kuzey\",\"description\":\"Do\u011fru Haberin Adresi\",\"potentialAction\":[{\"@type\":\"SearchAction\",\"target\":{\"@type\":\"EntryPoint\",\"urlTemplate\":\"https:\\\/\\\/haberkuzey.com\\\/?s={search_term_string}\"},\"query-input\":{\"@type\":\"PropertyValueSpecification\",\"valueRequired\":true,\"valueName\":\"search_term_string\"}}],\"inLanguage\":\"tr\"},{\"@type\":\"Person\",\"@id\":\"https:\\\/\\\/haberkuzey.com\\\/#\\\/schema\\\/person\\\/3372109ec735f9333f4fa47ebb9605ca\",\"name\":\"haberkuzey\",\"image\":{\"@type\":\"ImageObject\",\"inLanguage\":\"tr\",\"@id\":\"https:\\\/\\\/secure.gravatar.com\\\/avatar\\\/f5fc875574b1575324358c3b9e6a32b8227aa5b74f3fa22e3cadb63e26fcc39c?s=96&d=mm&r=g\",\"url\":\"https:\\\/\\\/secure.gravatar.com\\\/avatar\\\/f5fc875574b1575324358c3b9e6a32b8227aa5b74f3fa22e3cadb63e26fcc39c?s=96&d=mm&r=g\",\"contentUrl\":\"https:\\\/\\\/secure.gravatar.com\\\/avatar\\\/f5fc875574b1575324358c3b9e6a32b8227aa5b74f3fa22e3cadb63e26fcc39c?s=96&d=mm&r=g\",\"caption\":\"haberkuzey\"},\"sameAs\":[\"https:\\\/\\\/haberkuzey.com\"],\"url\":\"https:\\\/\\\/haberkuzey.com\\\/index.php\\\/author\\\/haberkuzey\\\/\"}]}<\/script>\n<!-- \/ Yoast SEO plugin. -->","yoast_head_json":{"title":"Tar\u0131m Bakanl\u0131\u011f\u0131 bu\u011fday \u00f6demelerinin ba\u015flad\u0131\u011f\u0131n\u0131 duyurdu - Haber Kuzey","robots":{"index":"index","follow":"follow","max-snippet":"max-snippet:-1","max-image-preview":"max-image-preview:large","max-video-preview":"max-video-preview:-1"},"canonical":"https:\/\/haberkuzey.com\/index.php\/2024\/12\/24\/tarim-bakanligi-bugday-odemelerinin-basladigini-duyurdu\/","og_locale":"tr_TR","og_type":"article","og_title":"Tar\u0131m Bakanl\u0131\u011f\u0131 bu\u011fday \u00f6demelerinin ba\u015flad\u0131\u011f\u0131n\u0131 duyurdu - Haber Kuzey","og_description":"Tar\u0131m ve Do\u011fal Kaynaklar Bakanl\u0131\u011f\u0131, bu\u011fday yeti\u015ftiricilerine \u00f6demelerin ba\u015flad\u0131\u011f\u0131n\u0131 duyurdu. Bakanl\u0131ktan yap\u0131lan a\u00e7\u0131klamada, 2024\u2019te 542 \u00fcreticiden 14 bin 413 ton sert ve yumu\u015fak bu\u011fday al\u0131nd\u0131\u011f\u0131, \u00fcreticilere teslim ettikleri bu\u011fday kar\u015f\u0131l\u0131\u011f\u0131nda 152.7 milyon TL \u00f6denece\u011fi kaydedildi. \u00dcreticilerin \u00f6demelerini \u00fcr\u00fcnlerini teslim etti\u011fi \u015fubelerden alabilece\u011fi kaydedildi.","og_url":"https:\/\/haberkuzey.com\/index.php\/2024\/12\/24\/tarim-bakanligi-bugday-odemelerinin-basladigini-duyurdu\/","og_site_name":"Haber Kuzey","article_published_time":"2024-12-24T13:45:08+00:00","og_image":[{"url":"https:\/\/brtk.net\/wp-content\/uploads\/2024\/12\/24\/1735041274627tarim-bakanligi.jpg?ver=8f00aed612a5f5f66f2e4f8acf53bcbd","type":"","width":"","height":""}],"author":"haberkuzey","twitter_card":"summary_large_image","twitter_misc":{"Yazan:":"haberkuzey"},"schema":{"@context":"https:\/\/schema.org","@graph":[{"@type":"Article","@id":"https:\/\/haberkuzey.com\/index.php\/2024\/12\/24\/tarim-bakanligi-bugday-odemelerinin-basladigini-duyurdu\/#article","isPartOf":{"@id":"https:\/\/haberkuzey.com\/index.php\/2024\/12\/24\/tarim-bakanligi-bugday-odemelerinin-basladigini-duyurdu\/"},"author":{"name":"haberkuzey","@id":"https:\/\/haberkuzey.com\/#\/schema\/person\/3372109ec735f9333f4fa47ebb9605ca"},"headline":"Tar\u0131m Bakanl\u0131\u011f\u0131 bu\u011fday \u00f6demelerinin ba\u015flad\u0131\u011f\u0131n\u0131 duyurdu","datePublished":"2024-12-24T13:45:08+00:00","mainEntityOfPage":{"@id":"https:\/\/haberkuzey.com\/index.php\/2024\/12\/24\/tarim-bakanligi-bugday-odemelerinin-basladigini-duyurdu\/"},"wordCount":68,"commentCount":0,"image":{"@id":"https:\/\/haberkuzey.com\/index.php\/2024\/12\/24\/tarim-bakanligi-bugday-odemelerinin-basladigini-duyurdu\/#primaryimage"},"thumbnailUrl":"https:\/\/haberkuzey.com\/wp-content\/uploads\/2024\/12\/1735041274627tarim-bakanligi.jpg","articleSection":["K\u0131br\u0131s"],"inLanguage":"tr","potentialAction":[{"@type":"CommentAction","name":"Comment","target":["https:\/\/haberkuzey.com\/index.php\/2024\/12\/24\/tarim-bakanligi-bugday-odemelerinin-basladigini-duyurdu\/#respond"]}]},{"@type":"WebPage","@id":"https:\/\/haberkuzey.com\/index.php\/2024\/12\/24\/tarim-bakanligi-bugday-odemelerinin-basladigini-duyurdu\/","url":"https:\/\/haberkuzey.com\/index.php\/2024\/12\/24\/tarim-bakanligi-bugday-odemelerinin-basladigini-duyurdu\/","name":"Tar\u0131m Bakanl\u0131\u011f\u0131 bu\u011fday \u00f6demelerinin ba\u015flad\u0131\u011f\u0131n\u0131 duyurdu - Haber Kuzey","isPartOf":{"@id":"https:\/\/haberkuzey.com\/#website"},"primaryImageOfPage":{"@id":"https:\/\/haberkuzey.com\/index.php\/2024\/12\/24\/tarim-bakanligi-bugday-odemelerinin-basladigini-duyurdu\/#primaryimage"},"image":{"@id":"https:\/\/haberkuzey.com\/index.php\/2024\/12\/24\/tarim-bakanligi-bugday-odemelerinin-basladigini-duyurdu\/#primaryimage"},"thumbnailUrl":"https:\/\/haberkuzey.com\/wp-content\/uploads\/2024\/12\/1735041274627tarim-bakanligi.jpg","datePublished":"2024-12-24T13:45:08+00:00","author":{"@id":"https:\/\/haberkuzey.com\/#\/schema\/person\/3372109ec735f9333f4fa47ebb9605ca"},"breadcrumb":{"@id":"https:\/\/haberkuzey.com\/index.php\/2024\/12\/24\/tarim-bakanligi-bugday-odemelerinin-basladigini-duyurdu\/#breadcrumb"},"inLanguage":"tr","potentialAction":[{"@type":"ReadAction","target":["https:\/\/haberkuzey.com\/index.php\/2024\/12\/24\/tarim-bakanligi-bugday-odemelerinin-basladigini-duyurdu\/"]}]},{"@type":"ImageObject","inLanguage":"tr","@id":"https:\/\/haberkuzey.com\/index.php\/2024\/12\/24\/tarim-bakanligi-bugday-odemelerinin-basladigini-duyurdu\/#primaryimage","url":"https:\/\/haberkuzey.com\/wp-content\/uploads\/2024\/12\/1735041274627tarim-bakanligi.jpg","contentUrl":"https:\/\/haberkuzey.com\/wp-content\/uploads\/2024\/12\/1735041274627tarim-bakanligi.jpg","width":652,"height":400},{"@type":"BreadcrumbList","@id":"https:\/\/haberkuzey.com\/index.php\/2024\/12\/24\/tarim-bakanligi-bugday-odemelerinin-basladigini-duyurdu\/#breadcrumb","itemListElement":[{"@type":"ListItem","position":1,"name":"Anasayfa","item":"https:\/\/haberkuzey.com\/"},{"@type":"ListItem","position":2,"name":"Tar\u0131m Bakanl\u0131\u011f\u0131 bu\u011fday \u00f6demelerinin ba\u015flad\u0131\u011f\u0131n\u0131 duyurdu"}]},{"@type":"WebSite","@id":"https:\/\/haberkuzey.com\/#website","url":"https:\/\/haberkuzey.com\/","name":"Haber Kuzey","description":"Do\u011fru Haberin Adresi","potentialAction":[{"@type":"SearchAction","target":{"@type":"EntryPoint","urlTemplate":"https:\/\/haberkuzey.com\/?s={search_term_string}"},"query-input":{"@type":"PropertyValueSpecification","valueRequired":true,"valueName":"search_term_string"}}],"inLanguage":"tr"},{"@type":"Person","@id":"https:\/\/haberkuzey.com\/#\/schema\/person\/3372109ec735f9333f4fa47ebb9605ca","name":"haberkuzey","image":{"@type":"ImageObject","inLanguage":"tr","@id":"https:\/\/secure.gravatar.com\/avatar\/f5fc875574b1575324358c3b9e6a32b8227aa5b74f3fa22e3cadb63e26fcc39c?s=96&d=mm&r=g","url":"https:\/\/secure.gravatar.com\/avatar\/f5fc875574b1575324358c3b9e6a32b8227aa5b74f3fa22e3cadb63e26fcc39c?s=96&d=mm&r=g","contentUrl":"https:\/\/secure.gravatar.com\/avatar\/f5fc875574b1575324358c3b9e6a32b8227aa5b74f3fa22e3cadb63e26fcc39c?s=96&d=mm&r=g","caption":"haberkuzey"},"sameAs":["https:\/\/haberkuzey.com"],"url":"https:\/\/haberkuzey.com\/index.php\/author\/haberkuzey\/"}]}},"_links":{"self":[{"href":"https:\/\/haberkuzey.com\/index.php\/wp-json\/wp\/v2\/posts\/15545","targetHints":{"allow":["GET"]}}],"collection":[{"href":"https:\/\/haberkuzey.com\/index.php\/wp-json\/wp\/v2\/posts"}],"about":[{"href":"https:\/\/haberkuzey.com\/index.php\/wp-json\/wp\/v2\/types\/post"}],"author":[{"embeddable":true,"href":"https:\/\/haberkuzey.com\/index.php\/wp-json\/wp\/v2\/users\/1"}],"replies":[{"embeddable":true,"href":"https:\/\/haberkuzey.com\/index.php\/wp-json\/wp\/v2\/comments?post=15545"}],"version-history":[{"count":0,"href":"https:\/\/haberkuzey.com\/index.php\/wp-json\/wp\/v2\/posts\/15545\/revisions"}],"wp:featuredmedia":[{"embeddable":true,"href":"https:\/\/haberkuzey.com\/index.php\/wp-json\/wp\/v2\/media\/15546"}],"wp:attachment":[{"href":"https:\/\/haberkuzey.com\/index.php\/wp-json\/wp\/v2\/media?parent=15545"}],"wp:term":[{"taxonomy":"category","embeddable":true,"href":"https:\/\/haberkuzey.com\/index.php\/wp-json\/wp\/v2\/categories?post=15545"},{"taxonomy":"post_tag","embeddable":true,"href":"https:\/\/haberkuzey.com\/index.php\/wp-json\/wp\/v2\/tags?post=15545"}],"curies":[{"name":"wp","href":"https:\/\/api.w.org\/{rel}","templated":true}]}}